{"id":148875,"date":"2022-10-08T23:14:56","date_gmt":"2022-10-09T06:14:56","guid":{"rendered":"https:\/\/www.sonoraenequipo.com.mx\/?p=148875"},"modified":"2022-10-09T21:25:24","modified_gmt":"2022-10-10T04:25:24","slug":"el-padre-de-debanhi-escobar-asegura-a-efe-que-la-fgnl-son-unos-cerdos-para-trabajar","status":"publish","type":"post","link":"https:\/\/www.sonoraenequipo.com.mx\/el-padre-de-debanhi-escobar-asegura-a-efe-que-la-fgnl-son-unos-cerdos-para-trabajar\/","title":{"rendered":"El padre de Debanhi Escobar asegura a EFE que la FGNL \u00abSon unos cerdos para trabajar\u00bb"},"content":{"rendered":"<p><strong>MONTERREY, NUEVO LE\u00d3N. MX. \u2014<\/strong> Tras seis meses de la desaparici\u00f3n y feminicidio de la joven mexicana Debanhi Susana Escobar Bazald\u00faa, ocurrido en el norte\u00f1o estado de Nuevo Le\u00f3n, su pap\u00e1, Mario Escobar, critic\u00f3 una vez m\u00e1s el desempe\u00f1o de las autoridades y asegur\u00f3 que \u201cson unos cerdos\u201d para hacer su trabajo.<\/p>\n<p>&nbsp;<\/p>\n<p>&nbsp;<\/p>\n<p> <\/p>\n<p>&nbsp;<\/p>\n<p>El padre de familia dijo que el caso de su hija lo tuvo que atraer la Fiscal\u00eda General de la Rep\u00fablica (FGR) por las omisiones y fallas que se registraron desde la b\u00fasqueda de la joven, quien desapareci\u00f3 el pasado 9 de abril tras haber acudido a una fiesta en una quinta en el municipio de Escobedo, Nuevo Le\u00f3n, al norte de M\u00e9xico.<\/p>\n<p>&nbsp;<\/p>\n<p><strong><em>\u201cSu trabajo (de la Fiscal\u00eda General del Estado (FGNL)) deja mucho qu\u00e9 desear, si lo definiera en tres palabras lo dir\u00eda as\u00ed: son unos cerdos, son unos cerdos para trabajar porque hubo muchas, pero muchas omisiones\u201d<\/em><\/strong>, dijo en una entrevista con EFE.<\/p>\n<p>&nbsp;<\/p>\n<p>Escobar record\u00f3 que el cuerpo de Debanhi Susana apareci\u00f3 en una cisterna en desuso del Motel Nueva Castilla, 12 d\u00edas despu\u00e9s de su desaparici\u00f3n en la misma zona en donde hab\u00eda sido vista por \u00faltima ocasi\u00f3n con vida, adem\u00e1s de que el inmueble ya hab\u00eda sido cateado por personal de la Fiscal\u00eda local.<\/p>\n<p>&nbsp;<\/p>\n<p>Otra falla consiste en que la FGJNL determin\u00f3 que la joven falleci\u00f3 a causa de una contusi\u00f3n profunda de cr\u00e1neo, pero tras la exhumaci\u00f3n de su cuerpo (por petici\u00f3n de su familia) una segunda autopsia demostr\u00f3 que muri\u00f3 de asfixia por sofocaci\u00f3n.<\/p>\n<p>&nbsp;<\/p>\n<p><strong><em>\u201cNosotros les dijimos y demostramos con documentos que estaban equivocados y siguen con muchas equivocaciones\u201d<\/em><\/strong>, afirm\u00f3.<\/p>\n<p>&nbsp;<\/p>\n<p>A\u00f1adi\u00f3 que ahora el caso fue turnado a la FGR y ser\u00e1 responsabilidad de esta autoridad encontrar al o los culpables del feminicidio de la joven de 18 a\u00f1os, estudiante de la carrera de leyes.<\/p>\n<p>&nbsp;<\/p>\n<p>Escobar estableci\u00f3 que, respetando todas las jerarqu\u00edas y protocolos, solicit\u00f3 que la FGR tomara el caso de su hija porque en Nuevo Le\u00f3n ya no exist\u00edan las condiciones para la investigaci\u00f3n.<\/p>\n<p>&nbsp;<\/p>\n<p><em><strong>\u201cEstamos en el proceso de esperar el llamado de la FGR porque ya no hab\u00eda condiciones para que la FGLN siguiera con el caso\u201d,<\/strong><\/em> se\u00f1al\u00f3.<\/p>\n<p>&nbsp;<\/p>\n<p>Agreg\u00f3 que tanto \u00e9l como su esposa Dolores Bazald\u00faa han hablado con personal del gobierno federal que les ha mostrado empat\u00eda y les han dado la confianza de que no \u201csoltar\u00e1n\u201d la investigaci\u00f3n.<\/p>\n<p>&nbsp;<\/p>\n<p>En el caso de la FGJNL, el padre de familia dijo que esta dependencia retras\u00f3 la entrega de la carpeta de investigaci\u00f3n que elabor\u00f3, por todas las omisiones y fallas en el proceso.<\/p>\n<p>&nbsp;<\/p>\n<p><strong><em>\u201cPor eso estaban haciendo mucho tiempo\u201d<\/em><\/strong>, sostuvo.<\/p>\n<p>&nbsp;<\/p>\n<h3>\nSin tiempo para llorar<\/h3>\n<p>&nbsp;<\/p>\n<p>Aunque Debanhi Susana era la \u00fanica hija de los maestros Mario Escobar y Dolores Bazald\u00faa, los padres de la joven aseguran no haber tenido tiempo de llorar su muerte porque han estado en \u201cpie de lucha\u201d buscando que se haga justicia.<\/p>\n<p>&nbsp;<\/p>\n<p><strong><em>\u201cHa sido muy dif\u00edcil el proceso, no hemos tenido un duelo como deber\u00eda de ser por las circunstancias del fallecimiento de Debanhi. A veces nos ponemos a pensar que anda de viaje y que pronto regresar\u00e1\u201d,<\/em><\/strong> confes\u00f3 el pap\u00e1.<\/p>\n<p>&nbsp;<\/p>\n<p>Adem\u00e1s, dijo, ha sido duro aceptar la muerte de su hija, pero insisti\u00f3 en que no parar\u00e1 <em><strong>\u201chasta encontrar la justicia y la verdad\u201d.<\/strong><\/em><\/p>\n<p>&nbsp;<\/p>\n<p>Ante la prematura muerte de Debanhi sus sue\u00f1os se quedaron inconclusos ya que la joven aspiraba a ser abogada y modelo.<\/p>\n<p>&nbsp;<\/p>\n<p><strong><em>\u201cPracticaba muchos deportes, practic\u00f3 nataci\u00f3n, gimnasia r\u00edtmica, taekwondo y oratoria. Ten\u00eda una perspectiva muy amplia de poder sobresalir en esta vida\u201d<\/em><\/strong>, asegur\u00f3 Escobar.<\/p>\n<p>&nbsp;<\/p>\n<p>Serie, libro o pel\u00edcula<\/p>\n<p>&nbsp;<\/p>\n<p>El conmovedor caso de Debanhi ha despertado el inter\u00e9s de empresas productoras que quieren su historia para plasmarla en una serie, libro o pel\u00edcula.<\/p>\n<p>&nbsp;<\/p>\n<p><em><strong>\u201cSe nos ha acercado mucha gente, no puedo decir que no\u201d,<\/strong><\/em> comparti\u00f3 Mario Escobar, aunque se\u00f1al\u00f3 que ahora su prioridad es esclarecer el crimen y alcanzar la justicia.<\/p>\n<p>&nbsp;<\/p>\n<p>Sin embargo, no est\u00e1 descartado por ejemplo una serie o documental.<\/p>\n<p>&nbsp;<\/p>\n<p><em><strong>\u201cPara que se diga toda la verdad de parte de los padres: Mario y de Dolores\u201d<\/strong><\/em>, mencion\u00f3.<\/p>\n<p>&nbsp;<\/p>\n<p>No obstante, aclar\u00f3 que no buscar\u00edan intereses monetarios porque los dividendos los donar\u00edan a una causa altruista.<\/p>\n<p>&nbsp;<\/p>\n<p>El padre de familia aclar\u00f3 que ser\u00eda incapaz de lucrar con su hija.<\/p>\n<p>&nbsp;<\/p>\n<p><strong><em>\u201cTendr\u00edamos que platicarlo los dos (\u00e9l y su esposa) para ver cu\u00e1les son los pros y los contras y si sale alg\u00fan dividendo hacer cosas altruistas\u201d,<\/em><\/strong> puntualiz\u00f3.<\/p>\n<p>&nbsp;<\/p>\n<p>&nbsp;<\/p>\n<p>PUBLICADO EL 08\/OCTUBRE DE 2022)<\/p>\n","protected":false},"excerpt":{"rendered":"<p>MONTERREY, NUEVO LE\u00d3N. MX. \u2014 Tras seis meses de la desaparici\u00f3n y feminicidio de la&#8230;<\/p>\n","protected":false},"author":1,"featured_media":148852,"comment_status":"open","ping_status":"open","sticky":false,"template":"","format":"standard","meta":{"_monsterinsights_skip_tracking":false,"_monsterinsights_sitenote_active":false,"_monsterinsights_sitenote_note":"","_monsterinsights_sitenote_category":0,"footnotes":""},"categories":[5],"tags":[],"class_list":["post"],"yoast_head":" \n<title>Sonora en Equipo. El padre de Debanhi Escobar asegura a EFE que la FGNL &quot;Son unos cerdos para trabajar&quot; Rep\u00fablica<\/title>\n<meta name=\"description\" content=\"MONTERREY, NUEVO LE\u00d3N. MX. \u2014 Tras seis meses de la desaparici\u00f3n y feminicidio de la joven mexicana Debanhi Susana Escobar Bazald\u00faa, ocurrido en el norte\u00f1o En Sonora en Equipo publicamos toda la informaci\u00f3n de Sonora, M\u00e9xico y el Mundo de manera oportuna y busca que la libertad de expresi\u00f3n sea real. Visita nuestro medio informativo publicado desde Hermosillo, Sonora. %\" \/>\n<meta name=\"robots\" content=\"index, follow, max-snippet:-1, max-image-preview:large, max-video-preview:-1\" \/>\n<link rel=\"canonical\" href=\"https:\/\/www.sonoraenequipo.com.mx\/el-padre-de-debanhi-escobar-asegura-a-efe-que-la-fgnl-son-unos-cerdos-para-trabajar\/\" \/>\n<meta property=\"og:locale\" content=\"es_ES\" \/>\n<meta property=\"og:type\" content=\"article\" \/>\n<meta property=\"og:title\" content=\"Sonora en Equipo. El padre de Debanhi Escobar asegura a EFE que la FGNL &quot;Son unos cerdos para trabajar&quot; Rep\u00fablica\" \/>\n<meta property=\"og:description\" content=\"MONTERREY, NUEVO LE\u00d3N. MX. \u2014 Tras seis meses de la desaparici\u00f3n y feminicidio de la joven mexicana Debanhi Susana Escobar Bazald\u00faa, ocurrido en el norte\u00f1o En Sonora en Equipo publicamos toda la informaci\u00f3n de Sonora, M\u00e9xico y el Mundo de manera oportuna y busca que la libertad de expresi\u00f3n sea real. Visita nuestro medio informativo publicado desde Hermosillo, Sonora. %\" \/>\n<meta property=\"og:url\" content=\"https:\/\/www.sonoraenequipo.com.mx\/el-padre-de-debanhi-escobar-asegura-a-efe-que-la-fgnl-son-unos-cerdos-para-trabajar\/\" \/>\n<meta property=\"og:site_name\" content=\"Sonora en Equipo.\" \/>\n<meta property=\"article:publisher\" content=\"https:\/\/www.facebook.com\/SonoraEE\/\" \/>\n<meta property=\"article:author\" content=\"https:\/\/www.facebook.com\/SonoraEE\" \/>\n<meta property=\"article:published_time\" content=\"2022-10-09T06:14:56+00:00\" \/>\n<meta property=\"article:modified_time\" content=\"2022-10-10T04:25:24+00:00\" \/>\n<meta property=\"og:image\" content=\"https:\/\/www.sonoraenequipo.com.mx\/storage\/2022\/10\/papa-de-debani.jpg\" \/>\n\t<meta property=\"og:image:width\" content=\"900\" \/>\n\t<meta property=\"og:image:height\" content=\"514\" \/>\n\t<meta property=\"og:image:type\" content=\"image\/jpeg\" \/>\n<meta name=\"author\" content=\"enequipo\" \/>\n<meta name=\"twitter:card\" content=\"summary_large_image\" \/>\n<meta name=\"twitter:creator\" content=\"@sonoraenequipo\" \/>\n<meta name=\"twitter:site\" content=\"@sonoraenequipo\" \/>\n<meta name=\"twitter:label1\" content=\"Escrito por\" \/>\n\t<meta name=\"twitter:data1\" content=\"enequipo\" \/>\n\t<meta name=\"twitter:label2\" content=\"Tiempo de lectura\" \/>\n\t<meta name=\"twitter:data2\" content=\"4 minutos\" \/>\n<script type=\"application\/ld+json\" class=\"yoast-schema-graph\">{\"@context\":\"https:\/\/schema.org\",\"@graph\":[{\"@type\":\"Article\",\"@id\":\"https:\/\/www.sonoraenequipo.com.mx\/el-padre-de-debanhi-escobar-asegura-a-efe-que-la-fgnl-son-unos-cerdos-para-trabajar\/#article\",\"isPartOf\":{\"@id\":\"https:\/\/www.sonoraenequipo.com.mx\/el-padre-de-debanhi-escobar-asegura-a-efe-que-la-fgnl-son-unos-cerdos-para-trabajar\/\"},\"author\":{\"name\":\"enequipo\",\"@id\":\"https:\/\/www.sonoraenequipo.com.mx\/#\/schema\/person\/50102df0fb23a8fa9e8effad8fa81386\"},\"headline\":\"El padre de Debanhi Escobar asegura a EFE que la FGNL \u00abSon unos cerdos para trabajar\u00bb\",\"datePublished\":\"2022-10-09T06:14:56+00:00\",\"dateModified\":\"2022-10-10T04:25:24+00:00\",\"mainEntityOfPage\":{\"@id\":\"https:\/\/www.sonoraenequipo.com.mx\/el-padre-de-debanhi-escobar-asegura-a-efe-que-la-fgnl-son-unos-cerdos-para-trabajar\/\"},\"wordCount\":828,\"commentCount\":0,\"publisher\":{\"@id\":\"https:\/\/www.sonoraenequipo.com.mx\/#organization\"},\"image\":{\"@id\":\"https:\/\/www.sonoraenequipo.com.mx\/el-padre-de-debanhi-escobar-asegura-a-efe-que-la-fgnl-son-unos-cerdos-para-trabajar\/#primaryimage\"},\"thumbnailUrl\":\"https:\/\/www.sonoraenequipo.com.mx\/storage\/2022\/10\/papa-de-debani.jpg\",\"articleSection\":[\"Rep\u00fablica\"],\"inLanguage\":\"es\",\"potentialAction\":[{\"@type\":\"CommentAction\",\"name\":\"Comment\",\"target\":[\"https:\/\/www.sonoraenequipo.com.mx\/el-padre-de-debanhi-escobar-asegura-a-efe-que-la-fgnl-son-unos-cerdos-para-trabajar\/#respond\"]}]},{\"@type\":\"WebPage\",\"@id\":\"https:\/\/www.sonoraenequipo.com.mx\/el-padre-de-debanhi-escobar-asegura-a-efe-que-la-fgnl-son-unos-cerdos-para-trabajar\/\",\"url\":\"https:\/\/www.sonoraenequipo.com.mx\/el-padre-de-debanhi-escobar-asegura-a-efe-que-la-fgnl-son-unos-cerdos-para-trabajar\/\",\"name\":\"Sonora en Equipo. El padre de Debanhi Escobar asegura a EFE que la FGNL \\\"Son unos cerdos para trabajar\\\" Rep\u00fablica\",\"isPartOf\":{\"@id\":\"https:\/\/www.sonoraenequipo.com.mx\/#website\"},\"primaryImageOfPage\":{\"@id\":\"https:\/\/www.sonoraenequipo.com.mx\/el-padre-de-debanhi-escobar-asegura-a-efe-que-la-fgnl-son-unos-cerdos-para-trabajar\/#primaryimage\"},\"image\":{\"@id\":\"https:\/\/www.sonoraenequipo.com.mx\/el-padre-de-debanhi-escobar-asegura-a-efe-que-la-fgnl-son-unos-cerdos-para-trabajar\/#primaryimage\"},\"thumbnailUrl\":\"https:\/\/www.sonoraenequipo.com.mx\/storage\/2022\/10\/papa-de-debani.jpg\",\"datePublished\":\"2022-10-09T06:14:56+00:00\",\"dateModified\":\"2022-10-10T04:25:24+00:00\",\"description\":\"MONTERREY, NUEVO LE\u00d3N. MX. \u2014 Tras seis meses de la desaparici\u00f3n y feminicidio de la joven mexicana Debanhi Susana Escobar Bazald\u00faa, ocurrido en el norte\u00f1o En Sonora en Equipo publicamos toda la informaci\u00f3n de Sonora, M\u00e9xico y el Mundo de manera oportuna y busca que la libertad de expresi\u00f3n sea real. Visita nuestro medio informativo publicado desde Hermosillo, Sonora. %\",\"breadcrumb\":{\"@id\":\"https:\/\/www.sonoraenequipo.com.mx\/el-padre-de-debanhi-escobar-asegura-a-efe-que-la-fgnl-son-unos-cerdos-para-trabajar\/#breadcrumb\"},\"inLanguage\":\"es\",\"potentialAction\":[{\"@type\":\"ReadAction\",\"target\":[\"https:\/\/www.sonoraenequipo.com.mx\/el-padre-de-debanhi-escobar-asegura-a-efe-que-la-fgnl-son-unos-cerdos-para-trabajar\/\"]}]},{\"@type\":\"ImageObject\",\"inLanguage\":\"es\",\"@id\":\"https:\/\/www.sonoraenequipo.com.mx\/el-padre-de-debanhi-escobar-asegura-a-efe-que-la-fgnl-son-unos-cerdos-para-trabajar\/#primaryimage\",\"url\":\"https:\/\/www.sonoraenequipo.com.mx\/storage\/2022\/10\/papa-de-debani.jpg\",\"contentUrl\":\"https:\/\/www.sonoraenequipo.com.mx\/storage\/2022\/10\/papa-de-debani.jpg\",\"width\":900,\"height\":514},{\"@type\":\"BreadcrumbList\",\"@id\":\"https:\/\/www.sonoraenequipo.com.mx\/el-padre-de-debanhi-escobar-asegura-a-efe-que-la-fgnl-son-unos-cerdos-para-trabajar\/#breadcrumb\",\"itemListElement\":[{\"@type\":\"ListItem\",\"position\":1,\"name\":\"Portada\",\"item\":\"https:\/\/www.sonoraenequipo.com.mx\/\"},{\"@type\":\"ListItem\",\"position\":2,\"name\":\"El padre de Debanhi Escobar asegura a EFE que la FGNL \u00abSon unos cerdos para trabajar\u00bb\"}]},{\"@type\":\"WebSite\",\"@id\":\"https:\/\/www.sonoraenequipo.com.mx\/#website\",\"url\":\"https:\/\/www.sonoraenequipo.com.mx\/\",\"name\":\"Sonora en Equipo.\",\"description\":\"Diario en l\u00ednea con Noticias desde Hermosillo, Sonora\",\"publisher\":{\"@id\":\"https:\/\/www.sonoraenequipo.com.mx\/#organization\"},\"potentialAction\":[{\"@type\":\"SearchAction\",\"target\":{\"@type\":\"EntryPoint\",\"urlTemplate\":\"https:\/\/www.sonoraenequipo.com.mx\/?s={search_term_string}\"},\"query-input\":{\"@type\":\"PropertyValueSpecification\",\"valueRequired\":true,\"valueName\":\"search_term_string\"}}],\"inLanguage\":\"es\"},{\"@type\":\"Organization\",\"@id\":\"https:\/\/www.sonoraenequipo.com.mx\/#organization\",\"name\":\"Sonoraenequipo.com.mx\",\"url\":\"https:\/\/www.sonoraenequipo.com.mx\/\",\"logo\":{\"@type\":\"ImageObject\",\"inLanguage\":\"es\",\"@id\":\"https:\/\/www.sonoraenequipo.com.mx\/#\/schema\/logo\/image\/\",\"url\":\"https:\/\/www.sonoraenequipo.com.mx\/storage\/2019\/01\/sonoraenequipo_opt.png\",\"contentUrl\":\"https:\/\/www.sonoraenequipo.com.mx\/storage\/2019\/01\/sonoraenequipo_opt.png\",\"width\":375,\"height\":125,\"caption\":\"Sonoraenequipo.com.mx\"},\"image\":{\"@id\":\"https:\/\/www.sonoraenequipo.com.mx\/#\/schema\/logo\/image\/\"},\"sameAs\":[\"https:\/\/www.facebook.com\/SonoraEE\/\",\"https:\/\/x.com\/sonoraenequipo\",\"https:\/\/www.youtube.com\/channel\/UC338nW-lPEYmJQs4ZABQ1SQ\"]},{\"@type\":\"Person\",\"@id\":\"https:\/\/www.sonoraenequipo.com.mx\/#\/schema\/person\/50102df0fb23a8fa9e8effad8fa81386\",\"name\":\"enequipo\",\"image\":{\"@type\":\"ImageObject\",\"inLanguage\":\"es\",\"@id\":\"https:\/\/www.sonoraenequipo.com.mx\/#\/schema\/person\/image\/\",\"url\":\"https:\/\/secure.gravatar.com\/avatar\/049821681b589dabc0bc20695993ccebb09f5b5d4d790cd9251b97faac7c652b?s=96&d=blank&r=g\",\"contentUrl\":\"https:\/\/secure.gravatar.com\/avatar\/049821681b589dabc0bc20695993ccebb09f5b5d4d790cd9251b97faac7c652b?s=96&d=blank&r=g\",\"caption\":\"enequipo\"},\"sameAs\":[\"https:\/\/www.facebook.com\/SonoraEE\"]}]}<\/script>\n ","yoast_head_json":{"title":"Sonora en Equipo. El padre de Debanhi Escobar asegura a EFE que la FGNL \"Son unos cerdos para trabajar\" Rep\u00fablica","description":"MONTERREY, NUEVO LE\u00d3N. MX. \u2014 Tras seis meses de la desaparici\u00f3n y feminicidio de la joven mexicana Debanhi Susana Escobar Bazald\u00faa, ocurrido en el norte\u00f1o En Sonora en Equipo publicamos toda la informaci\u00f3n de Sonora, M\u00e9xico y el Mundo de manera oportuna y busca que la libertad de expresi\u00f3n sea real. Visita nuestro medio informativo publicado desde Hermosillo, Sonora. %","robots":{"index":"index","follow":"follow","max-snippet":"max-snippet:-1","max-image-preview":"max-image-preview:large","max-video-preview":"max-video-preview:-1"},"canonical":"https:\/\/www.sonoraenequipo.com.mx\/el-padre-de-debanhi-escobar-asegura-a-efe-que-la-fgnl-son-unos-cerdos-para-trabajar\/","og_locale":"es_ES","og_type":"article","og_title":"Sonora en Equipo. El padre de Debanhi Escobar asegura a EFE que la FGNL \"Son unos cerdos para trabajar\" Rep\u00fablica","og_description":"MONTERREY, NUEVO LE\u00d3N. MX. \u2014 Tras seis meses de la desaparici\u00f3n y feminicidio de la joven mexicana Debanhi Susana Escobar Bazald\u00faa, ocurrido en el norte\u00f1o En Sonora en Equipo publicamos toda la informaci\u00f3n de Sonora, M\u00e9xico y el Mundo de manera oportuna y busca que la libertad de expresi\u00f3n sea real. Visita nuestro medio informativo publicado desde Hermosillo, Sonora. %","og_url":"https:\/\/www.sonoraenequipo.com.mx\/el-padre-de-debanhi-escobar-asegura-a-efe-que-la-fgnl-son-unos-cerdos-para-trabajar\/","og_site_name":"Sonora en Equipo.","article_publisher":"https:\/\/www.facebook.com\/SonoraEE\/","article_author":"https:\/\/www.facebook.com\/SonoraEE","article_published_time":"2022-10-09T06:14:56+00:00","article_modified_time":"2022-10-10T04:25:24+00:00","og_image":[{"width":900,"height":514,"url":"https:\/\/www.sonoraenequipo.com.mx\/storage\/2022\/10\/papa-de-debani.jpg","type":"image\/jpeg"}],"author":"enequipo","twitter_card":"summary_large_image","twitter_creator":"@sonoraenequipo","twitter_site":"@sonoraenequipo","twitter_misc":{"Escrito por":"enequipo","Tiempo de lectura":"4 minutos"},"schema":{"@context":"https:\/\/schema.org","@graph":[{"@type":"Article","@id":"https:\/\/www.sonoraenequipo.com.mx\/el-padre-de-debanhi-escobar-asegura-a-efe-que-la-fgnl-son-unos-cerdos-para-trabajar\/#article","isPartOf":{"@id":"https:\/\/www.sonoraenequipo.com.mx\/el-padre-de-debanhi-escobar-asegura-a-efe-que-la-fgnl-son-unos-cerdos-para-trabajar\/"},"author":{"name":"enequipo","@id":"https:\/\/www.sonoraenequipo.com.mx\/#\/schema\/person\/50102df0fb23a8fa9e8effad8fa81386"},"headline":"El padre de Debanhi Escobar asegura a EFE que la FGNL \u00abSon unos cerdos para trabajar\u00bb","datePublished":"2022-10-09T06:14:56+00:00","dateModified":"2022-10-10T04:25:24+00:00","mainEntityOfPage":{"@id":"https:\/\/www.sonoraenequipo.com.mx\/el-padre-de-debanhi-escobar-asegura-a-efe-que-la-fgnl-son-unos-cerdos-para-trabajar\/"},"wordCount":828,"commentCount":0,"publisher":{"@id":"https:\/\/www.sonoraenequipo.com.mx\/#organization"},"image":{"@id":"https:\/\/www.sonoraenequipo.com.mx\/el-padre-de-debanhi-escobar-asegura-a-efe-que-la-fgnl-son-unos-cerdos-para-trabajar\/#primaryimage"},"thumbnailUrl":"https:\/\/www.sonoraenequipo.com.mx\/storage\/2022\/10\/papa-de-debani.jpg","articleSection":["Rep\u00fablica"],"inLanguage":"es","potentialAction":[{"@type":"CommentAction","name":"Comment","target":["https:\/\/www.sonoraenequipo.com.mx\/el-padre-de-debanhi-escobar-asegura-a-efe-que-la-fgnl-son-unos-cerdos-para-trabajar\/#respond"]}]},{"@type":"WebPage","@id":"https:\/\/www.sonoraenequipo.com.mx\/el-padre-de-debanhi-escobar-asegura-a-efe-que-la-fgnl-son-unos-cerdos-para-trabajar\/","url":"https:\/\/www.sonoraenequipo.com.mx\/el-padre-de-debanhi-escobar-asegura-a-efe-que-la-fgnl-son-unos-cerdos-para-trabajar\/","name":"Sonora en Equipo. El padre de Debanhi Escobar asegura a EFE que la FGNL \"Son unos cerdos para trabajar\" Rep\u00fablica","isPartOf":{"@id":"https:\/\/www.sonoraenequipo.com.mx\/#website"},"primaryImageOfPage":{"@id":"https:\/\/www.sonoraenequipo.com.mx\/el-padre-de-debanhi-escobar-asegura-a-efe-que-la-fgnl-son-unos-cerdos-para-trabajar\/#primaryimage"},"image":{"@id":"https:\/\/www.sonoraenequipo.com.mx\/el-padre-de-debanhi-escobar-asegura-a-efe-que-la-fgnl-son-unos-cerdos-para-trabajar\/#primaryimage"},"thumbnailUrl":"https:\/\/www.sonoraenequipo.com.mx\/storage\/2022\/10\/papa-de-debani.jpg","datePublished":"2022-10-09T06:14:56+00:00","dateModified":"2022-10-10T04:25:24+00:00","description":"MONTERREY, NUEVO LE\u00d3N. MX. \u2014 Tras seis meses de la desaparici\u00f3n y feminicidio de la joven mexicana Debanhi Susana Escobar Bazald\u00faa, ocurrido en el norte\u00f1o En Sonora en Equipo publicamos toda la informaci\u00f3n de Sonora, M\u00e9xico y el Mundo de manera oportuna y busca que la libertad de expresi\u00f3n sea real. Visita nuestro medio informativo publicado desde Hermosillo, Sonora. %","breadcrumb":{"@id":"https:\/\/www.sonoraenequipo.com.mx\/el-padre-de-debanhi-escobar-asegura-a-efe-que-la-fgnl-son-unos-cerdos-para-trabajar\/#breadcrumb"},"inLanguage":"es","potentialAction":[{"@type":"ReadAction","target":["https:\/\/www.sonoraenequipo.com.mx\/el-padre-de-debanhi-escobar-asegura-a-efe-que-la-fgnl-son-unos-cerdos-para-trabajar\/"]}]},{"@type":"ImageObject","inLanguage":"es","@id":"https:\/\/www.sonoraenequipo.com.mx\/el-padre-de-debanhi-escobar-asegura-a-efe-que-la-fgnl-son-unos-cerdos-para-trabajar\/#primaryimage","url":"https:\/\/www.sonoraenequipo.com.mx\/storage\/2022\/10\/papa-de-debani.jpg","contentUrl":"https:\/\/www.sonoraenequipo.com.mx\/storage\/2022\/10\/papa-de-debani.jpg","width":900,"height":514},{"@type":"BreadcrumbList","@id":"https:\/\/www.sonoraenequipo.com.mx\/el-padre-de-debanhi-escobar-asegura-a-efe-que-la-fgnl-son-unos-cerdos-para-trabajar\/#breadcrumb","itemListElement":[{"@type":"ListItem","position":1,"name":"Portada","item":"https:\/\/www.sonoraenequipo.com.mx\/"},{"@type":"ListItem","position":2,"name":"El padre de Debanhi Escobar asegura a EFE que la FGNL \u00abSon unos cerdos para trabajar\u00bb"}]},{"@type":"WebSite","@id":"https:\/\/www.sonoraenequipo.com.mx\/#website","url":"https:\/\/www.sonoraenequipo.com.mx\/","name":"Sonora en Equipo.","description":"Diario en l\u00ednea con Noticias desde Hermosillo, Sonora","publisher":{"@id":"https:\/\/www.sonoraenequipo.com.mx\/#organization"},"potentialAction":[{"@type":"SearchAction","target":{"@type":"EntryPoint","urlTemplate":"https:\/\/www.sonoraenequipo.com.mx\/?s={search_term_string}"},"query-input":{"@type":"PropertyValueSpecification","valueRequired":true,"valueName":"search_term_string"}}],"inLanguage":"es"},{"@type":"Organization","@id":"https:\/\/www.sonoraenequipo.com.mx\/#organization","name":"Sonoraenequipo.com.mx","url":"https:\/\/www.sonoraenequipo.com.mx\/","logo":{"@type":"ImageObject","inLanguage":"es","@id":"https:\/\/www.sonoraenequipo.com.mx\/#\/schema\/logo\/image\/","url":"https:\/\/www.sonoraenequipo.com.mx\/storage\/2019\/01\/sonoraenequipo_opt.png","contentUrl":"https:\/\/www.sonoraenequipo.com.mx\/storage\/2019\/01\/sonoraenequipo_opt.png","width":375,"height":125,"caption":"Sonoraenequipo.com.mx"},"image":{"@id":"https:\/\/www.sonoraenequipo.com.mx\/#\/schema\/logo\/image\/"},"sameAs":["https:\/\/www.facebook.com\/SonoraEE\/","https:\/\/x.com\/sonoraenequipo","https:\/\/www.youtube.com\/channel\/UC338nW-lPEYmJQs4ZABQ1SQ"]},{"@type":"Person","@id":"https:\/\/www.sonoraenequipo.com.mx\/#\/schema\/person\/50102df0fb23a8fa9e8effad8fa81386","name":"enequipo","image":{"@type":"ImageObject","inLanguage":"es","@id":"https:\/\/www.sonoraenequipo.com.mx\/#\/schema\/person\/image\/","url":"https:\/\/secure.gravatar.com\/avatar\/049821681b589dabc0bc20695993ccebb09f5b5d4d790cd9251b97faac7c652b?s=96&d=blank&r=g","contentUrl":"https:\/\/secure.gravatar.com\/avatar\/049821681b589dabc0bc20695993ccebb09f5b5d4d790cd9251b97faac7c652b?s=96&d=blank&r=g","caption":"enequipo"},"sameAs":["https:\/\/www.facebook.com\/SonoraEE"]}]}},"jetpack_featured_media_url":"https:\/\/www.sonoraenequipo.com.mx\/storage\/2022\/10\/papa-de-debani.jpg","_links":{"self":[{"href":"https:\/\/www.sonoraenequipo.com.mx\/api\/wp\/v2\/posts\/148875","targetHints":{"allow":["GET"]}}],"collection":[{"href":"https:\/\/www.sonoraenequipo.com.mx\/api\/wp\/v2\/posts"}],"about":[{"href":"https:\/\/www.sonoraenequipo.com.mx\/api\/wp\/v2\/types\/post"}],"author":[{"embeddable":true,"href":"https:\/\/www.sonoraenequipo.com.mx\/api\/wp\/v2\/users\/1"}],"replies":[{"embeddable":true,"href":"https:\/\/www.sonoraenequipo.com.mx\/api\/wp\/v2\/comments?post=148875"}],"version-history":[{"count":1,"href":"https:\/\/www.sonoraenequipo.com.mx\/api\/wp\/v2\/posts\/148875\/revisions"}],"predecessor-version":[{"id":148876,"href":"https:\/\/www.sonoraenequipo.com.mx\/api\/wp\/v2\/posts\/148875\/revisions\/148876"}],"wp:featuredmedia":[{"embeddable":true,"href":"https:\/\/www.sonoraenequipo.com.mx\/api\/wp\/v2\/media\/148852"}],"wp:attachment":[{"href":"https:\/\/www.sonoraenequipo.com.mx\/api\/wp\/v2\/media?parent=148875"}],"wp:term":[{"taxonomy":"category","embeddable":true,"href":"https:\/\/www.sonoraenequipo.com.mx\/api\/wp\/v2\/categories?post=148875"},{"taxonomy":"post_tag","embeddable":true,"href":"https:\/\/www.sonoraenequipo.com.mx\/api\/wp\/v2\/tags?post=148875"}],"curies":[{"name":"wp","href":"https:\/\/api.w.org\/{rel}","templated":true}]}}