{"id":149087,"date":"2022-10-11T23:58:38","date_gmt":"2022-10-12T06:58:38","guid":{"rendered":"https:\/\/www.sonoraenequipo.com.mx\/?p=149087"},"modified":"2022-10-12T10:20:52","modified_gmt":"2022-10-12T17:20:52","slug":"entrega-secretaria-de-agricultura-primer-proyecto-de-invernaderos-para-cooperativas-de-mujeres-de-ures","status":"publish","type":"post","link":"https:\/\/www.sonoraenequipo.com.mx\/entrega-secretaria-de-agricultura-primer-proyecto-de-invernaderos-para-cooperativas-de-mujeres-de-ures\/","title":{"rendered":"Entrega Secretar\u00eda de Agricultura primer proyecto de invernaderos para cooperativas de mujeres de Ures"},"content":{"rendered":"<p><strong>URES, SONORA. MX.<\/strong> \u2014 Para desarrollar zonas estrat\u00e9gicas del estado a trav\u00e9s del cooperativismo, la secretaria de Agricultura, F\u00e1tima Yolanda Rodr\u00edguez Mendoza, entreg\u00f3 en Ures el primer vivero manejado por una cooperativa de mujeres.<\/p>\n<p>&nbsp;<\/p>\n<p> <\/p>\n<p>&nbsp;<\/p>\n<p><strong>\u201cRosa Atenas\u201d<\/strong> es la primera de diez cooperativas que inicia operaciones y en la cual cultivar\u00e1n flores, adem\u00e1s de agave y otros productos que ser\u00e1n comercializados regionalmente.<\/p>\n<p>&nbsp;<\/p>\n<p>&nbsp;<\/p>\n<p>La Secretar\u00eda de Agricultura, Ganader\u00eda, Recurso Hidr\u00e1ulicos, Pesca y Acuacultura (Sagarhpa) implement\u00f3 un programa de construcci\u00f3n de viveros comunitarios y cooperativas de mujeres que se desarrollan, en una primera etapa, en regiones estrat\u00e9gicas fomentando la organizaci\u00f3n para la producci\u00f3n y transformaci\u00f3n de productos con potencial econ\u00f3mico como el agave, higo, lim\u00f3n, nopal, flores y hortalizas entre otros.<\/p>\n<p>&nbsp;<\/p>\n<p>&nbsp;<\/p>\n<p>El proyecto consiste en el suministro e instalaci\u00f3n de diez viveros equipados con sistema de riego fotovoltaico; la integraci\u00f3n y constituci\u00f3n legal de diez cooperativas, cuyas integrantes recibir\u00e1n capacitaci\u00f3n y asistencia t\u00e9cnica organizativa y t\u00e9cnico-productiva para el buen funcionamiento del proyecto; y el desarrollo de capacidades t\u00e9cnicas, administrativas y organizativas de quienes integran la cooperativa.<\/p>\n<p>&nbsp;<\/p>\n<p>Raquel Lizeth V\u00e1squez Salazar, presidenta de la cooperativa \u201cRosa Atenas\u201d, expres\u00f3 su agradecimiento al gobernador Alfonso Durazo por impulsar este tipo de proyectos y de creer en la capacidad de las mujeres como emprendedoras, adem\u00e1s de reconocer a la secretaria de Agricultura Sonora, F\u00e1tima Yolanda Rodr\u00edguez Mendoza, por la asistencia t\u00e9cnica para formar la asociaci\u00f3n productiva.<\/p>\n<p>&nbsp;<\/p>\n<p>&nbsp;<\/p>\n<p>Las mujeres, expres\u00f3 la secretaria de Agricultura Sonora, est\u00e1n rompiendo paradigmas. \u00abSabemos que en Ures ellas son acompa\u00f1amiento y aporte en la econom\u00eda del hogar; por eso es importante impulsarlas para que se sigan empoderando en su proyecto\u00bb, declar\u00f3.<\/p>\n<p>&nbsp;<\/p>\n<p>&nbsp;<\/p>\n<p>La Sagarhpa, agreg\u00f3, las seguir\u00e1 asesorando para desarrollar capacidades, entretenimiento t\u00e9cnico y coordinaci\u00f3n con instituciones como el CBTA 161 de Ures, para transferir tecnolog\u00eda a estas emprendedoras.<\/p>\n<p>&nbsp;<\/p>\n<p>&nbsp;<\/p>\n<p>Para la implementaci\u00f3n del programa se destinaron recursos por un monto de cinco millones 200 mil pesos para su ejecuci\u00f3n en los municipios de Navojoa, Etchojoa, Ures, Ray\u00f3n, Aconchi, Tepache, Villa Pesqueira, Suaqui Grande, Guaymas y Bavispe.<\/p>\n<p>&nbsp;<\/p>\n<p>&nbsp;<\/p>\n<p><strong><em>\u201cQuienes integran las cooperativas son mujeres distinguidas en cada una de las actividades que desarrollan. En esta etapa nos acompa\u00f1a el coordinador del Cecop, Carlos Ernesto Zatarain Gonz\u00e1lez, adem\u00e1s del impulso que da Cedemun, con Tadeo Amavizca, para concretar los proyectos que Alfonso Durazo busca dar como aliado de las mujeres\u201d,<\/em> <\/strong>asever\u00f3.<\/p>\n<p>&nbsp;<\/p>\n<p>Al arranque de las cooperativas asistieron, adem\u00e1s, los alcaldes de Tepache, Jes\u00fas Misael Acu\u00f1a, y de Villa Pesqueira, Rafael Del Castillo Ortiz, y el director del CBTA 161 de Ures, Jorge Adri\u00e1n G\u00f3mez Nora.<\/p>\n<p>&nbsp;<\/p>\n<p>PUBLICADO EL 11\/OCTUBRE DE 2022\/Con informaci\u00f3n de GOBSON 1022-105)<\/p>\n","protected":false},"excerpt":{"rendered":"<p>URES, SONORA. MX. \u2014 Para desarrollar zonas estrat\u00e9gicas del estado a trav\u00e9s del cooperativismo, la&#8230;<\/p>\n","protected":false},"author":1,"featured_media":149088,"comment_status":"open","ping_status":"open","sticky":false,"template":"","format":"standard","meta":{"_monsterinsights_skip_tracking":false,"_monsterinsights_sitenote_active":false,"_monsterinsights_sitenote_note":"","_monsterinsights_sitenote_category":0,"footnotes":""},"categories":[22],"tags":[],"class_list":["post"],"yoast_head":" \n<title>Sonora en Equipo. Entrega Secretar\u00eda de Agricultura primer proyecto de invernaderos para cooperativas de mujeres de Ures Sonora<\/title>\n<meta name=\"description\" content=\"URES, SONORA. MX. \u2014 Para desarrollar zonas estrat\u00e9gicas del estado a trav\u00e9s del cooperativismo, la secretaria de Agricultura, F\u00e1tima Yolanda Rodr\u00edguez En Sonora en Equipo publicamos toda la informaci\u00f3n de Sonora, M\u00e9xico y el Mundo de manera oportuna y busca que la libertad de expresi\u00f3n sea real. Visita nuestro medio informativo publicado desde Hermosillo, Sonora. %\" \/>\n<meta name=\"robots\" content=\"index, follow, max-snippet:-1, max-image-preview:large, max-video-preview:-1\" \/>\n<link rel=\"canonical\" href=\"https:\/\/www.sonoraenequipo.com.mx\/entrega-secretaria-de-agricultura-primer-proyecto-de-invernaderos-para-cooperativas-de-mujeres-de-ures\/\" \/>\n<meta property=\"og:locale\" content=\"es_ES\" \/>\n<meta property=\"og:type\" content=\"article\" \/>\n<meta property=\"og:title\" content=\"Sonora en Equipo. Entrega Secretar\u00eda de Agricultura primer proyecto de invernaderos para cooperativas de mujeres de Ures Sonora\" \/>\n<meta property=\"og:description\" content=\"URES, SONORA. MX. \u2014 Para desarrollar zonas estrat\u00e9gicas del estado a trav\u00e9s del cooperativismo, la secretaria de Agricultura, F\u00e1tima Yolanda Rodr\u00edguez En Sonora en Equipo publicamos toda la informaci\u00f3n de Sonora, M\u00e9xico y el Mundo de manera oportuna y busca que la libertad de expresi\u00f3n sea real. Visita nuestro medio informativo publicado desde Hermosillo, Sonora. %\" \/>\n<meta property=\"og:url\" content=\"https:\/\/www.sonoraenequipo.com.mx\/entrega-secretaria-de-agricultura-primer-proyecto-de-invernaderos-para-cooperativas-de-mujeres-de-ures\/\" \/>\n<meta property=\"og:site_name\" content=\"Sonora en Equipo.\" \/>\n<meta property=\"article:publisher\" content=\"https:\/\/www.facebook.com\/SonoraEE\/\" \/>\n<meta property=\"article:author\" content=\"https:\/\/www.facebook.com\/SonoraEE\" \/>\n<meta property=\"article:published_time\" content=\"2022-10-12T06:58:38+00:00\" \/>\n<meta property=\"article:modified_time\" content=\"2022-10-12T17:20:52+00:00\" \/>\n<meta property=\"og:image\" content=\"https:\/\/www.sonoraenequipo.com.mx\/storage\/2022\/10\/Cooperativas-invernaderos-mujeres-de-Ures.jpg\" \/>\n\t<meta property=\"og:image:width\" content=\"900\" \/>\n\t<meta property=\"og:image:height\" content=\"515\" \/>\n\t<meta property=\"og:image:type\" content=\"image\/jpeg\" \/>\n<meta name=\"author\" content=\"enequipo\" \/>\n<meta name=\"twitter:card\" content=\"summary_large_image\" \/>\n<meta name=\"twitter:creator\" content=\"@sonoraenequipo\" \/>\n<meta name=\"twitter:site\" content=\"@sonoraenequipo\" \/>\n<meta name=\"twitter:label1\" content=\"Escrito por\" \/>\n\t<meta name=\"twitter:data1\" content=\"enequipo\" \/>\n\t<meta name=\"twitter:label2\" content=\"Tiempo de lectura\" \/>\n\t<meta name=\"twitter:data2\" content=\"2 minutos\" \/>\n<script type=\"application\/ld+json\" class=\"yoast-schema-graph\">{\"@context\":\"https:\/\/schema.org\",\"@graph\":[{\"@type\":\"Article\",\"@id\":\"https:\/\/www.sonoraenequipo.com.mx\/entrega-secretaria-de-agricultura-primer-proyecto-de-invernaderos-para-cooperativas-de-mujeres-de-ures\/#article\",\"isPartOf\":{\"@id\":\"https:\/\/www.sonoraenequipo.com.mx\/entrega-secretaria-de-agricultura-primer-proyecto-de-invernaderos-para-cooperativas-de-mujeres-de-ures\/\"},\"author\":{\"name\":\"enequipo\",\"@id\":\"https:\/\/www.sonoraenequipo.com.mx\/#\/schema\/person\/50102df0fb23a8fa9e8effad8fa81386\"},\"headline\":\"Entrega Secretar\u00eda de Agricultura primer proyecto de invernaderos para cooperativas de mujeres de Ures\",\"datePublished\":\"2022-10-12T06:58:38+00:00\",\"dateModified\":\"2022-10-12T17:20:52+00:00\",\"mainEntityOfPage\":{\"@id\":\"https:\/\/www.sonoraenequipo.com.mx\/entrega-secretaria-de-agricultura-primer-proyecto-de-invernaderos-para-cooperativas-de-mujeres-de-ures\/\"},\"wordCount\":504,\"commentCount\":0,\"publisher\":{\"@id\":\"https:\/\/www.sonoraenequipo.com.mx\/#organization\"},\"image\":{\"@id\":\"https:\/\/www.sonoraenequipo.com.mx\/entrega-secretaria-de-agricultura-primer-proyecto-de-invernaderos-para-cooperativas-de-mujeres-de-ures\/#primaryimage\"},\"thumbnailUrl\":\"https:\/\/www.sonoraenequipo.com.mx\/storage\/2022\/10\/Cooperativas-invernaderos-mujeres-de-Ures.jpg\",\"articleSection\":[\"Sonora\"],\"inLanguage\":\"es\",\"potentialAction\":[{\"@type\":\"CommentAction\",\"name\":\"Comment\",\"target\":[\"https:\/\/www.sonoraenequipo.com.mx\/entrega-secretaria-de-agricultura-primer-proyecto-de-invernaderos-para-cooperativas-de-mujeres-de-ures\/#respond\"]}]},{\"@type\":\"WebPage\",\"@id\":\"https:\/\/www.sonoraenequipo.com.mx\/entrega-secretaria-de-agricultura-primer-proyecto-de-invernaderos-para-cooperativas-de-mujeres-de-ures\/\",\"url\":\"https:\/\/www.sonoraenequipo.com.mx\/entrega-secretaria-de-agricultura-primer-proyecto-de-invernaderos-para-cooperativas-de-mujeres-de-ures\/\",\"name\":\"Sonora en Equipo. Entrega Secretar\u00eda de Agricultura primer proyecto de invernaderos para cooperativas de mujeres de Ures Sonora\",\"isPartOf\":{\"@id\":\"https:\/\/www.sonoraenequipo.com.mx\/#website\"},\"primaryImageOfPage\":{\"@id\":\"https:\/\/www.sonoraenequipo.com.mx\/entrega-secretaria-de-agricultura-primer-proyecto-de-invernaderos-para-cooperativas-de-mujeres-de-ures\/#primaryimage\"},\"image\":{\"@id\":\"https:\/\/www.sonoraenequipo.com.mx\/entrega-secretaria-de-agricultura-primer-proyecto-de-invernaderos-para-cooperativas-de-mujeres-de-ures\/#primaryimage\"},\"thumbnailUrl\":\"https:\/\/www.sonoraenequipo.com.mx\/storage\/2022\/10\/Cooperativas-invernaderos-mujeres-de-Ures.jpg\",\"datePublished\":\"2022-10-12T06:58:38+00:00\",\"dateModified\":\"2022-10-12T17:20:52+00:00\",\"description\":\"URES, SONORA. MX. \u2014 Para desarrollar zonas estrat\u00e9gicas del estado a trav\u00e9s del cooperativismo, la secretaria de Agricultura, F\u00e1tima Yolanda Rodr\u00edguez En Sonora en Equipo publicamos toda la informaci\u00f3n de Sonora, M\u00e9xico y el Mundo de manera oportuna y busca que la libertad de expresi\u00f3n sea real. Visita nuestro medio informativo publicado desde Hermosillo, Sonora. %\",\"breadcrumb\":{\"@id\":\"https:\/\/www.sonoraenequipo.com.mx\/entrega-secretaria-de-agricultura-primer-proyecto-de-invernaderos-para-cooperativas-de-mujeres-de-ures\/#breadcrumb\"},\"inLanguage\":\"es\",\"potentialAction\":[{\"@type\":\"ReadAction\",\"target\":[\"https:\/\/www.sonoraenequipo.com.mx\/entrega-secretaria-de-agricultura-primer-proyecto-de-invernaderos-para-cooperativas-de-mujeres-de-ures\/\"]}]},{\"@type\":\"ImageObject\",\"inLanguage\":\"es\",\"@id\":\"https:\/\/www.sonoraenequipo.com.mx\/entrega-secretaria-de-agricultura-primer-proyecto-de-invernaderos-para-cooperativas-de-mujeres-de-ures\/#primaryimage\",\"url\":\"https:\/\/www.sonoraenequipo.com.mx\/storage\/2022\/10\/Cooperativas-invernaderos-mujeres-de-Ures.jpg\",\"contentUrl\":\"https:\/\/www.sonoraenequipo.com.mx\/storage\/2022\/10\/Cooperativas-invernaderos-mujeres-de-Ures.jpg\",\"width\":900,\"height\":515},{\"@type\":\"BreadcrumbList\",\"@id\":\"https:\/\/www.sonoraenequipo.com.mx\/entrega-secretaria-de-agricultura-primer-proyecto-de-invernaderos-para-cooperativas-de-mujeres-de-ures\/#breadcrumb\",\"itemListElement\":[{\"@type\":\"ListItem\",\"position\":1,\"name\":\"Portada\",\"item\":\"https:\/\/www.sonoraenequipo.com.mx\/\"},{\"@type\":\"ListItem\",\"position\":2,\"name\":\"Entrega Secretar\u00eda de Agricultura primer proyecto de invernaderos para cooperativas de mujeres de Ures\"}]},{\"@type\":\"WebSite\",\"@id\":\"https:\/\/www.sonoraenequipo.com.mx\/#website\",\"url\":\"https:\/\/www.sonoraenequipo.com.mx\/\",\"name\":\"Sonora en Equipo.\",\"description\":\"Diario en l\u00ednea con Noticias desde Hermosillo, Sonora\",\"publisher\":{\"@id\":\"https:\/\/www.sonoraenequipo.com.mx\/#organization\"},\"potentialAction\":[{\"@type\":\"SearchAction\",\"target\":{\"@type\":\"EntryPoint\",\"urlTemplate\":\"https:\/\/www.sonoraenequipo.com.mx\/?s={search_term_string}\"},\"query-input\":{\"@type\":\"PropertyValueSpecification\",\"valueRequired\":true,\"valueName\":\"search_term_string\"}}],\"inLanguage\":\"es\"},{\"@type\":\"Organization\",\"@id\":\"https:\/\/www.sonoraenequipo.com.mx\/#organization\",\"name\":\"Sonoraenequipo.com.mx\",\"url\":\"https:\/\/www.sonoraenequipo.com.mx\/\",\"logo\":{\"@type\":\"ImageObject\",\"inLanguage\":\"es\",\"@id\":\"https:\/\/www.sonoraenequipo.com.mx\/#\/schema\/logo\/image\/\",\"url\":\"https:\/\/www.sonoraenequipo.com.mx\/storage\/2019\/01\/sonoraenequipo_opt.png\",\"contentUrl\":\"https:\/\/www.sonoraenequipo.com.mx\/storage\/2019\/01\/sonoraenequipo_opt.png\",\"width\":375,\"height\":125,\"caption\":\"Sonoraenequipo.com.mx\"},\"image\":{\"@id\":\"https:\/\/www.sonoraenequipo.com.mx\/#\/schema\/logo\/image\/\"},\"sameAs\":[\"https:\/\/www.facebook.com\/SonoraEE\/\",\"https:\/\/x.com\/sonoraenequipo\",\"https:\/\/www.youtube.com\/channel\/UC338nW-lPEYmJQs4ZABQ1SQ\"]},{\"@type\":\"Person\",\"@id\":\"https:\/\/www.sonoraenequipo.com.mx\/#\/schema\/person\/50102df0fb23a8fa9e8effad8fa81386\",\"name\":\"enequipo\",\"image\":{\"@type\":\"ImageObject\",\"inLanguage\":\"es\",\"@id\":\"https:\/\/www.sonoraenequipo.com.mx\/#\/schema\/person\/image\/\",\"url\":\"https:\/\/secure.gravatar.com\/avatar\/049821681b589dabc0bc20695993ccebb09f5b5d4d790cd9251b97faac7c652b?s=96&d=blank&r=g\",\"contentUrl\":\"https:\/\/secure.gravatar.com\/avatar\/049821681b589dabc0bc20695993ccebb09f5b5d4d790cd9251b97faac7c652b?s=96&d=blank&r=g\",\"caption\":\"enequipo\"},\"sameAs\":[\"https:\/\/www.facebook.com\/SonoraEE\"]}]}<\/script>\n ","yoast_head_json":{"title":"Sonora en Equipo. Entrega Secretar\u00eda de Agricultura primer proyecto de invernaderos para cooperativas de mujeres de Ures Sonora","description":"URES, SONORA. MX. \u2014 Para desarrollar zonas estrat\u00e9gicas del estado a trav\u00e9s del cooperativismo, la secretaria de Agricultura, F\u00e1tima Yolanda Rodr\u00edguez En Sonora en Equipo publicamos toda la informaci\u00f3n de Sonora, M\u00e9xico y el Mundo de manera oportuna y busca que la libertad de expresi\u00f3n sea real. Visita nuestro medio informativo publicado desde Hermosillo, Sonora. %","robots":{"index":"index","follow":"follow","max-snippet":"max-snippet:-1","max-image-preview":"max-image-preview:large","max-video-preview":"max-video-preview:-1"},"canonical":"https:\/\/www.sonoraenequipo.com.mx\/entrega-secretaria-de-agricultura-primer-proyecto-de-invernaderos-para-cooperativas-de-mujeres-de-ures\/","og_locale":"es_ES","og_type":"article","og_title":"Sonora en Equipo. Entrega Secretar\u00eda de Agricultura primer proyecto de invernaderos para cooperativas de mujeres de Ures Sonora","og_description":"URES, SONORA. MX. \u2014 Para desarrollar zonas estrat\u00e9gicas del estado a trav\u00e9s del cooperativismo, la secretaria de Agricultura, F\u00e1tima Yolanda Rodr\u00edguez En Sonora en Equipo publicamos toda la informaci\u00f3n de Sonora, M\u00e9xico y el Mundo de manera oportuna y busca que la libertad de expresi\u00f3n sea real. Visita nuestro medio informativo publicado desde Hermosillo, Sonora. %","og_url":"https:\/\/www.sonoraenequipo.com.mx\/entrega-secretaria-de-agricultura-primer-proyecto-de-invernaderos-para-cooperativas-de-mujeres-de-ures\/","og_site_name":"Sonora en Equipo.","article_publisher":"https:\/\/www.facebook.com\/SonoraEE\/","article_author":"https:\/\/www.facebook.com\/SonoraEE","article_published_time":"2022-10-12T06:58:38+00:00","article_modified_time":"2022-10-12T17:20:52+00:00","og_image":[{"width":900,"height":515,"url":"https:\/\/www.sonoraenequipo.com.mx\/storage\/2022\/10\/Cooperativas-invernaderos-mujeres-de-Ures.jpg","type":"image\/jpeg"}],"author":"enequipo","twitter_card":"summary_large_image","twitter_creator":"@sonoraenequipo","twitter_site":"@sonoraenequipo","twitter_misc":{"Escrito por":"enequipo","Tiempo de lectura":"2 minutos"},"schema":{"@context":"https:\/\/schema.org","@graph":[{"@type":"Article","@id":"https:\/\/www.sonoraenequipo.com.mx\/entrega-secretaria-de-agricultura-primer-proyecto-de-invernaderos-para-cooperativas-de-mujeres-de-ures\/#article","isPartOf":{"@id":"https:\/\/www.sonoraenequipo.com.mx\/entrega-secretaria-de-agricultura-primer-proyecto-de-invernaderos-para-cooperativas-de-mujeres-de-ures\/"},"author":{"name":"enequipo","@id":"https:\/\/www.sonoraenequipo.com.mx\/#\/schema\/person\/50102df0fb23a8fa9e8effad8fa81386"},"headline":"Entrega Secretar\u00eda de Agricultura primer proyecto de invernaderos para cooperativas de mujeres de Ures","datePublished":"2022-10-12T06:58:38+00:00","dateModified":"2022-10-12T17:20:52+00:00","mainEntityOfPage":{"@id":"https:\/\/www.sonoraenequipo.com.mx\/entrega-secretaria-de-agricultura-primer-proyecto-de-invernaderos-para-cooperativas-de-mujeres-de-ures\/"},"wordCount":504,"commentCount":0,"publisher":{"@id":"https:\/\/www.sonoraenequipo.com.mx\/#organization"},"image":{"@id":"https:\/\/www.sonoraenequipo.com.mx\/entrega-secretaria-de-agricultura-primer-proyecto-de-invernaderos-para-cooperativas-de-mujeres-de-ures\/#primaryimage"},"thumbnailUrl":"https:\/\/www.sonoraenequipo.com.mx\/storage\/2022\/10\/Cooperativas-invernaderos-mujeres-de-Ures.jpg","articleSection":["Sonora"],"inLanguage":"es","potentialAction":[{"@type":"CommentAction","name":"Comment","target":["https:\/\/www.sonoraenequipo.com.mx\/entrega-secretaria-de-agricultura-primer-proyecto-de-invernaderos-para-cooperativas-de-mujeres-de-ures\/#respond"]}]},{"@type":"WebPage","@id":"https:\/\/www.sonoraenequipo.com.mx\/entrega-secretaria-de-agricultura-primer-proyecto-de-invernaderos-para-cooperativas-de-mujeres-de-ures\/","url":"https:\/\/www.sonoraenequipo.com.mx\/entrega-secretaria-de-agricultura-primer-proyecto-de-invernaderos-para-cooperativas-de-mujeres-de-ures\/","name":"Sonora en Equipo. Entrega Secretar\u00eda de Agricultura primer proyecto de invernaderos para cooperativas de mujeres de Ures Sonora","isPartOf":{"@id":"https:\/\/www.sonoraenequipo.com.mx\/#website"},"primaryImageOfPage":{"@id":"https:\/\/www.sonoraenequipo.com.mx\/entrega-secretaria-de-agricultura-primer-proyecto-de-invernaderos-para-cooperativas-de-mujeres-de-ures\/#primaryimage"},"image":{"@id":"https:\/\/www.sonoraenequipo.com.mx\/entrega-secretaria-de-agricultura-primer-proyecto-de-invernaderos-para-cooperativas-de-mujeres-de-ures\/#primaryimage"},"thumbnailUrl":"https:\/\/www.sonoraenequipo.com.mx\/storage\/2022\/10\/Cooperativas-invernaderos-mujeres-de-Ures.jpg","datePublished":"2022-10-12T06:58:38+00:00","dateModified":"2022-10-12T17:20:52+00:00","description":"URES, SONORA. MX. \u2014 Para desarrollar zonas estrat\u00e9gicas del estado a trav\u00e9s del cooperativismo, la secretaria de Agricultura, F\u00e1tima Yolanda Rodr\u00edguez En Sonora en Equipo publicamos toda la informaci\u00f3n de Sonora, M\u00e9xico y el Mundo de manera oportuna y busca que la libertad de expresi\u00f3n sea real. Visita nuestro medio informativo publicado desde Hermosillo, Sonora. %","breadcrumb":{"@id":"https:\/\/www.sonoraenequipo.com.mx\/entrega-secretaria-de-agricultura-primer-proyecto-de-invernaderos-para-cooperativas-de-mujeres-de-ures\/#breadcrumb"},"inLanguage":"es","potentialAction":[{"@type":"ReadAction","target":["https:\/\/www.sonoraenequipo.com.mx\/entrega-secretaria-de-agricultura-primer-proyecto-de-invernaderos-para-cooperativas-de-mujeres-de-ures\/"]}]},{"@type":"ImageObject","inLanguage":"es","@id":"https:\/\/www.sonoraenequipo.com.mx\/entrega-secretaria-de-agricultura-primer-proyecto-de-invernaderos-para-cooperativas-de-mujeres-de-ures\/#primaryimage","url":"https:\/\/www.sonoraenequipo.com.mx\/storage\/2022\/10\/Cooperativas-invernaderos-mujeres-de-Ures.jpg","contentUrl":"https:\/\/www.sonoraenequipo.com.mx\/storage\/2022\/10\/Cooperativas-invernaderos-mujeres-de-Ures.jpg","width":900,"height":515},{"@type":"BreadcrumbList","@id":"https:\/\/www.sonoraenequipo.com.mx\/entrega-secretaria-de-agricultura-primer-proyecto-de-invernaderos-para-cooperativas-de-mujeres-de-ures\/#breadcrumb","itemListElement":[{"@type":"ListItem","position":1,"name":"Portada","item":"https:\/\/www.sonoraenequipo.com.mx\/"},{"@type":"ListItem","position":2,"name":"Entrega Secretar\u00eda de Agricultura primer proyecto de invernaderos para cooperativas de mujeres de Ures"}]},{"@type":"WebSite","@id":"https:\/\/www.sonoraenequipo.com.mx\/#website","url":"https:\/\/www.sonoraenequipo.com.mx\/","name":"Sonora en Equipo.","description":"Diario en l\u00ednea con Noticias desde Hermosillo, Sonora","publisher":{"@id":"https:\/\/www.sonoraenequipo.com.mx\/#organization"},"potentialAction":[{"@type":"SearchAction","target":{"@type":"EntryPoint","urlTemplate":"https:\/\/www.sonoraenequipo.com.mx\/?s={search_term_string}"},"query-input":{"@type":"PropertyValueSpecification","valueRequired":true,"valueName":"search_term_string"}}],"inLanguage":"es"},{"@type":"Organization","@id":"https:\/\/www.sonoraenequipo.com.mx\/#organization","name":"Sonoraenequipo.com.mx","url":"https:\/\/www.sonoraenequipo.com.mx\/","logo":{"@type":"ImageObject","inLanguage":"es","@id":"https:\/\/www.sonoraenequipo.com.mx\/#\/schema\/logo\/image\/","url":"https:\/\/www.sonoraenequipo.com.mx\/storage\/2019\/01\/sonoraenequipo_opt.png","contentUrl":"https:\/\/www.sonoraenequipo.com.mx\/storage\/2019\/01\/sonoraenequipo_opt.png","width":375,"height":125,"caption":"Sonoraenequipo.com.mx"},"image":{"@id":"https:\/\/www.sonoraenequipo.com.mx\/#\/schema\/logo\/image\/"},"sameAs":["https:\/\/www.facebook.com\/SonoraEE\/","https:\/\/x.com\/sonoraenequipo","https:\/\/www.youtube.com\/channel\/UC338nW-lPEYmJQs4ZABQ1SQ"]},{"@type":"Person","@id":"https:\/\/www.sonoraenequipo.com.mx\/#\/schema\/person\/50102df0fb23a8fa9e8effad8fa81386","name":"enequipo","image":{"@type":"ImageObject","inLanguage":"es","@id":"https:\/\/www.sonoraenequipo.com.mx\/#\/schema\/person\/image\/","url":"https:\/\/secure.gravatar.com\/avatar\/049821681b589dabc0bc20695993ccebb09f5b5d4d790cd9251b97faac7c652b?s=96&d=blank&r=g","contentUrl":"https:\/\/secure.gravatar.com\/avatar\/049821681b589dabc0bc20695993ccebb09f5b5d4d790cd9251b97faac7c652b?s=96&d=blank&r=g","caption":"enequipo"},"sameAs":["https:\/\/www.facebook.com\/SonoraEE"]}]}},"jetpack_featured_media_url":"https:\/\/www.sonoraenequipo.com.mx\/storage\/2022\/10\/Cooperativas-invernaderos-mujeres-de-Ures.jpg","_links":{"self":[{"href":"https:\/\/www.sonoraenequipo.com.mx\/api\/wp\/v2\/posts\/149087","targetHints":{"allow":["GET"]}}],"collection":[{"href":"https:\/\/www.sonoraenequipo.com.mx\/api\/wp\/v2\/posts"}],"about":[{"href":"https:\/\/www.sonoraenequipo.com.mx\/api\/wp\/v2\/types\/post"}],"author":[{"embeddable":true,"href":"https:\/\/www.sonoraenequipo.com.mx\/api\/wp\/v2\/users\/1"}],"replies":[{"embeddable":true,"href":"https:\/\/www.sonoraenequipo.com.mx\/api\/wp\/v2\/comments?post=149087"}],"version-history":[{"count":1,"href":"https:\/\/www.sonoraenequipo.com.mx\/api\/wp\/v2\/posts\/149087\/revisions"}],"predecessor-version":[{"id":149089,"href":"https:\/\/www.sonoraenequipo.com.mx\/api\/wp\/v2\/posts\/149087\/revisions\/149089"}],"wp:featuredmedia":[{"embeddable":true,"href":"https:\/\/www.sonoraenequipo.com.mx\/api\/wp\/v2\/media\/149088"}],"wp:attachment":[{"href":"https:\/\/www.sonoraenequipo.com.mx\/api\/wp\/v2\/media?parent=149087"}],"wp:term":[{"taxonomy":"category","embeddable":true,"href":"https:\/\/www.sonoraenequipo.com.mx\/api\/wp\/v2\/categories?post=149087"},{"taxonomy":"post_tag","embeddable":true,"href":"https:\/\/www.sonoraenequipo.com.mx\/api\/wp\/v2\/tags?post=149087"}],"curies":[{"name":"wp","href":"https:\/\/api.w.org\/{rel}","templated":true}]}}