{"id":149090,"date":"2022-10-12T09:00:08","date_gmt":"2022-10-12T16:00:08","guid":{"rendered":"https:\/\/www.sonoraenequipo.com.mx\/?p=149090"},"modified":"2022-10-12T13:22:19","modified_gmt":"2022-10-12T20:22:19","slug":"programas-para-el-bienestar-tienen-cobertura-en-todos-los-municipios-del-pais-presidente","status":"publish","type":"post","link":"https:\/\/www.sonoraenequipo.com.mx\/programas-para-el-bienestar-tienen-cobertura-en-todos-los-municipios-del-pais-presidente\/","title":{"rendered":"Programas para el Bienestar tienen cobertura en todos los municipios del pa\u00eds: presidente"},"content":{"rendered":"<p><strong>CIUDAD DE M\u00c9XICO. MX.<\/strong> \u2014 El presidente Andr\u00e9s Manuel L\u00f3pez Obrador destac\u00f3 que, desde el inicio del Gobierno de la Cuarta Transformaci\u00f3n, hay una mejor distribuci\u00f3n de la riqueza a trav\u00e9s de los Programas para el Bienestar, que llegan a todos los municipios del pa\u00eds.<\/p>\n<p>&nbsp;<\/p>\n<p> <\/p>\n<p>&nbsp;<\/p>\n<p><em><strong>\u00abComo nunca se est\u00e1n distribuyendo apoyos a toda la gente; no hay un municipio de M\u00e9xico en donde no se tengan Programas para el Bienestar. (\u2026) En todas las viviendas de M\u00e9xico, sobre todo en el medio rural \u2014donde hay m\u00e1s pobreza\u2014, llega un apoyo, no solo al municipio, sino a la comunidad y a los hogares\u00bb,<\/strong><\/em> subray\u00f3.<\/p>\n<p>&nbsp;<\/p>\n<p>&nbsp;<\/p>\n<p>Al encabezar la conferencia de prensa matutina, el mandatario expuso que el programa J\u00f3venes Construyendo el Futuro, as\u00ed como las Becas para el Bienestar Benito Ju\u00e1rez de educaci\u00f3n b\u00e1sica, media superior y superior ofrecen oportunidades de trabajo y estudio.<\/p>\n<p>&nbsp;<\/p>\n<p><strong><em>\u201cSe est\u00e1 buscando distribuir con justicia, que llegue a todos, que todos podamos ser felices\u201d<\/em><\/strong>, acot\u00f3.<\/p>\n<p>&nbsp;<\/p>\n<p>Resalt\u00f3 que la implementaci\u00f3n de Sembrando Vida y Producci\u00f3n para el Bienestar impulsa al campo, genera empleos y consolida el prop\u00f3sito de alcanzar la autosuficiencia alimentaria.<\/p>\n<p>&nbsp;<\/p>\n<p><strong><em>\u201cEste es nuestro trabajo, por eso la gente apoya, respalda. (\u2026) La gente est\u00e1 viendo lo que no suced\u00eda antes\u201d,<\/em> <\/strong>expres\u00f3.<\/p>\n<p>&nbsp;<\/p>\n<p>PUBLICADO EL 12\/OCTUBRE DE 2022)<\/p>\n","protected":false},"excerpt":{"rendered":"<p>CIUDAD DE M\u00c9XICO. MX. \u2014 El presidente Andr\u00e9s Manuel L\u00f3pez Obrador destac\u00f3 que, desde el&#8230;<\/p>\n","protected":false},"author":1,"featured_media":149116,"comment_status":"open","ping_status":"open","sticky":false,"template":"","format":"standard","meta":{"_monsterinsights_skip_tracking":false,"_monsterinsights_sitenote_active":false,"_monsterinsights_sitenote_note":"","_monsterinsights_sitenote_category":0,"footnotes":""},"categories":[5],"tags":[],"class_list":["post"],"yoast_head":" \n<title>Sonora en Equipo. Programas para el Bienestar tienen cobertura en todos los municipios del pa\u00eds: presidente Rep\u00fablica<\/title>\n<meta name=\"description\" content=\"CIUDAD DE M\u00c9XICO. MX. \u2014 El presidente Andr\u00e9s Manuel L\u00f3pez Obrador destac\u00f3 que, desde el inicio del Gobierno de la Cuarta Transformaci\u00f3n, hay una mejor En Sonora en Equipo publicamos toda la informaci\u00f3n de Sonora, M\u00e9xico y el Mundo de manera oportuna y busca que la libertad de expresi\u00f3n sea real. Visita nuestro medio informativo publicado desde Hermosillo, Sonora. %\" \/>\n<meta name=\"robots\" content=\"index, follow, max-snippet:-1, max-image-preview:large, max-video-preview:-1\" \/>\n<link rel=\"canonical\" href=\"https:\/\/www.sonoraenequipo.com.mx\/programas-para-el-bienestar-tienen-cobertura-en-todos-los-municipios-del-pais-presidente\/\" \/>\n<meta property=\"og:locale\" content=\"es_ES\" \/>\n<meta property=\"og:type\" content=\"article\" \/>\n<meta property=\"og:title\" content=\"Sonora en Equipo. Programas para el Bienestar tienen cobertura en todos los municipios del pa\u00eds: presidente Rep\u00fablica\" \/>\n<meta property=\"og:description\" content=\"CIUDAD DE M\u00c9XICO. MX. \u2014 El presidente Andr\u00e9s Manuel L\u00f3pez Obrador destac\u00f3 que, desde el inicio del Gobierno de la Cuarta Transformaci\u00f3n, hay una mejor En Sonora en Equipo publicamos toda la informaci\u00f3n de Sonora, M\u00e9xico y el Mundo de manera oportuna y busca que la libertad de expresi\u00f3n sea real. Visita nuestro medio informativo publicado desde Hermosillo, Sonora. %\" \/>\n<meta property=\"og:url\" content=\"https:\/\/www.sonoraenequipo.com.mx\/programas-para-el-bienestar-tienen-cobertura-en-todos-los-municipios-del-pais-presidente\/\" \/>\n<meta property=\"og:site_name\" content=\"Sonora en Equipo.\" \/>\n<meta property=\"article:publisher\" content=\"https:\/\/www.facebook.com\/SonoraEE\/\" \/>\n<meta property=\"article:author\" content=\"https:\/\/www.facebook.com\/SonoraEE\" \/>\n<meta property=\"article:published_time\" content=\"2022-10-12T16:00:08+00:00\" \/>\n<meta property=\"article:modified_time\" content=\"2022-10-12T20:22:19+00:00\" \/>\n<meta property=\"og:image\" content=\"https:\/\/www.sonoraenequipo.com.mx\/storage\/2022\/10\/AMLO.-2022.10.12-B.jpg\" \/>\n\t<meta property=\"og:image:width\" content=\"900\" \/>\n\t<meta property=\"og:image:height\" content=\"514\" \/>\n\t<meta property=\"og:image:type\" content=\"image\/jpeg\" \/>\n<meta name=\"author\" content=\"enequipo\" \/>\n<meta name=\"twitter:card\" content=\"summary_large_image\" \/>\n<meta name=\"twitter:creator\" content=\"@sonoraenequipo\" \/>\n<meta name=\"twitter:site\" content=\"@sonoraenequipo\" \/>\n<meta name=\"twitter:label1\" content=\"Escrito por\" \/>\n\t<meta name=\"twitter:data1\" content=\"enequipo\" \/>\n\t<meta name=\"twitter:label2\" content=\"Tiempo de lectura\" \/>\n\t<meta name=\"twitter:data2\" content=\"1 minuto\" \/>\n<script type=\"application\/ld+json\" class=\"yoast-schema-graph\">{\"@context\":\"https:\/\/schema.org\",\"@graph\":[{\"@type\":\"Article\",\"@id\":\"https:\/\/www.sonoraenequipo.com.mx\/programas-para-el-bienestar-tienen-cobertura-en-todos-los-municipios-del-pais-presidente\/#article\",\"isPartOf\":{\"@id\":\"https:\/\/www.sonoraenequipo.com.mx\/programas-para-el-bienestar-tienen-cobertura-en-todos-los-municipios-del-pais-presidente\/\"},\"author\":{\"name\":\"enequipo\",\"@id\":\"https:\/\/www.sonoraenequipo.com.mx\/#\/schema\/person\/50102df0fb23a8fa9e8effad8fa81386\"},\"headline\":\"Programas para el Bienestar tienen cobertura en todos los municipios del pa\u00eds: presidente\",\"datePublished\":\"2022-10-12T16:00:08+00:00\",\"dateModified\":\"2022-10-12T20:22:19+00:00\",\"mainEntityOfPage\":{\"@id\":\"https:\/\/www.sonoraenequipo.com.mx\/programas-para-el-bienestar-tienen-cobertura-en-todos-los-municipios-del-pais-presidente\/\"},\"wordCount\":247,\"commentCount\":0,\"publisher\":{\"@id\":\"https:\/\/www.sonoraenequipo.com.mx\/#organization\"},\"image\":{\"@id\":\"https:\/\/www.sonoraenequipo.com.mx\/programas-para-el-bienestar-tienen-cobertura-en-todos-los-municipios-del-pais-presidente\/#primaryimage\"},\"thumbnailUrl\":\"https:\/\/www.sonoraenequipo.com.mx\/storage\/2022\/10\/AMLO.-2022.10.12-B.jpg\",\"articleSection\":[\"Rep\u00fablica\"],\"inLanguage\":\"es\",\"potentialAction\":[{\"@type\":\"CommentAction\",\"name\":\"Comment\",\"target\":[\"https:\/\/www.sonoraenequipo.com.mx\/programas-para-el-bienestar-tienen-cobertura-en-todos-los-municipios-del-pais-presidente\/#respond\"]}]},{\"@type\":\"WebPage\",\"@id\":\"https:\/\/www.sonoraenequipo.com.mx\/programas-para-el-bienestar-tienen-cobertura-en-todos-los-municipios-del-pais-presidente\/\",\"url\":\"https:\/\/www.sonoraenequipo.com.mx\/programas-para-el-bienestar-tienen-cobertura-en-todos-los-municipios-del-pais-presidente\/\",\"name\":\"Sonora en Equipo. Programas para el Bienestar tienen cobertura en todos los municipios del pa\u00eds: presidente Rep\u00fablica\",\"isPartOf\":{\"@id\":\"https:\/\/www.sonoraenequipo.com.mx\/#website\"},\"primaryImageOfPage\":{\"@id\":\"https:\/\/www.sonoraenequipo.com.mx\/programas-para-el-bienestar-tienen-cobertura-en-todos-los-municipios-del-pais-presidente\/#primaryimage\"},\"image\":{\"@id\":\"https:\/\/www.sonoraenequipo.com.mx\/programas-para-el-bienestar-tienen-cobertura-en-todos-los-municipios-del-pais-presidente\/#primaryimage\"},\"thumbnailUrl\":\"https:\/\/www.sonoraenequipo.com.mx\/storage\/2022\/10\/AMLO.-2022.10.12-B.jpg\",\"datePublished\":\"2022-10-12T16:00:08+00:00\",\"dateModified\":\"2022-10-12T20:22:19+00:00\",\"description\":\"CIUDAD DE M\u00c9XICO. MX. \u2014 El presidente Andr\u00e9s Manuel L\u00f3pez Obrador destac\u00f3 que, desde el inicio del Gobierno de la Cuarta Transformaci\u00f3n, hay una mejor En Sonora en Equipo publicamos toda la informaci\u00f3n de Sonora, M\u00e9xico y el Mundo de manera oportuna y busca que la libertad de expresi\u00f3n sea real. Visita nuestro medio informativo publicado desde Hermosillo, Sonora. %\",\"breadcrumb\":{\"@id\":\"https:\/\/www.sonoraenequipo.com.mx\/programas-para-el-bienestar-tienen-cobertura-en-todos-los-municipios-del-pais-presidente\/#breadcrumb\"},\"inLanguage\":\"es\",\"potentialAction\":[{\"@type\":\"ReadAction\",\"target\":[\"https:\/\/www.sonoraenequipo.com.mx\/programas-para-el-bienestar-tienen-cobertura-en-todos-los-municipios-del-pais-presidente\/\"]}]},{\"@type\":\"ImageObject\",\"inLanguage\":\"es\",\"@id\":\"https:\/\/www.sonoraenequipo.com.mx\/programas-para-el-bienestar-tienen-cobertura-en-todos-los-municipios-del-pais-presidente\/#primaryimage\",\"url\":\"https:\/\/www.sonoraenequipo.com.mx\/storage\/2022\/10\/AMLO.-2022.10.12-B.jpg\",\"contentUrl\":\"https:\/\/www.sonoraenequipo.com.mx\/storage\/2022\/10\/AMLO.-2022.10.12-B.jpg\",\"width\":900,\"height\":514},{\"@type\":\"BreadcrumbList\",\"@id\":\"https:\/\/www.sonoraenequipo.com.mx\/programas-para-el-bienestar-tienen-cobertura-en-todos-los-municipios-del-pais-presidente\/#breadcrumb\",\"itemListElement\":[{\"@type\":\"ListItem\",\"position\":1,\"name\":\"Portada\",\"item\":\"https:\/\/www.sonoraenequipo.com.mx\/\"},{\"@type\":\"ListItem\",\"position\":2,\"name\":\"Programas para el Bienestar tienen cobertura en todos los municipios del pa\u00eds: presidente\"}]},{\"@type\":\"WebSite\",\"@id\":\"https:\/\/www.sonoraenequipo.com.mx\/#website\",\"url\":\"https:\/\/www.sonoraenequipo.com.mx\/\",\"name\":\"Sonora en Equipo.\",\"description\":\"Diario en l\u00ednea con Noticias desde Hermosillo, Sonora\",\"publisher\":{\"@id\":\"https:\/\/www.sonoraenequipo.com.mx\/#organization\"},\"potentialAction\":[{\"@type\":\"SearchAction\",\"target\":{\"@type\":\"EntryPoint\",\"urlTemplate\":\"https:\/\/www.sonoraenequipo.com.mx\/?s={search_term_string}\"},\"query-input\":{\"@type\":\"PropertyValueSpecification\",\"valueRequired\":true,\"valueName\":\"search_term_string\"}}],\"inLanguage\":\"es\"},{\"@type\":\"Organization\",\"@id\":\"https:\/\/www.sonoraenequipo.com.mx\/#organization\",\"name\":\"Sonoraenequipo.com.mx\",\"url\":\"https:\/\/www.sonoraenequipo.com.mx\/\",\"logo\":{\"@type\":\"ImageObject\",\"inLanguage\":\"es\",\"@id\":\"https:\/\/www.sonoraenequipo.com.mx\/#\/schema\/logo\/image\/\",\"url\":\"https:\/\/www.sonoraenequipo.com.mx\/storage\/2019\/01\/sonoraenequipo_opt.png\",\"contentUrl\":\"https:\/\/www.sonoraenequipo.com.mx\/storage\/2019\/01\/sonoraenequipo_opt.png\",\"width\":375,\"height\":125,\"caption\":\"Sonoraenequipo.com.mx\"},\"image\":{\"@id\":\"https:\/\/www.sonoraenequipo.com.mx\/#\/schema\/logo\/image\/\"},\"sameAs\":[\"https:\/\/www.facebook.com\/SonoraEE\/\",\"https:\/\/x.com\/sonoraenequipo\",\"https:\/\/www.youtube.com\/channel\/UC338nW-lPEYmJQs4ZABQ1SQ\"]},{\"@type\":\"Person\",\"@id\":\"https:\/\/www.sonoraenequipo.com.mx\/#\/schema\/person\/50102df0fb23a8fa9e8effad8fa81386\",\"name\":\"enequipo\",\"image\":{\"@type\":\"ImageObject\",\"inLanguage\":\"es\",\"@id\":\"https:\/\/www.sonoraenequipo.com.mx\/#\/schema\/person\/image\/\",\"url\":\"https:\/\/secure.gravatar.com\/avatar\/049821681b589dabc0bc20695993ccebb09f5b5d4d790cd9251b97faac7c652b?s=96&d=blank&r=g\",\"contentUrl\":\"https:\/\/secure.gravatar.com\/avatar\/049821681b589dabc0bc20695993ccebb09f5b5d4d790cd9251b97faac7c652b?s=96&d=blank&r=g\",\"caption\":\"enequipo\"},\"sameAs\":[\"https:\/\/www.facebook.com\/SonoraEE\"]}]}<\/script>\n ","yoast_head_json":{"title":"Sonora en Equipo. Programas para el Bienestar tienen cobertura en todos los municipios del pa\u00eds: presidente Rep\u00fablica","description":"CIUDAD DE M\u00c9XICO. MX. \u2014 El presidente Andr\u00e9s Manuel L\u00f3pez Obrador destac\u00f3 que, desde el inicio del Gobierno de la Cuarta Transformaci\u00f3n, hay una mejor En Sonora en Equipo publicamos toda la informaci\u00f3n de Sonora, M\u00e9xico y el Mundo de manera oportuna y busca que la libertad de expresi\u00f3n sea real. Visita nuestro medio informativo publicado desde Hermosillo, Sonora. %","robots":{"index":"index","follow":"follow","max-snippet":"max-snippet:-1","max-image-preview":"max-image-preview:large","max-video-preview":"max-video-preview:-1"},"canonical":"https:\/\/www.sonoraenequipo.com.mx\/programas-para-el-bienestar-tienen-cobertura-en-todos-los-municipios-del-pais-presidente\/","og_locale":"es_ES","og_type":"article","og_title":"Sonora en Equipo. Programas para el Bienestar tienen cobertura en todos los municipios del pa\u00eds: presidente Rep\u00fablica","og_description":"CIUDAD DE M\u00c9XICO. MX. \u2014 El presidente Andr\u00e9s Manuel L\u00f3pez Obrador destac\u00f3 que, desde el inicio del Gobierno de la Cuarta Transformaci\u00f3n, hay una mejor En Sonora en Equipo publicamos toda la informaci\u00f3n de Sonora, M\u00e9xico y el Mundo de manera oportuna y busca que la libertad de expresi\u00f3n sea real. Visita nuestro medio informativo publicado desde Hermosillo, Sonora. %","og_url":"https:\/\/www.sonoraenequipo.com.mx\/programas-para-el-bienestar-tienen-cobertura-en-todos-los-municipios-del-pais-presidente\/","og_site_name":"Sonora en Equipo.","article_publisher":"https:\/\/www.facebook.com\/SonoraEE\/","article_author":"https:\/\/www.facebook.com\/SonoraEE","article_published_time":"2022-10-12T16:00:08+00:00","article_modified_time":"2022-10-12T20:22:19+00:00","og_image":[{"width":900,"height":514,"url":"https:\/\/www.sonoraenequipo.com.mx\/storage\/2022\/10\/AMLO.-2022.10.12-B.jpg","type":"image\/jpeg"}],"author":"enequipo","twitter_card":"summary_large_image","twitter_creator":"@sonoraenequipo","twitter_site":"@sonoraenequipo","twitter_misc":{"Escrito por":"enequipo","Tiempo de lectura":"1 minuto"},"schema":{"@context":"https:\/\/schema.org","@graph":[{"@type":"Article","@id":"https:\/\/www.sonoraenequipo.com.mx\/programas-para-el-bienestar-tienen-cobertura-en-todos-los-municipios-del-pais-presidente\/#article","isPartOf":{"@id":"https:\/\/www.sonoraenequipo.com.mx\/programas-para-el-bienestar-tienen-cobertura-en-todos-los-municipios-del-pais-presidente\/"},"author":{"name":"enequipo","@id":"https:\/\/www.sonoraenequipo.com.mx\/#\/schema\/person\/50102df0fb23a8fa9e8effad8fa81386"},"headline":"Programas para el Bienestar tienen cobertura en todos los municipios del pa\u00eds: presidente","datePublished":"2022-10-12T16:00:08+00:00","dateModified":"2022-10-12T20:22:19+00:00","mainEntityOfPage":{"@id":"https:\/\/www.sonoraenequipo.com.mx\/programas-para-el-bienestar-tienen-cobertura-en-todos-los-municipios-del-pais-presidente\/"},"wordCount":247,"commentCount":0,"publisher":{"@id":"https:\/\/www.sonoraenequipo.com.mx\/#organization"},"image":{"@id":"https:\/\/www.sonoraenequipo.com.mx\/programas-para-el-bienestar-tienen-cobertura-en-todos-los-municipios-del-pais-presidente\/#primaryimage"},"thumbnailUrl":"https:\/\/www.sonoraenequipo.com.mx\/storage\/2022\/10\/AMLO.-2022.10.12-B.jpg","articleSection":["Rep\u00fablica"],"inLanguage":"es","potentialAction":[{"@type":"CommentAction","name":"Comment","target":["https:\/\/www.sonoraenequipo.com.mx\/programas-para-el-bienestar-tienen-cobertura-en-todos-los-municipios-del-pais-presidente\/#respond"]}]},{"@type":"WebPage","@id":"https:\/\/www.sonoraenequipo.com.mx\/programas-para-el-bienestar-tienen-cobertura-en-todos-los-municipios-del-pais-presidente\/","url":"https:\/\/www.sonoraenequipo.com.mx\/programas-para-el-bienestar-tienen-cobertura-en-todos-los-municipios-del-pais-presidente\/","name":"Sonora en Equipo. Programas para el Bienestar tienen cobertura en todos los municipios del pa\u00eds: presidente Rep\u00fablica","isPartOf":{"@id":"https:\/\/www.sonoraenequipo.com.mx\/#website"},"primaryImageOfPage":{"@id":"https:\/\/www.sonoraenequipo.com.mx\/programas-para-el-bienestar-tienen-cobertura-en-todos-los-municipios-del-pais-presidente\/#primaryimage"},"image":{"@id":"https:\/\/www.sonoraenequipo.com.mx\/programas-para-el-bienestar-tienen-cobertura-en-todos-los-municipios-del-pais-presidente\/#primaryimage"},"thumbnailUrl":"https:\/\/www.sonoraenequipo.com.mx\/storage\/2022\/10\/AMLO.-2022.10.12-B.jpg","datePublished":"2022-10-12T16:00:08+00:00","dateModified":"2022-10-12T20:22:19+00:00","description":"CIUDAD DE M\u00c9XICO. MX. \u2014 El presidente Andr\u00e9s Manuel L\u00f3pez Obrador destac\u00f3 que, desde el inicio del Gobierno de la Cuarta Transformaci\u00f3n, hay una mejor En Sonora en Equipo publicamos toda la informaci\u00f3n de Sonora, M\u00e9xico y el Mundo de manera oportuna y busca que la libertad de expresi\u00f3n sea real. Visita nuestro medio informativo publicado desde Hermosillo, Sonora. %","breadcrumb":{"@id":"https:\/\/www.sonoraenequipo.com.mx\/programas-para-el-bienestar-tienen-cobertura-en-todos-los-municipios-del-pais-presidente\/#breadcrumb"},"inLanguage":"es","potentialAction":[{"@type":"ReadAction","target":["https:\/\/www.sonoraenequipo.com.mx\/programas-para-el-bienestar-tienen-cobertura-en-todos-los-municipios-del-pais-presidente\/"]}]},{"@type":"ImageObject","inLanguage":"es","@id":"https:\/\/www.sonoraenequipo.com.mx\/programas-para-el-bienestar-tienen-cobertura-en-todos-los-municipios-del-pais-presidente\/#primaryimage","url":"https:\/\/www.sonoraenequipo.com.mx\/storage\/2022\/10\/AMLO.-2022.10.12-B.jpg","contentUrl":"https:\/\/www.sonoraenequipo.com.mx\/storage\/2022\/10\/AMLO.-2022.10.12-B.jpg","width":900,"height":514},{"@type":"BreadcrumbList","@id":"https:\/\/www.sonoraenequipo.com.mx\/programas-para-el-bienestar-tienen-cobertura-en-todos-los-municipios-del-pais-presidente\/#breadcrumb","itemListElement":[{"@type":"ListItem","position":1,"name":"Portada","item":"https:\/\/www.sonoraenequipo.com.mx\/"},{"@type":"ListItem","position":2,"name":"Programas para el Bienestar tienen cobertura en todos los municipios del pa\u00eds: presidente"}]},{"@type":"WebSite","@id":"https:\/\/www.sonoraenequipo.com.mx\/#website","url":"https:\/\/www.sonoraenequipo.com.mx\/","name":"Sonora en Equipo.","description":"Diario en l\u00ednea con Noticias desde Hermosillo, Sonora","publisher":{"@id":"https:\/\/www.sonoraenequipo.com.mx\/#organization"},"potentialAction":[{"@type":"SearchAction","target":{"@type":"EntryPoint","urlTemplate":"https:\/\/www.sonoraenequipo.com.mx\/?s={search_term_string}"},"query-input":{"@type":"PropertyValueSpecification","valueRequired":true,"valueName":"search_term_string"}}],"inLanguage":"es"},{"@type":"Organization","@id":"https:\/\/www.sonoraenequipo.com.mx\/#organization","name":"Sonoraenequipo.com.mx","url":"https:\/\/www.sonoraenequipo.com.mx\/","logo":{"@type":"ImageObject","inLanguage":"es","@id":"https:\/\/www.sonoraenequipo.com.mx\/#\/schema\/logo\/image\/","url":"https:\/\/www.sonoraenequipo.com.mx\/storage\/2019\/01\/sonoraenequipo_opt.png","contentUrl":"https:\/\/www.sonoraenequipo.com.mx\/storage\/2019\/01\/sonoraenequipo_opt.png","width":375,"height":125,"caption":"Sonoraenequipo.com.mx"},"image":{"@id":"https:\/\/www.sonoraenequipo.com.mx\/#\/schema\/logo\/image\/"},"sameAs":["https:\/\/www.facebook.com\/SonoraEE\/","https:\/\/x.com\/sonoraenequipo","https:\/\/www.youtube.com\/channel\/UC338nW-lPEYmJQs4ZABQ1SQ"]},{"@type":"Person","@id":"https:\/\/www.sonoraenequipo.com.mx\/#\/schema\/person\/50102df0fb23a8fa9e8effad8fa81386","name":"enequipo","image":{"@type":"ImageObject","inLanguage":"es","@id":"https:\/\/www.sonoraenequipo.com.mx\/#\/schema\/person\/image\/","url":"https:\/\/secure.gravatar.com\/avatar\/049821681b589dabc0bc20695993ccebb09f5b5d4d790cd9251b97faac7c652b?s=96&d=blank&r=g","contentUrl":"https:\/\/secure.gravatar.com\/avatar\/049821681b589dabc0bc20695993ccebb09f5b5d4d790cd9251b97faac7c652b?s=96&d=blank&r=g","caption":"enequipo"},"sameAs":["https:\/\/www.facebook.com\/SonoraEE"]}]}},"jetpack_featured_media_url":"https:\/\/www.sonoraenequipo.com.mx\/storage\/2022\/10\/AMLO.-2022.10.12-B.jpg","_links":{"self":[{"href":"https:\/\/www.sonoraenequipo.com.mx\/api\/wp\/v2\/posts\/149090","targetHints":{"allow":["GET"]}}],"collection":[{"href":"https:\/\/www.sonoraenequipo.com.mx\/api\/wp\/v2\/posts"}],"about":[{"href":"https:\/\/www.sonoraenequipo.com.mx\/api\/wp\/v2\/types\/post"}],"author":[{"embeddable":true,"href":"https:\/\/www.sonoraenequipo.com.mx\/api\/wp\/v2\/users\/1"}],"replies":[{"embeddable":true,"href":"https:\/\/www.sonoraenequipo.com.mx\/api\/wp\/v2\/comments?post=149090"}],"version-history":[{"count":1,"href":"https:\/\/www.sonoraenequipo.com.mx\/api\/wp\/v2\/posts\/149090\/revisions"}],"predecessor-version":[{"id":149094,"href":"https:\/\/www.sonoraenequipo.com.mx\/api\/wp\/v2\/posts\/149090\/revisions\/149094"}],"wp:featuredmedia":[{"embeddable":true,"href":"https:\/\/www.sonoraenequipo.com.mx\/api\/wp\/v2\/media\/149116"}],"wp:attachment":[{"href":"https:\/\/www.sonoraenequipo.com.mx\/api\/wp\/v2\/media?parent=149090"}],"wp:term":[{"taxonomy":"category","embeddable":true,"href":"https:\/\/www.sonoraenequipo.com.mx\/api\/wp\/v2\/categories?post=149090"},{"taxonomy":"post_tag","embeddable":true,"href":"https:\/\/www.sonoraenequipo.com.mx\/api\/wp\/v2\/tags?post=149090"}],"curies":[{"name":"wp","href":"https:\/\/api.w.org\/{rel}","templated":true}]}}