{"id":149117,"date":"2022-10-12T09:50:32","date_gmt":"2022-10-12T16:50:32","guid":{"rendered":"https:\/\/www.sonoraenequipo.com.mx\/?p=149117"},"modified":"2022-10-12T13:28:30","modified_gmt":"2022-10-12T20:28:30","slug":"renuncia-horacio-duarte-como-titular-de-la-agencia-nacional-de-aduanas-anuncia-amlo","status":"publish","type":"post","link":"https:\/\/www.sonoraenequipo.com.mx\/renuncia-horacio-duarte-como-titular-de-la-agencia-nacional-de-aduanas-anuncia-amlo\/","title":{"rendered":"Renuncia Horacio Duarte como titular de la Agencia Nacional de Aduanas, anuncia AMLO"},"content":{"rendered":"<p>&nbsp;<\/p>\n<p><strong>CIUDAD DE M\u00c9XICO. MX. \u2014<\/strong> El presidente, Andr\u00e9s Manuel L\u00f3pez Obrador (AMLO), anunci\u00f3 la renuncia de Horacio Duarte Olivares como titular de la titular de la Agencia Nacional de Aduanas de M\u00e9xico (ANAM).<\/p>\n<p>&nbsp;<\/p>\n<p> <\/p>\n<p><strong><em>\u201cHoracio me ha entregado su renuncia porque va a otra tarea y no quer\u00edamos que se fuera por la puerta de atr\u00e1s\u201d<\/em><\/strong>, anunci\u00f3 AMLO en su conferencia ma\u00f1anera desde Palacio Nacional.<\/p>\n<p>&nbsp;<\/p>\n<p>L\u00f3pez Obrador se\u00f1al\u00f3 que igual que la exsecretar\u00eda de Econom\u00eda Tatiana Clouthier, Horacio Duarte ayud\u00f3 a triunfar, con su trabajo.<\/p>\n<p>&nbsp;<\/p>\n<p><em><strong>\u201cLo mismo que en el caso de Tatiana, que nos ayud\u00f3 tanto, tanto para triunfar, con su trabajo, y lo mismo Horario\u201d,<\/strong><\/em> expres\u00f3.<\/p>\n<p>&nbsp;<\/p>\n<p>Hay que recordar que el pasado 20 de abril del 2020, el Presidente de M\u00e9xico hab\u00eda nombrado a Horacio Duarte como nuevo titular de la Administraci\u00f3n General de Aduanas, en sustituci\u00f3n de Ricardo Ahued, quien regresa al Senado de la Rep\u00fablica.<\/p>\n<p>&nbsp;<\/p>\n<p>Sin embargo fue hasta el 1 de mayo del 2020 cuando la Comisi\u00f3n Permanente del Congreso de la Uni\u00f3n ratific\u00f3 con 29 votos en favor y seis en contra a Horacio Duarte Olivares como Administrador General de Aduanas del Sistema de Administraci\u00f3n Tributaria (SAT).<\/p>\n<p>&nbsp;<\/p>\n<p>PUBLICADO EL 12\/OCTUBRE DE 2022)<\/p>\n","protected":false},"excerpt":{"rendered":"<p>&nbsp; CIUDAD DE M\u00c9XICO. MX. \u2014 El presidente, Andr\u00e9s Manuel L\u00f3pez Obrador (AMLO), anunci\u00f3 la&#8230;<\/p>\n","protected":false},"author":1,"featured_media":149116,"comment_status":"open","ping_status":"open","sticky":false,"template":"","format":"standard","meta":{"_monsterinsights_skip_tracking":false,"_monsterinsights_sitenote_active":false,"_monsterinsights_sitenote_note":"","_monsterinsights_sitenote_category":0,"footnotes":""},"categories":[5],"tags":[],"class_list":["post"],"yoast_head":" \n<title>Sonora en Equipo. Renuncia Horacio Duarte como titular de la Agencia Nacional de Aduanas, anuncia AMLO Rep\u00fablica<\/title>\n<meta name=\"description\" content=\"&nbsp; CIUDAD DE M\u00c9XICO. MX. \u2014 El presidente, Andr\u00e9s Manuel L\u00f3pez Obrador (AMLO), anunci\u00f3 la renuncia de Horacio Duarte Olivares como titular de la En Sonora en Equipo publicamos toda la informaci\u00f3n de Sonora, M\u00e9xico y el Mundo de manera oportuna y busca que la libertad de expresi\u00f3n sea real. Visita nuestro medio informativo publicado desde Hermosillo, Sonora. %\" \/>\n<meta name=\"robots\" content=\"index, follow, max-snippet:-1, max-image-preview:large, max-video-preview:-1\" \/>\n<link rel=\"canonical\" href=\"https:\/\/www.sonoraenequipo.com.mx\/renuncia-horacio-duarte-como-titular-de-la-agencia-nacional-de-aduanas-anuncia-amlo\/\" \/>\n<meta property=\"og:locale\" content=\"es_ES\" \/>\n<meta property=\"og:type\" content=\"article\" \/>\n<meta property=\"og:title\" content=\"Sonora en Equipo. Renuncia Horacio Duarte como titular de la Agencia Nacional de Aduanas, anuncia AMLO Rep\u00fablica\" \/>\n<meta property=\"og:description\" content=\"&nbsp; CIUDAD DE M\u00c9XICO. MX. \u2014 El presidente, Andr\u00e9s Manuel L\u00f3pez Obrador (AMLO), anunci\u00f3 la renuncia de Horacio Duarte Olivares como titular de la En Sonora en Equipo publicamos toda la informaci\u00f3n de Sonora, M\u00e9xico y el Mundo de manera oportuna y busca que la libertad de expresi\u00f3n sea real. Visita nuestro medio informativo publicado desde Hermosillo, Sonora. %\" \/>\n<meta property=\"og:url\" content=\"https:\/\/www.sonoraenequipo.com.mx\/renuncia-horacio-duarte-como-titular-de-la-agencia-nacional-de-aduanas-anuncia-amlo\/\" \/>\n<meta property=\"og:site_name\" content=\"Sonora en Equipo.\" \/>\n<meta property=\"article:publisher\" content=\"https:\/\/www.facebook.com\/SonoraEE\/\" \/>\n<meta property=\"article:author\" content=\"https:\/\/www.facebook.com\/SonoraEE\" \/>\n<meta property=\"article:published_time\" content=\"2022-10-12T16:50:32+00:00\" \/>\n<meta property=\"article:modified_time\" content=\"2022-10-12T20:28:30+00:00\" \/>\n<meta property=\"og:image\" content=\"https:\/\/www.sonoraenequipo.com.mx\/storage\/2022\/10\/AMLO.-2022.10.12-B.jpg\" \/>\n\t<meta property=\"og:image:width\" content=\"900\" \/>\n\t<meta property=\"og:image:height\" content=\"514\" \/>\n\t<meta property=\"og:image:type\" content=\"image\/jpeg\" \/>\n<meta name=\"author\" content=\"enequipo\" \/>\n<meta name=\"twitter:card\" content=\"summary_large_image\" \/>\n<meta name=\"twitter:creator\" content=\"@sonoraenequipo\" \/>\n<meta name=\"twitter:site\" content=\"@sonoraenequipo\" \/>\n<meta name=\"twitter:label1\" content=\"Escrito por\" \/>\n\t<meta name=\"twitter:data1\" content=\"enequipo\" \/>\n\t<meta name=\"twitter:label2\" content=\"Tiempo de lectura\" \/>\n\t<meta name=\"twitter:data2\" content=\"1 minuto\" \/>\n<script type=\"application\/ld+json\" class=\"yoast-schema-graph\">{\"@context\":\"https:\/\/schema.org\",\"@graph\":[{\"@type\":\"Article\",\"@id\":\"https:\/\/www.sonoraenequipo.com.mx\/renuncia-horacio-duarte-como-titular-de-la-agencia-nacional-de-aduanas-anuncia-amlo\/#article\",\"isPartOf\":{\"@id\":\"https:\/\/www.sonoraenequipo.com.mx\/renuncia-horacio-duarte-como-titular-de-la-agencia-nacional-de-aduanas-anuncia-amlo\/\"},\"author\":{\"name\":\"enequipo\",\"@id\":\"https:\/\/www.sonoraenequipo.com.mx\/#\/schema\/person\/50102df0fb23a8fa9e8effad8fa81386\"},\"headline\":\"Renuncia Horacio Duarte como titular de la Agencia Nacional de Aduanas, anuncia AMLO\",\"datePublished\":\"2022-10-12T16:50:32+00:00\",\"dateModified\":\"2022-10-12T20:28:30+00:00\",\"mainEntityOfPage\":{\"@id\":\"https:\/\/www.sonoraenequipo.com.mx\/renuncia-horacio-duarte-como-titular-de-la-agencia-nacional-de-aduanas-anuncia-amlo\/\"},\"wordCount\":229,\"commentCount\":0,\"publisher\":{\"@id\":\"https:\/\/www.sonoraenequipo.com.mx\/#organization\"},\"image\":{\"@id\":\"https:\/\/www.sonoraenequipo.com.mx\/renuncia-horacio-duarte-como-titular-de-la-agencia-nacional-de-aduanas-anuncia-amlo\/#primaryimage\"},\"thumbnailUrl\":\"https:\/\/www.sonoraenequipo.com.mx\/storage\/2022\/10\/AMLO.-2022.10.12-B.jpg\",\"articleSection\":[\"Rep\u00fablica\"],\"inLanguage\":\"es\",\"potentialAction\":[{\"@type\":\"CommentAction\",\"name\":\"Comment\",\"target\":[\"https:\/\/www.sonoraenequipo.com.mx\/renuncia-horacio-duarte-como-titular-de-la-agencia-nacional-de-aduanas-anuncia-amlo\/#respond\"]}]},{\"@type\":\"WebPage\",\"@id\":\"https:\/\/www.sonoraenequipo.com.mx\/renuncia-horacio-duarte-como-titular-de-la-agencia-nacional-de-aduanas-anuncia-amlo\/\",\"url\":\"https:\/\/www.sonoraenequipo.com.mx\/renuncia-horacio-duarte-como-titular-de-la-agencia-nacional-de-aduanas-anuncia-amlo\/\",\"name\":\"Sonora en Equipo. Renuncia Horacio Duarte como titular de la Agencia Nacional de Aduanas, anuncia AMLO Rep\u00fablica\",\"isPartOf\":{\"@id\":\"https:\/\/www.sonoraenequipo.com.mx\/#website\"},\"primaryImageOfPage\":{\"@id\":\"https:\/\/www.sonoraenequipo.com.mx\/renuncia-horacio-duarte-como-titular-de-la-agencia-nacional-de-aduanas-anuncia-amlo\/#primaryimage\"},\"image\":{\"@id\":\"https:\/\/www.sonoraenequipo.com.mx\/renuncia-horacio-duarte-como-titular-de-la-agencia-nacional-de-aduanas-anuncia-amlo\/#primaryimage\"},\"thumbnailUrl\":\"https:\/\/www.sonoraenequipo.com.mx\/storage\/2022\/10\/AMLO.-2022.10.12-B.jpg\",\"datePublished\":\"2022-10-12T16:50:32+00:00\",\"dateModified\":\"2022-10-12T20:28:30+00:00\",\"description\":\"&nbsp; CIUDAD DE M\u00c9XICO. MX. \u2014 El presidente, Andr\u00e9s Manuel L\u00f3pez Obrador (AMLO), anunci\u00f3 la renuncia de Horacio Duarte Olivares como titular de la En Sonora en Equipo publicamos toda la informaci\u00f3n de Sonora, M\u00e9xico y el Mundo de manera oportuna y busca que la libertad de expresi\u00f3n sea real. Visita nuestro medio informativo publicado desde Hermosillo, Sonora. %\",\"breadcrumb\":{\"@id\":\"https:\/\/www.sonoraenequipo.com.mx\/renuncia-horacio-duarte-como-titular-de-la-agencia-nacional-de-aduanas-anuncia-amlo\/#breadcrumb\"},\"inLanguage\":\"es\",\"potentialAction\":[{\"@type\":\"ReadAction\",\"target\":[\"https:\/\/www.sonoraenequipo.com.mx\/renuncia-horacio-duarte-como-titular-de-la-agencia-nacional-de-aduanas-anuncia-amlo\/\"]}]},{\"@type\":\"ImageObject\",\"inLanguage\":\"es\",\"@id\":\"https:\/\/www.sonoraenequipo.com.mx\/renuncia-horacio-duarte-como-titular-de-la-agencia-nacional-de-aduanas-anuncia-amlo\/#primaryimage\",\"url\":\"https:\/\/www.sonoraenequipo.com.mx\/storage\/2022\/10\/AMLO.-2022.10.12-B.jpg\",\"contentUrl\":\"https:\/\/www.sonoraenequipo.com.mx\/storage\/2022\/10\/AMLO.-2022.10.12-B.jpg\",\"width\":900,\"height\":514},{\"@type\":\"BreadcrumbList\",\"@id\":\"https:\/\/www.sonoraenequipo.com.mx\/renuncia-horacio-duarte-como-titular-de-la-agencia-nacional-de-aduanas-anuncia-amlo\/#breadcrumb\",\"itemListElement\":[{\"@type\":\"ListItem\",\"position\":1,\"name\":\"Portada\",\"item\":\"https:\/\/www.sonoraenequipo.com.mx\/\"},{\"@type\":\"ListItem\",\"position\":2,\"name\":\"Renuncia Horacio Duarte como titular de la Agencia Nacional de Aduanas, anuncia AMLO\"}]},{\"@type\":\"WebSite\",\"@id\":\"https:\/\/www.sonoraenequipo.com.mx\/#website\",\"url\":\"https:\/\/www.sonoraenequipo.com.mx\/\",\"name\":\"Sonora en Equipo.\",\"description\":\"Diario en l\u00ednea con Noticias desde Hermosillo, Sonora\",\"publisher\":{\"@id\":\"https:\/\/www.sonoraenequipo.com.mx\/#organization\"},\"potentialAction\":[{\"@type\":\"SearchAction\",\"target\":{\"@type\":\"EntryPoint\",\"urlTemplate\":\"https:\/\/www.sonoraenequipo.com.mx\/?s={search_term_string}\"},\"query-input\":{\"@type\":\"PropertyValueSpecification\",\"valueRequired\":true,\"valueName\":\"search_term_string\"}}],\"inLanguage\":\"es\"},{\"@type\":\"Organization\",\"@id\":\"https:\/\/www.sonoraenequipo.com.mx\/#organization\",\"name\":\"Sonoraenequipo.com.mx\",\"url\":\"https:\/\/www.sonoraenequipo.com.mx\/\",\"logo\":{\"@type\":\"ImageObject\",\"inLanguage\":\"es\",\"@id\":\"https:\/\/www.sonoraenequipo.com.mx\/#\/schema\/logo\/image\/\",\"url\":\"https:\/\/www.sonoraenequipo.com.mx\/storage\/2019\/01\/sonoraenequipo_opt.png\",\"contentUrl\":\"https:\/\/www.sonoraenequipo.com.mx\/storage\/2019\/01\/sonoraenequipo_opt.png\",\"width\":375,\"height\":125,\"caption\":\"Sonoraenequipo.com.mx\"},\"image\":{\"@id\":\"https:\/\/www.sonoraenequipo.com.mx\/#\/schema\/logo\/image\/\"},\"sameAs\":[\"https:\/\/www.facebook.com\/SonoraEE\/\",\"https:\/\/x.com\/sonoraenequipo\",\"https:\/\/www.youtube.com\/channel\/UC338nW-lPEYmJQs4ZABQ1SQ\"]},{\"@type\":\"Person\",\"@id\":\"https:\/\/www.sonoraenequipo.com.mx\/#\/schema\/person\/50102df0fb23a8fa9e8effad8fa81386\",\"name\":\"enequipo\",\"image\":{\"@type\":\"ImageObject\",\"inLanguage\":\"es\",\"@id\":\"https:\/\/www.sonoraenequipo.com.mx\/#\/schema\/person\/image\/\",\"url\":\"https:\/\/secure.gravatar.com\/avatar\/049821681b589dabc0bc20695993ccebb09f5b5d4d790cd9251b97faac7c652b?s=96&d=blank&r=g\",\"contentUrl\":\"https:\/\/secure.gravatar.com\/avatar\/049821681b589dabc0bc20695993ccebb09f5b5d4d790cd9251b97faac7c652b?s=96&d=blank&r=g\",\"caption\":\"enequipo\"},\"sameAs\":[\"https:\/\/www.facebook.com\/SonoraEE\"]}]}<\/script>\n ","yoast_head_json":{"title":"Sonora en Equipo. Renuncia Horacio Duarte como titular de la Agencia Nacional de Aduanas, anuncia AMLO Rep\u00fablica","description":"&nbsp; CIUDAD DE M\u00c9XICO. MX. \u2014 El presidente, Andr\u00e9s Manuel L\u00f3pez Obrador (AMLO), anunci\u00f3 la renuncia de Horacio Duarte Olivares como titular de la En Sonora en Equipo publicamos toda la informaci\u00f3n de Sonora, M\u00e9xico y el Mundo de manera oportuna y busca que la libertad de expresi\u00f3n sea real. Visita nuestro medio informativo publicado desde Hermosillo, Sonora. %","robots":{"index":"index","follow":"follow","max-snippet":"max-snippet:-1","max-image-preview":"max-image-preview:large","max-video-preview":"max-video-preview:-1"},"canonical":"https:\/\/www.sonoraenequipo.com.mx\/renuncia-horacio-duarte-como-titular-de-la-agencia-nacional-de-aduanas-anuncia-amlo\/","og_locale":"es_ES","og_type":"article","og_title":"Sonora en Equipo. Renuncia Horacio Duarte como titular de la Agencia Nacional de Aduanas, anuncia AMLO Rep\u00fablica","og_description":"&nbsp; CIUDAD DE M\u00c9XICO. MX. \u2014 El presidente, Andr\u00e9s Manuel L\u00f3pez Obrador (AMLO), anunci\u00f3 la renuncia de Horacio Duarte Olivares como titular de la En Sonora en Equipo publicamos toda la informaci\u00f3n de Sonora, M\u00e9xico y el Mundo de manera oportuna y busca que la libertad de expresi\u00f3n sea real. Visita nuestro medio informativo publicado desde Hermosillo, Sonora. %","og_url":"https:\/\/www.sonoraenequipo.com.mx\/renuncia-horacio-duarte-como-titular-de-la-agencia-nacional-de-aduanas-anuncia-amlo\/","og_site_name":"Sonora en Equipo.","article_publisher":"https:\/\/www.facebook.com\/SonoraEE\/","article_author":"https:\/\/www.facebook.com\/SonoraEE","article_published_time":"2022-10-12T16:50:32+00:00","article_modified_time":"2022-10-12T20:28:30+00:00","og_image":[{"width":900,"height":514,"url":"https:\/\/www.sonoraenequipo.com.mx\/storage\/2022\/10\/AMLO.-2022.10.12-B.jpg","type":"image\/jpeg"}],"author":"enequipo","twitter_card":"summary_large_image","twitter_creator":"@sonoraenequipo","twitter_site":"@sonoraenequipo","twitter_misc":{"Escrito por":"enequipo","Tiempo de lectura":"1 minuto"},"schema":{"@context":"https:\/\/schema.org","@graph":[{"@type":"Article","@id":"https:\/\/www.sonoraenequipo.com.mx\/renuncia-horacio-duarte-como-titular-de-la-agencia-nacional-de-aduanas-anuncia-amlo\/#article","isPartOf":{"@id":"https:\/\/www.sonoraenequipo.com.mx\/renuncia-horacio-duarte-como-titular-de-la-agencia-nacional-de-aduanas-anuncia-amlo\/"},"author":{"name":"enequipo","@id":"https:\/\/www.sonoraenequipo.com.mx\/#\/schema\/person\/50102df0fb23a8fa9e8effad8fa81386"},"headline":"Renuncia Horacio Duarte como titular de la Agencia Nacional de Aduanas, anuncia AMLO","datePublished":"2022-10-12T16:50:32+00:00","dateModified":"2022-10-12T20:28:30+00:00","mainEntityOfPage":{"@id":"https:\/\/www.sonoraenequipo.com.mx\/renuncia-horacio-duarte-como-titular-de-la-agencia-nacional-de-aduanas-anuncia-amlo\/"},"wordCount":229,"commentCount":0,"publisher":{"@id":"https:\/\/www.sonoraenequipo.com.mx\/#organization"},"image":{"@id":"https:\/\/www.sonoraenequipo.com.mx\/renuncia-horacio-duarte-como-titular-de-la-agencia-nacional-de-aduanas-anuncia-amlo\/#primaryimage"},"thumbnailUrl":"https:\/\/www.sonoraenequipo.com.mx\/storage\/2022\/10\/AMLO.-2022.10.12-B.jpg","articleSection":["Rep\u00fablica"],"inLanguage":"es","potentialAction":[{"@type":"CommentAction","name":"Comment","target":["https:\/\/www.sonoraenequipo.com.mx\/renuncia-horacio-duarte-como-titular-de-la-agencia-nacional-de-aduanas-anuncia-amlo\/#respond"]}]},{"@type":"WebPage","@id":"https:\/\/www.sonoraenequipo.com.mx\/renuncia-horacio-duarte-como-titular-de-la-agencia-nacional-de-aduanas-anuncia-amlo\/","url":"https:\/\/www.sonoraenequipo.com.mx\/renuncia-horacio-duarte-como-titular-de-la-agencia-nacional-de-aduanas-anuncia-amlo\/","name":"Sonora en Equipo. Renuncia Horacio Duarte como titular de la Agencia Nacional de Aduanas, anuncia AMLO Rep\u00fablica","isPartOf":{"@id":"https:\/\/www.sonoraenequipo.com.mx\/#website"},"primaryImageOfPage":{"@id":"https:\/\/www.sonoraenequipo.com.mx\/renuncia-horacio-duarte-como-titular-de-la-agencia-nacional-de-aduanas-anuncia-amlo\/#primaryimage"},"image":{"@id":"https:\/\/www.sonoraenequipo.com.mx\/renuncia-horacio-duarte-como-titular-de-la-agencia-nacional-de-aduanas-anuncia-amlo\/#primaryimage"},"thumbnailUrl":"https:\/\/www.sonoraenequipo.com.mx\/storage\/2022\/10\/AMLO.-2022.10.12-B.jpg","datePublished":"2022-10-12T16:50:32+00:00","dateModified":"2022-10-12T20:28:30+00:00","description":"&nbsp; CIUDAD DE M\u00c9XICO. MX. \u2014 El presidente, Andr\u00e9s Manuel L\u00f3pez Obrador (AMLO), anunci\u00f3 la renuncia de Horacio Duarte Olivares como titular de la En Sonora en Equipo publicamos toda la informaci\u00f3n de Sonora, M\u00e9xico y el Mundo de manera oportuna y busca que la libertad de expresi\u00f3n sea real. Visita nuestro medio informativo publicado desde Hermosillo, Sonora. %","breadcrumb":{"@id":"https:\/\/www.sonoraenequipo.com.mx\/renuncia-horacio-duarte-como-titular-de-la-agencia-nacional-de-aduanas-anuncia-amlo\/#breadcrumb"},"inLanguage":"es","potentialAction":[{"@type":"ReadAction","target":["https:\/\/www.sonoraenequipo.com.mx\/renuncia-horacio-duarte-como-titular-de-la-agencia-nacional-de-aduanas-anuncia-amlo\/"]}]},{"@type":"ImageObject","inLanguage":"es","@id":"https:\/\/www.sonoraenequipo.com.mx\/renuncia-horacio-duarte-como-titular-de-la-agencia-nacional-de-aduanas-anuncia-amlo\/#primaryimage","url":"https:\/\/www.sonoraenequipo.com.mx\/storage\/2022\/10\/AMLO.-2022.10.12-B.jpg","contentUrl":"https:\/\/www.sonoraenequipo.com.mx\/storage\/2022\/10\/AMLO.-2022.10.12-B.jpg","width":900,"height":514},{"@type":"BreadcrumbList","@id":"https:\/\/www.sonoraenequipo.com.mx\/renuncia-horacio-duarte-como-titular-de-la-agencia-nacional-de-aduanas-anuncia-amlo\/#breadcrumb","itemListElement":[{"@type":"ListItem","position":1,"name":"Portada","item":"https:\/\/www.sonoraenequipo.com.mx\/"},{"@type":"ListItem","position":2,"name":"Renuncia Horacio Duarte como titular de la Agencia Nacional de Aduanas, anuncia AMLO"}]},{"@type":"WebSite","@id":"https:\/\/www.sonoraenequipo.com.mx\/#website","url":"https:\/\/www.sonoraenequipo.com.mx\/","name":"Sonora en Equipo.","description":"Diario en l\u00ednea con Noticias desde Hermosillo, Sonora","publisher":{"@id":"https:\/\/www.sonoraenequipo.com.mx\/#organization"},"potentialAction":[{"@type":"SearchAction","target":{"@type":"EntryPoint","urlTemplate":"https:\/\/www.sonoraenequipo.com.mx\/?s={search_term_string}"},"query-input":{"@type":"PropertyValueSpecification","valueRequired":true,"valueName":"search_term_string"}}],"inLanguage":"es"},{"@type":"Organization","@id":"https:\/\/www.sonoraenequipo.com.mx\/#organization","name":"Sonoraenequipo.com.mx","url":"https:\/\/www.sonoraenequipo.com.mx\/","logo":{"@type":"ImageObject","inLanguage":"es","@id":"https:\/\/www.sonoraenequipo.com.mx\/#\/schema\/logo\/image\/","url":"https:\/\/www.sonoraenequipo.com.mx\/storage\/2019\/01\/sonoraenequipo_opt.png","contentUrl":"https:\/\/www.sonoraenequipo.com.mx\/storage\/2019\/01\/sonoraenequipo_opt.png","width":375,"height":125,"caption":"Sonoraenequipo.com.mx"},"image":{"@id":"https:\/\/www.sonoraenequipo.com.mx\/#\/schema\/logo\/image\/"},"sameAs":["https:\/\/www.facebook.com\/SonoraEE\/","https:\/\/x.com\/sonoraenequipo","https:\/\/www.youtube.com\/channel\/UC338nW-lPEYmJQs4ZABQ1SQ"]},{"@type":"Person","@id":"https:\/\/www.sonoraenequipo.com.mx\/#\/schema\/person\/50102df0fb23a8fa9e8effad8fa81386","name":"enequipo","image":{"@type":"ImageObject","inLanguage":"es","@id":"https:\/\/www.sonoraenequipo.com.mx\/#\/schema\/person\/image\/","url":"https:\/\/secure.gravatar.com\/avatar\/049821681b589dabc0bc20695993ccebb09f5b5d4d790cd9251b97faac7c652b?s=96&d=blank&r=g","contentUrl":"https:\/\/secure.gravatar.com\/avatar\/049821681b589dabc0bc20695993ccebb09f5b5d4d790cd9251b97faac7c652b?s=96&d=blank&r=g","caption":"enequipo"},"sameAs":["https:\/\/www.facebook.com\/SonoraEE"]}]}},"jetpack_featured_media_url":"https:\/\/www.sonoraenequipo.com.mx\/storage\/2022\/10\/AMLO.-2022.10.12-B.jpg","_links":{"self":[{"href":"https:\/\/www.sonoraenequipo.com.mx\/api\/wp\/v2\/posts\/149117","targetHints":{"allow":["GET"]}}],"collection":[{"href":"https:\/\/www.sonoraenequipo.com.mx\/api\/wp\/v2\/posts"}],"about":[{"href":"https:\/\/www.sonoraenequipo.com.mx\/api\/wp\/v2\/types\/post"}],"author":[{"embeddable":true,"href":"https:\/\/www.sonoraenequipo.com.mx\/api\/wp\/v2\/users\/1"}],"replies":[{"embeddable":true,"href":"https:\/\/www.sonoraenequipo.com.mx\/api\/wp\/v2\/comments?post=149117"}],"version-history":[{"count":1,"href":"https:\/\/www.sonoraenequipo.com.mx\/api\/wp\/v2\/posts\/149117\/revisions"}],"predecessor-version":[{"id":149119,"href":"https:\/\/www.sonoraenequipo.com.mx\/api\/wp\/v2\/posts\/149117\/revisions\/149119"}],"wp:featuredmedia":[{"embeddable":true,"href":"https:\/\/www.sonoraenequipo.com.mx\/api\/wp\/v2\/media\/149116"}],"wp:attachment":[{"href":"https:\/\/www.sonoraenequipo.com.mx\/api\/wp\/v2\/media?parent=149117"}],"wp:term":[{"taxonomy":"category","embeddable":true,"href":"https:\/\/www.sonoraenequipo.com.mx\/api\/wp\/v2\/categories?post=149117"},{"taxonomy":"post_tag","embeddable":true,"href":"https:\/\/www.sonoraenequipo.com.mx\/api\/wp\/v2\/tags?post=149117"}],"curies":[{"name":"wp","href":"https:\/\/api.w.org\/{rel}","templated":true}]}}