{"id":149209,"date":"2022-10-14T09:10:55","date_gmt":"2022-10-14T16:10:55","guid":{"rendered":"https:\/\/www.sonoraenequipo.com.mx\/?p=149209"},"modified":"2022-10-14T11:10:21","modified_gmt":"2022-10-14T18:10:21","slug":"mexico-es-respetado-por-los-paises-del-mundo-presidente","status":"publish","type":"post","link":"https:\/\/www.sonoraenequipo.com.mx\/mexico-es-respetado-por-los-paises-del-mundo-presidente\/","title":{"rendered":"M\u00e9xico es respetado por los pa\u00edses del mundo: presidente"},"content":{"rendered":"<p><strong>CIUDAD DE M\u00c9XICO. MX. \u2014<\/strong> El presidente Andr\u00e9s Manuel L\u00f3pez Obrador afirm\u00f3 que el pueblo de M\u00e9xico es querido y respetado en el mundo \u201cy ahora que se ha acrecentado el respeto por el gobierno (\u2026) nos dan un trato muy especial\u201d.<\/p>\n<p>&nbsp;<\/p>\n<p> <\/p>\n<p>En conferencia de prensa matutina, el mandatario destac\u00f3 la relaci\u00f3n de amistad y cooperaci\u00f3n que el pa\u00eds mantiene con Estados Unidos.<\/p>\n<p>&nbsp;<\/p>\n<p><em>\u201c<strong>Tenemos una relaci\u00f3n econ\u00f3mica de primer orden. Somos el primer socio comercial de Estados Unidos en el mundo; estamos trabajando juntos para atender las causas del fen\u00f3meno migratorio, no hay maltrato a nuestros paisanos migrantes, estamos pendientes de eso. No hay, a pesar de que se est\u00e9 en v\u00edspera de las elecciones en Estados Unidos campa\u00f1a antimexicanos en Estados Unidos como era antes\u201d<\/strong><\/em><strong>,<\/strong> apunt\u00f3.<\/p>\n<p>&nbsp;<\/p>\n<p>Record\u00f3 que, aun cuando ciertos sectores pronosticaban conflictos bilaterales derivados de las consultas que se llevan a cabo a partir del Tratado de Libre Comercio (T-MEC), <strong><em>\u201cellos han decidido no dar el paso hacia un panel y se est\u00e1 buscando un acuerdo, un arreglo, que no haya confrontaci\u00f3n. Vamos bien\u201d.<\/em><\/strong><\/p>\n<p>&nbsp;<\/p>\n<p>Adelant\u00f3 que al final de este mes podr\u00eda recibir la visita del enviado presidencial especial para el Clima, John Kerry, para dar seguimiento al Plan Sonora, que consiste en el fomento a las energ\u00edas renovables.<\/p>\n<p>&nbsp;<\/p>\n<p><em><strong>\u201cYa estamos construyendo, (a trav\u00e9s) de la Comisi\u00f3n Federal de Electricidad, una planta solar y se va a replicar esa planta. Ya se tom\u00f3 la decisi\u00f3n de nacionalizar el litio y no descartamos que podamos hacer, con la participaci\u00f3n de la inversi\u00f3n extranjera, f\u00e1bricas de bater\u00edas, impulsar la industria automotriz con bater\u00edas, es decir, dejar de ocupar gasolinas para exportar carros construidos en M\u00e9xico el\u00e9ctricos. Es un plan integral\u201d,<\/strong><\/em> explic\u00f3.<\/p>\n<p>&nbsp;<\/p>\n<p>Sostuvo que la relaci\u00f3n entre ambas naciones es muy buena, por lo que \u201cya no tiene caso que haga referencia a los que apuestan por la confrontaci\u00f3n\u201d.<\/p>\n<p>&nbsp;<\/p>\n<p>M\u00e9xico y Estados Unidos constatan avances en seguridad; reducci\u00f3n tr\u00e1fico de armas es el objetivo para 2023<\/p>\n<p>&nbsp;<\/p>\n<p>El jefe del Ejecutivo se refiri\u00f3 al di\u00e1logo de alto nivel \u2018Reuni\u00f3n Anual del Entendimiento Bicentenario\u2019 que se celebr\u00f3 ayer en Washington D. C. con la presencia de servidores p\u00fablicos de M\u00e9xico y Estados Unidos para asumir la corresponsabilidad y reciprocidad en materia de seguridad.<\/p>\n<p>&nbsp;<\/p>\n<p>Al respecto, el secretario de Relaciones Exteriores, Marcelo Ebrard Casaubon, report\u00f3 que M\u00e9xico avanza hacia un M\u00e9xico m\u00e1s seguro a partir de tres acciones fundamentales que se presentaron en el encuentro a manera de resultados: la atenci\u00f3n a las causas de la inseguridad, la erradicaci\u00f3n de la impunidad y el control territorial que ejecuta la Guardia Nacional.<\/p>\n<p>&nbsp;<\/p>\n<p>Sobre el primer aspecto, el canciller se\u00f1al\u00f3 que las oportunidades de empleo generadas a trav\u00e9s de los Programas para el Bienestar, como J\u00f3venes Construyendo el Futuro y Sembrando Vida, han sido claves en la reducci\u00f3n de la incidencia delictiva.<\/p>\n<p>&nbsp;<\/p>\n<p>Por otro lado, dijo, la creaci\u00f3n de la Comisi\u00f3n Nacional de B\u00fasqueda y la Fiscal\u00eda Aut\u00f3noma, son resultados que reconocieron las autoridades estadounidenses.<\/p>\n<p>&nbsp;<\/p>\n<p>Finalmente, la Guardia Nacional asume, de manera hist\u00f3rica la seguridad en todo el territorio nacional, lo que significa un mayor control en este sector.<\/p>\n<p>&nbsp;<\/p>\n<p>El secretario inform\u00f3 que en la reuni\u00f3n se expuso el aseguramiento de m\u00e1s de 32 mil armas que habr\u00edan llegado al crimen organizado; 17 millones de cartuchos; m\u00e1s de 5 toneladas de pastillas con fentanilo y 154 toneladas de metanfetaminas, adem\u00e1s de 94 toneladas de coca\u00edna.<\/p>\n<p>&nbsp;<\/p>\n<p>Ante funcionarios del gobierno de Estados Unidos se destac\u00f3 la reducci\u00f3n del 9.2 por ciento de homicidios dolosos, secuestros y robos.<\/p>\n<p>&nbsp;<\/p>\n<p>La estrategia de seguridad incluye el combate a la fabricaci\u00f3n y comercio de fentanilo, incluyendo diversos qu\u00edmicos como sustancias controladas.<\/p>\n<p>&nbsp;<\/p>\n<p>El titular de la SRE adelant\u00f3 que los objetivos 2023 consisten en 20 medidas para aumentar confiscaci\u00f3n de armas y reducir a\u00fan m\u00e1s el tr\u00e1fico ilegal. Se crear\u00e1 un grupo de trabajo con este objetivo.<\/p>\n<p>&nbsp;<\/p>\n<p>Tambi\u00e9n se propuso una estrategia para combatir la cadena de valor en la fabricaci\u00f3n de drogas sint\u00e9ticas y M\u00e9xico tambi\u00e9n dar\u00e1 seguimiento a la segunda denuncia contra el tr\u00e1fico de armas que se present\u00f3 recientemente en Estados Unidos.<\/p>\n<p>&nbsp;<\/p>\n<p>&nbsp;<\/p>\n<p>PUBLICADO EL 13\/OCTUBRE DE 2022 \/Con informaci\u00f3n del boletin\u00a0 GOBIERNO DE LA REPUBLICA)<\/p>\n","protected":false},"excerpt":{"rendered":"<p>CIUDAD DE M\u00c9XICO. MX. \u2014 El presidente Andr\u00e9s Manuel L\u00f3pez Obrador afirm\u00f3 que el pueblo&#8230;<\/p>\n","protected":false},"author":1,"featured_media":149210,"comment_status":"open","ping_status":"open","sticky":false,"template":"","format":"standard","meta":{"_monsterinsights_skip_tracking":false,"_monsterinsights_sitenote_active":false,"_monsterinsights_sitenote_note":"","_monsterinsights_sitenote_category":0,"footnotes":""},"categories":[5],"tags":[],"class_list":["post"],"yoast_head":" \n<title>Sonora en Equipo. M\u00e9xico es respetado por los pa\u00edses del mundo: presidente Rep\u00fablica<\/title>\n<meta name=\"description\" content=\"CIUDAD DE M\u00c9XICO. MX. \u2014 El presidente Andr\u00e9s Manuel L\u00f3pez Obrador afirm\u00f3 que el pueblo de M\u00e9xico es querido y respetado en el mundo \u201cy ahora que se ha En Sonora en Equipo publicamos toda la informaci\u00f3n de Sonora, M\u00e9xico y el Mundo de manera oportuna y busca que la libertad de expresi\u00f3n sea real. Visita nuestro medio informativo publicado desde Hermosillo, Sonora. %\" \/>\n<meta name=\"robots\" content=\"index, follow, max-snippet:-1, max-image-preview:large, max-video-preview:-1\" \/>\n<link rel=\"canonical\" href=\"https:\/\/www.sonoraenequipo.com.mx\/mexico-es-respetado-por-los-paises-del-mundo-presidente\/\" \/>\n<meta property=\"og:locale\" content=\"es_ES\" \/>\n<meta property=\"og:type\" content=\"article\" \/>\n<meta property=\"og:title\" content=\"Sonora en Equipo. M\u00e9xico es respetado por los pa\u00edses del mundo: presidente Rep\u00fablica\" \/>\n<meta property=\"og:description\" content=\"CIUDAD DE M\u00c9XICO. MX. \u2014 El presidente Andr\u00e9s Manuel L\u00f3pez Obrador afirm\u00f3 que el pueblo de M\u00e9xico es querido y respetado en el mundo \u201cy ahora que se ha En Sonora en Equipo publicamos toda la informaci\u00f3n de Sonora, M\u00e9xico y el Mundo de manera oportuna y busca que la libertad de expresi\u00f3n sea real. Visita nuestro medio informativo publicado desde Hermosillo, Sonora. %\" \/>\n<meta property=\"og:url\" content=\"https:\/\/www.sonoraenequipo.com.mx\/mexico-es-respetado-por-los-paises-del-mundo-presidente\/\" \/>\n<meta property=\"og:site_name\" content=\"Sonora en Equipo.\" \/>\n<meta property=\"article:publisher\" content=\"https:\/\/www.facebook.com\/SonoraEE\/\" \/>\n<meta property=\"article:author\" content=\"https:\/\/www.facebook.com\/SonoraEE\" \/>\n<meta property=\"article:published_time\" content=\"2022-10-14T16:10:55+00:00\" \/>\n<meta property=\"article:modified_time\" content=\"2022-10-14T18:10:21+00:00\" \/>\n<meta property=\"og:image\" content=\"https:\/\/www.sonoraenequipo.com.mx\/storage\/2022\/10\/amlo.2022.10.14-a.jpg\" \/>\n\t<meta property=\"og:image:width\" content=\"770\" \/>\n\t<meta property=\"og:image:height\" content=\"440\" \/>\n\t<meta property=\"og:image:type\" content=\"image\/jpeg\" \/>\n<meta name=\"author\" content=\"enequipo\" \/>\n<meta name=\"twitter:card\" content=\"summary_large_image\" \/>\n<meta name=\"twitter:creator\" content=\"@sonoraenequipo\" \/>\n<meta name=\"twitter:site\" content=\"@sonoraenequipo\" \/>\n<meta name=\"twitter:label1\" content=\"Escrito por\" \/>\n\t<meta name=\"twitter:data1\" content=\"enequipo\" \/>\n\t<meta name=\"twitter:label2\" content=\"Tiempo de lectura\" \/>\n\t<meta name=\"twitter:data2\" content=\"4 minutos\" \/>\n<script type=\"application\/ld+json\" class=\"yoast-schema-graph\">{\"@context\":\"https:\/\/schema.org\",\"@graph\":[{\"@type\":\"Article\",\"@id\":\"https:\/\/www.sonoraenequipo.com.mx\/mexico-es-respetado-por-los-paises-del-mundo-presidente\/#article\",\"isPartOf\":{\"@id\":\"https:\/\/www.sonoraenequipo.com.mx\/mexico-es-respetado-por-los-paises-del-mundo-presidente\/\"},\"author\":{\"name\":\"enequipo\",\"@id\":\"https:\/\/www.sonoraenequipo.com.mx\/#\/schema\/person\/50102df0fb23a8fa9e8effad8fa81386\"},\"headline\":\"M\u00e9xico es respetado por los pa\u00edses del mundo: presidente\",\"datePublished\":\"2022-10-14T16:10:55+00:00\",\"dateModified\":\"2022-10-14T18:10:21+00:00\",\"mainEntityOfPage\":{\"@id\":\"https:\/\/www.sonoraenequipo.com.mx\/mexico-es-respetado-por-los-paises-del-mundo-presidente\/\"},\"wordCount\":774,\"commentCount\":0,\"publisher\":{\"@id\":\"https:\/\/www.sonoraenequipo.com.mx\/#organization\"},\"image\":{\"@id\":\"https:\/\/www.sonoraenequipo.com.mx\/mexico-es-respetado-por-los-paises-del-mundo-presidente\/#primaryimage\"},\"thumbnailUrl\":\"https:\/\/www.sonoraenequipo.com.mx\/storage\/2022\/10\/amlo.2022.10.14-a.jpg\",\"articleSection\":[\"Rep\u00fablica\"],\"inLanguage\":\"es\",\"potentialAction\":[{\"@type\":\"CommentAction\",\"name\":\"Comment\",\"target\":[\"https:\/\/www.sonoraenequipo.com.mx\/mexico-es-respetado-por-los-paises-del-mundo-presidente\/#respond\"]}]},{\"@type\":\"WebPage\",\"@id\":\"https:\/\/www.sonoraenequipo.com.mx\/mexico-es-respetado-por-los-paises-del-mundo-presidente\/\",\"url\":\"https:\/\/www.sonoraenequipo.com.mx\/mexico-es-respetado-por-los-paises-del-mundo-presidente\/\",\"name\":\"Sonora en Equipo. M\u00e9xico es respetado por los pa\u00edses del mundo: presidente Rep\u00fablica\",\"isPartOf\":{\"@id\":\"https:\/\/www.sonoraenequipo.com.mx\/#website\"},\"primaryImageOfPage\":{\"@id\":\"https:\/\/www.sonoraenequipo.com.mx\/mexico-es-respetado-por-los-paises-del-mundo-presidente\/#primaryimage\"},\"image\":{\"@id\":\"https:\/\/www.sonoraenequipo.com.mx\/mexico-es-respetado-por-los-paises-del-mundo-presidente\/#primaryimage\"},\"thumbnailUrl\":\"https:\/\/www.sonoraenequipo.com.mx\/storage\/2022\/10\/amlo.2022.10.14-a.jpg\",\"datePublished\":\"2022-10-14T16:10:55+00:00\",\"dateModified\":\"2022-10-14T18:10:21+00:00\",\"description\":\"CIUDAD DE M\u00c9XICO. MX. \u2014 El presidente Andr\u00e9s Manuel L\u00f3pez Obrador afirm\u00f3 que el pueblo de M\u00e9xico es querido y respetado en el mundo \u201cy ahora que se ha En Sonora en Equipo publicamos toda la informaci\u00f3n de Sonora, M\u00e9xico y el Mundo de manera oportuna y busca que la libertad de expresi\u00f3n sea real. Visita nuestro medio informativo publicado desde Hermosillo, Sonora. %\",\"breadcrumb\":{\"@id\":\"https:\/\/www.sonoraenequipo.com.mx\/mexico-es-respetado-por-los-paises-del-mundo-presidente\/#breadcrumb\"},\"inLanguage\":\"es\",\"potentialAction\":[{\"@type\":\"ReadAction\",\"target\":[\"https:\/\/www.sonoraenequipo.com.mx\/mexico-es-respetado-por-los-paises-del-mundo-presidente\/\"]}]},{\"@type\":\"ImageObject\",\"inLanguage\":\"es\",\"@id\":\"https:\/\/www.sonoraenequipo.com.mx\/mexico-es-respetado-por-los-paises-del-mundo-presidente\/#primaryimage\",\"url\":\"https:\/\/www.sonoraenequipo.com.mx\/storage\/2022\/10\/amlo.2022.10.14-a.jpg\",\"contentUrl\":\"https:\/\/www.sonoraenequipo.com.mx\/storage\/2022\/10\/amlo.2022.10.14-a.jpg\",\"width\":770,\"height\":440},{\"@type\":\"BreadcrumbList\",\"@id\":\"https:\/\/www.sonoraenequipo.com.mx\/mexico-es-respetado-por-los-paises-del-mundo-presidente\/#breadcrumb\",\"itemListElement\":[{\"@type\":\"ListItem\",\"position\":1,\"name\":\"Portada\",\"item\":\"https:\/\/www.sonoraenequipo.com.mx\/\"},{\"@type\":\"ListItem\",\"position\":2,\"name\":\"M\u00e9xico es respetado por los pa\u00edses del mundo: presidente\"}]},{\"@type\":\"WebSite\",\"@id\":\"https:\/\/www.sonoraenequipo.com.mx\/#website\",\"url\":\"https:\/\/www.sonoraenequipo.com.mx\/\",\"name\":\"Sonora en Equipo.\",\"description\":\"Diario en l\u00ednea con Noticias desde Hermosillo, Sonora\",\"publisher\":{\"@id\":\"https:\/\/www.sonoraenequipo.com.mx\/#organization\"},\"potentialAction\":[{\"@type\":\"SearchAction\",\"target\":{\"@type\":\"EntryPoint\",\"urlTemplate\":\"https:\/\/www.sonoraenequipo.com.mx\/?s={search_term_string}\"},\"query-input\":{\"@type\":\"PropertyValueSpecification\",\"valueRequired\":true,\"valueName\":\"search_term_string\"}}],\"inLanguage\":\"es\"},{\"@type\":\"Organization\",\"@id\":\"https:\/\/www.sonoraenequipo.com.mx\/#organization\",\"name\":\"Sonoraenequipo.com.mx\",\"url\":\"https:\/\/www.sonoraenequipo.com.mx\/\",\"logo\":{\"@type\":\"ImageObject\",\"inLanguage\":\"es\",\"@id\":\"https:\/\/www.sonoraenequipo.com.mx\/#\/schema\/logo\/image\/\",\"url\":\"https:\/\/www.sonoraenequipo.com.mx\/storage\/2019\/01\/sonoraenequipo_opt.png\",\"contentUrl\":\"https:\/\/www.sonoraenequipo.com.mx\/storage\/2019\/01\/sonoraenequipo_opt.png\",\"width\":375,\"height\":125,\"caption\":\"Sonoraenequipo.com.mx\"},\"image\":{\"@id\":\"https:\/\/www.sonoraenequipo.com.mx\/#\/schema\/logo\/image\/\"},\"sameAs\":[\"https:\/\/www.facebook.com\/SonoraEE\/\",\"https:\/\/x.com\/sonoraenequipo\",\"https:\/\/www.youtube.com\/channel\/UC338nW-lPEYmJQs4ZABQ1SQ\"]},{\"@type\":\"Person\",\"@id\":\"https:\/\/www.sonoraenequipo.com.mx\/#\/schema\/person\/50102df0fb23a8fa9e8effad8fa81386\",\"name\":\"enequipo\",\"image\":{\"@type\":\"ImageObject\",\"inLanguage\":\"es\",\"@id\":\"https:\/\/www.sonoraenequipo.com.mx\/#\/schema\/person\/image\/\",\"url\":\"https:\/\/secure.gravatar.com\/avatar\/049821681b589dabc0bc20695993ccebb09f5b5d4d790cd9251b97faac7c652b?s=96&d=blank&r=g\",\"contentUrl\":\"https:\/\/secure.gravatar.com\/avatar\/049821681b589dabc0bc20695993ccebb09f5b5d4d790cd9251b97faac7c652b?s=96&d=blank&r=g\",\"caption\":\"enequipo\"},\"sameAs\":[\"https:\/\/www.facebook.com\/SonoraEE\"]}]}<\/script>\n ","yoast_head_json":{"title":"Sonora en Equipo. M\u00e9xico es respetado por los pa\u00edses del mundo: presidente Rep\u00fablica","description":"CIUDAD DE M\u00c9XICO. MX. \u2014 El presidente Andr\u00e9s Manuel L\u00f3pez Obrador afirm\u00f3 que el pueblo de M\u00e9xico es querido y respetado en el mundo \u201cy ahora que se ha En Sonora en Equipo publicamos toda la informaci\u00f3n de Sonora, M\u00e9xico y el Mundo de manera oportuna y busca que la libertad de expresi\u00f3n sea real. Visita nuestro medio informativo publicado desde Hermosillo, Sonora. %","robots":{"index":"index","follow":"follow","max-snippet":"max-snippet:-1","max-image-preview":"max-image-preview:large","max-video-preview":"max-video-preview:-1"},"canonical":"https:\/\/www.sonoraenequipo.com.mx\/mexico-es-respetado-por-los-paises-del-mundo-presidente\/","og_locale":"es_ES","og_type":"article","og_title":"Sonora en Equipo. M\u00e9xico es respetado por los pa\u00edses del mundo: presidente Rep\u00fablica","og_description":"CIUDAD DE M\u00c9XICO. MX. \u2014 El presidente Andr\u00e9s Manuel L\u00f3pez Obrador afirm\u00f3 que el pueblo de M\u00e9xico es querido y respetado en el mundo \u201cy ahora que se ha En Sonora en Equipo publicamos toda la informaci\u00f3n de Sonora, M\u00e9xico y el Mundo de manera oportuna y busca que la libertad de expresi\u00f3n sea real. Visita nuestro medio informativo publicado desde Hermosillo, Sonora. %","og_url":"https:\/\/www.sonoraenequipo.com.mx\/mexico-es-respetado-por-los-paises-del-mundo-presidente\/","og_site_name":"Sonora en Equipo.","article_publisher":"https:\/\/www.facebook.com\/SonoraEE\/","article_author":"https:\/\/www.facebook.com\/SonoraEE","article_published_time":"2022-10-14T16:10:55+00:00","article_modified_time":"2022-10-14T18:10:21+00:00","og_image":[{"width":770,"height":440,"url":"https:\/\/www.sonoraenequipo.com.mx\/storage\/2022\/10\/amlo.2022.10.14-a.jpg","type":"image\/jpeg"}],"author":"enequipo","twitter_card":"summary_large_image","twitter_creator":"@sonoraenequipo","twitter_site":"@sonoraenequipo","twitter_misc":{"Escrito por":"enequipo","Tiempo de lectura":"4 minutos"},"schema":{"@context":"https:\/\/schema.org","@graph":[{"@type":"Article","@id":"https:\/\/www.sonoraenequipo.com.mx\/mexico-es-respetado-por-los-paises-del-mundo-presidente\/#article","isPartOf":{"@id":"https:\/\/www.sonoraenequipo.com.mx\/mexico-es-respetado-por-los-paises-del-mundo-presidente\/"},"author":{"name":"enequipo","@id":"https:\/\/www.sonoraenequipo.com.mx\/#\/schema\/person\/50102df0fb23a8fa9e8effad8fa81386"},"headline":"M\u00e9xico es respetado por los pa\u00edses del mundo: presidente","datePublished":"2022-10-14T16:10:55+00:00","dateModified":"2022-10-14T18:10:21+00:00","mainEntityOfPage":{"@id":"https:\/\/www.sonoraenequipo.com.mx\/mexico-es-respetado-por-los-paises-del-mundo-presidente\/"},"wordCount":774,"commentCount":0,"publisher":{"@id":"https:\/\/www.sonoraenequipo.com.mx\/#organization"},"image":{"@id":"https:\/\/www.sonoraenequipo.com.mx\/mexico-es-respetado-por-los-paises-del-mundo-presidente\/#primaryimage"},"thumbnailUrl":"https:\/\/www.sonoraenequipo.com.mx\/storage\/2022\/10\/amlo.2022.10.14-a.jpg","articleSection":["Rep\u00fablica"],"inLanguage":"es","potentialAction":[{"@type":"CommentAction","name":"Comment","target":["https:\/\/www.sonoraenequipo.com.mx\/mexico-es-respetado-por-los-paises-del-mundo-presidente\/#respond"]}]},{"@type":"WebPage","@id":"https:\/\/www.sonoraenequipo.com.mx\/mexico-es-respetado-por-los-paises-del-mundo-presidente\/","url":"https:\/\/www.sonoraenequipo.com.mx\/mexico-es-respetado-por-los-paises-del-mundo-presidente\/","name":"Sonora en Equipo. M\u00e9xico es respetado por los pa\u00edses del mundo: presidente Rep\u00fablica","isPartOf":{"@id":"https:\/\/www.sonoraenequipo.com.mx\/#website"},"primaryImageOfPage":{"@id":"https:\/\/www.sonoraenequipo.com.mx\/mexico-es-respetado-por-los-paises-del-mundo-presidente\/#primaryimage"},"image":{"@id":"https:\/\/www.sonoraenequipo.com.mx\/mexico-es-respetado-por-los-paises-del-mundo-presidente\/#primaryimage"},"thumbnailUrl":"https:\/\/www.sonoraenequipo.com.mx\/storage\/2022\/10\/amlo.2022.10.14-a.jpg","datePublished":"2022-10-14T16:10:55+00:00","dateModified":"2022-10-14T18:10:21+00:00","description":"CIUDAD DE M\u00c9XICO. MX. \u2014 El presidente Andr\u00e9s Manuel L\u00f3pez Obrador afirm\u00f3 que el pueblo de M\u00e9xico es querido y respetado en el mundo \u201cy ahora que se ha En Sonora en Equipo publicamos toda la informaci\u00f3n de Sonora, M\u00e9xico y el Mundo de manera oportuna y busca que la libertad de expresi\u00f3n sea real. Visita nuestro medio informativo publicado desde Hermosillo, Sonora. %","breadcrumb":{"@id":"https:\/\/www.sonoraenequipo.com.mx\/mexico-es-respetado-por-los-paises-del-mundo-presidente\/#breadcrumb"},"inLanguage":"es","potentialAction":[{"@type":"ReadAction","target":["https:\/\/www.sonoraenequipo.com.mx\/mexico-es-respetado-por-los-paises-del-mundo-presidente\/"]}]},{"@type":"ImageObject","inLanguage":"es","@id":"https:\/\/www.sonoraenequipo.com.mx\/mexico-es-respetado-por-los-paises-del-mundo-presidente\/#primaryimage","url":"https:\/\/www.sonoraenequipo.com.mx\/storage\/2022\/10\/amlo.2022.10.14-a.jpg","contentUrl":"https:\/\/www.sonoraenequipo.com.mx\/storage\/2022\/10\/amlo.2022.10.14-a.jpg","width":770,"height":440},{"@type":"BreadcrumbList","@id":"https:\/\/www.sonoraenequipo.com.mx\/mexico-es-respetado-por-los-paises-del-mundo-presidente\/#breadcrumb","itemListElement":[{"@type":"ListItem","position":1,"name":"Portada","item":"https:\/\/www.sonoraenequipo.com.mx\/"},{"@type":"ListItem","position":2,"name":"M\u00e9xico es respetado por los pa\u00edses del mundo: presidente"}]},{"@type":"WebSite","@id":"https:\/\/www.sonoraenequipo.com.mx\/#website","url":"https:\/\/www.sonoraenequipo.com.mx\/","name":"Sonora en Equipo.","description":"Diario en l\u00ednea con Noticias desde Hermosillo, Sonora","publisher":{"@id":"https:\/\/www.sonoraenequipo.com.mx\/#organization"},"potentialAction":[{"@type":"SearchAction","target":{"@type":"EntryPoint","urlTemplate":"https:\/\/www.sonoraenequipo.com.mx\/?s={search_term_string}"},"query-input":{"@type":"PropertyValueSpecification","valueRequired":true,"valueName":"search_term_string"}}],"inLanguage":"es"},{"@type":"Organization","@id":"https:\/\/www.sonoraenequipo.com.mx\/#organization","name":"Sonoraenequipo.com.mx","url":"https:\/\/www.sonoraenequipo.com.mx\/","logo":{"@type":"ImageObject","inLanguage":"es","@id":"https:\/\/www.sonoraenequipo.com.mx\/#\/schema\/logo\/image\/","url":"https:\/\/www.sonoraenequipo.com.mx\/storage\/2019\/01\/sonoraenequipo_opt.png","contentUrl":"https:\/\/www.sonoraenequipo.com.mx\/storage\/2019\/01\/sonoraenequipo_opt.png","width":375,"height":125,"caption":"Sonoraenequipo.com.mx"},"image":{"@id":"https:\/\/www.sonoraenequipo.com.mx\/#\/schema\/logo\/image\/"},"sameAs":["https:\/\/www.facebook.com\/SonoraEE\/","https:\/\/x.com\/sonoraenequipo","https:\/\/www.youtube.com\/channel\/UC338nW-lPEYmJQs4ZABQ1SQ"]},{"@type":"Person","@id":"https:\/\/www.sonoraenequipo.com.mx\/#\/schema\/person\/50102df0fb23a8fa9e8effad8fa81386","name":"enequipo","image":{"@type":"ImageObject","inLanguage":"es","@id":"https:\/\/www.sonoraenequipo.com.mx\/#\/schema\/person\/image\/","url":"https:\/\/secure.gravatar.com\/avatar\/049821681b589dabc0bc20695993ccebb09f5b5d4d790cd9251b97faac7c652b?s=96&d=blank&r=g","contentUrl":"https:\/\/secure.gravatar.com\/avatar\/049821681b589dabc0bc20695993ccebb09f5b5d4d790cd9251b97faac7c652b?s=96&d=blank&r=g","caption":"enequipo"},"sameAs":["https:\/\/www.facebook.com\/SonoraEE"]}]}},"jetpack_featured_media_url":"https:\/\/www.sonoraenequipo.com.mx\/storage\/2022\/10\/amlo.2022.10.14-a.jpg","_links":{"self":[{"href":"https:\/\/www.sonoraenequipo.com.mx\/api\/wp\/v2\/posts\/149209","targetHints":{"allow":["GET"]}}],"collection":[{"href":"https:\/\/www.sonoraenequipo.com.mx\/api\/wp\/v2\/posts"}],"about":[{"href":"https:\/\/www.sonoraenequipo.com.mx\/api\/wp\/v2\/types\/post"}],"author":[{"embeddable":true,"href":"https:\/\/www.sonoraenequipo.com.mx\/api\/wp\/v2\/users\/1"}],"replies":[{"embeddable":true,"href":"https:\/\/www.sonoraenequipo.com.mx\/api\/wp\/v2\/comments?post=149209"}],"version-history":[{"count":1,"href":"https:\/\/www.sonoraenequipo.com.mx\/api\/wp\/v2\/posts\/149209\/revisions"}],"predecessor-version":[{"id":149211,"href":"https:\/\/www.sonoraenequipo.com.mx\/api\/wp\/v2\/posts\/149209\/revisions\/149211"}],"wp:featuredmedia":[{"embeddable":true,"href":"https:\/\/www.sonoraenequipo.com.mx\/api\/wp\/v2\/media\/149210"}],"wp:attachment":[{"href":"https:\/\/www.sonoraenequipo.com.mx\/api\/wp\/v2\/media?parent=149209"}],"wp:term":[{"taxonomy":"category","embeddable":true,"href":"https:\/\/www.sonoraenequipo.com.mx\/api\/wp\/v2\/categories?post=149209"},{"taxonomy":"post_tag","embeddable":true,"href":"https:\/\/www.sonoraenequipo.com.mx\/api\/wp\/v2\/tags?post=149209"}],"curies":[{"name":"wp","href":"https:\/\/api.w.org\/{rel}","templated":true}]}}