{"id":149223,"date":"2022-10-14T14:27:50","date_gmt":"2022-10-14T21:27:50","guid":{"rendered":"https:\/\/www.sonoraenequipo.com.mx\/?p=149223"},"modified":"2022-10-14T14:27:50","modified_gmt":"2022-10-14T21:27:50","slug":"brillan-pesistas-sonorenses-en-campeonato-nacional-infantil-celebrado-en-san-luis-potosi","status":"publish","type":"post","link":"https:\/\/www.sonoraenequipo.com.mx\/brillan-pesistas-sonorenses-en-campeonato-nacional-infantil-celebrado-en-san-luis-potosi\/","title":{"rendered":"Brillan pesistas sonorenses en Campeonato Nacional Infantil celebrado en San Luis Potos\u00ed"},"content":{"rendered":"<p>\u25baLa legi\u00f3n sonorense consigue 43 medallas, de las cuales 17 fueron doradas, 10 platas y 16 bronces en Infantil, Sub 15 y Mayores<\/p>\n<p>&nbsp;<\/p>\n<p><strong>HERMOSILLO, SONORA,MX.<\/strong><strong>\u2500\u2500<\/strong> La delegaci\u00f3n sonorense de levantamiento de pesas conquist\u00f3 43 medallas en su actuaci\u00f3n en el Campeonato Nacional Infantil, Sub 15 y Selectivo de Mayores, que tuvo lugar en San Luis Potos\u00ed, San Luis Potos\u00ed, el pasado fin de semana.<\/p>\n<p>&nbsp;<\/p>\n<p>El equipo de halteristas de \u201cSonora Yo\u2019 One\u201d captur\u00f3 17 preseas del m\u00e1ximo color por 10 de plata y 16 de bronce, tomando en cuenta que, adem\u00e1s de los infantiles, tambi\u00e9n compitieron Juveniles, y Mayores. En el caso de estos \u00faltimos, los resultados servir\u00e1n para m\u00e1s adelante definir la selecci\u00f3n nacional rumbo al Campeonato Mundial a realizarse la primera semana de diciembre en Bogot\u00e1, Colombia.<\/p>\n<p>&nbsp;<\/p>\n<p>La actuaci\u00f3n de Sonora la encabez\u00f3 la campeona mundial juvenil Sub 20, Daphne Guill\u00e9n, quien gan\u00f3 las tres medallas doradas en la categor\u00eda de Mayores dentro de la divisi\u00f3n de 59 kilogramos.<\/p>\n<p>&nbsp;<\/p>\n<p>En total cinco sonorenses ganaron campeonatos al llevarse las tres medallas \u00e1ureas, los otros cuatro fueron Emanuel Arcoverde (Sub 11 en 68 kilogramos), Heidy Ch\u00e1vez (Sub 13 en 71), Rodolfo Rodr\u00edguez (Sub 15 en 67) y Ricardo Corona (Sub 13 en 44). Por su parte, Andrea Gast\u00e9lum (Mayores en 76) logr\u00f3 dos oros y una plata.<\/p>\n<p>&nbsp;<\/p>\n<p>Con tres platas terminaron Ana Paula Torres (Sub 13 en 59) y Roc\u00edo Rodr\u00edguez (Sub 15 en 71); mientras que, tanto Derek Acosta (Mayor en 61) como Karla Ortiz (Mayor en 64), sumaron una argenta y dos bronces; adem\u00e1s, Naomi Montes (Mayores en 45) aport\u00f3 una plateada y una de tercer sitio.<\/p>\n<p>&nbsp;<\/p>\n<p>De las otras once medallas de bronce, seis quedaron en poder de Eliel Rubio (Sub 13 en 67) y Juli\u00e1n Mac\u00edas (Sub 11 en 67) pues cada uno obtuvo tres; Diego Anaya (Sub 13 en 73) y C\u00e9lida Pi\u00f1a (Sub 15 en 64) agregaron dos por cabeza; y Santiago Jim\u00e9nez (Sub 11 en 36) gan\u00f3 una.<\/p>\n<p><strong><u>Fecha de publicaci\u00f3n mi\u00e9rcoles 14 de octubre de 2022<\/u><\/strong><\/p>\n","protected":false},"excerpt":{"rendered":"<p>\u25baLa legi\u00f3n sonorense consigue 43 medallas, de las cuales 17 fueron doradas, 10 platas y&#8230;<\/p>\n","protected":false},"author":1,"featured_media":149224,"comment_status":"open","ping_status":"open","sticky":false,"template":"","format":"standard","meta":{"_monsterinsights_skip_tracking":false,"_monsterinsights_sitenote_active":false,"_monsterinsights_sitenote_note":"","_monsterinsights_sitenote_category":0,"footnotes":""},"categories":[10],"tags":[7635,15],"class_list":["post"],"yoast_head":" \n<title>Sonora en Equipo. Brillan pesistas sonorenses en Campeonato Nacional Infantil celebrado en San Luis Potos\u00ed Deportes<\/title>\n<meta name=\"description\" content=\"\u25baLa legi\u00f3n sonorense consigue 43 medallas, de las cuales 17 fueron doradas, 10 platas y 16 bronces en Infantil, Sub 15 y Mayores &nbsp; HERMOSILLO, En Sonora en Equipo publicamos toda la informaci\u00f3n de Sonora, M\u00e9xico y el Mundo de manera oportuna y busca que la libertad de expresi\u00f3n sea real. Visita nuestro medio informativo publicado desde Hermosillo, Sonora. %\" \/>\n<meta name=\"robots\" content=\"index, follow, max-snippet:-1, max-image-preview:large, max-video-preview:-1\" \/>\n<link rel=\"canonical\" href=\"https:\/\/www.sonoraenequipo.com.mx\/brillan-pesistas-sonorenses-en-campeonato-nacional-infantil-celebrado-en-san-luis-potosi\/\" \/>\n<meta property=\"og:locale\" content=\"es_ES\" \/>\n<meta property=\"og:type\" content=\"article\" \/>\n<meta property=\"og:title\" content=\"Sonora en Equipo. Brillan pesistas sonorenses en Campeonato Nacional Infantil celebrado en San Luis Potos\u00ed Deportes\" \/>\n<meta property=\"og:description\" content=\"\u25baLa legi\u00f3n sonorense consigue 43 medallas, de las cuales 17 fueron doradas, 10 platas y 16 bronces en Infantil, Sub 15 y Mayores &nbsp; HERMOSILLO, En Sonora en Equipo publicamos toda la informaci\u00f3n de Sonora, M\u00e9xico y el Mundo de manera oportuna y busca que la libertad de expresi\u00f3n sea real. Visita nuestro medio informativo publicado desde Hermosillo, Sonora. %\" \/>\n<meta property=\"og:url\" content=\"https:\/\/www.sonoraenequipo.com.mx\/brillan-pesistas-sonorenses-en-campeonato-nacional-infantil-celebrado-en-san-luis-potosi\/\" \/>\n<meta property=\"og:site_name\" content=\"Sonora en Equipo.\" \/>\n<meta property=\"article:publisher\" content=\"https:\/\/www.facebook.com\/SonoraEE\/\" \/>\n<meta property=\"article:author\" content=\"https:\/\/www.facebook.com\/SonoraEE\" \/>\n<meta property=\"article:published_time\" content=\"2022-10-14T21:27:50+00:00\" \/>\n<meta property=\"og:image\" content=\"https:\/\/www.sonoraenequipo.com.mx\/storage\/2022\/10\/pesas.jpg\" \/>\n\t<meta property=\"og:image:width\" content=\"700\" \/>\n\t<meta property=\"og:image:height\" content=\"466\" \/>\n\t<meta property=\"og:image:type\" content=\"image\/jpeg\" \/>\n<meta name=\"author\" content=\"enequipo\" \/>\n<meta name=\"twitter:card\" content=\"summary_large_image\" \/>\n<meta name=\"twitter:creator\" content=\"@sonoraenequipo\" \/>\n<meta name=\"twitter:site\" content=\"@sonoraenequipo\" \/>\n<meta name=\"twitter:label1\" content=\"Escrito por\" \/>\n\t<meta name=\"twitter:data1\" content=\"enequipo\" \/>\n\t<meta name=\"twitter:label2\" content=\"Tiempo de lectura\" \/>\n\t<meta name=\"twitter:data2\" content=\"2 minutos\" \/>\n<script type=\"application\/ld+json\" class=\"yoast-schema-graph\">{\"@context\":\"https:\/\/schema.org\",\"@graph\":[{\"@type\":\"Article\",\"@id\":\"https:\/\/www.sonoraenequipo.com.mx\/brillan-pesistas-sonorenses-en-campeonato-nacional-infantil-celebrado-en-san-luis-potosi\/#article\",\"isPartOf\":{\"@id\":\"https:\/\/www.sonoraenequipo.com.mx\/brillan-pesistas-sonorenses-en-campeonato-nacional-infantil-celebrado-en-san-luis-potosi\/\"},\"author\":{\"name\":\"enequipo\",\"@id\":\"https:\/\/www.sonoraenequipo.com.mx\/#\/schema\/person\/50102df0fb23a8fa9e8effad8fa81386\"},\"headline\":\"Brillan pesistas sonorenses en Campeonato Nacional Infantil celebrado en San Luis Potos\u00ed\",\"datePublished\":\"2022-10-14T21:27:50+00:00\",\"mainEntityOfPage\":{\"@id\":\"https:\/\/www.sonoraenequipo.com.mx\/brillan-pesistas-sonorenses-en-campeonato-nacional-infantil-celebrado-en-san-luis-potosi\/\"},\"wordCount\":339,\"commentCount\":0,\"publisher\":{\"@id\":\"https:\/\/www.sonoraenequipo.com.mx\/#organization\"},\"image\":{\"@id\":\"https:\/\/www.sonoraenequipo.com.mx\/brillan-pesistas-sonorenses-en-campeonato-nacional-infantil-celebrado-en-san-luis-potosi\/#primaryimage\"},\"thumbnailUrl\":\"https:\/\/www.sonoraenequipo.com.mx\/storage\/2022\/10\/pesas.jpg\",\"keywords\":[\"pesistas\",\"Sonora\"],\"articleSection\":[\"Deportes\"],\"inLanguage\":\"es\",\"potentialAction\":[{\"@type\":\"CommentAction\",\"name\":\"Comment\",\"target\":[\"https:\/\/www.sonoraenequipo.com.mx\/brillan-pesistas-sonorenses-en-campeonato-nacional-infantil-celebrado-en-san-luis-potosi\/#respond\"]}]},{\"@type\":\"WebPage\",\"@id\":\"https:\/\/www.sonoraenequipo.com.mx\/brillan-pesistas-sonorenses-en-campeonato-nacional-infantil-celebrado-en-san-luis-potosi\/\",\"url\":\"https:\/\/www.sonoraenequipo.com.mx\/brillan-pesistas-sonorenses-en-campeonato-nacional-infantil-celebrado-en-san-luis-potosi\/\",\"name\":\"Sonora en Equipo. Brillan pesistas sonorenses en Campeonato Nacional Infantil celebrado en San Luis Potos\u00ed Deportes\",\"isPartOf\":{\"@id\":\"https:\/\/www.sonoraenequipo.com.mx\/#website\"},\"primaryImageOfPage\":{\"@id\":\"https:\/\/www.sonoraenequipo.com.mx\/brillan-pesistas-sonorenses-en-campeonato-nacional-infantil-celebrado-en-san-luis-potosi\/#primaryimage\"},\"image\":{\"@id\":\"https:\/\/www.sonoraenequipo.com.mx\/brillan-pesistas-sonorenses-en-campeonato-nacional-infantil-celebrado-en-san-luis-potosi\/#primaryimage\"},\"thumbnailUrl\":\"https:\/\/www.sonoraenequipo.com.mx\/storage\/2022\/10\/pesas.jpg\",\"datePublished\":\"2022-10-14T21:27:50+00:00\",\"description\":\"\u25baLa legi\u00f3n sonorense consigue 43 medallas, de las cuales 17 fueron doradas, 10 platas y 16 bronces en Infantil, Sub 15 y Mayores &nbsp; HERMOSILLO, En Sonora en Equipo publicamos toda la informaci\u00f3n de Sonora, M\u00e9xico y el Mundo de manera oportuna y busca que la libertad de expresi\u00f3n sea real. Visita nuestro medio informativo publicado desde Hermosillo, Sonora. %\",\"breadcrumb\":{\"@id\":\"https:\/\/www.sonoraenequipo.com.mx\/brillan-pesistas-sonorenses-en-campeonato-nacional-infantil-celebrado-en-san-luis-potosi\/#breadcrumb\"},\"inLanguage\":\"es\",\"potentialAction\":[{\"@type\":\"ReadAction\",\"target\":[\"https:\/\/www.sonoraenequipo.com.mx\/brillan-pesistas-sonorenses-en-campeonato-nacional-infantil-celebrado-en-san-luis-potosi\/\"]}]},{\"@type\":\"ImageObject\",\"inLanguage\":\"es\",\"@id\":\"https:\/\/www.sonoraenequipo.com.mx\/brillan-pesistas-sonorenses-en-campeonato-nacional-infantil-celebrado-en-san-luis-potosi\/#primaryimage\",\"url\":\"https:\/\/www.sonoraenequipo.com.mx\/storage\/2022\/10\/pesas.jpg\",\"contentUrl\":\"https:\/\/www.sonoraenequipo.com.mx\/storage\/2022\/10\/pesas.jpg\",\"width\":700,\"height\":466},{\"@type\":\"BreadcrumbList\",\"@id\":\"https:\/\/www.sonoraenequipo.com.mx\/brillan-pesistas-sonorenses-en-campeonato-nacional-infantil-celebrado-en-san-luis-potosi\/#breadcrumb\",\"itemListElement\":[{\"@type\":\"ListItem\",\"position\":1,\"name\":\"Portada\",\"item\":\"https:\/\/www.sonoraenequipo.com.mx\/\"},{\"@type\":\"ListItem\",\"position\":2,\"name\":\"Brillan pesistas sonorenses en Campeonato Nacional Infantil celebrado en San Luis Potos\u00ed\"}]},{\"@type\":\"WebSite\",\"@id\":\"https:\/\/www.sonoraenequipo.com.mx\/#website\",\"url\":\"https:\/\/www.sonoraenequipo.com.mx\/\",\"name\":\"Sonora en Equipo.\",\"description\":\"Diario en l\u00ednea con Noticias desde Hermosillo, Sonora\",\"publisher\":{\"@id\":\"https:\/\/www.sonoraenequipo.com.mx\/#organization\"},\"potentialAction\":[{\"@type\":\"SearchAction\",\"target\":{\"@type\":\"EntryPoint\",\"urlTemplate\":\"https:\/\/www.sonoraenequipo.com.mx\/?s={search_term_string}\"},\"query-input\":{\"@type\":\"PropertyValueSpecification\",\"valueRequired\":true,\"valueName\":\"search_term_string\"}}],\"inLanguage\":\"es\"},{\"@type\":\"Organization\",\"@id\":\"https:\/\/www.sonoraenequipo.com.mx\/#organization\",\"name\":\"Sonoraenequipo.com.mx\",\"url\":\"https:\/\/www.sonoraenequipo.com.mx\/\",\"logo\":{\"@type\":\"ImageObject\",\"inLanguage\":\"es\",\"@id\":\"https:\/\/www.sonoraenequipo.com.mx\/#\/schema\/logo\/image\/\",\"url\":\"https:\/\/www.sonoraenequipo.com.mx\/storage\/2019\/01\/sonoraenequipo_opt.png\",\"contentUrl\":\"https:\/\/www.sonoraenequipo.com.mx\/storage\/2019\/01\/sonoraenequipo_opt.png\",\"width\":375,\"height\":125,\"caption\":\"Sonoraenequipo.com.mx\"},\"image\":{\"@id\":\"https:\/\/www.sonoraenequipo.com.mx\/#\/schema\/logo\/image\/\"},\"sameAs\":[\"https:\/\/www.facebook.com\/SonoraEE\/\",\"https:\/\/x.com\/sonoraenequipo\",\"https:\/\/www.youtube.com\/channel\/UC338nW-lPEYmJQs4ZABQ1SQ\"]},{\"@type\":\"Person\",\"@id\":\"https:\/\/www.sonoraenequipo.com.mx\/#\/schema\/person\/50102df0fb23a8fa9e8effad8fa81386\",\"name\":\"enequipo\",\"image\":{\"@type\":\"ImageObject\",\"inLanguage\":\"es\",\"@id\":\"https:\/\/www.sonoraenequipo.com.mx\/#\/schema\/person\/image\/\",\"url\":\"https:\/\/secure.gravatar.com\/avatar\/049821681b589dabc0bc20695993ccebb09f5b5d4d790cd9251b97faac7c652b?s=96&d=blank&r=g\",\"contentUrl\":\"https:\/\/secure.gravatar.com\/avatar\/049821681b589dabc0bc20695993ccebb09f5b5d4d790cd9251b97faac7c652b?s=96&d=blank&r=g\",\"caption\":\"enequipo\"},\"sameAs\":[\"https:\/\/www.facebook.com\/SonoraEE\"]}]}<\/script>\n ","yoast_head_json":{"title":"Sonora en Equipo. Brillan pesistas sonorenses en Campeonato Nacional Infantil celebrado en San Luis Potos\u00ed Deportes","description":"\u25baLa legi\u00f3n sonorense consigue 43 medallas, de las cuales 17 fueron doradas, 10 platas y 16 bronces en Infantil, Sub 15 y Mayores &nbsp; HERMOSILLO, En Sonora en Equipo publicamos toda la informaci\u00f3n de Sonora, M\u00e9xico y el Mundo de manera oportuna y busca que la libertad de expresi\u00f3n sea real. Visita nuestro medio informativo publicado desde Hermosillo, Sonora. %","robots":{"index":"index","follow":"follow","max-snippet":"max-snippet:-1","max-image-preview":"max-image-preview:large","max-video-preview":"max-video-preview:-1"},"canonical":"https:\/\/www.sonoraenequipo.com.mx\/brillan-pesistas-sonorenses-en-campeonato-nacional-infantil-celebrado-en-san-luis-potosi\/","og_locale":"es_ES","og_type":"article","og_title":"Sonora en Equipo. Brillan pesistas sonorenses en Campeonato Nacional Infantil celebrado en San Luis Potos\u00ed Deportes","og_description":"\u25baLa legi\u00f3n sonorense consigue 43 medallas, de las cuales 17 fueron doradas, 10 platas y 16 bronces en Infantil, Sub 15 y Mayores &nbsp; HERMOSILLO, En Sonora en Equipo publicamos toda la informaci\u00f3n de Sonora, M\u00e9xico y el Mundo de manera oportuna y busca que la libertad de expresi\u00f3n sea real. Visita nuestro medio informativo publicado desde Hermosillo, Sonora. %","og_url":"https:\/\/www.sonoraenequipo.com.mx\/brillan-pesistas-sonorenses-en-campeonato-nacional-infantil-celebrado-en-san-luis-potosi\/","og_site_name":"Sonora en Equipo.","article_publisher":"https:\/\/www.facebook.com\/SonoraEE\/","article_author":"https:\/\/www.facebook.com\/SonoraEE","article_published_time":"2022-10-14T21:27:50+00:00","og_image":[{"width":700,"height":466,"url":"https:\/\/www.sonoraenequipo.com.mx\/storage\/2022\/10\/pesas.jpg","type":"image\/jpeg"}],"author":"enequipo","twitter_card":"summary_large_image","twitter_creator":"@sonoraenequipo","twitter_site":"@sonoraenequipo","twitter_misc":{"Escrito por":"enequipo","Tiempo de lectura":"2 minutos"},"schema":{"@context":"https:\/\/schema.org","@graph":[{"@type":"Article","@id":"https:\/\/www.sonoraenequipo.com.mx\/brillan-pesistas-sonorenses-en-campeonato-nacional-infantil-celebrado-en-san-luis-potosi\/#article","isPartOf":{"@id":"https:\/\/www.sonoraenequipo.com.mx\/brillan-pesistas-sonorenses-en-campeonato-nacional-infantil-celebrado-en-san-luis-potosi\/"},"author":{"name":"enequipo","@id":"https:\/\/www.sonoraenequipo.com.mx\/#\/schema\/person\/50102df0fb23a8fa9e8effad8fa81386"},"headline":"Brillan pesistas sonorenses en Campeonato Nacional Infantil celebrado en San Luis Potos\u00ed","datePublished":"2022-10-14T21:27:50+00:00","mainEntityOfPage":{"@id":"https:\/\/www.sonoraenequipo.com.mx\/brillan-pesistas-sonorenses-en-campeonato-nacional-infantil-celebrado-en-san-luis-potosi\/"},"wordCount":339,"commentCount":0,"publisher":{"@id":"https:\/\/www.sonoraenequipo.com.mx\/#organization"},"image":{"@id":"https:\/\/www.sonoraenequipo.com.mx\/brillan-pesistas-sonorenses-en-campeonato-nacional-infantil-celebrado-en-san-luis-potosi\/#primaryimage"},"thumbnailUrl":"https:\/\/www.sonoraenequipo.com.mx\/storage\/2022\/10\/pesas.jpg","keywords":["pesistas","Sonora"],"articleSection":["Deportes"],"inLanguage":"es","potentialAction":[{"@type":"CommentAction","name":"Comment","target":["https:\/\/www.sonoraenequipo.com.mx\/brillan-pesistas-sonorenses-en-campeonato-nacional-infantil-celebrado-en-san-luis-potosi\/#respond"]}]},{"@type":"WebPage","@id":"https:\/\/www.sonoraenequipo.com.mx\/brillan-pesistas-sonorenses-en-campeonato-nacional-infantil-celebrado-en-san-luis-potosi\/","url":"https:\/\/www.sonoraenequipo.com.mx\/brillan-pesistas-sonorenses-en-campeonato-nacional-infantil-celebrado-en-san-luis-potosi\/","name":"Sonora en Equipo. Brillan pesistas sonorenses en Campeonato Nacional Infantil celebrado en San Luis Potos\u00ed Deportes","isPartOf":{"@id":"https:\/\/www.sonoraenequipo.com.mx\/#website"},"primaryImageOfPage":{"@id":"https:\/\/www.sonoraenequipo.com.mx\/brillan-pesistas-sonorenses-en-campeonato-nacional-infantil-celebrado-en-san-luis-potosi\/#primaryimage"},"image":{"@id":"https:\/\/www.sonoraenequipo.com.mx\/brillan-pesistas-sonorenses-en-campeonato-nacional-infantil-celebrado-en-san-luis-potosi\/#primaryimage"},"thumbnailUrl":"https:\/\/www.sonoraenequipo.com.mx\/storage\/2022\/10\/pesas.jpg","datePublished":"2022-10-14T21:27:50+00:00","description":"\u25baLa legi\u00f3n sonorense consigue 43 medallas, de las cuales 17 fueron doradas, 10 platas y 16 bronces en Infantil, Sub 15 y Mayores &nbsp; HERMOSILLO, En Sonora en Equipo publicamos toda la informaci\u00f3n de Sonora, M\u00e9xico y el Mundo de manera oportuna y busca que la libertad de expresi\u00f3n sea real. Visita nuestro medio informativo publicado desde Hermosillo, Sonora. %","breadcrumb":{"@id":"https:\/\/www.sonoraenequipo.com.mx\/brillan-pesistas-sonorenses-en-campeonato-nacional-infantil-celebrado-en-san-luis-potosi\/#breadcrumb"},"inLanguage":"es","potentialAction":[{"@type":"ReadAction","target":["https:\/\/www.sonoraenequipo.com.mx\/brillan-pesistas-sonorenses-en-campeonato-nacional-infantil-celebrado-en-san-luis-potosi\/"]}]},{"@type":"ImageObject","inLanguage":"es","@id":"https:\/\/www.sonoraenequipo.com.mx\/brillan-pesistas-sonorenses-en-campeonato-nacional-infantil-celebrado-en-san-luis-potosi\/#primaryimage","url":"https:\/\/www.sonoraenequipo.com.mx\/storage\/2022\/10\/pesas.jpg","contentUrl":"https:\/\/www.sonoraenequipo.com.mx\/storage\/2022\/10\/pesas.jpg","width":700,"height":466},{"@type":"BreadcrumbList","@id":"https:\/\/www.sonoraenequipo.com.mx\/brillan-pesistas-sonorenses-en-campeonato-nacional-infantil-celebrado-en-san-luis-potosi\/#breadcrumb","itemListElement":[{"@type":"ListItem","position":1,"name":"Portada","item":"https:\/\/www.sonoraenequipo.com.mx\/"},{"@type":"ListItem","position":2,"name":"Brillan pesistas sonorenses en Campeonato Nacional Infantil celebrado en San Luis Potos\u00ed"}]},{"@type":"WebSite","@id":"https:\/\/www.sonoraenequipo.com.mx\/#website","url":"https:\/\/www.sonoraenequipo.com.mx\/","name":"Sonora en Equipo.","description":"Diario en l\u00ednea con Noticias desde Hermosillo, Sonora","publisher":{"@id":"https:\/\/www.sonoraenequipo.com.mx\/#organization"},"potentialAction":[{"@type":"SearchAction","target":{"@type":"EntryPoint","urlTemplate":"https:\/\/www.sonoraenequipo.com.mx\/?s={search_term_string}"},"query-input":{"@type":"PropertyValueSpecification","valueRequired":true,"valueName":"search_term_string"}}],"inLanguage":"es"},{"@type":"Organization","@id":"https:\/\/www.sonoraenequipo.com.mx\/#organization","name":"Sonoraenequipo.com.mx","url":"https:\/\/www.sonoraenequipo.com.mx\/","logo":{"@type":"ImageObject","inLanguage":"es","@id":"https:\/\/www.sonoraenequipo.com.mx\/#\/schema\/logo\/image\/","url":"https:\/\/www.sonoraenequipo.com.mx\/storage\/2019\/01\/sonoraenequipo_opt.png","contentUrl":"https:\/\/www.sonoraenequipo.com.mx\/storage\/2019\/01\/sonoraenequipo_opt.png","width":375,"height":125,"caption":"Sonoraenequipo.com.mx"},"image":{"@id":"https:\/\/www.sonoraenequipo.com.mx\/#\/schema\/logo\/image\/"},"sameAs":["https:\/\/www.facebook.com\/SonoraEE\/","https:\/\/x.com\/sonoraenequipo","https:\/\/www.youtube.com\/channel\/UC338nW-lPEYmJQs4ZABQ1SQ"]},{"@type":"Person","@id":"https:\/\/www.sonoraenequipo.com.mx\/#\/schema\/person\/50102df0fb23a8fa9e8effad8fa81386","name":"enequipo","image":{"@type":"ImageObject","inLanguage":"es","@id":"https:\/\/www.sonoraenequipo.com.mx\/#\/schema\/person\/image\/","url":"https:\/\/secure.gravatar.com\/avatar\/049821681b589dabc0bc20695993ccebb09f5b5d4d790cd9251b97faac7c652b?s=96&d=blank&r=g","contentUrl":"https:\/\/secure.gravatar.com\/avatar\/049821681b589dabc0bc20695993ccebb09f5b5d4d790cd9251b97faac7c652b?s=96&d=blank&r=g","caption":"enequipo"},"sameAs":["https:\/\/www.facebook.com\/SonoraEE"]}]}},"jetpack_featured_media_url":"https:\/\/www.sonoraenequipo.com.mx\/storage\/2022\/10\/pesas.jpg","_links":{"self":[{"href":"https:\/\/www.sonoraenequipo.com.mx\/api\/wp\/v2\/posts\/149223","targetHints":{"allow":["GET"]}}],"collection":[{"href":"https:\/\/www.sonoraenequipo.com.mx\/api\/wp\/v2\/posts"}],"about":[{"href":"https:\/\/www.sonoraenequipo.com.mx\/api\/wp\/v2\/types\/post"}],"author":[{"embeddable":true,"href":"https:\/\/www.sonoraenequipo.com.mx\/api\/wp\/v2\/users\/1"}],"replies":[{"embeddable":true,"href":"https:\/\/www.sonoraenequipo.com.mx\/api\/wp\/v2\/comments?post=149223"}],"version-history":[{"count":1,"href":"https:\/\/www.sonoraenequipo.com.mx\/api\/wp\/v2\/posts\/149223\/revisions"}],"predecessor-version":[{"id":149225,"href":"https:\/\/www.sonoraenequipo.com.mx\/api\/wp\/v2\/posts\/149223\/revisions\/149225"}],"wp:featuredmedia":[{"embeddable":true,"href":"https:\/\/www.sonoraenequipo.com.mx\/api\/wp\/v2\/media\/149224"}],"wp:attachment":[{"href":"https:\/\/www.sonoraenequipo.com.mx\/api\/wp\/v2\/media?parent=149223"}],"wp:term":[{"taxonomy":"category","embeddable":true,"href":"https:\/\/www.sonoraenequipo.com.mx\/api\/wp\/v2\/categories?post=149223"},{"taxonomy":"post_tag","embeddable":true,"href":"https:\/\/www.sonoraenequipo.com.mx\/api\/wp\/v2\/tags?post=149223"}],"curies":[{"name":"wp","href":"https:\/\/api.w.org\/{rel}","templated":true}]}}