{"id":149231,"date":"2022-10-14T15:02:39","date_gmt":"2022-10-14T22:02:39","guid":{"rendered":"https:\/\/www.sonoraenequipo.com.mx\/?p=149231"},"modified":"2022-10-14T15:02:39","modified_gmt":"2022-10-14T22:02:39","slug":"emprenden-cobach-sonora-y-cultura-verde-ac-campana-contra-el-tabaquismo","status":"publish","type":"post","link":"https:\/\/www.sonoraenequipo.com.mx\/emprenden-cobach-sonora-y-cultura-verde-ac-campana-contra-el-tabaquismo\/","title":{"rendered":"Emprenden Cobach Sonora y Cultura Verde AC campa\u00f1a contra el tabaquismo"},"content":{"rendered":"<p><strong>HERMOSILLO, SONORA,MX.<\/strong><strong>\u2500\u2500<\/strong> El Colegio de Bachilleres del Estado de Sonora (Cobach), junto con la Asociaci\u00f3n Civil Cultura Verde Amor por el Planeta, emprendi\u00f3 una cruzada para concientizar a los estudiantes sobre los efectos nocivos del consumo del tabaco en la salud y en el medio ambiente.<\/p>\n<p>&nbsp;<\/p>\n<p>El director general de Cobach Sonora, Rodrigo Arturo Rosas Burgos, acompa\u00f1ado de la presidenta de la asociaci\u00f3n, Pamela Ibarra D\u00e1vila y la diputada Brenda C\u00f3rdova B\u00fazani, impulsoras de la Ley de Protecci\u00f3n Ciudadana contra los Efectos Nocivos del Tabaco, puso en marcha el programa de Intervenci\u00f3n Escolar sobre las Afectaciones del Tabaco en la Salud y el Ambiente.<\/p>\n<p>&nbsp;<\/p>\n<p>Rosas Burgos indic\u00f3 que el prop\u00f3sito es concientizar a los j\u00f3venes sobre las consecuencias del uso del tabaco.<\/p>\n<p>&nbsp;<\/p>\n<p>\u201cEl problema del tabaquismo no afecta s\u00f3lo a nuestro organismo, en lo individual, tambi\u00e9n a todos en lo social, al medio ambiente, tiene repercusiones que es importante que conozcamos\u201d, expuso.<\/p>\n<p>&nbsp;<\/p>\n<p>La campa\u00f1a de prevenci\u00f3n inici\u00f3 en el plantel California, con el arranque formal y pl\u00e1ticas en los salones, pero el prop\u00f3sito es llevarlo a todos los planteles del subsistema, indic\u00f3 el director general tras reiterar la importancia de conocer cu\u00e1les son las consecuencias del consumo de tabaco.<\/p>\n<p>&nbsp;<\/p>\n<p>Pamela Ibarra D\u00e1vila, promotora a favor del medio ambiento, advirti\u00f3 que la colilla de cigarro contiene m\u00e1s de 250 sustancias t\u00f3xicas, 100 de ellas cancer\u00edgenas, como plomo, cadmio y ars\u00e9nico.<\/p>\n<p>&nbsp;<\/p>\n<p>La diputada Brenda C\u00f3rdova, quien es presidenta de la Comisi\u00f3n de Energ\u00eda, Medio Ambiente y Cambio Clim\u00e1tico del Congreso del Estado, record\u00f3 c\u00f3mo Pamela se acerc\u00f3 con el inter\u00e9s de que se creara una legislaci\u00f3n para la disposici\u00f3n final de las colillas.<\/p>\n<p>&nbsp;<\/p>\n<p>Eso trajo como resultado la promulgaci\u00f3n de la Ley de Protecci\u00f3n Ciudadana contra los Efectos Nocivos del Tabaco que se aprob\u00f3 en forma un\u00e1nime en el Pleno del Congreso en junio, que ya est\u00e1 en vigor y regula aspectos tan importantes como el manejo y la disposici\u00f3n final de las colillas, destac\u00f3.<\/p>\n<p>&nbsp;<\/p>\n<p>En el evento que encabez\u00f3 tambi\u00e9n la directora del plantel Jazm\u00edn Ram\u00edrez Badilla, con alumnos, personal administrativo y docente, la legisladora alert\u00f3 de los efectos nocivos del consumo de tabaco, el cual, dijo, es un tema de salud.<\/p>\n<p>&nbsp;<\/p>\n<p>\u201cUna colilla de cigarro llega a contaminar hasta 50 litros de agua, entonces es demasiado nocivo y contaminante, provoca un da\u00f1o enorme en el subsuelo, en la tierra, en los mantos\u201d, extern\u00f3.<\/p>\n<p>&nbsp;<\/p>\n<p>El director general de Vinculaci\u00f3n de la Secretar\u00eda de Educaci\u00f3n y Cultura (SEC), Jorge Valdez Almada, resalt\u00f3 que lo m\u00e1s preciado es la salud y que una de las adicciones m\u00e1s dif\u00edciles de vencer es el consumo del tabaco, adem\u00e1s del costo financiero, por lo que trabajan en programas de prevenci\u00f3n con dependencias e instituciones.<\/p>\n<p>&nbsp;<\/p>\n<p>Las pl\u00e1ticas a los alumnos fueron impartidas en coordinaci\u00f3n con personal de la Comisi\u00f3n Estatal de Protecci\u00f3n Contra Riesgos Sanitarios del Estado de Sonora (Coesprisson).<\/p>\n<p><strong><u>Fecha de publicaci\u00f3n mi\u00e9rcoles 14 de octubre de 2022<\/u><\/strong><\/p>\n<p>&nbsp;<\/p>\n<p>&nbsp;<\/p>\n<p>&nbsp;<\/p>\n","protected":false},"excerpt":{"rendered":"<p>HERMOSILLO, SONORA,MX.\u2500\u2500 El Colegio de Bachilleres del Estado de Sonora (Cobach), junto con la Asociaci\u00f3n&#8230;<\/p>\n","protected":false},"author":1,"featured_media":149232,"comment_status":"open","ping_status":"open","sticky":false,"template":"","format":"standard","meta":{"_monsterinsights_skip_tracking":false,"_monsterinsights_sitenote_active":false,"_monsterinsights_sitenote_note":"","_monsterinsights_sitenote_category":0,"footnotes":""},"categories":[22],"tags":[3304,15,5757],"class_list":["post"],"yoast_head":" \n<title>Sonora en Equipo. Emprenden Cobach Sonora y Cultura Verde AC campa\u00f1a contra el tabaquismo Sonora<\/title>\n<meta name=\"description\" content=\"HERMOSILLO, SONORA,MX.\u2500\u2500 El Colegio de Bachilleres del Estado de Sonora (Cobach), junto con la Asociaci\u00f3n Civil Cultura Verde Amor por el Planeta, En Sonora en Equipo publicamos toda la informaci\u00f3n de Sonora, M\u00e9xico y el Mundo de manera oportuna y busca que la libertad de expresi\u00f3n sea real. Visita nuestro medio informativo publicado desde Hermosillo, Sonora. %\" \/>\n<meta name=\"robots\" content=\"index, follow, max-snippet:-1, max-image-preview:large, max-video-preview:-1\" \/>\n<link rel=\"canonical\" href=\"https:\/\/www.sonoraenequipo.com.mx\/emprenden-cobach-sonora-y-cultura-verde-ac-campana-contra-el-tabaquismo\/\" \/>\n<meta property=\"og:locale\" content=\"es_ES\" \/>\n<meta property=\"og:type\" content=\"article\" \/>\n<meta property=\"og:title\" content=\"Sonora en Equipo. Emprenden Cobach Sonora y Cultura Verde AC campa\u00f1a contra el tabaquismo Sonora\" \/>\n<meta property=\"og:description\" content=\"HERMOSILLO, SONORA,MX.\u2500\u2500 El Colegio de Bachilleres del Estado de Sonora (Cobach), junto con la Asociaci\u00f3n Civil Cultura Verde Amor por el Planeta, En Sonora en Equipo publicamos toda la informaci\u00f3n de Sonora, M\u00e9xico y el Mundo de manera oportuna y busca que la libertad de expresi\u00f3n sea real. Visita nuestro medio informativo publicado desde Hermosillo, Sonora. %\" \/>\n<meta property=\"og:url\" content=\"https:\/\/www.sonoraenequipo.com.mx\/emprenden-cobach-sonora-y-cultura-verde-ac-campana-contra-el-tabaquismo\/\" \/>\n<meta property=\"og:site_name\" content=\"Sonora en Equipo.\" \/>\n<meta property=\"article:publisher\" content=\"https:\/\/www.facebook.com\/SonoraEE\/\" \/>\n<meta property=\"article:author\" content=\"https:\/\/www.facebook.com\/SonoraEE\" \/>\n<meta property=\"article:published_time\" content=\"2022-10-14T22:02:39+00:00\" \/>\n<meta property=\"og:image\" content=\"https:\/\/www.sonoraenequipo.com.mx\/storage\/2022\/10\/tabacocobach.jpg\" \/>\n\t<meta property=\"og:image:width\" content=\"700\" \/>\n\t<meta property=\"og:image:height\" content=\"525\" \/>\n\t<meta property=\"og:image:type\" content=\"image\/jpeg\" \/>\n<meta name=\"author\" content=\"enequipo\" \/>\n<meta name=\"twitter:card\" content=\"summary_large_image\" \/>\n<meta name=\"twitter:creator\" content=\"@sonoraenequipo\" \/>\n<meta name=\"twitter:site\" content=\"@sonoraenequipo\" \/>\n<meta name=\"twitter:label1\" content=\"Escrito por\" \/>\n\t<meta name=\"twitter:data1\" content=\"enequipo\" \/>\n\t<meta name=\"twitter:label2\" content=\"Tiempo de lectura\" \/>\n\t<meta name=\"twitter:data2\" content=\"3 minutos\" \/>\n<script type=\"application\/ld+json\" class=\"yoast-schema-graph\">{\"@context\":\"https:\/\/schema.org\",\"@graph\":[{\"@type\":\"Article\",\"@id\":\"https:\/\/www.sonoraenequipo.com.mx\/emprenden-cobach-sonora-y-cultura-verde-ac-campana-contra-el-tabaquismo\/#article\",\"isPartOf\":{\"@id\":\"https:\/\/www.sonoraenequipo.com.mx\/emprenden-cobach-sonora-y-cultura-verde-ac-campana-contra-el-tabaquismo\/\"},\"author\":{\"name\":\"enequipo\",\"@id\":\"https:\/\/www.sonoraenequipo.com.mx\/#\/schema\/person\/50102df0fb23a8fa9e8effad8fa81386\"},\"headline\":\"Emprenden Cobach Sonora y Cultura Verde AC campa\u00f1a contra el tabaquismo\",\"datePublished\":\"2022-10-14T22:02:39+00:00\",\"mainEntityOfPage\":{\"@id\":\"https:\/\/www.sonoraenequipo.com.mx\/emprenden-cobach-sonora-y-cultura-verde-ac-campana-contra-el-tabaquismo\/\"},\"wordCount\":556,\"commentCount\":0,\"publisher\":{\"@id\":\"https:\/\/www.sonoraenequipo.com.mx\/#organization\"},\"image\":{\"@id\":\"https:\/\/www.sonoraenequipo.com.mx\/emprenden-cobach-sonora-y-cultura-verde-ac-campana-contra-el-tabaquismo\/#primaryimage\"},\"thumbnailUrl\":\"https:\/\/www.sonoraenequipo.com.mx\/storage\/2022\/10\/tabacocobach.jpg\",\"keywords\":[\"COBACH\",\"Sonora\",\"tabaquismo\"],\"articleSection\":[\"Sonora\"],\"inLanguage\":\"es\",\"potentialAction\":[{\"@type\":\"CommentAction\",\"name\":\"Comment\",\"target\":[\"https:\/\/www.sonoraenequipo.com.mx\/emprenden-cobach-sonora-y-cultura-verde-ac-campana-contra-el-tabaquismo\/#respond\"]}]},{\"@type\":\"WebPage\",\"@id\":\"https:\/\/www.sonoraenequipo.com.mx\/emprenden-cobach-sonora-y-cultura-verde-ac-campana-contra-el-tabaquismo\/\",\"url\":\"https:\/\/www.sonoraenequipo.com.mx\/emprenden-cobach-sonora-y-cultura-verde-ac-campana-contra-el-tabaquismo\/\",\"name\":\"Sonora en Equipo. Emprenden Cobach Sonora y Cultura Verde AC campa\u00f1a contra el tabaquismo Sonora\",\"isPartOf\":{\"@id\":\"https:\/\/www.sonoraenequipo.com.mx\/#website\"},\"primaryImageOfPage\":{\"@id\":\"https:\/\/www.sonoraenequipo.com.mx\/emprenden-cobach-sonora-y-cultura-verde-ac-campana-contra-el-tabaquismo\/#primaryimage\"},\"image\":{\"@id\":\"https:\/\/www.sonoraenequipo.com.mx\/emprenden-cobach-sonora-y-cultura-verde-ac-campana-contra-el-tabaquismo\/#primaryimage\"},\"thumbnailUrl\":\"https:\/\/www.sonoraenequipo.com.mx\/storage\/2022\/10\/tabacocobach.jpg\",\"datePublished\":\"2022-10-14T22:02:39+00:00\",\"description\":\"HERMOSILLO, SONORA,MX.\u2500\u2500 El Colegio de Bachilleres del Estado de Sonora (Cobach), junto con la Asociaci\u00f3n Civil Cultura Verde Amor por el Planeta, En Sonora en Equipo publicamos toda la informaci\u00f3n de Sonora, M\u00e9xico y el Mundo de manera oportuna y busca que la libertad de expresi\u00f3n sea real. Visita nuestro medio informativo publicado desde Hermosillo, Sonora. %\",\"breadcrumb\":{\"@id\":\"https:\/\/www.sonoraenequipo.com.mx\/emprenden-cobach-sonora-y-cultura-verde-ac-campana-contra-el-tabaquismo\/#breadcrumb\"},\"inLanguage\":\"es\",\"potentialAction\":[{\"@type\":\"ReadAction\",\"target\":[\"https:\/\/www.sonoraenequipo.com.mx\/emprenden-cobach-sonora-y-cultura-verde-ac-campana-contra-el-tabaquismo\/\"]}]},{\"@type\":\"ImageObject\",\"inLanguage\":\"es\",\"@id\":\"https:\/\/www.sonoraenequipo.com.mx\/emprenden-cobach-sonora-y-cultura-verde-ac-campana-contra-el-tabaquismo\/#primaryimage\",\"url\":\"https:\/\/www.sonoraenequipo.com.mx\/storage\/2022\/10\/tabacocobach.jpg\",\"contentUrl\":\"https:\/\/www.sonoraenequipo.com.mx\/storage\/2022\/10\/tabacocobach.jpg\",\"width\":700,\"height\":525},{\"@type\":\"BreadcrumbList\",\"@id\":\"https:\/\/www.sonoraenequipo.com.mx\/emprenden-cobach-sonora-y-cultura-verde-ac-campana-contra-el-tabaquismo\/#breadcrumb\",\"itemListElement\":[{\"@type\":\"ListItem\",\"position\":1,\"name\":\"Portada\",\"item\":\"https:\/\/www.sonoraenequipo.com.mx\/\"},{\"@type\":\"ListItem\",\"position\":2,\"name\":\"Emprenden Cobach Sonora y Cultura Verde AC campa\u00f1a contra el tabaquismo\"}]},{\"@type\":\"WebSite\",\"@id\":\"https:\/\/www.sonoraenequipo.com.mx\/#website\",\"url\":\"https:\/\/www.sonoraenequipo.com.mx\/\",\"name\":\"Sonora en Equipo.\",\"description\":\"Diario en l\u00ednea con Noticias desde Hermosillo, Sonora\",\"publisher\":{\"@id\":\"https:\/\/www.sonoraenequipo.com.mx\/#organization\"},\"potentialAction\":[{\"@type\":\"SearchAction\",\"target\":{\"@type\":\"EntryPoint\",\"urlTemplate\":\"https:\/\/www.sonoraenequipo.com.mx\/?s={search_term_string}\"},\"query-input\":{\"@type\":\"PropertyValueSpecification\",\"valueRequired\":true,\"valueName\":\"search_term_string\"}}],\"inLanguage\":\"es\"},{\"@type\":\"Organization\",\"@id\":\"https:\/\/www.sonoraenequipo.com.mx\/#organization\",\"name\":\"Sonoraenequipo.com.mx\",\"url\":\"https:\/\/www.sonoraenequipo.com.mx\/\",\"logo\":{\"@type\":\"ImageObject\",\"inLanguage\":\"es\",\"@id\":\"https:\/\/www.sonoraenequipo.com.mx\/#\/schema\/logo\/image\/\",\"url\":\"https:\/\/www.sonoraenequipo.com.mx\/storage\/2019\/01\/sonoraenequipo_opt.png\",\"contentUrl\":\"https:\/\/www.sonoraenequipo.com.mx\/storage\/2019\/01\/sonoraenequipo_opt.png\",\"width\":375,\"height\":125,\"caption\":\"Sonoraenequipo.com.mx\"},\"image\":{\"@id\":\"https:\/\/www.sonoraenequipo.com.mx\/#\/schema\/logo\/image\/\"},\"sameAs\":[\"https:\/\/www.facebook.com\/SonoraEE\/\",\"https:\/\/x.com\/sonoraenequipo\",\"https:\/\/www.youtube.com\/channel\/UC338nW-lPEYmJQs4ZABQ1SQ\"]},{\"@type\":\"Person\",\"@id\":\"https:\/\/www.sonoraenequipo.com.mx\/#\/schema\/person\/50102df0fb23a8fa9e8effad8fa81386\",\"name\":\"enequipo\",\"image\":{\"@type\":\"ImageObject\",\"inLanguage\":\"es\",\"@id\":\"https:\/\/www.sonoraenequipo.com.mx\/#\/schema\/person\/image\/\",\"url\":\"https:\/\/secure.gravatar.com\/avatar\/049821681b589dabc0bc20695993ccebb09f5b5d4d790cd9251b97faac7c652b?s=96&d=blank&r=g\",\"contentUrl\":\"https:\/\/secure.gravatar.com\/avatar\/049821681b589dabc0bc20695993ccebb09f5b5d4d790cd9251b97faac7c652b?s=96&d=blank&r=g\",\"caption\":\"enequipo\"},\"sameAs\":[\"https:\/\/www.facebook.com\/SonoraEE\"]}]}<\/script>\n ","yoast_head_json":{"title":"Sonora en Equipo. Emprenden Cobach Sonora y Cultura Verde AC campa\u00f1a contra el tabaquismo Sonora","description":"HERMOSILLO, SONORA,MX.\u2500\u2500 El Colegio de Bachilleres del Estado de Sonora (Cobach), junto con la Asociaci\u00f3n Civil Cultura Verde Amor por el Planeta, En Sonora en Equipo publicamos toda la informaci\u00f3n de Sonora, M\u00e9xico y el Mundo de manera oportuna y busca que la libertad de expresi\u00f3n sea real. Visita nuestro medio informativo publicado desde Hermosillo, Sonora. %","robots":{"index":"index","follow":"follow","max-snippet":"max-snippet:-1","max-image-preview":"max-image-preview:large","max-video-preview":"max-video-preview:-1"},"canonical":"https:\/\/www.sonoraenequipo.com.mx\/emprenden-cobach-sonora-y-cultura-verde-ac-campana-contra-el-tabaquismo\/","og_locale":"es_ES","og_type":"article","og_title":"Sonora en Equipo. Emprenden Cobach Sonora y Cultura Verde AC campa\u00f1a contra el tabaquismo Sonora","og_description":"HERMOSILLO, SONORA,MX.\u2500\u2500 El Colegio de Bachilleres del Estado de Sonora (Cobach), junto con la Asociaci\u00f3n Civil Cultura Verde Amor por el Planeta, En Sonora en Equipo publicamos toda la informaci\u00f3n de Sonora, M\u00e9xico y el Mundo de manera oportuna y busca que la libertad de expresi\u00f3n sea real. Visita nuestro medio informativo publicado desde Hermosillo, Sonora. %","og_url":"https:\/\/www.sonoraenequipo.com.mx\/emprenden-cobach-sonora-y-cultura-verde-ac-campana-contra-el-tabaquismo\/","og_site_name":"Sonora en Equipo.","article_publisher":"https:\/\/www.facebook.com\/SonoraEE\/","article_author":"https:\/\/www.facebook.com\/SonoraEE","article_published_time":"2022-10-14T22:02:39+00:00","og_image":[{"width":700,"height":525,"url":"https:\/\/www.sonoraenequipo.com.mx\/storage\/2022\/10\/tabacocobach.jpg","type":"image\/jpeg"}],"author":"enequipo","twitter_card":"summary_large_image","twitter_creator":"@sonoraenequipo","twitter_site":"@sonoraenequipo","twitter_misc":{"Escrito por":"enequipo","Tiempo de lectura":"3 minutos"},"schema":{"@context":"https:\/\/schema.org","@graph":[{"@type":"Article","@id":"https:\/\/www.sonoraenequipo.com.mx\/emprenden-cobach-sonora-y-cultura-verde-ac-campana-contra-el-tabaquismo\/#article","isPartOf":{"@id":"https:\/\/www.sonoraenequipo.com.mx\/emprenden-cobach-sonora-y-cultura-verde-ac-campana-contra-el-tabaquismo\/"},"author":{"name":"enequipo","@id":"https:\/\/www.sonoraenequipo.com.mx\/#\/schema\/person\/50102df0fb23a8fa9e8effad8fa81386"},"headline":"Emprenden Cobach Sonora y Cultura Verde AC campa\u00f1a contra el tabaquismo","datePublished":"2022-10-14T22:02:39+00:00","mainEntityOfPage":{"@id":"https:\/\/www.sonoraenequipo.com.mx\/emprenden-cobach-sonora-y-cultura-verde-ac-campana-contra-el-tabaquismo\/"},"wordCount":556,"commentCount":0,"publisher":{"@id":"https:\/\/www.sonoraenequipo.com.mx\/#organization"},"image":{"@id":"https:\/\/www.sonoraenequipo.com.mx\/emprenden-cobach-sonora-y-cultura-verde-ac-campana-contra-el-tabaquismo\/#primaryimage"},"thumbnailUrl":"https:\/\/www.sonoraenequipo.com.mx\/storage\/2022\/10\/tabacocobach.jpg","keywords":["COBACH","Sonora","tabaquismo"],"articleSection":["Sonora"],"inLanguage":"es","potentialAction":[{"@type":"CommentAction","name":"Comment","target":["https:\/\/www.sonoraenequipo.com.mx\/emprenden-cobach-sonora-y-cultura-verde-ac-campana-contra-el-tabaquismo\/#respond"]}]},{"@type":"WebPage","@id":"https:\/\/www.sonoraenequipo.com.mx\/emprenden-cobach-sonora-y-cultura-verde-ac-campana-contra-el-tabaquismo\/","url":"https:\/\/www.sonoraenequipo.com.mx\/emprenden-cobach-sonora-y-cultura-verde-ac-campana-contra-el-tabaquismo\/","name":"Sonora en Equipo. Emprenden Cobach Sonora y Cultura Verde AC campa\u00f1a contra el tabaquismo Sonora","isPartOf":{"@id":"https:\/\/www.sonoraenequipo.com.mx\/#website"},"primaryImageOfPage":{"@id":"https:\/\/www.sonoraenequipo.com.mx\/emprenden-cobach-sonora-y-cultura-verde-ac-campana-contra-el-tabaquismo\/#primaryimage"},"image":{"@id":"https:\/\/www.sonoraenequipo.com.mx\/emprenden-cobach-sonora-y-cultura-verde-ac-campana-contra-el-tabaquismo\/#primaryimage"},"thumbnailUrl":"https:\/\/www.sonoraenequipo.com.mx\/storage\/2022\/10\/tabacocobach.jpg","datePublished":"2022-10-14T22:02:39+00:00","description":"HERMOSILLO, SONORA,MX.\u2500\u2500 El Colegio de Bachilleres del Estado de Sonora (Cobach), junto con la Asociaci\u00f3n Civil Cultura Verde Amor por el Planeta, En Sonora en Equipo publicamos toda la informaci\u00f3n de Sonora, M\u00e9xico y el Mundo de manera oportuna y busca que la libertad de expresi\u00f3n sea real. Visita nuestro medio informativo publicado desde Hermosillo, Sonora. %","breadcrumb":{"@id":"https:\/\/www.sonoraenequipo.com.mx\/emprenden-cobach-sonora-y-cultura-verde-ac-campana-contra-el-tabaquismo\/#breadcrumb"},"inLanguage":"es","potentialAction":[{"@type":"ReadAction","target":["https:\/\/www.sonoraenequipo.com.mx\/emprenden-cobach-sonora-y-cultura-verde-ac-campana-contra-el-tabaquismo\/"]}]},{"@type":"ImageObject","inLanguage":"es","@id":"https:\/\/www.sonoraenequipo.com.mx\/emprenden-cobach-sonora-y-cultura-verde-ac-campana-contra-el-tabaquismo\/#primaryimage","url":"https:\/\/www.sonoraenequipo.com.mx\/storage\/2022\/10\/tabacocobach.jpg","contentUrl":"https:\/\/www.sonoraenequipo.com.mx\/storage\/2022\/10\/tabacocobach.jpg","width":700,"height":525},{"@type":"BreadcrumbList","@id":"https:\/\/www.sonoraenequipo.com.mx\/emprenden-cobach-sonora-y-cultura-verde-ac-campana-contra-el-tabaquismo\/#breadcrumb","itemListElement":[{"@type":"ListItem","position":1,"name":"Portada","item":"https:\/\/www.sonoraenequipo.com.mx\/"},{"@type":"ListItem","position":2,"name":"Emprenden Cobach Sonora y Cultura Verde AC campa\u00f1a contra el tabaquismo"}]},{"@type":"WebSite","@id":"https:\/\/www.sonoraenequipo.com.mx\/#website","url":"https:\/\/www.sonoraenequipo.com.mx\/","name":"Sonora en Equipo.","description":"Diario en l\u00ednea con Noticias desde Hermosillo, Sonora","publisher":{"@id":"https:\/\/www.sonoraenequipo.com.mx\/#organization"},"potentialAction":[{"@type":"SearchAction","target":{"@type":"EntryPoint","urlTemplate":"https:\/\/www.sonoraenequipo.com.mx\/?s={search_term_string}"},"query-input":{"@type":"PropertyValueSpecification","valueRequired":true,"valueName":"search_term_string"}}],"inLanguage":"es"},{"@type":"Organization","@id":"https:\/\/www.sonoraenequipo.com.mx\/#organization","name":"Sonoraenequipo.com.mx","url":"https:\/\/www.sonoraenequipo.com.mx\/","logo":{"@type":"ImageObject","inLanguage":"es","@id":"https:\/\/www.sonoraenequipo.com.mx\/#\/schema\/logo\/image\/","url":"https:\/\/www.sonoraenequipo.com.mx\/storage\/2019\/01\/sonoraenequipo_opt.png","contentUrl":"https:\/\/www.sonoraenequipo.com.mx\/storage\/2019\/01\/sonoraenequipo_opt.png","width":375,"height":125,"caption":"Sonoraenequipo.com.mx"},"image":{"@id":"https:\/\/www.sonoraenequipo.com.mx\/#\/schema\/logo\/image\/"},"sameAs":["https:\/\/www.facebook.com\/SonoraEE\/","https:\/\/x.com\/sonoraenequipo","https:\/\/www.youtube.com\/channel\/UC338nW-lPEYmJQs4ZABQ1SQ"]},{"@type":"Person","@id":"https:\/\/www.sonoraenequipo.com.mx\/#\/schema\/person\/50102df0fb23a8fa9e8effad8fa81386","name":"enequipo","image":{"@type":"ImageObject","inLanguage":"es","@id":"https:\/\/www.sonoraenequipo.com.mx\/#\/schema\/person\/image\/","url":"https:\/\/secure.gravatar.com\/avatar\/049821681b589dabc0bc20695993ccebb09f5b5d4d790cd9251b97faac7c652b?s=96&d=blank&r=g","contentUrl":"https:\/\/secure.gravatar.com\/avatar\/049821681b589dabc0bc20695993ccebb09f5b5d4d790cd9251b97faac7c652b?s=96&d=blank&r=g","caption":"enequipo"},"sameAs":["https:\/\/www.facebook.com\/SonoraEE"]}]}},"jetpack_featured_media_url":"https:\/\/www.sonoraenequipo.com.mx\/storage\/2022\/10\/tabacocobach.jpg","_links":{"self":[{"href":"https:\/\/www.sonoraenequipo.com.mx\/api\/wp\/v2\/posts\/149231","targetHints":{"allow":["GET"]}}],"collection":[{"href":"https:\/\/www.sonoraenequipo.com.mx\/api\/wp\/v2\/posts"}],"about":[{"href":"https:\/\/www.sonoraenequipo.com.mx\/api\/wp\/v2\/types\/post"}],"author":[{"embeddable":true,"href":"https:\/\/www.sonoraenequipo.com.mx\/api\/wp\/v2\/users\/1"}],"replies":[{"embeddable":true,"href":"https:\/\/www.sonoraenequipo.com.mx\/api\/wp\/v2\/comments?post=149231"}],"version-history":[{"count":1,"href":"https:\/\/www.sonoraenequipo.com.mx\/api\/wp\/v2\/posts\/149231\/revisions"}],"predecessor-version":[{"id":149233,"href":"https:\/\/www.sonoraenequipo.com.mx\/api\/wp\/v2\/posts\/149231\/revisions\/149233"}],"wp:featuredmedia":[{"embeddable":true,"href":"https:\/\/www.sonoraenequipo.com.mx\/api\/wp\/v2\/media\/149232"}],"wp:attachment":[{"href":"https:\/\/www.sonoraenequipo.com.mx\/api\/wp\/v2\/media?parent=149231"}],"wp:term":[{"taxonomy":"category","embeddable":true,"href":"https:\/\/www.sonoraenequipo.com.mx\/api\/wp\/v2\/categories?post=149231"},{"taxonomy":"post_tag","embeddable":true,"href":"https:\/\/www.sonoraenequipo.com.mx\/api\/wp\/v2\/tags?post=149231"}],"curies":[{"name":"wp","href":"https:\/\/api.w.org\/{rel}","templated":true}]}}