{"id":149248,"date":"2022-10-14T20:36:02","date_gmt":"2022-10-15T03:36:02","guid":{"rendered":"https:\/\/www.sonoraenequipo.com.mx\/?p=149248"},"modified":"2022-10-14T20:36:02","modified_gmt":"2022-10-15T03:36:02","slug":"jornada-por-la-discapacidad-llega-a-navojoa","status":"publish","type":"post","link":"https:\/\/www.sonoraenequipo.com.mx\/jornada-por-la-discapacidad-llega-a-navojoa\/","title":{"rendered":"Jornada por la Discapacidad llega a Navojoa"},"content":{"rendered":"<p>\u25baLa titular del sistema DIF Nacional, Nuria Fern\u00e1ndez Espresate, estuvo presente en esta jornada que beneficia a personas con discapacidad de Navojoa, Etchojoa, Huatabampo y \u00c1lamos.<\/p>\n<p>&nbsp;<\/p>\n<p><strong>NAVOJOA, SONORA,MX.<\/strong><strong>\u2500\u2500<\/strong> En un esfuerzo por acercar a cada rinc\u00f3n de Sonora los servicios del Gobierno de Sonora, el sistema DIF Sonora realiz\u00f3 en Navojoa la Jornada por la Discapacidad, la edici\u00f3n n\u00famero trece en la entidad.<\/p>\n<p>&nbsp;<\/p>\n<p>&nbsp;<\/p>\n<p>&nbsp;<\/p>\n<p>Para que Sonora sea tierra de oportunidades, como propone el gobernador Alfonso Durazo, es necesario que todas las personas con discapacidad reciban atenci\u00f3n integral sin tener necesidad de trasladarse a la capital para recibirla.<\/p>\n<p>&nbsp;<\/p>\n<p>&nbsp;<\/p>\n<p>&nbsp;<\/p>\n<p>En esta ocasi\u00f3n, el Sistema para el Desarrollo Integral de la Familia cont\u00f3 con el acompa\u00f1amiento de Nuria Fern\u00e1ndez, titular del Sistema DIF Nacional, quien se mostr\u00f3 contenta de estar en Sonora y de conocer la atenci\u00f3n que se le brinda a las personas con discapacidad en esta entidad del pa\u00eds, motivando a las y los asistentes a desarrollar actividades encaminadas a visibilizar cada vez m\u00e1s a las personas con discapacidad.<\/p>\n<p>&nbsp;<\/p>\n<p>&nbsp;<\/p>\n<p>&nbsp;<\/p>\n<p>El sistema DIF Sonora, a trav\u00e9s de las Jornadas por la Discapacidad, atendi\u00f3 a alrededor de 450 personas en Navojoa con apoyo en tr\u00e1mites, consultas y servicios tales como atenci\u00f3n m\u00e9dica especializada, rehabilitaci\u00f3n f\u00edsica, programas de la Secretar\u00eda de Bienestar, credencial de discapacidad, tarjet\u00f3n vehicular de estacionamiento, empadronamiento e informaci\u00f3n sobre programas de DIF Sonora, tales como Proyectos Productivos y Est\u00edmulos Econ\u00f3micos para Personas con Discapacidad.<\/p>\n<p>&nbsp;<\/p>\n<p>&nbsp;<\/p>\n<p>&nbsp;<\/p>\n<p>La directora de DIF Sonora, Lorenia Valles Sampedro, agradeci\u00f3 la presencia de la titular del SNDIF y reconoci\u00f3 el gran apoyo del gobernador Alfonso Durazo Monta\u00f1o en este primer a\u00f1o de trabajo, periodo en el cual se ha priorizado la atenci\u00f3n para quien m\u00e1s lo necesita.<\/p>\n<p>&nbsp;<\/p>\n<p>&nbsp;<\/p>\n<p>&nbsp;<\/p>\n<p>Por su parte, el alcalde de Navojoa, Mario \u201cMayito\u201d Mart\u00ednez, catalog\u00f3 la jornada como hist\u00f3rica para la regi\u00f3n sur del estado de Sonora, un lugar que es tan grande como su gente. Coment\u00f3 que con la atenci\u00f3n que reciben las personas con discapacidad se transforma la realidad de los sectores vulnerables, lo que marca un despertar para Navojoa. El presidente municipal agradeci\u00f3 la presencia de las y los especialistas del DIF estatal.<\/p>\n<p>&nbsp;<\/p>\n<p>&nbsp;<\/p>\n<p>&nbsp;<\/p>\n<p>Al evento protocolario tambi\u00e9n asisti\u00f3 Carmen Araiza, presidenta de DIF Navojoa; Yolanda Encinas, sindica procuradora de Huatabambo, en representaci\u00f3n del alcalde, Jes\u00fas Flores; Mar\u00eda Guadalupe Rasc\u00f3n, directora de DIF Etchojoa, en representaci\u00f3n del alcalde Jes\u00fas Tadeo Mend\u00edvil; Juventino Hern\u00e1ndez, director de Difusi\u00f3n de los derechos de Ni\u00f1as , Ni\u00f1os y Adolescentes de DIF Nacional; Pr\u00f3spero Valenzuela, diputado del Distrito Local 19; Amairany Pe\u00f1a Escalante, diputada federal del distrito 3; y Armando Villalobos, director del Hospital General de Navojoa, en representaci\u00f3n del secretario de Salud, Jos\u00e9 Luis Alom\u00eda.<\/p>\n<p>&nbsp;<\/p>\n<p>&nbsp;<\/p>\n<p>&nbsp;<\/p>\n<p>Hasta el momento, el sistema DIF Sonora ha llevado la Jornada por la Discapacidad a Guaymas, Magdalena de Kino, Nogales, Moctezuma, Ciudad Obreg\u00f3n, poblado Miguel Alem\u00e1n, Etchojoa, Sahuaripa, Hermosillo, Bavispe, San Luis R\u00edo Colorado, Puerto Pe\u00f1asco y Navojoa.<\/p>\n<p>&nbsp;<\/p>\n<p><strong><u>Fecha de publicaci\u00f3n mi\u00e9rcoles 14 de octubre de 2022<\/u><\/strong><\/p>\n<p>&nbsp;<\/p>\n","protected":false},"excerpt":{"rendered":"<p>\u25baLa titular del sistema DIF Nacional, Nuria Fern\u00e1ndez Espresate, estuvo presente en esta jornada que&#8230;<\/p>\n","protected":false},"author":1,"featured_media":149249,"comment_status":"open","ping_status":"open","sticky":false,"template":"","format":"standard","meta":{"_monsterinsights_skip_tracking":false,"_monsterinsights_sitenote_active":false,"_monsterinsights_sitenote_note":"","_monsterinsights_sitenote_category":0,"footnotes":""},"categories":[4],"tags":[3579,4256],"class_list":["post"],"yoast_head":" \n<title>Sonora en Equipo. Jornada por la Discapacidad llega a Navojoa Municipios<\/title>\n<meta name=\"description\" content=\"\u25baLa titular del sistema DIF Nacional, Nuria Fern\u00e1ndez Espresate, estuvo presente en esta jornada que beneficia a personas con discapacidad de Navojoa, En Sonora en Equipo publicamos toda la informaci\u00f3n de Sonora, M\u00e9xico y el Mundo de manera oportuna y busca que la libertad de expresi\u00f3n sea real. Visita nuestro medio informativo publicado desde Hermosillo, Sonora. %\" \/>\n<meta name=\"robots\" content=\"index, follow, max-snippet:-1, max-image-preview:large, max-video-preview:-1\" \/>\n<link rel=\"canonical\" href=\"https:\/\/www.sonoraenequipo.com.mx\/jornada-por-la-discapacidad-llega-a-navojoa\/\" \/>\n<meta property=\"og:locale\" content=\"es_ES\" \/>\n<meta property=\"og:type\" content=\"article\" \/>\n<meta property=\"og:title\" content=\"Sonora en Equipo. Jornada por la Discapacidad llega a Navojoa Municipios\" \/>\n<meta property=\"og:description\" content=\"\u25baLa titular del sistema DIF Nacional, Nuria Fern\u00e1ndez Espresate, estuvo presente en esta jornada que beneficia a personas con discapacidad de Navojoa, En Sonora en Equipo publicamos toda la informaci\u00f3n de Sonora, M\u00e9xico y el Mundo de manera oportuna y busca que la libertad de expresi\u00f3n sea real. Visita nuestro medio informativo publicado desde Hermosillo, Sonora. %\" \/>\n<meta property=\"og:url\" content=\"https:\/\/www.sonoraenequipo.com.mx\/jornada-por-la-discapacidad-llega-a-navojoa\/\" \/>\n<meta property=\"og:site_name\" content=\"Sonora en Equipo.\" \/>\n<meta property=\"article:publisher\" content=\"https:\/\/www.facebook.com\/SonoraEE\/\" \/>\n<meta property=\"article:author\" content=\"https:\/\/www.facebook.com\/SonoraEE\" \/>\n<meta property=\"article:published_time\" content=\"2022-10-15T03:36:02+00:00\" \/>\n<meta property=\"og:image\" content=\"https:\/\/www.sonoraenequipo.com.mx\/storage\/2022\/10\/dif-discapacidad.jpg\" \/>\n\t<meta property=\"og:image:width\" content=\"700\" \/>\n\t<meta property=\"og:image:height\" content=\"468\" \/>\n\t<meta property=\"og:image:type\" content=\"image\/jpeg\" \/>\n<meta name=\"author\" content=\"enequipo\" \/>\n<meta name=\"twitter:card\" content=\"summary_large_image\" \/>\n<meta name=\"twitter:creator\" content=\"@sonoraenequipo\" \/>\n<meta name=\"twitter:site\" content=\"@sonoraenequipo\" \/>\n<meta name=\"twitter:label1\" content=\"Escrito por\" \/>\n\t<meta name=\"twitter:data1\" content=\"enequipo\" \/>\n\t<meta name=\"twitter:label2\" content=\"Tiempo de lectura\" \/>\n\t<meta name=\"twitter:data2\" content=\"3 minutos\" \/>\n<script type=\"application\/ld+json\" class=\"yoast-schema-graph\">{\"@context\":\"https:\/\/schema.org\",\"@graph\":[{\"@type\":\"Article\",\"@id\":\"https:\/\/www.sonoraenequipo.com.mx\/jornada-por-la-discapacidad-llega-a-navojoa\/#article\",\"isPartOf\":{\"@id\":\"https:\/\/www.sonoraenequipo.com.mx\/jornada-por-la-discapacidad-llega-a-navojoa\/\"},\"author\":{\"name\":\"enequipo\",\"@id\":\"https:\/\/www.sonoraenequipo.com.mx\/#\/schema\/person\/50102df0fb23a8fa9e8effad8fa81386\"},\"headline\":\"Jornada por la Discapacidad llega a Navojoa\",\"datePublished\":\"2022-10-15T03:36:02+00:00\",\"mainEntityOfPage\":{\"@id\":\"https:\/\/www.sonoraenequipo.com.mx\/jornada-por-la-discapacidad-llega-a-navojoa\/\"},\"wordCount\":564,\"commentCount\":0,\"publisher\":{\"@id\":\"https:\/\/www.sonoraenequipo.com.mx\/#organization\"},\"image\":{\"@id\":\"https:\/\/www.sonoraenequipo.com.mx\/jornada-por-la-discapacidad-llega-a-navojoa\/#primaryimage\"},\"thumbnailUrl\":\"https:\/\/www.sonoraenequipo.com.mx\/storage\/2022\/10\/dif-discapacidad.jpg\",\"keywords\":[\"dif\",\"discapacidad\"],\"articleSection\":[\"Municipios\"],\"inLanguage\":\"es\",\"potentialAction\":[{\"@type\":\"CommentAction\",\"name\":\"Comment\",\"target\":[\"https:\/\/www.sonoraenequipo.com.mx\/jornada-por-la-discapacidad-llega-a-navojoa\/#respond\"]}]},{\"@type\":\"WebPage\",\"@id\":\"https:\/\/www.sonoraenequipo.com.mx\/jornada-por-la-discapacidad-llega-a-navojoa\/\",\"url\":\"https:\/\/www.sonoraenequipo.com.mx\/jornada-por-la-discapacidad-llega-a-navojoa\/\",\"name\":\"Sonora en Equipo. Jornada por la Discapacidad llega a Navojoa Municipios\",\"isPartOf\":{\"@id\":\"https:\/\/www.sonoraenequipo.com.mx\/#website\"},\"primaryImageOfPage\":{\"@id\":\"https:\/\/www.sonoraenequipo.com.mx\/jornada-por-la-discapacidad-llega-a-navojoa\/#primaryimage\"},\"image\":{\"@id\":\"https:\/\/www.sonoraenequipo.com.mx\/jornada-por-la-discapacidad-llega-a-navojoa\/#primaryimage\"},\"thumbnailUrl\":\"https:\/\/www.sonoraenequipo.com.mx\/storage\/2022\/10\/dif-discapacidad.jpg\",\"datePublished\":\"2022-10-15T03:36:02+00:00\",\"description\":\"\u25baLa titular del sistema DIF Nacional, Nuria Fern\u00e1ndez Espresate, estuvo presente en esta jornada que beneficia a personas con discapacidad de Navojoa, En Sonora en Equipo publicamos toda la informaci\u00f3n de Sonora, M\u00e9xico y el Mundo de manera oportuna y busca que la libertad de expresi\u00f3n sea real. Visita nuestro medio informativo publicado desde Hermosillo, Sonora. %\",\"breadcrumb\":{\"@id\":\"https:\/\/www.sonoraenequipo.com.mx\/jornada-por-la-discapacidad-llega-a-navojoa\/#breadcrumb\"},\"inLanguage\":\"es\",\"potentialAction\":[{\"@type\":\"ReadAction\",\"target\":[\"https:\/\/www.sonoraenequipo.com.mx\/jornada-por-la-discapacidad-llega-a-navojoa\/\"]}]},{\"@type\":\"ImageObject\",\"inLanguage\":\"es\",\"@id\":\"https:\/\/www.sonoraenequipo.com.mx\/jornada-por-la-discapacidad-llega-a-navojoa\/#primaryimage\",\"url\":\"https:\/\/www.sonoraenequipo.com.mx\/storage\/2022\/10\/dif-discapacidad.jpg\",\"contentUrl\":\"https:\/\/www.sonoraenequipo.com.mx\/storage\/2022\/10\/dif-discapacidad.jpg\",\"width\":700,\"height\":468},{\"@type\":\"BreadcrumbList\",\"@id\":\"https:\/\/www.sonoraenequipo.com.mx\/jornada-por-la-discapacidad-llega-a-navojoa\/#breadcrumb\",\"itemListElement\":[{\"@type\":\"ListItem\",\"position\":1,\"name\":\"Portada\",\"item\":\"https:\/\/www.sonoraenequipo.com.mx\/\"},{\"@type\":\"ListItem\",\"position\":2,\"name\":\"Jornada por la Discapacidad llega a Navojoa\"}]},{\"@type\":\"WebSite\",\"@id\":\"https:\/\/www.sonoraenequipo.com.mx\/#website\",\"url\":\"https:\/\/www.sonoraenequipo.com.mx\/\",\"name\":\"Sonora en Equipo.\",\"description\":\"Diario en l\u00ednea con Noticias desde Hermosillo, Sonora\",\"publisher\":{\"@id\":\"https:\/\/www.sonoraenequipo.com.mx\/#organization\"},\"potentialAction\":[{\"@type\":\"SearchAction\",\"target\":{\"@type\":\"EntryPoint\",\"urlTemplate\":\"https:\/\/www.sonoraenequipo.com.mx\/?s={search_term_string}\"},\"query-input\":{\"@type\":\"PropertyValueSpecification\",\"valueRequired\":true,\"valueName\":\"search_term_string\"}}],\"inLanguage\":\"es\"},{\"@type\":\"Organization\",\"@id\":\"https:\/\/www.sonoraenequipo.com.mx\/#organization\",\"name\":\"Sonoraenequipo.com.mx\",\"url\":\"https:\/\/www.sonoraenequipo.com.mx\/\",\"logo\":{\"@type\":\"ImageObject\",\"inLanguage\":\"es\",\"@id\":\"https:\/\/www.sonoraenequipo.com.mx\/#\/schema\/logo\/image\/\",\"url\":\"https:\/\/www.sonoraenequipo.com.mx\/storage\/2019\/01\/sonoraenequipo_opt.png\",\"contentUrl\":\"https:\/\/www.sonoraenequipo.com.mx\/storage\/2019\/01\/sonoraenequipo_opt.png\",\"width\":375,\"height\":125,\"caption\":\"Sonoraenequipo.com.mx\"},\"image\":{\"@id\":\"https:\/\/www.sonoraenequipo.com.mx\/#\/schema\/logo\/image\/\"},\"sameAs\":[\"https:\/\/www.facebook.com\/SonoraEE\/\",\"https:\/\/x.com\/sonoraenequipo\",\"https:\/\/www.youtube.com\/channel\/UC338nW-lPEYmJQs4ZABQ1SQ\"]},{\"@type\":\"Person\",\"@id\":\"https:\/\/www.sonoraenequipo.com.mx\/#\/schema\/person\/50102df0fb23a8fa9e8effad8fa81386\",\"name\":\"enequipo\",\"image\":{\"@type\":\"ImageObject\",\"inLanguage\":\"es\",\"@id\":\"https:\/\/www.sonoraenequipo.com.mx\/#\/schema\/person\/image\/\",\"url\":\"https:\/\/secure.gravatar.com\/avatar\/049821681b589dabc0bc20695993ccebb09f5b5d4d790cd9251b97faac7c652b?s=96&d=blank&r=g\",\"contentUrl\":\"https:\/\/secure.gravatar.com\/avatar\/049821681b589dabc0bc20695993ccebb09f5b5d4d790cd9251b97faac7c652b?s=96&d=blank&r=g\",\"caption\":\"enequipo\"},\"sameAs\":[\"https:\/\/www.facebook.com\/SonoraEE\"]}]}<\/script>\n ","yoast_head_json":{"title":"Sonora en Equipo. Jornada por la Discapacidad llega a Navojoa Municipios","description":"\u25baLa titular del sistema DIF Nacional, Nuria Fern\u00e1ndez Espresate, estuvo presente en esta jornada que beneficia a personas con discapacidad de Navojoa, En Sonora en Equipo publicamos toda la informaci\u00f3n de Sonora, M\u00e9xico y el Mundo de manera oportuna y busca que la libertad de expresi\u00f3n sea real. Visita nuestro medio informativo publicado desde Hermosillo, Sonora. %","robots":{"index":"index","follow":"follow","max-snippet":"max-snippet:-1","max-image-preview":"max-image-preview:large","max-video-preview":"max-video-preview:-1"},"canonical":"https:\/\/www.sonoraenequipo.com.mx\/jornada-por-la-discapacidad-llega-a-navojoa\/","og_locale":"es_ES","og_type":"article","og_title":"Sonora en Equipo. Jornada por la Discapacidad llega a Navojoa Municipios","og_description":"\u25baLa titular del sistema DIF Nacional, Nuria Fern\u00e1ndez Espresate, estuvo presente en esta jornada que beneficia a personas con discapacidad de Navojoa, En Sonora en Equipo publicamos toda la informaci\u00f3n de Sonora, M\u00e9xico y el Mundo de manera oportuna y busca que la libertad de expresi\u00f3n sea real. Visita nuestro medio informativo publicado desde Hermosillo, Sonora. %","og_url":"https:\/\/www.sonoraenequipo.com.mx\/jornada-por-la-discapacidad-llega-a-navojoa\/","og_site_name":"Sonora en Equipo.","article_publisher":"https:\/\/www.facebook.com\/SonoraEE\/","article_author":"https:\/\/www.facebook.com\/SonoraEE","article_published_time":"2022-10-15T03:36:02+00:00","og_image":[{"width":700,"height":468,"url":"https:\/\/www.sonoraenequipo.com.mx\/storage\/2022\/10\/dif-discapacidad.jpg","type":"image\/jpeg"}],"author":"enequipo","twitter_card":"summary_large_image","twitter_creator":"@sonoraenequipo","twitter_site":"@sonoraenequipo","twitter_misc":{"Escrito por":"enequipo","Tiempo de lectura":"3 minutos"},"schema":{"@context":"https:\/\/schema.org","@graph":[{"@type":"Article","@id":"https:\/\/www.sonoraenequipo.com.mx\/jornada-por-la-discapacidad-llega-a-navojoa\/#article","isPartOf":{"@id":"https:\/\/www.sonoraenequipo.com.mx\/jornada-por-la-discapacidad-llega-a-navojoa\/"},"author":{"name":"enequipo","@id":"https:\/\/www.sonoraenequipo.com.mx\/#\/schema\/person\/50102df0fb23a8fa9e8effad8fa81386"},"headline":"Jornada por la Discapacidad llega a Navojoa","datePublished":"2022-10-15T03:36:02+00:00","mainEntityOfPage":{"@id":"https:\/\/www.sonoraenequipo.com.mx\/jornada-por-la-discapacidad-llega-a-navojoa\/"},"wordCount":564,"commentCount":0,"publisher":{"@id":"https:\/\/www.sonoraenequipo.com.mx\/#organization"},"image":{"@id":"https:\/\/www.sonoraenequipo.com.mx\/jornada-por-la-discapacidad-llega-a-navojoa\/#primaryimage"},"thumbnailUrl":"https:\/\/www.sonoraenequipo.com.mx\/storage\/2022\/10\/dif-discapacidad.jpg","keywords":["dif","discapacidad"],"articleSection":["Municipios"],"inLanguage":"es","potentialAction":[{"@type":"CommentAction","name":"Comment","target":["https:\/\/www.sonoraenequipo.com.mx\/jornada-por-la-discapacidad-llega-a-navojoa\/#respond"]}]},{"@type":"WebPage","@id":"https:\/\/www.sonoraenequipo.com.mx\/jornada-por-la-discapacidad-llega-a-navojoa\/","url":"https:\/\/www.sonoraenequipo.com.mx\/jornada-por-la-discapacidad-llega-a-navojoa\/","name":"Sonora en Equipo. Jornada por la Discapacidad llega a Navojoa Municipios","isPartOf":{"@id":"https:\/\/www.sonoraenequipo.com.mx\/#website"},"primaryImageOfPage":{"@id":"https:\/\/www.sonoraenequipo.com.mx\/jornada-por-la-discapacidad-llega-a-navojoa\/#primaryimage"},"image":{"@id":"https:\/\/www.sonoraenequipo.com.mx\/jornada-por-la-discapacidad-llega-a-navojoa\/#primaryimage"},"thumbnailUrl":"https:\/\/www.sonoraenequipo.com.mx\/storage\/2022\/10\/dif-discapacidad.jpg","datePublished":"2022-10-15T03:36:02+00:00","description":"\u25baLa titular del sistema DIF Nacional, Nuria Fern\u00e1ndez Espresate, estuvo presente en esta jornada que beneficia a personas con discapacidad de Navojoa, En Sonora en Equipo publicamos toda la informaci\u00f3n de Sonora, M\u00e9xico y el Mundo de manera oportuna y busca que la libertad de expresi\u00f3n sea real. Visita nuestro medio informativo publicado desde Hermosillo, Sonora. %","breadcrumb":{"@id":"https:\/\/www.sonoraenequipo.com.mx\/jornada-por-la-discapacidad-llega-a-navojoa\/#breadcrumb"},"inLanguage":"es","potentialAction":[{"@type":"ReadAction","target":["https:\/\/www.sonoraenequipo.com.mx\/jornada-por-la-discapacidad-llega-a-navojoa\/"]}]},{"@type":"ImageObject","inLanguage":"es","@id":"https:\/\/www.sonoraenequipo.com.mx\/jornada-por-la-discapacidad-llega-a-navojoa\/#primaryimage","url":"https:\/\/www.sonoraenequipo.com.mx\/storage\/2022\/10\/dif-discapacidad.jpg","contentUrl":"https:\/\/www.sonoraenequipo.com.mx\/storage\/2022\/10\/dif-discapacidad.jpg","width":700,"height":468},{"@type":"BreadcrumbList","@id":"https:\/\/www.sonoraenequipo.com.mx\/jornada-por-la-discapacidad-llega-a-navojoa\/#breadcrumb","itemListElement":[{"@type":"ListItem","position":1,"name":"Portada","item":"https:\/\/www.sonoraenequipo.com.mx\/"},{"@type":"ListItem","position":2,"name":"Jornada por la Discapacidad llega a Navojoa"}]},{"@type":"WebSite","@id":"https:\/\/www.sonoraenequipo.com.mx\/#website","url":"https:\/\/www.sonoraenequipo.com.mx\/","name":"Sonora en Equipo.","description":"Diario en l\u00ednea con Noticias desde Hermosillo, Sonora","publisher":{"@id":"https:\/\/www.sonoraenequipo.com.mx\/#organization"},"potentialAction":[{"@type":"SearchAction","target":{"@type":"EntryPoint","urlTemplate":"https:\/\/www.sonoraenequipo.com.mx\/?s={search_term_string}"},"query-input":{"@type":"PropertyValueSpecification","valueRequired":true,"valueName":"search_term_string"}}],"inLanguage":"es"},{"@type":"Organization","@id":"https:\/\/www.sonoraenequipo.com.mx\/#organization","name":"Sonoraenequipo.com.mx","url":"https:\/\/www.sonoraenequipo.com.mx\/","logo":{"@type":"ImageObject","inLanguage":"es","@id":"https:\/\/www.sonoraenequipo.com.mx\/#\/schema\/logo\/image\/","url":"https:\/\/www.sonoraenequipo.com.mx\/storage\/2019\/01\/sonoraenequipo_opt.png","contentUrl":"https:\/\/www.sonoraenequipo.com.mx\/storage\/2019\/01\/sonoraenequipo_opt.png","width":375,"height":125,"caption":"Sonoraenequipo.com.mx"},"image":{"@id":"https:\/\/www.sonoraenequipo.com.mx\/#\/schema\/logo\/image\/"},"sameAs":["https:\/\/www.facebook.com\/SonoraEE\/","https:\/\/x.com\/sonoraenequipo","https:\/\/www.youtube.com\/channel\/UC338nW-lPEYmJQs4ZABQ1SQ"]},{"@type":"Person","@id":"https:\/\/www.sonoraenequipo.com.mx\/#\/schema\/person\/50102df0fb23a8fa9e8effad8fa81386","name":"enequipo","image":{"@type":"ImageObject","inLanguage":"es","@id":"https:\/\/www.sonoraenequipo.com.mx\/#\/schema\/person\/image\/","url":"https:\/\/secure.gravatar.com\/avatar\/049821681b589dabc0bc20695993ccebb09f5b5d4d790cd9251b97faac7c652b?s=96&d=blank&r=g","contentUrl":"https:\/\/secure.gravatar.com\/avatar\/049821681b589dabc0bc20695993ccebb09f5b5d4d790cd9251b97faac7c652b?s=96&d=blank&r=g","caption":"enequipo"},"sameAs":["https:\/\/www.facebook.com\/SonoraEE"]}]}},"jetpack_featured_media_url":"https:\/\/www.sonoraenequipo.com.mx\/storage\/2022\/10\/dif-discapacidad.jpg","_links":{"self":[{"href":"https:\/\/www.sonoraenequipo.com.mx\/api\/wp\/v2\/posts\/149248","targetHints":{"allow":["GET"]}}],"collection":[{"href":"https:\/\/www.sonoraenequipo.com.mx\/api\/wp\/v2\/posts"}],"about":[{"href":"https:\/\/www.sonoraenequipo.com.mx\/api\/wp\/v2\/types\/post"}],"author":[{"embeddable":true,"href":"https:\/\/www.sonoraenequipo.com.mx\/api\/wp\/v2\/users\/1"}],"replies":[{"embeddable":true,"href":"https:\/\/www.sonoraenequipo.com.mx\/api\/wp\/v2\/comments?post=149248"}],"version-history":[{"count":1,"href":"https:\/\/www.sonoraenequipo.com.mx\/api\/wp\/v2\/posts\/149248\/revisions"}],"predecessor-version":[{"id":149250,"href":"https:\/\/www.sonoraenequipo.com.mx\/api\/wp\/v2\/posts\/149248\/revisions\/149250"}],"wp:featuredmedia":[{"embeddable":true,"href":"https:\/\/www.sonoraenequipo.com.mx\/api\/wp\/v2\/media\/149249"}],"wp:attachment":[{"href":"https:\/\/www.sonoraenequipo.com.mx\/api\/wp\/v2\/media?parent=149248"}],"wp:term":[{"taxonomy":"category","embeddable":true,"href":"https:\/\/www.sonoraenequipo.com.mx\/api\/wp\/v2\/categories?post=149248"},{"taxonomy":"post_tag","embeddable":true,"href":"https:\/\/www.sonoraenequipo.com.mx\/api\/wp\/v2\/tags?post=149248"}],"curies":[{"name":"wp","href":"https:\/\/api.w.org\/{rel}","templated":true}]}}