{"id":149251,"date":"2022-10-14T19:46:18","date_gmt":"2022-10-15T02:46:18","guid":{"rendered":"https:\/\/www.sonoraenequipo.com.mx\/?p=149251"},"modified":"2022-10-14T21:02:03","modified_gmt":"2022-10-15T04:02:03","slug":"participa-fatima-rodriguez-en-celebraciones-del-69-aniversario-del-dag-de-la-unison","status":"publish","type":"post","link":"https:\/\/www.sonoraenequipo.com.mx\/participa-fatima-rodriguez-en-celebraciones-del-69-aniversario-del-dag-de-la-unison\/","title":{"rendered":"Participa F\u00e1tima Rodr\u00edguez en celebraciones del 69 aniversario del DAG de la Unison"},"content":{"rendered":"<p><strong>HERMOSILLO, SONORA,MX.<\/strong><strong>\u2500\u2500<\/strong> A romper paradigmas y trabajar por transformar la labor de la mujer, llam\u00f3 la secretaria de Agricultura en Sonora, F\u00e1tima Yolanda Rodr\u00edguez Mendoza, a estudiantes y egresados durante los festejos del 69 aniversario del Departamento de Agricultura y Ganader\u00eda (DAG) de la Universidad de Sonora (Unison).<\/p>\n<p>&nbsp;<\/p>\n<p>&nbsp;<\/p>\n<p>&nbsp;<\/p>\n<p>En la conmemoraci\u00f3n se entregaron reconocimientos a egresados de la generaci\u00f3n 78-83, tambi\u00e9n a alumnos destacados, adem\u00e1s de los ganadores de las competencias deportivas; as\u00ed mismo, se tom\u00f3 protesta a la nueva Mesa Directiva de la Sociedad Estudiantil de Ingeniero Agr\u00f3nomo (Seagro).<\/p>\n<p>&nbsp;<\/p>\n<p>&nbsp;<\/p>\n<p>&nbsp;<\/p>\n<p>En su participaci\u00f3n, la titular de la Secretar\u00eda de Agricultura, Ganader\u00eda, Recursos Hidr\u00e1ulicos, Pesca y Acuacultura (Sagarhpa) expres\u00f3 que \u201cla mujer debe estar en las mejores decisiones del campo sonorense\u201d. Una muestra de esa participaci\u00f3n social, coment\u00f3, es que en la conducci\u00f3n del Gobierno de Sonora, el gobernador Alfonso Durazo ha demostrado su confianza en ellas para ocupar algunos de los cargos de mayor responsabilidad en su gabinete.<\/p>\n<p>&nbsp;<\/p>\n<p>&nbsp;<\/p>\n<p>&nbsp;<\/p>\n<p>Cuando yo estudiaba aqu\u00ed, dijo, \u00e9ramos cinco mujeres; qu\u00e9 gusto enorme me da ver que haya tantas compa\u00f1eras.<\/p>\n<p>&nbsp;<\/p>\n<p>&nbsp;<\/p>\n<p>&nbsp;<\/p>\n<p>\u201cSin la mujer no est\u00e1 la democracia, la democracia no va. Es un honor compartir esta reuni\u00f3n con tantas mujeres, porque somos capaces de romper paradigmas, somos capaces de ejercer y sobresalir en nuestra profesi\u00f3n. Me siento muy orgullosa de ser la primera mujer que ocupa una secretar\u00eda como es Sagarhpa\u201d, destac\u00f3.<\/p>\n<p>&nbsp;<\/p>\n<p>&nbsp;<\/p>\n<p>&nbsp;<\/p>\n<p>En la celebraci\u00f3n por el 69 aniversario del DAG estuvieron el secretario General Acad\u00e9mico, Ram\u00f3n Enrique Robles Zepeda; adem\u00e1s del jefe del DAG, Rub\u00e9n Ochoa Meza; junto con los presidentes de los colegios de ingenieros M\u00e9dicos Veterinarios Zootecnistas y de Agr\u00f3nomos, Miguel \u00c1ngel Chaira Ortiz y Gildardo Gil Le\u00f3n, respectivamente, adem\u00e1s de Juan Carlos G\u00e1lvez Ruiz.<\/p>\n<p><strong><u>Fecha de publicaci\u00f3n mi\u00e9rcoles 14 de octubre de 2022<\/u><\/strong><\/p>\n<p>&nbsp;<\/p>\n","protected":false},"excerpt":{"rendered":"<p>HERMOSILLO, SONORA,MX.\u2500\u2500 A romper paradigmas y trabajar por transformar la labor de la mujer, llam\u00f3&#8230;<\/p>\n","protected":false},"author":1,"featured_media":149252,"comment_status":"open","ping_status":"open","sticky":false,"template":"","format":"standard","meta":{"_monsterinsights_skip_tracking":false,"_monsterinsights_sitenote_active":false,"_monsterinsights_sitenote_note":"","_monsterinsights_sitenote_category":0,"footnotes":""},"categories":[22],"tags":[3250,63],"class_list":["post"],"yoast_head":" \n<title>Sonora en Equipo. Participa F\u00e1tima Rodr\u00edguez en celebraciones del 69 aniversario del DAG de la Unison Sonora<\/title>\n<meta name=\"description\" content=\"HERMOSILLO, SONORA,MX.\u2500\u2500 A romper paradigmas y trabajar por transformar la labor de la mujer, llam\u00f3 la secretaria de Agricultura en Sonora, F\u00e1tima Yolanda En Sonora en Equipo publicamos toda la informaci\u00f3n de Sonora, M\u00e9xico y el Mundo de manera oportuna y busca que la libertad de expresi\u00f3n sea real. Visita nuestro medio informativo publicado desde Hermosillo, Sonora. %\" \/>\n<meta name=\"robots\" content=\"index, follow, max-snippet:-1, max-image-preview:large, max-video-preview:-1\" \/>\n<link rel=\"canonical\" href=\"https:\/\/www.sonoraenequipo.com.mx\/participa-fatima-rodriguez-en-celebraciones-del-69-aniversario-del-dag-de-la-unison\/\" \/>\n<meta property=\"og:locale\" content=\"es_ES\" \/>\n<meta property=\"og:type\" content=\"article\" \/>\n<meta property=\"og:title\" content=\"Sonora en Equipo. Participa F\u00e1tima Rodr\u00edguez en celebraciones del 69 aniversario del DAG de la Unison Sonora\" \/>\n<meta property=\"og:description\" content=\"HERMOSILLO, SONORA,MX.\u2500\u2500 A romper paradigmas y trabajar por transformar la labor de la mujer, llam\u00f3 la secretaria de Agricultura en Sonora, F\u00e1tima Yolanda En Sonora en Equipo publicamos toda la informaci\u00f3n de Sonora, M\u00e9xico y el Mundo de manera oportuna y busca que la libertad de expresi\u00f3n sea real. Visita nuestro medio informativo publicado desde Hermosillo, Sonora. %\" \/>\n<meta property=\"og:url\" content=\"https:\/\/www.sonoraenequipo.com.mx\/participa-fatima-rodriguez-en-celebraciones-del-69-aniversario-del-dag-de-la-unison\/\" \/>\n<meta property=\"og:site_name\" content=\"Sonora en Equipo.\" \/>\n<meta property=\"article:publisher\" content=\"https:\/\/www.facebook.com\/SonoraEE\/\" \/>\n<meta property=\"article:author\" content=\"https:\/\/www.facebook.com\/SonoraEE\" \/>\n<meta property=\"article:published_time\" content=\"2022-10-15T02:46:18+00:00\" \/>\n<meta property=\"article:modified_time\" content=\"2022-10-15T04:02:03+00:00\" \/>\n<meta property=\"og:image\" content=\"https:\/\/www.sonoraenequipo.com.mx\/storage\/2022\/10\/dag.jpg\" \/>\n\t<meta property=\"og:image:width\" content=\"700\" \/>\n\t<meta property=\"og:image:height\" content=\"463\" \/>\n\t<meta property=\"og:image:type\" content=\"image\/jpeg\" \/>\n<meta name=\"author\" content=\"enequipo\" \/>\n<meta name=\"twitter:card\" content=\"summary_large_image\" \/>\n<meta name=\"twitter:creator\" content=\"@sonoraenequipo\" \/>\n<meta name=\"twitter:site\" content=\"@sonoraenequipo\" \/>\n<meta name=\"twitter:label1\" content=\"Escrito por\" \/>\n\t<meta name=\"twitter:data1\" content=\"enequipo\" \/>\n\t<meta name=\"twitter:label2\" content=\"Tiempo de lectura\" \/>\n\t<meta name=\"twitter:data2\" content=\"2 minutos\" \/>\n<script type=\"application\/ld+json\" class=\"yoast-schema-graph\">{\"@context\":\"https:\/\/schema.org\",\"@graph\":[{\"@type\":\"Article\",\"@id\":\"https:\/\/www.sonoraenequipo.com.mx\/participa-fatima-rodriguez-en-celebraciones-del-69-aniversario-del-dag-de-la-unison\/#article\",\"isPartOf\":{\"@id\":\"https:\/\/www.sonoraenequipo.com.mx\/participa-fatima-rodriguez-en-celebraciones-del-69-aniversario-del-dag-de-la-unison\/\"},\"author\":{\"name\":\"enequipo\",\"@id\":\"https:\/\/www.sonoraenequipo.com.mx\/#\/schema\/person\/50102df0fb23a8fa9e8effad8fa81386\"},\"headline\":\"Participa F\u00e1tima Rodr\u00edguez en celebraciones del 69 aniversario del DAG de la Unison\",\"datePublished\":\"2022-10-15T02:46:18+00:00\",\"dateModified\":\"2022-10-15T04:02:03+00:00\",\"mainEntityOfPage\":{\"@id\":\"https:\/\/www.sonoraenequipo.com.mx\/participa-fatima-rodriguez-en-celebraciones-del-69-aniversario-del-dag-de-la-unison\/\"},\"wordCount\":350,\"commentCount\":0,\"publisher\":{\"@id\":\"https:\/\/www.sonoraenequipo.com.mx\/#organization\"},\"image\":{\"@id\":\"https:\/\/www.sonoraenequipo.com.mx\/participa-fatima-rodriguez-en-celebraciones-del-69-aniversario-del-dag-de-la-unison\/#primaryimage\"},\"thumbnailUrl\":\"https:\/\/www.sonoraenequipo.com.mx\/storage\/2022\/10\/dag.jpg\",\"keywords\":[\"F\u00e1tima Dom\u00ednguez\",\"UniSon\"],\"articleSection\":[\"Sonora\"],\"inLanguage\":\"es\",\"potentialAction\":[{\"@type\":\"CommentAction\",\"name\":\"Comment\",\"target\":[\"https:\/\/www.sonoraenequipo.com.mx\/participa-fatima-rodriguez-en-celebraciones-del-69-aniversario-del-dag-de-la-unison\/#respond\"]}]},{\"@type\":\"WebPage\",\"@id\":\"https:\/\/www.sonoraenequipo.com.mx\/participa-fatima-rodriguez-en-celebraciones-del-69-aniversario-del-dag-de-la-unison\/\",\"url\":\"https:\/\/www.sonoraenequipo.com.mx\/participa-fatima-rodriguez-en-celebraciones-del-69-aniversario-del-dag-de-la-unison\/\",\"name\":\"Sonora en Equipo. Participa F\u00e1tima Rodr\u00edguez en celebraciones del 69 aniversario del DAG de la Unison Sonora\",\"isPartOf\":{\"@id\":\"https:\/\/www.sonoraenequipo.com.mx\/#website\"},\"primaryImageOfPage\":{\"@id\":\"https:\/\/www.sonoraenequipo.com.mx\/participa-fatima-rodriguez-en-celebraciones-del-69-aniversario-del-dag-de-la-unison\/#primaryimage\"},\"image\":{\"@id\":\"https:\/\/www.sonoraenequipo.com.mx\/participa-fatima-rodriguez-en-celebraciones-del-69-aniversario-del-dag-de-la-unison\/#primaryimage\"},\"thumbnailUrl\":\"https:\/\/www.sonoraenequipo.com.mx\/storage\/2022\/10\/dag.jpg\",\"datePublished\":\"2022-10-15T02:46:18+00:00\",\"dateModified\":\"2022-10-15T04:02:03+00:00\",\"description\":\"HERMOSILLO, SONORA,MX.\u2500\u2500 A romper paradigmas y trabajar por transformar la labor de la mujer, llam\u00f3 la secretaria de Agricultura en Sonora, F\u00e1tima Yolanda En Sonora en Equipo publicamos toda la informaci\u00f3n de Sonora, M\u00e9xico y el Mundo de manera oportuna y busca que la libertad de expresi\u00f3n sea real. Visita nuestro medio informativo publicado desde Hermosillo, Sonora. %\",\"breadcrumb\":{\"@id\":\"https:\/\/www.sonoraenequipo.com.mx\/participa-fatima-rodriguez-en-celebraciones-del-69-aniversario-del-dag-de-la-unison\/#breadcrumb\"},\"inLanguage\":\"es\",\"potentialAction\":[{\"@type\":\"ReadAction\",\"target\":[\"https:\/\/www.sonoraenequipo.com.mx\/participa-fatima-rodriguez-en-celebraciones-del-69-aniversario-del-dag-de-la-unison\/\"]}]},{\"@type\":\"ImageObject\",\"inLanguage\":\"es\",\"@id\":\"https:\/\/www.sonoraenequipo.com.mx\/participa-fatima-rodriguez-en-celebraciones-del-69-aniversario-del-dag-de-la-unison\/#primaryimage\",\"url\":\"https:\/\/www.sonoraenequipo.com.mx\/storage\/2022\/10\/dag.jpg\",\"contentUrl\":\"https:\/\/www.sonoraenequipo.com.mx\/storage\/2022\/10\/dag.jpg\",\"width\":700,\"height\":463},{\"@type\":\"BreadcrumbList\",\"@id\":\"https:\/\/www.sonoraenequipo.com.mx\/participa-fatima-rodriguez-en-celebraciones-del-69-aniversario-del-dag-de-la-unison\/#breadcrumb\",\"itemListElement\":[{\"@type\":\"ListItem\",\"position\":1,\"name\":\"Portada\",\"item\":\"https:\/\/www.sonoraenequipo.com.mx\/\"},{\"@type\":\"ListItem\",\"position\":2,\"name\":\"Participa F\u00e1tima Rodr\u00edguez en celebraciones del 69 aniversario del DAG de la Unison\"}]},{\"@type\":\"WebSite\",\"@id\":\"https:\/\/www.sonoraenequipo.com.mx\/#website\",\"url\":\"https:\/\/www.sonoraenequipo.com.mx\/\",\"name\":\"Sonora en Equipo.\",\"description\":\"Diario en l\u00ednea con Noticias desde Hermosillo, Sonora\",\"publisher\":{\"@id\":\"https:\/\/www.sonoraenequipo.com.mx\/#organization\"},\"potentialAction\":[{\"@type\":\"SearchAction\",\"target\":{\"@type\":\"EntryPoint\",\"urlTemplate\":\"https:\/\/www.sonoraenequipo.com.mx\/?s={search_term_string}\"},\"query-input\":{\"@type\":\"PropertyValueSpecification\",\"valueRequired\":true,\"valueName\":\"search_term_string\"}}],\"inLanguage\":\"es\"},{\"@type\":\"Organization\",\"@id\":\"https:\/\/www.sonoraenequipo.com.mx\/#organization\",\"name\":\"Sonoraenequipo.com.mx\",\"url\":\"https:\/\/www.sonoraenequipo.com.mx\/\",\"logo\":{\"@type\":\"ImageObject\",\"inLanguage\":\"es\",\"@id\":\"https:\/\/www.sonoraenequipo.com.mx\/#\/schema\/logo\/image\/\",\"url\":\"https:\/\/www.sonoraenequipo.com.mx\/storage\/2019\/01\/sonoraenequipo_opt.png\",\"contentUrl\":\"https:\/\/www.sonoraenequipo.com.mx\/storage\/2019\/01\/sonoraenequipo_opt.png\",\"width\":375,\"height\":125,\"caption\":\"Sonoraenequipo.com.mx\"},\"image\":{\"@id\":\"https:\/\/www.sonoraenequipo.com.mx\/#\/schema\/logo\/image\/\"},\"sameAs\":[\"https:\/\/www.facebook.com\/SonoraEE\/\",\"https:\/\/x.com\/sonoraenequipo\",\"https:\/\/www.youtube.com\/channel\/UC338nW-lPEYmJQs4ZABQ1SQ\"]},{\"@type\":\"Person\",\"@id\":\"https:\/\/www.sonoraenequipo.com.mx\/#\/schema\/person\/50102df0fb23a8fa9e8effad8fa81386\",\"name\":\"enequipo\",\"image\":{\"@type\":\"ImageObject\",\"inLanguage\":\"es\",\"@id\":\"https:\/\/www.sonoraenequipo.com.mx\/#\/schema\/person\/image\/\",\"url\":\"https:\/\/secure.gravatar.com\/avatar\/049821681b589dabc0bc20695993ccebb09f5b5d4d790cd9251b97faac7c652b?s=96&d=blank&r=g\",\"contentUrl\":\"https:\/\/secure.gravatar.com\/avatar\/049821681b589dabc0bc20695993ccebb09f5b5d4d790cd9251b97faac7c652b?s=96&d=blank&r=g\",\"caption\":\"enequipo\"},\"sameAs\":[\"https:\/\/www.facebook.com\/SonoraEE\"]}]}<\/script>\n ","yoast_head_json":{"title":"Sonora en Equipo. Participa F\u00e1tima Rodr\u00edguez en celebraciones del 69 aniversario del DAG de la Unison Sonora","description":"HERMOSILLO, SONORA,MX.\u2500\u2500 A romper paradigmas y trabajar por transformar la labor de la mujer, llam\u00f3 la secretaria de Agricultura en Sonora, F\u00e1tima Yolanda En Sonora en Equipo publicamos toda la informaci\u00f3n de Sonora, M\u00e9xico y el Mundo de manera oportuna y busca que la libertad de expresi\u00f3n sea real. Visita nuestro medio informativo publicado desde Hermosillo, Sonora. %","robots":{"index":"index","follow":"follow","max-snippet":"max-snippet:-1","max-image-preview":"max-image-preview:large","max-video-preview":"max-video-preview:-1"},"canonical":"https:\/\/www.sonoraenequipo.com.mx\/participa-fatima-rodriguez-en-celebraciones-del-69-aniversario-del-dag-de-la-unison\/","og_locale":"es_ES","og_type":"article","og_title":"Sonora en Equipo. Participa F\u00e1tima Rodr\u00edguez en celebraciones del 69 aniversario del DAG de la Unison Sonora","og_description":"HERMOSILLO, SONORA,MX.\u2500\u2500 A romper paradigmas y trabajar por transformar la labor de la mujer, llam\u00f3 la secretaria de Agricultura en Sonora, F\u00e1tima Yolanda En Sonora en Equipo publicamos toda la informaci\u00f3n de Sonora, M\u00e9xico y el Mundo de manera oportuna y busca que la libertad de expresi\u00f3n sea real. Visita nuestro medio informativo publicado desde Hermosillo, Sonora. %","og_url":"https:\/\/www.sonoraenequipo.com.mx\/participa-fatima-rodriguez-en-celebraciones-del-69-aniversario-del-dag-de-la-unison\/","og_site_name":"Sonora en Equipo.","article_publisher":"https:\/\/www.facebook.com\/SonoraEE\/","article_author":"https:\/\/www.facebook.com\/SonoraEE","article_published_time":"2022-10-15T02:46:18+00:00","article_modified_time":"2022-10-15T04:02:03+00:00","og_image":[{"width":700,"height":463,"url":"https:\/\/www.sonoraenequipo.com.mx\/storage\/2022\/10\/dag.jpg","type":"image\/jpeg"}],"author":"enequipo","twitter_card":"summary_large_image","twitter_creator":"@sonoraenequipo","twitter_site":"@sonoraenequipo","twitter_misc":{"Escrito por":"enequipo","Tiempo de lectura":"2 minutos"},"schema":{"@context":"https:\/\/schema.org","@graph":[{"@type":"Article","@id":"https:\/\/www.sonoraenequipo.com.mx\/participa-fatima-rodriguez-en-celebraciones-del-69-aniversario-del-dag-de-la-unison\/#article","isPartOf":{"@id":"https:\/\/www.sonoraenequipo.com.mx\/participa-fatima-rodriguez-en-celebraciones-del-69-aniversario-del-dag-de-la-unison\/"},"author":{"name":"enequipo","@id":"https:\/\/www.sonoraenequipo.com.mx\/#\/schema\/person\/50102df0fb23a8fa9e8effad8fa81386"},"headline":"Participa F\u00e1tima Rodr\u00edguez en celebraciones del 69 aniversario del DAG de la Unison","datePublished":"2022-10-15T02:46:18+00:00","dateModified":"2022-10-15T04:02:03+00:00","mainEntityOfPage":{"@id":"https:\/\/www.sonoraenequipo.com.mx\/participa-fatima-rodriguez-en-celebraciones-del-69-aniversario-del-dag-de-la-unison\/"},"wordCount":350,"commentCount":0,"publisher":{"@id":"https:\/\/www.sonoraenequipo.com.mx\/#organization"},"image":{"@id":"https:\/\/www.sonoraenequipo.com.mx\/participa-fatima-rodriguez-en-celebraciones-del-69-aniversario-del-dag-de-la-unison\/#primaryimage"},"thumbnailUrl":"https:\/\/www.sonoraenequipo.com.mx\/storage\/2022\/10\/dag.jpg","keywords":["F\u00e1tima Dom\u00ednguez","UniSon"],"articleSection":["Sonora"],"inLanguage":"es","potentialAction":[{"@type":"CommentAction","name":"Comment","target":["https:\/\/www.sonoraenequipo.com.mx\/participa-fatima-rodriguez-en-celebraciones-del-69-aniversario-del-dag-de-la-unison\/#respond"]}]},{"@type":"WebPage","@id":"https:\/\/www.sonoraenequipo.com.mx\/participa-fatima-rodriguez-en-celebraciones-del-69-aniversario-del-dag-de-la-unison\/","url":"https:\/\/www.sonoraenequipo.com.mx\/participa-fatima-rodriguez-en-celebraciones-del-69-aniversario-del-dag-de-la-unison\/","name":"Sonora en Equipo. Participa F\u00e1tima Rodr\u00edguez en celebraciones del 69 aniversario del DAG de la Unison Sonora","isPartOf":{"@id":"https:\/\/www.sonoraenequipo.com.mx\/#website"},"primaryImageOfPage":{"@id":"https:\/\/www.sonoraenequipo.com.mx\/participa-fatima-rodriguez-en-celebraciones-del-69-aniversario-del-dag-de-la-unison\/#primaryimage"},"image":{"@id":"https:\/\/www.sonoraenequipo.com.mx\/participa-fatima-rodriguez-en-celebraciones-del-69-aniversario-del-dag-de-la-unison\/#primaryimage"},"thumbnailUrl":"https:\/\/www.sonoraenequipo.com.mx\/storage\/2022\/10\/dag.jpg","datePublished":"2022-10-15T02:46:18+00:00","dateModified":"2022-10-15T04:02:03+00:00","description":"HERMOSILLO, SONORA,MX.\u2500\u2500 A romper paradigmas y trabajar por transformar la labor de la mujer, llam\u00f3 la secretaria de Agricultura en Sonora, F\u00e1tima Yolanda En Sonora en Equipo publicamos toda la informaci\u00f3n de Sonora, M\u00e9xico y el Mundo de manera oportuna y busca que la libertad de expresi\u00f3n sea real. Visita nuestro medio informativo publicado desde Hermosillo, Sonora. %","breadcrumb":{"@id":"https:\/\/www.sonoraenequipo.com.mx\/participa-fatima-rodriguez-en-celebraciones-del-69-aniversario-del-dag-de-la-unison\/#breadcrumb"},"inLanguage":"es","potentialAction":[{"@type":"ReadAction","target":["https:\/\/www.sonoraenequipo.com.mx\/participa-fatima-rodriguez-en-celebraciones-del-69-aniversario-del-dag-de-la-unison\/"]}]},{"@type":"ImageObject","inLanguage":"es","@id":"https:\/\/www.sonoraenequipo.com.mx\/participa-fatima-rodriguez-en-celebraciones-del-69-aniversario-del-dag-de-la-unison\/#primaryimage","url":"https:\/\/www.sonoraenequipo.com.mx\/storage\/2022\/10\/dag.jpg","contentUrl":"https:\/\/www.sonoraenequipo.com.mx\/storage\/2022\/10\/dag.jpg","width":700,"height":463},{"@type":"BreadcrumbList","@id":"https:\/\/www.sonoraenequipo.com.mx\/participa-fatima-rodriguez-en-celebraciones-del-69-aniversario-del-dag-de-la-unison\/#breadcrumb","itemListElement":[{"@type":"ListItem","position":1,"name":"Portada","item":"https:\/\/www.sonoraenequipo.com.mx\/"},{"@type":"ListItem","position":2,"name":"Participa F\u00e1tima Rodr\u00edguez en celebraciones del 69 aniversario del DAG de la Unison"}]},{"@type":"WebSite","@id":"https:\/\/www.sonoraenequipo.com.mx\/#website","url":"https:\/\/www.sonoraenequipo.com.mx\/","name":"Sonora en Equipo.","description":"Diario en l\u00ednea con Noticias desde Hermosillo, Sonora","publisher":{"@id":"https:\/\/www.sonoraenequipo.com.mx\/#organization"},"potentialAction":[{"@type":"SearchAction","target":{"@type":"EntryPoint","urlTemplate":"https:\/\/www.sonoraenequipo.com.mx\/?s={search_term_string}"},"query-input":{"@type":"PropertyValueSpecification","valueRequired":true,"valueName":"search_term_string"}}],"inLanguage":"es"},{"@type":"Organization","@id":"https:\/\/www.sonoraenequipo.com.mx\/#organization","name":"Sonoraenequipo.com.mx","url":"https:\/\/www.sonoraenequipo.com.mx\/","logo":{"@type":"ImageObject","inLanguage":"es","@id":"https:\/\/www.sonoraenequipo.com.mx\/#\/schema\/logo\/image\/","url":"https:\/\/www.sonoraenequipo.com.mx\/storage\/2019\/01\/sonoraenequipo_opt.png","contentUrl":"https:\/\/www.sonoraenequipo.com.mx\/storage\/2019\/01\/sonoraenequipo_opt.png","width":375,"height":125,"caption":"Sonoraenequipo.com.mx"},"image":{"@id":"https:\/\/www.sonoraenequipo.com.mx\/#\/schema\/logo\/image\/"},"sameAs":["https:\/\/www.facebook.com\/SonoraEE\/","https:\/\/x.com\/sonoraenequipo","https:\/\/www.youtube.com\/channel\/UC338nW-lPEYmJQs4ZABQ1SQ"]},{"@type":"Person","@id":"https:\/\/www.sonoraenequipo.com.mx\/#\/schema\/person\/50102df0fb23a8fa9e8effad8fa81386","name":"enequipo","image":{"@type":"ImageObject","inLanguage":"es","@id":"https:\/\/www.sonoraenequipo.com.mx\/#\/schema\/person\/image\/","url":"https:\/\/secure.gravatar.com\/avatar\/049821681b589dabc0bc20695993ccebb09f5b5d4d790cd9251b97faac7c652b?s=96&d=blank&r=g","contentUrl":"https:\/\/secure.gravatar.com\/avatar\/049821681b589dabc0bc20695993ccebb09f5b5d4d790cd9251b97faac7c652b?s=96&d=blank&r=g","caption":"enequipo"},"sameAs":["https:\/\/www.facebook.com\/SonoraEE"]}]}},"jetpack_featured_media_url":"https:\/\/www.sonoraenequipo.com.mx\/storage\/2022\/10\/dag.jpg","_links":{"self":[{"href":"https:\/\/www.sonoraenequipo.com.mx\/api\/wp\/v2\/posts\/149251","targetHints":{"allow":["GET"]}}],"collection":[{"href":"https:\/\/www.sonoraenequipo.com.mx\/api\/wp\/v2\/posts"}],"about":[{"href":"https:\/\/www.sonoraenequipo.com.mx\/api\/wp\/v2\/types\/post"}],"author":[{"embeddable":true,"href":"https:\/\/www.sonoraenequipo.com.mx\/api\/wp\/v2\/users\/1"}],"replies":[{"embeddable":true,"href":"https:\/\/www.sonoraenequipo.com.mx\/api\/wp\/v2\/comments?post=149251"}],"version-history":[{"count":1,"href":"https:\/\/www.sonoraenequipo.com.mx\/api\/wp\/v2\/posts\/149251\/revisions"}],"predecessor-version":[{"id":149253,"href":"https:\/\/www.sonoraenequipo.com.mx\/api\/wp\/v2\/posts\/149251\/revisions\/149253"}],"wp:featuredmedia":[{"embeddable":true,"href":"https:\/\/www.sonoraenequipo.com.mx\/api\/wp\/v2\/media\/149252"}],"wp:attachment":[{"href":"https:\/\/www.sonoraenequipo.com.mx\/api\/wp\/v2\/media?parent=149251"}],"wp:term":[{"taxonomy":"category","embeddable":true,"href":"https:\/\/www.sonoraenequipo.com.mx\/api\/wp\/v2\/categories?post=149251"},{"taxonomy":"post_tag","embeddable":true,"href":"https:\/\/www.sonoraenequipo.com.mx\/api\/wp\/v2\/tags?post=149251"}],"curies":[{"name":"wp","href":"https:\/\/api.w.org\/{rel}","templated":true}]}}