{"id":149267,"date":"2022-10-14T18:15:30","date_gmt":"2022-10-15T01:15:30","guid":{"rendered":"https:\/\/www.sonoraenequipo.com.mx\/?p=149267"},"modified":"2022-10-14T21:35:52","modified_gmt":"2022-10-15T04:35:52","slug":"tormenta-tropica-karl-puede-provocar-inundaciones-y-deslizamientos-en-el-sur-de-mexico","status":"publish","type":"post","link":"https:\/\/www.sonoraenequipo.com.mx\/tormenta-tropica-karl-puede-provocar-inundaciones-y-deslizamientos-en-el-sur-de-mexico\/","title":{"rendered":"Tormenta tropica Karl puede provocar inundaciones y deslizamientos en el sur de M\u00e9xico"},"content":{"rendered":"<p><strong>CIUDAD DE M\u00c9XICO. MX. \u2014<\/strong> La tormenta tropical Karl, en camino hacia la costa sur de M\u00e9xico, donde tocar\u00e1 tierra el s\u00e1bado, puede llegar a provocar inundaciones repentinas y deslizamientos de terreno sobre sectores del sur del pa\u00eds.<\/p>\n<p>&nbsp;<\/p>\n<p> <\/p>\n<p>&nbsp;<\/p>\n<p>El Centro Nacional de Huracanes (NHC, en ingl\u00e9s) de EE. UU. inform\u00f3 este viernes 14 de octubre en su bolet\u00edn de las 21.00 GMT que en ese momento el centro del sistema se situaba a alrededor de 95 millas (155 km) de Ciudad del Carmen, al suroeste de la pen\u00ednsula de Yucat\u00e1n, y a 135 millas (215 km) de Coatzacoalcos, ciudad del estado de Veracruz.<\/p>\n<p>&nbsp;<\/p>\n<p>&nbsp;<\/p>\n<p>Karl avanza con vientos m\u00e1ximos sostenidos de 40 millas por hora (65 km\/h).<\/p>\n<p>&nbsp;<\/p>\n<p>&nbsp;<\/p>\n<p>Hay un aviso de tormenta tropical en efecto de Coatzacoalcos a Sabancuy, al suroeste del estado mexicano de Campeche.<\/p>\n<p>&nbsp;<\/p>\n<p>&nbsp;<\/p>\n<p>La tormenta tropical Karl se mueve hacia el sur y suroeste a cerca de 5 millas por hora (7 km\/h) y se espera que d\u00e9 un giro hacia el sur sobre la Bah\u00eda de Campeche.<\/p>\n<p>&nbsp;<\/p>\n<p>&nbsp;<\/p>\n<p>PUBLICADO EL 14\/OCTUBRE DE 2022<\/p>\n","protected":false},"excerpt":{"rendered":"<p>CIUDAD DE M\u00c9XICO. MX. \u2014 La tormenta tropical Karl, en camino hacia la costa sur&#8230;<\/p>\n","protected":false},"author":1,"featured_media":148788,"comment_status":"open","ping_status":"open","sticky":false,"template":"","format":"standard","meta":{"_monsterinsights_skip_tracking":false,"_monsterinsights_sitenote_active":false,"_monsterinsights_sitenote_note":"","_monsterinsights_sitenote_category":0,"footnotes":""},"categories":[5],"tags":[],"class_list":["post"],"yoast_head":" \n<title>Sonora en Equipo. Tormenta tropica Karl puede provocar inundaciones y deslizamientos en el sur de M\u00e9xico Rep\u00fablica<\/title>\n<meta name=\"description\" content=\"CIUDAD DE M\u00c9XICO. MX. \u2014 La tormenta tropical Karl, en camino hacia la costa sur de M\u00e9xico, donde tocar\u00e1 tierra el s\u00e1bado, puede llegar a provocar En Sonora en Equipo publicamos toda la informaci\u00f3n de Sonora, M\u00e9xico y el Mundo de manera oportuna y busca que la libertad de expresi\u00f3n sea real. Visita nuestro medio informativo publicado desde Hermosillo, Sonora. %\" \/>\n<meta name=\"robots\" content=\"index, follow, max-snippet:-1, max-image-preview:large, max-video-preview:-1\" \/>\n<link rel=\"canonical\" href=\"https:\/\/www.sonoraenequipo.com.mx\/tormenta-tropica-karl-puede-provocar-inundaciones-y-deslizamientos-en-el-sur-de-mexico\/\" \/>\n<meta property=\"og:locale\" content=\"es_ES\" \/>\n<meta property=\"og:type\" content=\"article\" \/>\n<meta property=\"og:title\" content=\"Sonora en Equipo. Tormenta tropica Karl puede provocar inundaciones y deslizamientos en el sur de M\u00e9xico Rep\u00fablica\" \/>\n<meta property=\"og:description\" content=\"CIUDAD DE M\u00c9XICO. MX. \u2014 La tormenta tropical Karl, en camino hacia la costa sur de M\u00e9xico, donde tocar\u00e1 tierra el s\u00e1bado, puede llegar a provocar En Sonora en Equipo publicamos toda la informaci\u00f3n de Sonora, M\u00e9xico y el Mundo de manera oportuna y busca que la libertad de expresi\u00f3n sea real. Visita nuestro medio informativo publicado desde Hermosillo, Sonora. %\" \/>\n<meta property=\"og:url\" content=\"https:\/\/www.sonoraenequipo.com.mx\/tormenta-tropica-karl-puede-provocar-inundaciones-y-deslizamientos-en-el-sur-de-mexico\/\" \/>\n<meta property=\"og:site_name\" content=\"Sonora en Equipo.\" \/>\n<meta property=\"article:publisher\" content=\"https:\/\/www.facebook.com\/SonoraEE\/\" \/>\n<meta property=\"article:author\" content=\"https:\/\/www.facebook.com\/SonoraEE\" \/>\n<meta property=\"article:published_time\" content=\"2022-10-15T01:15:30+00:00\" \/>\n<meta property=\"article:modified_time\" content=\"2022-10-15T04:35:52+00:00\" \/>\n<meta property=\"og:image\" content=\"https:\/\/www.sonoraenequipo.com.mx\/storage\/2022\/10\/julia-alerta-nicaragua.jpg\" \/>\n\t<meta property=\"og:image:width\" content=\"900\" \/>\n\t<meta property=\"og:image:height\" content=\"514\" \/>\n\t<meta property=\"og:image:type\" content=\"image\/jpeg\" \/>\n<meta name=\"author\" content=\"enequipo\" \/>\n<meta name=\"twitter:card\" content=\"summary_large_image\" \/>\n<meta name=\"twitter:creator\" content=\"@sonoraenequipo\" \/>\n<meta name=\"twitter:site\" content=\"@sonoraenequipo\" \/>\n<meta name=\"twitter:label1\" content=\"Escrito por\" \/>\n\t<meta name=\"twitter:data1\" content=\"enequipo\" \/>\n\t<meta name=\"twitter:label2\" content=\"Tiempo de lectura\" \/>\n\t<meta name=\"twitter:data2\" content=\"1 minuto\" \/>\n<script type=\"application\/ld+json\" class=\"yoast-schema-graph\">{\"@context\":\"https:\/\/schema.org\",\"@graph\":[{\"@type\":\"Article\",\"@id\":\"https:\/\/www.sonoraenequipo.com.mx\/tormenta-tropica-karl-puede-provocar-inundaciones-y-deslizamientos-en-el-sur-de-mexico\/#article\",\"isPartOf\":{\"@id\":\"https:\/\/www.sonoraenequipo.com.mx\/tormenta-tropica-karl-puede-provocar-inundaciones-y-deslizamientos-en-el-sur-de-mexico\/\"},\"author\":{\"name\":\"enequipo\",\"@id\":\"https:\/\/www.sonoraenequipo.com.mx\/#\/schema\/person\/50102df0fb23a8fa9e8effad8fa81386\"},\"headline\":\"Tormenta tropica Karl puede provocar inundaciones y deslizamientos en el sur de M\u00e9xico\",\"datePublished\":\"2022-10-15T01:15:30+00:00\",\"dateModified\":\"2022-10-15T04:35:52+00:00\",\"mainEntityOfPage\":{\"@id\":\"https:\/\/www.sonoraenequipo.com.mx\/tormenta-tropica-karl-puede-provocar-inundaciones-y-deslizamientos-en-el-sur-de-mexico\/\"},\"wordCount\":199,\"commentCount\":0,\"publisher\":{\"@id\":\"https:\/\/www.sonoraenequipo.com.mx\/#organization\"},\"image\":{\"@id\":\"https:\/\/www.sonoraenequipo.com.mx\/tormenta-tropica-karl-puede-provocar-inundaciones-y-deslizamientos-en-el-sur-de-mexico\/#primaryimage\"},\"thumbnailUrl\":\"https:\/\/www.sonoraenequipo.com.mx\/storage\/2022\/10\/julia-alerta-nicaragua.jpg\",\"articleSection\":[\"Rep\u00fablica\"],\"inLanguage\":\"es\",\"potentialAction\":[{\"@type\":\"CommentAction\",\"name\":\"Comment\",\"target\":[\"https:\/\/www.sonoraenequipo.com.mx\/tormenta-tropica-karl-puede-provocar-inundaciones-y-deslizamientos-en-el-sur-de-mexico\/#respond\"]}]},{\"@type\":\"WebPage\",\"@id\":\"https:\/\/www.sonoraenequipo.com.mx\/tormenta-tropica-karl-puede-provocar-inundaciones-y-deslizamientos-en-el-sur-de-mexico\/\",\"url\":\"https:\/\/www.sonoraenequipo.com.mx\/tormenta-tropica-karl-puede-provocar-inundaciones-y-deslizamientos-en-el-sur-de-mexico\/\",\"name\":\"Sonora en Equipo. Tormenta tropica Karl puede provocar inundaciones y deslizamientos en el sur de M\u00e9xico Rep\u00fablica\",\"isPartOf\":{\"@id\":\"https:\/\/www.sonoraenequipo.com.mx\/#website\"},\"primaryImageOfPage\":{\"@id\":\"https:\/\/www.sonoraenequipo.com.mx\/tormenta-tropica-karl-puede-provocar-inundaciones-y-deslizamientos-en-el-sur-de-mexico\/#primaryimage\"},\"image\":{\"@id\":\"https:\/\/www.sonoraenequipo.com.mx\/tormenta-tropica-karl-puede-provocar-inundaciones-y-deslizamientos-en-el-sur-de-mexico\/#primaryimage\"},\"thumbnailUrl\":\"https:\/\/www.sonoraenequipo.com.mx\/storage\/2022\/10\/julia-alerta-nicaragua.jpg\",\"datePublished\":\"2022-10-15T01:15:30+00:00\",\"dateModified\":\"2022-10-15T04:35:52+00:00\",\"description\":\"CIUDAD DE M\u00c9XICO. MX. \u2014 La tormenta tropical Karl, en camino hacia la costa sur de M\u00e9xico, donde tocar\u00e1 tierra el s\u00e1bado, puede llegar a provocar En Sonora en Equipo publicamos toda la informaci\u00f3n de Sonora, M\u00e9xico y el Mundo de manera oportuna y busca que la libertad de expresi\u00f3n sea real. Visita nuestro medio informativo publicado desde Hermosillo, Sonora. %\",\"breadcrumb\":{\"@id\":\"https:\/\/www.sonoraenequipo.com.mx\/tormenta-tropica-karl-puede-provocar-inundaciones-y-deslizamientos-en-el-sur-de-mexico\/#breadcrumb\"},\"inLanguage\":\"es\",\"potentialAction\":[{\"@type\":\"ReadAction\",\"target\":[\"https:\/\/www.sonoraenequipo.com.mx\/tormenta-tropica-karl-puede-provocar-inundaciones-y-deslizamientos-en-el-sur-de-mexico\/\"]}]},{\"@type\":\"ImageObject\",\"inLanguage\":\"es\",\"@id\":\"https:\/\/www.sonoraenequipo.com.mx\/tormenta-tropica-karl-puede-provocar-inundaciones-y-deslizamientos-en-el-sur-de-mexico\/#primaryimage\",\"url\":\"https:\/\/www.sonoraenequipo.com.mx\/storage\/2022\/10\/julia-alerta-nicaragua.jpg\",\"contentUrl\":\"https:\/\/www.sonoraenequipo.com.mx\/storage\/2022\/10\/julia-alerta-nicaragua.jpg\",\"width\":900,\"height\":514},{\"@type\":\"BreadcrumbList\",\"@id\":\"https:\/\/www.sonoraenequipo.com.mx\/tormenta-tropica-karl-puede-provocar-inundaciones-y-deslizamientos-en-el-sur-de-mexico\/#breadcrumb\",\"itemListElement\":[{\"@type\":\"ListItem\",\"position\":1,\"name\":\"Portada\",\"item\":\"https:\/\/www.sonoraenequipo.com.mx\/\"},{\"@type\":\"ListItem\",\"position\":2,\"name\":\"Tormenta tropica Karl puede provocar inundaciones y deslizamientos en el sur de M\u00e9xico\"}]},{\"@type\":\"WebSite\",\"@id\":\"https:\/\/www.sonoraenequipo.com.mx\/#website\",\"url\":\"https:\/\/www.sonoraenequipo.com.mx\/\",\"name\":\"Sonora en Equipo.\",\"description\":\"Diario en l\u00ednea con Noticias desde Hermosillo, Sonora\",\"publisher\":{\"@id\":\"https:\/\/www.sonoraenequipo.com.mx\/#organization\"},\"potentialAction\":[{\"@type\":\"SearchAction\",\"target\":{\"@type\":\"EntryPoint\",\"urlTemplate\":\"https:\/\/www.sonoraenequipo.com.mx\/?s={search_term_string}\"},\"query-input\":{\"@type\":\"PropertyValueSpecification\",\"valueRequired\":true,\"valueName\":\"search_term_string\"}}],\"inLanguage\":\"es\"},{\"@type\":\"Organization\",\"@id\":\"https:\/\/www.sonoraenequipo.com.mx\/#organization\",\"name\":\"Sonoraenequipo.com.mx\",\"url\":\"https:\/\/www.sonoraenequipo.com.mx\/\",\"logo\":{\"@type\":\"ImageObject\",\"inLanguage\":\"es\",\"@id\":\"https:\/\/www.sonoraenequipo.com.mx\/#\/schema\/logo\/image\/\",\"url\":\"https:\/\/www.sonoraenequipo.com.mx\/storage\/2019\/01\/sonoraenequipo_opt.png\",\"contentUrl\":\"https:\/\/www.sonoraenequipo.com.mx\/storage\/2019\/01\/sonoraenequipo_opt.png\",\"width\":375,\"height\":125,\"caption\":\"Sonoraenequipo.com.mx\"},\"image\":{\"@id\":\"https:\/\/www.sonoraenequipo.com.mx\/#\/schema\/logo\/image\/\"},\"sameAs\":[\"https:\/\/www.facebook.com\/SonoraEE\/\",\"https:\/\/x.com\/sonoraenequipo\",\"https:\/\/www.youtube.com\/channel\/UC338nW-lPEYmJQs4ZABQ1SQ\"]},{\"@type\":\"Person\",\"@id\":\"https:\/\/www.sonoraenequipo.com.mx\/#\/schema\/person\/50102df0fb23a8fa9e8effad8fa81386\",\"name\":\"enequipo\",\"image\":{\"@type\":\"ImageObject\",\"inLanguage\":\"es\",\"@id\":\"https:\/\/www.sonoraenequipo.com.mx\/#\/schema\/person\/image\/\",\"url\":\"https:\/\/secure.gravatar.com\/avatar\/049821681b589dabc0bc20695993ccebb09f5b5d4d790cd9251b97faac7c652b?s=96&d=blank&r=g\",\"contentUrl\":\"https:\/\/secure.gravatar.com\/avatar\/049821681b589dabc0bc20695993ccebb09f5b5d4d790cd9251b97faac7c652b?s=96&d=blank&r=g\",\"caption\":\"enequipo\"},\"sameAs\":[\"https:\/\/www.facebook.com\/SonoraEE\"]}]}<\/script>\n ","yoast_head_json":{"title":"Sonora en Equipo. Tormenta tropica Karl puede provocar inundaciones y deslizamientos en el sur de M\u00e9xico Rep\u00fablica","description":"CIUDAD DE M\u00c9XICO. MX. \u2014 La tormenta tropical Karl, en camino hacia la costa sur de M\u00e9xico, donde tocar\u00e1 tierra el s\u00e1bado, puede llegar a provocar En Sonora en Equipo publicamos toda la informaci\u00f3n de Sonora, M\u00e9xico y el Mundo de manera oportuna y busca que la libertad de expresi\u00f3n sea real. Visita nuestro medio informativo publicado desde Hermosillo, Sonora. %","robots":{"index":"index","follow":"follow","max-snippet":"max-snippet:-1","max-image-preview":"max-image-preview:large","max-video-preview":"max-video-preview:-1"},"canonical":"https:\/\/www.sonoraenequipo.com.mx\/tormenta-tropica-karl-puede-provocar-inundaciones-y-deslizamientos-en-el-sur-de-mexico\/","og_locale":"es_ES","og_type":"article","og_title":"Sonora en Equipo. Tormenta tropica Karl puede provocar inundaciones y deslizamientos en el sur de M\u00e9xico Rep\u00fablica","og_description":"CIUDAD DE M\u00c9XICO. MX. \u2014 La tormenta tropical Karl, en camino hacia la costa sur de M\u00e9xico, donde tocar\u00e1 tierra el s\u00e1bado, puede llegar a provocar En Sonora en Equipo publicamos toda la informaci\u00f3n de Sonora, M\u00e9xico y el Mundo de manera oportuna y busca que la libertad de expresi\u00f3n sea real. Visita nuestro medio informativo publicado desde Hermosillo, Sonora. %","og_url":"https:\/\/www.sonoraenequipo.com.mx\/tormenta-tropica-karl-puede-provocar-inundaciones-y-deslizamientos-en-el-sur-de-mexico\/","og_site_name":"Sonora en Equipo.","article_publisher":"https:\/\/www.facebook.com\/SonoraEE\/","article_author":"https:\/\/www.facebook.com\/SonoraEE","article_published_time":"2022-10-15T01:15:30+00:00","article_modified_time":"2022-10-15T04:35:52+00:00","og_image":[{"width":900,"height":514,"url":"https:\/\/www.sonoraenequipo.com.mx\/storage\/2022\/10\/julia-alerta-nicaragua.jpg","type":"image\/jpeg"}],"author":"enequipo","twitter_card":"summary_large_image","twitter_creator":"@sonoraenequipo","twitter_site":"@sonoraenequipo","twitter_misc":{"Escrito por":"enequipo","Tiempo de lectura":"1 minuto"},"schema":{"@context":"https:\/\/schema.org","@graph":[{"@type":"Article","@id":"https:\/\/www.sonoraenequipo.com.mx\/tormenta-tropica-karl-puede-provocar-inundaciones-y-deslizamientos-en-el-sur-de-mexico\/#article","isPartOf":{"@id":"https:\/\/www.sonoraenequipo.com.mx\/tormenta-tropica-karl-puede-provocar-inundaciones-y-deslizamientos-en-el-sur-de-mexico\/"},"author":{"name":"enequipo","@id":"https:\/\/www.sonoraenequipo.com.mx\/#\/schema\/person\/50102df0fb23a8fa9e8effad8fa81386"},"headline":"Tormenta tropica Karl puede provocar inundaciones y deslizamientos en el sur de M\u00e9xico","datePublished":"2022-10-15T01:15:30+00:00","dateModified":"2022-10-15T04:35:52+00:00","mainEntityOfPage":{"@id":"https:\/\/www.sonoraenequipo.com.mx\/tormenta-tropica-karl-puede-provocar-inundaciones-y-deslizamientos-en-el-sur-de-mexico\/"},"wordCount":199,"commentCount":0,"publisher":{"@id":"https:\/\/www.sonoraenequipo.com.mx\/#organization"},"image":{"@id":"https:\/\/www.sonoraenequipo.com.mx\/tormenta-tropica-karl-puede-provocar-inundaciones-y-deslizamientos-en-el-sur-de-mexico\/#primaryimage"},"thumbnailUrl":"https:\/\/www.sonoraenequipo.com.mx\/storage\/2022\/10\/julia-alerta-nicaragua.jpg","articleSection":["Rep\u00fablica"],"inLanguage":"es","potentialAction":[{"@type":"CommentAction","name":"Comment","target":["https:\/\/www.sonoraenequipo.com.mx\/tormenta-tropica-karl-puede-provocar-inundaciones-y-deslizamientos-en-el-sur-de-mexico\/#respond"]}]},{"@type":"WebPage","@id":"https:\/\/www.sonoraenequipo.com.mx\/tormenta-tropica-karl-puede-provocar-inundaciones-y-deslizamientos-en-el-sur-de-mexico\/","url":"https:\/\/www.sonoraenequipo.com.mx\/tormenta-tropica-karl-puede-provocar-inundaciones-y-deslizamientos-en-el-sur-de-mexico\/","name":"Sonora en Equipo. Tormenta tropica Karl puede provocar inundaciones y deslizamientos en el sur de M\u00e9xico Rep\u00fablica","isPartOf":{"@id":"https:\/\/www.sonoraenequipo.com.mx\/#website"},"primaryImageOfPage":{"@id":"https:\/\/www.sonoraenequipo.com.mx\/tormenta-tropica-karl-puede-provocar-inundaciones-y-deslizamientos-en-el-sur-de-mexico\/#primaryimage"},"image":{"@id":"https:\/\/www.sonoraenequipo.com.mx\/tormenta-tropica-karl-puede-provocar-inundaciones-y-deslizamientos-en-el-sur-de-mexico\/#primaryimage"},"thumbnailUrl":"https:\/\/www.sonoraenequipo.com.mx\/storage\/2022\/10\/julia-alerta-nicaragua.jpg","datePublished":"2022-10-15T01:15:30+00:00","dateModified":"2022-10-15T04:35:52+00:00","description":"CIUDAD DE M\u00c9XICO. MX. \u2014 La tormenta tropical Karl, en camino hacia la costa sur de M\u00e9xico, donde tocar\u00e1 tierra el s\u00e1bado, puede llegar a provocar En Sonora en Equipo publicamos toda la informaci\u00f3n de Sonora, M\u00e9xico y el Mundo de manera oportuna y busca que la libertad de expresi\u00f3n sea real. Visita nuestro medio informativo publicado desde Hermosillo, Sonora. %","breadcrumb":{"@id":"https:\/\/www.sonoraenequipo.com.mx\/tormenta-tropica-karl-puede-provocar-inundaciones-y-deslizamientos-en-el-sur-de-mexico\/#breadcrumb"},"inLanguage":"es","potentialAction":[{"@type":"ReadAction","target":["https:\/\/www.sonoraenequipo.com.mx\/tormenta-tropica-karl-puede-provocar-inundaciones-y-deslizamientos-en-el-sur-de-mexico\/"]}]},{"@type":"ImageObject","inLanguage":"es","@id":"https:\/\/www.sonoraenequipo.com.mx\/tormenta-tropica-karl-puede-provocar-inundaciones-y-deslizamientos-en-el-sur-de-mexico\/#primaryimage","url":"https:\/\/www.sonoraenequipo.com.mx\/storage\/2022\/10\/julia-alerta-nicaragua.jpg","contentUrl":"https:\/\/www.sonoraenequipo.com.mx\/storage\/2022\/10\/julia-alerta-nicaragua.jpg","width":900,"height":514},{"@type":"BreadcrumbList","@id":"https:\/\/www.sonoraenequipo.com.mx\/tormenta-tropica-karl-puede-provocar-inundaciones-y-deslizamientos-en-el-sur-de-mexico\/#breadcrumb","itemListElement":[{"@type":"ListItem","position":1,"name":"Portada","item":"https:\/\/www.sonoraenequipo.com.mx\/"},{"@type":"ListItem","position":2,"name":"Tormenta tropica Karl puede provocar inundaciones y deslizamientos en el sur de M\u00e9xico"}]},{"@type":"WebSite","@id":"https:\/\/www.sonoraenequipo.com.mx\/#website","url":"https:\/\/www.sonoraenequipo.com.mx\/","name":"Sonora en Equipo.","description":"Diario en l\u00ednea con Noticias desde Hermosillo, Sonora","publisher":{"@id":"https:\/\/www.sonoraenequipo.com.mx\/#organization"},"potentialAction":[{"@type":"SearchAction","target":{"@type":"EntryPoint","urlTemplate":"https:\/\/www.sonoraenequipo.com.mx\/?s={search_term_string}"},"query-input":{"@type":"PropertyValueSpecification","valueRequired":true,"valueName":"search_term_string"}}],"inLanguage":"es"},{"@type":"Organization","@id":"https:\/\/www.sonoraenequipo.com.mx\/#organization","name":"Sonoraenequipo.com.mx","url":"https:\/\/www.sonoraenequipo.com.mx\/","logo":{"@type":"ImageObject","inLanguage":"es","@id":"https:\/\/www.sonoraenequipo.com.mx\/#\/schema\/logo\/image\/","url":"https:\/\/www.sonoraenequipo.com.mx\/storage\/2019\/01\/sonoraenequipo_opt.png","contentUrl":"https:\/\/www.sonoraenequipo.com.mx\/storage\/2019\/01\/sonoraenequipo_opt.png","width":375,"height":125,"caption":"Sonoraenequipo.com.mx"},"image":{"@id":"https:\/\/www.sonoraenequipo.com.mx\/#\/schema\/logo\/image\/"},"sameAs":["https:\/\/www.facebook.com\/SonoraEE\/","https:\/\/x.com\/sonoraenequipo","https:\/\/www.youtube.com\/channel\/UC338nW-lPEYmJQs4ZABQ1SQ"]},{"@type":"Person","@id":"https:\/\/www.sonoraenequipo.com.mx\/#\/schema\/person\/50102df0fb23a8fa9e8effad8fa81386","name":"enequipo","image":{"@type":"ImageObject","inLanguage":"es","@id":"https:\/\/www.sonoraenequipo.com.mx\/#\/schema\/person\/image\/","url":"https:\/\/secure.gravatar.com\/avatar\/049821681b589dabc0bc20695993ccebb09f5b5d4d790cd9251b97faac7c652b?s=96&d=blank&r=g","contentUrl":"https:\/\/secure.gravatar.com\/avatar\/049821681b589dabc0bc20695993ccebb09f5b5d4d790cd9251b97faac7c652b?s=96&d=blank&r=g","caption":"enequipo"},"sameAs":["https:\/\/www.facebook.com\/SonoraEE"]}]}},"jetpack_featured_media_url":"https:\/\/www.sonoraenequipo.com.mx\/storage\/2022\/10\/julia-alerta-nicaragua.jpg","_links":{"self":[{"href":"https:\/\/www.sonoraenequipo.com.mx\/api\/wp\/v2\/posts\/149267","targetHints":{"allow":["GET"]}}],"collection":[{"href":"https:\/\/www.sonoraenequipo.com.mx\/api\/wp\/v2\/posts"}],"about":[{"href":"https:\/\/www.sonoraenequipo.com.mx\/api\/wp\/v2\/types\/post"}],"author":[{"embeddable":true,"href":"https:\/\/www.sonoraenequipo.com.mx\/api\/wp\/v2\/users\/1"}],"replies":[{"embeddable":true,"href":"https:\/\/www.sonoraenequipo.com.mx\/api\/wp\/v2\/comments?post=149267"}],"version-history":[{"count":1,"href":"https:\/\/www.sonoraenequipo.com.mx\/api\/wp\/v2\/posts\/149267\/revisions"}],"predecessor-version":[{"id":149268,"href":"https:\/\/www.sonoraenequipo.com.mx\/api\/wp\/v2\/posts\/149267\/revisions\/149268"}],"wp:featuredmedia":[{"embeddable":true,"href":"https:\/\/www.sonoraenequipo.com.mx\/api\/wp\/v2\/media\/148788"}],"wp:attachment":[{"href":"https:\/\/www.sonoraenequipo.com.mx\/api\/wp\/v2\/media?parent=149267"}],"wp:term":[{"taxonomy":"category","embeddable":true,"href":"https:\/\/www.sonoraenequipo.com.mx\/api\/wp\/v2\/categories?post=149267"},{"taxonomy":"post_tag","embeddable":true,"href":"https:\/\/www.sonoraenequipo.com.mx\/api\/wp\/v2\/tags?post=149267"}],"curies":[{"name":"wp","href":"https:\/\/api.w.org\/{rel}","templated":true}]}}