{"id":149269,"date":"2022-10-14T21:41:52","date_gmt":"2022-10-15T04:41:52","guid":{"rendered":"https:\/\/www.sonoraenequipo.com.mx\/?p=149269"},"modified":"2022-10-14T21:55:56","modified_gmt":"2022-10-15T04:55:56","slug":"protestan-pacificamente-venezolanos-deportados-en-puente-entre-mexico-y-ee-uu","status":"publish","type":"post","link":"https:\/\/www.sonoraenequipo.com.mx\/protestan-pacificamente-venezolanos-deportados-en-puente-entre-mexico-y-ee-uu\/","title":{"rendered":"Protestan pac\u00edficamente venezolanos deportados en puente entre M\u00e9xico y EE. UU."},"content":{"rendered":"<p><strong>MATAMOROS, TAMAULIPAS. MX. \u2014<\/strong> Alrededor de 160 venezolanos que fueron deportados por Estados Unidos, tras la noticia de que el pol\u00e9mico T\u00edtulo 42 aplique para los ciudadanos de este pa\u00eds, protestaron de manera pac\u00edfica en el Puente Nuevo, que conecta a Matamoros (estados de Tamaulipas), con Brownsville (estado de Texas), para exigir el ingreso a territorio estadounidense..<\/p>\n<p>&nbsp;<\/p>\n<p> <\/p>\n<p>&nbsp;<\/p>\n<p>Los migrantes salieron de la Casa del Migrante San Juan Diego para dirigirse al cruce internacional con las manos pintadas y encadenados, circunstancia que puso en alerta a integrantes de la patrulla fronteriza quienes, cerraron la v\u00eda y colocaron barricadas.<\/p>\n<p>&nbsp;<\/p>\n<p>\u201cNo tenemos el apoyo de nadie, estamos solos, somos nosotros contra M\u00e9xico y Estados Unidos\u201d, declar\u00f3 a EFE, Yahir Zambrano, originario de Caracas.<\/p>\n<p>&nbsp;<\/p>\n<p>Los extranjeros argumentaban que se hab\u00eda cometido una injusticia con ellos porque, antes de que se aplicara la nueva normativa, en la que es requisito que ingresen por avi\u00f3n, tras el tr\u00e1mite correspondiente, ya estaban en la naci\u00f3n norteamericana y se les retorn\u00f3 con enga\u00f1os.<\/p>\n<p>&nbsp;<\/p>\n<p>El grupo se coloc\u00f3 frente a la reja y pidieron dialogar con alg\u00fan funcionario del Gobierno del presidente Joe Biden con el objetivo de buscar una explicaci\u00f3n sobre la problem\u00e1tica que enfrentan al ser devueltos a M\u00e9xico por la frontera norte mexicana.<\/p>\n<blockquote class=\"twitter-tweet\" data-width=\"550\" data-dnt=\"true\">\n<p lang=\"es\" dir=\"ltr\"><a href=\"https:\/\/twitter.com\/hashtag\/14Oct?src=hash&amp;ref_src=twsrc%5Etfw\">#14Oct<\/a> <a href=\"https:\/\/twitter.com\/hashtag\/M%C3%A9xico?src=hash&amp;ref_src=twsrc%5Etfw\">#M\u00e9xico<\/a> <a href=\"https:\/\/twitter.com\/hashtag\/CrisisMIgratoria?src=hash&amp;ref_src=twsrc%5Etfw\">#CrisisMIgratoria<\/a><br \/>Migrantes venezolanos protestan en la frontera sur tras ser expulsados de <a href=\"https:\/\/twitter.com\/hashtag\/EEUU?src=hash&amp;ref_src=twsrc%5Etfw\">#EEUU<\/a>.<\/p>\n<p>Aseguran que no han recibido ayuda y respuesta de las ONG y representantes gubernamentales &#8211; <a href=\"https:\/\/twitter.com\/VPITV?ref_src=twsrc%5Etfw\">@VPITV<\/a><a href=\"https:\/\/t.co\/kY2hUxKJlv\">pic.twitter.com\/kY2hUxKJlv<\/a><\/p>\n<p>&mdash; Reporte Ya (@ReporteYa) <a href=\"https:\/\/twitter.com\/ReporteYa\/status\/1580923018733580289?ref_src=twsrc%5Etfw\">October 14, 2022<\/a><\/p><\/blockquote>\n<p><script async src=\"https:\/\/platform.twitter.com\/widgets.js\" charset=\"utf-8\"><\/script><\/p>\n<p>PUBLICADO EL 14\/OCTUBRE DE 2022 \/EFE)<\/p>\n","protected":false},"excerpt":{"rendered":"<p>MATAMOROS, TAMAULIPAS. MX. \u2014 Alrededor de 160 venezolanos que fueron deportados por Estados Unidos, tras&#8230;<\/p>\n","protected":false},"author":1,"featured_media":149271,"comment_status":"open","ping_status":"open","sticky":false,"template":"","format":"standard","meta":{"_monsterinsights_skip_tracking":false,"_monsterinsights_sitenote_active":false,"_monsterinsights_sitenote_note":"","_monsterinsights_sitenote_category":0,"footnotes":""},"categories":[3],"tags":[],"class_list":["post"],"yoast_head":" \n<title>Sonora en Equipo. Protestan pac\u00edficamente venezolanos deportados en puente entre M\u00e9xico y EE. UU. MUNDO<\/title>\n<meta name=\"description\" content=\"MATAMOROS, TAMAULIPAS. MX. \u2014 Alrededor de 160 venezolanos que fueron deportados por Estados Unidos, tras la noticia de que el pol\u00e9mico T\u00edtulo 42 aplique En Sonora en Equipo publicamos toda la informaci\u00f3n de Sonora, M\u00e9xico y el Mundo de manera oportuna y busca que la libertad de expresi\u00f3n sea real. Visita nuestro medio informativo publicado desde Hermosillo, Sonora. %\" \/>\n<meta name=\"robots\" content=\"index, follow, max-snippet:-1, max-image-preview:large, max-video-preview:-1\" \/>\n<link rel=\"canonical\" href=\"https:\/\/www.sonoraenequipo.com.mx\/protestan-pacificamente-venezolanos-deportados-en-puente-entre-mexico-y-ee-uu\/\" \/>\n<meta property=\"og:locale\" content=\"es_ES\" \/>\n<meta property=\"og:type\" content=\"article\" \/>\n<meta property=\"og:title\" content=\"Sonora en Equipo. Protestan pac\u00edficamente venezolanos deportados en puente entre M\u00e9xico y EE. UU. MUNDO\" \/>\n<meta property=\"og:description\" content=\"MATAMOROS, TAMAULIPAS. MX. \u2014 Alrededor de 160 venezolanos que fueron deportados por Estados Unidos, tras la noticia de que el pol\u00e9mico T\u00edtulo 42 aplique En Sonora en Equipo publicamos toda la informaci\u00f3n de Sonora, M\u00e9xico y el Mundo de manera oportuna y busca que la libertad de expresi\u00f3n sea real. Visita nuestro medio informativo publicado desde Hermosillo, Sonora. %\" \/>\n<meta property=\"og:url\" content=\"https:\/\/www.sonoraenequipo.com.mx\/protestan-pacificamente-venezolanos-deportados-en-puente-entre-mexico-y-ee-uu\/\" \/>\n<meta property=\"og:site_name\" content=\"Sonora en Equipo.\" \/>\n<meta property=\"article:publisher\" content=\"https:\/\/www.facebook.com\/SonoraEE\/\" \/>\n<meta property=\"article:author\" content=\"https:\/\/www.facebook.com\/SonoraEE\" \/>\n<meta property=\"article:published_time\" content=\"2022-10-15T04:41:52+00:00\" \/>\n<meta property=\"article:modified_time\" content=\"2022-10-15T04:55:56+00:00\" \/>\n<meta property=\"og:image\" content=\"https:\/\/www.sonoraenequipo.com.mx\/storage\/2022\/10\/Protestan-Venezolanos-en-la-frontera-mx.usa1_.jpg\" \/>\n\t<meta property=\"og:image:width\" content=\"900\" \/>\n\t<meta property=\"og:image:height\" content=\"514\" \/>\n\t<meta property=\"og:image:type\" content=\"image\/jpeg\" \/>\n<meta name=\"author\" content=\"enequipo\" \/>\n<meta name=\"twitter:card\" content=\"summary_large_image\" \/>\n<meta name=\"twitter:creator\" content=\"@sonoraenequipo\" \/>\n<meta name=\"twitter:site\" content=\"@sonoraenequipo\" \/>\n<meta name=\"twitter:label1\" content=\"Escrito por\" \/>\n\t<meta name=\"twitter:data1\" content=\"enequipo\" \/>\n\t<meta name=\"twitter:label2\" content=\"Tiempo de lectura\" \/>\n\t<meta name=\"twitter:data2\" content=\"1 minuto\" \/>\n<script type=\"application\/ld+json\" class=\"yoast-schema-graph\">{\"@context\":\"https:\/\/schema.org\",\"@graph\":[{\"@type\":\"Article\",\"@id\":\"https:\/\/www.sonoraenequipo.com.mx\/protestan-pacificamente-venezolanos-deportados-en-puente-entre-mexico-y-ee-uu\/#article\",\"isPartOf\":{\"@id\":\"https:\/\/www.sonoraenequipo.com.mx\/protestan-pacificamente-venezolanos-deportados-en-puente-entre-mexico-y-ee-uu\/\"},\"author\":{\"name\":\"enequipo\",\"@id\":\"https:\/\/www.sonoraenequipo.com.mx\/#\/schema\/person\/50102df0fb23a8fa9e8effad8fa81386\"},\"headline\":\"Protestan pac\u00edficamente venezolanos deportados en puente entre M\u00e9xico y EE. UU.\",\"datePublished\":\"2022-10-15T04:41:52+00:00\",\"dateModified\":\"2022-10-15T04:55:56+00:00\",\"mainEntityOfPage\":{\"@id\":\"https:\/\/www.sonoraenequipo.com.mx\/protestan-pacificamente-venezolanos-deportados-en-puente-entre-mexico-y-ee-uu\/\"},\"wordCount\":247,\"commentCount\":0,\"publisher\":{\"@id\":\"https:\/\/www.sonoraenequipo.com.mx\/#organization\"},\"image\":{\"@id\":\"https:\/\/www.sonoraenequipo.com.mx\/protestan-pacificamente-venezolanos-deportados-en-puente-entre-mexico-y-ee-uu\/#primaryimage\"},\"thumbnailUrl\":\"https:\/\/www.sonoraenequipo.com.mx\/storage\/2022\/10\/Protestan-Venezolanos-en-la-frontera-mx.usa1_.jpg\",\"articleSection\":[\"MUNDO\"],\"inLanguage\":\"es\",\"potentialAction\":[{\"@type\":\"CommentAction\",\"name\":\"Comment\",\"target\":[\"https:\/\/www.sonoraenequipo.com.mx\/protestan-pacificamente-venezolanos-deportados-en-puente-entre-mexico-y-ee-uu\/#respond\"]}]},{\"@type\":\"WebPage\",\"@id\":\"https:\/\/www.sonoraenequipo.com.mx\/protestan-pacificamente-venezolanos-deportados-en-puente-entre-mexico-y-ee-uu\/\",\"url\":\"https:\/\/www.sonoraenequipo.com.mx\/protestan-pacificamente-venezolanos-deportados-en-puente-entre-mexico-y-ee-uu\/\",\"name\":\"Sonora en Equipo. Protestan pac\u00edficamente venezolanos deportados en puente entre M\u00e9xico y EE. UU. MUNDO\",\"isPartOf\":{\"@id\":\"https:\/\/www.sonoraenequipo.com.mx\/#website\"},\"primaryImageOfPage\":{\"@id\":\"https:\/\/www.sonoraenequipo.com.mx\/protestan-pacificamente-venezolanos-deportados-en-puente-entre-mexico-y-ee-uu\/#primaryimage\"},\"image\":{\"@id\":\"https:\/\/www.sonoraenequipo.com.mx\/protestan-pacificamente-venezolanos-deportados-en-puente-entre-mexico-y-ee-uu\/#primaryimage\"},\"thumbnailUrl\":\"https:\/\/www.sonoraenequipo.com.mx\/storage\/2022\/10\/Protestan-Venezolanos-en-la-frontera-mx.usa1_.jpg\",\"datePublished\":\"2022-10-15T04:41:52+00:00\",\"dateModified\":\"2022-10-15T04:55:56+00:00\",\"description\":\"MATAMOROS, TAMAULIPAS. MX. \u2014 Alrededor de 160 venezolanos que fueron deportados por Estados Unidos, tras la noticia de que el pol\u00e9mico T\u00edtulo 42 aplique En Sonora en Equipo publicamos toda la informaci\u00f3n de Sonora, M\u00e9xico y el Mundo de manera oportuna y busca que la libertad de expresi\u00f3n sea real. Visita nuestro medio informativo publicado desde Hermosillo, Sonora. %\",\"breadcrumb\":{\"@id\":\"https:\/\/www.sonoraenequipo.com.mx\/protestan-pacificamente-venezolanos-deportados-en-puente-entre-mexico-y-ee-uu\/#breadcrumb\"},\"inLanguage\":\"es\",\"potentialAction\":[{\"@type\":\"ReadAction\",\"target\":[\"https:\/\/www.sonoraenequipo.com.mx\/protestan-pacificamente-venezolanos-deportados-en-puente-entre-mexico-y-ee-uu\/\"]}]},{\"@type\":\"ImageObject\",\"inLanguage\":\"es\",\"@id\":\"https:\/\/www.sonoraenequipo.com.mx\/protestan-pacificamente-venezolanos-deportados-en-puente-entre-mexico-y-ee-uu\/#primaryimage\",\"url\":\"https:\/\/www.sonoraenequipo.com.mx\/storage\/2022\/10\/Protestan-Venezolanos-en-la-frontera-mx.usa1_.jpg\",\"contentUrl\":\"https:\/\/www.sonoraenequipo.com.mx\/storage\/2022\/10\/Protestan-Venezolanos-en-la-frontera-mx.usa1_.jpg\",\"width\":900,\"height\":514},{\"@type\":\"BreadcrumbList\",\"@id\":\"https:\/\/www.sonoraenequipo.com.mx\/protestan-pacificamente-venezolanos-deportados-en-puente-entre-mexico-y-ee-uu\/#breadcrumb\",\"itemListElement\":[{\"@type\":\"ListItem\",\"position\":1,\"name\":\"Portada\",\"item\":\"https:\/\/www.sonoraenequipo.com.mx\/\"},{\"@type\":\"ListItem\",\"position\":2,\"name\":\"Protestan pac\u00edficamente venezolanos deportados en puente entre M\u00e9xico y EE. UU.\"}]},{\"@type\":\"WebSite\",\"@id\":\"https:\/\/www.sonoraenequipo.com.mx\/#website\",\"url\":\"https:\/\/www.sonoraenequipo.com.mx\/\",\"name\":\"Sonora en Equipo.\",\"description\":\"Diario en l\u00ednea con Noticias desde Hermosillo, Sonora\",\"publisher\":{\"@id\":\"https:\/\/www.sonoraenequipo.com.mx\/#organization\"},\"potentialAction\":[{\"@type\":\"SearchAction\",\"target\":{\"@type\":\"EntryPoint\",\"urlTemplate\":\"https:\/\/www.sonoraenequipo.com.mx\/?s={search_term_string}\"},\"query-input\":{\"@type\":\"PropertyValueSpecification\",\"valueRequired\":true,\"valueName\":\"search_term_string\"}}],\"inLanguage\":\"es\"},{\"@type\":\"Organization\",\"@id\":\"https:\/\/www.sonoraenequipo.com.mx\/#organization\",\"name\":\"Sonoraenequipo.com.mx\",\"url\":\"https:\/\/www.sonoraenequipo.com.mx\/\",\"logo\":{\"@type\":\"ImageObject\",\"inLanguage\":\"es\",\"@id\":\"https:\/\/www.sonoraenequipo.com.mx\/#\/schema\/logo\/image\/\",\"url\":\"https:\/\/www.sonoraenequipo.com.mx\/storage\/2019\/01\/sonoraenequipo_opt.png\",\"contentUrl\":\"https:\/\/www.sonoraenequipo.com.mx\/storage\/2019\/01\/sonoraenequipo_opt.png\",\"width\":375,\"height\":125,\"caption\":\"Sonoraenequipo.com.mx\"},\"image\":{\"@id\":\"https:\/\/www.sonoraenequipo.com.mx\/#\/schema\/logo\/image\/\"},\"sameAs\":[\"https:\/\/www.facebook.com\/SonoraEE\/\",\"https:\/\/x.com\/sonoraenequipo\",\"https:\/\/www.youtube.com\/channel\/UC338nW-lPEYmJQs4ZABQ1SQ\"]},{\"@type\":\"Person\",\"@id\":\"https:\/\/www.sonoraenequipo.com.mx\/#\/schema\/person\/50102df0fb23a8fa9e8effad8fa81386\",\"name\":\"enequipo\",\"image\":{\"@type\":\"ImageObject\",\"inLanguage\":\"es\",\"@id\":\"https:\/\/www.sonoraenequipo.com.mx\/#\/schema\/person\/image\/\",\"url\":\"https:\/\/secure.gravatar.com\/avatar\/049821681b589dabc0bc20695993ccebb09f5b5d4d790cd9251b97faac7c652b?s=96&d=blank&r=g\",\"contentUrl\":\"https:\/\/secure.gravatar.com\/avatar\/049821681b589dabc0bc20695993ccebb09f5b5d4d790cd9251b97faac7c652b?s=96&d=blank&r=g\",\"caption\":\"enequipo\"},\"sameAs\":[\"https:\/\/www.facebook.com\/SonoraEE\"]}]}<\/script>\n ","yoast_head_json":{"title":"Sonora en Equipo. Protestan pac\u00edficamente venezolanos deportados en puente entre M\u00e9xico y EE. UU. MUNDO","description":"MATAMOROS, TAMAULIPAS. MX. \u2014 Alrededor de 160 venezolanos que fueron deportados por Estados Unidos, tras la noticia de que el pol\u00e9mico T\u00edtulo 42 aplique En Sonora en Equipo publicamos toda la informaci\u00f3n de Sonora, M\u00e9xico y el Mundo de manera oportuna y busca que la libertad de expresi\u00f3n sea real. Visita nuestro medio informativo publicado desde Hermosillo, Sonora. %","robots":{"index":"index","follow":"follow","max-snippet":"max-snippet:-1","max-image-preview":"max-image-preview:large","max-video-preview":"max-video-preview:-1"},"canonical":"https:\/\/www.sonoraenequipo.com.mx\/protestan-pacificamente-venezolanos-deportados-en-puente-entre-mexico-y-ee-uu\/","og_locale":"es_ES","og_type":"article","og_title":"Sonora en Equipo. Protestan pac\u00edficamente venezolanos deportados en puente entre M\u00e9xico y EE. UU. MUNDO","og_description":"MATAMOROS, TAMAULIPAS. MX. \u2014 Alrededor de 160 venezolanos que fueron deportados por Estados Unidos, tras la noticia de que el pol\u00e9mico T\u00edtulo 42 aplique En Sonora en Equipo publicamos toda la informaci\u00f3n de Sonora, M\u00e9xico y el Mundo de manera oportuna y busca que la libertad de expresi\u00f3n sea real. Visita nuestro medio informativo publicado desde Hermosillo, Sonora. %","og_url":"https:\/\/www.sonoraenequipo.com.mx\/protestan-pacificamente-venezolanos-deportados-en-puente-entre-mexico-y-ee-uu\/","og_site_name":"Sonora en Equipo.","article_publisher":"https:\/\/www.facebook.com\/SonoraEE\/","article_author":"https:\/\/www.facebook.com\/SonoraEE","article_published_time":"2022-10-15T04:41:52+00:00","article_modified_time":"2022-10-15T04:55:56+00:00","og_image":[{"width":900,"height":514,"url":"https:\/\/www.sonoraenequipo.com.mx\/storage\/2022\/10\/Protestan-Venezolanos-en-la-frontera-mx.usa1_.jpg","type":"image\/jpeg"}],"author":"enequipo","twitter_card":"summary_large_image","twitter_creator":"@sonoraenequipo","twitter_site":"@sonoraenequipo","twitter_misc":{"Escrito por":"enequipo","Tiempo de lectura":"1 minuto"},"schema":{"@context":"https:\/\/schema.org","@graph":[{"@type":"Article","@id":"https:\/\/www.sonoraenequipo.com.mx\/protestan-pacificamente-venezolanos-deportados-en-puente-entre-mexico-y-ee-uu\/#article","isPartOf":{"@id":"https:\/\/www.sonoraenequipo.com.mx\/protestan-pacificamente-venezolanos-deportados-en-puente-entre-mexico-y-ee-uu\/"},"author":{"name":"enequipo","@id":"https:\/\/www.sonoraenequipo.com.mx\/#\/schema\/person\/50102df0fb23a8fa9e8effad8fa81386"},"headline":"Protestan pac\u00edficamente venezolanos deportados en puente entre M\u00e9xico y EE. UU.","datePublished":"2022-10-15T04:41:52+00:00","dateModified":"2022-10-15T04:55:56+00:00","mainEntityOfPage":{"@id":"https:\/\/www.sonoraenequipo.com.mx\/protestan-pacificamente-venezolanos-deportados-en-puente-entre-mexico-y-ee-uu\/"},"wordCount":247,"commentCount":0,"publisher":{"@id":"https:\/\/www.sonoraenequipo.com.mx\/#organization"},"image":{"@id":"https:\/\/www.sonoraenequipo.com.mx\/protestan-pacificamente-venezolanos-deportados-en-puente-entre-mexico-y-ee-uu\/#primaryimage"},"thumbnailUrl":"https:\/\/www.sonoraenequipo.com.mx\/storage\/2022\/10\/Protestan-Venezolanos-en-la-frontera-mx.usa1_.jpg","articleSection":["MUNDO"],"inLanguage":"es","potentialAction":[{"@type":"CommentAction","name":"Comment","target":["https:\/\/www.sonoraenequipo.com.mx\/protestan-pacificamente-venezolanos-deportados-en-puente-entre-mexico-y-ee-uu\/#respond"]}]},{"@type":"WebPage","@id":"https:\/\/www.sonoraenequipo.com.mx\/protestan-pacificamente-venezolanos-deportados-en-puente-entre-mexico-y-ee-uu\/","url":"https:\/\/www.sonoraenequipo.com.mx\/protestan-pacificamente-venezolanos-deportados-en-puente-entre-mexico-y-ee-uu\/","name":"Sonora en Equipo. Protestan pac\u00edficamente venezolanos deportados en puente entre M\u00e9xico y EE. UU. MUNDO","isPartOf":{"@id":"https:\/\/www.sonoraenequipo.com.mx\/#website"},"primaryImageOfPage":{"@id":"https:\/\/www.sonoraenequipo.com.mx\/protestan-pacificamente-venezolanos-deportados-en-puente-entre-mexico-y-ee-uu\/#primaryimage"},"image":{"@id":"https:\/\/www.sonoraenequipo.com.mx\/protestan-pacificamente-venezolanos-deportados-en-puente-entre-mexico-y-ee-uu\/#primaryimage"},"thumbnailUrl":"https:\/\/www.sonoraenequipo.com.mx\/storage\/2022\/10\/Protestan-Venezolanos-en-la-frontera-mx.usa1_.jpg","datePublished":"2022-10-15T04:41:52+00:00","dateModified":"2022-10-15T04:55:56+00:00","description":"MATAMOROS, TAMAULIPAS. MX. \u2014 Alrededor de 160 venezolanos que fueron deportados por Estados Unidos, tras la noticia de que el pol\u00e9mico T\u00edtulo 42 aplique En Sonora en Equipo publicamos toda la informaci\u00f3n de Sonora, M\u00e9xico y el Mundo de manera oportuna y busca que la libertad de expresi\u00f3n sea real. Visita nuestro medio informativo publicado desde Hermosillo, Sonora. %","breadcrumb":{"@id":"https:\/\/www.sonoraenequipo.com.mx\/protestan-pacificamente-venezolanos-deportados-en-puente-entre-mexico-y-ee-uu\/#breadcrumb"},"inLanguage":"es","potentialAction":[{"@type":"ReadAction","target":["https:\/\/www.sonoraenequipo.com.mx\/protestan-pacificamente-venezolanos-deportados-en-puente-entre-mexico-y-ee-uu\/"]}]},{"@type":"ImageObject","inLanguage":"es","@id":"https:\/\/www.sonoraenequipo.com.mx\/protestan-pacificamente-venezolanos-deportados-en-puente-entre-mexico-y-ee-uu\/#primaryimage","url":"https:\/\/www.sonoraenequipo.com.mx\/storage\/2022\/10\/Protestan-Venezolanos-en-la-frontera-mx.usa1_.jpg","contentUrl":"https:\/\/www.sonoraenequipo.com.mx\/storage\/2022\/10\/Protestan-Venezolanos-en-la-frontera-mx.usa1_.jpg","width":900,"height":514},{"@type":"BreadcrumbList","@id":"https:\/\/www.sonoraenequipo.com.mx\/protestan-pacificamente-venezolanos-deportados-en-puente-entre-mexico-y-ee-uu\/#breadcrumb","itemListElement":[{"@type":"ListItem","position":1,"name":"Portada","item":"https:\/\/www.sonoraenequipo.com.mx\/"},{"@type":"ListItem","position":2,"name":"Protestan pac\u00edficamente venezolanos deportados en puente entre M\u00e9xico y EE. UU."}]},{"@type":"WebSite","@id":"https:\/\/www.sonoraenequipo.com.mx\/#website","url":"https:\/\/www.sonoraenequipo.com.mx\/","name":"Sonora en Equipo.","description":"Diario en l\u00ednea con Noticias desde Hermosillo, Sonora","publisher":{"@id":"https:\/\/www.sonoraenequipo.com.mx\/#organization"},"potentialAction":[{"@type":"SearchAction","target":{"@type":"EntryPoint","urlTemplate":"https:\/\/www.sonoraenequipo.com.mx\/?s={search_term_string}"},"query-input":{"@type":"PropertyValueSpecification","valueRequired":true,"valueName":"search_term_string"}}],"inLanguage":"es"},{"@type":"Organization","@id":"https:\/\/www.sonoraenequipo.com.mx\/#organization","name":"Sonoraenequipo.com.mx","url":"https:\/\/www.sonoraenequipo.com.mx\/","logo":{"@type":"ImageObject","inLanguage":"es","@id":"https:\/\/www.sonoraenequipo.com.mx\/#\/schema\/logo\/image\/","url":"https:\/\/www.sonoraenequipo.com.mx\/storage\/2019\/01\/sonoraenequipo_opt.png","contentUrl":"https:\/\/www.sonoraenequipo.com.mx\/storage\/2019\/01\/sonoraenequipo_opt.png","width":375,"height":125,"caption":"Sonoraenequipo.com.mx"},"image":{"@id":"https:\/\/www.sonoraenequipo.com.mx\/#\/schema\/logo\/image\/"},"sameAs":["https:\/\/www.facebook.com\/SonoraEE\/","https:\/\/x.com\/sonoraenequipo","https:\/\/www.youtube.com\/channel\/UC338nW-lPEYmJQs4ZABQ1SQ"]},{"@type":"Person","@id":"https:\/\/www.sonoraenequipo.com.mx\/#\/schema\/person\/50102df0fb23a8fa9e8effad8fa81386","name":"enequipo","image":{"@type":"ImageObject","inLanguage":"es","@id":"https:\/\/www.sonoraenequipo.com.mx\/#\/schema\/person\/image\/","url":"https:\/\/secure.gravatar.com\/avatar\/049821681b589dabc0bc20695993ccebb09f5b5d4d790cd9251b97faac7c652b?s=96&d=blank&r=g","contentUrl":"https:\/\/secure.gravatar.com\/avatar\/049821681b589dabc0bc20695993ccebb09f5b5d4d790cd9251b97faac7c652b?s=96&d=blank&r=g","caption":"enequipo"},"sameAs":["https:\/\/www.facebook.com\/SonoraEE"]}]}},"jetpack_featured_media_url":"https:\/\/www.sonoraenequipo.com.mx\/storage\/2022\/10\/Protestan-Venezolanos-en-la-frontera-mx.usa1_.jpg","_links":{"self":[{"href":"https:\/\/www.sonoraenequipo.com.mx\/api\/wp\/v2\/posts\/149269","targetHints":{"allow":["GET"]}}],"collection":[{"href":"https:\/\/www.sonoraenequipo.com.mx\/api\/wp\/v2\/posts"}],"about":[{"href":"https:\/\/www.sonoraenequipo.com.mx\/api\/wp\/v2\/types\/post"}],"author":[{"embeddable":true,"href":"https:\/\/www.sonoraenequipo.com.mx\/api\/wp\/v2\/users\/1"}],"replies":[{"embeddable":true,"href":"https:\/\/www.sonoraenequipo.com.mx\/api\/wp\/v2\/comments?post=149269"}],"version-history":[{"count":1,"href":"https:\/\/www.sonoraenequipo.com.mx\/api\/wp\/v2\/posts\/149269\/revisions"}],"predecessor-version":[{"id":149270,"href":"https:\/\/www.sonoraenequipo.com.mx\/api\/wp\/v2\/posts\/149269\/revisions\/149270"}],"wp:featuredmedia":[{"embeddable":true,"href":"https:\/\/www.sonoraenequipo.com.mx\/api\/wp\/v2\/media\/149271"}],"wp:attachment":[{"href":"https:\/\/www.sonoraenequipo.com.mx\/api\/wp\/v2\/media?parent=149269"}],"wp:term":[{"taxonomy":"category","embeddable":true,"href":"https:\/\/www.sonoraenequipo.com.mx\/api\/wp\/v2\/categories?post=149269"},{"taxonomy":"post_tag","embeddable":true,"href":"https:\/\/www.sonoraenequipo.com.mx\/api\/wp\/v2\/tags?post=149269"}],"curies":[{"name":"wp","href":"https:\/\/api.w.org\/{rel}","templated":true}]}}