{"id":149292,"date":"2022-10-14T23:37:28","date_gmt":"2022-10-15T06:37:28","guid":{"rendered":"https:\/\/www.sonoraenequipo.com.mx\/?p=149292"},"modified":"2022-10-15T11:50:37","modified_gmt":"2022-10-15T18:50:37","slug":"grupo-lala-conmemora-el-dia-mundial-de-la-alimentacion-con-22-anos-de-apoyo-permanente-a-traves-de-fundacion-lala","status":"publish","type":"post","link":"https:\/\/www.sonoraenequipo.com.mx\/grupo-lala-conmemora-el-dia-mundial-de-la-alimentacion-con-22-anos-de-apoyo-permanente-a-traves-de-fundacion-lala\/","title":{"rendered":"Grupo Lala conmemora el D\u00eda Mundial de la Alimentaci\u00f3n con 22 a\u00f1os de apoyo permanente a trav\u00e9s de Fundaci\u00f3n Lala"},"content":{"rendered":"<p><strong>G\u00d3MEX PALACIO, DURANGO. MX. \u2014<\/strong> Sumar esfuerzos y ejecutar acciones puntuales para combatir la pobreza alimentaria deben ser un trabajo prioritario para los sectores p\u00fablico, privado y sociedad.<\/p>\n<p>&nbsp;<\/p>\n<p> <\/p>\n<p>&nbsp;<\/p>\n<p>Es por lo que, en el marco del D\u00eda Mundial de la Alimentaci\u00f3n, Fundaci\u00f3n Lala conmemora 22, de sus casi 37 a\u00f1os de existencia, de apoyar permanentemente la alimentaci\u00f3n y nutrici\u00f3n de personas que viven en situaci\u00f3n vulnerable; un compromiso adquirido en el a\u00f1o 2000 en el marco de los entonces Objetivos de Desarrollo del Milenio y que hoy que reitera a trav\u00e9s de la implementaci\u00f3n de su visi\u00f3n ESG de sumarse a los esfuerzos del Pacto por la Comida (acuerdo voluntario sustentado en los Objetivos de Desarrollo Sostenible establecidos por la ONU), de la Agenda 2030 y que busca reducir la p\u00e9rdida y el desperdicio de alimentos en un 50%, para el 2030.<\/p>\n<p>&nbsp;<\/p>\n<p>&nbsp;<\/p>\n<p>Fundaci\u00f3n Lala ha conseguido beneficiar a m\u00e1s de 466 mil personas en promedio al a\u00f1o, con un total de 173 millones de kilos de productos l\u00e1cteos donados a lo largo de 22 a\u00f1os de contribuci\u00f3n permanente a la alimentaci\u00f3n de personas en pobreza alimentaria a nivel nacional.<\/p>\n<p>&nbsp;<\/p>\n<p>&nbsp;<\/p>\n<p>Dentro de los programas que Fundaci\u00f3n Lala realiza, no solo con motivo del D\u00eda Mundial de la Alimentaci\u00f3n, sino durante todo el a\u00f1o, se puede destacar el apoyo a: casas hogar, bancos de alimentos, comedores estudiantiles, albergues ind\u00edgenas, centros de primera infancia, estancias de adultos mayores y albergues para ni\u00f1os migrantes. Como ejemplo, solo en 2021, 51,795 ni\u00f1as y ni\u00f1os en orfandad o situaci\u00f3n vulnerable recibieron al menos un vaso de leche al d\u00eda gracias a los programas de Fundaci\u00f3n Lala.<\/p>\n<p>&nbsp;<\/p>\n<p>&nbsp;<\/p>\n<p>De igual forma, la Fundaci\u00f3n implementa el Voluntariado Lala, el cual, cuenta con 9 mil 487 colaboradores distribuidos en 97 ciudades, quienes, a trav\u00e9s de 1 mil 034 actividades, han logrado beneficiar a 564 mil 305 personas a la fecha. Este a\u00f1o, el Voluntariado Lala en el marco del D\u00eda Mundial de la Alimentaci\u00f3n ha movilizado a colaboradores, colaboradoras, familiares y amistades en todos los centros de trabajo Lala a nivel nacional a donar alimentos no perecederos mediante una colecta de arroz, frijol y enlatados que ser\u00e1n donados a instituciones locales para beneficiar a la comunidad que m\u00e1s lo necesita.<\/p>\n<p>&nbsp;<\/p>\n<p>&nbsp;<\/p>\n<p>El 16 de octubre de 1979, la Organizaci\u00f3n de las Naciones Unidas para la Agricultura y la Alimentaci\u00f3n (FAO por sus siglas en ingles), proclam\u00f3 la conmemoraci\u00f3n del \u201cD\u00eda Mundial de la Alimentaci\u00f3n\u201d con el firme objetivo de crear conciencia sobre los problemas relacionados con el hambre alrededor del mundo, fortaleciendo la solidaridad en la lucha contra la desnutrici\u00f3n.<\/p>\n<p>&nbsp;<\/p>\n<p>&nbsp;<\/p>\n<p>De acuerdo con la \u00faltima medici\u00f3n 2022 del Coneval en M\u00e9xico el 23.5% de la poblaci\u00f3n vive en pobreza alimentaria. La Encuesta Nacional de Salud y Nutrici\u00f3n 2020 estima que en M\u00e9xico 2.8% de los ni\u00f1os y ni\u00f1as menores de 5 a\u00f1os presentan bajo peso. Como dato complementario, la Unicef ha informado que el 59% de los ni\u00f1os tienen poca variedad nutricional en su dieta y el 18% no consumen frutas ni verduras.<\/p>\n<p>&nbsp;<\/p>\n<p>&nbsp;<\/p>\n<p>Este a\u00f1o, con el lema \u201c<em><strong>No dejar a nadie atr\u00e1s\u201d,<\/strong> <\/em>la FAO invita a las personas a ser h\u00e9roes de la nutrici\u00f3n para juntos construir un mundo sostenible donde todos, en todas partes, tengan acceso regular a suficientes alimentos nutritivos y, sumado a esto, Grupo Lala como parte de su visi\u00f3n ESG, reafirma su compromiso con la alimentaci\u00f3n y nutrici\u00f3n de la poblaci\u00f3n mexicana para contribuir con una alimentaci\u00f3n m\u00e1s saludable y una visi\u00f3n sustentable hacia el futuro.<\/p>\n<p>&nbsp;<\/p>\n<p>&nbsp;<\/p>\n<p>PUBLICADO EL 14\/OCTUBRE DE 2022<\/p>\n","protected":false},"excerpt":{"rendered":"<p>G\u00d3MEX PALACIO, DURANGO. MX. \u2014 Sumar esfuerzos y ejecutar acciones puntuales para combatir la pobreza&#8230;<\/p>\n","protected":false},"author":1,"featured_media":149294,"comment_status":"open","ping_status":"open","sticky":false,"template":"","format":"standard","meta":{"_monsterinsights_skip_tracking":false,"_monsterinsights_sitenote_active":false,"_monsterinsights_sitenote_note":"","_monsterinsights_sitenote_category":0,"footnotes":""},"categories":[5],"tags":[],"class_list":["post"],"yoast_head":" \n<title>Sonora en Equipo. Grupo Lala conmemora el D\u00eda Mundial de la Alimentaci\u00f3n con 22 a\u00f1os de apoyo permanente a trav\u00e9s de Fundaci\u00f3n Lala Rep\u00fablica<\/title>\n<meta name=\"description\" content=\"G\u00d3MEX PALACIO, DURANGO. MX. \u2014 Sumar esfuerzos y ejecutar acciones puntuales para combatir la pobreza alimentaria deben ser un trabajo prioritario para los En Sonora en Equipo publicamos toda la informaci\u00f3n de Sonora, M\u00e9xico y el Mundo de manera oportuna y busca que la libertad de expresi\u00f3n sea real. Visita nuestro medio informativo publicado desde Hermosillo, Sonora. %\" \/>\n<meta name=\"robots\" content=\"index, follow, max-snippet:-1, max-image-preview:large, max-video-preview:-1\" \/>\n<link rel=\"canonical\" href=\"https:\/\/www.sonoraenequipo.com.mx\/grupo-lala-conmemora-el-dia-mundial-de-la-alimentacion-con-22-anos-de-apoyo-permanente-a-traves-de-fundacion-lala\/\" \/>\n<meta property=\"og:locale\" content=\"es_ES\" \/>\n<meta property=\"og:type\" content=\"article\" \/>\n<meta property=\"og:title\" content=\"Sonora en Equipo. Grupo Lala conmemora el D\u00eda Mundial de la Alimentaci\u00f3n con 22 a\u00f1os de apoyo permanente a trav\u00e9s de Fundaci\u00f3n Lala Rep\u00fablica\" \/>\n<meta property=\"og:description\" content=\"G\u00d3MEX PALACIO, DURANGO. MX. \u2014 Sumar esfuerzos y ejecutar acciones puntuales para combatir la pobreza alimentaria deben ser un trabajo prioritario para los En Sonora en Equipo publicamos toda la informaci\u00f3n de Sonora, M\u00e9xico y el Mundo de manera oportuna y busca que la libertad de expresi\u00f3n sea real. Visita nuestro medio informativo publicado desde Hermosillo, Sonora. %\" \/>\n<meta property=\"og:url\" content=\"https:\/\/www.sonoraenequipo.com.mx\/grupo-lala-conmemora-el-dia-mundial-de-la-alimentacion-con-22-anos-de-apoyo-permanente-a-traves-de-fundacion-lala\/\" \/>\n<meta property=\"og:site_name\" content=\"Sonora en Equipo.\" \/>\n<meta property=\"article:publisher\" content=\"https:\/\/www.facebook.com\/SonoraEE\/\" \/>\n<meta property=\"article:author\" content=\"https:\/\/www.facebook.com\/SonoraEE\" \/>\n<meta property=\"article:published_time\" content=\"2022-10-15T06:37:28+00:00\" \/>\n<meta property=\"article:modified_time\" content=\"2022-10-15T18:50:37+00:00\" \/>\n<meta property=\"og:image\" content=\"https:\/\/www.sonoraenequipo.com.mx\/storage\/2022\/10\/Voluntariado.jpg\" \/>\n\t<meta property=\"og:image:width\" content=\"900\" \/>\n\t<meta property=\"og:image:height\" content=\"515\" \/>\n\t<meta property=\"og:image:type\" content=\"image\/jpeg\" \/>\n<meta name=\"author\" content=\"enequipo\" \/>\n<meta name=\"twitter:card\" content=\"summary_large_image\" \/>\n<meta name=\"twitter:creator\" content=\"@sonoraenequipo\" \/>\n<meta name=\"twitter:site\" content=\"@sonoraenequipo\" \/>\n<meta name=\"twitter:label1\" content=\"Escrito por\" \/>\n\t<meta name=\"twitter:data1\" content=\"enequipo\" \/>\n\t<meta name=\"twitter:label2\" content=\"Tiempo de lectura\" \/>\n\t<meta name=\"twitter:data2\" content=\"3 minutos\" \/>\n<script type=\"application\/ld+json\" class=\"yoast-schema-graph\">{\"@context\":\"https:\/\/schema.org\",\"@graph\":[{\"@type\":\"Article\",\"@id\":\"https:\/\/www.sonoraenequipo.com.mx\/grupo-lala-conmemora-el-dia-mundial-de-la-alimentacion-con-22-anos-de-apoyo-permanente-a-traves-de-fundacion-lala\/#article\",\"isPartOf\":{\"@id\":\"https:\/\/www.sonoraenequipo.com.mx\/grupo-lala-conmemora-el-dia-mundial-de-la-alimentacion-con-22-anos-de-apoyo-permanente-a-traves-de-fundacion-lala\/\"},\"author\":{\"name\":\"enequipo\",\"@id\":\"https:\/\/www.sonoraenequipo.com.mx\/#\/schema\/person\/50102df0fb23a8fa9e8effad8fa81386\"},\"headline\":\"Grupo Lala conmemora el D\u00eda Mundial de la Alimentaci\u00f3n con 22 a\u00f1os de apoyo permanente a trav\u00e9s de Fundaci\u00f3n Lala\",\"datePublished\":\"2022-10-15T06:37:28+00:00\",\"dateModified\":\"2022-10-15T18:50:37+00:00\",\"mainEntityOfPage\":{\"@id\":\"https:\/\/www.sonoraenequipo.com.mx\/grupo-lala-conmemora-el-dia-mundial-de-la-alimentacion-con-22-anos-de-apoyo-permanente-a-traves-de-fundacion-lala\/\"},\"wordCount\":661,\"commentCount\":0,\"publisher\":{\"@id\":\"https:\/\/www.sonoraenequipo.com.mx\/#organization\"},\"image\":{\"@id\":\"https:\/\/www.sonoraenequipo.com.mx\/grupo-lala-conmemora-el-dia-mundial-de-la-alimentacion-con-22-anos-de-apoyo-permanente-a-traves-de-fundacion-lala\/#primaryimage\"},\"thumbnailUrl\":\"https:\/\/www.sonoraenequipo.com.mx\/storage\/2022\/10\/Voluntariado.jpg\",\"articleSection\":[\"Rep\u00fablica\"],\"inLanguage\":\"es\",\"potentialAction\":[{\"@type\":\"CommentAction\",\"name\":\"Comment\",\"target\":[\"https:\/\/www.sonoraenequipo.com.mx\/grupo-lala-conmemora-el-dia-mundial-de-la-alimentacion-con-22-anos-de-apoyo-permanente-a-traves-de-fundacion-lala\/#respond\"]}]},{\"@type\":\"WebPage\",\"@id\":\"https:\/\/www.sonoraenequipo.com.mx\/grupo-lala-conmemora-el-dia-mundial-de-la-alimentacion-con-22-anos-de-apoyo-permanente-a-traves-de-fundacion-lala\/\",\"url\":\"https:\/\/www.sonoraenequipo.com.mx\/grupo-lala-conmemora-el-dia-mundial-de-la-alimentacion-con-22-anos-de-apoyo-permanente-a-traves-de-fundacion-lala\/\",\"name\":\"Sonora en Equipo. Grupo Lala conmemora el D\u00eda Mundial de la Alimentaci\u00f3n con 22 a\u00f1os de apoyo permanente a trav\u00e9s de Fundaci\u00f3n Lala Rep\u00fablica\",\"isPartOf\":{\"@id\":\"https:\/\/www.sonoraenequipo.com.mx\/#website\"},\"primaryImageOfPage\":{\"@id\":\"https:\/\/www.sonoraenequipo.com.mx\/grupo-lala-conmemora-el-dia-mundial-de-la-alimentacion-con-22-anos-de-apoyo-permanente-a-traves-de-fundacion-lala\/#primaryimage\"},\"image\":{\"@id\":\"https:\/\/www.sonoraenequipo.com.mx\/grupo-lala-conmemora-el-dia-mundial-de-la-alimentacion-con-22-anos-de-apoyo-permanente-a-traves-de-fundacion-lala\/#primaryimage\"},\"thumbnailUrl\":\"https:\/\/www.sonoraenequipo.com.mx\/storage\/2022\/10\/Voluntariado.jpg\",\"datePublished\":\"2022-10-15T06:37:28+00:00\",\"dateModified\":\"2022-10-15T18:50:37+00:00\",\"description\":\"G\u00d3MEX PALACIO, DURANGO. MX. \u2014 Sumar esfuerzos y ejecutar acciones puntuales para combatir la pobreza alimentaria deben ser un trabajo prioritario para los En Sonora en Equipo publicamos toda la informaci\u00f3n de Sonora, M\u00e9xico y el Mundo de manera oportuna y busca que la libertad de expresi\u00f3n sea real. Visita nuestro medio informativo publicado desde Hermosillo, Sonora. %\",\"breadcrumb\":{\"@id\":\"https:\/\/www.sonoraenequipo.com.mx\/grupo-lala-conmemora-el-dia-mundial-de-la-alimentacion-con-22-anos-de-apoyo-permanente-a-traves-de-fundacion-lala\/#breadcrumb\"},\"inLanguage\":\"es\",\"potentialAction\":[{\"@type\":\"ReadAction\",\"target\":[\"https:\/\/www.sonoraenequipo.com.mx\/grupo-lala-conmemora-el-dia-mundial-de-la-alimentacion-con-22-anos-de-apoyo-permanente-a-traves-de-fundacion-lala\/\"]}]},{\"@type\":\"ImageObject\",\"inLanguage\":\"es\",\"@id\":\"https:\/\/www.sonoraenequipo.com.mx\/grupo-lala-conmemora-el-dia-mundial-de-la-alimentacion-con-22-anos-de-apoyo-permanente-a-traves-de-fundacion-lala\/#primaryimage\",\"url\":\"https:\/\/www.sonoraenequipo.com.mx\/storage\/2022\/10\/Voluntariado.jpg\",\"contentUrl\":\"https:\/\/www.sonoraenequipo.com.mx\/storage\/2022\/10\/Voluntariado.jpg\",\"width\":900,\"height\":515},{\"@type\":\"BreadcrumbList\",\"@id\":\"https:\/\/www.sonoraenequipo.com.mx\/grupo-lala-conmemora-el-dia-mundial-de-la-alimentacion-con-22-anos-de-apoyo-permanente-a-traves-de-fundacion-lala\/#breadcrumb\",\"itemListElement\":[{\"@type\":\"ListItem\",\"position\":1,\"name\":\"Portada\",\"item\":\"https:\/\/www.sonoraenequipo.com.mx\/\"},{\"@type\":\"ListItem\",\"position\":2,\"name\":\"Grupo Lala conmemora el D\u00eda Mundial de la Alimentaci\u00f3n con 22 a\u00f1os de apoyo permanente a trav\u00e9s de Fundaci\u00f3n Lala\"}]},{\"@type\":\"WebSite\",\"@id\":\"https:\/\/www.sonoraenequipo.com.mx\/#website\",\"url\":\"https:\/\/www.sonoraenequipo.com.mx\/\",\"name\":\"Sonora en Equipo.\",\"description\":\"Diario en l\u00ednea con Noticias desde Hermosillo, Sonora\",\"publisher\":{\"@id\":\"https:\/\/www.sonoraenequipo.com.mx\/#organization\"},\"potentialAction\":[{\"@type\":\"SearchAction\",\"target\":{\"@type\":\"EntryPoint\",\"urlTemplate\":\"https:\/\/www.sonoraenequipo.com.mx\/?s={search_term_string}\"},\"query-input\":{\"@type\":\"PropertyValueSpecification\",\"valueRequired\":true,\"valueName\":\"search_term_string\"}}],\"inLanguage\":\"es\"},{\"@type\":\"Organization\",\"@id\":\"https:\/\/www.sonoraenequipo.com.mx\/#organization\",\"name\":\"Sonoraenequipo.com.mx\",\"url\":\"https:\/\/www.sonoraenequipo.com.mx\/\",\"logo\":{\"@type\":\"ImageObject\",\"inLanguage\":\"es\",\"@id\":\"https:\/\/www.sonoraenequipo.com.mx\/#\/schema\/logo\/image\/\",\"url\":\"https:\/\/www.sonoraenequipo.com.mx\/storage\/2019\/01\/sonoraenequipo_opt.png\",\"contentUrl\":\"https:\/\/www.sonoraenequipo.com.mx\/storage\/2019\/01\/sonoraenequipo_opt.png\",\"width\":375,\"height\":125,\"caption\":\"Sonoraenequipo.com.mx\"},\"image\":{\"@id\":\"https:\/\/www.sonoraenequipo.com.mx\/#\/schema\/logo\/image\/\"},\"sameAs\":[\"https:\/\/www.facebook.com\/SonoraEE\/\",\"https:\/\/x.com\/sonoraenequipo\",\"https:\/\/www.youtube.com\/channel\/UC338nW-lPEYmJQs4ZABQ1SQ\"]},{\"@type\":\"Person\",\"@id\":\"https:\/\/www.sonoraenequipo.com.mx\/#\/schema\/person\/50102df0fb23a8fa9e8effad8fa81386\",\"name\":\"enequipo\",\"image\":{\"@type\":\"ImageObject\",\"inLanguage\":\"es\",\"@id\":\"https:\/\/www.sonoraenequipo.com.mx\/#\/schema\/person\/image\/\",\"url\":\"https:\/\/secure.gravatar.com\/avatar\/049821681b589dabc0bc20695993ccebb09f5b5d4d790cd9251b97faac7c652b?s=96&d=blank&r=g\",\"contentUrl\":\"https:\/\/secure.gravatar.com\/avatar\/049821681b589dabc0bc20695993ccebb09f5b5d4d790cd9251b97faac7c652b?s=96&d=blank&r=g\",\"caption\":\"enequipo\"},\"sameAs\":[\"https:\/\/www.facebook.com\/SonoraEE\"]}]}<\/script>\n ","yoast_head_json":{"title":"Sonora en Equipo. Grupo Lala conmemora el D\u00eda Mundial de la Alimentaci\u00f3n con 22 a\u00f1os de apoyo permanente a trav\u00e9s de Fundaci\u00f3n Lala Rep\u00fablica","description":"G\u00d3MEX PALACIO, DURANGO. MX. \u2014 Sumar esfuerzos y ejecutar acciones puntuales para combatir la pobreza alimentaria deben ser un trabajo prioritario para los En Sonora en Equipo publicamos toda la informaci\u00f3n de Sonora, M\u00e9xico y el Mundo de manera oportuna y busca que la libertad de expresi\u00f3n sea real. Visita nuestro medio informativo publicado desde Hermosillo, Sonora. %","robots":{"index":"index","follow":"follow","max-snippet":"max-snippet:-1","max-image-preview":"max-image-preview:large","max-video-preview":"max-video-preview:-1"},"canonical":"https:\/\/www.sonoraenequipo.com.mx\/grupo-lala-conmemora-el-dia-mundial-de-la-alimentacion-con-22-anos-de-apoyo-permanente-a-traves-de-fundacion-lala\/","og_locale":"es_ES","og_type":"article","og_title":"Sonora en Equipo. Grupo Lala conmemora el D\u00eda Mundial de la Alimentaci\u00f3n con 22 a\u00f1os de apoyo permanente a trav\u00e9s de Fundaci\u00f3n Lala Rep\u00fablica","og_description":"G\u00d3MEX PALACIO, DURANGO. MX. \u2014 Sumar esfuerzos y ejecutar acciones puntuales para combatir la pobreza alimentaria deben ser un trabajo prioritario para los En Sonora en Equipo publicamos toda la informaci\u00f3n de Sonora, M\u00e9xico y el Mundo de manera oportuna y busca que la libertad de expresi\u00f3n sea real. Visita nuestro medio informativo publicado desde Hermosillo, Sonora. %","og_url":"https:\/\/www.sonoraenequipo.com.mx\/grupo-lala-conmemora-el-dia-mundial-de-la-alimentacion-con-22-anos-de-apoyo-permanente-a-traves-de-fundacion-lala\/","og_site_name":"Sonora en Equipo.","article_publisher":"https:\/\/www.facebook.com\/SonoraEE\/","article_author":"https:\/\/www.facebook.com\/SonoraEE","article_published_time":"2022-10-15T06:37:28+00:00","article_modified_time":"2022-10-15T18:50:37+00:00","og_image":[{"width":900,"height":515,"url":"https:\/\/www.sonoraenequipo.com.mx\/storage\/2022\/10\/Voluntariado.jpg","type":"image\/jpeg"}],"author":"enequipo","twitter_card":"summary_large_image","twitter_creator":"@sonoraenequipo","twitter_site":"@sonoraenequipo","twitter_misc":{"Escrito por":"enequipo","Tiempo de lectura":"3 minutos"},"schema":{"@context":"https:\/\/schema.org","@graph":[{"@type":"Article","@id":"https:\/\/www.sonoraenequipo.com.mx\/grupo-lala-conmemora-el-dia-mundial-de-la-alimentacion-con-22-anos-de-apoyo-permanente-a-traves-de-fundacion-lala\/#article","isPartOf":{"@id":"https:\/\/www.sonoraenequipo.com.mx\/grupo-lala-conmemora-el-dia-mundial-de-la-alimentacion-con-22-anos-de-apoyo-permanente-a-traves-de-fundacion-lala\/"},"author":{"name":"enequipo","@id":"https:\/\/www.sonoraenequipo.com.mx\/#\/schema\/person\/50102df0fb23a8fa9e8effad8fa81386"},"headline":"Grupo Lala conmemora el D\u00eda Mundial de la Alimentaci\u00f3n con 22 a\u00f1os de apoyo permanente a trav\u00e9s de Fundaci\u00f3n Lala","datePublished":"2022-10-15T06:37:28+00:00","dateModified":"2022-10-15T18:50:37+00:00","mainEntityOfPage":{"@id":"https:\/\/www.sonoraenequipo.com.mx\/grupo-lala-conmemora-el-dia-mundial-de-la-alimentacion-con-22-anos-de-apoyo-permanente-a-traves-de-fundacion-lala\/"},"wordCount":661,"commentCount":0,"publisher":{"@id":"https:\/\/www.sonoraenequipo.com.mx\/#organization"},"image":{"@id":"https:\/\/www.sonoraenequipo.com.mx\/grupo-lala-conmemora-el-dia-mundial-de-la-alimentacion-con-22-anos-de-apoyo-permanente-a-traves-de-fundacion-lala\/#primaryimage"},"thumbnailUrl":"https:\/\/www.sonoraenequipo.com.mx\/storage\/2022\/10\/Voluntariado.jpg","articleSection":["Rep\u00fablica"],"inLanguage":"es","potentialAction":[{"@type":"CommentAction","name":"Comment","target":["https:\/\/www.sonoraenequipo.com.mx\/grupo-lala-conmemora-el-dia-mundial-de-la-alimentacion-con-22-anos-de-apoyo-permanente-a-traves-de-fundacion-lala\/#respond"]}]},{"@type":"WebPage","@id":"https:\/\/www.sonoraenequipo.com.mx\/grupo-lala-conmemora-el-dia-mundial-de-la-alimentacion-con-22-anos-de-apoyo-permanente-a-traves-de-fundacion-lala\/","url":"https:\/\/www.sonoraenequipo.com.mx\/grupo-lala-conmemora-el-dia-mundial-de-la-alimentacion-con-22-anos-de-apoyo-permanente-a-traves-de-fundacion-lala\/","name":"Sonora en Equipo. Grupo Lala conmemora el D\u00eda Mundial de la Alimentaci\u00f3n con 22 a\u00f1os de apoyo permanente a trav\u00e9s de Fundaci\u00f3n Lala Rep\u00fablica","isPartOf":{"@id":"https:\/\/www.sonoraenequipo.com.mx\/#website"},"primaryImageOfPage":{"@id":"https:\/\/www.sonoraenequipo.com.mx\/grupo-lala-conmemora-el-dia-mundial-de-la-alimentacion-con-22-anos-de-apoyo-permanente-a-traves-de-fundacion-lala\/#primaryimage"},"image":{"@id":"https:\/\/www.sonoraenequipo.com.mx\/grupo-lala-conmemora-el-dia-mundial-de-la-alimentacion-con-22-anos-de-apoyo-permanente-a-traves-de-fundacion-lala\/#primaryimage"},"thumbnailUrl":"https:\/\/www.sonoraenequipo.com.mx\/storage\/2022\/10\/Voluntariado.jpg","datePublished":"2022-10-15T06:37:28+00:00","dateModified":"2022-10-15T18:50:37+00:00","description":"G\u00d3MEX PALACIO, DURANGO. MX. \u2014 Sumar esfuerzos y ejecutar acciones puntuales para combatir la pobreza alimentaria deben ser un trabajo prioritario para los En Sonora en Equipo publicamos toda la informaci\u00f3n de Sonora, M\u00e9xico y el Mundo de manera oportuna y busca que la libertad de expresi\u00f3n sea real. Visita nuestro medio informativo publicado desde Hermosillo, Sonora. %","breadcrumb":{"@id":"https:\/\/www.sonoraenequipo.com.mx\/grupo-lala-conmemora-el-dia-mundial-de-la-alimentacion-con-22-anos-de-apoyo-permanente-a-traves-de-fundacion-lala\/#breadcrumb"},"inLanguage":"es","potentialAction":[{"@type":"ReadAction","target":["https:\/\/www.sonoraenequipo.com.mx\/grupo-lala-conmemora-el-dia-mundial-de-la-alimentacion-con-22-anos-de-apoyo-permanente-a-traves-de-fundacion-lala\/"]}]},{"@type":"ImageObject","inLanguage":"es","@id":"https:\/\/www.sonoraenequipo.com.mx\/grupo-lala-conmemora-el-dia-mundial-de-la-alimentacion-con-22-anos-de-apoyo-permanente-a-traves-de-fundacion-lala\/#primaryimage","url":"https:\/\/www.sonoraenequipo.com.mx\/storage\/2022\/10\/Voluntariado.jpg","contentUrl":"https:\/\/www.sonoraenequipo.com.mx\/storage\/2022\/10\/Voluntariado.jpg","width":900,"height":515},{"@type":"BreadcrumbList","@id":"https:\/\/www.sonoraenequipo.com.mx\/grupo-lala-conmemora-el-dia-mundial-de-la-alimentacion-con-22-anos-de-apoyo-permanente-a-traves-de-fundacion-lala\/#breadcrumb","itemListElement":[{"@type":"ListItem","position":1,"name":"Portada","item":"https:\/\/www.sonoraenequipo.com.mx\/"},{"@type":"ListItem","position":2,"name":"Grupo Lala conmemora el D\u00eda Mundial de la Alimentaci\u00f3n con 22 a\u00f1os de apoyo permanente a trav\u00e9s de Fundaci\u00f3n Lala"}]},{"@type":"WebSite","@id":"https:\/\/www.sonoraenequipo.com.mx\/#website","url":"https:\/\/www.sonoraenequipo.com.mx\/","name":"Sonora en Equipo.","description":"Diario en l\u00ednea con Noticias desde Hermosillo, Sonora","publisher":{"@id":"https:\/\/www.sonoraenequipo.com.mx\/#organization"},"potentialAction":[{"@type":"SearchAction","target":{"@type":"EntryPoint","urlTemplate":"https:\/\/www.sonoraenequipo.com.mx\/?s={search_term_string}"},"query-input":{"@type":"PropertyValueSpecification","valueRequired":true,"valueName":"search_term_string"}}],"inLanguage":"es"},{"@type":"Organization","@id":"https:\/\/www.sonoraenequipo.com.mx\/#organization","name":"Sonoraenequipo.com.mx","url":"https:\/\/www.sonoraenequipo.com.mx\/","logo":{"@type":"ImageObject","inLanguage":"es","@id":"https:\/\/www.sonoraenequipo.com.mx\/#\/schema\/logo\/image\/","url":"https:\/\/www.sonoraenequipo.com.mx\/storage\/2019\/01\/sonoraenequipo_opt.png","contentUrl":"https:\/\/www.sonoraenequipo.com.mx\/storage\/2019\/01\/sonoraenequipo_opt.png","width":375,"height":125,"caption":"Sonoraenequipo.com.mx"},"image":{"@id":"https:\/\/www.sonoraenequipo.com.mx\/#\/schema\/logo\/image\/"},"sameAs":["https:\/\/www.facebook.com\/SonoraEE\/","https:\/\/x.com\/sonoraenequipo","https:\/\/www.youtube.com\/channel\/UC338nW-lPEYmJQs4ZABQ1SQ"]},{"@type":"Person","@id":"https:\/\/www.sonoraenequipo.com.mx\/#\/schema\/person\/50102df0fb23a8fa9e8effad8fa81386","name":"enequipo","image":{"@type":"ImageObject","inLanguage":"es","@id":"https:\/\/www.sonoraenequipo.com.mx\/#\/schema\/person\/image\/","url":"https:\/\/secure.gravatar.com\/avatar\/049821681b589dabc0bc20695993ccebb09f5b5d4d790cd9251b97faac7c652b?s=96&d=blank&r=g","contentUrl":"https:\/\/secure.gravatar.com\/avatar\/049821681b589dabc0bc20695993ccebb09f5b5d4d790cd9251b97faac7c652b?s=96&d=blank&r=g","caption":"enequipo"},"sameAs":["https:\/\/www.facebook.com\/SonoraEE"]}]}},"jetpack_featured_media_url":"https:\/\/www.sonoraenequipo.com.mx\/storage\/2022\/10\/Voluntariado.jpg","_links":{"self":[{"href":"https:\/\/www.sonoraenequipo.com.mx\/api\/wp\/v2\/posts\/149292","targetHints":{"allow":["GET"]}}],"collection":[{"href":"https:\/\/www.sonoraenequipo.com.mx\/api\/wp\/v2\/posts"}],"about":[{"href":"https:\/\/www.sonoraenequipo.com.mx\/api\/wp\/v2\/types\/post"}],"author":[{"embeddable":true,"href":"https:\/\/www.sonoraenequipo.com.mx\/api\/wp\/v2\/users\/1"}],"replies":[{"embeddable":true,"href":"https:\/\/www.sonoraenequipo.com.mx\/api\/wp\/v2\/comments?post=149292"}],"version-history":[{"count":1,"href":"https:\/\/www.sonoraenequipo.com.mx\/api\/wp\/v2\/posts\/149292\/revisions"}],"predecessor-version":[{"id":149297,"href":"https:\/\/www.sonoraenequipo.com.mx\/api\/wp\/v2\/posts\/149292\/revisions\/149297"}],"wp:featuredmedia":[{"embeddable":true,"href":"https:\/\/www.sonoraenequipo.com.mx\/api\/wp\/v2\/media\/149294"}],"wp:attachment":[{"href":"https:\/\/www.sonoraenequipo.com.mx\/api\/wp\/v2\/media?parent=149292"}],"wp:term":[{"taxonomy":"category","embeddable":true,"href":"https:\/\/www.sonoraenequipo.com.mx\/api\/wp\/v2\/categories?post=149292"},{"taxonomy":"post_tag","embeddable":true,"href":"https:\/\/www.sonoraenequipo.com.mx\/api\/wp\/v2\/tags?post=149292"}],"curies":[{"name":"wp","href":"https:\/\/api.w.org\/{rel}","templated":true}]}}