{"id":1495,"date":"2015-12-16T15:11:39","date_gmt":"2015-12-16T15:11:39","guid":{"rendered":"http:\/\/www.sonoraenequipo.com.mx\/?p=1495"},"modified":"2015-12-16T15:11:39","modified_gmt":"2015-12-16T15:11:39","slug":"supermercados-santa-fe-incumple-acuerdo-con-trabajadores","status":"publish","type":"post","link":"https:\/\/www.sonoraenequipo.com.mx\/supermercados-santa-fe-incumple-acuerdo-con-trabajadores\/","title":{"rendered":"Supermercados Santa F\u00e9 incumple acuerdo con trabajadores"},"content":{"rendered":"<p>15122015.HERMOSILLO, SONORA.MX.\u2014 Empleados de mercados Santa F\u00e9 suspenden sus labores, en protesta por el incumplimiento en el pago de sus aguinaldos, inform\u00f3 H\u00e9ctor Robles N\u00fa\u00f1ez, secretario general de la CTM en Hermosillo. <\/p>\n<p>M\u00e1s de 2 mil 500 trabajadores de la cadena de supermercados acudieron a las sucursales, pero sin prestar servicio.<\/p>\n<p>Robles N\u00fa\u00f1ez explic\u00f3 que la protesta se debe al incumplimiento de la empresa, de contar con productos para que los trabajadores puedan cambiar sus vales de despensa.<\/p>\n<p>A\u00f1adi\u00f3 que hace dos semanas se acord\u00f3 ante las autoridades laborales del estado, que la empresa cumplir\u00eda con el canje de los vales de despensa y el pago de aguinaldos acordado para el 15 de diciembre.<\/p>\n<p>El acuerdo se realiz\u00f3 ante la CTM, la Secretar\u00eda del Trabajo del Estado y la Junta Local de Conciliaci\u00f3n y Arbitraje.<\/p>\n<p>Y la protesta continuar\u00e1 hasta que se cumpla con el pago de aguinaldos, concluy\u00f3 el secretario general de la CTM Hermosillo.<\/p>\n","protected":false},"excerpt":{"rendered":"<p>15122015.HERMOSILLO, SONORA.MX.\u2014 Empleados de mercados Santa F\u00e9 suspenden sus labores, en protesta por el incumplimiento&#8230;<\/p>\n","protected":false},"author":1,"featured_media":0,"comment_status":"open","ping_status":"open","sticky":false,"template":"","format":"standard","meta":{"_monsterinsights_skip_tracking":false,"_monsterinsights_sitenote_active":false,"_monsterinsights_sitenote_note":"","_monsterinsights_sitenote_category":0,"footnotes":""},"categories":[13,4],"tags":[726,1263,1262,1261,1260,1264],"class_list":["post"],"yoast_head":" \n<title>Sonora en Equipo. Supermercados Santa F\u00e9 incumple acuerdo con trabajadores<\/title>\n<meta name=\"description\" content=\"15122015.HERMOSILLO, SONORA.MX.\u2014 Empleados de mercados Santa F\u00e9 suspenden sus labores, en protesta por el incumplimiento en el pago de sus aguinaldos, En Sonora en Equipo publicamos toda la informaci\u00f3n de Sonora, M\u00e9xico y el Mundo de manera oportuna y busca que la libertad de expresi\u00f3n sea real. Visita nuestro medio informativo publicado desde Hermosillo, Sonora. %\" \/>\n<meta name=\"robots\" content=\"index, follow, max-snippet:-1, max-image-preview:large, max-video-preview:-1\" \/>\n<link rel=\"canonical\" href=\"https:\/\/www.sonoraenequipo.com.mx\/supermercados-santa-fe-incumple-acuerdo-con-trabajadores\/\" \/>\n<meta property=\"og:locale\" content=\"es_ES\" \/>\n<meta property=\"og:type\" content=\"article\" \/>\n<meta property=\"og:title\" content=\"Sonora en Equipo. Supermercados Santa F\u00e9 incumple acuerdo con trabajadores\" \/>\n<meta property=\"og:description\" content=\"15122015.HERMOSILLO, SONORA.MX.\u2014 Empleados de mercados Santa F\u00e9 suspenden sus labores, en protesta por el incumplimiento en el pago de sus aguinaldos, En Sonora en Equipo publicamos toda la informaci\u00f3n de Sonora, M\u00e9xico y el Mundo de manera oportuna y busca que la libertad de expresi\u00f3n sea real. Visita nuestro medio informativo publicado desde Hermosillo, Sonora. %\" \/>\n<meta property=\"og:url\" content=\"https:\/\/www.sonoraenequipo.com.mx\/supermercados-santa-fe-incumple-acuerdo-con-trabajadores\/\" \/>\n<meta property=\"og:site_name\" content=\"Sonora en Equipo.\" \/>\n<meta property=\"article:publisher\" content=\"https:\/\/www.facebook.com\/SonoraEE\/\" \/>\n<meta property=\"article:author\" content=\"https:\/\/www.facebook.com\/SonoraEE\" \/>\n<meta property=\"article:published_time\" content=\"2015-12-16T15:11:39+00:00\" \/>\n<meta name=\"author\" content=\"enequipo\" \/>\n<meta name=\"twitter:card\" content=\"summary_large_image\" \/>\n<meta name=\"twitter:creator\" content=\"@sonoraenequipo\" \/>\n<meta name=\"twitter:site\" content=\"@sonoraenequipo\" \/>\n<meta name=\"twitter:label1\" content=\"Escrito por\" \/>\n\t<meta name=\"twitter:data1\" content=\"enequipo\" \/>\n\t<meta name=\"twitter:label2\" content=\"Tiempo de lectura\" \/>\n\t<meta name=\"twitter:data2\" content=\"1 minuto\" \/>\n<script type=\"application\/ld+json\" class=\"yoast-schema-graph\">{\"@context\":\"https:\/\/schema.org\",\"@graph\":[{\"@type\":\"Article\",\"@id\":\"https:\/\/www.sonoraenequipo.com.mx\/supermercados-santa-fe-incumple-acuerdo-con-trabajadores\/#article\",\"isPartOf\":{\"@id\":\"https:\/\/www.sonoraenequipo.com.mx\/supermercados-santa-fe-incumple-acuerdo-con-trabajadores\/\"},\"author\":{\"name\":\"enequipo\",\"@id\":\"https:\/\/www.sonoraenequipo.com.mx\/#\/schema\/person\/50102df0fb23a8fa9e8effad8fa81386\"},\"headline\":\"Supermercados Santa F\u00e9 incumple acuerdo con trabajadores\",\"datePublished\":\"2015-12-16T15:11:39+00:00\",\"mainEntityOfPage\":{\"@id\":\"https:\/\/www.sonoraenequipo.com.mx\/supermercados-santa-fe-incumple-acuerdo-con-trabajadores\/\"},\"wordCount\":169,\"commentCount\":0,\"publisher\":{\"@id\":\"https:\/\/www.sonoraenequipo.com.mx\/#organization\"},\"keywords\":[\"CCE\",\"CTM HERMOSILLO\",\"EMPRESARIOS SINALOENSES\",\"MERCADOS ZARAGOZA\",\"SUPER SANTA F\u00c9\",\"TRABAJADORES SIN AGUINALDO\"],\"articleSection\":[\"Destacadas\",\"Municipios\"],\"inLanguage\":\"es\",\"potentialAction\":[{\"@type\":\"CommentAction\",\"name\":\"Comment\",\"target\":[\"https:\/\/www.sonoraenequipo.com.mx\/supermercados-santa-fe-incumple-acuerdo-con-trabajadores\/#respond\"]}]},{\"@type\":\"WebPage\",\"@id\":\"https:\/\/www.sonoraenequipo.com.mx\/supermercados-santa-fe-incumple-acuerdo-con-trabajadores\/\",\"url\":\"https:\/\/www.sonoraenequipo.com.mx\/supermercados-santa-fe-incumple-acuerdo-con-trabajadores\/\",\"name\":\"Sonora en Equipo. Supermercados Santa F\u00e9 incumple acuerdo con trabajadores\",\"isPartOf\":{\"@id\":\"https:\/\/www.sonoraenequipo.com.mx\/#website\"},\"datePublished\":\"2015-12-16T15:11:39+00:00\",\"description\":\"15122015.HERMOSILLO, SONORA.MX.\u2014 Empleados de mercados Santa F\u00e9 suspenden sus labores, en protesta por el incumplimiento en el pago de sus aguinaldos, En Sonora en Equipo publicamos toda la informaci\u00f3n de Sonora, M\u00e9xico y el Mundo de manera oportuna y busca que la libertad de expresi\u00f3n sea real. Visita nuestro medio informativo publicado desde Hermosillo, Sonora. %\",\"breadcrumb\":{\"@id\":\"https:\/\/www.sonoraenequipo.com.mx\/supermercados-santa-fe-incumple-acuerdo-con-trabajadores\/#breadcrumb\"},\"inLanguage\":\"es\",\"potentialAction\":[{\"@type\":\"ReadAction\",\"target\":[\"https:\/\/www.sonoraenequipo.com.mx\/supermercados-santa-fe-incumple-acuerdo-con-trabajadores\/\"]}]},{\"@type\":\"BreadcrumbList\",\"@id\":\"https:\/\/www.sonoraenequipo.com.mx\/supermercados-santa-fe-incumple-acuerdo-con-trabajadores\/#breadcrumb\",\"itemListElement\":[{\"@type\":\"ListItem\",\"position\":1,\"name\":\"Portada\",\"item\":\"https:\/\/www.sonoraenequipo.com.mx\/\"},{\"@type\":\"ListItem\",\"position\":2,\"name\":\"Supermercados Santa F\u00e9 incumple acuerdo con trabajadores\"}]},{\"@type\":\"WebSite\",\"@id\":\"https:\/\/www.sonoraenequipo.com.mx\/#website\",\"url\":\"https:\/\/www.sonoraenequipo.com.mx\/\",\"name\":\"Sonora en Equipo.\",\"description\":\"Diario en l\u00ednea con Noticias desde Hermosillo, Sonora\",\"publisher\":{\"@id\":\"https:\/\/www.sonoraenequipo.com.mx\/#organization\"},\"potentialAction\":[{\"@type\":\"SearchAction\",\"target\":{\"@type\":\"EntryPoint\",\"urlTemplate\":\"https:\/\/www.sonoraenequipo.com.mx\/?s={search_term_string}\"},\"query-input\":{\"@type\":\"PropertyValueSpecification\",\"valueRequired\":true,\"valueName\":\"search_term_string\"}}],\"inLanguage\":\"es\"},{\"@type\":\"Organization\",\"@id\":\"https:\/\/www.sonoraenequipo.com.mx\/#organization\",\"name\":\"Sonoraenequipo.com.mx\",\"url\":\"https:\/\/www.sonoraenequipo.com.mx\/\",\"logo\":{\"@type\":\"ImageObject\",\"inLanguage\":\"es\",\"@id\":\"https:\/\/www.sonoraenequipo.com.mx\/#\/schema\/logo\/image\/\",\"url\":\"https:\/\/www.sonoraenequipo.com.mx\/storage\/2019\/01\/sonoraenequipo_opt.png\",\"contentUrl\":\"https:\/\/www.sonoraenequipo.com.mx\/storage\/2019\/01\/sonoraenequipo_opt.png\",\"width\":375,\"height\":125,\"caption\":\"Sonoraenequipo.com.mx\"},\"image\":{\"@id\":\"https:\/\/www.sonoraenequipo.com.mx\/#\/schema\/logo\/image\/\"},\"sameAs\":[\"https:\/\/www.facebook.com\/SonoraEE\/\",\"https:\/\/x.com\/sonoraenequipo\",\"https:\/\/www.youtube.com\/channel\/UC338nW-lPEYmJQs4ZABQ1SQ\"]},{\"@type\":\"Person\",\"@id\":\"https:\/\/www.sonoraenequipo.com.mx\/#\/schema\/person\/50102df0fb23a8fa9e8effad8fa81386\",\"name\":\"enequipo\",\"image\":{\"@type\":\"ImageObject\",\"inLanguage\":\"es\",\"@id\":\"https:\/\/www.sonoraenequipo.com.mx\/#\/schema\/person\/image\/\",\"url\":\"https:\/\/secure.gravatar.com\/avatar\/049821681b589dabc0bc20695993ccebb09f5b5d4d790cd9251b97faac7c652b?s=96&d=blank&r=g\",\"contentUrl\":\"https:\/\/secure.gravatar.com\/avatar\/049821681b589dabc0bc20695993ccebb09f5b5d4d790cd9251b97faac7c652b?s=96&d=blank&r=g\",\"caption\":\"enequipo\"},\"sameAs\":[\"https:\/\/www.facebook.com\/SonoraEE\"]}]}<\/script>\n ","yoast_head_json":{"title":"Sonora en Equipo. Supermercados Santa F\u00e9 incumple acuerdo con trabajadores","description":"15122015.HERMOSILLO, SONORA.MX.\u2014 Empleados de mercados Santa F\u00e9 suspenden sus labores, en protesta por el incumplimiento en el pago de sus aguinaldos, En Sonora en Equipo publicamos toda la informaci\u00f3n de Sonora, M\u00e9xico y el Mundo de manera oportuna y busca que la libertad de expresi\u00f3n sea real. Visita nuestro medio informativo publicado desde Hermosillo, Sonora. %","robots":{"index":"index","follow":"follow","max-snippet":"max-snippet:-1","max-image-preview":"max-image-preview:large","max-video-preview":"max-video-preview:-1"},"canonical":"https:\/\/www.sonoraenequipo.com.mx\/supermercados-santa-fe-incumple-acuerdo-con-trabajadores\/","og_locale":"es_ES","og_type":"article","og_title":"Sonora en Equipo. Supermercados Santa F\u00e9 incumple acuerdo con trabajadores","og_description":"15122015.HERMOSILLO, SONORA.MX.\u2014 Empleados de mercados Santa F\u00e9 suspenden sus labores, en protesta por el incumplimiento en el pago de sus aguinaldos, En Sonora en Equipo publicamos toda la informaci\u00f3n de Sonora, M\u00e9xico y el Mundo de manera oportuna y busca que la libertad de expresi\u00f3n sea real. Visita nuestro medio informativo publicado desde Hermosillo, Sonora. %","og_url":"https:\/\/www.sonoraenequipo.com.mx\/supermercados-santa-fe-incumple-acuerdo-con-trabajadores\/","og_site_name":"Sonora en Equipo.","article_publisher":"https:\/\/www.facebook.com\/SonoraEE\/","article_author":"https:\/\/www.facebook.com\/SonoraEE","article_published_time":"2015-12-16T15:11:39+00:00","author":"enequipo","twitter_card":"summary_large_image","twitter_creator":"@sonoraenequipo","twitter_site":"@sonoraenequipo","twitter_misc":{"Escrito por":"enequipo","Tiempo de lectura":"1 minuto"},"schema":{"@context":"https:\/\/schema.org","@graph":[{"@type":"Article","@id":"https:\/\/www.sonoraenequipo.com.mx\/supermercados-santa-fe-incumple-acuerdo-con-trabajadores\/#article","isPartOf":{"@id":"https:\/\/www.sonoraenequipo.com.mx\/supermercados-santa-fe-incumple-acuerdo-con-trabajadores\/"},"author":{"name":"enequipo","@id":"https:\/\/www.sonoraenequipo.com.mx\/#\/schema\/person\/50102df0fb23a8fa9e8effad8fa81386"},"headline":"Supermercados Santa F\u00e9 incumple acuerdo con trabajadores","datePublished":"2015-12-16T15:11:39+00:00","mainEntityOfPage":{"@id":"https:\/\/www.sonoraenequipo.com.mx\/supermercados-santa-fe-incumple-acuerdo-con-trabajadores\/"},"wordCount":169,"commentCount":0,"publisher":{"@id":"https:\/\/www.sonoraenequipo.com.mx\/#organization"},"keywords":["CCE","CTM HERMOSILLO","EMPRESARIOS SINALOENSES","MERCADOS ZARAGOZA","SUPER SANTA F\u00c9","TRABAJADORES SIN AGUINALDO"],"articleSection":["Destacadas","Municipios"],"inLanguage":"es","potentialAction":[{"@type":"CommentAction","name":"Comment","target":["https:\/\/www.sonoraenequipo.com.mx\/supermercados-santa-fe-incumple-acuerdo-con-trabajadores\/#respond"]}]},{"@type":"WebPage","@id":"https:\/\/www.sonoraenequipo.com.mx\/supermercados-santa-fe-incumple-acuerdo-con-trabajadores\/","url":"https:\/\/www.sonoraenequipo.com.mx\/supermercados-santa-fe-incumple-acuerdo-con-trabajadores\/","name":"Sonora en Equipo. Supermercados Santa F\u00e9 incumple acuerdo con trabajadores","isPartOf":{"@id":"https:\/\/www.sonoraenequipo.com.mx\/#website"},"datePublished":"2015-12-16T15:11:39+00:00","description":"15122015.HERMOSILLO, SONORA.MX.\u2014 Empleados de mercados Santa F\u00e9 suspenden sus labores, en protesta por el incumplimiento en el pago de sus aguinaldos, En Sonora en Equipo publicamos toda la informaci\u00f3n de Sonora, M\u00e9xico y el Mundo de manera oportuna y busca que la libertad de expresi\u00f3n sea real. Visita nuestro medio informativo publicado desde Hermosillo, Sonora. %","breadcrumb":{"@id":"https:\/\/www.sonoraenequipo.com.mx\/supermercados-santa-fe-incumple-acuerdo-con-trabajadores\/#breadcrumb"},"inLanguage":"es","potentialAction":[{"@type":"ReadAction","target":["https:\/\/www.sonoraenequipo.com.mx\/supermercados-santa-fe-incumple-acuerdo-con-trabajadores\/"]}]},{"@type":"BreadcrumbList","@id":"https:\/\/www.sonoraenequipo.com.mx\/supermercados-santa-fe-incumple-acuerdo-con-trabajadores\/#breadcrumb","itemListElement":[{"@type":"ListItem","position":1,"name":"Portada","item":"https:\/\/www.sonoraenequipo.com.mx\/"},{"@type":"ListItem","position":2,"name":"Supermercados Santa F\u00e9 incumple acuerdo con trabajadores"}]},{"@type":"WebSite","@id":"https:\/\/www.sonoraenequipo.com.mx\/#website","url":"https:\/\/www.sonoraenequipo.com.mx\/","name":"Sonora en Equipo.","description":"Diario en l\u00ednea con Noticias desde Hermosillo, Sonora","publisher":{"@id":"https:\/\/www.sonoraenequipo.com.mx\/#organization"},"potentialAction":[{"@type":"SearchAction","target":{"@type":"EntryPoint","urlTemplate":"https:\/\/www.sonoraenequipo.com.mx\/?s={search_term_string}"},"query-input":{"@type":"PropertyValueSpecification","valueRequired":true,"valueName":"search_term_string"}}],"inLanguage":"es"},{"@type":"Organization","@id":"https:\/\/www.sonoraenequipo.com.mx\/#organization","name":"Sonoraenequipo.com.mx","url":"https:\/\/www.sonoraenequipo.com.mx\/","logo":{"@type":"ImageObject","inLanguage":"es","@id":"https:\/\/www.sonoraenequipo.com.mx\/#\/schema\/logo\/image\/","url":"https:\/\/www.sonoraenequipo.com.mx\/storage\/2019\/01\/sonoraenequipo_opt.png","contentUrl":"https:\/\/www.sonoraenequipo.com.mx\/storage\/2019\/01\/sonoraenequipo_opt.png","width":375,"height":125,"caption":"Sonoraenequipo.com.mx"},"image":{"@id":"https:\/\/www.sonoraenequipo.com.mx\/#\/schema\/logo\/image\/"},"sameAs":["https:\/\/www.facebook.com\/SonoraEE\/","https:\/\/x.com\/sonoraenequipo","https:\/\/www.youtube.com\/channel\/UC338nW-lPEYmJQs4ZABQ1SQ"]},{"@type":"Person","@id":"https:\/\/www.sonoraenequipo.com.mx\/#\/schema\/person\/50102df0fb23a8fa9e8effad8fa81386","name":"enequipo","image":{"@type":"ImageObject","inLanguage":"es","@id":"https:\/\/www.sonoraenequipo.com.mx\/#\/schema\/person\/image\/","url":"https:\/\/secure.gravatar.com\/avatar\/049821681b589dabc0bc20695993ccebb09f5b5d4d790cd9251b97faac7c652b?s=96&d=blank&r=g","contentUrl":"https:\/\/secure.gravatar.com\/avatar\/049821681b589dabc0bc20695993ccebb09f5b5d4d790cd9251b97faac7c652b?s=96&d=blank&r=g","caption":"enequipo"},"sameAs":["https:\/\/www.facebook.com\/SonoraEE"]}]}},"jetpack_featured_media_url":"","_links":{"self":[{"href":"https:\/\/www.sonoraenequipo.com.mx\/api\/wp\/v2\/posts\/1495","targetHints":{"allow":["GET"]}}],"collection":[{"href":"https:\/\/www.sonoraenequipo.com.mx\/api\/wp\/v2\/posts"}],"about":[{"href":"https:\/\/www.sonoraenequipo.com.mx\/api\/wp\/v2\/types\/post"}],"author":[{"embeddable":true,"href":"https:\/\/www.sonoraenequipo.com.mx\/api\/wp\/v2\/users\/1"}],"replies":[{"embeddable":true,"href":"https:\/\/www.sonoraenequipo.com.mx\/api\/wp\/v2\/comments?post=1495"}],"version-history":[{"count":0,"href":"https:\/\/www.sonoraenequipo.com.mx\/api\/wp\/v2\/posts\/1495\/revisions"}],"wp:attachment":[{"href":"https:\/\/www.sonoraenequipo.com.mx\/api\/wp\/v2\/media?parent=1495"}],"wp:term":[{"taxonomy":"category","embeddable":true,"href":"https:\/\/www.sonoraenequipo.com.mx\/api\/wp\/v2\/categories?post=1495"},{"taxonomy":"post_tag","embeddable":true,"href":"https:\/\/www.sonoraenequipo.com.mx\/api\/wp\/v2\/tags?post=1495"}],"curies":[{"name":"wp","href":"https:\/\/api.w.org\/{rel}","templated":true}]}}