{"id":149507,"date":"2022-10-17T13:06:59","date_gmt":"2022-10-17T20:06:59","guid":{"rendered":"https:\/\/www.sonoraenequipo.com.mx\/?p=149507"},"modified":"2022-10-17T13:06:59","modified_gmt":"2022-10-17T20:06:59","slug":"reconocen-la-exitosa-trayectoria-del-sonorense-rene-lizarraga-en-taekwondo","status":"publish","type":"post","link":"https:\/\/www.sonoraenequipo.com.mx\/reconocen-la-exitosa-trayectoria-del-sonorense-rene-lizarraga-en-taekwondo\/","title":{"rendered":"Reconocen la exitosa trayectoria del sonorense Ren\u00e9 Liz\u00e1rraga en taekwondo"},"content":{"rendered":"<p>\u25baEl seleccionado nacional recibi\u00f3 un homenaje en el arranque del Festival Estatal de Taekwondo Federado con sede en el CUM<\/p>\n<p>&nbsp;<\/p>\n<p><strong>HERMOSILLO, SONORA,MX.\u2500\u2500<\/strong> En un momento muy emotivo para el deporte sonorense, el seleccionado nacional de taekwondo, Ren\u00e9 Liz\u00e1rraga, recibi\u00f3 un merecido homenaje en el marco del Primer Festival Estatal de TKD Federado, el cual se efectu\u00f3 este fin de semana en el Centro de Usos M\u00faltiples (CUM).<\/p>\n<p>&nbsp;<\/p>\n<p>El atleta originario de Nogales vivi\u00f3 un d\u00eda especial rodeado de su familia, amigos y compa\u00f1eros. Cuenta con una trayectoria de 12 a\u00f1os en el equipo mexicano de la especialidad, y participar\u00e1 por quinta ocasi\u00f3n en un campeonato mundial, el mes entrante, en la edici\u00f3n 2022 en Guadalajara, Jalisco.<\/p>\n<p>&nbsp;<\/p>\n<p>Liz\u00e1rraga Valenzuela, quien tratar\u00e1 de conseguir su segunda presea mundialista el pr\u00f3ximo mes de noviembre en la capital tapat\u00eda \u2013la primera la gan\u00f3 en Puebla 2013-, competir\u00e1 en la divisi\u00f3n de 74 kilogramos como parte del equipo mexicano de la especialidad.<\/p>\n<p>&nbsp;<\/p>\n<p>\u201cEstoy muy contento y conmovido tras este reconocimiento, sobre todo, por ver a los ni\u00f1os. As\u00ed como ellos, nosotros empezamos en el mismo ambiente; se siente muy bien ahora estando de este lado (como seleccionado nacional) pues es una motivaci\u00f3n extra el poder aportar para que las nuevas generaciones del taekwondo sonorense despeguen\u201d, dijo el nogalense.<\/p>\n<p>&nbsp;<\/p>\n<p>Con una exitosa trayectoria de 25 a\u00f1os en el taekwondo, Liz\u00e1rraga Valenzuela tiene un impresionante palmar\u00e9s pues ha conquistado medallas en torneos dentro y fuera del pa\u00eds. Actualmente, el sonorense est\u00e1 ubicado como el segundo en el ranking mundial y ocupa el sitio 16 en el listado ol\u00edmpico de su peso.<\/p>\n<p>&nbsp;<\/p>\n<p>A la par del reconocimiento al seleccionado nacional, la Asociaci\u00f3n Sonorense de Taekwondo, tambi\u00e9n premi\u00f3 por su aporte a la disciplina al entrenador Abraham P\u00e9rez, quien cuenta con una experiencia de cuatro d\u00e9cadas ense\u00f1ando las artes marciales; adem\u00e1s, fue el primer maestro en la carrera de Ren\u00e9 Liz\u00e1rraga.<\/p>\n<p>&nbsp;<\/p>\n<p>En el evento, el director de la Codeson, Erubiel Durazo, aplaudi\u00f3 el homenaje a Liz\u00e1rraga Valenzuela a quien ponder\u00f3 como una figura y un ejemplo a seguir para nuevos sonorenses que practican el taekwondo, quienes, en un futuro, podr\u00edan seguir sus pasos en el deporte de alto rendimiento.<\/p>\n<p>&nbsp;<\/p>\n<p>De igual forma, el dirigente del deporte estatal destac\u00f3 la nutrida participaci\u00f3n en el Primer Festival Sonorense de Taekwondo Federado, en donde compiten m\u00e1s de 850 atletas, desde la categor\u00eda \u201cpa\u00f1alitos\u201d hasta la de adultos.<\/p>\n<p>&nbsp;<\/p>\n<p>Presentes en el evento: Rita Burgos, representante de Seguridad P\u00fablica estatal; Omar Francisco Morales, de la Cuarta Zona Militar; Marco Antonio Soto Valenzuela, organizador del primer festival y presidente de la Asociaci\u00f3n Sonorense de Taekwondo; Lamberto Ung, director de Infraestructura de la Codeson. Asimismo, asistieron los padres del homenajeado y medallista mundial, Ren\u00e9 Liz\u00e1rraga Ibarra y Lili\u00e1n Valenzuela S\u00e1nchez.<\/p>\n<p>&nbsp;<\/p>\n<p><strong><u>Fecha de publicaci\u00f3n\u00a0 lunes 17 de octubre de 2022<\/u><\/strong><\/p>\n<p>&nbsp;<\/p>\n","protected":false},"excerpt":{"rendered":"<p>\u25baEl seleccionado nacional recibi\u00f3 un homenaje en el arranque del Festival Estatal de Taekwondo Federado&#8230;<\/p>\n","protected":false},"author":1,"featured_media":149510,"comment_status":"open","ping_status":"open","sticky":false,"template":"","format":"standard","meta":{"_monsterinsights_skip_tracking":false,"_monsterinsights_sitenote_active":false,"_monsterinsights_sitenote_note":"","_monsterinsights_sitenote_category":0,"footnotes":""},"categories":[10],"tags":[7652,7653],"class_list":["post"],"yoast_head":" \n<title>Sonora en Equipo. Reconocen la exitosa trayectoria del sonorense Ren\u00e9 Liz\u00e1rraga en taekwondo Deportes<\/title>\n<meta name=\"description\" content=\"\u25baEl seleccionado nacional recibi\u00f3 un homenaje en el arranque del Festival Estatal de Taekwondo Federado con sede en el CUM &nbsp; HERMOSILLO, SONORA,MX.\u2500\u2500 En Sonora en Equipo publicamos toda la informaci\u00f3n de Sonora, M\u00e9xico y el Mundo de manera oportuna y busca que la libertad de expresi\u00f3n sea real. Visita nuestro medio informativo publicado desde Hermosillo, Sonora. %\" \/>\n<meta name=\"robots\" content=\"index, follow, max-snippet:-1, max-image-preview:large, max-video-preview:-1\" \/>\n<link rel=\"canonical\" href=\"https:\/\/www.sonoraenequipo.com.mx\/reconocen-la-exitosa-trayectoria-del-sonorense-rene-lizarraga-en-taekwondo\/\" \/>\n<meta property=\"og:locale\" content=\"es_ES\" \/>\n<meta property=\"og:type\" content=\"article\" \/>\n<meta property=\"og:title\" content=\"Sonora en Equipo. Reconocen la exitosa trayectoria del sonorense Ren\u00e9 Liz\u00e1rraga en taekwondo Deportes\" \/>\n<meta property=\"og:description\" content=\"\u25baEl seleccionado nacional recibi\u00f3 un homenaje en el arranque del Festival Estatal de Taekwondo Federado con sede en el CUM &nbsp; HERMOSILLO, SONORA,MX.\u2500\u2500 En Sonora en Equipo publicamos toda la informaci\u00f3n de Sonora, M\u00e9xico y el Mundo de manera oportuna y busca que la libertad de expresi\u00f3n sea real. Visita nuestro medio informativo publicado desde Hermosillo, Sonora. %\" \/>\n<meta property=\"og:url\" content=\"https:\/\/www.sonoraenequipo.com.mx\/reconocen-la-exitosa-trayectoria-del-sonorense-rene-lizarraga-en-taekwondo\/\" \/>\n<meta property=\"og:site_name\" content=\"Sonora en Equipo.\" \/>\n<meta property=\"article:publisher\" content=\"https:\/\/www.facebook.com\/SonoraEE\/\" \/>\n<meta property=\"article:author\" content=\"https:\/\/www.facebook.com\/SonoraEE\" \/>\n<meta property=\"article:published_time\" content=\"2022-10-17T20:06:59+00:00\" \/>\n<meta property=\"og:image\" content=\"https:\/\/www.sonoraenequipo.com.mx\/storage\/2022\/10\/lizarraga.jpg\" \/>\n\t<meta property=\"og:image:width\" content=\"900\" \/>\n\t<meta property=\"og:image:height\" content=\"600\" \/>\n\t<meta property=\"og:image:type\" content=\"image\/jpeg\" \/>\n<meta name=\"author\" content=\"enequipo\" \/>\n<meta name=\"twitter:card\" content=\"summary_large_image\" \/>\n<meta name=\"twitter:creator\" content=\"@sonoraenequipo\" \/>\n<meta name=\"twitter:site\" content=\"@sonoraenequipo\" \/>\n<meta name=\"twitter:label1\" content=\"Escrito por\" \/>\n\t<meta name=\"twitter:data1\" content=\"enequipo\" \/>\n\t<meta name=\"twitter:label2\" content=\"Tiempo de lectura\" \/>\n\t<meta name=\"twitter:data2\" content=\"3 minutos\" \/>\n<script type=\"application\/ld+json\" class=\"yoast-schema-graph\">{\"@context\":\"https:\/\/schema.org\",\"@graph\":[{\"@type\":\"Article\",\"@id\":\"https:\/\/www.sonoraenequipo.com.mx\/reconocen-la-exitosa-trayectoria-del-sonorense-rene-lizarraga-en-taekwondo\/#article\",\"isPartOf\":{\"@id\":\"https:\/\/www.sonoraenequipo.com.mx\/reconocen-la-exitosa-trayectoria-del-sonorense-rene-lizarraga-en-taekwondo\/\"},\"author\":{\"name\":\"enequipo\",\"@id\":\"https:\/\/www.sonoraenequipo.com.mx\/#\/schema\/person\/50102df0fb23a8fa9e8effad8fa81386\"},\"headline\":\"Reconocen la exitosa trayectoria del sonorense Ren\u00e9 Liz\u00e1rraga en taekwondo\",\"datePublished\":\"2022-10-17T20:06:59+00:00\",\"mainEntityOfPage\":{\"@id\":\"https:\/\/www.sonoraenequipo.com.mx\/reconocen-la-exitosa-trayectoria-del-sonorense-rene-lizarraga-en-taekwondo\/\"},\"wordCount\":515,\"commentCount\":0,\"publisher\":{\"@id\":\"https:\/\/www.sonoraenequipo.com.mx\/#organization\"},\"image\":{\"@id\":\"https:\/\/www.sonoraenequipo.com.mx\/reconocen-la-exitosa-trayectoria-del-sonorense-rene-lizarraga-en-taekwondo\/#primaryimage\"},\"thumbnailUrl\":\"https:\/\/www.sonoraenequipo.com.mx\/storage\/2022\/10\/lizarraga.jpg\",\"keywords\":[\"Ren\u00e9iz\u00e1rraga Valenzuela\",\"taekwondo\"],\"articleSection\":[\"Deportes\"],\"inLanguage\":\"es\",\"potentialAction\":[{\"@type\":\"CommentAction\",\"name\":\"Comment\",\"target\":[\"https:\/\/www.sonoraenequipo.com.mx\/reconocen-la-exitosa-trayectoria-del-sonorense-rene-lizarraga-en-taekwondo\/#respond\"]}]},{\"@type\":\"WebPage\",\"@id\":\"https:\/\/www.sonoraenequipo.com.mx\/reconocen-la-exitosa-trayectoria-del-sonorense-rene-lizarraga-en-taekwondo\/\",\"url\":\"https:\/\/www.sonoraenequipo.com.mx\/reconocen-la-exitosa-trayectoria-del-sonorense-rene-lizarraga-en-taekwondo\/\",\"name\":\"Sonora en Equipo. Reconocen la exitosa trayectoria del sonorense Ren\u00e9 Liz\u00e1rraga en taekwondo Deportes\",\"isPartOf\":{\"@id\":\"https:\/\/www.sonoraenequipo.com.mx\/#website\"},\"primaryImageOfPage\":{\"@id\":\"https:\/\/www.sonoraenequipo.com.mx\/reconocen-la-exitosa-trayectoria-del-sonorense-rene-lizarraga-en-taekwondo\/#primaryimage\"},\"image\":{\"@id\":\"https:\/\/www.sonoraenequipo.com.mx\/reconocen-la-exitosa-trayectoria-del-sonorense-rene-lizarraga-en-taekwondo\/#primaryimage\"},\"thumbnailUrl\":\"https:\/\/www.sonoraenequipo.com.mx\/storage\/2022\/10\/lizarraga.jpg\",\"datePublished\":\"2022-10-17T20:06:59+00:00\",\"description\":\"\u25baEl seleccionado nacional recibi\u00f3 un homenaje en el arranque del Festival Estatal de Taekwondo Federado con sede en el CUM &nbsp; HERMOSILLO, SONORA,MX.\u2500\u2500 En Sonora en Equipo publicamos toda la informaci\u00f3n de Sonora, M\u00e9xico y el Mundo de manera oportuna y busca que la libertad de expresi\u00f3n sea real. Visita nuestro medio informativo publicado desde Hermosillo, Sonora. %\",\"breadcrumb\":{\"@id\":\"https:\/\/www.sonoraenequipo.com.mx\/reconocen-la-exitosa-trayectoria-del-sonorense-rene-lizarraga-en-taekwondo\/#breadcrumb\"},\"inLanguage\":\"es\",\"potentialAction\":[{\"@type\":\"ReadAction\",\"target\":[\"https:\/\/www.sonoraenequipo.com.mx\/reconocen-la-exitosa-trayectoria-del-sonorense-rene-lizarraga-en-taekwondo\/\"]}]},{\"@type\":\"ImageObject\",\"inLanguage\":\"es\",\"@id\":\"https:\/\/www.sonoraenequipo.com.mx\/reconocen-la-exitosa-trayectoria-del-sonorense-rene-lizarraga-en-taekwondo\/#primaryimage\",\"url\":\"https:\/\/www.sonoraenequipo.com.mx\/storage\/2022\/10\/lizarraga.jpg\",\"contentUrl\":\"https:\/\/www.sonoraenequipo.com.mx\/storage\/2022\/10\/lizarraga.jpg\",\"width\":900,\"height\":600},{\"@type\":\"BreadcrumbList\",\"@id\":\"https:\/\/www.sonoraenequipo.com.mx\/reconocen-la-exitosa-trayectoria-del-sonorense-rene-lizarraga-en-taekwondo\/#breadcrumb\",\"itemListElement\":[{\"@type\":\"ListItem\",\"position\":1,\"name\":\"Portada\",\"item\":\"https:\/\/www.sonoraenequipo.com.mx\/\"},{\"@type\":\"ListItem\",\"position\":2,\"name\":\"Reconocen la exitosa trayectoria del sonorense Ren\u00e9 Liz\u00e1rraga en taekwondo\"}]},{\"@type\":\"WebSite\",\"@id\":\"https:\/\/www.sonoraenequipo.com.mx\/#website\",\"url\":\"https:\/\/www.sonoraenequipo.com.mx\/\",\"name\":\"Sonora en Equipo.\",\"description\":\"Diario en l\u00ednea con Noticias desde Hermosillo, Sonora\",\"publisher\":{\"@id\":\"https:\/\/www.sonoraenequipo.com.mx\/#organization\"},\"potentialAction\":[{\"@type\":\"SearchAction\",\"target\":{\"@type\":\"EntryPoint\",\"urlTemplate\":\"https:\/\/www.sonoraenequipo.com.mx\/?s={search_term_string}\"},\"query-input\":{\"@type\":\"PropertyValueSpecification\",\"valueRequired\":true,\"valueName\":\"search_term_string\"}}],\"inLanguage\":\"es\"},{\"@type\":\"Organization\",\"@id\":\"https:\/\/www.sonoraenequipo.com.mx\/#organization\",\"name\":\"Sonoraenequipo.com.mx\",\"url\":\"https:\/\/www.sonoraenequipo.com.mx\/\",\"logo\":{\"@type\":\"ImageObject\",\"inLanguage\":\"es\",\"@id\":\"https:\/\/www.sonoraenequipo.com.mx\/#\/schema\/logo\/image\/\",\"url\":\"https:\/\/www.sonoraenequipo.com.mx\/storage\/2019\/01\/sonoraenequipo_opt.png\",\"contentUrl\":\"https:\/\/www.sonoraenequipo.com.mx\/storage\/2019\/01\/sonoraenequipo_opt.png\",\"width\":375,\"height\":125,\"caption\":\"Sonoraenequipo.com.mx\"},\"image\":{\"@id\":\"https:\/\/www.sonoraenequipo.com.mx\/#\/schema\/logo\/image\/\"},\"sameAs\":[\"https:\/\/www.facebook.com\/SonoraEE\/\",\"https:\/\/x.com\/sonoraenequipo\",\"https:\/\/www.youtube.com\/channel\/UC338nW-lPEYmJQs4ZABQ1SQ\"]},{\"@type\":\"Person\",\"@id\":\"https:\/\/www.sonoraenequipo.com.mx\/#\/schema\/person\/50102df0fb23a8fa9e8effad8fa81386\",\"name\":\"enequipo\",\"image\":{\"@type\":\"ImageObject\",\"inLanguage\":\"es\",\"@id\":\"https:\/\/www.sonoraenequipo.com.mx\/#\/schema\/person\/image\/\",\"url\":\"https:\/\/secure.gravatar.com\/avatar\/049821681b589dabc0bc20695993ccebb09f5b5d4d790cd9251b97faac7c652b?s=96&d=blank&r=g\",\"contentUrl\":\"https:\/\/secure.gravatar.com\/avatar\/049821681b589dabc0bc20695993ccebb09f5b5d4d790cd9251b97faac7c652b?s=96&d=blank&r=g\",\"caption\":\"enequipo\"},\"sameAs\":[\"https:\/\/www.facebook.com\/SonoraEE\"]}]}<\/script>\n ","yoast_head_json":{"title":"Sonora en Equipo. Reconocen la exitosa trayectoria del sonorense Ren\u00e9 Liz\u00e1rraga en taekwondo Deportes","description":"\u25baEl seleccionado nacional recibi\u00f3 un homenaje en el arranque del Festival Estatal de Taekwondo Federado con sede en el CUM &nbsp; HERMOSILLO, SONORA,MX.\u2500\u2500 En Sonora en Equipo publicamos toda la informaci\u00f3n de Sonora, M\u00e9xico y el Mundo de manera oportuna y busca que la libertad de expresi\u00f3n sea real. Visita nuestro medio informativo publicado desde Hermosillo, Sonora. %","robots":{"index":"index","follow":"follow","max-snippet":"max-snippet:-1","max-image-preview":"max-image-preview:large","max-video-preview":"max-video-preview:-1"},"canonical":"https:\/\/www.sonoraenequipo.com.mx\/reconocen-la-exitosa-trayectoria-del-sonorense-rene-lizarraga-en-taekwondo\/","og_locale":"es_ES","og_type":"article","og_title":"Sonora en Equipo. Reconocen la exitosa trayectoria del sonorense Ren\u00e9 Liz\u00e1rraga en taekwondo Deportes","og_description":"\u25baEl seleccionado nacional recibi\u00f3 un homenaje en el arranque del Festival Estatal de Taekwondo Federado con sede en el CUM &nbsp; HERMOSILLO, SONORA,MX.\u2500\u2500 En Sonora en Equipo publicamos toda la informaci\u00f3n de Sonora, M\u00e9xico y el Mundo de manera oportuna y busca que la libertad de expresi\u00f3n sea real. Visita nuestro medio informativo publicado desde Hermosillo, Sonora. %","og_url":"https:\/\/www.sonoraenequipo.com.mx\/reconocen-la-exitosa-trayectoria-del-sonorense-rene-lizarraga-en-taekwondo\/","og_site_name":"Sonora en Equipo.","article_publisher":"https:\/\/www.facebook.com\/SonoraEE\/","article_author":"https:\/\/www.facebook.com\/SonoraEE","article_published_time":"2022-10-17T20:06:59+00:00","og_image":[{"width":900,"height":600,"url":"https:\/\/www.sonoraenequipo.com.mx\/storage\/2022\/10\/lizarraga.jpg","type":"image\/jpeg"}],"author":"enequipo","twitter_card":"summary_large_image","twitter_creator":"@sonoraenequipo","twitter_site":"@sonoraenequipo","twitter_misc":{"Escrito por":"enequipo","Tiempo de lectura":"3 minutos"},"schema":{"@context":"https:\/\/schema.org","@graph":[{"@type":"Article","@id":"https:\/\/www.sonoraenequipo.com.mx\/reconocen-la-exitosa-trayectoria-del-sonorense-rene-lizarraga-en-taekwondo\/#article","isPartOf":{"@id":"https:\/\/www.sonoraenequipo.com.mx\/reconocen-la-exitosa-trayectoria-del-sonorense-rene-lizarraga-en-taekwondo\/"},"author":{"name":"enequipo","@id":"https:\/\/www.sonoraenequipo.com.mx\/#\/schema\/person\/50102df0fb23a8fa9e8effad8fa81386"},"headline":"Reconocen la exitosa trayectoria del sonorense Ren\u00e9 Liz\u00e1rraga en taekwondo","datePublished":"2022-10-17T20:06:59+00:00","mainEntityOfPage":{"@id":"https:\/\/www.sonoraenequipo.com.mx\/reconocen-la-exitosa-trayectoria-del-sonorense-rene-lizarraga-en-taekwondo\/"},"wordCount":515,"commentCount":0,"publisher":{"@id":"https:\/\/www.sonoraenequipo.com.mx\/#organization"},"image":{"@id":"https:\/\/www.sonoraenequipo.com.mx\/reconocen-la-exitosa-trayectoria-del-sonorense-rene-lizarraga-en-taekwondo\/#primaryimage"},"thumbnailUrl":"https:\/\/www.sonoraenequipo.com.mx\/storage\/2022\/10\/lizarraga.jpg","keywords":["Ren\u00e9iz\u00e1rraga Valenzuela","taekwondo"],"articleSection":["Deportes"],"inLanguage":"es","potentialAction":[{"@type":"CommentAction","name":"Comment","target":["https:\/\/www.sonoraenequipo.com.mx\/reconocen-la-exitosa-trayectoria-del-sonorense-rene-lizarraga-en-taekwondo\/#respond"]}]},{"@type":"WebPage","@id":"https:\/\/www.sonoraenequipo.com.mx\/reconocen-la-exitosa-trayectoria-del-sonorense-rene-lizarraga-en-taekwondo\/","url":"https:\/\/www.sonoraenequipo.com.mx\/reconocen-la-exitosa-trayectoria-del-sonorense-rene-lizarraga-en-taekwondo\/","name":"Sonora en Equipo. Reconocen la exitosa trayectoria del sonorense Ren\u00e9 Liz\u00e1rraga en taekwondo Deportes","isPartOf":{"@id":"https:\/\/www.sonoraenequipo.com.mx\/#website"},"primaryImageOfPage":{"@id":"https:\/\/www.sonoraenequipo.com.mx\/reconocen-la-exitosa-trayectoria-del-sonorense-rene-lizarraga-en-taekwondo\/#primaryimage"},"image":{"@id":"https:\/\/www.sonoraenequipo.com.mx\/reconocen-la-exitosa-trayectoria-del-sonorense-rene-lizarraga-en-taekwondo\/#primaryimage"},"thumbnailUrl":"https:\/\/www.sonoraenequipo.com.mx\/storage\/2022\/10\/lizarraga.jpg","datePublished":"2022-10-17T20:06:59+00:00","description":"\u25baEl seleccionado nacional recibi\u00f3 un homenaje en el arranque del Festival Estatal de Taekwondo Federado con sede en el CUM &nbsp; HERMOSILLO, SONORA,MX.\u2500\u2500 En Sonora en Equipo publicamos toda la informaci\u00f3n de Sonora, M\u00e9xico y el Mundo de manera oportuna y busca que la libertad de expresi\u00f3n sea real. Visita nuestro medio informativo publicado desde Hermosillo, Sonora. %","breadcrumb":{"@id":"https:\/\/www.sonoraenequipo.com.mx\/reconocen-la-exitosa-trayectoria-del-sonorense-rene-lizarraga-en-taekwondo\/#breadcrumb"},"inLanguage":"es","potentialAction":[{"@type":"ReadAction","target":["https:\/\/www.sonoraenequipo.com.mx\/reconocen-la-exitosa-trayectoria-del-sonorense-rene-lizarraga-en-taekwondo\/"]}]},{"@type":"ImageObject","inLanguage":"es","@id":"https:\/\/www.sonoraenequipo.com.mx\/reconocen-la-exitosa-trayectoria-del-sonorense-rene-lizarraga-en-taekwondo\/#primaryimage","url":"https:\/\/www.sonoraenequipo.com.mx\/storage\/2022\/10\/lizarraga.jpg","contentUrl":"https:\/\/www.sonoraenequipo.com.mx\/storage\/2022\/10\/lizarraga.jpg","width":900,"height":600},{"@type":"BreadcrumbList","@id":"https:\/\/www.sonoraenequipo.com.mx\/reconocen-la-exitosa-trayectoria-del-sonorense-rene-lizarraga-en-taekwondo\/#breadcrumb","itemListElement":[{"@type":"ListItem","position":1,"name":"Portada","item":"https:\/\/www.sonoraenequipo.com.mx\/"},{"@type":"ListItem","position":2,"name":"Reconocen la exitosa trayectoria del sonorense Ren\u00e9 Liz\u00e1rraga en taekwondo"}]},{"@type":"WebSite","@id":"https:\/\/www.sonoraenequipo.com.mx\/#website","url":"https:\/\/www.sonoraenequipo.com.mx\/","name":"Sonora en Equipo.","description":"Diario en l\u00ednea con Noticias desde Hermosillo, Sonora","publisher":{"@id":"https:\/\/www.sonoraenequipo.com.mx\/#organization"},"potentialAction":[{"@type":"SearchAction","target":{"@type":"EntryPoint","urlTemplate":"https:\/\/www.sonoraenequipo.com.mx\/?s={search_term_string}"},"query-input":{"@type":"PropertyValueSpecification","valueRequired":true,"valueName":"search_term_string"}}],"inLanguage":"es"},{"@type":"Organization","@id":"https:\/\/www.sonoraenequipo.com.mx\/#organization","name":"Sonoraenequipo.com.mx","url":"https:\/\/www.sonoraenequipo.com.mx\/","logo":{"@type":"ImageObject","inLanguage":"es","@id":"https:\/\/www.sonoraenequipo.com.mx\/#\/schema\/logo\/image\/","url":"https:\/\/www.sonoraenequipo.com.mx\/storage\/2019\/01\/sonoraenequipo_opt.png","contentUrl":"https:\/\/www.sonoraenequipo.com.mx\/storage\/2019\/01\/sonoraenequipo_opt.png","width":375,"height":125,"caption":"Sonoraenequipo.com.mx"},"image":{"@id":"https:\/\/www.sonoraenequipo.com.mx\/#\/schema\/logo\/image\/"},"sameAs":["https:\/\/www.facebook.com\/SonoraEE\/","https:\/\/x.com\/sonoraenequipo","https:\/\/www.youtube.com\/channel\/UC338nW-lPEYmJQs4ZABQ1SQ"]},{"@type":"Person","@id":"https:\/\/www.sonoraenequipo.com.mx\/#\/schema\/person\/50102df0fb23a8fa9e8effad8fa81386","name":"enequipo","image":{"@type":"ImageObject","inLanguage":"es","@id":"https:\/\/www.sonoraenequipo.com.mx\/#\/schema\/person\/image\/","url":"https:\/\/secure.gravatar.com\/avatar\/049821681b589dabc0bc20695993ccebb09f5b5d4d790cd9251b97faac7c652b?s=96&d=blank&r=g","contentUrl":"https:\/\/secure.gravatar.com\/avatar\/049821681b589dabc0bc20695993ccebb09f5b5d4d790cd9251b97faac7c652b?s=96&d=blank&r=g","caption":"enequipo"},"sameAs":["https:\/\/www.facebook.com\/SonoraEE"]}]}},"jetpack_featured_media_url":"https:\/\/www.sonoraenequipo.com.mx\/storage\/2022\/10\/lizarraga.jpg","_links":{"self":[{"href":"https:\/\/www.sonoraenequipo.com.mx\/api\/wp\/v2\/posts\/149507","targetHints":{"allow":["GET"]}}],"collection":[{"href":"https:\/\/www.sonoraenequipo.com.mx\/api\/wp\/v2\/posts"}],"about":[{"href":"https:\/\/www.sonoraenequipo.com.mx\/api\/wp\/v2\/types\/post"}],"author":[{"embeddable":true,"href":"https:\/\/www.sonoraenequipo.com.mx\/api\/wp\/v2\/users\/1"}],"replies":[{"embeddable":true,"href":"https:\/\/www.sonoraenequipo.com.mx\/api\/wp\/v2\/comments?post=149507"}],"version-history":[{"count":1,"href":"https:\/\/www.sonoraenequipo.com.mx\/api\/wp\/v2\/posts\/149507\/revisions"}],"predecessor-version":[{"id":149511,"href":"https:\/\/www.sonoraenequipo.com.mx\/api\/wp\/v2\/posts\/149507\/revisions\/149511"}],"wp:featuredmedia":[{"embeddable":true,"href":"https:\/\/www.sonoraenequipo.com.mx\/api\/wp\/v2\/media\/149510"}],"wp:attachment":[{"href":"https:\/\/www.sonoraenequipo.com.mx\/api\/wp\/v2\/media?parent=149507"}],"wp:term":[{"taxonomy":"category","embeddable":true,"href":"https:\/\/www.sonoraenequipo.com.mx\/api\/wp\/v2\/categories?post=149507"},{"taxonomy":"post_tag","embeddable":true,"href":"https:\/\/www.sonoraenequipo.com.mx\/api\/wp\/v2\/tags?post=149507"}],"curies":[{"name":"wp","href":"https:\/\/api.w.org\/{rel}","templated":true}]}}