{"id":149509,"date":"2022-10-17T11:12:14","date_gmt":"2022-10-17T18:12:14","guid":{"rendered":"https:\/\/www.sonoraenequipo.com.mx\/?p=149509"},"modified":"2022-10-17T13:19:34","modified_gmt":"2022-10-17T20:19:34","slug":"matan-a-periodista-que-habia-recibido-amenazas-en-el-norte-de-colombia","status":"publish","type":"post","link":"https:\/\/www.sonoraenequipo.com.mx\/matan-a-periodista-que-habia-recibido-amenazas-en-el-norte-de-colombia\/","title":{"rendered":"Periodista colombiano es asesinado"},"content":{"rendered":"<p><strong>BOGOTA, COLOMBIA. \u2014<\/strong> El periodista Rafael Moreno, director de un peri\u00f3dico digital del norte de Colombia que hab\u00eda sido amenazado por sus investigaciones, fue asesinado la noche del domingo, inform\u00f3 este lunes una ONG.<\/p>\n<p>&nbsp;<\/p>\n<p> <\/p>\n<p>&nbsp;<\/p>\n<p>El reportero dirig\u00eda el medio de comunicaci\u00f3n <em><strong>Voces de C\u00f3rdoba,<\/strong><\/em> especializado en informaci\u00f3n sobre ese departamento de Colombia y con sede en el municipio de Montel\u00edbano, donde fue ultimado con disparos.<\/p>\n<p>&nbsp;<\/p>\n<p><em><strong>\u201cConocemos que [Moreno] adelantaba varias investigaciones con denuncias penales y disciplinarias\u201d,<\/strong><\/em> escribi\u00f3 en un comunicado la Fundaci\u00f3n Social Cordoberxia.<\/p>\n<blockquote class=\"twitter-tweet\" data-width=\"550\" data-dnt=\"true\">\n<p lang=\"es\" dir=\"ltr\"><a href=\"https:\/\/twitter.com\/hashtag\/PaisDeMierda?src=hash&amp;ref_src=twsrc%5Etfw\">#PaisDeMierda<\/a> Asesinaron al periodista Rafael Moreno en Montel\u00edbano, C\u00f3rdoba. Duque le hab\u00eda retirado el esquema de protecci\u00f3n. Se lo entreg\u00f3 a los asesinos. <a href=\"https:\/\/t.co\/p4cBUMFP9T\">pic.twitter.com\/p4cBUMFP9T<\/a><\/p>\n<p>&mdash; Gonzalo Guill\u00e9n (@HELIODOPTERO) <a href=\"https:\/\/twitter.com\/HELIODOPTERO\/status\/1581856175817039873?ref_src=twsrc%5Etfw\">October 17, 2022<\/a><\/p><\/blockquote>\n<p><script async src=\"https:\/\/platform.twitter.com\/widgets.js\" charset=\"utf-8\"><\/script><\/p>\n<p>&nbsp;<\/p>\n<p>&nbsp;<\/p>\n<p>&nbsp;<\/p>\n<p>SONORA EN EQUIPO 17\/OCTUBRE\/2022<\/p>\n","protected":false},"excerpt":{"rendered":"<p>BOGOTA, COLOMBIA. \u2014 El periodista Rafael Moreno, director de un peri\u00f3dico digital del norte de&#8230;<\/p>\n","protected":false},"author":1,"featured_media":149512,"comment_status":"open","ping_status":"open","sticky":false,"template":"","format":"standard","meta":{"_monsterinsights_skip_tracking":false,"_monsterinsights_sitenote_active":false,"_monsterinsights_sitenote_note":"","_monsterinsights_sitenote_category":0,"footnotes":""},"categories":[3],"tags":[],"class_list":["post"],"yoast_head":" \n<title>Sonora en Equipo. Periodista colombiano es asesinado MUNDO<\/title>\n<meta name=\"description\" content=\"BOGOTA, COLOMBIA. \u2014 El periodista Rafael Moreno, director de un peri\u00f3dico digital del norte de Colombia que hab\u00eda sido amenazado por sus investigaciones, En Sonora en Equipo publicamos toda la informaci\u00f3n de Sonora, M\u00e9xico y el Mundo de manera oportuna y busca que la libertad de expresi\u00f3n sea real. Visita nuestro medio informativo publicado desde Hermosillo, Sonora. %\" \/>\n<meta name=\"robots\" content=\"index, follow, max-snippet:-1, max-image-preview:large, max-video-preview:-1\" \/>\n<link rel=\"canonical\" href=\"https:\/\/www.sonoraenequipo.com.mx\/matan-a-periodista-que-habia-recibido-amenazas-en-el-norte-de-colombia\/\" \/>\n<meta property=\"og:locale\" content=\"es_ES\" \/>\n<meta property=\"og:type\" content=\"article\" \/>\n<meta property=\"og:title\" content=\"Sonora en Equipo. Periodista colombiano es asesinado MUNDO\" \/>\n<meta property=\"og:description\" content=\"BOGOTA, COLOMBIA. \u2014 El periodista Rafael Moreno, director de un peri\u00f3dico digital del norte de Colombia que hab\u00eda sido amenazado por sus investigaciones, En Sonora en Equipo publicamos toda la informaci\u00f3n de Sonora, M\u00e9xico y el Mundo de manera oportuna y busca que la libertad de expresi\u00f3n sea real. Visita nuestro medio informativo publicado desde Hermosillo, Sonora. %\" \/>\n<meta property=\"og:url\" content=\"https:\/\/www.sonoraenequipo.com.mx\/matan-a-periodista-que-habia-recibido-amenazas-en-el-norte-de-colombia\/\" \/>\n<meta property=\"og:site_name\" content=\"Sonora en Equipo.\" \/>\n<meta property=\"article:publisher\" content=\"https:\/\/www.facebook.com\/SonoraEE\/\" \/>\n<meta property=\"article:author\" content=\"https:\/\/www.facebook.com\/SonoraEE\" \/>\n<meta property=\"article:published_time\" content=\"2022-10-17T18:12:14+00:00\" \/>\n<meta property=\"article:modified_time\" content=\"2022-10-17T20:19:34+00:00\" \/>\n<meta property=\"og:image\" content=\"https:\/\/www.sonoraenequipo.com.mx\/storage\/2022\/10\/periodista-colombiano-rafael-moreno-garavito_asesinado-16102022.jpg\" \/>\n\t<meta property=\"og:image:width\" content=\"735\" \/>\n\t<meta property=\"og:image:height\" content=\"420\" \/>\n\t<meta property=\"og:image:type\" content=\"image\/jpeg\" \/>\n<meta name=\"author\" content=\"enequipo\" \/>\n<meta name=\"twitter:card\" content=\"summary_large_image\" \/>\n<meta name=\"twitter:creator\" content=\"@sonoraenequipo\" \/>\n<meta name=\"twitter:site\" content=\"@sonoraenequipo\" \/>\n<meta name=\"twitter:label1\" content=\"Escrito por\" \/>\n\t<meta name=\"twitter:data1\" content=\"enequipo\" \/>\n\t<meta name=\"twitter:label2\" content=\"Tiempo de lectura\" \/>\n\t<meta name=\"twitter:data2\" content=\"1 minuto\" \/>\n<script type=\"application\/ld+json\" class=\"yoast-schema-graph\">{\"@context\":\"https:\/\/schema.org\",\"@graph\":[{\"@type\":\"Article\",\"@id\":\"https:\/\/www.sonoraenequipo.com.mx\/matan-a-periodista-que-habia-recibido-amenazas-en-el-norte-de-colombia\/#article\",\"isPartOf\":{\"@id\":\"https:\/\/www.sonoraenequipo.com.mx\/matan-a-periodista-que-habia-recibido-amenazas-en-el-norte-de-colombia\/\"},\"author\":{\"name\":\"enequipo\",\"@id\":\"https:\/\/www.sonoraenequipo.com.mx\/#\/schema\/person\/50102df0fb23a8fa9e8effad8fa81386\"},\"headline\":\"Periodista colombiano es asesinado\",\"datePublished\":\"2022-10-17T18:12:14+00:00\",\"dateModified\":\"2022-10-17T20:19:34+00:00\",\"mainEntityOfPage\":{\"@id\":\"https:\/\/www.sonoraenequipo.com.mx\/matan-a-periodista-que-habia-recibido-amenazas-en-el-norte-de-colombia\/\"},\"wordCount\":110,\"commentCount\":0,\"publisher\":{\"@id\":\"https:\/\/www.sonoraenequipo.com.mx\/#organization\"},\"image\":{\"@id\":\"https:\/\/www.sonoraenequipo.com.mx\/matan-a-periodista-que-habia-recibido-amenazas-en-el-norte-de-colombia\/#primaryimage\"},\"thumbnailUrl\":\"https:\/\/www.sonoraenequipo.com.mx\/storage\/2022\/10\/periodista-colombiano-rafael-moreno-garavito_asesinado-16102022.jpg\",\"articleSection\":[\"MUNDO\"],\"inLanguage\":\"es\",\"potentialAction\":[{\"@type\":\"CommentAction\",\"name\":\"Comment\",\"target\":[\"https:\/\/www.sonoraenequipo.com.mx\/matan-a-periodista-que-habia-recibido-amenazas-en-el-norte-de-colombia\/#respond\"]}]},{\"@type\":\"WebPage\",\"@id\":\"https:\/\/www.sonoraenequipo.com.mx\/matan-a-periodista-que-habia-recibido-amenazas-en-el-norte-de-colombia\/\",\"url\":\"https:\/\/www.sonoraenequipo.com.mx\/matan-a-periodista-que-habia-recibido-amenazas-en-el-norte-de-colombia\/\",\"name\":\"Sonora en Equipo. Periodista colombiano es asesinado MUNDO\",\"isPartOf\":{\"@id\":\"https:\/\/www.sonoraenequipo.com.mx\/#website\"},\"primaryImageOfPage\":{\"@id\":\"https:\/\/www.sonoraenequipo.com.mx\/matan-a-periodista-que-habia-recibido-amenazas-en-el-norte-de-colombia\/#primaryimage\"},\"image\":{\"@id\":\"https:\/\/www.sonoraenequipo.com.mx\/matan-a-periodista-que-habia-recibido-amenazas-en-el-norte-de-colombia\/#primaryimage\"},\"thumbnailUrl\":\"https:\/\/www.sonoraenequipo.com.mx\/storage\/2022\/10\/periodista-colombiano-rafael-moreno-garavito_asesinado-16102022.jpg\",\"datePublished\":\"2022-10-17T18:12:14+00:00\",\"dateModified\":\"2022-10-17T20:19:34+00:00\",\"description\":\"BOGOTA, COLOMBIA. \u2014 El periodista Rafael Moreno, director de un peri\u00f3dico digital del norte de Colombia que hab\u00eda sido amenazado por sus investigaciones, En Sonora en Equipo publicamos toda la informaci\u00f3n de Sonora, M\u00e9xico y el Mundo de manera oportuna y busca que la libertad de expresi\u00f3n sea real. Visita nuestro medio informativo publicado desde Hermosillo, Sonora. %\",\"breadcrumb\":{\"@id\":\"https:\/\/www.sonoraenequipo.com.mx\/matan-a-periodista-que-habia-recibido-amenazas-en-el-norte-de-colombia\/#breadcrumb\"},\"inLanguage\":\"es\",\"potentialAction\":[{\"@type\":\"ReadAction\",\"target\":[\"https:\/\/www.sonoraenequipo.com.mx\/matan-a-periodista-que-habia-recibido-amenazas-en-el-norte-de-colombia\/\"]}]},{\"@type\":\"ImageObject\",\"inLanguage\":\"es\",\"@id\":\"https:\/\/www.sonoraenequipo.com.mx\/matan-a-periodista-que-habia-recibido-amenazas-en-el-norte-de-colombia\/#primaryimage\",\"url\":\"https:\/\/www.sonoraenequipo.com.mx\/storage\/2022\/10\/periodista-colombiano-rafael-moreno-garavito_asesinado-16102022.jpg\",\"contentUrl\":\"https:\/\/www.sonoraenequipo.com.mx\/storage\/2022\/10\/periodista-colombiano-rafael-moreno-garavito_asesinado-16102022.jpg\",\"width\":735,\"height\":420},{\"@type\":\"BreadcrumbList\",\"@id\":\"https:\/\/www.sonoraenequipo.com.mx\/matan-a-periodista-que-habia-recibido-amenazas-en-el-norte-de-colombia\/#breadcrumb\",\"itemListElement\":[{\"@type\":\"ListItem\",\"position\":1,\"name\":\"Portada\",\"item\":\"https:\/\/www.sonoraenequipo.com.mx\/\"},{\"@type\":\"ListItem\",\"position\":2,\"name\":\"Periodista colombiano es asesinado\"}]},{\"@type\":\"WebSite\",\"@id\":\"https:\/\/www.sonoraenequipo.com.mx\/#website\",\"url\":\"https:\/\/www.sonoraenequipo.com.mx\/\",\"name\":\"Sonora en Equipo.\",\"description\":\"Diario en l\u00ednea con Noticias desde Hermosillo, Sonora\",\"publisher\":{\"@id\":\"https:\/\/www.sonoraenequipo.com.mx\/#organization\"},\"potentialAction\":[{\"@type\":\"SearchAction\",\"target\":{\"@type\":\"EntryPoint\",\"urlTemplate\":\"https:\/\/www.sonoraenequipo.com.mx\/?s={search_term_string}\"},\"query-input\":{\"@type\":\"PropertyValueSpecification\",\"valueRequired\":true,\"valueName\":\"search_term_string\"}}],\"inLanguage\":\"es\"},{\"@type\":\"Organization\",\"@id\":\"https:\/\/www.sonoraenequipo.com.mx\/#organization\",\"name\":\"Sonoraenequipo.com.mx\",\"url\":\"https:\/\/www.sonoraenequipo.com.mx\/\",\"logo\":{\"@type\":\"ImageObject\",\"inLanguage\":\"es\",\"@id\":\"https:\/\/www.sonoraenequipo.com.mx\/#\/schema\/logo\/image\/\",\"url\":\"https:\/\/www.sonoraenequipo.com.mx\/storage\/2019\/01\/sonoraenequipo_opt.png\",\"contentUrl\":\"https:\/\/www.sonoraenequipo.com.mx\/storage\/2019\/01\/sonoraenequipo_opt.png\",\"width\":375,\"height\":125,\"caption\":\"Sonoraenequipo.com.mx\"},\"image\":{\"@id\":\"https:\/\/www.sonoraenequipo.com.mx\/#\/schema\/logo\/image\/\"},\"sameAs\":[\"https:\/\/www.facebook.com\/SonoraEE\/\",\"https:\/\/x.com\/sonoraenequipo\",\"https:\/\/www.youtube.com\/channel\/UC338nW-lPEYmJQs4ZABQ1SQ\"]},{\"@type\":\"Person\",\"@id\":\"https:\/\/www.sonoraenequipo.com.mx\/#\/schema\/person\/50102df0fb23a8fa9e8effad8fa81386\",\"name\":\"enequipo\",\"image\":{\"@type\":\"ImageObject\",\"inLanguage\":\"es\",\"@id\":\"https:\/\/www.sonoraenequipo.com.mx\/#\/schema\/person\/image\/\",\"url\":\"https:\/\/secure.gravatar.com\/avatar\/049821681b589dabc0bc20695993ccebb09f5b5d4d790cd9251b97faac7c652b?s=96&d=blank&r=g\",\"contentUrl\":\"https:\/\/secure.gravatar.com\/avatar\/049821681b589dabc0bc20695993ccebb09f5b5d4d790cd9251b97faac7c652b?s=96&d=blank&r=g\",\"caption\":\"enequipo\"},\"sameAs\":[\"https:\/\/www.facebook.com\/SonoraEE\"]}]}<\/script>\n ","yoast_head_json":{"title":"Sonora en Equipo. Periodista colombiano es asesinado MUNDO","description":"BOGOTA, COLOMBIA. \u2014 El periodista Rafael Moreno, director de un peri\u00f3dico digital del norte de Colombia que hab\u00eda sido amenazado por sus investigaciones, En Sonora en Equipo publicamos toda la informaci\u00f3n de Sonora, M\u00e9xico y el Mundo de manera oportuna y busca que la libertad de expresi\u00f3n sea real. Visita nuestro medio informativo publicado desde Hermosillo, Sonora. %","robots":{"index":"index","follow":"follow","max-snippet":"max-snippet:-1","max-image-preview":"max-image-preview:large","max-video-preview":"max-video-preview:-1"},"canonical":"https:\/\/www.sonoraenequipo.com.mx\/matan-a-periodista-que-habia-recibido-amenazas-en-el-norte-de-colombia\/","og_locale":"es_ES","og_type":"article","og_title":"Sonora en Equipo. Periodista colombiano es asesinado MUNDO","og_description":"BOGOTA, COLOMBIA. \u2014 El periodista Rafael Moreno, director de un peri\u00f3dico digital del norte de Colombia que hab\u00eda sido amenazado por sus investigaciones, En Sonora en Equipo publicamos toda la informaci\u00f3n de Sonora, M\u00e9xico y el Mundo de manera oportuna y busca que la libertad de expresi\u00f3n sea real. Visita nuestro medio informativo publicado desde Hermosillo, Sonora. %","og_url":"https:\/\/www.sonoraenequipo.com.mx\/matan-a-periodista-que-habia-recibido-amenazas-en-el-norte-de-colombia\/","og_site_name":"Sonora en Equipo.","article_publisher":"https:\/\/www.facebook.com\/SonoraEE\/","article_author":"https:\/\/www.facebook.com\/SonoraEE","article_published_time":"2022-10-17T18:12:14+00:00","article_modified_time":"2022-10-17T20:19:34+00:00","og_image":[{"width":735,"height":420,"url":"https:\/\/www.sonoraenequipo.com.mx\/storage\/2022\/10\/periodista-colombiano-rafael-moreno-garavito_asesinado-16102022.jpg","type":"image\/jpeg"}],"author":"enequipo","twitter_card":"summary_large_image","twitter_creator":"@sonoraenequipo","twitter_site":"@sonoraenequipo","twitter_misc":{"Escrito por":"enequipo","Tiempo de lectura":"1 minuto"},"schema":{"@context":"https:\/\/schema.org","@graph":[{"@type":"Article","@id":"https:\/\/www.sonoraenequipo.com.mx\/matan-a-periodista-que-habia-recibido-amenazas-en-el-norte-de-colombia\/#article","isPartOf":{"@id":"https:\/\/www.sonoraenequipo.com.mx\/matan-a-periodista-que-habia-recibido-amenazas-en-el-norte-de-colombia\/"},"author":{"name":"enequipo","@id":"https:\/\/www.sonoraenequipo.com.mx\/#\/schema\/person\/50102df0fb23a8fa9e8effad8fa81386"},"headline":"Periodista colombiano es asesinado","datePublished":"2022-10-17T18:12:14+00:00","dateModified":"2022-10-17T20:19:34+00:00","mainEntityOfPage":{"@id":"https:\/\/www.sonoraenequipo.com.mx\/matan-a-periodista-que-habia-recibido-amenazas-en-el-norte-de-colombia\/"},"wordCount":110,"commentCount":0,"publisher":{"@id":"https:\/\/www.sonoraenequipo.com.mx\/#organization"},"image":{"@id":"https:\/\/www.sonoraenequipo.com.mx\/matan-a-periodista-que-habia-recibido-amenazas-en-el-norte-de-colombia\/#primaryimage"},"thumbnailUrl":"https:\/\/www.sonoraenequipo.com.mx\/storage\/2022\/10\/periodista-colombiano-rafael-moreno-garavito_asesinado-16102022.jpg","articleSection":["MUNDO"],"inLanguage":"es","potentialAction":[{"@type":"CommentAction","name":"Comment","target":["https:\/\/www.sonoraenequipo.com.mx\/matan-a-periodista-que-habia-recibido-amenazas-en-el-norte-de-colombia\/#respond"]}]},{"@type":"WebPage","@id":"https:\/\/www.sonoraenequipo.com.mx\/matan-a-periodista-que-habia-recibido-amenazas-en-el-norte-de-colombia\/","url":"https:\/\/www.sonoraenequipo.com.mx\/matan-a-periodista-que-habia-recibido-amenazas-en-el-norte-de-colombia\/","name":"Sonora en Equipo. Periodista colombiano es asesinado MUNDO","isPartOf":{"@id":"https:\/\/www.sonoraenequipo.com.mx\/#website"},"primaryImageOfPage":{"@id":"https:\/\/www.sonoraenequipo.com.mx\/matan-a-periodista-que-habia-recibido-amenazas-en-el-norte-de-colombia\/#primaryimage"},"image":{"@id":"https:\/\/www.sonoraenequipo.com.mx\/matan-a-periodista-que-habia-recibido-amenazas-en-el-norte-de-colombia\/#primaryimage"},"thumbnailUrl":"https:\/\/www.sonoraenequipo.com.mx\/storage\/2022\/10\/periodista-colombiano-rafael-moreno-garavito_asesinado-16102022.jpg","datePublished":"2022-10-17T18:12:14+00:00","dateModified":"2022-10-17T20:19:34+00:00","description":"BOGOTA, COLOMBIA. \u2014 El periodista Rafael Moreno, director de un peri\u00f3dico digital del norte de Colombia que hab\u00eda sido amenazado por sus investigaciones, En Sonora en Equipo publicamos toda la informaci\u00f3n de Sonora, M\u00e9xico y el Mundo de manera oportuna y busca que la libertad de expresi\u00f3n sea real. Visita nuestro medio informativo publicado desde Hermosillo, Sonora. %","breadcrumb":{"@id":"https:\/\/www.sonoraenequipo.com.mx\/matan-a-periodista-que-habia-recibido-amenazas-en-el-norte-de-colombia\/#breadcrumb"},"inLanguage":"es","potentialAction":[{"@type":"ReadAction","target":["https:\/\/www.sonoraenequipo.com.mx\/matan-a-periodista-que-habia-recibido-amenazas-en-el-norte-de-colombia\/"]}]},{"@type":"ImageObject","inLanguage":"es","@id":"https:\/\/www.sonoraenequipo.com.mx\/matan-a-periodista-que-habia-recibido-amenazas-en-el-norte-de-colombia\/#primaryimage","url":"https:\/\/www.sonoraenequipo.com.mx\/storage\/2022\/10\/periodista-colombiano-rafael-moreno-garavito_asesinado-16102022.jpg","contentUrl":"https:\/\/www.sonoraenequipo.com.mx\/storage\/2022\/10\/periodista-colombiano-rafael-moreno-garavito_asesinado-16102022.jpg","width":735,"height":420},{"@type":"BreadcrumbList","@id":"https:\/\/www.sonoraenequipo.com.mx\/matan-a-periodista-que-habia-recibido-amenazas-en-el-norte-de-colombia\/#breadcrumb","itemListElement":[{"@type":"ListItem","position":1,"name":"Portada","item":"https:\/\/www.sonoraenequipo.com.mx\/"},{"@type":"ListItem","position":2,"name":"Periodista colombiano es asesinado"}]},{"@type":"WebSite","@id":"https:\/\/www.sonoraenequipo.com.mx\/#website","url":"https:\/\/www.sonoraenequipo.com.mx\/","name":"Sonora en Equipo.","description":"Diario en l\u00ednea con Noticias desde Hermosillo, Sonora","publisher":{"@id":"https:\/\/www.sonoraenequipo.com.mx\/#organization"},"potentialAction":[{"@type":"SearchAction","target":{"@type":"EntryPoint","urlTemplate":"https:\/\/www.sonoraenequipo.com.mx\/?s={search_term_string}"},"query-input":{"@type":"PropertyValueSpecification","valueRequired":true,"valueName":"search_term_string"}}],"inLanguage":"es"},{"@type":"Organization","@id":"https:\/\/www.sonoraenequipo.com.mx\/#organization","name":"Sonoraenequipo.com.mx","url":"https:\/\/www.sonoraenequipo.com.mx\/","logo":{"@type":"ImageObject","inLanguage":"es","@id":"https:\/\/www.sonoraenequipo.com.mx\/#\/schema\/logo\/image\/","url":"https:\/\/www.sonoraenequipo.com.mx\/storage\/2019\/01\/sonoraenequipo_opt.png","contentUrl":"https:\/\/www.sonoraenequipo.com.mx\/storage\/2019\/01\/sonoraenequipo_opt.png","width":375,"height":125,"caption":"Sonoraenequipo.com.mx"},"image":{"@id":"https:\/\/www.sonoraenequipo.com.mx\/#\/schema\/logo\/image\/"},"sameAs":["https:\/\/www.facebook.com\/SonoraEE\/","https:\/\/x.com\/sonoraenequipo","https:\/\/www.youtube.com\/channel\/UC338nW-lPEYmJQs4ZABQ1SQ"]},{"@type":"Person","@id":"https:\/\/www.sonoraenequipo.com.mx\/#\/schema\/person\/50102df0fb23a8fa9e8effad8fa81386","name":"enequipo","image":{"@type":"ImageObject","inLanguage":"es","@id":"https:\/\/www.sonoraenequipo.com.mx\/#\/schema\/person\/image\/","url":"https:\/\/secure.gravatar.com\/avatar\/049821681b589dabc0bc20695993ccebb09f5b5d4d790cd9251b97faac7c652b?s=96&d=blank&r=g","contentUrl":"https:\/\/secure.gravatar.com\/avatar\/049821681b589dabc0bc20695993ccebb09f5b5d4d790cd9251b97faac7c652b?s=96&d=blank&r=g","caption":"enequipo"},"sameAs":["https:\/\/www.facebook.com\/SonoraEE"]}]}},"jetpack_featured_media_url":"https:\/\/www.sonoraenequipo.com.mx\/storage\/2022\/10\/periodista-colombiano-rafael-moreno-garavito_asesinado-16102022.jpg","_links":{"self":[{"href":"https:\/\/www.sonoraenequipo.com.mx\/api\/wp\/v2\/posts\/149509","targetHints":{"allow":["GET"]}}],"collection":[{"href":"https:\/\/www.sonoraenequipo.com.mx\/api\/wp\/v2\/posts"}],"about":[{"href":"https:\/\/www.sonoraenequipo.com.mx\/api\/wp\/v2\/types\/post"}],"author":[{"embeddable":true,"href":"https:\/\/www.sonoraenequipo.com.mx\/api\/wp\/v2\/users\/1"}],"replies":[{"embeddable":true,"href":"https:\/\/www.sonoraenequipo.com.mx\/api\/wp\/v2\/comments?post=149509"}],"version-history":[{"count":3,"href":"https:\/\/www.sonoraenequipo.com.mx\/api\/wp\/v2\/posts\/149509\/revisions"}],"predecessor-version":[{"id":149515,"href":"https:\/\/www.sonoraenequipo.com.mx\/api\/wp\/v2\/posts\/149509\/revisions\/149515"}],"wp:featuredmedia":[{"embeddable":true,"href":"https:\/\/www.sonoraenequipo.com.mx\/api\/wp\/v2\/media\/149512"}],"wp:attachment":[{"href":"https:\/\/www.sonoraenequipo.com.mx\/api\/wp\/v2\/media?parent=149509"}],"wp:term":[{"taxonomy":"category","embeddable":true,"href":"https:\/\/www.sonoraenequipo.com.mx\/api\/wp\/v2\/categories?post=149509"},{"taxonomy":"post_tag","embeddable":true,"href":"https:\/\/www.sonoraenequipo.com.mx\/api\/wp\/v2\/tags?post=149509"}],"curies":[{"name":"wp","href":"https:\/\/api.w.org\/{rel}","templated":true}]}}