{"id":149525,"date":"2022-10-17T14:10:29","date_gmt":"2022-10-17T21:10:29","guid":{"rendered":"https:\/\/www.sonoraenequipo.com.mx\/?p=149525"},"modified":"2022-10-17T18:52:17","modified_gmt":"2022-10-18T01:52:17","slug":"bolsonaro-y-lula-dos-candidatos-con-problemas-de-salud","status":"publish","type":"post","link":"https:\/\/www.sonoraenequipo.com.mx\/bolsonaro-y-lula-dos-candidatos-con-problemas-de-salud\/","title":{"rendered":"Bolsonaro y Lula, dos candidatos con problemas de salud?"},"content":{"rendered":"<p><strong>BRASILIA, BRASIL. \u2014<\/strong> A pesar de sus problemas de salud, el mandatario ultraderechista <em><strong>Jair Bolsonaro<\/strong><\/em> y el expresidente <strong>Luiz In\u00e1cio Lula da Silva<\/strong> est\u00e1n esforz\u00e1ndose al m\u00e1ximo para proyectar una imagen de vitalidad en la recta final de la extenuante campa\u00f1a rumbo al balotaje de las presidenciales el 30 de octubre.<\/p>\n<p>&nbsp;<\/p>\n<p> <\/p>\n<p>&nbsp;<\/p>\n<p>Lula, que cumple 77 justo antes de la votaci\u00f3n, tiene su voz extremadamente ronca, y por momentos le cuesta hacerse o\u00edr ante la multitud.<\/p>\n<p>&nbsp;<\/p>\n<p><em><strong>\u201cVoy a tener que dejar de hablar un mes para recuperarme\u201d,<\/strong><\/em> brome\u00f3 el exl\u00edder sindical.<\/p>\n<p>&nbsp;<\/p>\n<p>Lula fum\u00f3 durante 50 a\u00f1os y abandon\u00f3 el cigarrillo en 2010, tras ser internado por hipertensi\u00f3n, a los 64. En 2011, cuando dej\u00f3 el poder, fue diagnosticado con c\u00e1ncer de laringe y se someti\u00f3 a quimioterapia y radioterapia.<\/p>\n<p>&nbsp;<\/p>\n<p>Los m\u00e9dicos anunciaron <em><strong>\u201cuna recuperaci\u00f3n total\u201d a<\/strong><\/em>l a\u00f1o siguiente.<\/p>\n<p>&nbsp;<\/p>\n<p>Su voz cada vez m\u00e1s deteriorada hizo que algunos lo atacaran por su salud durante la actual campa\u00f1a, en particular <strong>Ciro Gomes,<\/strong> su rival de centroizquierda en la primera vuelta.<\/p>\n<p>&nbsp;<\/p>\n<p><strong><em>\u201cLula est\u00e1 cada d\u00eda m\u00e1s d\u00e9bil f\u00edsica y psicol\u00f3gicamente\u201d<\/em><\/strong>, escribi\u00f3 Gomes en las redes sociales, donde cuestion\u00f3 su capacidad para enfrentar a Bolsonaro.<\/p>\n<p>&nbsp;<\/p>\n<p>Pero Gomes luego retir\u00f3 sus declaraciones y admiti\u00f3 haber sido<em><strong> \u201cmuy duro\u201d<\/strong><\/em> con Lula.<\/p>\n<p>&nbsp;<\/p>\n<p>&nbsp;<\/p>\n<p>Tambi\u00e9n Bolsonaro aprovech\u00f3 el domingo el primer debate cara a cara entre ambos para atacar a su rival en este sentido: <strong><em>\u201cLula, pare de mentir, es malo para un hombre de su edad\u201d<\/em><\/strong>, le espet\u00f3 el presidente.<\/p>\n<p>&nbsp;<\/p>\n<p><em><strong>\u201c\u00a1Soy un joven comparado con Joe Biden!<\/strong><\/em>\u201d, brome\u00f3 Lula el a\u00f1o pasado, en referencia al presidente estadounidense, que ingres\u00f3 a la Casa Blanca a los 78 a\u00f1os.<\/p>\n<p>&nbsp;<\/p>\n<p>Pero el l\u00edder de la izquierda es consciente de que su edad no es una ventaja.<\/p>\n<p>&nbsp;<\/p>\n<p><em><strong>\u201cTodo el mundo sabe que tengo cuatro a\u00f1os para hacerlo todo\u201d,<\/strong><\/em> declar\u00f3 durante la campa\u00f1a, descartando inmediatamente un segundo mandato.<\/p>\n<p>&nbsp;<\/p>\n<p><em><strong>\u201cUn ciudadano no puede querer la reelecci\u00f3n a los 81 a\u00f1os\u201d,<\/strong><\/em> agreg\u00f3. <em>\u201c<strong>La naturaleza es implacable\u201d.<\/strong><\/em><\/p>\n<p>&nbsp;<\/p>\n<p>Figura clave de la pol\u00edtica brasile\u00f1a durante cuatro d\u00e9cadas, Lula ha hecho de todo para lucir rejuvenecido: aparece en redes sociales haciendo ejercicio, tocando la bater\u00eda o enfrentando olas en el mar.<\/p>\n<p>&nbsp;<\/p>\n<p>Tambi\u00e9n dijo sentirse<em><strong> \u201cenamorado como si tuviera 20 a\u00f1os\u201d d<\/strong><\/em>e Rosangela<em><strong> \u201cJanja\u201d<\/strong><\/em> da Silva, una soci\u00f3loga de 56 con la que se cas\u00f3 en mayo pasado.<\/p>\n<p>&nbsp;<\/p>\n<p>En abril, cambi\u00f3 su foto de perfil por una en que aparece con gafas de sol con cristales violeta, muy populares entre los j\u00f3venes de las favelas.<\/p>\n<p>&nbsp;<\/p>\n<p><em><strong>\u201cMe pidieron rejuvenecer mi imagen en las redes sociales\u201d,<\/strong><\/em> justific\u00f3.<\/p>\n<p>&nbsp;<\/p>\n<p>El exmandatario tambi\u00e9n se exhibi\u00f3 en Instagram levantando pesas, con una camiseta sin mangas que dejaba al descubierto sus b\u00edceps contra\u00eddos: <strong><em>\u201cMe levanto todas las ma\u00f1anas a las 05H30 para hacer gimnasia. Quiero vivir hasta los 120 a\u00f1os\u201d,<\/em> <\/strong>rezaba el texto que acompa\u00f1aba la foto.<\/p>\n<p>&nbsp;<\/p>\n<p>Durante los 580 d\u00edas que pas\u00f3 en prisi\u00f3n en Curitiba (sur) tras ser condenado por corrupci\u00f3n en el caso Lava Jato, Lula se mantuvo en forma corriendo 9 km diarios en una cinta, seg\u00fan declar\u00f3. Adem\u00e1s, recib\u00eda tratamiento para la hipertensi\u00f3n y era acompa\u00f1ado por un onc\u00f3logo.<\/p>\n<p>&nbsp;<\/p>\n<p>Su rival Bolsonaro, aunque ya es abuelo de tres nietos, es casi una d\u00e9cada m\u00e1s joven que Lula, y tambi\u00e9n ha intentado hacer gala de vitalidad.<\/p>\n<p>&nbsp;<\/p>\n<p>El excapit\u00e1n del Ej\u00e9rcito ha aparecido en p\u00fablico subido a un caballo, un toro, motos de agua y a menudo desfila en caravanas de motocicletas por el pa\u00eds.<\/p>\n<p>&nbsp;<\/p>\n<p>Durante la pandemia, afirm\u00f3 que el coronavirus no lo doblegar\u00eda dado su <em><strong>\u201chistorial de atleta\u201d,<\/strong><\/em> en referencia a su destacado desempe\u00f1o en educaci\u00f3n f\u00edsica cuando cursaba la academia militar.<\/p>\n<p>&nbsp;<\/p>\n<p>Pero los brasile\u00f1os lo han visto sufrir a lo largo de su mandato por las secuelas del apu\u00f1alamiento perpetrado por un hombre con trastorno delirante, que casi le cuesta la vida durante la campa\u00f1a de septiembre de 2018, antes de su elecci\u00f3n.<\/p>\n<p>&nbsp;<\/p>\n<p>El ataque le alcanz\u00f3 el intestino y lo conden\u00f3 de por vida a sufrir obstrucciones digestivas y adherencias en los tejidos, que lo han llevado al hospital en varias ocasiones.<\/p>\n<p>&nbsp;<\/p>\n<p>La \u00faltima fue en enero, cuando llam\u00f3 a su m\u00e9dico y le dijo que estaba <em><strong>\u201cllorando de dolor\u201d<\/strong><\/em>. <em><strong>\u201cMe estoy muriendo, la cosa est\u00e1 fea\u201d,<\/strong><\/em> le dijo al cirujano Antonio Luiz Macedo, seg\u00fan confi\u00f3 el propio doctor a la prensa despu\u00e9s de tratarle una obstrucci\u00f3n.<\/p>\n<p>&nbsp;<\/p>\n<p>&nbsp;<\/p>\n<p>PUBLICADO EL 17\/OCTUBRE DE 2022 \/Con informaci\u00f3n de AFP)<\/p>\n","protected":false},"excerpt":{"rendered":"<p>BRASILIA, BRASIL. \u2014 A pesar de sus problemas de salud, el mandatario ultraderechista Jair Bolsonaro&#8230;<\/p>\n","protected":false},"author":1,"featured_media":149528,"comment_status":"open","ping_status":"open","sticky":false,"template":"","format":"standard","meta":{"_monsterinsights_skip_tracking":false,"_monsterinsights_sitenote_active":false,"_monsterinsights_sitenote_note":"","_monsterinsights_sitenote_category":0,"footnotes":""},"categories":[3],"tags":[],"class_list":["post"],"yoast_head":" \n<title>Sonora en Equipo. Bolsonaro y Lula, dos candidatos con problemas de salud? MUNDO<\/title>\n<meta name=\"description\" content=\"BRASILIA, BRASIL. \u2014 A pesar de sus problemas de salud, el mandatario ultraderechista Jair Bolsonaro y el expresidente Luiz In\u00e1cio Lula da Silva est\u00e1n En Sonora en Equipo publicamos toda la informaci\u00f3n de Sonora, M\u00e9xico y el Mundo de manera oportuna y busca que la libertad de expresi\u00f3n sea real. Visita nuestro medio informativo publicado desde Hermosillo, Sonora. %\" \/>\n<meta name=\"robots\" content=\"index, follow, max-snippet:-1, max-image-preview:large, max-video-preview:-1\" \/>\n<link rel=\"canonical\" href=\"https:\/\/www.sonoraenequipo.com.mx\/bolsonaro-y-lula-dos-candidatos-con-problemas-de-salud\/\" \/>\n<meta property=\"og:locale\" content=\"es_ES\" \/>\n<meta property=\"og:type\" content=\"article\" \/>\n<meta property=\"og:title\" content=\"Sonora en Equipo. Bolsonaro y Lula, dos candidatos con problemas de salud? MUNDO\" \/>\n<meta property=\"og:description\" content=\"BRASILIA, BRASIL. \u2014 A pesar de sus problemas de salud, el mandatario ultraderechista Jair Bolsonaro y el expresidente Luiz In\u00e1cio Lula da Silva est\u00e1n En Sonora en Equipo publicamos toda la informaci\u00f3n de Sonora, M\u00e9xico y el Mundo de manera oportuna y busca que la libertad de expresi\u00f3n sea real. Visita nuestro medio informativo publicado desde Hermosillo, Sonora. %\" \/>\n<meta property=\"og:url\" content=\"https:\/\/www.sonoraenequipo.com.mx\/bolsonaro-y-lula-dos-candidatos-con-problemas-de-salud\/\" \/>\n<meta property=\"og:site_name\" content=\"Sonora en Equipo.\" \/>\n<meta property=\"article:publisher\" content=\"https:\/\/www.facebook.com\/SonoraEE\/\" \/>\n<meta property=\"article:author\" content=\"https:\/\/www.facebook.com\/SonoraEE\" \/>\n<meta property=\"article:published_time\" content=\"2022-10-17T21:10:29+00:00\" \/>\n<meta property=\"article:modified_time\" content=\"2022-10-18T01:52:17+00:00\" \/>\n<meta property=\"og:image\" content=\"https:\/\/www.sonoraenequipo.com.mx\/storage\/2022\/10\/bolsonaro-lula.jpg\" \/>\n\t<meta property=\"og:image:width\" content=\"900\" \/>\n\t<meta property=\"og:image:height\" content=\"514\" \/>\n\t<meta property=\"og:image:type\" content=\"image\/jpeg\" \/>\n<meta name=\"author\" content=\"enequipo\" \/>\n<meta name=\"twitter:card\" content=\"summary_large_image\" \/>\n<meta name=\"twitter:creator\" content=\"@sonoraenequipo\" \/>\n<meta name=\"twitter:site\" content=\"@sonoraenequipo\" \/>\n<meta name=\"twitter:label1\" content=\"Escrito por\" \/>\n\t<meta name=\"twitter:data1\" content=\"enequipo\" \/>\n\t<meta name=\"twitter:label2\" content=\"Tiempo de lectura\" \/>\n\t<meta name=\"twitter:data2\" content=\"4 minutos\" \/>\n<script type=\"application\/ld+json\" class=\"yoast-schema-graph\">{\"@context\":\"https:\/\/schema.org\",\"@graph\":[{\"@type\":\"Article\",\"@id\":\"https:\/\/www.sonoraenequipo.com.mx\/bolsonaro-y-lula-dos-candidatos-con-problemas-de-salud\/#article\",\"isPartOf\":{\"@id\":\"https:\/\/www.sonoraenequipo.com.mx\/bolsonaro-y-lula-dos-candidatos-con-problemas-de-salud\/\"},\"author\":{\"name\":\"enequipo\",\"@id\":\"https:\/\/www.sonoraenequipo.com.mx\/#\/schema\/person\/50102df0fb23a8fa9e8effad8fa81386\"},\"headline\":\"Bolsonaro y Lula, dos candidatos con problemas de salud?\",\"datePublished\":\"2022-10-17T21:10:29+00:00\",\"dateModified\":\"2022-10-18T01:52:17+00:00\",\"mainEntityOfPage\":{\"@id\":\"https:\/\/www.sonoraenequipo.com.mx\/bolsonaro-y-lula-dos-candidatos-con-problemas-de-salud\/\"},\"wordCount\":811,\"commentCount\":0,\"publisher\":{\"@id\":\"https:\/\/www.sonoraenequipo.com.mx\/#organization\"},\"image\":{\"@id\":\"https:\/\/www.sonoraenequipo.com.mx\/bolsonaro-y-lula-dos-candidatos-con-problemas-de-salud\/#primaryimage\"},\"thumbnailUrl\":\"https:\/\/www.sonoraenequipo.com.mx\/storage\/2022\/10\/bolsonaro-lula.jpg\",\"articleSection\":[\"MUNDO\"],\"inLanguage\":\"es\",\"potentialAction\":[{\"@type\":\"CommentAction\",\"name\":\"Comment\",\"target\":[\"https:\/\/www.sonoraenequipo.com.mx\/bolsonaro-y-lula-dos-candidatos-con-problemas-de-salud\/#respond\"]}]},{\"@type\":\"WebPage\",\"@id\":\"https:\/\/www.sonoraenequipo.com.mx\/bolsonaro-y-lula-dos-candidatos-con-problemas-de-salud\/\",\"url\":\"https:\/\/www.sonoraenequipo.com.mx\/bolsonaro-y-lula-dos-candidatos-con-problemas-de-salud\/\",\"name\":\"Sonora en Equipo. Bolsonaro y Lula, dos candidatos con problemas de salud? MUNDO\",\"isPartOf\":{\"@id\":\"https:\/\/www.sonoraenequipo.com.mx\/#website\"},\"primaryImageOfPage\":{\"@id\":\"https:\/\/www.sonoraenequipo.com.mx\/bolsonaro-y-lula-dos-candidatos-con-problemas-de-salud\/#primaryimage\"},\"image\":{\"@id\":\"https:\/\/www.sonoraenequipo.com.mx\/bolsonaro-y-lula-dos-candidatos-con-problemas-de-salud\/#primaryimage\"},\"thumbnailUrl\":\"https:\/\/www.sonoraenequipo.com.mx\/storage\/2022\/10\/bolsonaro-lula.jpg\",\"datePublished\":\"2022-10-17T21:10:29+00:00\",\"dateModified\":\"2022-10-18T01:52:17+00:00\",\"description\":\"BRASILIA, BRASIL. \u2014 A pesar de sus problemas de salud, el mandatario ultraderechista Jair Bolsonaro y el expresidente Luiz In\u00e1cio Lula da Silva est\u00e1n En Sonora en Equipo publicamos toda la informaci\u00f3n de Sonora, M\u00e9xico y el Mundo de manera oportuna y busca que la libertad de expresi\u00f3n sea real. Visita nuestro medio informativo publicado desde Hermosillo, Sonora. %\",\"breadcrumb\":{\"@id\":\"https:\/\/www.sonoraenequipo.com.mx\/bolsonaro-y-lula-dos-candidatos-con-problemas-de-salud\/#breadcrumb\"},\"inLanguage\":\"es\",\"potentialAction\":[{\"@type\":\"ReadAction\",\"target\":[\"https:\/\/www.sonoraenequipo.com.mx\/bolsonaro-y-lula-dos-candidatos-con-problemas-de-salud\/\"]}]},{\"@type\":\"ImageObject\",\"inLanguage\":\"es\",\"@id\":\"https:\/\/www.sonoraenequipo.com.mx\/bolsonaro-y-lula-dos-candidatos-con-problemas-de-salud\/#primaryimage\",\"url\":\"https:\/\/www.sonoraenequipo.com.mx\/storage\/2022\/10\/bolsonaro-lula.jpg\",\"contentUrl\":\"https:\/\/www.sonoraenequipo.com.mx\/storage\/2022\/10\/bolsonaro-lula.jpg\",\"width\":900,\"height\":514},{\"@type\":\"BreadcrumbList\",\"@id\":\"https:\/\/www.sonoraenequipo.com.mx\/bolsonaro-y-lula-dos-candidatos-con-problemas-de-salud\/#breadcrumb\",\"itemListElement\":[{\"@type\":\"ListItem\",\"position\":1,\"name\":\"Portada\",\"item\":\"https:\/\/www.sonoraenequipo.com.mx\/\"},{\"@type\":\"ListItem\",\"position\":2,\"name\":\"Bolsonaro y Lula, dos candidatos con problemas de salud?\"}]},{\"@type\":\"WebSite\",\"@id\":\"https:\/\/www.sonoraenequipo.com.mx\/#website\",\"url\":\"https:\/\/www.sonoraenequipo.com.mx\/\",\"name\":\"Sonora en Equipo.\",\"description\":\"Diario en l\u00ednea con Noticias desde Hermosillo, Sonora\",\"publisher\":{\"@id\":\"https:\/\/www.sonoraenequipo.com.mx\/#organization\"},\"potentialAction\":[{\"@type\":\"SearchAction\",\"target\":{\"@type\":\"EntryPoint\",\"urlTemplate\":\"https:\/\/www.sonoraenequipo.com.mx\/?s={search_term_string}\"},\"query-input\":{\"@type\":\"PropertyValueSpecification\",\"valueRequired\":true,\"valueName\":\"search_term_string\"}}],\"inLanguage\":\"es\"},{\"@type\":\"Organization\",\"@id\":\"https:\/\/www.sonoraenequipo.com.mx\/#organization\",\"name\":\"Sonoraenequipo.com.mx\",\"url\":\"https:\/\/www.sonoraenequipo.com.mx\/\",\"logo\":{\"@type\":\"ImageObject\",\"inLanguage\":\"es\",\"@id\":\"https:\/\/www.sonoraenequipo.com.mx\/#\/schema\/logo\/image\/\",\"url\":\"https:\/\/www.sonoraenequipo.com.mx\/storage\/2019\/01\/sonoraenequipo_opt.png\",\"contentUrl\":\"https:\/\/www.sonoraenequipo.com.mx\/storage\/2019\/01\/sonoraenequipo_opt.png\",\"width\":375,\"height\":125,\"caption\":\"Sonoraenequipo.com.mx\"},\"image\":{\"@id\":\"https:\/\/www.sonoraenequipo.com.mx\/#\/schema\/logo\/image\/\"},\"sameAs\":[\"https:\/\/www.facebook.com\/SonoraEE\/\",\"https:\/\/x.com\/sonoraenequipo\",\"https:\/\/www.youtube.com\/channel\/UC338nW-lPEYmJQs4ZABQ1SQ\"]},{\"@type\":\"Person\",\"@id\":\"https:\/\/www.sonoraenequipo.com.mx\/#\/schema\/person\/50102df0fb23a8fa9e8effad8fa81386\",\"name\":\"enequipo\",\"image\":{\"@type\":\"ImageObject\",\"inLanguage\":\"es\",\"@id\":\"https:\/\/www.sonoraenequipo.com.mx\/#\/schema\/person\/image\/\",\"url\":\"https:\/\/secure.gravatar.com\/avatar\/049821681b589dabc0bc20695993ccebb09f5b5d4d790cd9251b97faac7c652b?s=96&d=blank&r=g\",\"contentUrl\":\"https:\/\/secure.gravatar.com\/avatar\/049821681b589dabc0bc20695993ccebb09f5b5d4d790cd9251b97faac7c652b?s=96&d=blank&r=g\",\"caption\":\"enequipo\"},\"sameAs\":[\"https:\/\/www.facebook.com\/SonoraEE\"]}]}<\/script>\n ","yoast_head_json":{"title":"Sonora en Equipo. Bolsonaro y Lula, dos candidatos con problemas de salud? MUNDO","description":"BRASILIA, BRASIL. \u2014 A pesar de sus problemas de salud, el mandatario ultraderechista Jair Bolsonaro y el expresidente Luiz In\u00e1cio Lula da Silva est\u00e1n En Sonora en Equipo publicamos toda la informaci\u00f3n de Sonora, M\u00e9xico y el Mundo de manera oportuna y busca que la libertad de expresi\u00f3n sea real. Visita nuestro medio informativo publicado desde Hermosillo, Sonora. %","robots":{"index":"index","follow":"follow","max-snippet":"max-snippet:-1","max-image-preview":"max-image-preview:large","max-video-preview":"max-video-preview:-1"},"canonical":"https:\/\/www.sonoraenequipo.com.mx\/bolsonaro-y-lula-dos-candidatos-con-problemas-de-salud\/","og_locale":"es_ES","og_type":"article","og_title":"Sonora en Equipo. Bolsonaro y Lula, dos candidatos con problemas de salud? MUNDO","og_description":"BRASILIA, BRASIL. \u2014 A pesar de sus problemas de salud, el mandatario ultraderechista Jair Bolsonaro y el expresidente Luiz In\u00e1cio Lula da Silva est\u00e1n En Sonora en Equipo publicamos toda la informaci\u00f3n de Sonora, M\u00e9xico y el Mundo de manera oportuna y busca que la libertad de expresi\u00f3n sea real. Visita nuestro medio informativo publicado desde Hermosillo, Sonora. %","og_url":"https:\/\/www.sonoraenequipo.com.mx\/bolsonaro-y-lula-dos-candidatos-con-problemas-de-salud\/","og_site_name":"Sonora en Equipo.","article_publisher":"https:\/\/www.facebook.com\/SonoraEE\/","article_author":"https:\/\/www.facebook.com\/SonoraEE","article_published_time":"2022-10-17T21:10:29+00:00","article_modified_time":"2022-10-18T01:52:17+00:00","og_image":[{"width":900,"height":514,"url":"https:\/\/www.sonoraenequipo.com.mx\/storage\/2022\/10\/bolsonaro-lula.jpg","type":"image\/jpeg"}],"author":"enequipo","twitter_card":"summary_large_image","twitter_creator":"@sonoraenequipo","twitter_site":"@sonoraenequipo","twitter_misc":{"Escrito por":"enequipo","Tiempo de lectura":"4 minutos"},"schema":{"@context":"https:\/\/schema.org","@graph":[{"@type":"Article","@id":"https:\/\/www.sonoraenequipo.com.mx\/bolsonaro-y-lula-dos-candidatos-con-problemas-de-salud\/#article","isPartOf":{"@id":"https:\/\/www.sonoraenequipo.com.mx\/bolsonaro-y-lula-dos-candidatos-con-problemas-de-salud\/"},"author":{"name":"enequipo","@id":"https:\/\/www.sonoraenequipo.com.mx\/#\/schema\/person\/50102df0fb23a8fa9e8effad8fa81386"},"headline":"Bolsonaro y Lula, dos candidatos con problemas de salud?","datePublished":"2022-10-17T21:10:29+00:00","dateModified":"2022-10-18T01:52:17+00:00","mainEntityOfPage":{"@id":"https:\/\/www.sonoraenequipo.com.mx\/bolsonaro-y-lula-dos-candidatos-con-problemas-de-salud\/"},"wordCount":811,"commentCount":0,"publisher":{"@id":"https:\/\/www.sonoraenequipo.com.mx\/#organization"},"image":{"@id":"https:\/\/www.sonoraenequipo.com.mx\/bolsonaro-y-lula-dos-candidatos-con-problemas-de-salud\/#primaryimage"},"thumbnailUrl":"https:\/\/www.sonoraenequipo.com.mx\/storage\/2022\/10\/bolsonaro-lula.jpg","articleSection":["MUNDO"],"inLanguage":"es","potentialAction":[{"@type":"CommentAction","name":"Comment","target":["https:\/\/www.sonoraenequipo.com.mx\/bolsonaro-y-lula-dos-candidatos-con-problemas-de-salud\/#respond"]}]},{"@type":"WebPage","@id":"https:\/\/www.sonoraenequipo.com.mx\/bolsonaro-y-lula-dos-candidatos-con-problemas-de-salud\/","url":"https:\/\/www.sonoraenequipo.com.mx\/bolsonaro-y-lula-dos-candidatos-con-problemas-de-salud\/","name":"Sonora en Equipo. Bolsonaro y Lula, dos candidatos con problemas de salud? MUNDO","isPartOf":{"@id":"https:\/\/www.sonoraenequipo.com.mx\/#website"},"primaryImageOfPage":{"@id":"https:\/\/www.sonoraenequipo.com.mx\/bolsonaro-y-lula-dos-candidatos-con-problemas-de-salud\/#primaryimage"},"image":{"@id":"https:\/\/www.sonoraenequipo.com.mx\/bolsonaro-y-lula-dos-candidatos-con-problemas-de-salud\/#primaryimage"},"thumbnailUrl":"https:\/\/www.sonoraenequipo.com.mx\/storage\/2022\/10\/bolsonaro-lula.jpg","datePublished":"2022-10-17T21:10:29+00:00","dateModified":"2022-10-18T01:52:17+00:00","description":"BRASILIA, BRASIL. \u2014 A pesar de sus problemas de salud, el mandatario ultraderechista Jair Bolsonaro y el expresidente Luiz In\u00e1cio Lula da Silva est\u00e1n En Sonora en Equipo publicamos toda la informaci\u00f3n de Sonora, M\u00e9xico y el Mundo de manera oportuna y busca que la libertad de expresi\u00f3n sea real. Visita nuestro medio informativo publicado desde Hermosillo, Sonora. %","breadcrumb":{"@id":"https:\/\/www.sonoraenequipo.com.mx\/bolsonaro-y-lula-dos-candidatos-con-problemas-de-salud\/#breadcrumb"},"inLanguage":"es","potentialAction":[{"@type":"ReadAction","target":["https:\/\/www.sonoraenequipo.com.mx\/bolsonaro-y-lula-dos-candidatos-con-problemas-de-salud\/"]}]},{"@type":"ImageObject","inLanguage":"es","@id":"https:\/\/www.sonoraenequipo.com.mx\/bolsonaro-y-lula-dos-candidatos-con-problemas-de-salud\/#primaryimage","url":"https:\/\/www.sonoraenequipo.com.mx\/storage\/2022\/10\/bolsonaro-lula.jpg","contentUrl":"https:\/\/www.sonoraenequipo.com.mx\/storage\/2022\/10\/bolsonaro-lula.jpg","width":900,"height":514},{"@type":"BreadcrumbList","@id":"https:\/\/www.sonoraenequipo.com.mx\/bolsonaro-y-lula-dos-candidatos-con-problemas-de-salud\/#breadcrumb","itemListElement":[{"@type":"ListItem","position":1,"name":"Portada","item":"https:\/\/www.sonoraenequipo.com.mx\/"},{"@type":"ListItem","position":2,"name":"Bolsonaro y Lula, dos candidatos con problemas de salud?"}]},{"@type":"WebSite","@id":"https:\/\/www.sonoraenequipo.com.mx\/#website","url":"https:\/\/www.sonoraenequipo.com.mx\/","name":"Sonora en Equipo.","description":"Diario en l\u00ednea con Noticias desde Hermosillo, Sonora","publisher":{"@id":"https:\/\/www.sonoraenequipo.com.mx\/#organization"},"potentialAction":[{"@type":"SearchAction","target":{"@type":"EntryPoint","urlTemplate":"https:\/\/www.sonoraenequipo.com.mx\/?s={search_term_string}"},"query-input":{"@type":"PropertyValueSpecification","valueRequired":true,"valueName":"search_term_string"}}],"inLanguage":"es"},{"@type":"Organization","@id":"https:\/\/www.sonoraenequipo.com.mx\/#organization","name":"Sonoraenequipo.com.mx","url":"https:\/\/www.sonoraenequipo.com.mx\/","logo":{"@type":"ImageObject","inLanguage":"es","@id":"https:\/\/www.sonoraenequipo.com.mx\/#\/schema\/logo\/image\/","url":"https:\/\/www.sonoraenequipo.com.mx\/storage\/2019\/01\/sonoraenequipo_opt.png","contentUrl":"https:\/\/www.sonoraenequipo.com.mx\/storage\/2019\/01\/sonoraenequipo_opt.png","width":375,"height":125,"caption":"Sonoraenequipo.com.mx"},"image":{"@id":"https:\/\/www.sonoraenequipo.com.mx\/#\/schema\/logo\/image\/"},"sameAs":["https:\/\/www.facebook.com\/SonoraEE\/","https:\/\/x.com\/sonoraenequipo","https:\/\/www.youtube.com\/channel\/UC338nW-lPEYmJQs4ZABQ1SQ"]},{"@type":"Person","@id":"https:\/\/www.sonoraenequipo.com.mx\/#\/schema\/person\/50102df0fb23a8fa9e8effad8fa81386","name":"enequipo","image":{"@type":"ImageObject","inLanguage":"es","@id":"https:\/\/www.sonoraenequipo.com.mx\/#\/schema\/person\/image\/","url":"https:\/\/secure.gravatar.com\/avatar\/049821681b589dabc0bc20695993ccebb09f5b5d4d790cd9251b97faac7c652b?s=96&d=blank&r=g","contentUrl":"https:\/\/secure.gravatar.com\/avatar\/049821681b589dabc0bc20695993ccebb09f5b5d4d790cd9251b97faac7c652b?s=96&d=blank&r=g","caption":"enequipo"},"sameAs":["https:\/\/www.facebook.com\/SonoraEE"]}]}},"jetpack_featured_media_url":"https:\/\/www.sonoraenequipo.com.mx\/storage\/2022\/10\/bolsonaro-lula.jpg","_links":{"self":[{"href":"https:\/\/www.sonoraenequipo.com.mx\/api\/wp\/v2\/posts\/149525","targetHints":{"allow":["GET"]}}],"collection":[{"href":"https:\/\/www.sonoraenequipo.com.mx\/api\/wp\/v2\/posts"}],"about":[{"href":"https:\/\/www.sonoraenequipo.com.mx\/api\/wp\/v2\/types\/post"}],"author":[{"embeddable":true,"href":"https:\/\/www.sonoraenequipo.com.mx\/api\/wp\/v2\/users\/1"}],"replies":[{"embeddable":true,"href":"https:\/\/www.sonoraenequipo.com.mx\/api\/wp\/v2\/comments?post=149525"}],"version-history":[{"count":1,"href":"https:\/\/www.sonoraenequipo.com.mx\/api\/wp\/v2\/posts\/149525\/revisions"}],"predecessor-version":[{"id":149535,"href":"https:\/\/www.sonoraenequipo.com.mx\/api\/wp\/v2\/posts\/149525\/revisions\/149535"}],"wp:featuredmedia":[{"embeddable":true,"href":"https:\/\/www.sonoraenequipo.com.mx\/api\/wp\/v2\/media\/149528"}],"wp:attachment":[{"href":"https:\/\/www.sonoraenequipo.com.mx\/api\/wp\/v2\/media?parent=149525"}],"wp:term":[{"taxonomy":"category","embeddable":true,"href":"https:\/\/www.sonoraenequipo.com.mx\/api\/wp\/v2\/categories?post=149525"},{"taxonomy":"post_tag","embeddable":true,"href":"https:\/\/www.sonoraenequipo.com.mx\/api\/wp\/v2\/tags?post=149525"}],"curies":[{"name":"wp","href":"https:\/\/api.w.org\/{rel}","templated":true}]}}