{"id":149561,"date":"2022-10-18T06:11:07","date_gmt":"2022-10-18T13:11:07","guid":{"rendered":"https:\/\/www.sonoraenequipo.com.mx\/?p=149561"},"modified":"2022-10-18T08:20:43","modified_gmt":"2022-10-18T15:20:43","slug":"pobreza-infantil-crece-un-19-en-europa-del-este-y-asia","status":"publish","type":"post","link":"https:\/\/www.sonoraenequipo.com.mx\/pobreza-infantil-crece-un-19-en-europa-del-este-y-asia\/","title":{"rendered":"Pobreza infantil crece un 19% en Europa del Este y Asia"},"content":{"rendered":"<p><strong>NUEVA YORK, ESTADOS UNIDOS. \u2014<\/strong> La pobreza infantil aument\u00f3 en Europa del Este y Asia Central a partir de la guerra en Ucrania y de la inflaci\u00f3n provocada por el conflicto, revel\u00f3 este lunes un estudio del Fondo de Naciones Unidas para la Infancia (Unicef).<\/p>\n<p>&nbsp;<\/p>\n<p> <\/p>\n<p>&nbsp;<\/p>\n<p><em><strong>\u00abLa guerra en Ucrania y el aumento de la inflaci\u00f3n han llevado a la pobreza a otros cuatro millones de ni\u00f1os en Europa Oriental y Asia Central, un aumento del 19 por ciento desde 2021\u00bb,<\/strong><\/em> se\u00f1al\u00f3 Unicef en su informe.<\/p>\n<p>&nbsp;<\/p>\n<p>De acuerdo con el estudio, si bien los ni\u00f1os constituyen el 25% de la poblaci\u00f3n, representan casi el 40% de los 10,4 millones de personas que viven en la pobreza este a\u00f1o,<\/p>\n<p>&nbsp;<\/p>\n<p>Rusia encabeza la lista de los pa\u00edses con el mayor \u00edndice de pobreza infantil, con un incremento de 2,8 millones de ni\u00f1os, casi las tres cuartas partes del aumento total de la pobreza.<\/p>\n<p>&nbsp;<\/p>\n<p>Ucrania se encuentra en segundo lugar, con medio mill\u00f3n de ni\u00f1os, seguida de Ruman\u00eda, con 110.000 menores.<\/p>\n<p>&nbsp;<\/p>\n<p>\u00abSi no apoyamos a estos ni\u00f1os y familias ahora, el fuerte aumento de la pobreza infantil se traducir\u00e1, casi con toda seguridad, en la p\u00e9rdida de vidas, de aprendizaje y de futuro\u201d, enfatiz\u00f3 la directora regional de Unicef para Europa y Asia Central, Afshan Khan, citada en el informe.<\/p>\n<p>&nbsp;<\/p>\n<p>Por \u00faltimo, Unicef precis\u00f3 en su reporte que el fuerte aumento de la pobreza podr\u00eda resultar en la muerte de 4.500 ni\u00f1os adicionales, mientras que las p\u00e9rdidas de aprendizaje podr\u00edan ser equivalentes a la deserci\u00f3n escolar de 117.000 ni\u00f1os m\u00e1s este a\u00f1o.<\/p>\n<p>&nbsp;<\/p>\n<p>&nbsp;<\/p>\n<p>SONORA EN EQUIPO 18\/OCTUBRE\/2022 Con informaci\u00f3n de Telam\/ Sputnik)<\/p>\n<p>&nbsp;<\/p>\n","protected":false},"excerpt":{"rendered":"<p>NUEVA YORK, ESTADOS UNIDOS. \u2014 La pobreza infantil aument\u00f3 en Europa del Este y Asia&#8230;<\/p>\n","protected":false},"author":1,"featured_media":149567,"comment_status":"open","ping_status":"open","sticky":false,"template":"","format":"standard","meta":{"_monsterinsights_skip_tracking":false,"_monsterinsights_sitenote_active":false,"_monsterinsights_sitenote_note":"","_monsterinsights_sitenote_category":0,"footnotes":""},"categories":[3],"tags":[],"class_list":["post"],"yoast_head":" \n<title>Sonora en Equipo. Pobreza infantil crece un 19% en Europa del Este y Asia MUNDO<\/title>\n<meta name=\"description\" content=\"NUEVA YORK, ESTADOS UNIDOS. \u2014 La pobreza infantil aument\u00f3 en Europa del Este y Asia Central a partir de la guerra en Ucrania y de la inflaci\u00f3n provocada En Sonora en Equipo publicamos toda la informaci\u00f3n de Sonora, M\u00e9xico y el Mundo de manera oportuna y busca que la libertad de expresi\u00f3n sea real. Visita nuestro medio informativo publicado desde Hermosillo, Sonora. %\" \/>\n<meta name=\"robots\" content=\"index, follow, max-snippet:-1, max-image-preview:large, max-video-preview:-1\" \/>\n<link rel=\"canonical\" href=\"https:\/\/www.sonoraenequipo.com.mx\/pobreza-infantil-crece-un-19-en-europa-del-este-y-asia\/\" \/>\n<meta property=\"og:locale\" content=\"es_ES\" \/>\n<meta property=\"og:type\" content=\"article\" \/>\n<meta property=\"og:title\" content=\"Sonora en Equipo. Pobreza infantil crece un 19% en Europa del Este y Asia MUNDO\" \/>\n<meta property=\"og:description\" content=\"NUEVA YORK, ESTADOS UNIDOS. \u2014 La pobreza infantil aument\u00f3 en Europa del Este y Asia Central a partir de la guerra en Ucrania y de la inflaci\u00f3n provocada En Sonora en Equipo publicamos toda la informaci\u00f3n de Sonora, M\u00e9xico y el Mundo de manera oportuna y busca que la libertad de expresi\u00f3n sea real. Visita nuestro medio informativo publicado desde Hermosillo, Sonora. %\" \/>\n<meta property=\"og:url\" content=\"https:\/\/www.sonoraenequipo.com.mx\/pobreza-infantil-crece-un-19-en-europa-del-este-y-asia\/\" \/>\n<meta property=\"og:site_name\" content=\"Sonora en Equipo.\" \/>\n<meta property=\"article:publisher\" content=\"https:\/\/www.facebook.com\/SonoraEE\/\" \/>\n<meta property=\"article:author\" content=\"https:\/\/www.facebook.com\/SonoraEE\" \/>\n<meta property=\"article:published_time\" content=\"2022-10-18T13:11:07+00:00\" \/>\n<meta property=\"article:modified_time\" content=\"2022-10-18T15:20:43+00:00\" \/>\n<meta property=\"og:image\" content=\"https:\/\/www.sonoraenequipo.com.mx\/storage\/2022\/10\/la-pobreza-de-los-ninos.jpg\" \/>\n\t<meta property=\"og:image:width\" content=\"900\" \/>\n\t<meta property=\"og:image:height\" content=\"514\" \/>\n\t<meta property=\"og:image:type\" content=\"image\/jpeg\" \/>\n<meta name=\"author\" content=\"enequipo\" \/>\n<meta name=\"twitter:card\" content=\"summary_large_image\" \/>\n<meta name=\"twitter:creator\" content=\"@sonoraenequipo\" \/>\n<meta name=\"twitter:site\" content=\"@sonoraenequipo\" \/>\n<meta name=\"twitter:label1\" content=\"Escrito por\" \/>\n\t<meta name=\"twitter:data1\" content=\"enequipo\" \/>\n\t<meta name=\"twitter:label2\" content=\"Tiempo de lectura\" \/>\n\t<meta name=\"twitter:data2\" content=\"1 minuto\" \/>\n<script type=\"application\/ld+json\" class=\"yoast-schema-graph\">{\"@context\":\"https:\/\/schema.org\",\"@graph\":[{\"@type\":\"Article\",\"@id\":\"https:\/\/www.sonoraenequipo.com.mx\/pobreza-infantil-crece-un-19-en-europa-del-este-y-asia\/#article\",\"isPartOf\":{\"@id\":\"https:\/\/www.sonoraenequipo.com.mx\/pobreza-infantil-crece-un-19-en-europa-del-este-y-asia\/\"},\"author\":{\"name\":\"enequipo\",\"@id\":\"https:\/\/www.sonoraenequipo.com.mx\/#\/schema\/person\/50102df0fb23a8fa9e8effad8fa81386\"},\"headline\":\"Pobreza infantil crece un 19% en Europa del Este y Asia\",\"datePublished\":\"2022-10-18T13:11:07+00:00\",\"dateModified\":\"2022-10-18T15:20:43+00:00\",\"mainEntityOfPage\":{\"@id\":\"https:\/\/www.sonoraenequipo.com.mx\/pobreza-infantil-crece-un-19-en-europa-del-este-y-asia\/\"},\"wordCount\":300,\"commentCount\":0,\"publisher\":{\"@id\":\"https:\/\/www.sonoraenequipo.com.mx\/#organization\"},\"image\":{\"@id\":\"https:\/\/www.sonoraenequipo.com.mx\/pobreza-infantil-crece-un-19-en-europa-del-este-y-asia\/#primaryimage\"},\"thumbnailUrl\":\"https:\/\/www.sonoraenequipo.com.mx\/storage\/2022\/10\/la-pobreza-de-los-ninos.jpg\",\"articleSection\":[\"MUNDO\"],\"inLanguage\":\"es\",\"potentialAction\":[{\"@type\":\"CommentAction\",\"name\":\"Comment\",\"target\":[\"https:\/\/www.sonoraenequipo.com.mx\/pobreza-infantil-crece-un-19-en-europa-del-este-y-asia\/#respond\"]}]},{\"@type\":\"WebPage\",\"@id\":\"https:\/\/www.sonoraenequipo.com.mx\/pobreza-infantil-crece-un-19-en-europa-del-este-y-asia\/\",\"url\":\"https:\/\/www.sonoraenequipo.com.mx\/pobreza-infantil-crece-un-19-en-europa-del-este-y-asia\/\",\"name\":\"Sonora en Equipo. Pobreza infantil crece un 19% en Europa del Este y Asia MUNDO\",\"isPartOf\":{\"@id\":\"https:\/\/www.sonoraenequipo.com.mx\/#website\"},\"primaryImageOfPage\":{\"@id\":\"https:\/\/www.sonoraenequipo.com.mx\/pobreza-infantil-crece-un-19-en-europa-del-este-y-asia\/#primaryimage\"},\"image\":{\"@id\":\"https:\/\/www.sonoraenequipo.com.mx\/pobreza-infantil-crece-un-19-en-europa-del-este-y-asia\/#primaryimage\"},\"thumbnailUrl\":\"https:\/\/www.sonoraenequipo.com.mx\/storage\/2022\/10\/la-pobreza-de-los-ninos.jpg\",\"datePublished\":\"2022-10-18T13:11:07+00:00\",\"dateModified\":\"2022-10-18T15:20:43+00:00\",\"description\":\"NUEVA YORK, ESTADOS UNIDOS. \u2014 La pobreza infantil aument\u00f3 en Europa del Este y Asia Central a partir de la guerra en Ucrania y de la inflaci\u00f3n provocada En Sonora en Equipo publicamos toda la informaci\u00f3n de Sonora, M\u00e9xico y el Mundo de manera oportuna y busca que la libertad de expresi\u00f3n sea real. Visita nuestro medio informativo publicado desde Hermosillo, Sonora. %\",\"breadcrumb\":{\"@id\":\"https:\/\/www.sonoraenequipo.com.mx\/pobreza-infantil-crece-un-19-en-europa-del-este-y-asia\/#breadcrumb\"},\"inLanguage\":\"es\",\"potentialAction\":[{\"@type\":\"ReadAction\",\"target\":[\"https:\/\/www.sonoraenequipo.com.mx\/pobreza-infantil-crece-un-19-en-europa-del-este-y-asia\/\"]}]},{\"@type\":\"ImageObject\",\"inLanguage\":\"es\",\"@id\":\"https:\/\/www.sonoraenequipo.com.mx\/pobreza-infantil-crece-un-19-en-europa-del-este-y-asia\/#primaryimage\",\"url\":\"https:\/\/www.sonoraenequipo.com.mx\/storage\/2022\/10\/la-pobreza-de-los-ninos.jpg\",\"contentUrl\":\"https:\/\/www.sonoraenequipo.com.mx\/storage\/2022\/10\/la-pobreza-de-los-ninos.jpg\",\"width\":900,\"height\":514},{\"@type\":\"BreadcrumbList\",\"@id\":\"https:\/\/www.sonoraenequipo.com.mx\/pobreza-infantil-crece-un-19-en-europa-del-este-y-asia\/#breadcrumb\",\"itemListElement\":[{\"@type\":\"ListItem\",\"position\":1,\"name\":\"Portada\",\"item\":\"https:\/\/www.sonoraenequipo.com.mx\/\"},{\"@type\":\"ListItem\",\"position\":2,\"name\":\"Pobreza infantil crece un 19% en Europa del Este y Asia\"}]},{\"@type\":\"WebSite\",\"@id\":\"https:\/\/www.sonoraenequipo.com.mx\/#website\",\"url\":\"https:\/\/www.sonoraenequipo.com.mx\/\",\"name\":\"Sonora en Equipo.\",\"description\":\"Diario en l\u00ednea con Noticias desde Hermosillo, Sonora\",\"publisher\":{\"@id\":\"https:\/\/www.sonoraenequipo.com.mx\/#organization\"},\"potentialAction\":[{\"@type\":\"SearchAction\",\"target\":{\"@type\":\"EntryPoint\",\"urlTemplate\":\"https:\/\/www.sonoraenequipo.com.mx\/?s={search_term_string}\"},\"query-input\":{\"@type\":\"PropertyValueSpecification\",\"valueRequired\":true,\"valueName\":\"search_term_string\"}}],\"inLanguage\":\"es\"},{\"@type\":\"Organization\",\"@id\":\"https:\/\/www.sonoraenequipo.com.mx\/#organization\",\"name\":\"Sonoraenequipo.com.mx\",\"url\":\"https:\/\/www.sonoraenequipo.com.mx\/\",\"logo\":{\"@type\":\"ImageObject\",\"inLanguage\":\"es\",\"@id\":\"https:\/\/www.sonoraenequipo.com.mx\/#\/schema\/logo\/image\/\",\"url\":\"https:\/\/www.sonoraenequipo.com.mx\/storage\/2019\/01\/sonoraenequipo_opt.png\",\"contentUrl\":\"https:\/\/www.sonoraenequipo.com.mx\/storage\/2019\/01\/sonoraenequipo_opt.png\",\"width\":375,\"height\":125,\"caption\":\"Sonoraenequipo.com.mx\"},\"image\":{\"@id\":\"https:\/\/www.sonoraenequipo.com.mx\/#\/schema\/logo\/image\/\"},\"sameAs\":[\"https:\/\/www.facebook.com\/SonoraEE\/\",\"https:\/\/x.com\/sonoraenequipo\",\"https:\/\/www.youtube.com\/channel\/UC338nW-lPEYmJQs4ZABQ1SQ\"]},{\"@type\":\"Person\",\"@id\":\"https:\/\/www.sonoraenequipo.com.mx\/#\/schema\/person\/50102df0fb23a8fa9e8effad8fa81386\",\"name\":\"enequipo\",\"image\":{\"@type\":\"ImageObject\",\"inLanguage\":\"es\",\"@id\":\"https:\/\/www.sonoraenequipo.com.mx\/#\/schema\/person\/image\/\",\"url\":\"https:\/\/secure.gravatar.com\/avatar\/049821681b589dabc0bc20695993ccebb09f5b5d4d790cd9251b97faac7c652b?s=96&d=blank&r=g\",\"contentUrl\":\"https:\/\/secure.gravatar.com\/avatar\/049821681b589dabc0bc20695993ccebb09f5b5d4d790cd9251b97faac7c652b?s=96&d=blank&r=g\",\"caption\":\"enequipo\"},\"sameAs\":[\"https:\/\/www.facebook.com\/SonoraEE\"]}]}<\/script>\n ","yoast_head_json":{"title":"Sonora en Equipo. Pobreza infantil crece un 19% en Europa del Este y Asia MUNDO","description":"NUEVA YORK, ESTADOS UNIDOS. \u2014 La pobreza infantil aument\u00f3 en Europa del Este y Asia Central a partir de la guerra en Ucrania y de la inflaci\u00f3n provocada En Sonora en Equipo publicamos toda la informaci\u00f3n de Sonora, M\u00e9xico y el Mundo de manera oportuna y busca que la libertad de expresi\u00f3n sea real. Visita nuestro medio informativo publicado desde Hermosillo, Sonora. %","robots":{"index":"index","follow":"follow","max-snippet":"max-snippet:-1","max-image-preview":"max-image-preview:large","max-video-preview":"max-video-preview:-1"},"canonical":"https:\/\/www.sonoraenequipo.com.mx\/pobreza-infantil-crece-un-19-en-europa-del-este-y-asia\/","og_locale":"es_ES","og_type":"article","og_title":"Sonora en Equipo. Pobreza infantil crece un 19% en Europa del Este y Asia MUNDO","og_description":"NUEVA YORK, ESTADOS UNIDOS. \u2014 La pobreza infantil aument\u00f3 en Europa del Este y Asia Central a partir de la guerra en Ucrania y de la inflaci\u00f3n provocada En Sonora en Equipo publicamos toda la informaci\u00f3n de Sonora, M\u00e9xico y el Mundo de manera oportuna y busca que la libertad de expresi\u00f3n sea real. Visita nuestro medio informativo publicado desde Hermosillo, Sonora. %","og_url":"https:\/\/www.sonoraenequipo.com.mx\/pobreza-infantil-crece-un-19-en-europa-del-este-y-asia\/","og_site_name":"Sonora en Equipo.","article_publisher":"https:\/\/www.facebook.com\/SonoraEE\/","article_author":"https:\/\/www.facebook.com\/SonoraEE","article_published_time":"2022-10-18T13:11:07+00:00","article_modified_time":"2022-10-18T15:20:43+00:00","og_image":[{"width":900,"height":514,"url":"https:\/\/www.sonoraenequipo.com.mx\/storage\/2022\/10\/la-pobreza-de-los-ninos.jpg","type":"image\/jpeg"}],"author":"enequipo","twitter_card":"summary_large_image","twitter_creator":"@sonoraenequipo","twitter_site":"@sonoraenequipo","twitter_misc":{"Escrito por":"enequipo","Tiempo de lectura":"1 minuto"},"schema":{"@context":"https:\/\/schema.org","@graph":[{"@type":"Article","@id":"https:\/\/www.sonoraenequipo.com.mx\/pobreza-infantil-crece-un-19-en-europa-del-este-y-asia\/#article","isPartOf":{"@id":"https:\/\/www.sonoraenequipo.com.mx\/pobreza-infantil-crece-un-19-en-europa-del-este-y-asia\/"},"author":{"name":"enequipo","@id":"https:\/\/www.sonoraenequipo.com.mx\/#\/schema\/person\/50102df0fb23a8fa9e8effad8fa81386"},"headline":"Pobreza infantil crece un 19% en Europa del Este y Asia","datePublished":"2022-10-18T13:11:07+00:00","dateModified":"2022-10-18T15:20:43+00:00","mainEntityOfPage":{"@id":"https:\/\/www.sonoraenequipo.com.mx\/pobreza-infantil-crece-un-19-en-europa-del-este-y-asia\/"},"wordCount":300,"commentCount":0,"publisher":{"@id":"https:\/\/www.sonoraenequipo.com.mx\/#organization"},"image":{"@id":"https:\/\/www.sonoraenequipo.com.mx\/pobreza-infantil-crece-un-19-en-europa-del-este-y-asia\/#primaryimage"},"thumbnailUrl":"https:\/\/www.sonoraenequipo.com.mx\/storage\/2022\/10\/la-pobreza-de-los-ninos.jpg","articleSection":["MUNDO"],"inLanguage":"es","potentialAction":[{"@type":"CommentAction","name":"Comment","target":["https:\/\/www.sonoraenequipo.com.mx\/pobreza-infantil-crece-un-19-en-europa-del-este-y-asia\/#respond"]}]},{"@type":"WebPage","@id":"https:\/\/www.sonoraenequipo.com.mx\/pobreza-infantil-crece-un-19-en-europa-del-este-y-asia\/","url":"https:\/\/www.sonoraenequipo.com.mx\/pobreza-infantil-crece-un-19-en-europa-del-este-y-asia\/","name":"Sonora en Equipo. Pobreza infantil crece un 19% en Europa del Este y Asia MUNDO","isPartOf":{"@id":"https:\/\/www.sonoraenequipo.com.mx\/#website"},"primaryImageOfPage":{"@id":"https:\/\/www.sonoraenequipo.com.mx\/pobreza-infantil-crece-un-19-en-europa-del-este-y-asia\/#primaryimage"},"image":{"@id":"https:\/\/www.sonoraenequipo.com.mx\/pobreza-infantil-crece-un-19-en-europa-del-este-y-asia\/#primaryimage"},"thumbnailUrl":"https:\/\/www.sonoraenequipo.com.mx\/storage\/2022\/10\/la-pobreza-de-los-ninos.jpg","datePublished":"2022-10-18T13:11:07+00:00","dateModified":"2022-10-18T15:20:43+00:00","description":"NUEVA YORK, ESTADOS UNIDOS. \u2014 La pobreza infantil aument\u00f3 en Europa del Este y Asia Central a partir de la guerra en Ucrania y de la inflaci\u00f3n provocada En Sonora en Equipo publicamos toda la informaci\u00f3n de Sonora, M\u00e9xico y el Mundo de manera oportuna y busca que la libertad de expresi\u00f3n sea real. Visita nuestro medio informativo publicado desde Hermosillo, Sonora. %","breadcrumb":{"@id":"https:\/\/www.sonoraenequipo.com.mx\/pobreza-infantil-crece-un-19-en-europa-del-este-y-asia\/#breadcrumb"},"inLanguage":"es","potentialAction":[{"@type":"ReadAction","target":["https:\/\/www.sonoraenequipo.com.mx\/pobreza-infantil-crece-un-19-en-europa-del-este-y-asia\/"]}]},{"@type":"ImageObject","inLanguage":"es","@id":"https:\/\/www.sonoraenequipo.com.mx\/pobreza-infantil-crece-un-19-en-europa-del-este-y-asia\/#primaryimage","url":"https:\/\/www.sonoraenequipo.com.mx\/storage\/2022\/10\/la-pobreza-de-los-ninos.jpg","contentUrl":"https:\/\/www.sonoraenequipo.com.mx\/storage\/2022\/10\/la-pobreza-de-los-ninos.jpg","width":900,"height":514},{"@type":"BreadcrumbList","@id":"https:\/\/www.sonoraenequipo.com.mx\/pobreza-infantil-crece-un-19-en-europa-del-este-y-asia\/#breadcrumb","itemListElement":[{"@type":"ListItem","position":1,"name":"Portada","item":"https:\/\/www.sonoraenequipo.com.mx\/"},{"@type":"ListItem","position":2,"name":"Pobreza infantil crece un 19% en Europa del Este y Asia"}]},{"@type":"WebSite","@id":"https:\/\/www.sonoraenequipo.com.mx\/#website","url":"https:\/\/www.sonoraenequipo.com.mx\/","name":"Sonora en Equipo.","description":"Diario en l\u00ednea con Noticias desde Hermosillo, Sonora","publisher":{"@id":"https:\/\/www.sonoraenequipo.com.mx\/#organization"},"potentialAction":[{"@type":"SearchAction","target":{"@type":"EntryPoint","urlTemplate":"https:\/\/www.sonoraenequipo.com.mx\/?s={search_term_string}"},"query-input":{"@type":"PropertyValueSpecification","valueRequired":true,"valueName":"search_term_string"}}],"inLanguage":"es"},{"@type":"Organization","@id":"https:\/\/www.sonoraenequipo.com.mx\/#organization","name":"Sonoraenequipo.com.mx","url":"https:\/\/www.sonoraenequipo.com.mx\/","logo":{"@type":"ImageObject","inLanguage":"es","@id":"https:\/\/www.sonoraenequipo.com.mx\/#\/schema\/logo\/image\/","url":"https:\/\/www.sonoraenequipo.com.mx\/storage\/2019\/01\/sonoraenequipo_opt.png","contentUrl":"https:\/\/www.sonoraenequipo.com.mx\/storage\/2019\/01\/sonoraenequipo_opt.png","width":375,"height":125,"caption":"Sonoraenequipo.com.mx"},"image":{"@id":"https:\/\/www.sonoraenequipo.com.mx\/#\/schema\/logo\/image\/"},"sameAs":["https:\/\/www.facebook.com\/SonoraEE\/","https:\/\/x.com\/sonoraenequipo","https:\/\/www.youtube.com\/channel\/UC338nW-lPEYmJQs4ZABQ1SQ"]},{"@type":"Person","@id":"https:\/\/www.sonoraenequipo.com.mx\/#\/schema\/person\/50102df0fb23a8fa9e8effad8fa81386","name":"enequipo","image":{"@type":"ImageObject","inLanguage":"es","@id":"https:\/\/www.sonoraenequipo.com.mx\/#\/schema\/person\/image\/","url":"https:\/\/secure.gravatar.com\/avatar\/049821681b589dabc0bc20695993ccebb09f5b5d4d790cd9251b97faac7c652b?s=96&d=blank&r=g","contentUrl":"https:\/\/secure.gravatar.com\/avatar\/049821681b589dabc0bc20695993ccebb09f5b5d4d790cd9251b97faac7c652b?s=96&d=blank&r=g","caption":"enequipo"},"sameAs":["https:\/\/www.facebook.com\/SonoraEE"]}]}},"jetpack_featured_media_url":"https:\/\/www.sonoraenequipo.com.mx\/storage\/2022\/10\/la-pobreza-de-los-ninos.jpg","_links":{"self":[{"href":"https:\/\/www.sonoraenequipo.com.mx\/api\/wp\/v2\/posts\/149561","targetHints":{"allow":["GET"]}}],"collection":[{"href":"https:\/\/www.sonoraenequipo.com.mx\/api\/wp\/v2\/posts"}],"about":[{"href":"https:\/\/www.sonoraenequipo.com.mx\/api\/wp\/v2\/types\/post"}],"author":[{"embeddable":true,"href":"https:\/\/www.sonoraenequipo.com.mx\/api\/wp\/v2\/users\/1"}],"replies":[{"embeddable":true,"href":"https:\/\/www.sonoraenequipo.com.mx\/api\/wp\/v2\/comments?post=149561"}],"version-history":[{"count":1,"href":"https:\/\/www.sonoraenequipo.com.mx\/api\/wp\/v2\/posts\/149561\/revisions"}],"predecessor-version":[{"id":149568,"href":"https:\/\/www.sonoraenequipo.com.mx\/api\/wp\/v2\/posts\/149561\/revisions\/149568"}],"wp:featuredmedia":[{"embeddable":true,"href":"https:\/\/www.sonoraenequipo.com.mx\/api\/wp\/v2\/media\/149567"}],"wp:attachment":[{"href":"https:\/\/www.sonoraenequipo.com.mx\/api\/wp\/v2\/media?parent=149561"}],"wp:term":[{"taxonomy":"category","embeddable":true,"href":"https:\/\/www.sonoraenequipo.com.mx\/api\/wp\/v2\/categories?post=149561"},{"taxonomy":"post_tag","embeddable":true,"href":"https:\/\/www.sonoraenequipo.com.mx\/api\/wp\/v2\/tags?post=149561"}],"curies":[{"name":"wp","href":"https:\/\/api.w.org\/{rel}","templated":true}]}}