{"id":149594,"date":"2022-10-18T08:21:46","date_gmt":"2022-10-18T15:21:46","guid":{"rendered":"https:\/\/www.sonoraenequipo.com.mx\/?p=149594"},"modified":"2022-10-18T11:35:05","modified_gmt":"2022-10-18T18:35:05","slug":"felipe-vi-pide-medidas-para-garantizar-la-cohesion-social-ante-la-guerra-de-rusia","status":"publish","type":"post","link":"https:\/\/www.sonoraenequipo.com.mx\/felipe-vi-pide-medidas-para-garantizar-la-cohesion-social-ante-la-guerra-de-rusia\/","title":{"rendered":"Felipe VI pide medidas para garantizar la \u00abcohesi\u00f3n social\u00bb ante la guerra de Rusia"},"content":{"rendered":"<p><strong>ESPA\u00d1A. \u2014<\/strong> La guerra lanzada por Rusia en Ucrania centr\u00f3 la primera jornada de la visita de Estado de los Reyes a Alemania. En plena ola de ataques con drones suicidas contra Kiev, Felipe VI apoy\u00f3 \u00abd<em><strong>e forma inquebrantable la independencia, soberan\u00eda e integridad territorial de Ucrania\u00bb<\/strong> <\/em>y defendi\u00f3 su respuesta ante una <em><strong>\u00abagresi\u00f3n\u00bb<\/strong><\/em> injustificable. En el discurso que pronunci\u00f3 antes de la cena de honor que organiz\u00f3 el presidente de Alemania, Frank-Walter Steinmeier, en el Palacio de Bellevue, el Rey asegur\u00f3 que los gobernantes no deben <em><strong>\u00abignorar\u00bb<\/strong><\/em> la crisis econ\u00f3mica y social que est\u00e1 provocando la guerra y deben tomar medidas para garantizar la <em><strong>\u00abcohesi\u00f3n social\u00bb.<\/strong><\/em><\/p>\n<p>&nbsp;<\/p>\n<p>&nbsp;<\/p>\n<p> <\/p>\n<p>&nbsp;<\/p>\n<p>El Ejecutivo alem\u00e1n anunci\u00f3 a finales de septiembre un macroplan de 200.000 millones de euros en ayudas p\u00fablicas para ayudar a los ciudadanos y las empresas a mitigar el impacto de la factura energ\u00e9tica en sus bolsillos. La inflaci\u00f3n escal\u00f3 en ese pa\u00eds hasta el 10% en septiembre. El Gobierno espa\u00f1ol ha movilizado por ahora este a\u00f1o 35.000 millones de euros.<\/p>\n<h3>Jazzistas catalanes<\/h3>\n<p>&nbsp;<\/p>\n<p><em><strong>\u00ab[La espa\u00f1ola y la alemana] Somos sociedades del bienestar en las que la libertad de mercado se complementa con la justicia social. Por ello, no debemos ignorar las inquietudes y preocupaciones que la dif\u00edcil situaci\u00f3n econ\u00f3mica est\u00e1 provocando en muchos ciudadanos. En consecuencia, deben adoptarse con decisi\u00f3n las medidas necesarias para responder a esos miedos. Es fundamental mantener la cohesi\u00f3n social, frente a las amenazas a los cimientos de nuestras democracias\u00bb<\/strong><\/em>, declar\u00f3 al inicio de un \u00e1gape en el que participaron 120 personas, entre ellas las principales autoridades de la Rep\u00fablica Federal de Alemania. Un quinteto interpret\u00f3 dos piezas musicales antes de la cena y entre los que actuaron se encontraban dos jazzistas de Barcelona: la trompetista y cantante Andrea Motis y el pianista Ignasi Terraza.<\/p>\n<p>&nbsp;<\/p>\n<p>En el discurso, Felipe VI denunci\u00f3, como hab\u00eda hecho por la ma\u00f1ana en su primer encuentro con Steinmeier, la \u00abdram\u00e1tica\u00bb situaci\u00f3n que vive Ucrania y asegur\u00f3 que nadie debe subestimar \u00abla fuerza\u00bb que tiene la Uni\u00f3n Europea para responder a la \u00abgrave amenaza\u00bb que supone Vlad\u00edmir Putin, al que no cit\u00f3.<\/p>\n<h3><\/h3>\n<h3>El \u00aba\u00f1o de los encuentros\u00bb<\/h3>\n<p>&nbsp;<\/p>\n<p>El Rey subray\u00f3 el buen momento de las relaciones bilaterales entre ambos pa\u00edses y bautiz\u00f3 el 2022 como \u00ab<strong><em>el a\u00f1o de los encuentros\u00bb,<\/em><\/strong> por la coincidencia de ambos pa\u00edses en la reacci\u00f3n a la crisis derivada por la guerra de Rusia contra Ucrania y la petici\u00f3n de que Francia ceda y construya el gasoducto Midcat, para conectar la Pen\u00ednsula Ib\u00e9rica con Alemania y el hidrocarburo pueda fluir. El pa\u00eds germano era un gran dependiente del gas ruso hasta que empez\u00f3 el conflicto y el Kremlin empez\u00f3 a cortarle el suministro como medida de chantaje.<\/p>\n<p>&nbsp;<\/p>\n<p>&nbsp;<\/p>\n<p><em><strong>\u00abHacemos un llamamiento para que Europa no permita que nos dividan\u00bb,<\/strong><\/em> reclam\u00f3 Steinmeier en su breve discurso por la ma\u00f1ana junto al Monarca. <em><strong>\u00abEspa\u00f1a y Alemania defendemos los mismos valores, juntos defendemos una Europa fuerte y unida\u00bb<\/strong><\/em>, continu\u00f3.<\/p>\n<p>&nbsp;<\/p>\n<p>El presidente alem\u00e1n tambi\u00e9n se refiri\u00f3 a la necesidad de los gobiernos de \u00abapoyar a las empresas y los consumidores en esta grave crisis\u00bb y afirm\u00f3 que \u00absolo, si todos los Estados son fuertes, Europa seguir\u00e1 siendo fuerte\u00bb. \u00abEspa\u00f1a y Alemania pueden contar el uno con el otro, sobre todo en la guerra de agresi\u00f3n de Rusia contra Ucrania, donde hay tanto sufrimiento. Millones de refugiados buscan refugio en otras partes de Europa y lo han encontrado\u00bb, concluy\u00f3.<\/p>\n<h3>Protocolo &#8216;informal&#8217;<\/h3>\n<p>&nbsp;<\/p>\n<p>A la llegada a la residencia por la ma\u00f1ana, tras pasar revista los dos jefes de Estado al batall\u00f3n de honores en los jardines de la residencia oficial del presidente alem\u00e1n, los dos, con sus respectivas esposas, Letizia y Elke B\u00fcdenbender, se acercaron un grupo de ni\u00f1os del colegio biling\u00fce Joan Mir\u00f3 de la capital que pidieron aut\u00f3grafos a Felipe y Letizia. Fue la nota de color de una jornada que tambi\u00e9n llev\u00f3 a los Reyes a hacer una ofrenda floral ante el Monumento a las V\u00edctimas de la Guerra y la Tiran\u00eda.<\/p>\n<p>&nbsp;<\/p>\n<p>Al mediod\u00eda, Felipe VI visit\u00f3 el Instituto Fritz Haber, encuadrado en la prestigiosa Sociedad Max Planck, y se reuni\u00f3 con el canciller alem\u00e1n, Olaf Scholz, en la sede del Gobierno.<\/p>\n<p>&nbsp;<\/p>\n<p>&nbsp;<\/p>\n<p>SONORA EN EQUIPO 18\/OCTUBRE\/2022<\/p>\n","protected":false},"excerpt":{"rendered":"<p>ESPA\u00d1A. \u2014 La guerra lanzada por Rusia en Ucrania centr\u00f3 la primera jornada de la&#8230;<\/p>\n","protected":false},"author":1,"featured_media":149597,"comment_status":"open","ping_status":"open","sticky":false,"template":"","format":"standard","meta":{"_monsterinsights_skip_tracking":false,"_monsterinsights_sitenote_active":false,"_monsterinsights_sitenote_note":"","_monsterinsights_sitenote_category":0,"footnotes":""},"categories":[3],"tags":[],"class_list":["post"],"yoast_head":" \n<title>Sonora en Equipo. Felipe VI pide medidas para garantizar la &quot;cohesi\u00f3n social&quot; ante la guerra de Rusia MUNDO<\/title>\n<meta name=\"description\" content=\"ESPA\u00d1A. \u2014 La guerra lanzada por Rusia en Ucrania centr\u00f3 la primera jornada de la visita de Estado de los Reyes a Alemania. En plena ola de ataques con En Sonora en Equipo publicamos toda la informaci\u00f3n de Sonora, M\u00e9xico y el Mundo de manera oportuna y busca que la libertad de expresi\u00f3n sea real. Visita nuestro medio informativo publicado desde Hermosillo, Sonora. %\" \/>\n<meta name=\"robots\" content=\"index, follow, max-snippet:-1, max-image-preview:large, max-video-preview:-1\" \/>\n<link rel=\"canonical\" href=\"https:\/\/www.sonoraenequipo.com.mx\/felipe-vi-pide-medidas-para-garantizar-la-cohesion-social-ante-la-guerra-de-rusia\/\" \/>\n<meta property=\"og:locale\" content=\"es_ES\" \/>\n<meta property=\"og:type\" content=\"article\" \/>\n<meta property=\"og:title\" content=\"Sonora en Equipo. Felipe VI pide medidas para garantizar la &quot;cohesi\u00f3n social&quot; ante la guerra de Rusia MUNDO\" \/>\n<meta property=\"og:description\" content=\"ESPA\u00d1A. \u2014 La guerra lanzada por Rusia en Ucrania centr\u00f3 la primera jornada de la visita de Estado de los Reyes a Alemania. En plena ola de ataques con En Sonora en Equipo publicamos toda la informaci\u00f3n de Sonora, M\u00e9xico y el Mundo de manera oportuna y busca que la libertad de expresi\u00f3n sea real. Visita nuestro medio informativo publicado desde Hermosillo, Sonora. %\" \/>\n<meta property=\"og:url\" content=\"https:\/\/www.sonoraenequipo.com.mx\/felipe-vi-pide-medidas-para-garantizar-la-cohesion-social-ante-la-guerra-de-rusia\/\" \/>\n<meta property=\"og:site_name\" content=\"Sonora en Equipo.\" \/>\n<meta property=\"article:publisher\" content=\"https:\/\/www.facebook.com\/SonoraEE\/\" \/>\n<meta property=\"article:author\" content=\"https:\/\/www.facebook.com\/SonoraEE\" \/>\n<meta property=\"article:published_time\" content=\"2022-10-18T15:21:46+00:00\" \/>\n<meta property=\"article:modified_time\" content=\"2022-10-18T18:35:05+00:00\" \/>\n<meta property=\"og:image\" content=\"https:\/\/www.sonoraenequipo.com.mx\/storage\/2022\/10\/felipe-vi.jpg\" \/>\n\t<meta property=\"og:image:width\" content=\"900\" \/>\n\t<meta property=\"og:image:height\" content=\"514\" \/>\n\t<meta property=\"og:image:type\" content=\"image\/jpeg\" \/>\n<meta name=\"author\" content=\"enequipo\" \/>\n<meta name=\"twitter:card\" content=\"summary_large_image\" \/>\n<meta name=\"twitter:creator\" content=\"@sonoraenequipo\" \/>\n<meta name=\"twitter:site\" content=\"@sonoraenequipo\" \/>\n<meta name=\"twitter:label1\" content=\"Escrito por\" \/>\n\t<meta name=\"twitter:data1\" content=\"enequipo\" \/>\n\t<meta name=\"twitter:label2\" content=\"Tiempo de lectura\" \/>\n\t<meta name=\"twitter:data2\" content=\"4 minutos\" \/>\n<script type=\"application\/ld+json\" class=\"yoast-schema-graph\">{\"@context\":\"https:\/\/schema.org\",\"@graph\":[{\"@type\":\"Article\",\"@id\":\"https:\/\/www.sonoraenequipo.com.mx\/felipe-vi-pide-medidas-para-garantizar-la-cohesion-social-ante-la-guerra-de-rusia\/#article\",\"isPartOf\":{\"@id\":\"https:\/\/www.sonoraenequipo.com.mx\/felipe-vi-pide-medidas-para-garantizar-la-cohesion-social-ante-la-guerra-de-rusia\/\"},\"author\":{\"name\":\"enequipo\",\"@id\":\"https:\/\/www.sonoraenequipo.com.mx\/#\/schema\/person\/50102df0fb23a8fa9e8effad8fa81386\"},\"headline\":\"Felipe VI pide medidas para garantizar la \u00abcohesi\u00f3n social\u00bb ante la guerra de Rusia\",\"datePublished\":\"2022-10-18T15:21:46+00:00\",\"dateModified\":\"2022-10-18T18:35:05+00:00\",\"mainEntityOfPage\":{\"@id\":\"https:\/\/www.sonoraenequipo.com.mx\/felipe-vi-pide-medidas-para-garantizar-la-cohesion-social-ante-la-guerra-de-rusia\/\"},\"wordCount\":766,\"commentCount\":0,\"publisher\":{\"@id\":\"https:\/\/www.sonoraenequipo.com.mx\/#organization\"},\"image\":{\"@id\":\"https:\/\/www.sonoraenequipo.com.mx\/felipe-vi-pide-medidas-para-garantizar-la-cohesion-social-ante-la-guerra-de-rusia\/#primaryimage\"},\"thumbnailUrl\":\"https:\/\/www.sonoraenequipo.com.mx\/storage\/2022\/10\/felipe-vi.jpg\",\"articleSection\":[\"MUNDO\"],\"inLanguage\":\"es\",\"potentialAction\":[{\"@type\":\"CommentAction\",\"name\":\"Comment\",\"target\":[\"https:\/\/www.sonoraenequipo.com.mx\/felipe-vi-pide-medidas-para-garantizar-la-cohesion-social-ante-la-guerra-de-rusia\/#respond\"]}]},{\"@type\":\"WebPage\",\"@id\":\"https:\/\/www.sonoraenequipo.com.mx\/felipe-vi-pide-medidas-para-garantizar-la-cohesion-social-ante-la-guerra-de-rusia\/\",\"url\":\"https:\/\/www.sonoraenequipo.com.mx\/felipe-vi-pide-medidas-para-garantizar-la-cohesion-social-ante-la-guerra-de-rusia\/\",\"name\":\"Sonora en Equipo. Felipe VI pide medidas para garantizar la \\\"cohesi\u00f3n social\\\" ante la guerra de Rusia MUNDO\",\"isPartOf\":{\"@id\":\"https:\/\/www.sonoraenequipo.com.mx\/#website\"},\"primaryImageOfPage\":{\"@id\":\"https:\/\/www.sonoraenequipo.com.mx\/felipe-vi-pide-medidas-para-garantizar-la-cohesion-social-ante-la-guerra-de-rusia\/#primaryimage\"},\"image\":{\"@id\":\"https:\/\/www.sonoraenequipo.com.mx\/felipe-vi-pide-medidas-para-garantizar-la-cohesion-social-ante-la-guerra-de-rusia\/#primaryimage\"},\"thumbnailUrl\":\"https:\/\/www.sonoraenequipo.com.mx\/storage\/2022\/10\/felipe-vi.jpg\",\"datePublished\":\"2022-10-18T15:21:46+00:00\",\"dateModified\":\"2022-10-18T18:35:05+00:00\",\"description\":\"ESPA\u00d1A. \u2014 La guerra lanzada por Rusia en Ucrania centr\u00f3 la primera jornada de la visita de Estado de los Reyes a Alemania. En plena ola de ataques con En Sonora en Equipo publicamos toda la informaci\u00f3n de Sonora, M\u00e9xico y el Mundo de manera oportuna y busca que la libertad de expresi\u00f3n sea real. Visita nuestro medio informativo publicado desde Hermosillo, Sonora. %\",\"breadcrumb\":{\"@id\":\"https:\/\/www.sonoraenequipo.com.mx\/felipe-vi-pide-medidas-para-garantizar-la-cohesion-social-ante-la-guerra-de-rusia\/#breadcrumb\"},\"inLanguage\":\"es\",\"potentialAction\":[{\"@type\":\"ReadAction\",\"target\":[\"https:\/\/www.sonoraenequipo.com.mx\/felipe-vi-pide-medidas-para-garantizar-la-cohesion-social-ante-la-guerra-de-rusia\/\"]}]},{\"@type\":\"ImageObject\",\"inLanguage\":\"es\",\"@id\":\"https:\/\/www.sonoraenequipo.com.mx\/felipe-vi-pide-medidas-para-garantizar-la-cohesion-social-ante-la-guerra-de-rusia\/#primaryimage\",\"url\":\"https:\/\/www.sonoraenequipo.com.mx\/storage\/2022\/10\/felipe-vi.jpg\",\"contentUrl\":\"https:\/\/www.sonoraenequipo.com.mx\/storage\/2022\/10\/felipe-vi.jpg\",\"width\":900,\"height\":514},{\"@type\":\"BreadcrumbList\",\"@id\":\"https:\/\/www.sonoraenequipo.com.mx\/felipe-vi-pide-medidas-para-garantizar-la-cohesion-social-ante-la-guerra-de-rusia\/#breadcrumb\",\"itemListElement\":[{\"@type\":\"ListItem\",\"position\":1,\"name\":\"Portada\",\"item\":\"https:\/\/www.sonoraenequipo.com.mx\/\"},{\"@type\":\"ListItem\",\"position\":2,\"name\":\"Felipe VI pide medidas para garantizar la \u00abcohesi\u00f3n social\u00bb ante la guerra de Rusia\"}]},{\"@type\":\"WebSite\",\"@id\":\"https:\/\/www.sonoraenequipo.com.mx\/#website\",\"url\":\"https:\/\/www.sonoraenequipo.com.mx\/\",\"name\":\"Sonora en Equipo.\",\"description\":\"Diario en l\u00ednea con Noticias desde Hermosillo, Sonora\",\"publisher\":{\"@id\":\"https:\/\/www.sonoraenequipo.com.mx\/#organization\"},\"potentialAction\":[{\"@type\":\"SearchAction\",\"target\":{\"@type\":\"EntryPoint\",\"urlTemplate\":\"https:\/\/www.sonoraenequipo.com.mx\/?s={search_term_string}\"},\"query-input\":{\"@type\":\"PropertyValueSpecification\",\"valueRequired\":true,\"valueName\":\"search_term_string\"}}],\"inLanguage\":\"es\"},{\"@type\":\"Organization\",\"@id\":\"https:\/\/www.sonoraenequipo.com.mx\/#organization\",\"name\":\"Sonoraenequipo.com.mx\",\"url\":\"https:\/\/www.sonoraenequipo.com.mx\/\",\"logo\":{\"@type\":\"ImageObject\",\"inLanguage\":\"es\",\"@id\":\"https:\/\/www.sonoraenequipo.com.mx\/#\/schema\/logo\/image\/\",\"url\":\"https:\/\/www.sonoraenequipo.com.mx\/storage\/2019\/01\/sonoraenequipo_opt.png\",\"contentUrl\":\"https:\/\/www.sonoraenequipo.com.mx\/storage\/2019\/01\/sonoraenequipo_opt.png\",\"width\":375,\"height\":125,\"caption\":\"Sonoraenequipo.com.mx\"},\"image\":{\"@id\":\"https:\/\/www.sonoraenequipo.com.mx\/#\/schema\/logo\/image\/\"},\"sameAs\":[\"https:\/\/www.facebook.com\/SonoraEE\/\",\"https:\/\/x.com\/sonoraenequipo\",\"https:\/\/www.youtube.com\/channel\/UC338nW-lPEYmJQs4ZABQ1SQ\"]},{\"@type\":\"Person\",\"@id\":\"https:\/\/www.sonoraenequipo.com.mx\/#\/schema\/person\/50102df0fb23a8fa9e8effad8fa81386\",\"name\":\"enequipo\",\"image\":{\"@type\":\"ImageObject\",\"inLanguage\":\"es\",\"@id\":\"https:\/\/www.sonoraenequipo.com.mx\/#\/schema\/person\/image\/\",\"url\":\"https:\/\/secure.gravatar.com\/avatar\/049821681b589dabc0bc20695993ccebb09f5b5d4d790cd9251b97faac7c652b?s=96&d=blank&r=g\",\"contentUrl\":\"https:\/\/secure.gravatar.com\/avatar\/049821681b589dabc0bc20695993ccebb09f5b5d4d790cd9251b97faac7c652b?s=96&d=blank&r=g\",\"caption\":\"enequipo\"},\"sameAs\":[\"https:\/\/www.facebook.com\/SonoraEE\"]}]}<\/script>\n ","yoast_head_json":{"title":"Sonora en Equipo. Felipe VI pide medidas para garantizar la \"cohesi\u00f3n social\" ante la guerra de Rusia MUNDO","description":"ESPA\u00d1A. \u2014 La guerra lanzada por Rusia en Ucrania centr\u00f3 la primera jornada de la visita de Estado de los Reyes a Alemania. En plena ola de ataques con En Sonora en Equipo publicamos toda la informaci\u00f3n de Sonora, M\u00e9xico y el Mundo de manera oportuna y busca que la libertad de expresi\u00f3n sea real. Visita nuestro medio informativo publicado desde Hermosillo, Sonora. %","robots":{"index":"index","follow":"follow","max-snippet":"max-snippet:-1","max-image-preview":"max-image-preview:large","max-video-preview":"max-video-preview:-1"},"canonical":"https:\/\/www.sonoraenequipo.com.mx\/felipe-vi-pide-medidas-para-garantizar-la-cohesion-social-ante-la-guerra-de-rusia\/","og_locale":"es_ES","og_type":"article","og_title":"Sonora en Equipo. Felipe VI pide medidas para garantizar la \"cohesi\u00f3n social\" ante la guerra de Rusia MUNDO","og_description":"ESPA\u00d1A. \u2014 La guerra lanzada por Rusia en Ucrania centr\u00f3 la primera jornada de la visita de Estado de los Reyes a Alemania. En plena ola de ataques con En Sonora en Equipo publicamos toda la informaci\u00f3n de Sonora, M\u00e9xico y el Mundo de manera oportuna y busca que la libertad de expresi\u00f3n sea real. Visita nuestro medio informativo publicado desde Hermosillo, Sonora. %","og_url":"https:\/\/www.sonoraenequipo.com.mx\/felipe-vi-pide-medidas-para-garantizar-la-cohesion-social-ante-la-guerra-de-rusia\/","og_site_name":"Sonora en Equipo.","article_publisher":"https:\/\/www.facebook.com\/SonoraEE\/","article_author":"https:\/\/www.facebook.com\/SonoraEE","article_published_time":"2022-10-18T15:21:46+00:00","article_modified_time":"2022-10-18T18:35:05+00:00","og_image":[{"width":900,"height":514,"url":"https:\/\/www.sonoraenequipo.com.mx\/storage\/2022\/10\/felipe-vi.jpg","type":"image\/jpeg"}],"author":"enequipo","twitter_card":"summary_large_image","twitter_creator":"@sonoraenequipo","twitter_site":"@sonoraenequipo","twitter_misc":{"Escrito por":"enequipo","Tiempo de lectura":"4 minutos"},"schema":{"@context":"https:\/\/schema.org","@graph":[{"@type":"Article","@id":"https:\/\/www.sonoraenequipo.com.mx\/felipe-vi-pide-medidas-para-garantizar-la-cohesion-social-ante-la-guerra-de-rusia\/#article","isPartOf":{"@id":"https:\/\/www.sonoraenequipo.com.mx\/felipe-vi-pide-medidas-para-garantizar-la-cohesion-social-ante-la-guerra-de-rusia\/"},"author":{"name":"enequipo","@id":"https:\/\/www.sonoraenequipo.com.mx\/#\/schema\/person\/50102df0fb23a8fa9e8effad8fa81386"},"headline":"Felipe VI pide medidas para garantizar la \u00abcohesi\u00f3n social\u00bb ante la guerra de Rusia","datePublished":"2022-10-18T15:21:46+00:00","dateModified":"2022-10-18T18:35:05+00:00","mainEntityOfPage":{"@id":"https:\/\/www.sonoraenequipo.com.mx\/felipe-vi-pide-medidas-para-garantizar-la-cohesion-social-ante-la-guerra-de-rusia\/"},"wordCount":766,"commentCount":0,"publisher":{"@id":"https:\/\/www.sonoraenequipo.com.mx\/#organization"},"image":{"@id":"https:\/\/www.sonoraenequipo.com.mx\/felipe-vi-pide-medidas-para-garantizar-la-cohesion-social-ante-la-guerra-de-rusia\/#primaryimage"},"thumbnailUrl":"https:\/\/www.sonoraenequipo.com.mx\/storage\/2022\/10\/felipe-vi.jpg","articleSection":["MUNDO"],"inLanguage":"es","potentialAction":[{"@type":"CommentAction","name":"Comment","target":["https:\/\/www.sonoraenequipo.com.mx\/felipe-vi-pide-medidas-para-garantizar-la-cohesion-social-ante-la-guerra-de-rusia\/#respond"]}]},{"@type":"WebPage","@id":"https:\/\/www.sonoraenequipo.com.mx\/felipe-vi-pide-medidas-para-garantizar-la-cohesion-social-ante-la-guerra-de-rusia\/","url":"https:\/\/www.sonoraenequipo.com.mx\/felipe-vi-pide-medidas-para-garantizar-la-cohesion-social-ante-la-guerra-de-rusia\/","name":"Sonora en Equipo. Felipe VI pide medidas para garantizar la \"cohesi\u00f3n social\" ante la guerra de Rusia MUNDO","isPartOf":{"@id":"https:\/\/www.sonoraenequipo.com.mx\/#website"},"primaryImageOfPage":{"@id":"https:\/\/www.sonoraenequipo.com.mx\/felipe-vi-pide-medidas-para-garantizar-la-cohesion-social-ante-la-guerra-de-rusia\/#primaryimage"},"image":{"@id":"https:\/\/www.sonoraenequipo.com.mx\/felipe-vi-pide-medidas-para-garantizar-la-cohesion-social-ante-la-guerra-de-rusia\/#primaryimage"},"thumbnailUrl":"https:\/\/www.sonoraenequipo.com.mx\/storage\/2022\/10\/felipe-vi.jpg","datePublished":"2022-10-18T15:21:46+00:00","dateModified":"2022-10-18T18:35:05+00:00","description":"ESPA\u00d1A. \u2014 La guerra lanzada por Rusia en Ucrania centr\u00f3 la primera jornada de la visita de Estado de los Reyes a Alemania. En plena ola de ataques con En Sonora en Equipo publicamos toda la informaci\u00f3n de Sonora, M\u00e9xico y el Mundo de manera oportuna y busca que la libertad de expresi\u00f3n sea real. Visita nuestro medio informativo publicado desde Hermosillo, Sonora. %","breadcrumb":{"@id":"https:\/\/www.sonoraenequipo.com.mx\/felipe-vi-pide-medidas-para-garantizar-la-cohesion-social-ante-la-guerra-de-rusia\/#breadcrumb"},"inLanguage":"es","potentialAction":[{"@type":"ReadAction","target":["https:\/\/www.sonoraenequipo.com.mx\/felipe-vi-pide-medidas-para-garantizar-la-cohesion-social-ante-la-guerra-de-rusia\/"]}]},{"@type":"ImageObject","inLanguage":"es","@id":"https:\/\/www.sonoraenequipo.com.mx\/felipe-vi-pide-medidas-para-garantizar-la-cohesion-social-ante-la-guerra-de-rusia\/#primaryimage","url":"https:\/\/www.sonoraenequipo.com.mx\/storage\/2022\/10\/felipe-vi.jpg","contentUrl":"https:\/\/www.sonoraenequipo.com.mx\/storage\/2022\/10\/felipe-vi.jpg","width":900,"height":514},{"@type":"BreadcrumbList","@id":"https:\/\/www.sonoraenequipo.com.mx\/felipe-vi-pide-medidas-para-garantizar-la-cohesion-social-ante-la-guerra-de-rusia\/#breadcrumb","itemListElement":[{"@type":"ListItem","position":1,"name":"Portada","item":"https:\/\/www.sonoraenequipo.com.mx\/"},{"@type":"ListItem","position":2,"name":"Felipe VI pide medidas para garantizar la \u00abcohesi\u00f3n social\u00bb ante la guerra de Rusia"}]},{"@type":"WebSite","@id":"https:\/\/www.sonoraenequipo.com.mx\/#website","url":"https:\/\/www.sonoraenequipo.com.mx\/","name":"Sonora en Equipo.","description":"Diario en l\u00ednea con Noticias desde Hermosillo, Sonora","publisher":{"@id":"https:\/\/www.sonoraenequipo.com.mx\/#organization"},"potentialAction":[{"@type":"SearchAction","target":{"@type":"EntryPoint","urlTemplate":"https:\/\/www.sonoraenequipo.com.mx\/?s={search_term_string}"},"query-input":{"@type":"PropertyValueSpecification","valueRequired":true,"valueName":"search_term_string"}}],"inLanguage":"es"},{"@type":"Organization","@id":"https:\/\/www.sonoraenequipo.com.mx\/#organization","name":"Sonoraenequipo.com.mx","url":"https:\/\/www.sonoraenequipo.com.mx\/","logo":{"@type":"ImageObject","inLanguage":"es","@id":"https:\/\/www.sonoraenequipo.com.mx\/#\/schema\/logo\/image\/","url":"https:\/\/www.sonoraenequipo.com.mx\/storage\/2019\/01\/sonoraenequipo_opt.png","contentUrl":"https:\/\/www.sonoraenequipo.com.mx\/storage\/2019\/01\/sonoraenequipo_opt.png","width":375,"height":125,"caption":"Sonoraenequipo.com.mx"},"image":{"@id":"https:\/\/www.sonoraenequipo.com.mx\/#\/schema\/logo\/image\/"},"sameAs":["https:\/\/www.facebook.com\/SonoraEE\/","https:\/\/x.com\/sonoraenequipo","https:\/\/www.youtube.com\/channel\/UC338nW-lPEYmJQs4ZABQ1SQ"]},{"@type":"Person","@id":"https:\/\/www.sonoraenequipo.com.mx\/#\/schema\/person\/50102df0fb23a8fa9e8effad8fa81386","name":"enequipo","image":{"@type":"ImageObject","inLanguage":"es","@id":"https:\/\/www.sonoraenequipo.com.mx\/#\/schema\/person\/image\/","url":"https:\/\/secure.gravatar.com\/avatar\/049821681b589dabc0bc20695993ccebb09f5b5d4d790cd9251b97faac7c652b?s=96&d=blank&r=g","contentUrl":"https:\/\/secure.gravatar.com\/avatar\/049821681b589dabc0bc20695993ccebb09f5b5d4d790cd9251b97faac7c652b?s=96&d=blank&r=g","caption":"enequipo"},"sameAs":["https:\/\/www.facebook.com\/SonoraEE"]}]}},"jetpack_featured_media_url":"https:\/\/www.sonoraenequipo.com.mx\/storage\/2022\/10\/felipe-vi.jpg","_links":{"self":[{"href":"https:\/\/www.sonoraenequipo.com.mx\/api\/wp\/v2\/posts\/149594","targetHints":{"allow":["GET"]}}],"collection":[{"href":"https:\/\/www.sonoraenequipo.com.mx\/api\/wp\/v2\/posts"}],"about":[{"href":"https:\/\/www.sonoraenequipo.com.mx\/api\/wp\/v2\/types\/post"}],"author":[{"embeddable":true,"href":"https:\/\/www.sonoraenequipo.com.mx\/api\/wp\/v2\/users\/1"}],"replies":[{"embeddable":true,"href":"https:\/\/www.sonoraenequipo.com.mx\/api\/wp\/v2\/comments?post=149594"}],"version-history":[{"count":2,"href":"https:\/\/www.sonoraenequipo.com.mx\/api\/wp\/v2\/posts\/149594\/revisions"}],"predecessor-version":[{"id":149599,"href":"https:\/\/www.sonoraenequipo.com.mx\/api\/wp\/v2\/posts\/149594\/revisions\/149599"}],"wp:featuredmedia":[{"embeddable":true,"href":"https:\/\/www.sonoraenequipo.com.mx\/api\/wp\/v2\/media\/149597"}],"wp:attachment":[{"href":"https:\/\/www.sonoraenequipo.com.mx\/api\/wp\/v2\/media?parent=149594"}],"wp:term":[{"taxonomy":"category","embeddable":true,"href":"https:\/\/www.sonoraenequipo.com.mx\/api\/wp\/v2\/categories?post=149594"},{"taxonomy":"post_tag","embeddable":true,"href":"https:\/\/www.sonoraenequipo.com.mx\/api\/wp\/v2\/tags?post=149594"}],"curies":[{"name":"wp","href":"https:\/\/api.w.org\/{rel}","templated":true}]}}