{"id":149605,"date":"2022-10-18T10:30:54","date_gmt":"2022-10-18T17:30:54","guid":{"rendered":"https:\/\/www.sonoraenequipo.com.mx\/?p=149605"},"modified":"2022-10-18T13:02:57","modified_gmt":"2022-10-18T20:02:57","slug":"el-asesinato-de-una-nina-calienta-el-debate-sobre-la-inmigracion-en-francia","status":"publish","type":"post","link":"https:\/\/www.sonoraenequipo.com.mx\/el-asesinato-de-una-nina-calienta-el-debate-sobre-la-inmigracion-en-francia\/","title":{"rendered":"El asesinato de una ni\u00f1a calienta el debate sobre la inmigraci\u00f3n en Francia"},"content":{"rendered":"<p><strong>PAR\u00cdS, FRANCIA. \u2014<\/strong> El truculento asesinato de una ni\u00f1a de doce a\u00f1os en Par\u00eds y la detenci\u00f3n de una mujer de origen argelino como presunta autora han avivado las denuncias de la extrema derecha para que endurecer la inmigraci\u00f3n, mientras el Gobierno critica la politizaci\u00f3n del suceso.<\/p>\n<p>&nbsp;<\/p>\n<p> <\/p>\n<p>&nbsp;<\/p>\n<p>El ministro del Interior, G\u00e9rald Darmanin, asegur\u00f3 este martes durante una entrevista con la radio RTL que \u00abhay mucha indecencia\u00bb en algunas posturas, al ser consultado por los comentarios de dirigentes de la extrema derecha como Marine Le Pen (Agrupaci\u00f3n Nacional) o \u00c9ric Zemmour, el l\u00edder del partido ultra Reconqu\u00eate (Reconquista).<\/p>\n<p>&nbsp;<\/p>\n<p><em><strong>\u00ab\u00bfCu\u00e1ndo defenderemos a nuestros hijos de estos &#8216;francocidios&#8217; que siempre cometen los mismos, siempre en detrimento de los mismos?\u00bb,<\/strong> <\/em>hab\u00eda escrito Zemmour este lunes en su cuenta de Twitter al hilo de la muerte de la peque\u00f1a Lola, de 12 a\u00f1os. El debate se reprodujo tambi\u00e9n en la Asamblea Nacional este martes, durante una sesi\u00f3n de preguntas y respuestas al Gobierno.<\/p>\n<p>&nbsp;<\/p>\n<p>El diputado conservador Eric Pauget (Los Republicanos) reproch\u00f3 al ministro de Justicia, \u00c9ric Dupond-Moretti, que debido a la \u00ablaxitud\u00bb de las pol\u00edticas de inmigraci\u00f3n del Gobierno una ni\u00f1a hab\u00eda sido \u00abmartirizada\u00bb, \u00abviolada\u00bb y \u00abasesinada\u00bb por una inmigrante ilegal que no deb\u00eda estar en territorio franc\u00e9s. <strong><em>\u00abUsar el ata\u00fad de una ni\u00f1a de doce a\u00f1os como se usa un trampol\u00edn es una verg\u00fcenza\u00bb, contest\u00f3 Dupond-Moretti. <\/em><\/strong><strong><em>\u00abNo deber\u00eda haber estado en el pa\u00eds\u00bb<\/em><\/strong><\/p>\n<p>&nbsp;<\/p>\n<p>Marine Le Pen, por su parte, interpel\u00f3 a la primera ministra, \u00c9lisabeth Borne, afirmando que \u00abuna vez m\u00e1s\u00bb la persona responsable de un crimen no deber\u00eda haber estado en el pa\u00eds y reclam\u00f3 al Gobierno medidas urgentes. \u00abDemasiados cr\u00edmenes y delitos son cometidos por inmigrantes clandestinos que no se ha querido o no se ha sabido enviar a sus pa\u00edses\u00bb, dijo la l\u00edder de la extrema derecha francesa. \u00abUn poco de decencia y respete el dolor de la familia\u00bb, le respondi\u00f3 Borne.<\/p>\n<p>&nbsp;<\/p>\n<p>En paralelo, el El\u00edseo anunci\u00f3 que el presidente Emmanuel Macron recibi\u00f3 este martes a los padres de la menor asesinada y les transmiti\u00f3 <em><strong>\u00abtoda su solidaridad y apoyo\u00bb,<\/strong><\/em> seg\u00fan inform\u00f3 la radio p\u00fablica FranceInfo.<\/p>\n<p>&nbsp;<\/p>\n<p>La organizaci\u00f3n ultraderechista Institut pour la Justice ha convocado una manifestaci\u00f3n para el jueves en Par\u00eds para protestar por el <em><strong>\u00abasesinato de Lola y de centenares de inocentes\u00bb<\/strong> <\/em>a lo largo de los a\u00f1os.<\/p>\n<p>&nbsp;<\/p>\n<h3>En una maleta<\/h3>\n<p>&nbsp;<\/p>\n<p>Pol\u00edticos de la derecha radical francesa como Jordan Bardella (aspirante a suceder a Marine Le Pen al frente de Agrupaci\u00f3n Nacional) o el propio Zemmour ya confirmaron su presencia.<\/p>\n<p>&nbsp;<\/p>\n<p>El cad\u00e1ver de la joven Lola fue hallado el viernes pasado en distrito 19 de Par\u00eds, en el interior de una maleta, despu\u00e9s de que su familia denunciara que no hab\u00eda vuelto a casa tras el colegio.<\/p>\n<p>&nbsp;<\/p>\n<p>Algunos detalles filtrados por la prensa apuntan a que el crimen se cometi\u00f3 en circunstancias muy macabras, lo que ha conmocionado al pa\u00eds.<\/p>\n<p>&nbsp;<\/p>\n<p>SONORA EN EQUIPO 18\/OCTUBRE\/2022<\/p>\n","protected":false},"excerpt":{"rendered":"<p>PAR\u00cdS, FRANCIA. \u2014 El truculento asesinato de una ni\u00f1a de doce a\u00f1os en Par\u00eds y&#8230;<\/p>\n","protected":false},"author":1,"featured_media":149609,"comment_status":"open","ping_status":"open","sticky":false,"template":"","format":"standard","meta":{"_monsterinsights_skip_tracking":false,"_monsterinsights_sitenote_active":false,"_monsterinsights_sitenote_note":"","_monsterinsights_sitenote_category":0,"footnotes":""},"categories":[3],"tags":[],"class_list":["post"],"yoast_head":" \n<title>Sonora en Equipo. El asesinato de una ni\u00f1a calienta el debate sobre la inmigraci\u00f3n en Francia MUNDO<\/title>\n<meta name=\"description\" content=\"PAR\u00cdS, FRANCIA. \u2014 El truculento asesinato de una ni\u00f1a de doce a\u00f1os en Par\u00eds y la detenci\u00f3n de una mujer de origen argelino como presunta autora han En Sonora en Equipo publicamos toda la informaci\u00f3n de Sonora, M\u00e9xico y el Mundo de manera oportuna y busca que la libertad de expresi\u00f3n sea real. Visita nuestro medio informativo publicado desde Hermosillo, Sonora. %\" \/>\n<meta name=\"robots\" content=\"index, follow, max-snippet:-1, max-image-preview:large, max-video-preview:-1\" \/>\n<link rel=\"canonical\" href=\"https:\/\/www.sonoraenequipo.com.mx\/el-asesinato-de-una-nina-calienta-el-debate-sobre-la-inmigracion-en-francia\/\" \/>\n<meta property=\"og:locale\" content=\"es_ES\" \/>\n<meta property=\"og:type\" content=\"article\" \/>\n<meta property=\"og:title\" content=\"Sonora en Equipo. El asesinato de una ni\u00f1a calienta el debate sobre la inmigraci\u00f3n en Francia MUNDO\" \/>\n<meta property=\"og:description\" content=\"PAR\u00cdS, FRANCIA. \u2014 El truculento asesinato de una ni\u00f1a de doce a\u00f1os en Par\u00eds y la detenci\u00f3n de una mujer de origen argelino como presunta autora han En Sonora en Equipo publicamos toda la informaci\u00f3n de Sonora, M\u00e9xico y el Mundo de manera oportuna y busca que la libertad de expresi\u00f3n sea real. Visita nuestro medio informativo publicado desde Hermosillo, Sonora. %\" \/>\n<meta property=\"og:url\" content=\"https:\/\/www.sonoraenequipo.com.mx\/el-asesinato-de-una-nina-calienta-el-debate-sobre-la-inmigracion-en-francia\/\" \/>\n<meta property=\"og:site_name\" content=\"Sonora en Equipo.\" \/>\n<meta property=\"article:publisher\" content=\"https:\/\/www.facebook.com\/SonoraEE\/\" \/>\n<meta property=\"article:author\" content=\"https:\/\/www.facebook.com\/SonoraEE\" \/>\n<meta property=\"article:published_time\" content=\"2022-10-18T17:30:54+00:00\" \/>\n<meta property=\"article:modified_time\" content=\"2022-10-18T20:02:57+00:00\" \/>\n<meta property=\"og:image\" content=\"https:\/\/www.sonoraenequipo.com.mx\/storage\/2022\/10\/manifestacion-paris.jpg\" \/>\n\t<meta property=\"og:image:width\" content=\"758\" \/>\n\t<meta property=\"og:image:height\" content=\"433\" \/>\n\t<meta property=\"og:image:type\" content=\"image\/jpeg\" \/>\n<meta name=\"author\" content=\"enequipo\" \/>\n<meta name=\"twitter:card\" content=\"summary_large_image\" \/>\n<meta name=\"twitter:creator\" content=\"@sonoraenequipo\" \/>\n<meta name=\"twitter:site\" content=\"@sonoraenequipo\" \/>\n<meta name=\"twitter:label1\" content=\"Escrito por\" \/>\n\t<meta name=\"twitter:data1\" content=\"enequipo\" \/>\n\t<meta name=\"twitter:label2\" content=\"Tiempo de lectura\" \/>\n\t<meta name=\"twitter:data2\" content=\"3 minutos\" \/>\n<script type=\"application\/ld+json\" class=\"yoast-schema-graph\">{\"@context\":\"https:\/\/schema.org\",\"@graph\":[{\"@type\":\"Article\",\"@id\":\"https:\/\/www.sonoraenequipo.com.mx\/el-asesinato-de-una-nina-calienta-el-debate-sobre-la-inmigracion-en-francia\/#article\",\"isPartOf\":{\"@id\":\"https:\/\/www.sonoraenequipo.com.mx\/el-asesinato-de-una-nina-calienta-el-debate-sobre-la-inmigracion-en-francia\/\"},\"author\":{\"name\":\"enequipo\",\"@id\":\"https:\/\/www.sonoraenequipo.com.mx\/#\/schema\/person\/50102df0fb23a8fa9e8effad8fa81386\"},\"headline\":\"El asesinato de una ni\u00f1a calienta el debate sobre la inmigraci\u00f3n en Francia\",\"datePublished\":\"2022-10-18T17:30:54+00:00\",\"dateModified\":\"2022-10-18T20:02:57+00:00\",\"mainEntityOfPage\":{\"@id\":\"https:\/\/www.sonoraenequipo.com.mx\/el-asesinato-de-una-nina-calienta-el-debate-sobre-la-inmigracion-en-francia\/\"},\"wordCount\":550,\"commentCount\":0,\"publisher\":{\"@id\":\"https:\/\/www.sonoraenequipo.com.mx\/#organization\"},\"image\":{\"@id\":\"https:\/\/www.sonoraenequipo.com.mx\/el-asesinato-de-una-nina-calienta-el-debate-sobre-la-inmigracion-en-francia\/#primaryimage\"},\"thumbnailUrl\":\"https:\/\/www.sonoraenequipo.com.mx\/storage\/2022\/10\/manifestacion-paris.jpg\",\"articleSection\":[\"MUNDO\"],\"inLanguage\":\"es\",\"potentialAction\":[{\"@type\":\"CommentAction\",\"name\":\"Comment\",\"target\":[\"https:\/\/www.sonoraenequipo.com.mx\/el-asesinato-de-una-nina-calienta-el-debate-sobre-la-inmigracion-en-francia\/#respond\"]}]},{\"@type\":\"WebPage\",\"@id\":\"https:\/\/www.sonoraenequipo.com.mx\/el-asesinato-de-una-nina-calienta-el-debate-sobre-la-inmigracion-en-francia\/\",\"url\":\"https:\/\/www.sonoraenequipo.com.mx\/el-asesinato-de-una-nina-calienta-el-debate-sobre-la-inmigracion-en-francia\/\",\"name\":\"Sonora en Equipo. El asesinato de una ni\u00f1a calienta el debate sobre la inmigraci\u00f3n en Francia MUNDO\",\"isPartOf\":{\"@id\":\"https:\/\/www.sonoraenequipo.com.mx\/#website\"},\"primaryImageOfPage\":{\"@id\":\"https:\/\/www.sonoraenequipo.com.mx\/el-asesinato-de-una-nina-calienta-el-debate-sobre-la-inmigracion-en-francia\/#primaryimage\"},\"image\":{\"@id\":\"https:\/\/www.sonoraenequipo.com.mx\/el-asesinato-de-una-nina-calienta-el-debate-sobre-la-inmigracion-en-francia\/#primaryimage\"},\"thumbnailUrl\":\"https:\/\/www.sonoraenequipo.com.mx\/storage\/2022\/10\/manifestacion-paris.jpg\",\"datePublished\":\"2022-10-18T17:30:54+00:00\",\"dateModified\":\"2022-10-18T20:02:57+00:00\",\"description\":\"PAR\u00cdS, FRANCIA. \u2014 El truculento asesinato de una ni\u00f1a de doce a\u00f1os en Par\u00eds y la detenci\u00f3n de una mujer de origen argelino como presunta autora han En Sonora en Equipo publicamos toda la informaci\u00f3n de Sonora, M\u00e9xico y el Mundo de manera oportuna y busca que la libertad de expresi\u00f3n sea real. Visita nuestro medio informativo publicado desde Hermosillo, Sonora. %\",\"breadcrumb\":{\"@id\":\"https:\/\/www.sonoraenequipo.com.mx\/el-asesinato-de-una-nina-calienta-el-debate-sobre-la-inmigracion-en-francia\/#breadcrumb\"},\"inLanguage\":\"es\",\"potentialAction\":[{\"@type\":\"ReadAction\",\"target\":[\"https:\/\/www.sonoraenequipo.com.mx\/el-asesinato-de-una-nina-calienta-el-debate-sobre-la-inmigracion-en-francia\/\"]}]},{\"@type\":\"ImageObject\",\"inLanguage\":\"es\",\"@id\":\"https:\/\/www.sonoraenequipo.com.mx\/el-asesinato-de-una-nina-calienta-el-debate-sobre-la-inmigracion-en-francia\/#primaryimage\",\"url\":\"https:\/\/www.sonoraenequipo.com.mx\/storage\/2022\/10\/manifestacion-paris.jpg\",\"contentUrl\":\"https:\/\/www.sonoraenequipo.com.mx\/storage\/2022\/10\/manifestacion-paris.jpg\",\"width\":758,\"height\":433},{\"@type\":\"BreadcrumbList\",\"@id\":\"https:\/\/www.sonoraenequipo.com.mx\/el-asesinato-de-una-nina-calienta-el-debate-sobre-la-inmigracion-en-francia\/#breadcrumb\",\"itemListElement\":[{\"@type\":\"ListItem\",\"position\":1,\"name\":\"Portada\",\"item\":\"https:\/\/www.sonoraenequipo.com.mx\/\"},{\"@type\":\"ListItem\",\"position\":2,\"name\":\"El asesinato de una ni\u00f1a calienta el debate sobre la inmigraci\u00f3n en Francia\"}]},{\"@type\":\"WebSite\",\"@id\":\"https:\/\/www.sonoraenequipo.com.mx\/#website\",\"url\":\"https:\/\/www.sonoraenequipo.com.mx\/\",\"name\":\"Sonora en Equipo.\",\"description\":\"Diario en l\u00ednea con Noticias desde Hermosillo, Sonora\",\"publisher\":{\"@id\":\"https:\/\/www.sonoraenequipo.com.mx\/#organization\"},\"potentialAction\":[{\"@type\":\"SearchAction\",\"target\":{\"@type\":\"EntryPoint\",\"urlTemplate\":\"https:\/\/www.sonoraenequipo.com.mx\/?s={search_term_string}\"},\"query-input\":{\"@type\":\"PropertyValueSpecification\",\"valueRequired\":true,\"valueName\":\"search_term_string\"}}],\"inLanguage\":\"es\"},{\"@type\":\"Organization\",\"@id\":\"https:\/\/www.sonoraenequipo.com.mx\/#organization\",\"name\":\"Sonoraenequipo.com.mx\",\"url\":\"https:\/\/www.sonoraenequipo.com.mx\/\",\"logo\":{\"@type\":\"ImageObject\",\"inLanguage\":\"es\",\"@id\":\"https:\/\/www.sonoraenequipo.com.mx\/#\/schema\/logo\/image\/\",\"url\":\"https:\/\/www.sonoraenequipo.com.mx\/storage\/2019\/01\/sonoraenequipo_opt.png\",\"contentUrl\":\"https:\/\/www.sonoraenequipo.com.mx\/storage\/2019\/01\/sonoraenequipo_opt.png\",\"width\":375,\"height\":125,\"caption\":\"Sonoraenequipo.com.mx\"},\"image\":{\"@id\":\"https:\/\/www.sonoraenequipo.com.mx\/#\/schema\/logo\/image\/\"},\"sameAs\":[\"https:\/\/www.facebook.com\/SonoraEE\/\",\"https:\/\/x.com\/sonoraenequipo\",\"https:\/\/www.youtube.com\/channel\/UC338nW-lPEYmJQs4ZABQ1SQ\"]},{\"@type\":\"Person\",\"@id\":\"https:\/\/www.sonoraenequipo.com.mx\/#\/schema\/person\/50102df0fb23a8fa9e8effad8fa81386\",\"name\":\"enequipo\",\"image\":{\"@type\":\"ImageObject\",\"inLanguage\":\"es\",\"@id\":\"https:\/\/www.sonoraenequipo.com.mx\/#\/schema\/person\/image\/\",\"url\":\"https:\/\/secure.gravatar.com\/avatar\/049821681b589dabc0bc20695993ccebb09f5b5d4d790cd9251b97faac7c652b?s=96&d=blank&r=g\",\"contentUrl\":\"https:\/\/secure.gravatar.com\/avatar\/049821681b589dabc0bc20695993ccebb09f5b5d4d790cd9251b97faac7c652b?s=96&d=blank&r=g\",\"caption\":\"enequipo\"},\"sameAs\":[\"https:\/\/www.facebook.com\/SonoraEE\"]}]}<\/script>\n ","yoast_head_json":{"title":"Sonora en Equipo. El asesinato de una ni\u00f1a calienta el debate sobre la inmigraci\u00f3n en Francia MUNDO","description":"PAR\u00cdS, FRANCIA. \u2014 El truculento asesinato de una ni\u00f1a de doce a\u00f1os en Par\u00eds y la detenci\u00f3n de una mujer de origen argelino como presunta autora han En Sonora en Equipo publicamos toda la informaci\u00f3n de Sonora, M\u00e9xico y el Mundo de manera oportuna y busca que la libertad de expresi\u00f3n sea real. Visita nuestro medio informativo publicado desde Hermosillo, Sonora. %","robots":{"index":"index","follow":"follow","max-snippet":"max-snippet:-1","max-image-preview":"max-image-preview:large","max-video-preview":"max-video-preview:-1"},"canonical":"https:\/\/www.sonoraenequipo.com.mx\/el-asesinato-de-una-nina-calienta-el-debate-sobre-la-inmigracion-en-francia\/","og_locale":"es_ES","og_type":"article","og_title":"Sonora en Equipo. El asesinato de una ni\u00f1a calienta el debate sobre la inmigraci\u00f3n en Francia MUNDO","og_description":"PAR\u00cdS, FRANCIA. \u2014 El truculento asesinato de una ni\u00f1a de doce a\u00f1os en Par\u00eds y la detenci\u00f3n de una mujer de origen argelino como presunta autora han En Sonora en Equipo publicamos toda la informaci\u00f3n de Sonora, M\u00e9xico y el Mundo de manera oportuna y busca que la libertad de expresi\u00f3n sea real. Visita nuestro medio informativo publicado desde Hermosillo, Sonora. %","og_url":"https:\/\/www.sonoraenequipo.com.mx\/el-asesinato-de-una-nina-calienta-el-debate-sobre-la-inmigracion-en-francia\/","og_site_name":"Sonora en Equipo.","article_publisher":"https:\/\/www.facebook.com\/SonoraEE\/","article_author":"https:\/\/www.facebook.com\/SonoraEE","article_published_time":"2022-10-18T17:30:54+00:00","article_modified_time":"2022-10-18T20:02:57+00:00","og_image":[{"width":758,"height":433,"url":"https:\/\/www.sonoraenequipo.com.mx\/storage\/2022\/10\/manifestacion-paris.jpg","type":"image\/jpeg"}],"author":"enequipo","twitter_card":"summary_large_image","twitter_creator":"@sonoraenequipo","twitter_site":"@sonoraenequipo","twitter_misc":{"Escrito por":"enequipo","Tiempo de lectura":"3 minutos"},"schema":{"@context":"https:\/\/schema.org","@graph":[{"@type":"Article","@id":"https:\/\/www.sonoraenequipo.com.mx\/el-asesinato-de-una-nina-calienta-el-debate-sobre-la-inmigracion-en-francia\/#article","isPartOf":{"@id":"https:\/\/www.sonoraenequipo.com.mx\/el-asesinato-de-una-nina-calienta-el-debate-sobre-la-inmigracion-en-francia\/"},"author":{"name":"enequipo","@id":"https:\/\/www.sonoraenequipo.com.mx\/#\/schema\/person\/50102df0fb23a8fa9e8effad8fa81386"},"headline":"El asesinato de una ni\u00f1a calienta el debate sobre la inmigraci\u00f3n en Francia","datePublished":"2022-10-18T17:30:54+00:00","dateModified":"2022-10-18T20:02:57+00:00","mainEntityOfPage":{"@id":"https:\/\/www.sonoraenequipo.com.mx\/el-asesinato-de-una-nina-calienta-el-debate-sobre-la-inmigracion-en-francia\/"},"wordCount":550,"commentCount":0,"publisher":{"@id":"https:\/\/www.sonoraenequipo.com.mx\/#organization"},"image":{"@id":"https:\/\/www.sonoraenequipo.com.mx\/el-asesinato-de-una-nina-calienta-el-debate-sobre-la-inmigracion-en-francia\/#primaryimage"},"thumbnailUrl":"https:\/\/www.sonoraenequipo.com.mx\/storage\/2022\/10\/manifestacion-paris.jpg","articleSection":["MUNDO"],"inLanguage":"es","potentialAction":[{"@type":"CommentAction","name":"Comment","target":["https:\/\/www.sonoraenequipo.com.mx\/el-asesinato-de-una-nina-calienta-el-debate-sobre-la-inmigracion-en-francia\/#respond"]}]},{"@type":"WebPage","@id":"https:\/\/www.sonoraenequipo.com.mx\/el-asesinato-de-una-nina-calienta-el-debate-sobre-la-inmigracion-en-francia\/","url":"https:\/\/www.sonoraenequipo.com.mx\/el-asesinato-de-una-nina-calienta-el-debate-sobre-la-inmigracion-en-francia\/","name":"Sonora en Equipo. El asesinato de una ni\u00f1a calienta el debate sobre la inmigraci\u00f3n en Francia MUNDO","isPartOf":{"@id":"https:\/\/www.sonoraenequipo.com.mx\/#website"},"primaryImageOfPage":{"@id":"https:\/\/www.sonoraenequipo.com.mx\/el-asesinato-de-una-nina-calienta-el-debate-sobre-la-inmigracion-en-francia\/#primaryimage"},"image":{"@id":"https:\/\/www.sonoraenequipo.com.mx\/el-asesinato-de-una-nina-calienta-el-debate-sobre-la-inmigracion-en-francia\/#primaryimage"},"thumbnailUrl":"https:\/\/www.sonoraenequipo.com.mx\/storage\/2022\/10\/manifestacion-paris.jpg","datePublished":"2022-10-18T17:30:54+00:00","dateModified":"2022-10-18T20:02:57+00:00","description":"PAR\u00cdS, FRANCIA. \u2014 El truculento asesinato de una ni\u00f1a de doce a\u00f1os en Par\u00eds y la detenci\u00f3n de una mujer de origen argelino como presunta autora han En Sonora en Equipo publicamos toda la informaci\u00f3n de Sonora, M\u00e9xico y el Mundo de manera oportuna y busca que la libertad de expresi\u00f3n sea real. Visita nuestro medio informativo publicado desde Hermosillo, Sonora. %","breadcrumb":{"@id":"https:\/\/www.sonoraenequipo.com.mx\/el-asesinato-de-una-nina-calienta-el-debate-sobre-la-inmigracion-en-francia\/#breadcrumb"},"inLanguage":"es","potentialAction":[{"@type":"ReadAction","target":["https:\/\/www.sonoraenequipo.com.mx\/el-asesinato-de-una-nina-calienta-el-debate-sobre-la-inmigracion-en-francia\/"]}]},{"@type":"ImageObject","inLanguage":"es","@id":"https:\/\/www.sonoraenequipo.com.mx\/el-asesinato-de-una-nina-calienta-el-debate-sobre-la-inmigracion-en-francia\/#primaryimage","url":"https:\/\/www.sonoraenequipo.com.mx\/storage\/2022\/10\/manifestacion-paris.jpg","contentUrl":"https:\/\/www.sonoraenequipo.com.mx\/storage\/2022\/10\/manifestacion-paris.jpg","width":758,"height":433},{"@type":"BreadcrumbList","@id":"https:\/\/www.sonoraenequipo.com.mx\/el-asesinato-de-una-nina-calienta-el-debate-sobre-la-inmigracion-en-francia\/#breadcrumb","itemListElement":[{"@type":"ListItem","position":1,"name":"Portada","item":"https:\/\/www.sonoraenequipo.com.mx\/"},{"@type":"ListItem","position":2,"name":"El asesinato de una ni\u00f1a calienta el debate sobre la inmigraci\u00f3n en Francia"}]},{"@type":"WebSite","@id":"https:\/\/www.sonoraenequipo.com.mx\/#website","url":"https:\/\/www.sonoraenequipo.com.mx\/","name":"Sonora en Equipo.","description":"Diario en l\u00ednea con Noticias desde Hermosillo, Sonora","publisher":{"@id":"https:\/\/www.sonoraenequipo.com.mx\/#organization"},"potentialAction":[{"@type":"SearchAction","target":{"@type":"EntryPoint","urlTemplate":"https:\/\/www.sonoraenequipo.com.mx\/?s={search_term_string}"},"query-input":{"@type":"PropertyValueSpecification","valueRequired":true,"valueName":"search_term_string"}}],"inLanguage":"es"},{"@type":"Organization","@id":"https:\/\/www.sonoraenequipo.com.mx\/#organization","name":"Sonoraenequipo.com.mx","url":"https:\/\/www.sonoraenequipo.com.mx\/","logo":{"@type":"ImageObject","inLanguage":"es","@id":"https:\/\/www.sonoraenequipo.com.mx\/#\/schema\/logo\/image\/","url":"https:\/\/www.sonoraenequipo.com.mx\/storage\/2019\/01\/sonoraenequipo_opt.png","contentUrl":"https:\/\/www.sonoraenequipo.com.mx\/storage\/2019\/01\/sonoraenequipo_opt.png","width":375,"height":125,"caption":"Sonoraenequipo.com.mx"},"image":{"@id":"https:\/\/www.sonoraenequipo.com.mx\/#\/schema\/logo\/image\/"},"sameAs":["https:\/\/www.facebook.com\/SonoraEE\/","https:\/\/x.com\/sonoraenequipo","https:\/\/www.youtube.com\/channel\/UC338nW-lPEYmJQs4ZABQ1SQ"]},{"@type":"Person","@id":"https:\/\/www.sonoraenequipo.com.mx\/#\/schema\/person\/50102df0fb23a8fa9e8effad8fa81386","name":"enequipo","image":{"@type":"ImageObject","inLanguage":"es","@id":"https:\/\/www.sonoraenequipo.com.mx\/#\/schema\/person\/image\/","url":"https:\/\/secure.gravatar.com\/avatar\/049821681b589dabc0bc20695993ccebb09f5b5d4d790cd9251b97faac7c652b?s=96&d=blank&r=g","contentUrl":"https:\/\/secure.gravatar.com\/avatar\/049821681b589dabc0bc20695993ccebb09f5b5d4d790cd9251b97faac7c652b?s=96&d=blank&r=g","caption":"enequipo"},"sameAs":["https:\/\/www.facebook.com\/SonoraEE"]}]}},"jetpack_featured_media_url":"https:\/\/www.sonoraenequipo.com.mx\/storage\/2022\/10\/manifestacion-paris.jpg","_links":{"self":[{"href":"https:\/\/www.sonoraenequipo.com.mx\/api\/wp\/v2\/posts\/149605","targetHints":{"allow":["GET"]}}],"collection":[{"href":"https:\/\/www.sonoraenequipo.com.mx\/api\/wp\/v2\/posts"}],"about":[{"href":"https:\/\/www.sonoraenequipo.com.mx\/api\/wp\/v2\/types\/post"}],"author":[{"embeddable":true,"href":"https:\/\/www.sonoraenequipo.com.mx\/api\/wp\/v2\/users\/1"}],"replies":[{"embeddable":true,"href":"https:\/\/www.sonoraenequipo.com.mx\/api\/wp\/v2\/comments?post=149605"}],"version-history":[{"count":1,"href":"https:\/\/www.sonoraenequipo.com.mx\/api\/wp\/v2\/posts\/149605\/revisions"}],"predecessor-version":[{"id":149610,"href":"https:\/\/www.sonoraenequipo.com.mx\/api\/wp\/v2\/posts\/149605\/revisions\/149610"}],"wp:featuredmedia":[{"embeddable":true,"href":"https:\/\/www.sonoraenequipo.com.mx\/api\/wp\/v2\/media\/149609"}],"wp:attachment":[{"href":"https:\/\/www.sonoraenequipo.com.mx\/api\/wp\/v2\/media?parent=149605"}],"wp:term":[{"taxonomy":"category","embeddable":true,"href":"https:\/\/www.sonoraenequipo.com.mx\/api\/wp\/v2\/categories?post=149605"},{"taxonomy":"post_tag","embeddable":true,"href":"https:\/\/www.sonoraenequipo.com.mx\/api\/wp\/v2\/tags?post=149605"}],"curies":[{"name":"wp","href":"https:\/\/api.w.org\/{rel}","templated":true}]}}