{"id":149694,"date":"2022-10-19T15:13:38","date_gmt":"2022-10-19T22:13:38","guid":{"rendered":"https:\/\/www.sonoraenequipo.com.mx\/?p=149694"},"modified":"2022-10-19T15:13:38","modified_gmt":"2022-10-19T22:13:38","slug":"entregan-propuestas-ciudadanas-para-mejorar-movilidad","status":"publish","type":"post","link":"https:\/\/www.sonoraenequipo.com.mx\/entregan-propuestas-ciudadanas-para-mejorar-movilidad\/","title":{"rendered":"Entregan propuestas ciudadanas para mejorar movilidad"},"content":{"rendered":"<p><strong>HERMOSILLO, SONORA,MX.\u2500\u2500<\/strong> Representantes de organizaciones ciudadanas y especialistas que integran la mesa de movilidad de la organizaci\u00f3n Hermosillo \u00bfC\u00f3mo Vamos? entregaron a legisladores del H. Congreso del Estado de Sonora una serie de propuestas y recomendaciones para que sean consideras en el an\u00e1lisis y discusi\u00f3n de una Ley de Movilidad y Seguridad Vial a nivel estatal.<br \/>\nArturo D\u00edaz Monge, presidente de la organizaci\u00f3n mencion\u00f3 que el pasado mes de mayo se aprob\u00f3 a nivel nacional la Ley General de Movilidad y Seguridad Vial, por lo que el Congreso local tiene la responsabilidad de armonizar este marco normativo para la entidad antes del cierre del mes de noviembre, proceso para el cual consideran indispensable que se consulte a la ciudadan\u00eda y la construcci\u00f3n de acuerdos con diversos sectores sociales.<br \/>\n\u201cConsideramos que estamos ante una oportunidad excepcional para que entre ciudadan\u00eda y legisladores construyamos acuerdos para impulsar una nueva ley en materia de movilidad que genere los cimientos para avanzar hacia un nuevo modelo de movilidad integral, incluyente, sustentable, que brinde seguridad y mejore la calidad de vida de los diversos usuarios del espacio p\u00fablico\u201d, se\u00f1al\u00f3 D\u00edaz Monge.<br \/>\nLas propuestas ciudadanas fueron entregadas por este grupo el d\u00eda de ayer a legisladores de la Comisi\u00f3n de Movilidad y Seguridad Vial del Congreso, presididos por la Diputada Claudia Zulema Bours, las cuales se derivan de los resultados del evento \u201cForo de la Ciudadan\u00eda: Movilidad Sustentable y Seguridad Vial\u201d organizado el pasado mes de septiembre por Hermosillo \u00bfC\u00f3mo Vamos?, el cual cont\u00f3 con la participaci\u00f3n de m\u00e1s de cuatrocientos asistentes, y una amplia diversidad de intervenciones de ciudadan\u00eda interesada en el tema, estudiantes, especialistas, activistas, representantes de los tres \u00f3rdenes de gobierno y legisladores.<br \/>\nEl Mtro. V\u00edctor Vald\u00e9s S\u00e1nchez, integrante de la mesa y redactor del documento titulado \u201cPropuestas Ciudadanas para Integrar a la Ley de Movilidad y Seguridad Vial del Estado de Sonora\u201d explic\u00f3 que el escrito sintetiza las principales preocupaciones y prioridades expresadas por la ciudadan\u00eda en los espacios de di\u00e1logo y que se identifican como aspectos relevantes a considerar en la discusi\u00f3n e impulso de esta nueva ley.<br \/>\nPor su parte, Alfonso L\u00f3pez Villa, presidente de Vigilantes del Transporte y coordinador de la mesa de movilidad de Hermosillo \u00bfC\u00f3mo Vamos? se\u00f1al\u00f3 que las ciudades de Sonora presentan fuertes rezagos en materia de infraestructura, accesibilidad, transporte p\u00fablico, entre otros aspectos relacionados a la movilidad, por lo que resulta urgente que se tomen mejores decisiones que sean visibles por la ciudadan\u00eda.<br \/>\nEn la rueda de prensa tambi\u00e9n participaron la Arq. Guadalupe Pe\u00f1\u00fa\u00f1uri Soto, exdirectora del Instituto Municipal de Planeaci\u00f3n, y el Arq. Hugo Moreno Freydig integrante de la organizaci\u00f3n Bukis a la Calle, quienes expusieron que se requiere un nuevo modelo de ciudad, que ponga en el centro de la toma de decisiones a los usuarios del espacio publico y la relaci\u00f3n del ciudadano con su entorno, por lo que la Ley de Movilidad es parte fundamental de un andamiaje institucional para dicho prop\u00f3sito. Al evento tambi\u00e9n asistieron Yolanda Butr\u00f3n, de la organizaci\u00f3n Bukis a la Calle y activista en temas de ciclismo urbano, Sebasti\u00e1n Gaxiola de Cultura Bike as\u00ed como otros representantes de organizaciones de la sociedad civil que integran la Mesa de Movilidad de HCV.<br \/>\nLos integrantes de la mesa de movilidad de Hermosillo \u00bfC\u00f3mo Vamos? estar\u00e1n dando seguimiento e informando a la ciudadan\u00eda a trav\u00e9s de redes sociales, sobre actividades y posicionamientos relacionados con los avances en materia de movilidad y seguridad vial en Hermosillo. As\u00ed mismo, invitaron a todas las personas interesadas a consultar y descargar el documento en: www.hermosillocomovamos.org.<\/p>\n<p>&nbsp;<\/p>\n<p><strong><u>Fecha de publicaci\u00f3n\u00a0 mi\u00e9rcoles 19 de octubre de 2022<\/u><\/strong><\/p>\n","protected":false},"excerpt":{"rendered":"<p>HERMOSILLO, SONORA,MX.\u2500\u2500 Representantes de organizaciones ciudadanas y especialistas que integran la mesa de movilidad de&#8230;<\/p>\n","protected":false},"author":1,"featured_media":149695,"comment_status":"open","ping_status":"open","sticky":false,"template":"","format":"standard","meta":{"_monsterinsights_skip_tracking":false,"_monsterinsights_sitenote_active":false,"_monsterinsights_sitenote_note":"","_monsterinsights_sitenote_category":0,"footnotes":""},"categories":[4],"tags":[35,4916],"class_list":["post"],"yoast_head":" \n<title>Sonora en Equipo. Entregan propuestas ciudadanas para mejorar movilidad Municipios<\/title>\n<meta name=\"description\" content=\"HERMOSILLO, SONORA,MX.\u2500\u2500 Representantes de organizaciones ciudadanas y especialistas que integran la mesa de movilidad de la organizaci\u00f3n Hermosillo \u00bfC\u00f3mo En Sonora en Equipo publicamos toda la informaci\u00f3n de Sonora, M\u00e9xico y el Mundo de manera oportuna y busca que la libertad de expresi\u00f3n sea real. Visita nuestro medio informativo publicado desde Hermosillo, Sonora. %\" \/>\n<meta name=\"robots\" content=\"index, follow, max-snippet:-1, max-image-preview:large, max-video-preview:-1\" \/>\n<link rel=\"canonical\" href=\"https:\/\/www.sonoraenequipo.com.mx\/entregan-propuestas-ciudadanas-para-mejorar-movilidad\/\" \/>\n<meta property=\"og:locale\" content=\"es_ES\" \/>\n<meta property=\"og:type\" content=\"article\" \/>\n<meta property=\"og:title\" content=\"Sonora en Equipo. Entregan propuestas ciudadanas para mejorar movilidad Municipios\" \/>\n<meta property=\"og:description\" content=\"HERMOSILLO, SONORA,MX.\u2500\u2500 Representantes de organizaciones ciudadanas y especialistas que integran la mesa de movilidad de la organizaci\u00f3n Hermosillo \u00bfC\u00f3mo En Sonora en Equipo publicamos toda la informaci\u00f3n de Sonora, M\u00e9xico y el Mundo de manera oportuna y busca que la libertad de expresi\u00f3n sea real. Visita nuestro medio informativo publicado desde Hermosillo, Sonora. %\" \/>\n<meta property=\"og:url\" content=\"https:\/\/www.sonoraenequipo.com.mx\/entregan-propuestas-ciudadanas-para-mejorar-movilidad\/\" \/>\n<meta property=\"og:site_name\" content=\"Sonora en Equipo.\" \/>\n<meta property=\"article:publisher\" content=\"https:\/\/www.facebook.com\/SonoraEE\/\" \/>\n<meta property=\"article:author\" content=\"https:\/\/www.facebook.com\/SonoraEE\" \/>\n<meta property=\"article:published_time\" content=\"2022-10-19T22:13:38+00:00\" \/>\n<meta property=\"og:image\" content=\"https:\/\/www.sonoraenequipo.com.mx\/storage\/2022\/10\/hcv.jpg\" \/>\n\t<meta property=\"og:image:width\" content=\"1280\" \/>\n\t<meta property=\"og:image:height\" content=\"853\" \/>\n\t<meta property=\"og:image:type\" content=\"image\/jpeg\" \/>\n<meta name=\"author\" content=\"enequipo\" \/>\n<meta name=\"twitter:card\" content=\"summary_large_image\" \/>\n<meta name=\"twitter:creator\" content=\"@sonoraenequipo\" \/>\n<meta name=\"twitter:site\" content=\"@sonoraenequipo\" \/>\n<meta name=\"twitter:label1\" content=\"Escrito por\" \/>\n\t<meta name=\"twitter:data1\" content=\"enequipo\" \/>\n\t<meta name=\"twitter:label2\" content=\"Tiempo de lectura\" \/>\n\t<meta name=\"twitter:data2\" content=\"3 minutos\" \/>\n<script type=\"application\/ld+json\" class=\"yoast-schema-graph\">{\"@context\":\"https:\/\/schema.org\",\"@graph\":[{\"@type\":\"Article\",\"@id\":\"https:\/\/www.sonoraenequipo.com.mx\/entregan-propuestas-ciudadanas-para-mejorar-movilidad\/#article\",\"isPartOf\":{\"@id\":\"https:\/\/www.sonoraenequipo.com.mx\/entregan-propuestas-ciudadanas-para-mejorar-movilidad\/\"},\"author\":{\"name\":\"enequipo\",\"@id\":\"https:\/\/www.sonoraenequipo.com.mx\/#\/schema\/person\/50102df0fb23a8fa9e8effad8fa81386\"},\"headline\":\"Entregan propuestas ciudadanas para mejorar movilidad\",\"datePublished\":\"2022-10-19T22:13:38+00:00\",\"mainEntityOfPage\":{\"@id\":\"https:\/\/www.sonoraenequipo.com.mx\/entregan-propuestas-ciudadanas-para-mejorar-movilidad\/\"},\"wordCount\":654,\"commentCount\":0,\"publisher\":{\"@id\":\"https:\/\/www.sonoraenequipo.com.mx\/#organization\"},\"image\":{\"@id\":\"https:\/\/www.sonoraenequipo.com.mx\/entregan-propuestas-ciudadanas-para-mejorar-movilidad\/#primaryimage\"},\"thumbnailUrl\":\"https:\/\/www.sonoraenequipo.com.mx\/storage\/2022\/10\/hcv.jpg\",\"keywords\":[\"hermosillo\",\"MOVILIDAD\"],\"articleSection\":[\"Municipios\"],\"inLanguage\":\"es\",\"potentialAction\":[{\"@type\":\"CommentAction\",\"name\":\"Comment\",\"target\":[\"https:\/\/www.sonoraenequipo.com.mx\/entregan-propuestas-ciudadanas-para-mejorar-movilidad\/#respond\"]}]},{\"@type\":\"WebPage\",\"@id\":\"https:\/\/www.sonoraenequipo.com.mx\/entregan-propuestas-ciudadanas-para-mejorar-movilidad\/\",\"url\":\"https:\/\/www.sonoraenequipo.com.mx\/entregan-propuestas-ciudadanas-para-mejorar-movilidad\/\",\"name\":\"Sonora en Equipo. Entregan propuestas ciudadanas para mejorar movilidad Municipios\",\"isPartOf\":{\"@id\":\"https:\/\/www.sonoraenequipo.com.mx\/#website\"},\"primaryImageOfPage\":{\"@id\":\"https:\/\/www.sonoraenequipo.com.mx\/entregan-propuestas-ciudadanas-para-mejorar-movilidad\/#primaryimage\"},\"image\":{\"@id\":\"https:\/\/www.sonoraenequipo.com.mx\/entregan-propuestas-ciudadanas-para-mejorar-movilidad\/#primaryimage\"},\"thumbnailUrl\":\"https:\/\/www.sonoraenequipo.com.mx\/storage\/2022\/10\/hcv.jpg\",\"datePublished\":\"2022-10-19T22:13:38+00:00\",\"description\":\"HERMOSILLO, SONORA,MX.\u2500\u2500 Representantes de organizaciones ciudadanas y especialistas que integran la mesa de movilidad de la organizaci\u00f3n Hermosillo \u00bfC\u00f3mo En Sonora en Equipo publicamos toda la informaci\u00f3n de Sonora, M\u00e9xico y el Mundo de manera oportuna y busca que la libertad de expresi\u00f3n sea real. Visita nuestro medio informativo publicado desde Hermosillo, Sonora. %\",\"breadcrumb\":{\"@id\":\"https:\/\/www.sonoraenequipo.com.mx\/entregan-propuestas-ciudadanas-para-mejorar-movilidad\/#breadcrumb\"},\"inLanguage\":\"es\",\"potentialAction\":[{\"@type\":\"ReadAction\",\"target\":[\"https:\/\/www.sonoraenequipo.com.mx\/entregan-propuestas-ciudadanas-para-mejorar-movilidad\/\"]}]},{\"@type\":\"ImageObject\",\"inLanguage\":\"es\",\"@id\":\"https:\/\/www.sonoraenequipo.com.mx\/entregan-propuestas-ciudadanas-para-mejorar-movilidad\/#primaryimage\",\"url\":\"https:\/\/www.sonoraenequipo.com.mx\/storage\/2022\/10\/hcv.jpg\",\"contentUrl\":\"https:\/\/www.sonoraenequipo.com.mx\/storage\/2022\/10\/hcv.jpg\",\"width\":1280,\"height\":853},{\"@type\":\"BreadcrumbList\",\"@id\":\"https:\/\/www.sonoraenequipo.com.mx\/entregan-propuestas-ciudadanas-para-mejorar-movilidad\/#breadcrumb\",\"itemListElement\":[{\"@type\":\"ListItem\",\"position\":1,\"name\":\"Portada\",\"item\":\"https:\/\/www.sonoraenequipo.com.mx\/\"},{\"@type\":\"ListItem\",\"position\":2,\"name\":\"Entregan propuestas ciudadanas para mejorar movilidad\"}]},{\"@type\":\"WebSite\",\"@id\":\"https:\/\/www.sonoraenequipo.com.mx\/#website\",\"url\":\"https:\/\/www.sonoraenequipo.com.mx\/\",\"name\":\"Sonora en Equipo.\",\"description\":\"Diario en l\u00ednea con Noticias desde Hermosillo, Sonora\",\"publisher\":{\"@id\":\"https:\/\/www.sonoraenequipo.com.mx\/#organization\"},\"potentialAction\":[{\"@type\":\"SearchAction\",\"target\":{\"@type\":\"EntryPoint\",\"urlTemplate\":\"https:\/\/www.sonoraenequipo.com.mx\/?s={search_term_string}\"},\"query-input\":{\"@type\":\"PropertyValueSpecification\",\"valueRequired\":true,\"valueName\":\"search_term_string\"}}],\"inLanguage\":\"es\"},{\"@type\":\"Organization\",\"@id\":\"https:\/\/www.sonoraenequipo.com.mx\/#organization\",\"name\":\"Sonoraenequipo.com.mx\",\"url\":\"https:\/\/www.sonoraenequipo.com.mx\/\",\"logo\":{\"@type\":\"ImageObject\",\"inLanguage\":\"es\",\"@id\":\"https:\/\/www.sonoraenequipo.com.mx\/#\/schema\/logo\/image\/\",\"url\":\"https:\/\/www.sonoraenequipo.com.mx\/storage\/2019\/01\/sonoraenequipo_opt.png\",\"contentUrl\":\"https:\/\/www.sonoraenequipo.com.mx\/storage\/2019\/01\/sonoraenequipo_opt.png\",\"width\":375,\"height\":125,\"caption\":\"Sonoraenequipo.com.mx\"},\"image\":{\"@id\":\"https:\/\/www.sonoraenequipo.com.mx\/#\/schema\/logo\/image\/\"},\"sameAs\":[\"https:\/\/www.facebook.com\/SonoraEE\/\",\"https:\/\/x.com\/sonoraenequipo\",\"https:\/\/www.youtube.com\/channel\/UC338nW-lPEYmJQs4ZABQ1SQ\"]},{\"@type\":\"Person\",\"@id\":\"https:\/\/www.sonoraenequipo.com.mx\/#\/schema\/person\/50102df0fb23a8fa9e8effad8fa81386\",\"name\":\"enequipo\",\"image\":{\"@type\":\"ImageObject\",\"inLanguage\":\"es\",\"@id\":\"https:\/\/www.sonoraenequipo.com.mx\/#\/schema\/person\/image\/\",\"url\":\"https:\/\/secure.gravatar.com\/avatar\/049821681b589dabc0bc20695993ccebb09f5b5d4d790cd9251b97faac7c652b?s=96&d=blank&r=g\",\"contentUrl\":\"https:\/\/secure.gravatar.com\/avatar\/049821681b589dabc0bc20695993ccebb09f5b5d4d790cd9251b97faac7c652b?s=96&d=blank&r=g\",\"caption\":\"enequipo\"},\"sameAs\":[\"https:\/\/www.facebook.com\/SonoraEE\"]}]}<\/script>\n ","yoast_head_json":{"title":"Sonora en Equipo. Entregan propuestas ciudadanas para mejorar movilidad Municipios","description":"HERMOSILLO, SONORA,MX.\u2500\u2500 Representantes de organizaciones ciudadanas y especialistas que integran la mesa de movilidad de la organizaci\u00f3n Hermosillo \u00bfC\u00f3mo En Sonora en Equipo publicamos toda la informaci\u00f3n de Sonora, M\u00e9xico y el Mundo de manera oportuna y busca que la libertad de expresi\u00f3n sea real. Visita nuestro medio informativo publicado desde Hermosillo, Sonora. %","robots":{"index":"index","follow":"follow","max-snippet":"max-snippet:-1","max-image-preview":"max-image-preview:large","max-video-preview":"max-video-preview:-1"},"canonical":"https:\/\/www.sonoraenequipo.com.mx\/entregan-propuestas-ciudadanas-para-mejorar-movilidad\/","og_locale":"es_ES","og_type":"article","og_title":"Sonora en Equipo. Entregan propuestas ciudadanas para mejorar movilidad Municipios","og_description":"HERMOSILLO, SONORA,MX.\u2500\u2500 Representantes de organizaciones ciudadanas y especialistas que integran la mesa de movilidad de la organizaci\u00f3n Hermosillo \u00bfC\u00f3mo En Sonora en Equipo publicamos toda la informaci\u00f3n de Sonora, M\u00e9xico y el Mundo de manera oportuna y busca que la libertad de expresi\u00f3n sea real. Visita nuestro medio informativo publicado desde Hermosillo, Sonora. %","og_url":"https:\/\/www.sonoraenequipo.com.mx\/entregan-propuestas-ciudadanas-para-mejorar-movilidad\/","og_site_name":"Sonora en Equipo.","article_publisher":"https:\/\/www.facebook.com\/SonoraEE\/","article_author":"https:\/\/www.facebook.com\/SonoraEE","article_published_time":"2022-10-19T22:13:38+00:00","og_image":[{"width":1280,"height":853,"url":"https:\/\/www.sonoraenequipo.com.mx\/storage\/2022\/10\/hcv.jpg","type":"image\/jpeg"}],"author":"enequipo","twitter_card":"summary_large_image","twitter_creator":"@sonoraenequipo","twitter_site":"@sonoraenequipo","twitter_misc":{"Escrito por":"enequipo","Tiempo de lectura":"3 minutos"},"schema":{"@context":"https:\/\/schema.org","@graph":[{"@type":"Article","@id":"https:\/\/www.sonoraenequipo.com.mx\/entregan-propuestas-ciudadanas-para-mejorar-movilidad\/#article","isPartOf":{"@id":"https:\/\/www.sonoraenequipo.com.mx\/entregan-propuestas-ciudadanas-para-mejorar-movilidad\/"},"author":{"name":"enequipo","@id":"https:\/\/www.sonoraenequipo.com.mx\/#\/schema\/person\/50102df0fb23a8fa9e8effad8fa81386"},"headline":"Entregan propuestas ciudadanas para mejorar movilidad","datePublished":"2022-10-19T22:13:38+00:00","mainEntityOfPage":{"@id":"https:\/\/www.sonoraenequipo.com.mx\/entregan-propuestas-ciudadanas-para-mejorar-movilidad\/"},"wordCount":654,"commentCount":0,"publisher":{"@id":"https:\/\/www.sonoraenequipo.com.mx\/#organization"},"image":{"@id":"https:\/\/www.sonoraenequipo.com.mx\/entregan-propuestas-ciudadanas-para-mejorar-movilidad\/#primaryimage"},"thumbnailUrl":"https:\/\/www.sonoraenequipo.com.mx\/storage\/2022\/10\/hcv.jpg","keywords":["hermosillo","MOVILIDAD"],"articleSection":["Municipios"],"inLanguage":"es","potentialAction":[{"@type":"CommentAction","name":"Comment","target":["https:\/\/www.sonoraenequipo.com.mx\/entregan-propuestas-ciudadanas-para-mejorar-movilidad\/#respond"]}]},{"@type":"WebPage","@id":"https:\/\/www.sonoraenequipo.com.mx\/entregan-propuestas-ciudadanas-para-mejorar-movilidad\/","url":"https:\/\/www.sonoraenequipo.com.mx\/entregan-propuestas-ciudadanas-para-mejorar-movilidad\/","name":"Sonora en Equipo. Entregan propuestas ciudadanas para mejorar movilidad Municipios","isPartOf":{"@id":"https:\/\/www.sonoraenequipo.com.mx\/#website"},"primaryImageOfPage":{"@id":"https:\/\/www.sonoraenequipo.com.mx\/entregan-propuestas-ciudadanas-para-mejorar-movilidad\/#primaryimage"},"image":{"@id":"https:\/\/www.sonoraenequipo.com.mx\/entregan-propuestas-ciudadanas-para-mejorar-movilidad\/#primaryimage"},"thumbnailUrl":"https:\/\/www.sonoraenequipo.com.mx\/storage\/2022\/10\/hcv.jpg","datePublished":"2022-10-19T22:13:38+00:00","description":"HERMOSILLO, SONORA,MX.\u2500\u2500 Representantes de organizaciones ciudadanas y especialistas que integran la mesa de movilidad de la organizaci\u00f3n Hermosillo \u00bfC\u00f3mo En Sonora en Equipo publicamos toda la informaci\u00f3n de Sonora, M\u00e9xico y el Mundo de manera oportuna y busca que la libertad de expresi\u00f3n sea real. Visita nuestro medio informativo publicado desde Hermosillo, Sonora. %","breadcrumb":{"@id":"https:\/\/www.sonoraenequipo.com.mx\/entregan-propuestas-ciudadanas-para-mejorar-movilidad\/#breadcrumb"},"inLanguage":"es","potentialAction":[{"@type":"ReadAction","target":["https:\/\/www.sonoraenequipo.com.mx\/entregan-propuestas-ciudadanas-para-mejorar-movilidad\/"]}]},{"@type":"ImageObject","inLanguage":"es","@id":"https:\/\/www.sonoraenequipo.com.mx\/entregan-propuestas-ciudadanas-para-mejorar-movilidad\/#primaryimage","url":"https:\/\/www.sonoraenequipo.com.mx\/storage\/2022\/10\/hcv.jpg","contentUrl":"https:\/\/www.sonoraenequipo.com.mx\/storage\/2022\/10\/hcv.jpg","width":1280,"height":853},{"@type":"BreadcrumbList","@id":"https:\/\/www.sonoraenequipo.com.mx\/entregan-propuestas-ciudadanas-para-mejorar-movilidad\/#breadcrumb","itemListElement":[{"@type":"ListItem","position":1,"name":"Portada","item":"https:\/\/www.sonoraenequipo.com.mx\/"},{"@type":"ListItem","position":2,"name":"Entregan propuestas ciudadanas para mejorar movilidad"}]},{"@type":"WebSite","@id":"https:\/\/www.sonoraenequipo.com.mx\/#website","url":"https:\/\/www.sonoraenequipo.com.mx\/","name":"Sonora en Equipo.","description":"Diario en l\u00ednea con Noticias desde Hermosillo, Sonora","publisher":{"@id":"https:\/\/www.sonoraenequipo.com.mx\/#organization"},"potentialAction":[{"@type":"SearchAction","target":{"@type":"EntryPoint","urlTemplate":"https:\/\/www.sonoraenequipo.com.mx\/?s={search_term_string}"},"query-input":{"@type":"PropertyValueSpecification","valueRequired":true,"valueName":"search_term_string"}}],"inLanguage":"es"},{"@type":"Organization","@id":"https:\/\/www.sonoraenequipo.com.mx\/#organization","name":"Sonoraenequipo.com.mx","url":"https:\/\/www.sonoraenequipo.com.mx\/","logo":{"@type":"ImageObject","inLanguage":"es","@id":"https:\/\/www.sonoraenequipo.com.mx\/#\/schema\/logo\/image\/","url":"https:\/\/www.sonoraenequipo.com.mx\/storage\/2019\/01\/sonoraenequipo_opt.png","contentUrl":"https:\/\/www.sonoraenequipo.com.mx\/storage\/2019\/01\/sonoraenequipo_opt.png","width":375,"height":125,"caption":"Sonoraenequipo.com.mx"},"image":{"@id":"https:\/\/www.sonoraenequipo.com.mx\/#\/schema\/logo\/image\/"},"sameAs":["https:\/\/www.facebook.com\/SonoraEE\/","https:\/\/x.com\/sonoraenequipo","https:\/\/www.youtube.com\/channel\/UC338nW-lPEYmJQs4ZABQ1SQ"]},{"@type":"Person","@id":"https:\/\/www.sonoraenequipo.com.mx\/#\/schema\/person\/50102df0fb23a8fa9e8effad8fa81386","name":"enequipo","image":{"@type":"ImageObject","inLanguage":"es","@id":"https:\/\/www.sonoraenequipo.com.mx\/#\/schema\/person\/image\/","url":"https:\/\/secure.gravatar.com\/avatar\/049821681b589dabc0bc20695993ccebb09f5b5d4d790cd9251b97faac7c652b?s=96&d=blank&r=g","contentUrl":"https:\/\/secure.gravatar.com\/avatar\/049821681b589dabc0bc20695993ccebb09f5b5d4d790cd9251b97faac7c652b?s=96&d=blank&r=g","caption":"enequipo"},"sameAs":["https:\/\/www.facebook.com\/SonoraEE"]}]}},"jetpack_featured_media_url":"https:\/\/www.sonoraenequipo.com.mx\/storage\/2022\/10\/hcv.jpg","_links":{"self":[{"href":"https:\/\/www.sonoraenequipo.com.mx\/api\/wp\/v2\/posts\/149694","targetHints":{"allow":["GET"]}}],"collection":[{"href":"https:\/\/www.sonoraenequipo.com.mx\/api\/wp\/v2\/posts"}],"about":[{"href":"https:\/\/www.sonoraenequipo.com.mx\/api\/wp\/v2\/types\/post"}],"author":[{"embeddable":true,"href":"https:\/\/www.sonoraenequipo.com.mx\/api\/wp\/v2\/users\/1"}],"replies":[{"embeddable":true,"href":"https:\/\/www.sonoraenequipo.com.mx\/api\/wp\/v2\/comments?post=149694"}],"version-history":[{"count":1,"href":"https:\/\/www.sonoraenequipo.com.mx\/api\/wp\/v2\/posts\/149694\/revisions"}],"predecessor-version":[{"id":149696,"href":"https:\/\/www.sonoraenequipo.com.mx\/api\/wp\/v2\/posts\/149694\/revisions\/149696"}],"wp:featuredmedia":[{"embeddable":true,"href":"https:\/\/www.sonoraenequipo.com.mx\/api\/wp\/v2\/media\/149695"}],"wp:attachment":[{"href":"https:\/\/www.sonoraenequipo.com.mx\/api\/wp\/v2\/media?parent=149694"}],"wp:term":[{"taxonomy":"category","embeddable":true,"href":"https:\/\/www.sonoraenequipo.com.mx\/api\/wp\/v2\/categories?post=149694"},{"taxonomy":"post_tag","embeddable":true,"href":"https:\/\/www.sonoraenequipo.com.mx\/api\/wp\/v2\/tags?post=149694"}],"curies":[{"name":"wp","href":"https:\/\/api.w.org\/{rel}","templated":true}]}}