{"id":149706,"date":"2022-10-19T12:14:19","date_gmt":"2022-10-19T19:14:19","guid":{"rendered":"https:\/\/www.sonoraenequipo.com.mx\/?p=149706"},"modified":"2022-10-19T16:20:23","modified_gmt":"2022-10-19T23:20:23","slug":"denuncian-ante-el-ine-a-claudio-x-gonzalez-por-supuesto-plagio-del-nombre-de-la-alianza-unids","status":"publish","type":"post","link":"https:\/\/www.sonoraenequipo.com.mx\/denuncian-ante-el-ine-a-claudio-x-gonzalez-por-supuesto-plagio-del-nombre-de-la-alianza-unids\/","title":{"rendered":"Denuncian ante el INE a Claudio X. Gonz\u00e1lez por supuesto plagio del nombre de la alianza Unid@s"},"content":{"rendered":"<p><strong>TOLUCA, ESTADO DE M\u00c9XICO. MX.\u00a0 <\/strong>Juan Hugo de la Rosa, presidente de la agrupaci\u00f3n pol\u00edtica nacional Unid@s por un Mejor Pa\u00eds, present\u00f3 una denuncia formal ante el Instituto Nacional Electoral (INE) contra el empresario Claudio X. Gonz\u00e1lez y aliados por el supuesto plagio del nombre de la organizaci\u00f3n.<\/p>\n<p>&nbsp;<\/p>\n<p> <\/p>\n<p>&nbsp;<\/p>\n<p>El tambi\u00e9n exalcalde de Nezahualc\u00f3yotl precis\u00f3 que Unid@s (por un Mejor Pa\u00eds) es una agrupaci\u00f3n pol\u00edtica nacional de izquierda, registrada ante el INE desde 2020, y que surgi\u00f3 y hace trabajo con la gente en las calles. <strong><em>\u201cNacimos en la lucha social para buscar el bienestar de las mayor\u00edas\u201d,<\/em><\/strong> afirm\u00f3.<\/p>\n<p>&nbsp;<\/p>\n<p><strong>Unid@s,<\/strong> indic\u00f3, agrupa a miles de personas en 20 entidades del pa\u00eds, est\u00e1 aliado con Morena y coincide con el presidente de la Rep\u00fablica.<\/p>\n<p>&nbsp;<\/p>\n<p>Por el contrario, enfatiz\u00f3 que su organizaci\u00f3n difiere del grupo de empresarios y pol\u00edticos de derecha encabezados por X. Gonz\u00e1lez, <em><strong>\u201cdesesperados por haber perdido sus privilegios y (porque) los quieren recuperar\u201d.<\/strong><\/em><\/p>\n<p>&nbsp;<\/p>\n<p>Aunque dijo reconocer su derecho a la organizaci\u00f3n, plante\u00f3 como inconcebible que no se haya realizado una m\u00ednima investigaci\u00f3n para encontrar un nombre exclusivo. \u201c<strong><em>Confiamos en que se aplique la ley y no se permita que este grupo de derecha quiera enga\u00f1ar a la gente\u201d,<\/em> <\/strong>abund\u00f3.<\/p>\n<p>&nbsp;<\/p>\n<p>Por su parte, la diputada local Carmen de la Rosa, hija de Juan Hugo de la Rosa, pidi\u00f3 a los opositores al gobierno de Andr\u00e9s Manuel L\u00f3pez Obrador dejar de emplear las siglas de Unid@s porque ese nombre, oficialmente, pertenece a la organizaci\u00f3n pol\u00edtica de izquierda que naci\u00f3 en Nezahualc\u00f3yotl y tiene presencia en 110 municipios del territorio estatal y la mayor\u00eda de las entidades del pa\u00eds.<\/p>\n<p>&nbsp;<\/p>\n<p>El objetivo de la organizaci\u00f3n, se\u00f1al\u00f3, no es posicionar un producto-marca ni defender intereses empresariales y de organizaciones que tienen fines de lucro. <strong><em>\u201cHacemos el llamado para que claudiquen en su intento de usar este nombre en el Estado de M\u00e9xico\u201d<\/em><\/strong>, enfatiz\u00f3.<\/p>\n<p>&nbsp;<\/p>\n<p>En tanto, Mario Medina, integrante de Unid@s por un Mejor Pa\u00eds, asegur\u00f3 que Claudio X Gonz\u00e1lez y otros actores pol\u00edticos y sociales de derecha est\u00e1n incurriendo en una ilegalidad al usurpar el nombre, pero confi\u00f3 en que el INE actuar\u00e1 con celeridad y ordenar\u00e1 a los empresarios dejar de usar las siglas de su organizaci\u00f3n.<\/p>\n<p>&nbsp;<\/p>\n<p>&nbsp;<\/p>\n<p>PUBLICADO EL 19\/OCTUBRE DE 2022)<\/p>\n","protected":false},"excerpt":{"rendered":"<p>TOLUCA, ESTADO DE M\u00c9XICO. MX.\u00a0 Juan Hugo de la Rosa, presidente de la agrupaci\u00f3n pol\u00edtica&#8230;<\/p>\n","protected":false},"author":1,"featured_media":149707,"comment_status":"open","ping_status":"open","sticky":false,"template":"","format":"standard","meta":{"_monsterinsights_skip_tracking":false,"_monsterinsights_sitenote_active":false,"_monsterinsights_sitenote_note":"","_monsterinsights_sitenote_category":0,"footnotes":""},"categories":[5],"tags":[],"class_list":["post"],"yoast_head":" \n<title>Sonora en Equipo. Denuncian ante el INE a Claudio X. Gonz\u00e1lez por supuesto plagio del nombre de la alianza Unid@s Rep\u00fablica<\/title>\n<meta name=\"description\" content=\"TOLUCA, ESTADO DE M\u00c9XICO. MX.\u00a0 Juan Hugo de la Rosa, presidente de la agrupaci\u00f3n pol\u00edtica nacional Unid@s por un Mejor Pa\u00eds, present\u00f3 una denuncia formal En Sonora en Equipo publicamos toda la informaci\u00f3n de Sonora, M\u00e9xico y el Mundo de manera oportuna y busca que la libertad de expresi\u00f3n sea real. Visita nuestro medio informativo publicado desde Hermosillo, Sonora. %\" \/>\n<meta name=\"robots\" content=\"index, follow, max-snippet:-1, max-image-preview:large, max-video-preview:-1\" \/>\n<link rel=\"canonical\" href=\"https:\/\/www.sonoraenequipo.com.mx\/denuncian-ante-el-ine-a-claudio-x-gonzalez-por-supuesto-plagio-del-nombre-de-la-alianza-unids\/\" \/>\n<meta property=\"og:locale\" content=\"es_ES\" \/>\n<meta property=\"og:type\" content=\"article\" \/>\n<meta property=\"og:title\" content=\"Sonora en Equipo. Denuncian ante el INE a Claudio X. Gonz\u00e1lez por supuesto plagio del nombre de la alianza Unid@s Rep\u00fablica\" \/>\n<meta property=\"og:description\" content=\"TOLUCA, ESTADO DE M\u00c9XICO. MX.\u00a0 Juan Hugo de la Rosa, presidente de la agrupaci\u00f3n pol\u00edtica nacional Unid@s por un Mejor Pa\u00eds, present\u00f3 una denuncia formal En Sonora en Equipo publicamos toda la informaci\u00f3n de Sonora, M\u00e9xico y el Mundo de manera oportuna y busca que la libertad de expresi\u00f3n sea real. Visita nuestro medio informativo publicado desde Hermosillo, Sonora. %\" \/>\n<meta property=\"og:url\" content=\"https:\/\/www.sonoraenequipo.com.mx\/denuncian-ante-el-ine-a-claudio-x-gonzalez-por-supuesto-plagio-del-nombre-de-la-alianza-unids\/\" \/>\n<meta property=\"og:site_name\" content=\"Sonora en Equipo.\" \/>\n<meta property=\"article:publisher\" content=\"https:\/\/www.facebook.com\/SonoraEE\/\" \/>\n<meta property=\"article:author\" content=\"https:\/\/www.facebook.com\/SonoraEE\" \/>\n<meta property=\"article:published_time\" content=\"2022-10-19T19:14:19+00:00\" \/>\n<meta property=\"article:modified_time\" content=\"2022-10-19T23:20:23+00:00\" \/>\n<meta property=\"og:image\" content=\"https:\/\/www.sonoraenequipo.com.mx\/storage\/2022\/10\/f800x450-156731_208177_5050.jpg\" \/>\n\t<meta property=\"og:image:width\" content=\"788\" \/>\n\t<meta property=\"og:image:height\" content=\"450\" \/>\n\t<meta property=\"og:image:type\" content=\"image\/jpeg\" \/>\n<meta name=\"author\" content=\"enequipo\" \/>\n<meta name=\"twitter:card\" content=\"summary_large_image\" \/>\n<meta name=\"twitter:creator\" content=\"@sonoraenequipo\" \/>\n<meta name=\"twitter:site\" content=\"@sonoraenequipo\" \/>\n<meta name=\"twitter:label1\" content=\"Escrito por\" \/>\n\t<meta name=\"twitter:data1\" content=\"enequipo\" \/>\n\t<meta name=\"twitter:label2\" content=\"Tiempo de lectura\" \/>\n\t<meta name=\"twitter:data2\" content=\"2 minutos\" \/>\n<script type=\"application\/ld+json\" class=\"yoast-schema-graph\">{\"@context\":\"https:\/\/schema.org\",\"@graph\":[{\"@type\":\"Article\",\"@id\":\"https:\/\/www.sonoraenequipo.com.mx\/denuncian-ante-el-ine-a-claudio-x-gonzalez-por-supuesto-plagio-del-nombre-de-la-alianza-unids\/#article\",\"isPartOf\":{\"@id\":\"https:\/\/www.sonoraenequipo.com.mx\/denuncian-ante-el-ine-a-claudio-x-gonzalez-por-supuesto-plagio-del-nombre-de-la-alianza-unids\/\"},\"author\":{\"name\":\"enequipo\",\"@id\":\"https:\/\/www.sonoraenequipo.com.mx\/#\/schema\/person\/50102df0fb23a8fa9e8effad8fa81386\"},\"headline\":\"Denuncian ante el INE a Claudio X. Gonz\u00e1lez por supuesto plagio del nombre de la alianza Unid@s\",\"datePublished\":\"2022-10-19T19:14:19+00:00\",\"dateModified\":\"2022-10-19T23:20:23+00:00\",\"mainEntityOfPage\":{\"@id\":\"https:\/\/www.sonoraenequipo.com.mx\/denuncian-ante-el-ine-a-claudio-x-gonzalez-por-supuesto-plagio-del-nombre-de-la-alianza-unids\/\"},\"wordCount\":434,\"commentCount\":0,\"publisher\":{\"@id\":\"https:\/\/www.sonoraenequipo.com.mx\/#organization\"},\"image\":{\"@id\":\"https:\/\/www.sonoraenequipo.com.mx\/denuncian-ante-el-ine-a-claudio-x-gonzalez-por-supuesto-plagio-del-nombre-de-la-alianza-unids\/#primaryimage\"},\"thumbnailUrl\":\"https:\/\/www.sonoraenequipo.com.mx\/storage\/2022\/10\/f800x450-156731_208177_5050.jpg\",\"articleSection\":[\"Rep\u00fablica\"],\"inLanguage\":\"es\",\"potentialAction\":[{\"@type\":\"CommentAction\",\"name\":\"Comment\",\"target\":[\"https:\/\/www.sonoraenequipo.com.mx\/denuncian-ante-el-ine-a-claudio-x-gonzalez-por-supuesto-plagio-del-nombre-de-la-alianza-unids\/#respond\"]}]},{\"@type\":\"WebPage\",\"@id\":\"https:\/\/www.sonoraenequipo.com.mx\/denuncian-ante-el-ine-a-claudio-x-gonzalez-por-supuesto-plagio-del-nombre-de-la-alianza-unids\/\",\"url\":\"https:\/\/www.sonoraenequipo.com.mx\/denuncian-ante-el-ine-a-claudio-x-gonzalez-por-supuesto-plagio-del-nombre-de-la-alianza-unids\/\",\"name\":\"Sonora en Equipo. Denuncian ante el INE a Claudio X. Gonz\u00e1lez por supuesto plagio del nombre de la alianza Unid@s Rep\u00fablica\",\"isPartOf\":{\"@id\":\"https:\/\/www.sonoraenequipo.com.mx\/#website\"},\"primaryImageOfPage\":{\"@id\":\"https:\/\/www.sonoraenequipo.com.mx\/denuncian-ante-el-ine-a-claudio-x-gonzalez-por-supuesto-plagio-del-nombre-de-la-alianza-unids\/#primaryimage\"},\"image\":{\"@id\":\"https:\/\/www.sonoraenequipo.com.mx\/denuncian-ante-el-ine-a-claudio-x-gonzalez-por-supuesto-plagio-del-nombre-de-la-alianza-unids\/#primaryimage\"},\"thumbnailUrl\":\"https:\/\/www.sonoraenequipo.com.mx\/storage\/2022\/10\/f800x450-156731_208177_5050.jpg\",\"datePublished\":\"2022-10-19T19:14:19+00:00\",\"dateModified\":\"2022-10-19T23:20:23+00:00\",\"description\":\"TOLUCA, ESTADO DE M\u00c9XICO. MX.\u00a0 Juan Hugo de la Rosa, presidente de la agrupaci\u00f3n pol\u00edtica nacional Unid@s por un Mejor Pa\u00eds, present\u00f3 una denuncia formal En Sonora en Equipo publicamos toda la informaci\u00f3n de Sonora, M\u00e9xico y el Mundo de manera oportuna y busca que la libertad de expresi\u00f3n sea real. Visita nuestro medio informativo publicado desde Hermosillo, Sonora. %\",\"breadcrumb\":{\"@id\":\"https:\/\/www.sonoraenequipo.com.mx\/denuncian-ante-el-ine-a-claudio-x-gonzalez-por-supuesto-plagio-del-nombre-de-la-alianza-unids\/#breadcrumb\"},\"inLanguage\":\"es\",\"potentialAction\":[{\"@type\":\"ReadAction\",\"target\":[\"https:\/\/www.sonoraenequipo.com.mx\/denuncian-ante-el-ine-a-claudio-x-gonzalez-por-supuesto-plagio-del-nombre-de-la-alianza-unids\/\"]}]},{\"@type\":\"ImageObject\",\"inLanguage\":\"es\",\"@id\":\"https:\/\/www.sonoraenequipo.com.mx\/denuncian-ante-el-ine-a-claudio-x-gonzalez-por-supuesto-plagio-del-nombre-de-la-alianza-unids\/#primaryimage\",\"url\":\"https:\/\/www.sonoraenequipo.com.mx\/storage\/2022\/10\/f800x450-156731_208177_5050.jpg\",\"contentUrl\":\"https:\/\/www.sonoraenequipo.com.mx\/storage\/2022\/10\/f800x450-156731_208177_5050.jpg\",\"width\":788,\"height\":450},{\"@type\":\"BreadcrumbList\",\"@id\":\"https:\/\/www.sonoraenequipo.com.mx\/denuncian-ante-el-ine-a-claudio-x-gonzalez-por-supuesto-plagio-del-nombre-de-la-alianza-unids\/#breadcrumb\",\"itemListElement\":[{\"@type\":\"ListItem\",\"position\":1,\"name\":\"Portada\",\"item\":\"https:\/\/www.sonoraenequipo.com.mx\/\"},{\"@type\":\"ListItem\",\"position\":2,\"name\":\"Denuncian ante el INE a Claudio X. Gonz\u00e1lez por supuesto plagio del nombre de la alianza Unid@s\"}]},{\"@type\":\"WebSite\",\"@id\":\"https:\/\/www.sonoraenequipo.com.mx\/#website\",\"url\":\"https:\/\/www.sonoraenequipo.com.mx\/\",\"name\":\"Sonora en Equipo.\",\"description\":\"Diario en l\u00ednea con Noticias desde Hermosillo, Sonora\",\"publisher\":{\"@id\":\"https:\/\/www.sonoraenequipo.com.mx\/#organization\"},\"potentialAction\":[{\"@type\":\"SearchAction\",\"target\":{\"@type\":\"EntryPoint\",\"urlTemplate\":\"https:\/\/www.sonoraenequipo.com.mx\/?s={search_term_string}\"},\"query-input\":{\"@type\":\"PropertyValueSpecification\",\"valueRequired\":true,\"valueName\":\"search_term_string\"}}],\"inLanguage\":\"es\"},{\"@type\":\"Organization\",\"@id\":\"https:\/\/www.sonoraenequipo.com.mx\/#organization\",\"name\":\"Sonoraenequipo.com.mx\",\"url\":\"https:\/\/www.sonoraenequipo.com.mx\/\",\"logo\":{\"@type\":\"ImageObject\",\"inLanguage\":\"es\",\"@id\":\"https:\/\/www.sonoraenequipo.com.mx\/#\/schema\/logo\/image\/\",\"url\":\"https:\/\/www.sonoraenequipo.com.mx\/storage\/2019\/01\/sonoraenequipo_opt.png\",\"contentUrl\":\"https:\/\/www.sonoraenequipo.com.mx\/storage\/2019\/01\/sonoraenequipo_opt.png\",\"width\":375,\"height\":125,\"caption\":\"Sonoraenequipo.com.mx\"},\"image\":{\"@id\":\"https:\/\/www.sonoraenequipo.com.mx\/#\/schema\/logo\/image\/\"},\"sameAs\":[\"https:\/\/www.facebook.com\/SonoraEE\/\",\"https:\/\/x.com\/sonoraenequipo\",\"https:\/\/www.youtube.com\/channel\/UC338nW-lPEYmJQs4ZABQ1SQ\"]},{\"@type\":\"Person\",\"@id\":\"https:\/\/www.sonoraenequipo.com.mx\/#\/schema\/person\/50102df0fb23a8fa9e8effad8fa81386\",\"name\":\"enequipo\",\"image\":{\"@type\":\"ImageObject\",\"inLanguage\":\"es\",\"@id\":\"https:\/\/www.sonoraenequipo.com.mx\/#\/schema\/person\/image\/\",\"url\":\"https:\/\/secure.gravatar.com\/avatar\/049821681b589dabc0bc20695993ccebb09f5b5d4d790cd9251b97faac7c652b?s=96&d=blank&r=g\",\"contentUrl\":\"https:\/\/secure.gravatar.com\/avatar\/049821681b589dabc0bc20695993ccebb09f5b5d4d790cd9251b97faac7c652b?s=96&d=blank&r=g\",\"caption\":\"enequipo\"},\"sameAs\":[\"https:\/\/www.facebook.com\/SonoraEE\"]}]}<\/script>\n ","yoast_head_json":{"title":"Sonora en Equipo. Denuncian ante el INE a Claudio X. Gonz\u00e1lez por supuesto plagio del nombre de la alianza Unid@s Rep\u00fablica","description":"TOLUCA, ESTADO DE M\u00c9XICO. MX.\u00a0 Juan Hugo de la Rosa, presidente de la agrupaci\u00f3n pol\u00edtica nacional Unid@s por un Mejor Pa\u00eds, present\u00f3 una denuncia formal En Sonora en Equipo publicamos toda la informaci\u00f3n de Sonora, M\u00e9xico y el Mundo de manera oportuna y busca que la libertad de expresi\u00f3n sea real. Visita nuestro medio informativo publicado desde Hermosillo, Sonora. %","robots":{"index":"index","follow":"follow","max-snippet":"max-snippet:-1","max-image-preview":"max-image-preview:large","max-video-preview":"max-video-preview:-1"},"canonical":"https:\/\/www.sonoraenequipo.com.mx\/denuncian-ante-el-ine-a-claudio-x-gonzalez-por-supuesto-plagio-del-nombre-de-la-alianza-unids\/","og_locale":"es_ES","og_type":"article","og_title":"Sonora en Equipo. Denuncian ante el INE a Claudio X. Gonz\u00e1lez por supuesto plagio del nombre de la alianza Unid@s Rep\u00fablica","og_description":"TOLUCA, ESTADO DE M\u00c9XICO. MX.\u00a0 Juan Hugo de la Rosa, presidente de la agrupaci\u00f3n pol\u00edtica nacional Unid@s por un Mejor Pa\u00eds, present\u00f3 una denuncia formal En Sonora en Equipo publicamos toda la informaci\u00f3n de Sonora, M\u00e9xico y el Mundo de manera oportuna y busca que la libertad de expresi\u00f3n sea real. Visita nuestro medio informativo publicado desde Hermosillo, Sonora. %","og_url":"https:\/\/www.sonoraenequipo.com.mx\/denuncian-ante-el-ine-a-claudio-x-gonzalez-por-supuesto-plagio-del-nombre-de-la-alianza-unids\/","og_site_name":"Sonora en Equipo.","article_publisher":"https:\/\/www.facebook.com\/SonoraEE\/","article_author":"https:\/\/www.facebook.com\/SonoraEE","article_published_time":"2022-10-19T19:14:19+00:00","article_modified_time":"2022-10-19T23:20:23+00:00","og_image":[{"width":788,"height":450,"url":"https:\/\/www.sonoraenequipo.com.mx\/storage\/2022\/10\/f800x450-156731_208177_5050.jpg","type":"image\/jpeg"}],"author":"enequipo","twitter_card":"summary_large_image","twitter_creator":"@sonoraenequipo","twitter_site":"@sonoraenequipo","twitter_misc":{"Escrito por":"enequipo","Tiempo de lectura":"2 minutos"},"schema":{"@context":"https:\/\/schema.org","@graph":[{"@type":"Article","@id":"https:\/\/www.sonoraenequipo.com.mx\/denuncian-ante-el-ine-a-claudio-x-gonzalez-por-supuesto-plagio-del-nombre-de-la-alianza-unids\/#article","isPartOf":{"@id":"https:\/\/www.sonoraenequipo.com.mx\/denuncian-ante-el-ine-a-claudio-x-gonzalez-por-supuesto-plagio-del-nombre-de-la-alianza-unids\/"},"author":{"name":"enequipo","@id":"https:\/\/www.sonoraenequipo.com.mx\/#\/schema\/person\/50102df0fb23a8fa9e8effad8fa81386"},"headline":"Denuncian ante el INE a Claudio X. Gonz\u00e1lez por supuesto plagio del nombre de la alianza Unid@s","datePublished":"2022-10-19T19:14:19+00:00","dateModified":"2022-10-19T23:20:23+00:00","mainEntityOfPage":{"@id":"https:\/\/www.sonoraenequipo.com.mx\/denuncian-ante-el-ine-a-claudio-x-gonzalez-por-supuesto-plagio-del-nombre-de-la-alianza-unids\/"},"wordCount":434,"commentCount":0,"publisher":{"@id":"https:\/\/www.sonoraenequipo.com.mx\/#organization"},"image":{"@id":"https:\/\/www.sonoraenequipo.com.mx\/denuncian-ante-el-ine-a-claudio-x-gonzalez-por-supuesto-plagio-del-nombre-de-la-alianza-unids\/#primaryimage"},"thumbnailUrl":"https:\/\/www.sonoraenequipo.com.mx\/storage\/2022\/10\/f800x450-156731_208177_5050.jpg","articleSection":["Rep\u00fablica"],"inLanguage":"es","potentialAction":[{"@type":"CommentAction","name":"Comment","target":["https:\/\/www.sonoraenequipo.com.mx\/denuncian-ante-el-ine-a-claudio-x-gonzalez-por-supuesto-plagio-del-nombre-de-la-alianza-unids\/#respond"]}]},{"@type":"WebPage","@id":"https:\/\/www.sonoraenequipo.com.mx\/denuncian-ante-el-ine-a-claudio-x-gonzalez-por-supuesto-plagio-del-nombre-de-la-alianza-unids\/","url":"https:\/\/www.sonoraenequipo.com.mx\/denuncian-ante-el-ine-a-claudio-x-gonzalez-por-supuesto-plagio-del-nombre-de-la-alianza-unids\/","name":"Sonora en Equipo. Denuncian ante el INE a Claudio X. Gonz\u00e1lez por supuesto plagio del nombre de la alianza Unid@s Rep\u00fablica","isPartOf":{"@id":"https:\/\/www.sonoraenequipo.com.mx\/#website"},"primaryImageOfPage":{"@id":"https:\/\/www.sonoraenequipo.com.mx\/denuncian-ante-el-ine-a-claudio-x-gonzalez-por-supuesto-plagio-del-nombre-de-la-alianza-unids\/#primaryimage"},"image":{"@id":"https:\/\/www.sonoraenequipo.com.mx\/denuncian-ante-el-ine-a-claudio-x-gonzalez-por-supuesto-plagio-del-nombre-de-la-alianza-unids\/#primaryimage"},"thumbnailUrl":"https:\/\/www.sonoraenequipo.com.mx\/storage\/2022\/10\/f800x450-156731_208177_5050.jpg","datePublished":"2022-10-19T19:14:19+00:00","dateModified":"2022-10-19T23:20:23+00:00","description":"TOLUCA, ESTADO DE M\u00c9XICO. MX.\u00a0 Juan Hugo de la Rosa, presidente de la agrupaci\u00f3n pol\u00edtica nacional Unid@s por un Mejor Pa\u00eds, present\u00f3 una denuncia formal En Sonora en Equipo publicamos toda la informaci\u00f3n de Sonora, M\u00e9xico y el Mundo de manera oportuna y busca que la libertad de expresi\u00f3n sea real. Visita nuestro medio informativo publicado desde Hermosillo, Sonora. %","breadcrumb":{"@id":"https:\/\/www.sonoraenequipo.com.mx\/denuncian-ante-el-ine-a-claudio-x-gonzalez-por-supuesto-plagio-del-nombre-de-la-alianza-unids\/#breadcrumb"},"inLanguage":"es","potentialAction":[{"@type":"ReadAction","target":["https:\/\/www.sonoraenequipo.com.mx\/denuncian-ante-el-ine-a-claudio-x-gonzalez-por-supuesto-plagio-del-nombre-de-la-alianza-unids\/"]}]},{"@type":"ImageObject","inLanguage":"es","@id":"https:\/\/www.sonoraenequipo.com.mx\/denuncian-ante-el-ine-a-claudio-x-gonzalez-por-supuesto-plagio-del-nombre-de-la-alianza-unids\/#primaryimage","url":"https:\/\/www.sonoraenequipo.com.mx\/storage\/2022\/10\/f800x450-156731_208177_5050.jpg","contentUrl":"https:\/\/www.sonoraenequipo.com.mx\/storage\/2022\/10\/f800x450-156731_208177_5050.jpg","width":788,"height":450},{"@type":"BreadcrumbList","@id":"https:\/\/www.sonoraenequipo.com.mx\/denuncian-ante-el-ine-a-claudio-x-gonzalez-por-supuesto-plagio-del-nombre-de-la-alianza-unids\/#breadcrumb","itemListElement":[{"@type":"ListItem","position":1,"name":"Portada","item":"https:\/\/www.sonoraenequipo.com.mx\/"},{"@type":"ListItem","position":2,"name":"Denuncian ante el INE a Claudio X. Gonz\u00e1lez por supuesto plagio del nombre de la alianza Unid@s"}]},{"@type":"WebSite","@id":"https:\/\/www.sonoraenequipo.com.mx\/#website","url":"https:\/\/www.sonoraenequipo.com.mx\/","name":"Sonora en Equipo.","description":"Diario en l\u00ednea con Noticias desde Hermosillo, Sonora","publisher":{"@id":"https:\/\/www.sonoraenequipo.com.mx\/#organization"},"potentialAction":[{"@type":"SearchAction","target":{"@type":"EntryPoint","urlTemplate":"https:\/\/www.sonoraenequipo.com.mx\/?s={search_term_string}"},"query-input":{"@type":"PropertyValueSpecification","valueRequired":true,"valueName":"search_term_string"}}],"inLanguage":"es"},{"@type":"Organization","@id":"https:\/\/www.sonoraenequipo.com.mx\/#organization","name":"Sonoraenequipo.com.mx","url":"https:\/\/www.sonoraenequipo.com.mx\/","logo":{"@type":"ImageObject","inLanguage":"es","@id":"https:\/\/www.sonoraenequipo.com.mx\/#\/schema\/logo\/image\/","url":"https:\/\/www.sonoraenequipo.com.mx\/storage\/2019\/01\/sonoraenequipo_opt.png","contentUrl":"https:\/\/www.sonoraenequipo.com.mx\/storage\/2019\/01\/sonoraenequipo_opt.png","width":375,"height":125,"caption":"Sonoraenequipo.com.mx"},"image":{"@id":"https:\/\/www.sonoraenequipo.com.mx\/#\/schema\/logo\/image\/"},"sameAs":["https:\/\/www.facebook.com\/SonoraEE\/","https:\/\/x.com\/sonoraenequipo","https:\/\/www.youtube.com\/channel\/UC338nW-lPEYmJQs4ZABQ1SQ"]},{"@type":"Person","@id":"https:\/\/www.sonoraenequipo.com.mx\/#\/schema\/person\/50102df0fb23a8fa9e8effad8fa81386","name":"enequipo","image":{"@type":"ImageObject","inLanguage":"es","@id":"https:\/\/www.sonoraenequipo.com.mx\/#\/schema\/person\/image\/","url":"https:\/\/secure.gravatar.com\/avatar\/049821681b589dabc0bc20695993ccebb09f5b5d4d790cd9251b97faac7c652b?s=96&d=blank&r=g","contentUrl":"https:\/\/secure.gravatar.com\/avatar\/049821681b589dabc0bc20695993ccebb09f5b5d4d790cd9251b97faac7c652b?s=96&d=blank&r=g","caption":"enequipo"},"sameAs":["https:\/\/www.facebook.com\/SonoraEE"]}]}},"jetpack_featured_media_url":"https:\/\/www.sonoraenequipo.com.mx\/storage\/2022\/10\/f800x450-156731_208177_5050.jpg","_links":{"self":[{"href":"https:\/\/www.sonoraenequipo.com.mx\/api\/wp\/v2\/posts\/149706","targetHints":{"allow":["GET"]}}],"collection":[{"href":"https:\/\/www.sonoraenequipo.com.mx\/api\/wp\/v2\/posts"}],"about":[{"href":"https:\/\/www.sonoraenequipo.com.mx\/api\/wp\/v2\/types\/post"}],"author":[{"embeddable":true,"href":"https:\/\/www.sonoraenequipo.com.mx\/api\/wp\/v2\/users\/1"}],"replies":[{"embeddable":true,"href":"https:\/\/www.sonoraenequipo.com.mx\/api\/wp\/v2\/comments?post=149706"}],"version-history":[{"count":1,"href":"https:\/\/www.sonoraenequipo.com.mx\/api\/wp\/v2\/posts\/149706\/revisions"}],"predecessor-version":[{"id":149709,"href":"https:\/\/www.sonoraenequipo.com.mx\/api\/wp\/v2\/posts\/149706\/revisions\/149709"}],"wp:featuredmedia":[{"embeddable":true,"href":"https:\/\/www.sonoraenequipo.com.mx\/api\/wp\/v2\/media\/149707"}],"wp:attachment":[{"href":"https:\/\/www.sonoraenequipo.com.mx\/api\/wp\/v2\/media?parent=149706"}],"wp:term":[{"taxonomy":"category","embeddable":true,"href":"https:\/\/www.sonoraenequipo.com.mx\/api\/wp\/v2\/categories?post=149706"},{"taxonomy":"post_tag","embeddable":true,"href":"https:\/\/www.sonoraenequipo.com.mx\/api\/wp\/v2\/tags?post=149706"}],"curies":[{"name":"wp","href":"https:\/\/api.w.org\/{rel}","templated":true}]}}