{"id":149888,"date":"2022-10-21T16:22:49","date_gmt":"2022-10-21T23:22:49","guid":{"rendered":"https:\/\/www.sonoraenequipo.com.mx\/?p=149888"},"modified":"2022-10-21T16:27:36","modified_gmt":"2022-10-21T23:27:36","slug":"morena-pacto-con-el-pri-la-reforma-militarista-reconoce-adan-augusto","status":"publish","type":"post","link":"https:\/\/www.sonoraenequipo.com.mx\/morena-pacto-con-el-pri-la-reforma-militarista-reconoce-adan-augusto\/","title":{"rendered":"Morena pact\u00f3 con el PRI la reforma militarista, reconoce Ad\u00e1n Augusto"},"content":{"rendered":"<p>CIUDAD DE M\u00c9XICO. MX. \u2014 La reforma militarista, propuesta por la diputada del PRI, Yolanda de la Torre, para extender la presencia de las Fuerzas Armadas de 2024 a 2028, s\u00ed fue pactada con Morena, reconoci\u00f3 el secretario de Gobernaci\u00f3n, Ad\u00e1n Augusto L\u00f3pez.<\/p>\n<p>&nbsp;<\/p>\n<p> <\/p>\n<p>&nbsp;<\/p>\n<p><em><strong>\u201cEl coordinador de los diputados federales de Morena, Ignacio Mier, se acerca y me dice que hay la posibilidad de iniciar un di\u00e1logo que con la fracci\u00f3n de parlamentaria del Partido Revolucionario Institucional y que ped\u00eda, que pudiese yo abrir el espacio para una reuni\u00f3n de trabajo\u201d<\/strong><\/em>, expuso el funcionario en el Congreso de Puebla, a donde acudi\u00f3 a cabildear la aprobaci\u00f3n de la reforma militarista, la cual para ser constitucional necesita el aval de la mayor\u00eda de los congresos estatales.<\/p>\n<p>&nbsp;<\/p>\n<p>En dicha reuni\u00f3n, detall\u00f3, estuvieron presentes el dirigente nacional del PRI, Alejandro Moreno, el coordinador de los diputados federales del PRI, Rub\u00e9n Moreira, el coordinador de los diputados federales de Morena, Ignacio Mier, el coordinador de los diputados federales del Partido Verde Ecologista, Carlos Puente, y el coordinador de los diputados federales del Partido del Trabajo, Alberto Anaya.<\/p>\n<p>&nbsp;<\/p>\n<p><em><strong>\u201cAccedimos y ah\u00ed el dirigente nacional del PRI, nos hizo el planteamiento de que hab\u00eda una diputada del PRI, Yolanda de la Torre, que por cierto ahora es presidenta del Tribunal Superior de Justicia de Durango, que ten\u00eda o quer\u00eda presentar una iniciativa de ley\u201d,<\/strong> <\/em>coment\u00f3 el funcionario.<\/p>\n<p>&nbsp;<\/p>\n<p>&nbsp;<\/p>\n<p><em><strong>\u201cPero no quer\u00eda que la iniciativa (la reforma militarista), como otras tantas, pues quedara en lo que se conoce como congeladora legislativa y que la fracci\u00f3n parlamentaria del PRI, la dirigencia nacional del PRI estar\u00eda dispuesta a acompa\u00f1ar si esa fuese la voluntad de la mayor\u00eda, acompa\u00f1ar la propuesta de la compa\u00f1era de la Torre y platicamos\u201d,<\/strong><\/em> indic\u00f3 Ad\u00e1n Augusto.<\/p>\n<p>&nbsp;<\/p>\n<p><em><strong>\u201cEllos ofrecieron construir junto con la fracci\u00f3n mayoritaria, pues la mayor\u00eda legislativa que se requer\u00eda, y avanzaron, el d\u00eda dos de septiembre present\u00f3 ya formalmente la iniciativa la diputada Yolanda de la Torre, que era nada m\u00e1s un p\u00e1rrafo, era cambiar la fecha de vigencia o el plazo establecido en el 5\u00ba transitorio para que la Guardia Nacional pudiese prestar servicios de seguridad p\u00fablica, plazo que venc\u00eda en marzo del 2024<\/strong><\/em>\u201d, agreg\u00f3.<\/p>\n<p>&nbsp;<\/p>\n<p>La propuesta, explic\u00f3, consist\u00eda en que en lugar de que fuese marzo de 2024, se trasladar\u00e1 a marzo del 2028, lo que consider\u00f3 como \u201c<strong><em>una propuesta inteligente y viable porque, ahora reflexiono como ustedes, que en el 2024, marzo del 2024, pues sin duda alguna, el pa\u00eds estar\u00eda inmerso ya en el proceso electoral\u201d.<\/em><\/strong><\/p>\n<p>&nbsp;<\/p>\n<p>Ya en el Senado, dijo Ad\u00e1n, fue <em><strong>\u201cotra vez volver a empezar\u201d<\/strong><\/em> con las negociaciones para aprobar la reforma militarista. De hecho, en la primera ocasi\u00f3n que \u00e9sta lleg\u00f3 al pleno del Senado, al ver que no le alcanzaban los votos de dos terceras partes pues no era apoyada por el PRI en esa c\u00e1mara, la propuesta fue retirada. El secretario reconoci\u00f3 que le ayud\u00f3 el senador Ricardo Monreal a convencer a los legisladores necesarios.<\/p>\n<p>&nbsp;<\/p>\n<p>&nbsp;<\/p>\n<p>En la bancada del PRI propusieron una adenda a la reforma militarista para \u201cperfeccionar la iniciativa\u201d. Participaron en la redacci\u00f3n de la propuesta, entre otros, el senador Jorge Carlos Ram\u00edrez Mar\u00edn, la senadora Sylvana Beltrones, el senador Manuel A\u00f1orve, el senador Eruviel \u00c1vila, el senador Miguel Mancera, del PRD.<\/p>\n<p>&nbsp;<\/p>\n<p>&nbsp;<\/p>\n<p><strong><em>\u201cY se lleg\u00f3 a un acuerdo, a un consenso y entonces se someti\u00f3 a votaci\u00f3n la propuesta y \u00e9sta fue aprobada por una mayor\u00eda constitucional de 87 senadores. Se requer\u00edan 85, votaron a favor de la propuesta, nueve de los senadores de la fracci\u00f3n parlamentaria del PRI y 2 de los senadores integrantes de la fracci\u00f3n parlamentaria del PRD\u201d<\/em><\/strong>, anot\u00f3 L\u00f3pez Hern\u00e1ndez.<\/p>\n<p>&nbsp;<\/p>\n<p>En el Congreso poblano se despleg\u00f3 una manta que dec\u00eda <em><strong>\u201cNo a la militarizaci\u00f3n<\/strong><\/em>\u201d, colocada por los diputados del PAN, con la cual interrumpieron la participaci\u00f3n del Secretario de Gobernaci\u00f3n.<\/p>\n<p>&nbsp;<\/p>\n<p>PUBLICADO EL 21\/OCTUBRE DE 2022)<\/p>\n","protected":false},"excerpt":{"rendered":"<p>CIUDAD DE M\u00c9XICO. MX. \u2014 La reforma militarista, propuesta por la diputada del PRI, Yolanda&#8230;<\/p>\n","protected":false},"author":1,"featured_media":149909,"comment_status":"open","ping_status":"open","sticky":false,"template":"","format":"standard","meta":{"_monsterinsights_skip_tracking":false,"_monsterinsights_sitenote_active":false,"_monsterinsights_sitenote_note":"","_monsterinsights_sitenote_category":0,"footnotes":""},"categories":[5],"tags":[],"class_list":["post"],"yoast_head":" \n<title>Sonora en Equipo. Morena pact\u00f3 con el PRI la reforma militarista, reconoce Ad\u00e1n Augusto Rep\u00fablica<\/title>\n<meta name=\"description\" content=\"CIUDAD DE M\u00c9XICO. MX. \u2014 La reforma militarista, propuesta por la diputada del PRI, Yolanda de la Torre, para extender la presencia de las Fuerzas Armadas En Sonora en Equipo publicamos toda la informaci\u00f3n de Sonora, M\u00e9xico y el Mundo de manera oportuna y busca que la libertad de expresi\u00f3n sea real. Visita nuestro medio informativo publicado desde Hermosillo, Sonora. %\" \/>\n<meta name=\"robots\" content=\"index, follow, max-snippet:-1, max-image-preview:large, max-video-preview:-1\" \/>\n<link rel=\"canonical\" href=\"https:\/\/www.sonoraenequipo.com.mx\/morena-pacto-con-el-pri-la-reforma-militarista-reconoce-adan-augusto\/\" \/>\n<meta property=\"og:locale\" content=\"es_ES\" \/>\n<meta property=\"og:type\" content=\"article\" \/>\n<meta property=\"og:title\" content=\"Sonora en Equipo. Morena pact\u00f3 con el PRI la reforma militarista, reconoce Ad\u00e1n Augusto Rep\u00fablica\" \/>\n<meta property=\"og:description\" content=\"CIUDAD DE M\u00c9XICO. MX. \u2014 La reforma militarista, propuesta por la diputada del PRI, Yolanda de la Torre, para extender la presencia de las Fuerzas Armadas En Sonora en Equipo publicamos toda la informaci\u00f3n de Sonora, M\u00e9xico y el Mundo de manera oportuna y busca que la libertad de expresi\u00f3n sea real. Visita nuestro medio informativo publicado desde Hermosillo, Sonora. %\" \/>\n<meta property=\"og:url\" content=\"https:\/\/www.sonoraenequipo.com.mx\/morena-pacto-con-el-pri-la-reforma-militarista-reconoce-adan-augusto\/\" \/>\n<meta property=\"og:site_name\" content=\"Sonora en Equipo.\" \/>\n<meta property=\"article:publisher\" content=\"https:\/\/www.facebook.com\/SonoraEE\/\" \/>\n<meta property=\"article:author\" content=\"https:\/\/www.facebook.com\/SonoraEE\" \/>\n<meta property=\"article:published_time\" content=\"2022-10-21T23:22:49+00:00\" \/>\n<meta property=\"article:modified_time\" content=\"2022-10-21T23:27:36+00:00\" \/>\n<meta property=\"og:image\" content=\"https:\/\/www.sonoraenequipo.com.mx\/storage\/2022\/10\/adan-augusto-y-morenistas.jpg\" \/>\n\t<meta property=\"og:image:width\" content=\"900\" \/>\n\t<meta property=\"og:image:height\" content=\"515\" \/>\n\t<meta property=\"og:image:type\" content=\"image\/jpeg\" \/>\n<meta name=\"author\" content=\"enequipo\" \/>\n<meta name=\"twitter:card\" content=\"summary_large_image\" \/>\n<meta name=\"twitter:creator\" content=\"@sonoraenequipo\" \/>\n<meta name=\"twitter:site\" content=\"@sonoraenequipo\" \/>\n<meta name=\"twitter:label1\" content=\"Escrito por\" \/>\n\t<meta name=\"twitter:data1\" content=\"enequipo\" \/>\n\t<meta name=\"twitter:label2\" content=\"Tiempo de lectura\" \/>\n\t<meta name=\"twitter:data2\" content=\"3 minutos\" \/>\n<script type=\"application\/ld+json\" class=\"yoast-schema-graph\">{\"@context\":\"https:\/\/schema.org\",\"@graph\":[{\"@type\":\"Article\",\"@id\":\"https:\/\/www.sonoraenequipo.com.mx\/morena-pacto-con-el-pri-la-reforma-militarista-reconoce-adan-augusto\/#article\",\"isPartOf\":{\"@id\":\"https:\/\/www.sonoraenequipo.com.mx\/morena-pacto-con-el-pri-la-reforma-militarista-reconoce-adan-augusto\/\"},\"author\":{\"name\":\"enequipo\",\"@id\":\"https:\/\/www.sonoraenequipo.com.mx\/#\/schema\/person\/50102df0fb23a8fa9e8effad8fa81386\"},\"headline\":\"Morena pact\u00f3 con el PRI la reforma militarista, reconoce Ad\u00e1n Augusto\",\"datePublished\":\"2022-10-21T23:22:49+00:00\",\"dateModified\":\"2022-10-21T23:27:36+00:00\",\"mainEntityOfPage\":{\"@id\":\"https:\/\/www.sonoraenequipo.com.mx\/morena-pacto-con-el-pri-la-reforma-militarista-reconoce-adan-augusto\/\"},\"wordCount\":703,\"commentCount\":0,\"publisher\":{\"@id\":\"https:\/\/www.sonoraenequipo.com.mx\/#organization\"},\"image\":{\"@id\":\"https:\/\/www.sonoraenequipo.com.mx\/morena-pacto-con-el-pri-la-reforma-militarista-reconoce-adan-augusto\/#primaryimage\"},\"thumbnailUrl\":\"https:\/\/www.sonoraenequipo.com.mx\/storage\/2022\/10\/adan-augusto-y-morenistas.jpg\",\"articleSection\":[\"Rep\u00fablica\"],\"inLanguage\":\"es\",\"potentialAction\":[{\"@type\":\"CommentAction\",\"name\":\"Comment\",\"target\":[\"https:\/\/www.sonoraenequipo.com.mx\/morena-pacto-con-el-pri-la-reforma-militarista-reconoce-adan-augusto\/#respond\"]}]},{\"@type\":\"WebPage\",\"@id\":\"https:\/\/www.sonoraenequipo.com.mx\/morena-pacto-con-el-pri-la-reforma-militarista-reconoce-adan-augusto\/\",\"url\":\"https:\/\/www.sonoraenequipo.com.mx\/morena-pacto-con-el-pri-la-reforma-militarista-reconoce-adan-augusto\/\",\"name\":\"Sonora en Equipo. Morena pact\u00f3 con el PRI la reforma militarista, reconoce Ad\u00e1n Augusto Rep\u00fablica\",\"isPartOf\":{\"@id\":\"https:\/\/www.sonoraenequipo.com.mx\/#website\"},\"primaryImageOfPage\":{\"@id\":\"https:\/\/www.sonoraenequipo.com.mx\/morena-pacto-con-el-pri-la-reforma-militarista-reconoce-adan-augusto\/#primaryimage\"},\"image\":{\"@id\":\"https:\/\/www.sonoraenequipo.com.mx\/morena-pacto-con-el-pri-la-reforma-militarista-reconoce-adan-augusto\/#primaryimage\"},\"thumbnailUrl\":\"https:\/\/www.sonoraenequipo.com.mx\/storage\/2022\/10\/adan-augusto-y-morenistas.jpg\",\"datePublished\":\"2022-10-21T23:22:49+00:00\",\"dateModified\":\"2022-10-21T23:27:36+00:00\",\"description\":\"CIUDAD DE M\u00c9XICO. MX. \u2014 La reforma militarista, propuesta por la diputada del PRI, Yolanda de la Torre, para extender la presencia de las Fuerzas Armadas En Sonora en Equipo publicamos toda la informaci\u00f3n de Sonora, M\u00e9xico y el Mundo de manera oportuna y busca que la libertad de expresi\u00f3n sea real. Visita nuestro medio informativo publicado desde Hermosillo, Sonora. %\",\"breadcrumb\":{\"@id\":\"https:\/\/www.sonoraenequipo.com.mx\/morena-pacto-con-el-pri-la-reforma-militarista-reconoce-adan-augusto\/#breadcrumb\"},\"inLanguage\":\"es\",\"potentialAction\":[{\"@type\":\"ReadAction\",\"target\":[\"https:\/\/www.sonoraenequipo.com.mx\/morena-pacto-con-el-pri-la-reforma-militarista-reconoce-adan-augusto\/\"]}]},{\"@type\":\"ImageObject\",\"inLanguage\":\"es\",\"@id\":\"https:\/\/www.sonoraenequipo.com.mx\/morena-pacto-con-el-pri-la-reforma-militarista-reconoce-adan-augusto\/#primaryimage\",\"url\":\"https:\/\/www.sonoraenequipo.com.mx\/storage\/2022\/10\/adan-augusto-y-morenistas.jpg\",\"contentUrl\":\"https:\/\/www.sonoraenequipo.com.mx\/storage\/2022\/10\/adan-augusto-y-morenistas.jpg\",\"width\":900,\"height\":515},{\"@type\":\"BreadcrumbList\",\"@id\":\"https:\/\/www.sonoraenequipo.com.mx\/morena-pacto-con-el-pri-la-reforma-militarista-reconoce-adan-augusto\/#breadcrumb\",\"itemListElement\":[{\"@type\":\"ListItem\",\"position\":1,\"name\":\"Portada\",\"item\":\"https:\/\/www.sonoraenequipo.com.mx\/\"},{\"@type\":\"ListItem\",\"position\":2,\"name\":\"Morena pact\u00f3 con el PRI la reforma militarista, reconoce Ad\u00e1n Augusto\"}]},{\"@type\":\"WebSite\",\"@id\":\"https:\/\/www.sonoraenequipo.com.mx\/#website\",\"url\":\"https:\/\/www.sonoraenequipo.com.mx\/\",\"name\":\"Sonora en Equipo.\",\"description\":\"Diario en l\u00ednea con Noticias desde Hermosillo, Sonora\",\"publisher\":{\"@id\":\"https:\/\/www.sonoraenequipo.com.mx\/#organization\"},\"potentialAction\":[{\"@type\":\"SearchAction\",\"target\":{\"@type\":\"EntryPoint\",\"urlTemplate\":\"https:\/\/www.sonoraenequipo.com.mx\/?s={search_term_string}\"},\"query-input\":{\"@type\":\"PropertyValueSpecification\",\"valueRequired\":true,\"valueName\":\"search_term_string\"}}],\"inLanguage\":\"es\"},{\"@type\":\"Organization\",\"@id\":\"https:\/\/www.sonoraenequipo.com.mx\/#organization\",\"name\":\"Sonoraenequipo.com.mx\",\"url\":\"https:\/\/www.sonoraenequipo.com.mx\/\",\"logo\":{\"@type\":\"ImageObject\",\"inLanguage\":\"es\",\"@id\":\"https:\/\/www.sonoraenequipo.com.mx\/#\/schema\/logo\/image\/\",\"url\":\"https:\/\/www.sonoraenequipo.com.mx\/storage\/2019\/01\/sonoraenequipo_opt.png\",\"contentUrl\":\"https:\/\/www.sonoraenequipo.com.mx\/storage\/2019\/01\/sonoraenequipo_opt.png\",\"width\":375,\"height\":125,\"caption\":\"Sonoraenequipo.com.mx\"},\"image\":{\"@id\":\"https:\/\/www.sonoraenequipo.com.mx\/#\/schema\/logo\/image\/\"},\"sameAs\":[\"https:\/\/www.facebook.com\/SonoraEE\/\",\"https:\/\/x.com\/sonoraenequipo\",\"https:\/\/www.youtube.com\/channel\/UC338nW-lPEYmJQs4ZABQ1SQ\"]},{\"@type\":\"Person\",\"@id\":\"https:\/\/www.sonoraenequipo.com.mx\/#\/schema\/person\/50102df0fb23a8fa9e8effad8fa81386\",\"name\":\"enequipo\",\"image\":{\"@type\":\"ImageObject\",\"inLanguage\":\"es\",\"@id\":\"https:\/\/www.sonoraenequipo.com.mx\/#\/schema\/person\/image\/\",\"url\":\"https:\/\/secure.gravatar.com\/avatar\/049821681b589dabc0bc20695993ccebb09f5b5d4d790cd9251b97faac7c652b?s=96&d=blank&r=g\",\"contentUrl\":\"https:\/\/secure.gravatar.com\/avatar\/049821681b589dabc0bc20695993ccebb09f5b5d4d790cd9251b97faac7c652b?s=96&d=blank&r=g\",\"caption\":\"enequipo\"},\"sameAs\":[\"https:\/\/www.facebook.com\/SonoraEE\"]}]}<\/script>\n ","yoast_head_json":{"title":"Sonora en Equipo. Morena pact\u00f3 con el PRI la reforma militarista, reconoce Ad\u00e1n Augusto Rep\u00fablica","description":"CIUDAD DE M\u00c9XICO. MX. \u2014 La reforma militarista, propuesta por la diputada del PRI, Yolanda de la Torre, para extender la presencia de las Fuerzas Armadas En Sonora en Equipo publicamos toda la informaci\u00f3n de Sonora, M\u00e9xico y el Mundo de manera oportuna y busca que la libertad de expresi\u00f3n sea real. Visita nuestro medio informativo publicado desde Hermosillo, Sonora. %","robots":{"index":"index","follow":"follow","max-snippet":"max-snippet:-1","max-image-preview":"max-image-preview:large","max-video-preview":"max-video-preview:-1"},"canonical":"https:\/\/www.sonoraenequipo.com.mx\/morena-pacto-con-el-pri-la-reforma-militarista-reconoce-adan-augusto\/","og_locale":"es_ES","og_type":"article","og_title":"Sonora en Equipo. Morena pact\u00f3 con el PRI la reforma militarista, reconoce Ad\u00e1n Augusto Rep\u00fablica","og_description":"CIUDAD DE M\u00c9XICO. MX. \u2014 La reforma militarista, propuesta por la diputada del PRI, Yolanda de la Torre, para extender la presencia de las Fuerzas Armadas En Sonora en Equipo publicamos toda la informaci\u00f3n de Sonora, M\u00e9xico y el Mundo de manera oportuna y busca que la libertad de expresi\u00f3n sea real. Visita nuestro medio informativo publicado desde Hermosillo, Sonora. %","og_url":"https:\/\/www.sonoraenequipo.com.mx\/morena-pacto-con-el-pri-la-reforma-militarista-reconoce-adan-augusto\/","og_site_name":"Sonora en Equipo.","article_publisher":"https:\/\/www.facebook.com\/SonoraEE\/","article_author":"https:\/\/www.facebook.com\/SonoraEE","article_published_time":"2022-10-21T23:22:49+00:00","article_modified_time":"2022-10-21T23:27:36+00:00","og_image":[{"width":900,"height":515,"url":"https:\/\/www.sonoraenequipo.com.mx\/storage\/2022\/10\/adan-augusto-y-morenistas.jpg","type":"image\/jpeg"}],"author":"enequipo","twitter_card":"summary_large_image","twitter_creator":"@sonoraenequipo","twitter_site":"@sonoraenequipo","twitter_misc":{"Escrito por":"enequipo","Tiempo de lectura":"3 minutos"},"schema":{"@context":"https:\/\/schema.org","@graph":[{"@type":"Article","@id":"https:\/\/www.sonoraenequipo.com.mx\/morena-pacto-con-el-pri-la-reforma-militarista-reconoce-adan-augusto\/#article","isPartOf":{"@id":"https:\/\/www.sonoraenequipo.com.mx\/morena-pacto-con-el-pri-la-reforma-militarista-reconoce-adan-augusto\/"},"author":{"name":"enequipo","@id":"https:\/\/www.sonoraenequipo.com.mx\/#\/schema\/person\/50102df0fb23a8fa9e8effad8fa81386"},"headline":"Morena pact\u00f3 con el PRI la reforma militarista, reconoce Ad\u00e1n Augusto","datePublished":"2022-10-21T23:22:49+00:00","dateModified":"2022-10-21T23:27:36+00:00","mainEntityOfPage":{"@id":"https:\/\/www.sonoraenequipo.com.mx\/morena-pacto-con-el-pri-la-reforma-militarista-reconoce-adan-augusto\/"},"wordCount":703,"commentCount":0,"publisher":{"@id":"https:\/\/www.sonoraenequipo.com.mx\/#organization"},"image":{"@id":"https:\/\/www.sonoraenequipo.com.mx\/morena-pacto-con-el-pri-la-reforma-militarista-reconoce-adan-augusto\/#primaryimage"},"thumbnailUrl":"https:\/\/www.sonoraenequipo.com.mx\/storage\/2022\/10\/adan-augusto-y-morenistas.jpg","articleSection":["Rep\u00fablica"],"inLanguage":"es","potentialAction":[{"@type":"CommentAction","name":"Comment","target":["https:\/\/www.sonoraenequipo.com.mx\/morena-pacto-con-el-pri-la-reforma-militarista-reconoce-adan-augusto\/#respond"]}]},{"@type":"WebPage","@id":"https:\/\/www.sonoraenequipo.com.mx\/morena-pacto-con-el-pri-la-reforma-militarista-reconoce-adan-augusto\/","url":"https:\/\/www.sonoraenequipo.com.mx\/morena-pacto-con-el-pri-la-reforma-militarista-reconoce-adan-augusto\/","name":"Sonora en Equipo. Morena pact\u00f3 con el PRI la reforma militarista, reconoce Ad\u00e1n Augusto Rep\u00fablica","isPartOf":{"@id":"https:\/\/www.sonoraenequipo.com.mx\/#website"},"primaryImageOfPage":{"@id":"https:\/\/www.sonoraenequipo.com.mx\/morena-pacto-con-el-pri-la-reforma-militarista-reconoce-adan-augusto\/#primaryimage"},"image":{"@id":"https:\/\/www.sonoraenequipo.com.mx\/morena-pacto-con-el-pri-la-reforma-militarista-reconoce-adan-augusto\/#primaryimage"},"thumbnailUrl":"https:\/\/www.sonoraenequipo.com.mx\/storage\/2022\/10\/adan-augusto-y-morenistas.jpg","datePublished":"2022-10-21T23:22:49+00:00","dateModified":"2022-10-21T23:27:36+00:00","description":"CIUDAD DE M\u00c9XICO. MX. \u2014 La reforma militarista, propuesta por la diputada del PRI, Yolanda de la Torre, para extender la presencia de las Fuerzas Armadas En Sonora en Equipo publicamos toda la informaci\u00f3n de Sonora, M\u00e9xico y el Mundo de manera oportuna y busca que la libertad de expresi\u00f3n sea real. Visita nuestro medio informativo publicado desde Hermosillo, Sonora. %","breadcrumb":{"@id":"https:\/\/www.sonoraenequipo.com.mx\/morena-pacto-con-el-pri-la-reforma-militarista-reconoce-adan-augusto\/#breadcrumb"},"inLanguage":"es","potentialAction":[{"@type":"ReadAction","target":["https:\/\/www.sonoraenequipo.com.mx\/morena-pacto-con-el-pri-la-reforma-militarista-reconoce-adan-augusto\/"]}]},{"@type":"ImageObject","inLanguage":"es","@id":"https:\/\/www.sonoraenequipo.com.mx\/morena-pacto-con-el-pri-la-reforma-militarista-reconoce-adan-augusto\/#primaryimage","url":"https:\/\/www.sonoraenequipo.com.mx\/storage\/2022\/10\/adan-augusto-y-morenistas.jpg","contentUrl":"https:\/\/www.sonoraenequipo.com.mx\/storage\/2022\/10\/adan-augusto-y-morenistas.jpg","width":900,"height":515},{"@type":"BreadcrumbList","@id":"https:\/\/www.sonoraenequipo.com.mx\/morena-pacto-con-el-pri-la-reforma-militarista-reconoce-adan-augusto\/#breadcrumb","itemListElement":[{"@type":"ListItem","position":1,"name":"Portada","item":"https:\/\/www.sonoraenequipo.com.mx\/"},{"@type":"ListItem","position":2,"name":"Morena pact\u00f3 con el PRI la reforma militarista, reconoce Ad\u00e1n Augusto"}]},{"@type":"WebSite","@id":"https:\/\/www.sonoraenequipo.com.mx\/#website","url":"https:\/\/www.sonoraenequipo.com.mx\/","name":"Sonora en Equipo.","description":"Diario en l\u00ednea con Noticias desde Hermosillo, Sonora","publisher":{"@id":"https:\/\/www.sonoraenequipo.com.mx\/#organization"},"potentialAction":[{"@type":"SearchAction","target":{"@type":"EntryPoint","urlTemplate":"https:\/\/www.sonoraenequipo.com.mx\/?s={search_term_string}"},"query-input":{"@type":"PropertyValueSpecification","valueRequired":true,"valueName":"search_term_string"}}],"inLanguage":"es"},{"@type":"Organization","@id":"https:\/\/www.sonoraenequipo.com.mx\/#organization","name":"Sonoraenequipo.com.mx","url":"https:\/\/www.sonoraenequipo.com.mx\/","logo":{"@type":"ImageObject","inLanguage":"es","@id":"https:\/\/www.sonoraenequipo.com.mx\/#\/schema\/logo\/image\/","url":"https:\/\/www.sonoraenequipo.com.mx\/storage\/2019\/01\/sonoraenequipo_opt.png","contentUrl":"https:\/\/www.sonoraenequipo.com.mx\/storage\/2019\/01\/sonoraenequipo_opt.png","width":375,"height":125,"caption":"Sonoraenequipo.com.mx"},"image":{"@id":"https:\/\/www.sonoraenequipo.com.mx\/#\/schema\/logo\/image\/"},"sameAs":["https:\/\/www.facebook.com\/SonoraEE\/","https:\/\/x.com\/sonoraenequipo","https:\/\/www.youtube.com\/channel\/UC338nW-lPEYmJQs4ZABQ1SQ"]},{"@type":"Person","@id":"https:\/\/www.sonoraenequipo.com.mx\/#\/schema\/person\/50102df0fb23a8fa9e8effad8fa81386","name":"enequipo","image":{"@type":"ImageObject","inLanguage":"es","@id":"https:\/\/www.sonoraenequipo.com.mx\/#\/schema\/person\/image\/","url":"https:\/\/secure.gravatar.com\/avatar\/049821681b589dabc0bc20695993ccebb09f5b5d4d790cd9251b97faac7c652b?s=96&d=blank&r=g","contentUrl":"https:\/\/secure.gravatar.com\/avatar\/049821681b589dabc0bc20695993ccebb09f5b5d4d790cd9251b97faac7c652b?s=96&d=blank&r=g","caption":"enequipo"},"sameAs":["https:\/\/www.facebook.com\/SonoraEE"]}]}},"jetpack_featured_media_url":"https:\/\/www.sonoraenequipo.com.mx\/storage\/2022\/10\/adan-augusto-y-morenistas.jpg","_links":{"self":[{"href":"https:\/\/www.sonoraenequipo.com.mx\/api\/wp\/v2\/posts\/149888","targetHints":{"allow":["GET"]}}],"collection":[{"href":"https:\/\/www.sonoraenequipo.com.mx\/api\/wp\/v2\/posts"}],"about":[{"href":"https:\/\/www.sonoraenequipo.com.mx\/api\/wp\/v2\/types\/post"}],"author":[{"embeddable":true,"href":"https:\/\/www.sonoraenequipo.com.mx\/api\/wp\/v2\/users\/1"}],"replies":[{"embeddable":true,"href":"https:\/\/www.sonoraenequipo.com.mx\/api\/wp\/v2\/comments?post=149888"}],"version-history":[{"count":1,"href":"https:\/\/www.sonoraenequipo.com.mx\/api\/wp\/v2\/posts\/149888\/revisions"}],"predecessor-version":[{"id":149913,"href":"https:\/\/www.sonoraenequipo.com.mx\/api\/wp\/v2\/posts\/149888\/revisions\/149913"}],"wp:featuredmedia":[{"embeddable":true,"href":"https:\/\/www.sonoraenequipo.com.mx\/api\/wp\/v2\/media\/149909"}],"wp:attachment":[{"href":"https:\/\/www.sonoraenequipo.com.mx\/api\/wp\/v2\/media?parent=149888"}],"wp:term":[{"taxonomy":"category","embeddable":true,"href":"https:\/\/www.sonoraenequipo.com.mx\/api\/wp\/v2\/categories?post=149888"},{"taxonomy":"post_tag","embeddable":true,"href":"https:\/\/www.sonoraenequipo.com.mx\/api\/wp\/v2\/tags?post=149888"}],"curies":[{"name":"wp","href":"https:\/\/api.w.org\/{rel}","templated":true}]}}