{"id":149889,"date":"2022-10-21T17:11:13","date_gmt":"2022-10-22T00:11:13","guid":{"rendered":"https:\/\/www.sonoraenequipo.com.mx\/?p=149889"},"modified":"2022-10-21T16:43:33","modified_gmt":"2022-10-21T23:43:33","slug":"hermosillo-invita-ayuntamiento-a-festival-tradicional-de-dia-de-muertos","status":"publish","type":"post","link":"https:\/\/www.sonoraenequipo.com.mx\/hermosillo-invita-ayuntamiento-a-festival-tradicional-de-dia-de-muertos\/","title":{"rendered":"Hermosillo. \u00a0Invita Ayuntamiento a Festival Tradicional de D\u00eda de Muertos"},"content":{"rendered":"<p><strong>HERMOSILLO, SONORA,MX.<\/strong><strong>\u2500\u2500<\/strong> Marianna Gonz\u00e1lez Gast\u00e9lum, directora del Instituto Municipal de Cultura y Arte (IMCA), anunci\u00f3 que se realizar\u00e1 el IV Festival Tradicional de D\u00eda de Muertos del 2 al 6 de noviembre, en el Centro Hist\u00f3rico de Hermosillo<\/p>\n<p>&nbsp;<\/p>\n<p>\u201cHabr\u00e1 conversatorios respecto a las tradiciones por el D\u00eda de Muertos, danza, teatro, m\u00fasica, artes visuales y talleres art\u00edsticos para ni\u00f1as, ni\u00f1os y adolescentes que ser\u00e1n impartidos por las y los bibliotecarios de la Red de Bibliotecas del IMCA\u201d, precis\u00f3 Gonz\u00e1lez Gast\u00e9lum.<\/p>\n<p>&nbsp;<\/p>\n<p>Dijo que el festival se realiza en colaboraci\u00f3n y arduo trabajo en equipo con varias dependencias del Ayuntamiento, del Gobierno del Estado y algunas organizaciones civiles que contribuyen en la log\u00edstica y programaci\u00f3n art\u00edstica.<\/p>\n<p>&nbsp;<\/p>\n<p>Record\u00f3 que el a\u00f1o pasado se realiz\u00f3 una Gran Ofrenda dedicada a Rodolfo \u201cEl Chino\u201d Medina, que en esta ocasi\u00f3n ser\u00e1 para la actriz Isela Vega, originaria de Hermosillo, de gran trayectoria en el cine mexicano, quien falleci\u00f3 en 2021, en Ciudad de M\u00e9xico.<\/p>\n<p>&nbsp;<\/p>\n<p>Durante los cinco d\u00edas tambi\u00e9n se podr\u00e1 disfrutar de gastronom\u00eda; el primer evento es un taller de elaboraci\u00f3n de pan de muerto, en el que se invitar\u00e1 a todas las personas a degustar.<\/p>\n<p>&nbsp;<\/p>\n<p>La funcionaria mencion\u00f3 que la premiaci\u00f3n de las convocatorias de Altares de Muertos, Calaveras Literarias, Maquillaje y Caracterizaci\u00f3n de Catrinas y Catrines, las cuales cierran el 30 de octubre, as\u00ed como de Reciclatrinas, que organiza Servicios P\u00fablicos, se realizar\u00e1 el domingo 6 de noviembre a las 19:30 horas en el Callej\u00f3n Velasco.<\/p>\n<p>&nbsp;<\/p>\n<p>Fernanda Cisneros Rodr\u00edguez, directora de Desarrollo Tur\u00edstico de la Agencia Municipal de Desarrollo Econ\u00f3mico (AMDE), anunci\u00f3 que ya iniciaron los recorridos del Troleb\u00fas con tem\u00e1tica temporal, como el llamado \u201cLo que la gente cuenta\u201d, con salida del Centro Hist\u00f3rico hacia el Pante\u00f3n Y\u00e1\u00f1ez los jueves, s\u00e1bados y domingos, a las 19:00 y 20:30 horas.<\/p>\n<p>&nbsp;<\/p>\n<p>Tambi\u00e9n est\u00e1 el recorrido \u201cVisita Museo Casa de los Duendes\u201d, con el nuevo cuarto de los zombies que se adapt\u00f3 por el festival, con un costo general de 70 pesos por adultos y 35 para ni\u00f1as y ni\u00f1os, los s\u00e1bados a las 18:00 horas.<\/p>\n<p>&nbsp;<\/p>\n<p>Los boletos se pueden adquirir en el M\u00f3dulo de Informaci\u00f3n Tur\u00edstica en el camell\u00f3n central del bulevar Hidalgo a partir de las 17:00 horas y a trav\u00e9s de las redes sociales de Troleb\u00fas Hermosillo, donde pueden consultar los horarios.<\/p>\n<p>&nbsp;<\/p>\n<p>Paseos Hermosillo tiene la ruta \u201cLeyendas del Pante\u00f3n\u201d, viernes, s\u00e1bados y domingos a las 19:30 y 20:30 horas, con un costo de 80 pesos y una edad m\u00ednima de 10 a\u00f1os. Pueden llegar directamente al Pante\u00f3n Y\u00e1\u00f1ez.<\/p>\n<p>&nbsp;<\/p>\n<p>Coment\u00f3 que se sumaron para colocar un altar y ofrenda al se\u00f1or C\u00e9sar G\u00e1ndara, quien fue de los pioneros en hoteler\u00eda y que el domingo las actividades de V\u00edactiva se unir\u00e1n al festival.<\/p>\n<p>&nbsp;<\/p>\n<p>Mi\u00e9rcoles 2:<\/p>\n<p>18:00 horas: Munchies &amp; Wine. Taller demostrativo de elaboraci\u00f3n de pan de muerto<\/p>\n<p>19:00 horas: Gran ofrenda dedicada a la actriz Isela Vega e Inauguraci\u00f3n del IV Festival Tradicional de D\u00eda de Muertos<\/p>\n<p>19:30 horas: Orquesta Sinf\u00f3nica Infantil y Juvenil de DIF Hermosillo. Director: Gerardo Trejo<\/p>\n<p>20:30 horas: IOKE IE IEME. Grupo de Danza folkl\u00f3rica de Casa Club del Jubilado y Pensionado ISSSTESON<\/p>\n<p>&nbsp;<\/p>\n<p>Jueves 3:<\/p>\n<p>18:00 horas: Quinta Pared Teatro \u201cAquella flor en el altar\u201d. Grupo de Teatro del Tec de Monterrey, Campus Sonora Norte<\/p>\n<p>19:00 horas: Mariachi Juvenil del COBACH plantel Nuevo Hermosillo<\/p>\n<p>19:40 horas: Orquesta ODAMIS de Casa Club del Jubilado y Pensionado ISSSTESON, concierto \u201cM\u00fasica de anta\u00f1o\u201d<\/p>\n<p>&nbsp;<\/p>\n<p>&nbsp;<\/p>\n<p>Viernes 4:<\/p>\n<p>18:00 horas: Solar\u00eda Jazz Collective Cristian \u00abChakalito\u00bb Orozco, Donaldo Plata y Misael C\u00f3rdova<\/p>\n<p>19:00 horas: Grupo Ad Libitum COBACH Reforma<\/p>\n<p>20:00 horas: Caro Valenzuela. Concierto \u201cCanciones para pintarse de calaverita\u201d<\/p>\n<p>&nbsp;<\/p>\n<p>S\u00e1bado 5:<\/p>\n<p>18:00 horas: Seminario-Taller permanente de Filosof\u00eda de la Universidad de Sonora Panel: \u201cLuto, arte y enigma: la muerte como fen\u00f3meno y motivo en las disciplinas human\u00edsticas\u201d, panelistas: In\u00e9s Yescas Flores, Yadira Garc\u00eda Leyva, Fernando Andr\u00e9s Meza Rojas, Jes\u00fas Guti\u00e9rrez C\u00f3rdova y Jos\u00e9 Luis Moctezuma Zamarr\u00f3n<\/p>\n<p>19:00 horas: Ensambles art\u00edsticos Universidad TecMilenio. Danza, m\u00fasica y coro<\/p>\n<p>20:00 horas: M\u00fasicos Trabajando<\/p>\n<ul>\n<li>Concierto \u201cMuertos memorables\u201d Marco Lamadrid, guitarra cl\u00e1sica<\/li>\n<li>Ensamble \u201cM\u00fasica Antigua de Sonora\u201d Gloria Itzel Ibarra, soprano Roberto Aboytia<\/li>\n<\/ul>\n<p>21:00 horas: Pablo Aldaco y Ensamble Cadans. Concierto \u201cNo estamos muertos, andamos de parranda\u201d<\/p>\n<p>&nbsp;<\/p>\n<p>&nbsp;<\/p>\n<p>Domingo 6:<\/p>\n<p>Exhibici\u00f3n de Tapanco Yaqui, Danza del Venado Pascola, Matachines. Comunidad Yaqui del Coloso Alto<\/p>\n<p>18:00 horas (\u00c1rea de talleres): Rosa Vil\u00e0 Font \u201cJuegos de ayer y hoy que nunca mueren\u201d<\/p>\n<p>19:00 horas: Rondalla Ayer y Hoy de Casa Club del Jubilado y Pensionado ISSSTESON \u201cRecordando a los compositores mexicanos\u201d<\/p>\n<p>19:30 horas: Premiaci\u00f3n de las convocatorias del IV Festival Tradicional de D\u00eda de Muertos y Concurso Reciclatrinas<\/p>\n<p>20:00 horas: Monserrat Bar\u00f3n, soprano. Concierto \u201cAlguna vez tendremos alas\u201d<\/p>\n<p>20:00 horas (Plaza Zaragoza): Antares Danza Contempor\u00e1nea. Pol\u00edgono Irregular<\/p>\n<p>21:00 horas: Catrinas Cabaret, \u201cPero all\u00e1 tal como aqu\u00ed\u201d, Teatro musical cabaret.<\/p>\n<p><strong><u>Fecha de publicaci\u00f3n viernes 21 de octubre de 2022<\/u><\/strong><\/p>\n<p>&nbsp;<\/p>\n","protected":false},"excerpt":{"rendered":"<p>HERMOSILLO, SONORA,MX.\u2500\u2500 Marianna Gonz\u00e1lez Gast\u00e9lum, directora del Instituto Municipal de Cultura y Arte (IMCA), anunci\u00f3&#8230;<\/p>\n","protected":false},"author":1,"featured_media":149890,"comment_status":"open","ping_status":"open","sticky":false,"template":"","format":"standard","meta":{"_monsterinsights_skip_tracking":false,"_monsterinsights_sitenote_active":false,"_monsterinsights_sitenote_note":"","_monsterinsights_sitenote_category":0,"footnotes":""},"categories":[4],"tags":[7674],"class_list":["post"],"yoast_head":" \n<title>Sonora en Equipo. Hermosillo. \u00a0Invita Ayuntamiento a Festival Tradicional de D\u00eda de Muertos Municipios<\/title>\n<meta name=\"description\" content=\"HERMOSILLO, SONORA,MX.\u2500\u2500 Marianna Gonz\u00e1lez Gast\u00e9lum, directora del Instituto Municipal de Cultura y Arte (IMCA), anunci\u00f3 que se realizar\u00e1 el IV Festival En Sonora en Equipo publicamos toda la informaci\u00f3n de Sonora, M\u00e9xico y el Mundo de manera oportuna y busca que la libertad de expresi\u00f3n sea real. Visita nuestro medio informativo publicado desde Hermosillo, Sonora. %\" \/>\n<meta name=\"robots\" content=\"index, follow, max-snippet:-1, max-image-preview:large, max-video-preview:-1\" \/>\n<link rel=\"canonical\" href=\"https:\/\/www.sonoraenequipo.com.mx\/hermosillo-invita-ayuntamiento-a-festival-tradicional-de-dia-de-muertos\/\" \/>\n<meta property=\"og:locale\" content=\"es_ES\" \/>\n<meta property=\"og:type\" content=\"article\" \/>\n<meta property=\"og:title\" content=\"Sonora en Equipo. Hermosillo. \u00a0Invita Ayuntamiento a Festival Tradicional de D\u00eda de Muertos Municipios\" \/>\n<meta property=\"og:description\" content=\"HERMOSILLO, SONORA,MX.\u2500\u2500 Marianna Gonz\u00e1lez Gast\u00e9lum, directora del Instituto Municipal de Cultura y Arte (IMCA), anunci\u00f3 que se realizar\u00e1 el IV Festival En Sonora en Equipo publicamos toda la informaci\u00f3n de Sonora, M\u00e9xico y el Mundo de manera oportuna y busca que la libertad de expresi\u00f3n sea real. Visita nuestro medio informativo publicado desde Hermosillo, Sonora. %\" \/>\n<meta property=\"og:url\" content=\"https:\/\/www.sonoraenequipo.com.mx\/hermosillo-invita-ayuntamiento-a-festival-tradicional-de-dia-de-muertos\/\" \/>\n<meta property=\"og:site_name\" content=\"Sonora en Equipo.\" \/>\n<meta property=\"article:publisher\" content=\"https:\/\/www.facebook.com\/SonoraEE\/\" \/>\n<meta property=\"article:author\" content=\"https:\/\/www.facebook.com\/SonoraEE\" \/>\n<meta property=\"article:published_time\" content=\"2022-10-22T00:11:13+00:00\" \/>\n<meta property=\"og:image\" content=\"https:\/\/www.sonoraenequipo.com.mx\/storage\/2022\/10\/dia-muertos.jpg\" \/>\n\t<meta property=\"og:image:width\" content=\"700\" \/>\n\t<meta property=\"og:image:height\" content=\"467\" \/>\n\t<meta property=\"og:image:type\" content=\"image\/jpeg\" \/>\n<meta name=\"author\" content=\"enequipo\" \/>\n<meta name=\"twitter:card\" content=\"summary_large_image\" \/>\n<meta name=\"twitter:creator\" content=\"@sonoraenequipo\" \/>\n<meta name=\"twitter:site\" content=\"@sonoraenequipo\" \/>\n<meta name=\"twitter:label1\" content=\"Escrito por\" \/>\n\t<meta name=\"twitter:data1\" content=\"enequipo\" \/>\n\t<meta name=\"twitter:label2\" content=\"Tiempo de lectura\" \/>\n\t<meta name=\"twitter:data2\" content=\"4 minutos\" \/>\n<script type=\"application\/ld+json\" class=\"yoast-schema-graph\">{\"@context\":\"https:\/\/schema.org\",\"@graph\":[{\"@type\":\"Article\",\"@id\":\"https:\/\/www.sonoraenequipo.com.mx\/hermosillo-invita-ayuntamiento-a-festival-tradicional-de-dia-de-muertos\/#article\",\"isPartOf\":{\"@id\":\"https:\/\/www.sonoraenequipo.com.mx\/hermosillo-invita-ayuntamiento-a-festival-tradicional-de-dia-de-muertos\/\"},\"author\":{\"name\":\"enequipo\",\"@id\":\"https:\/\/www.sonoraenequipo.com.mx\/#\/schema\/person\/50102df0fb23a8fa9e8effad8fa81386\"},\"headline\":\"Hermosillo. \u00a0Invita Ayuntamiento a Festival Tradicional de D\u00eda de Muertos\",\"datePublished\":\"2022-10-22T00:11:13+00:00\",\"mainEntityOfPage\":{\"@id\":\"https:\/\/www.sonoraenequipo.com.mx\/hermosillo-invita-ayuntamiento-a-festival-tradicional-de-dia-de-muertos\/\"},\"wordCount\":873,\"commentCount\":0,\"publisher\":{\"@id\":\"https:\/\/www.sonoraenequipo.com.mx\/#organization\"},\"image\":{\"@id\":\"https:\/\/www.sonoraenequipo.com.mx\/hermosillo-invita-ayuntamiento-a-festival-tradicional-de-dia-de-muertos\/#primaryimage\"},\"thumbnailUrl\":\"https:\/\/www.sonoraenequipo.com.mx\/storage\/2022\/10\/dia-muertos.jpg\",\"keywords\":[\"dia muertos 2022\"],\"articleSection\":[\"Municipios\"],\"inLanguage\":\"es\",\"potentialAction\":[{\"@type\":\"CommentAction\",\"name\":\"Comment\",\"target\":[\"https:\/\/www.sonoraenequipo.com.mx\/hermosillo-invita-ayuntamiento-a-festival-tradicional-de-dia-de-muertos\/#respond\"]}]},{\"@type\":\"WebPage\",\"@id\":\"https:\/\/www.sonoraenequipo.com.mx\/hermosillo-invita-ayuntamiento-a-festival-tradicional-de-dia-de-muertos\/\",\"url\":\"https:\/\/www.sonoraenequipo.com.mx\/hermosillo-invita-ayuntamiento-a-festival-tradicional-de-dia-de-muertos\/\",\"name\":\"Sonora en Equipo. Hermosillo. \u00a0Invita Ayuntamiento a Festival Tradicional de D\u00eda de Muertos Municipios\",\"isPartOf\":{\"@id\":\"https:\/\/www.sonoraenequipo.com.mx\/#website\"},\"primaryImageOfPage\":{\"@id\":\"https:\/\/www.sonoraenequipo.com.mx\/hermosillo-invita-ayuntamiento-a-festival-tradicional-de-dia-de-muertos\/#primaryimage\"},\"image\":{\"@id\":\"https:\/\/www.sonoraenequipo.com.mx\/hermosillo-invita-ayuntamiento-a-festival-tradicional-de-dia-de-muertos\/#primaryimage\"},\"thumbnailUrl\":\"https:\/\/www.sonoraenequipo.com.mx\/storage\/2022\/10\/dia-muertos.jpg\",\"datePublished\":\"2022-10-22T00:11:13+00:00\",\"description\":\"HERMOSILLO, SONORA,MX.\u2500\u2500 Marianna Gonz\u00e1lez Gast\u00e9lum, directora del Instituto Municipal de Cultura y Arte (IMCA), anunci\u00f3 que se realizar\u00e1 el IV Festival En Sonora en Equipo publicamos toda la informaci\u00f3n de Sonora, M\u00e9xico y el Mundo de manera oportuna y busca que la libertad de expresi\u00f3n sea real. Visita nuestro medio informativo publicado desde Hermosillo, Sonora. %\",\"breadcrumb\":{\"@id\":\"https:\/\/www.sonoraenequipo.com.mx\/hermosillo-invita-ayuntamiento-a-festival-tradicional-de-dia-de-muertos\/#breadcrumb\"},\"inLanguage\":\"es\",\"potentialAction\":[{\"@type\":\"ReadAction\",\"target\":[\"https:\/\/www.sonoraenequipo.com.mx\/hermosillo-invita-ayuntamiento-a-festival-tradicional-de-dia-de-muertos\/\"]}]},{\"@type\":\"ImageObject\",\"inLanguage\":\"es\",\"@id\":\"https:\/\/www.sonoraenequipo.com.mx\/hermosillo-invita-ayuntamiento-a-festival-tradicional-de-dia-de-muertos\/#primaryimage\",\"url\":\"https:\/\/www.sonoraenequipo.com.mx\/storage\/2022\/10\/dia-muertos.jpg\",\"contentUrl\":\"https:\/\/www.sonoraenequipo.com.mx\/storage\/2022\/10\/dia-muertos.jpg\",\"width\":700,\"height\":467},{\"@type\":\"BreadcrumbList\",\"@id\":\"https:\/\/www.sonoraenequipo.com.mx\/hermosillo-invita-ayuntamiento-a-festival-tradicional-de-dia-de-muertos\/#breadcrumb\",\"itemListElement\":[{\"@type\":\"ListItem\",\"position\":1,\"name\":\"Portada\",\"item\":\"https:\/\/www.sonoraenequipo.com.mx\/\"},{\"@type\":\"ListItem\",\"position\":2,\"name\":\"Hermosillo. \u00a0Invita Ayuntamiento a Festival Tradicional de D\u00eda de Muertos\"}]},{\"@type\":\"WebSite\",\"@id\":\"https:\/\/www.sonoraenequipo.com.mx\/#website\",\"url\":\"https:\/\/www.sonoraenequipo.com.mx\/\",\"name\":\"Sonora en Equipo.\",\"description\":\"Diario en l\u00ednea con Noticias desde Hermosillo, Sonora\",\"publisher\":{\"@id\":\"https:\/\/www.sonoraenequipo.com.mx\/#organization\"},\"potentialAction\":[{\"@type\":\"SearchAction\",\"target\":{\"@type\":\"EntryPoint\",\"urlTemplate\":\"https:\/\/www.sonoraenequipo.com.mx\/?s={search_term_string}\"},\"query-input\":{\"@type\":\"PropertyValueSpecification\",\"valueRequired\":true,\"valueName\":\"search_term_string\"}}],\"inLanguage\":\"es\"},{\"@type\":\"Organization\",\"@id\":\"https:\/\/www.sonoraenequipo.com.mx\/#organization\",\"name\":\"Sonoraenequipo.com.mx\",\"url\":\"https:\/\/www.sonoraenequipo.com.mx\/\",\"logo\":{\"@type\":\"ImageObject\",\"inLanguage\":\"es\",\"@id\":\"https:\/\/www.sonoraenequipo.com.mx\/#\/schema\/logo\/image\/\",\"url\":\"https:\/\/www.sonoraenequipo.com.mx\/storage\/2019\/01\/sonoraenequipo_opt.png\",\"contentUrl\":\"https:\/\/www.sonoraenequipo.com.mx\/storage\/2019\/01\/sonoraenequipo_opt.png\",\"width\":375,\"height\":125,\"caption\":\"Sonoraenequipo.com.mx\"},\"image\":{\"@id\":\"https:\/\/www.sonoraenequipo.com.mx\/#\/schema\/logo\/image\/\"},\"sameAs\":[\"https:\/\/www.facebook.com\/SonoraEE\/\",\"https:\/\/x.com\/sonoraenequipo\",\"https:\/\/www.youtube.com\/channel\/UC338nW-lPEYmJQs4ZABQ1SQ\"]},{\"@type\":\"Person\",\"@id\":\"https:\/\/www.sonoraenequipo.com.mx\/#\/schema\/person\/50102df0fb23a8fa9e8effad8fa81386\",\"name\":\"enequipo\",\"image\":{\"@type\":\"ImageObject\",\"inLanguage\":\"es\",\"@id\":\"https:\/\/www.sonoraenequipo.com.mx\/#\/schema\/person\/image\/\",\"url\":\"https:\/\/secure.gravatar.com\/avatar\/049821681b589dabc0bc20695993ccebb09f5b5d4d790cd9251b97faac7c652b?s=96&d=blank&r=g\",\"contentUrl\":\"https:\/\/secure.gravatar.com\/avatar\/049821681b589dabc0bc20695993ccebb09f5b5d4d790cd9251b97faac7c652b?s=96&d=blank&r=g\",\"caption\":\"enequipo\"},\"sameAs\":[\"https:\/\/www.facebook.com\/SonoraEE\"]}]}<\/script>\n ","yoast_head_json":{"title":"Sonora en Equipo. Hermosillo. \u00a0Invita Ayuntamiento a Festival Tradicional de D\u00eda de Muertos Municipios","description":"HERMOSILLO, SONORA,MX.\u2500\u2500 Marianna Gonz\u00e1lez Gast\u00e9lum, directora del Instituto Municipal de Cultura y Arte (IMCA), anunci\u00f3 que se realizar\u00e1 el IV Festival En Sonora en Equipo publicamos toda la informaci\u00f3n de Sonora, M\u00e9xico y el Mundo de manera oportuna y busca que la libertad de expresi\u00f3n sea real. Visita nuestro medio informativo publicado desde Hermosillo, Sonora. %","robots":{"index":"index","follow":"follow","max-snippet":"max-snippet:-1","max-image-preview":"max-image-preview:large","max-video-preview":"max-video-preview:-1"},"canonical":"https:\/\/www.sonoraenequipo.com.mx\/hermosillo-invita-ayuntamiento-a-festival-tradicional-de-dia-de-muertos\/","og_locale":"es_ES","og_type":"article","og_title":"Sonora en Equipo. Hermosillo. \u00a0Invita Ayuntamiento a Festival Tradicional de D\u00eda de Muertos Municipios","og_description":"HERMOSILLO, SONORA,MX.\u2500\u2500 Marianna Gonz\u00e1lez Gast\u00e9lum, directora del Instituto Municipal de Cultura y Arte (IMCA), anunci\u00f3 que se realizar\u00e1 el IV Festival En Sonora en Equipo publicamos toda la informaci\u00f3n de Sonora, M\u00e9xico y el Mundo de manera oportuna y busca que la libertad de expresi\u00f3n sea real. Visita nuestro medio informativo publicado desde Hermosillo, Sonora. %","og_url":"https:\/\/www.sonoraenequipo.com.mx\/hermosillo-invita-ayuntamiento-a-festival-tradicional-de-dia-de-muertos\/","og_site_name":"Sonora en Equipo.","article_publisher":"https:\/\/www.facebook.com\/SonoraEE\/","article_author":"https:\/\/www.facebook.com\/SonoraEE","article_published_time":"2022-10-22T00:11:13+00:00","og_image":[{"width":700,"height":467,"url":"https:\/\/www.sonoraenequipo.com.mx\/storage\/2022\/10\/dia-muertos.jpg","type":"image\/jpeg"}],"author":"enequipo","twitter_card":"summary_large_image","twitter_creator":"@sonoraenequipo","twitter_site":"@sonoraenequipo","twitter_misc":{"Escrito por":"enequipo","Tiempo de lectura":"4 minutos"},"schema":{"@context":"https:\/\/schema.org","@graph":[{"@type":"Article","@id":"https:\/\/www.sonoraenequipo.com.mx\/hermosillo-invita-ayuntamiento-a-festival-tradicional-de-dia-de-muertos\/#article","isPartOf":{"@id":"https:\/\/www.sonoraenequipo.com.mx\/hermosillo-invita-ayuntamiento-a-festival-tradicional-de-dia-de-muertos\/"},"author":{"name":"enequipo","@id":"https:\/\/www.sonoraenequipo.com.mx\/#\/schema\/person\/50102df0fb23a8fa9e8effad8fa81386"},"headline":"Hermosillo. \u00a0Invita Ayuntamiento a Festival Tradicional de D\u00eda de Muertos","datePublished":"2022-10-22T00:11:13+00:00","mainEntityOfPage":{"@id":"https:\/\/www.sonoraenequipo.com.mx\/hermosillo-invita-ayuntamiento-a-festival-tradicional-de-dia-de-muertos\/"},"wordCount":873,"commentCount":0,"publisher":{"@id":"https:\/\/www.sonoraenequipo.com.mx\/#organization"},"image":{"@id":"https:\/\/www.sonoraenequipo.com.mx\/hermosillo-invita-ayuntamiento-a-festival-tradicional-de-dia-de-muertos\/#primaryimage"},"thumbnailUrl":"https:\/\/www.sonoraenequipo.com.mx\/storage\/2022\/10\/dia-muertos.jpg","keywords":["dia muertos 2022"],"articleSection":["Municipios"],"inLanguage":"es","potentialAction":[{"@type":"CommentAction","name":"Comment","target":["https:\/\/www.sonoraenequipo.com.mx\/hermosillo-invita-ayuntamiento-a-festival-tradicional-de-dia-de-muertos\/#respond"]}]},{"@type":"WebPage","@id":"https:\/\/www.sonoraenequipo.com.mx\/hermosillo-invita-ayuntamiento-a-festival-tradicional-de-dia-de-muertos\/","url":"https:\/\/www.sonoraenequipo.com.mx\/hermosillo-invita-ayuntamiento-a-festival-tradicional-de-dia-de-muertos\/","name":"Sonora en Equipo. Hermosillo. \u00a0Invita Ayuntamiento a Festival Tradicional de D\u00eda de Muertos Municipios","isPartOf":{"@id":"https:\/\/www.sonoraenequipo.com.mx\/#website"},"primaryImageOfPage":{"@id":"https:\/\/www.sonoraenequipo.com.mx\/hermosillo-invita-ayuntamiento-a-festival-tradicional-de-dia-de-muertos\/#primaryimage"},"image":{"@id":"https:\/\/www.sonoraenequipo.com.mx\/hermosillo-invita-ayuntamiento-a-festival-tradicional-de-dia-de-muertos\/#primaryimage"},"thumbnailUrl":"https:\/\/www.sonoraenequipo.com.mx\/storage\/2022\/10\/dia-muertos.jpg","datePublished":"2022-10-22T00:11:13+00:00","description":"HERMOSILLO, SONORA,MX.\u2500\u2500 Marianna Gonz\u00e1lez Gast\u00e9lum, directora del Instituto Municipal de Cultura y Arte (IMCA), anunci\u00f3 que se realizar\u00e1 el IV Festival En Sonora en Equipo publicamos toda la informaci\u00f3n de Sonora, M\u00e9xico y el Mundo de manera oportuna y busca que la libertad de expresi\u00f3n sea real. Visita nuestro medio informativo publicado desde Hermosillo, Sonora. %","breadcrumb":{"@id":"https:\/\/www.sonoraenequipo.com.mx\/hermosillo-invita-ayuntamiento-a-festival-tradicional-de-dia-de-muertos\/#breadcrumb"},"inLanguage":"es","potentialAction":[{"@type":"ReadAction","target":["https:\/\/www.sonoraenequipo.com.mx\/hermosillo-invita-ayuntamiento-a-festival-tradicional-de-dia-de-muertos\/"]}]},{"@type":"ImageObject","inLanguage":"es","@id":"https:\/\/www.sonoraenequipo.com.mx\/hermosillo-invita-ayuntamiento-a-festival-tradicional-de-dia-de-muertos\/#primaryimage","url":"https:\/\/www.sonoraenequipo.com.mx\/storage\/2022\/10\/dia-muertos.jpg","contentUrl":"https:\/\/www.sonoraenequipo.com.mx\/storage\/2022\/10\/dia-muertos.jpg","width":700,"height":467},{"@type":"BreadcrumbList","@id":"https:\/\/www.sonoraenequipo.com.mx\/hermosillo-invita-ayuntamiento-a-festival-tradicional-de-dia-de-muertos\/#breadcrumb","itemListElement":[{"@type":"ListItem","position":1,"name":"Portada","item":"https:\/\/www.sonoraenequipo.com.mx\/"},{"@type":"ListItem","position":2,"name":"Hermosillo. \u00a0Invita Ayuntamiento a Festival Tradicional de D\u00eda de Muertos"}]},{"@type":"WebSite","@id":"https:\/\/www.sonoraenequipo.com.mx\/#website","url":"https:\/\/www.sonoraenequipo.com.mx\/","name":"Sonora en Equipo.","description":"Diario en l\u00ednea con Noticias desde Hermosillo, Sonora","publisher":{"@id":"https:\/\/www.sonoraenequipo.com.mx\/#organization"},"potentialAction":[{"@type":"SearchAction","target":{"@type":"EntryPoint","urlTemplate":"https:\/\/www.sonoraenequipo.com.mx\/?s={search_term_string}"},"query-input":{"@type":"PropertyValueSpecification","valueRequired":true,"valueName":"search_term_string"}}],"inLanguage":"es"},{"@type":"Organization","@id":"https:\/\/www.sonoraenequipo.com.mx\/#organization","name":"Sonoraenequipo.com.mx","url":"https:\/\/www.sonoraenequipo.com.mx\/","logo":{"@type":"ImageObject","inLanguage":"es","@id":"https:\/\/www.sonoraenequipo.com.mx\/#\/schema\/logo\/image\/","url":"https:\/\/www.sonoraenequipo.com.mx\/storage\/2019\/01\/sonoraenequipo_opt.png","contentUrl":"https:\/\/www.sonoraenequipo.com.mx\/storage\/2019\/01\/sonoraenequipo_opt.png","width":375,"height":125,"caption":"Sonoraenequipo.com.mx"},"image":{"@id":"https:\/\/www.sonoraenequipo.com.mx\/#\/schema\/logo\/image\/"},"sameAs":["https:\/\/www.facebook.com\/SonoraEE\/","https:\/\/x.com\/sonoraenequipo","https:\/\/www.youtube.com\/channel\/UC338nW-lPEYmJQs4ZABQ1SQ"]},{"@type":"Person","@id":"https:\/\/www.sonoraenequipo.com.mx\/#\/schema\/person\/50102df0fb23a8fa9e8effad8fa81386","name":"enequipo","image":{"@type":"ImageObject","inLanguage":"es","@id":"https:\/\/www.sonoraenequipo.com.mx\/#\/schema\/person\/image\/","url":"https:\/\/secure.gravatar.com\/avatar\/049821681b589dabc0bc20695993ccebb09f5b5d4d790cd9251b97faac7c652b?s=96&d=blank&r=g","contentUrl":"https:\/\/secure.gravatar.com\/avatar\/049821681b589dabc0bc20695993ccebb09f5b5d4d790cd9251b97faac7c652b?s=96&d=blank&r=g","caption":"enequipo"},"sameAs":["https:\/\/www.facebook.com\/SonoraEE"]}]}},"jetpack_featured_media_url":"https:\/\/www.sonoraenequipo.com.mx\/storage\/2022\/10\/dia-muertos.jpg","_links":{"self":[{"href":"https:\/\/www.sonoraenequipo.com.mx\/api\/wp\/v2\/posts\/149889","targetHints":{"allow":["GET"]}}],"collection":[{"href":"https:\/\/www.sonoraenequipo.com.mx\/api\/wp\/v2\/posts"}],"about":[{"href":"https:\/\/www.sonoraenequipo.com.mx\/api\/wp\/v2\/types\/post"}],"author":[{"embeddable":true,"href":"https:\/\/www.sonoraenequipo.com.mx\/api\/wp\/v2\/users\/1"}],"replies":[{"embeddable":true,"href":"https:\/\/www.sonoraenequipo.com.mx\/api\/wp\/v2\/comments?post=149889"}],"version-history":[{"count":1,"href":"https:\/\/www.sonoraenequipo.com.mx\/api\/wp\/v2\/posts\/149889\/revisions"}],"predecessor-version":[{"id":149891,"href":"https:\/\/www.sonoraenequipo.com.mx\/api\/wp\/v2\/posts\/149889\/revisions\/149891"}],"wp:featuredmedia":[{"embeddable":true,"href":"https:\/\/www.sonoraenequipo.com.mx\/api\/wp\/v2\/media\/149890"}],"wp:attachment":[{"href":"https:\/\/www.sonoraenequipo.com.mx\/api\/wp\/v2\/media?parent=149889"}],"wp:term":[{"taxonomy":"category","embeddable":true,"href":"https:\/\/www.sonoraenequipo.com.mx\/api\/wp\/v2\/categories?post=149889"},{"taxonomy":"post_tag","embeddable":true,"href":"https:\/\/www.sonoraenequipo.com.mx\/api\/wp\/v2\/tags?post=149889"}],"curies":[{"name":"wp","href":"https:\/\/api.w.org\/{rel}","templated":true}]}}