{"id":149894,"date":"2022-10-21T16:44:21","date_gmt":"2022-10-21T23:44:21","guid":{"rendered":"https:\/\/www.sonoraenequipo.com.mx\/?p=149894"},"modified":"2022-10-21T16:41:40","modified_gmt":"2022-10-21T23:41:40","slug":"presidenta-de-mujeres-wim-mexico-visita-complejo-de-grupo-mexico-reconocido-por-su-compromiso-de-genero","status":"publish","type":"post","link":"https:\/\/www.sonoraenequipo.com.mx\/presidenta-de-mujeres-wim-mexico-visita-complejo-de-grupo-mexico-reconocido-por-su-compromiso-de-genero\/","title":{"rendered":"Presidenta de mujeres WIM M\u00e9xico visita complejo  de grupo M\u00e9xico reconocido por su compromiso de g\u00e9nero"},"content":{"rendered":"<p><strong>FRONTERAS, SONORA,MX.<\/strong><strong>\u2500\u2500<\/strong> La presidenta de Mujeres WIM M\u00e9xico, Ana Mar\u00eda Gonz\u00e1lez, recorri\u00f3 este 19 de octubre las instalaciones del Complejo Metal\u00fargico en Sonora, que este a\u00f1o fue reconocido en la octava posici\u00f3n del Best Workplace for Women, en M\u00e9xico.<\/p>\n<p>&nbsp;<\/p>\n<p>Esta distinci\u00f3n la otorga la organizaci\u00f3n Great Place to Work, que reconoce a las organizaciones que, seg\u00fan las propias colaboradoras, mantienen un firme compromiso para brindar las mejores condiciones de trabajo para ellas mismas.<\/p>\n<p>Por su parte, la organizaci\u00f3n Mujeres WIM M\u00e9xico es una representaci\u00f3n de la organizaci\u00f3n mundial Women In Mining, que tiene la finalidad de promover la equidad de oportunidades y condiciones laborales de las mujeres dentro de la industria minera.<\/p>\n<p>&nbsp;<\/p>\n<p>El recorrido incluy\u00f3 otras instalaciones de Grupo M\u00e9xico en Nacozari de Garc\u00eda, como la Mina La Caridad, el centro de negocios El Pinacate, as\u00ed como Casa Grande, principal espacio comunitario de la empresa en este municipio.<\/p>\n<p>&nbsp;<\/p>\n<p>Irma Potes, directora de Desarrollo Comunitario de Grupo M\u00e9xico, fungi\u00f3 como anfitriona y explic\u00f3 sobre el compromiso que tiene la empresa para garantizar las mejores condiciones de trabajo para sus colaboradoras.<\/p>\n<p>&nbsp;<\/p>\n<p>En las instalaciones del Complejo Metal\u00fargico Ana Mar\u00eda Gonz\u00e1lez sostuvo un di\u00e1logo con las colaboradoras \u00c9rika Nallely Hern\u00e1ndez Escamilla, ingeniera de procesos; Mar\u00eda Guadalupe de la Toba Madrigal, de recursos humanos; Karen Sof\u00eda S\u00e1nchez Ram\u00edrez, profesionista en desarrollo; Cecilia Lizeth Encinas Mej\u00eda, supervisora de laboratorio de metales preciosos; as\u00ed como con Cynthia Jazm\u00edn Juvera Valenzuela, qu\u00edmica de control de calidad en el laboratorio central.<\/p>\n<p>&nbsp;<\/p>\n<p>\u201cSoy egresada de la carrera de ingenier\u00eda qu\u00edmica metal\u00fargica y es una satisfacci\u00f3n muy grande poder ejercer mi carrera en el ramo minero metal\u00fargico. Tengo 10 a\u00f1os laborando en Grupo M\u00e9xico y me siento muy orgullosa de ser parte de esta empresa, que nos brinda grandes oportunidades de desarrollo que nos permiten d\u00eda a d\u00eda a mejorar continuamente lo que hacemos\u201d, expres\u00f3 la colaboradora \u00c9rika Nallely Hern\u00e1ndez.<\/p>\n<p>&nbsp;<\/p>\n<p>Por su parte, en el marco del D\u00eda Internacional de la Lucha Contra el C\u00e1ncer de Mama, la presidenta de Mujeres WIM M\u00e9xico, Ana Mar\u00eda Gonz\u00e1lez, expres\u00f3 que Grupo M\u00e9xico es un ejemplo para las empresas en el sector minero, tal como lo demuestra la distinci\u00f3n de \u201cBest Workplacer for Women\u201d.<\/p>\n<p>&nbsp;<\/p>\n<p>La comitiva estuvo integrada por Jaime Guti\u00e9rrez N\u00fa\u00f1ez, presidente de la C\u00e1mara Minera de M\u00e9xico (Camimex); por Alfredo Phillips, consejero de Camimex y director nacional de Argonaut Gold; por Karen Monroy, gerenta de Coordinaci\u00f3n de Camimex; adem\u00e1s de Alberto Orozco, presidente del Cl\u00faster Minero de Sonora.<\/p>\n<p><strong><u>Fecha de publicaci\u00f3n viernes 21 de octubre de 2022<\/u><\/strong><\/p>\n","protected":false},"excerpt":{"rendered":"<p>FRONTERAS, SONORA,MX.\u2500\u2500 La presidenta de Mujeres WIM M\u00e9xico, Ana Mar\u00eda Gonz\u00e1lez, recorri\u00f3 este 19 de&#8230;<\/p>\n","protected":false},"author":1,"featured_media":149893,"comment_status":"open","ping_status":"open","sticky":false,"template":"","format":"standard","meta":{"_monsterinsights_skip_tracking":false,"_monsterinsights_sitenote_active":false,"_monsterinsights_sitenote_note":"","_monsterinsights_sitenote_category":0,"footnotes":""},"categories":[22],"tags":[7675,297,15],"class_list":["post"],"yoast_head":" \n<title>Sonora en Equipo. Presidenta de mujeres WIM M\u00e9xico visita complejo de grupo M\u00e9xico reconocido por su compromiso de g\u00e9nero Sonora<\/title>\n<meta name=\"description\" content=\"FRONTERAS, SONORA,MX.\u2500\u2500 La presidenta de Mujeres WIM M\u00e9xico, Ana Mar\u00eda Gonz\u00e1lez, recorri\u00f3 este 19 de octubre las instalaciones del Complejo Metal\u00fargico en En Sonora en Equipo publicamos toda la informaci\u00f3n de Sonora, M\u00e9xico y el Mundo de manera oportuna y busca que la libertad de expresi\u00f3n sea real. Visita nuestro medio informativo publicado desde Hermosillo, Sonora. %\" \/>\n<meta name=\"robots\" content=\"index, follow, max-snippet:-1, max-image-preview:large, max-video-preview:-1\" \/>\n<link rel=\"canonical\" href=\"https:\/\/www.sonoraenequipo.com.mx\/presidenta-de-mujeres-wim-mexico-visita-complejo-de-grupo-mexico-reconocido-por-su-compromiso-de-genero\/\" \/>\n<meta property=\"og:locale\" content=\"es_ES\" \/>\n<meta property=\"og:type\" content=\"article\" \/>\n<meta property=\"og:title\" content=\"Sonora en Equipo. Presidenta de mujeres WIM M\u00e9xico visita complejo de grupo M\u00e9xico reconocido por su compromiso de g\u00e9nero Sonora\" \/>\n<meta property=\"og:description\" content=\"FRONTERAS, SONORA,MX.\u2500\u2500 La presidenta de Mujeres WIM M\u00e9xico, Ana Mar\u00eda Gonz\u00e1lez, recorri\u00f3 este 19 de octubre las instalaciones del Complejo Metal\u00fargico en En Sonora en Equipo publicamos toda la informaci\u00f3n de Sonora, M\u00e9xico y el Mundo de manera oportuna y busca que la libertad de expresi\u00f3n sea real. Visita nuestro medio informativo publicado desde Hermosillo, Sonora. %\" \/>\n<meta property=\"og:url\" content=\"https:\/\/www.sonoraenequipo.com.mx\/presidenta-de-mujeres-wim-mexico-visita-complejo-de-grupo-mexico-reconocido-por-su-compromiso-de-genero\/\" \/>\n<meta property=\"og:site_name\" content=\"Sonora en Equipo.\" \/>\n<meta property=\"article:publisher\" content=\"https:\/\/www.facebook.com\/SonoraEE\/\" \/>\n<meta property=\"article:author\" content=\"https:\/\/www.facebook.com\/SonoraEE\" \/>\n<meta property=\"article:published_time\" content=\"2022-10-21T23:44:21+00:00\" \/>\n<meta property=\"og:image\" content=\"https:\/\/www.sonoraenequipo.com.mx\/storage\/2022\/10\/WIM.jpg\" \/>\n\t<meta property=\"og:image:width\" content=\"700\" \/>\n\t<meta property=\"og:image:height\" content=\"467\" \/>\n\t<meta property=\"og:image:type\" content=\"image\/jpeg\" \/>\n<meta name=\"author\" content=\"enequipo\" \/>\n<meta name=\"twitter:card\" content=\"summary_large_image\" \/>\n<meta name=\"twitter:creator\" content=\"@sonoraenequipo\" \/>\n<meta name=\"twitter:site\" content=\"@sonoraenequipo\" \/>\n<meta name=\"twitter:label1\" content=\"Escrito por\" \/>\n\t<meta name=\"twitter:data1\" content=\"enequipo\" \/>\n\t<meta name=\"twitter:label2\" content=\"Tiempo de lectura\" \/>\n\t<meta name=\"twitter:data2\" content=\"2 minutos\" \/>\n<script type=\"application\/ld+json\" class=\"yoast-schema-graph\">{\"@context\":\"https:\/\/schema.org\",\"@graph\":[{\"@type\":\"Article\",\"@id\":\"https:\/\/www.sonoraenequipo.com.mx\/presidenta-de-mujeres-wim-mexico-visita-complejo-de-grupo-mexico-reconocido-por-su-compromiso-de-genero\/#article\",\"isPartOf\":{\"@id\":\"https:\/\/www.sonoraenequipo.com.mx\/presidenta-de-mujeres-wim-mexico-visita-complejo-de-grupo-mexico-reconocido-por-su-compromiso-de-genero\/\"},\"author\":{\"name\":\"enequipo\",\"@id\":\"https:\/\/www.sonoraenequipo.com.mx\/#\/schema\/person\/50102df0fb23a8fa9e8effad8fa81386\"},\"headline\":\"Presidenta de mujeres WIM M\u00e9xico visita complejo de grupo M\u00e9xico reconocido por su compromiso de g\u00e9nero\",\"datePublished\":\"2022-10-21T23:44:21+00:00\",\"mainEntityOfPage\":{\"@id\":\"https:\/\/www.sonoraenequipo.com.mx\/presidenta-de-mujeres-wim-mexico-visita-complejo-de-grupo-mexico-reconocido-por-su-compromiso-de-genero\/\"},\"wordCount\":493,\"commentCount\":0,\"publisher\":{\"@id\":\"https:\/\/www.sonoraenequipo.com.mx\/#organization\"},\"image\":{\"@id\":\"https:\/\/www.sonoraenequipo.com.mx\/presidenta-de-mujeres-wim-mexico-visita-complejo-de-grupo-mexico-reconocido-por-su-compromiso-de-genero\/#primaryimage\"},\"thumbnailUrl\":\"https:\/\/www.sonoraenequipo.com.mx\/storage\/2022\/10\/WIM.jpg\",\"keywords\":[\"minas\",\"mujeres\",\"Sonora\"],\"articleSection\":[\"Sonora\"],\"inLanguage\":\"es\",\"potentialAction\":[{\"@type\":\"CommentAction\",\"name\":\"Comment\",\"target\":[\"https:\/\/www.sonoraenequipo.com.mx\/presidenta-de-mujeres-wim-mexico-visita-complejo-de-grupo-mexico-reconocido-por-su-compromiso-de-genero\/#respond\"]}]},{\"@type\":\"WebPage\",\"@id\":\"https:\/\/www.sonoraenequipo.com.mx\/presidenta-de-mujeres-wim-mexico-visita-complejo-de-grupo-mexico-reconocido-por-su-compromiso-de-genero\/\",\"url\":\"https:\/\/www.sonoraenequipo.com.mx\/presidenta-de-mujeres-wim-mexico-visita-complejo-de-grupo-mexico-reconocido-por-su-compromiso-de-genero\/\",\"name\":\"Sonora en Equipo. Presidenta de mujeres WIM M\u00e9xico visita complejo de grupo M\u00e9xico reconocido por su compromiso de g\u00e9nero Sonora\",\"isPartOf\":{\"@id\":\"https:\/\/www.sonoraenequipo.com.mx\/#website\"},\"primaryImageOfPage\":{\"@id\":\"https:\/\/www.sonoraenequipo.com.mx\/presidenta-de-mujeres-wim-mexico-visita-complejo-de-grupo-mexico-reconocido-por-su-compromiso-de-genero\/#primaryimage\"},\"image\":{\"@id\":\"https:\/\/www.sonoraenequipo.com.mx\/presidenta-de-mujeres-wim-mexico-visita-complejo-de-grupo-mexico-reconocido-por-su-compromiso-de-genero\/#primaryimage\"},\"thumbnailUrl\":\"https:\/\/www.sonoraenequipo.com.mx\/storage\/2022\/10\/WIM.jpg\",\"datePublished\":\"2022-10-21T23:44:21+00:00\",\"description\":\"FRONTERAS, SONORA,MX.\u2500\u2500 La presidenta de Mujeres WIM M\u00e9xico, Ana Mar\u00eda Gonz\u00e1lez, recorri\u00f3 este 19 de octubre las instalaciones del Complejo Metal\u00fargico en En Sonora en Equipo publicamos toda la informaci\u00f3n de Sonora, M\u00e9xico y el Mundo de manera oportuna y busca que la libertad de expresi\u00f3n sea real. Visita nuestro medio informativo publicado desde Hermosillo, Sonora. %\",\"breadcrumb\":{\"@id\":\"https:\/\/www.sonoraenequipo.com.mx\/presidenta-de-mujeres-wim-mexico-visita-complejo-de-grupo-mexico-reconocido-por-su-compromiso-de-genero\/#breadcrumb\"},\"inLanguage\":\"es\",\"potentialAction\":[{\"@type\":\"ReadAction\",\"target\":[\"https:\/\/www.sonoraenequipo.com.mx\/presidenta-de-mujeres-wim-mexico-visita-complejo-de-grupo-mexico-reconocido-por-su-compromiso-de-genero\/\"]}]},{\"@type\":\"ImageObject\",\"inLanguage\":\"es\",\"@id\":\"https:\/\/www.sonoraenequipo.com.mx\/presidenta-de-mujeres-wim-mexico-visita-complejo-de-grupo-mexico-reconocido-por-su-compromiso-de-genero\/#primaryimage\",\"url\":\"https:\/\/www.sonoraenequipo.com.mx\/storage\/2022\/10\/WIM.jpg\",\"contentUrl\":\"https:\/\/www.sonoraenequipo.com.mx\/storage\/2022\/10\/WIM.jpg\",\"width\":700,\"height\":467},{\"@type\":\"BreadcrumbList\",\"@id\":\"https:\/\/www.sonoraenequipo.com.mx\/presidenta-de-mujeres-wim-mexico-visita-complejo-de-grupo-mexico-reconocido-por-su-compromiso-de-genero\/#breadcrumb\",\"itemListElement\":[{\"@type\":\"ListItem\",\"position\":1,\"name\":\"Portada\",\"item\":\"https:\/\/www.sonoraenequipo.com.mx\/\"},{\"@type\":\"ListItem\",\"position\":2,\"name\":\"Presidenta de mujeres WIM M\u00e9xico visita complejo de grupo M\u00e9xico reconocido por su compromiso de g\u00e9nero\"}]},{\"@type\":\"WebSite\",\"@id\":\"https:\/\/www.sonoraenequipo.com.mx\/#website\",\"url\":\"https:\/\/www.sonoraenequipo.com.mx\/\",\"name\":\"Sonora en Equipo.\",\"description\":\"Diario en l\u00ednea con Noticias desde Hermosillo, Sonora\",\"publisher\":{\"@id\":\"https:\/\/www.sonoraenequipo.com.mx\/#organization\"},\"potentialAction\":[{\"@type\":\"SearchAction\",\"target\":{\"@type\":\"EntryPoint\",\"urlTemplate\":\"https:\/\/www.sonoraenequipo.com.mx\/?s={search_term_string}\"},\"query-input\":{\"@type\":\"PropertyValueSpecification\",\"valueRequired\":true,\"valueName\":\"search_term_string\"}}],\"inLanguage\":\"es\"},{\"@type\":\"Organization\",\"@id\":\"https:\/\/www.sonoraenequipo.com.mx\/#organization\",\"name\":\"Sonoraenequipo.com.mx\",\"url\":\"https:\/\/www.sonoraenequipo.com.mx\/\",\"logo\":{\"@type\":\"ImageObject\",\"inLanguage\":\"es\",\"@id\":\"https:\/\/www.sonoraenequipo.com.mx\/#\/schema\/logo\/image\/\",\"url\":\"https:\/\/www.sonoraenequipo.com.mx\/storage\/2019\/01\/sonoraenequipo_opt.png\",\"contentUrl\":\"https:\/\/www.sonoraenequipo.com.mx\/storage\/2019\/01\/sonoraenequipo_opt.png\",\"width\":375,\"height\":125,\"caption\":\"Sonoraenequipo.com.mx\"},\"image\":{\"@id\":\"https:\/\/www.sonoraenequipo.com.mx\/#\/schema\/logo\/image\/\"},\"sameAs\":[\"https:\/\/www.facebook.com\/SonoraEE\/\",\"https:\/\/x.com\/sonoraenequipo\",\"https:\/\/www.youtube.com\/channel\/UC338nW-lPEYmJQs4ZABQ1SQ\"]},{\"@type\":\"Person\",\"@id\":\"https:\/\/www.sonoraenequipo.com.mx\/#\/schema\/person\/50102df0fb23a8fa9e8effad8fa81386\",\"name\":\"enequipo\",\"image\":{\"@type\":\"ImageObject\",\"inLanguage\":\"es\",\"@id\":\"https:\/\/www.sonoraenequipo.com.mx\/#\/schema\/person\/image\/\",\"url\":\"https:\/\/secure.gravatar.com\/avatar\/049821681b589dabc0bc20695993ccebb09f5b5d4d790cd9251b97faac7c652b?s=96&d=blank&r=g\",\"contentUrl\":\"https:\/\/secure.gravatar.com\/avatar\/049821681b589dabc0bc20695993ccebb09f5b5d4d790cd9251b97faac7c652b?s=96&d=blank&r=g\",\"caption\":\"enequipo\"},\"sameAs\":[\"https:\/\/www.facebook.com\/SonoraEE\"]}]}<\/script>\n ","yoast_head_json":{"title":"Sonora en Equipo. Presidenta de mujeres WIM M\u00e9xico visita complejo de grupo M\u00e9xico reconocido por su compromiso de g\u00e9nero Sonora","description":"FRONTERAS, SONORA,MX.\u2500\u2500 La presidenta de Mujeres WIM M\u00e9xico, Ana Mar\u00eda Gonz\u00e1lez, recorri\u00f3 este 19 de octubre las instalaciones del Complejo Metal\u00fargico en En Sonora en Equipo publicamos toda la informaci\u00f3n de Sonora, M\u00e9xico y el Mundo de manera oportuna y busca que la libertad de expresi\u00f3n sea real. Visita nuestro medio informativo publicado desde Hermosillo, Sonora. %","robots":{"index":"index","follow":"follow","max-snippet":"max-snippet:-1","max-image-preview":"max-image-preview:large","max-video-preview":"max-video-preview:-1"},"canonical":"https:\/\/www.sonoraenequipo.com.mx\/presidenta-de-mujeres-wim-mexico-visita-complejo-de-grupo-mexico-reconocido-por-su-compromiso-de-genero\/","og_locale":"es_ES","og_type":"article","og_title":"Sonora en Equipo. Presidenta de mujeres WIM M\u00e9xico visita complejo de grupo M\u00e9xico reconocido por su compromiso de g\u00e9nero Sonora","og_description":"FRONTERAS, SONORA,MX.\u2500\u2500 La presidenta de Mujeres WIM M\u00e9xico, Ana Mar\u00eda Gonz\u00e1lez, recorri\u00f3 este 19 de octubre las instalaciones del Complejo Metal\u00fargico en En Sonora en Equipo publicamos toda la informaci\u00f3n de Sonora, M\u00e9xico y el Mundo de manera oportuna y busca que la libertad de expresi\u00f3n sea real. Visita nuestro medio informativo publicado desde Hermosillo, Sonora. %","og_url":"https:\/\/www.sonoraenequipo.com.mx\/presidenta-de-mujeres-wim-mexico-visita-complejo-de-grupo-mexico-reconocido-por-su-compromiso-de-genero\/","og_site_name":"Sonora en Equipo.","article_publisher":"https:\/\/www.facebook.com\/SonoraEE\/","article_author":"https:\/\/www.facebook.com\/SonoraEE","article_published_time":"2022-10-21T23:44:21+00:00","og_image":[{"width":700,"height":467,"url":"https:\/\/www.sonoraenequipo.com.mx\/storage\/2022\/10\/WIM.jpg","type":"image\/jpeg"}],"author":"enequipo","twitter_card":"summary_large_image","twitter_creator":"@sonoraenequipo","twitter_site":"@sonoraenequipo","twitter_misc":{"Escrito por":"enequipo","Tiempo de lectura":"2 minutos"},"schema":{"@context":"https:\/\/schema.org","@graph":[{"@type":"Article","@id":"https:\/\/www.sonoraenequipo.com.mx\/presidenta-de-mujeres-wim-mexico-visita-complejo-de-grupo-mexico-reconocido-por-su-compromiso-de-genero\/#article","isPartOf":{"@id":"https:\/\/www.sonoraenequipo.com.mx\/presidenta-de-mujeres-wim-mexico-visita-complejo-de-grupo-mexico-reconocido-por-su-compromiso-de-genero\/"},"author":{"name":"enequipo","@id":"https:\/\/www.sonoraenequipo.com.mx\/#\/schema\/person\/50102df0fb23a8fa9e8effad8fa81386"},"headline":"Presidenta de mujeres WIM M\u00e9xico visita complejo de grupo M\u00e9xico reconocido por su compromiso de g\u00e9nero","datePublished":"2022-10-21T23:44:21+00:00","mainEntityOfPage":{"@id":"https:\/\/www.sonoraenequipo.com.mx\/presidenta-de-mujeres-wim-mexico-visita-complejo-de-grupo-mexico-reconocido-por-su-compromiso-de-genero\/"},"wordCount":493,"commentCount":0,"publisher":{"@id":"https:\/\/www.sonoraenequipo.com.mx\/#organization"},"image":{"@id":"https:\/\/www.sonoraenequipo.com.mx\/presidenta-de-mujeres-wim-mexico-visita-complejo-de-grupo-mexico-reconocido-por-su-compromiso-de-genero\/#primaryimage"},"thumbnailUrl":"https:\/\/www.sonoraenequipo.com.mx\/storage\/2022\/10\/WIM.jpg","keywords":["minas","mujeres","Sonora"],"articleSection":["Sonora"],"inLanguage":"es","potentialAction":[{"@type":"CommentAction","name":"Comment","target":["https:\/\/www.sonoraenequipo.com.mx\/presidenta-de-mujeres-wim-mexico-visita-complejo-de-grupo-mexico-reconocido-por-su-compromiso-de-genero\/#respond"]}]},{"@type":"WebPage","@id":"https:\/\/www.sonoraenequipo.com.mx\/presidenta-de-mujeres-wim-mexico-visita-complejo-de-grupo-mexico-reconocido-por-su-compromiso-de-genero\/","url":"https:\/\/www.sonoraenequipo.com.mx\/presidenta-de-mujeres-wim-mexico-visita-complejo-de-grupo-mexico-reconocido-por-su-compromiso-de-genero\/","name":"Sonora en Equipo. Presidenta de mujeres WIM M\u00e9xico visita complejo de grupo M\u00e9xico reconocido por su compromiso de g\u00e9nero Sonora","isPartOf":{"@id":"https:\/\/www.sonoraenequipo.com.mx\/#website"},"primaryImageOfPage":{"@id":"https:\/\/www.sonoraenequipo.com.mx\/presidenta-de-mujeres-wim-mexico-visita-complejo-de-grupo-mexico-reconocido-por-su-compromiso-de-genero\/#primaryimage"},"image":{"@id":"https:\/\/www.sonoraenequipo.com.mx\/presidenta-de-mujeres-wim-mexico-visita-complejo-de-grupo-mexico-reconocido-por-su-compromiso-de-genero\/#primaryimage"},"thumbnailUrl":"https:\/\/www.sonoraenequipo.com.mx\/storage\/2022\/10\/WIM.jpg","datePublished":"2022-10-21T23:44:21+00:00","description":"FRONTERAS, SONORA,MX.\u2500\u2500 La presidenta de Mujeres WIM M\u00e9xico, Ana Mar\u00eda Gonz\u00e1lez, recorri\u00f3 este 19 de octubre las instalaciones del Complejo Metal\u00fargico en En Sonora en Equipo publicamos toda la informaci\u00f3n de Sonora, M\u00e9xico y el Mundo de manera oportuna y busca que la libertad de expresi\u00f3n sea real. Visita nuestro medio informativo publicado desde Hermosillo, Sonora. %","breadcrumb":{"@id":"https:\/\/www.sonoraenequipo.com.mx\/presidenta-de-mujeres-wim-mexico-visita-complejo-de-grupo-mexico-reconocido-por-su-compromiso-de-genero\/#breadcrumb"},"inLanguage":"es","potentialAction":[{"@type":"ReadAction","target":["https:\/\/www.sonoraenequipo.com.mx\/presidenta-de-mujeres-wim-mexico-visita-complejo-de-grupo-mexico-reconocido-por-su-compromiso-de-genero\/"]}]},{"@type":"ImageObject","inLanguage":"es","@id":"https:\/\/www.sonoraenequipo.com.mx\/presidenta-de-mujeres-wim-mexico-visita-complejo-de-grupo-mexico-reconocido-por-su-compromiso-de-genero\/#primaryimage","url":"https:\/\/www.sonoraenequipo.com.mx\/storage\/2022\/10\/WIM.jpg","contentUrl":"https:\/\/www.sonoraenequipo.com.mx\/storage\/2022\/10\/WIM.jpg","width":700,"height":467},{"@type":"BreadcrumbList","@id":"https:\/\/www.sonoraenequipo.com.mx\/presidenta-de-mujeres-wim-mexico-visita-complejo-de-grupo-mexico-reconocido-por-su-compromiso-de-genero\/#breadcrumb","itemListElement":[{"@type":"ListItem","position":1,"name":"Portada","item":"https:\/\/www.sonoraenequipo.com.mx\/"},{"@type":"ListItem","position":2,"name":"Presidenta de mujeres WIM M\u00e9xico visita complejo de grupo M\u00e9xico reconocido por su compromiso de g\u00e9nero"}]},{"@type":"WebSite","@id":"https:\/\/www.sonoraenequipo.com.mx\/#website","url":"https:\/\/www.sonoraenequipo.com.mx\/","name":"Sonora en Equipo.","description":"Diario en l\u00ednea con Noticias desde Hermosillo, Sonora","publisher":{"@id":"https:\/\/www.sonoraenequipo.com.mx\/#organization"},"potentialAction":[{"@type":"SearchAction","target":{"@type":"EntryPoint","urlTemplate":"https:\/\/www.sonoraenequipo.com.mx\/?s={search_term_string}"},"query-input":{"@type":"PropertyValueSpecification","valueRequired":true,"valueName":"search_term_string"}}],"inLanguage":"es"},{"@type":"Organization","@id":"https:\/\/www.sonoraenequipo.com.mx\/#organization","name":"Sonoraenequipo.com.mx","url":"https:\/\/www.sonoraenequipo.com.mx\/","logo":{"@type":"ImageObject","inLanguage":"es","@id":"https:\/\/www.sonoraenequipo.com.mx\/#\/schema\/logo\/image\/","url":"https:\/\/www.sonoraenequipo.com.mx\/storage\/2019\/01\/sonoraenequipo_opt.png","contentUrl":"https:\/\/www.sonoraenequipo.com.mx\/storage\/2019\/01\/sonoraenequipo_opt.png","width":375,"height":125,"caption":"Sonoraenequipo.com.mx"},"image":{"@id":"https:\/\/www.sonoraenequipo.com.mx\/#\/schema\/logo\/image\/"},"sameAs":["https:\/\/www.facebook.com\/SonoraEE\/","https:\/\/x.com\/sonoraenequipo","https:\/\/www.youtube.com\/channel\/UC338nW-lPEYmJQs4ZABQ1SQ"]},{"@type":"Person","@id":"https:\/\/www.sonoraenequipo.com.mx\/#\/schema\/person\/50102df0fb23a8fa9e8effad8fa81386","name":"enequipo","image":{"@type":"ImageObject","inLanguage":"es","@id":"https:\/\/www.sonoraenequipo.com.mx\/#\/schema\/person\/image\/","url":"https:\/\/secure.gravatar.com\/avatar\/049821681b589dabc0bc20695993ccebb09f5b5d4d790cd9251b97faac7c652b?s=96&d=blank&r=g","contentUrl":"https:\/\/secure.gravatar.com\/avatar\/049821681b589dabc0bc20695993ccebb09f5b5d4d790cd9251b97faac7c652b?s=96&d=blank&r=g","caption":"enequipo"},"sameAs":["https:\/\/www.facebook.com\/SonoraEE"]}]}},"jetpack_featured_media_url":"https:\/\/www.sonoraenequipo.com.mx\/storage\/2022\/10\/WIM.jpg","_links":{"self":[{"href":"https:\/\/www.sonoraenequipo.com.mx\/api\/wp\/v2\/posts\/149894","targetHints":{"allow":["GET"]}}],"collection":[{"href":"https:\/\/www.sonoraenequipo.com.mx\/api\/wp\/v2\/posts"}],"about":[{"href":"https:\/\/www.sonoraenequipo.com.mx\/api\/wp\/v2\/types\/post"}],"author":[{"embeddable":true,"href":"https:\/\/www.sonoraenequipo.com.mx\/api\/wp\/v2\/users\/1"}],"replies":[{"embeddable":true,"href":"https:\/\/www.sonoraenequipo.com.mx\/api\/wp\/v2\/comments?post=149894"}],"version-history":[{"count":1,"href":"https:\/\/www.sonoraenequipo.com.mx\/api\/wp\/v2\/posts\/149894\/revisions"}],"predecessor-version":[{"id":149895,"href":"https:\/\/www.sonoraenequipo.com.mx\/api\/wp\/v2\/posts\/149894\/revisions\/149895"}],"wp:featuredmedia":[{"embeddable":true,"href":"https:\/\/www.sonoraenequipo.com.mx\/api\/wp\/v2\/media\/149893"}],"wp:attachment":[{"href":"https:\/\/www.sonoraenequipo.com.mx\/api\/wp\/v2\/media?parent=149894"}],"wp:term":[{"taxonomy":"category","embeddable":true,"href":"https:\/\/www.sonoraenequipo.com.mx\/api\/wp\/v2\/categories?post=149894"},{"taxonomy":"post_tag","embeddable":true,"href":"https:\/\/www.sonoraenequipo.com.mx\/api\/wp\/v2\/tags?post=149894"}],"curies":[{"name":"wp","href":"https:\/\/api.w.org\/{rel}","templated":true}]}}