{"id":149915,"date":"2022-10-21T18:00:35","date_gmt":"2022-10-22T01:00:35","guid":{"rendered":"https:\/\/www.sonoraenequipo.com.mx\/?p=149915"},"modified":"2022-10-21T16:50:36","modified_gmt":"2022-10-21T23:50:36","slug":"bannon-exasesor-de-trump-es-condenado-a-prision-por-no-apoyar-investigacion-sobre-capitolio","status":"publish","type":"post","link":"https:\/\/www.sonoraenequipo.com.mx\/bannon-exasesor-de-trump-es-condenado-a-prision-por-no-apoyar-investigacion-sobre-capitolio\/","title":{"rendered":"Bannon, exasesor de Trump, es condenado a prisi\u00f3n por no apoyar investigaci\u00f3n sobre Capitolio"},"content":{"rendered":"<p><strong>WASHINGTON, ESTADOS UNDOS. \u2014<\/strong> Un tribunal federal de Washington conden\u00f3 este viernes a Steve Bannon, quien fue asesor del expresidente de Estados Unidos Donald Trump (2017-2021), a cuatro meses de prisi\u00f3n por negarse a colaborar con el comit\u00e9 legislativo que investiga el asalto al Capitolio del 6 de enero de 2021.<\/p>\n<p>&nbsp;<\/p>\n<p> <\/p>\n<p>&nbsp;<\/p>\n<p>El juez Carl Nichols acept\u00f3 tambi\u00e9n la petici\u00f3n de la Fiscal\u00eda estadounidense de que Bannon pague una multa, aunque rebaj\u00f3 la suma a 6 mil 500 d\u00f3lares, frente a los 200 mil que ped\u00eda el Departamento de Justicia.<\/p>\n<p>&nbsp;<\/p>\n<p>La Fiscal\u00eda ped\u00eda, de hecho, seis meses de prisi\u00f3n para el ultraderechista adem\u00e1s de la multa, mientras que la defensa de Steve Bannon solicit\u00f3 que su cliente cumpliera la pena bajo arresto domiciliario.<\/p>\n<p>&nbsp;<\/p>\n<p>Nichols avis\u00f3 a los abogados defensores antes de dar su decisi\u00f3n que Bannon deb\u00eda pasar como m\u00ednimo un mes entre rejas.<\/p>\n<p>&nbsp;<\/p>\n<p>El pasado julio, Bannon fue declarado culpable por un jurado de negarse a comparecer ante el comit\u00e9 legislativo que analiza el asalto al Capitolio y a proporcionarles algunos documentos.<\/p>\n<p>&nbsp;<\/p>\n<p>Tras escuchar la sentencia, el propio Bannon declar\u00f3 a los periodistas a su salida del juzgado que \u201crespeta la decisi\u00f3n del juez\u201d, al tiempo que asegur\u00f3 que es uno de los miembros del Gobierno de Trump que m\u00e1s ha comparecido ante comit\u00e9s, por lo que es \u201cmentira\u201d que se crea por encima de la ley.<\/p>\n<p>&nbsp;<\/p>\n<p>&nbsp;<\/p>\n<p>El exasesor asegur\u00f3 tambi\u00e9n que va a apelar la decisi\u00f3n y que el 8 de noviembre \u201cse juzgar\u00e1 el r\u00e9gimen ileg\u00edtimo\u201d del presidente estadounidense, Joe Biden, en referencia a las elecciones legislativas de medio mandato, que se celebrar\u00e1n en esa fecha y para las que muchos medios auguran p\u00e9rdidas para el Partido Dem\u00f3crata.<\/p>\n<p>&nbsp;<\/p>\n<p>&nbsp;<\/p>\n<p>Nichols afirm\u00f3 momentos antes de anunciar el fallo que permitir\u00e1 la suspensi\u00f3n de la sentencia si el equipo de Bannon presenta una apelaci\u00f3n.<\/p>\n<p>&nbsp;<\/p>\n<p>Adem\u00e1s de este caso, Bannon se enfrenta a otro proceso judicial en Nueva York por supuesto fraude en una campa\u00f1a de recaudaci\u00f3n de fondos para ayudar a construir un muro fronterizo con M\u00e9xico. En esta causa, est\u00e1 imputado por dos delitos graves de lavado de dinero, dos cargos de conspiraci\u00f3n y uno grave de intrigar para cometer fraude.<\/p>\n<p>&nbsp;<\/p>\n<p>&nbsp;<\/p>\n<p>PUBLICADO EL 21\/OCTUBRE DE 2022 \/ -Con informaci\u00f3n de EFE)<\/p>\n","protected":false},"excerpt":{"rendered":"<p>WASHINGTON, ESTADOS UNDOS. \u2014 Un tribunal federal de Washington conden\u00f3 este viernes a Steve Bannon,&#8230;<\/p>\n","protected":false},"author":1,"featured_media":149916,"comment_status":"open","ping_status":"open","sticky":false,"template":"","format":"standard","meta":{"_monsterinsights_skip_tracking":false,"_monsterinsights_sitenote_active":false,"_monsterinsights_sitenote_note":"","_monsterinsights_sitenote_category":0,"footnotes":""},"categories":[3],"tags":[],"class_list":["post"],"yoast_head":" \n<title>Sonora en Equipo. Bannon, exasesor de Trump, es condenado a prisi\u00f3n por no apoyar investigaci\u00f3n sobre Capitolio MUNDO<\/title>\n<meta name=\"description\" content=\"WASHINGTON, ESTADOS UNDOS. \u2014 Un tribunal federal de Washington conden\u00f3 este viernes a Steve Bannon, quien fue asesor del expresidente de Estados Unidos En Sonora en Equipo publicamos toda la informaci\u00f3n de Sonora, M\u00e9xico y el Mundo de manera oportuna y busca que la libertad de expresi\u00f3n sea real. Visita nuestro medio informativo publicado desde Hermosillo, Sonora. %\" \/>\n<meta name=\"robots\" content=\"index, follow, max-snippet:-1, max-image-preview:large, max-video-preview:-1\" \/>\n<link rel=\"canonical\" href=\"https:\/\/www.sonoraenequipo.com.mx\/bannon-exasesor-de-trump-es-condenado-a-prision-por-no-apoyar-investigacion-sobre-capitolio\/\" \/>\n<meta property=\"og:locale\" content=\"es_ES\" \/>\n<meta property=\"og:type\" content=\"article\" \/>\n<meta property=\"og:title\" content=\"Sonora en Equipo. Bannon, exasesor de Trump, es condenado a prisi\u00f3n por no apoyar investigaci\u00f3n sobre Capitolio MUNDO\" \/>\n<meta property=\"og:description\" content=\"WASHINGTON, ESTADOS UNDOS. \u2014 Un tribunal federal de Washington conden\u00f3 este viernes a Steve Bannon, quien fue asesor del expresidente de Estados Unidos En Sonora en Equipo publicamos toda la informaci\u00f3n de Sonora, M\u00e9xico y el Mundo de manera oportuna y busca que la libertad de expresi\u00f3n sea real. Visita nuestro medio informativo publicado desde Hermosillo, Sonora. %\" \/>\n<meta property=\"og:url\" content=\"https:\/\/www.sonoraenequipo.com.mx\/bannon-exasesor-de-trump-es-condenado-a-prision-por-no-apoyar-investigacion-sobre-capitolio\/\" \/>\n<meta property=\"og:site_name\" content=\"Sonora en Equipo.\" \/>\n<meta property=\"article:publisher\" content=\"https:\/\/www.facebook.com\/SonoraEE\/\" \/>\n<meta property=\"article:author\" content=\"https:\/\/www.facebook.com\/SonoraEE\" \/>\n<meta property=\"article:published_time\" content=\"2022-10-22T01:00:35+00:00\" \/>\n<meta property=\"og:image\" content=\"https:\/\/www.sonoraenequipo.com.mx\/storage\/2022\/10\/Bannon-ex-asesor-de-Trump-a-la-carcel.jpg\" \/>\n\t<meta property=\"og:image:width\" content=\"900\" \/>\n\t<meta property=\"og:image:height\" content=\"514\" \/>\n\t<meta property=\"og:image:type\" content=\"image\/jpeg\" \/>\n<meta name=\"author\" content=\"enequipo\" \/>\n<meta name=\"twitter:card\" content=\"summary_large_image\" \/>\n<meta name=\"twitter:creator\" content=\"@sonoraenequipo\" \/>\n<meta name=\"twitter:site\" content=\"@sonoraenequipo\" \/>\n<meta name=\"twitter:label1\" content=\"Escrito por\" \/>\n\t<meta name=\"twitter:data1\" content=\"enequipo\" \/>\n\t<meta name=\"twitter:label2\" content=\"Tiempo de lectura\" \/>\n\t<meta name=\"twitter:data2\" content=\"2 minutos\" \/>\n<script type=\"application\/ld+json\" class=\"yoast-schema-graph\">{\"@context\":\"https:\/\/schema.org\",\"@graph\":[{\"@type\":\"Article\",\"@id\":\"https:\/\/www.sonoraenequipo.com.mx\/bannon-exasesor-de-trump-es-condenado-a-prision-por-no-apoyar-investigacion-sobre-capitolio\/#article\",\"isPartOf\":{\"@id\":\"https:\/\/www.sonoraenequipo.com.mx\/bannon-exasesor-de-trump-es-condenado-a-prision-por-no-apoyar-investigacion-sobre-capitolio\/\"},\"author\":{\"name\":\"enequipo\",\"@id\":\"https:\/\/www.sonoraenequipo.com.mx\/#\/schema\/person\/50102df0fb23a8fa9e8effad8fa81386\"},\"headline\":\"Bannon, exasesor de Trump, es condenado a prisi\u00f3n por no apoyar investigaci\u00f3n sobre Capitolio\",\"datePublished\":\"2022-10-22T01:00:35+00:00\",\"mainEntityOfPage\":{\"@id\":\"https:\/\/www.sonoraenequipo.com.mx\/bannon-exasesor-de-trump-es-condenado-a-prision-por-no-apoyar-investigacion-sobre-capitolio\/\"},\"wordCount\":422,\"commentCount\":0,\"publisher\":{\"@id\":\"https:\/\/www.sonoraenequipo.com.mx\/#organization\"},\"image\":{\"@id\":\"https:\/\/www.sonoraenequipo.com.mx\/bannon-exasesor-de-trump-es-condenado-a-prision-por-no-apoyar-investigacion-sobre-capitolio\/#primaryimage\"},\"thumbnailUrl\":\"https:\/\/www.sonoraenequipo.com.mx\/storage\/2022\/10\/Bannon-ex-asesor-de-Trump-a-la-carcel.jpg\",\"articleSection\":[\"MUNDO\"],\"inLanguage\":\"es\",\"potentialAction\":[{\"@type\":\"CommentAction\",\"name\":\"Comment\",\"target\":[\"https:\/\/www.sonoraenequipo.com.mx\/bannon-exasesor-de-trump-es-condenado-a-prision-por-no-apoyar-investigacion-sobre-capitolio\/#respond\"]}]},{\"@type\":\"WebPage\",\"@id\":\"https:\/\/www.sonoraenequipo.com.mx\/bannon-exasesor-de-trump-es-condenado-a-prision-por-no-apoyar-investigacion-sobre-capitolio\/\",\"url\":\"https:\/\/www.sonoraenequipo.com.mx\/bannon-exasesor-de-trump-es-condenado-a-prision-por-no-apoyar-investigacion-sobre-capitolio\/\",\"name\":\"Sonora en Equipo. Bannon, exasesor de Trump, es condenado a prisi\u00f3n por no apoyar investigaci\u00f3n sobre Capitolio MUNDO\",\"isPartOf\":{\"@id\":\"https:\/\/www.sonoraenequipo.com.mx\/#website\"},\"primaryImageOfPage\":{\"@id\":\"https:\/\/www.sonoraenequipo.com.mx\/bannon-exasesor-de-trump-es-condenado-a-prision-por-no-apoyar-investigacion-sobre-capitolio\/#primaryimage\"},\"image\":{\"@id\":\"https:\/\/www.sonoraenequipo.com.mx\/bannon-exasesor-de-trump-es-condenado-a-prision-por-no-apoyar-investigacion-sobre-capitolio\/#primaryimage\"},\"thumbnailUrl\":\"https:\/\/www.sonoraenequipo.com.mx\/storage\/2022\/10\/Bannon-ex-asesor-de-Trump-a-la-carcel.jpg\",\"datePublished\":\"2022-10-22T01:00:35+00:00\",\"description\":\"WASHINGTON, ESTADOS UNDOS. \u2014 Un tribunal federal de Washington conden\u00f3 este viernes a Steve Bannon, quien fue asesor del expresidente de Estados Unidos En Sonora en Equipo publicamos toda la informaci\u00f3n de Sonora, M\u00e9xico y el Mundo de manera oportuna y busca que la libertad de expresi\u00f3n sea real. Visita nuestro medio informativo publicado desde Hermosillo, Sonora. %\",\"breadcrumb\":{\"@id\":\"https:\/\/www.sonoraenequipo.com.mx\/bannon-exasesor-de-trump-es-condenado-a-prision-por-no-apoyar-investigacion-sobre-capitolio\/#breadcrumb\"},\"inLanguage\":\"es\",\"potentialAction\":[{\"@type\":\"ReadAction\",\"target\":[\"https:\/\/www.sonoraenequipo.com.mx\/bannon-exasesor-de-trump-es-condenado-a-prision-por-no-apoyar-investigacion-sobre-capitolio\/\"]}]},{\"@type\":\"ImageObject\",\"inLanguage\":\"es\",\"@id\":\"https:\/\/www.sonoraenequipo.com.mx\/bannon-exasesor-de-trump-es-condenado-a-prision-por-no-apoyar-investigacion-sobre-capitolio\/#primaryimage\",\"url\":\"https:\/\/www.sonoraenequipo.com.mx\/storage\/2022\/10\/Bannon-ex-asesor-de-Trump-a-la-carcel.jpg\",\"contentUrl\":\"https:\/\/www.sonoraenequipo.com.mx\/storage\/2022\/10\/Bannon-ex-asesor-de-Trump-a-la-carcel.jpg\",\"width\":900,\"height\":514},{\"@type\":\"BreadcrumbList\",\"@id\":\"https:\/\/www.sonoraenequipo.com.mx\/bannon-exasesor-de-trump-es-condenado-a-prision-por-no-apoyar-investigacion-sobre-capitolio\/#breadcrumb\",\"itemListElement\":[{\"@type\":\"ListItem\",\"position\":1,\"name\":\"Portada\",\"item\":\"https:\/\/www.sonoraenequipo.com.mx\/\"},{\"@type\":\"ListItem\",\"position\":2,\"name\":\"Bannon, exasesor de Trump, es condenado a prisi\u00f3n por no apoyar investigaci\u00f3n sobre Capitolio\"}]},{\"@type\":\"WebSite\",\"@id\":\"https:\/\/www.sonoraenequipo.com.mx\/#website\",\"url\":\"https:\/\/www.sonoraenequipo.com.mx\/\",\"name\":\"Sonora en Equipo.\",\"description\":\"Diario en l\u00ednea con Noticias desde Hermosillo, Sonora\",\"publisher\":{\"@id\":\"https:\/\/www.sonoraenequipo.com.mx\/#organization\"},\"potentialAction\":[{\"@type\":\"SearchAction\",\"target\":{\"@type\":\"EntryPoint\",\"urlTemplate\":\"https:\/\/www.sonoraenequipo.com.mx\/?s={search_term_string}\"},\"query-input\":{\"@type\":\"PropertyValueSpecification\",\"valueRequired\":true,\"valueName\":\"search_term_string\"}}],\"inLanguage\":\"es\"},{\"@type\":\"Organization\",\"@id\":\"https:\/\/www.sonoraenequipo.com.mx\/#organization\",\"name\":\"Sonoraenequipo.com.mx\",\"url\":\"https:\/\/www.sonoraenequipo.com.mx\/\",\"logo\":{\"@type\":\"ImageObject\",\"inLanguage\":\"es\",\"@id\":\"https:\/\/www.sonoraenequipo.com.mx\/#\/schema\/logo\/image\/\",\"url\":\"https:\/\/www.sonoraenequipo.com.mx\/storage\/2019\/01\/sonoraenequipo_opt.png\",\"contentUrl\":\"https:\/\/www.sonoraenequipo.com.mx\/storage\/2019\/01\/sonoraenequipo_opt.png\",\"width\":375,\"height\":125,\"caption\":\"Sonoraenequipo.com.mx\"},\"image\":{\"@id\":\"https:\/\/www.sonoraenequipo.com.mx\/#\/schema\/logo\/image\/\"},\"sameAs\":[\"https:\/\/www.facebook.com\/SonoraEE\/\",\"https:\/\/x.com\/sonoraenequipo\",\"https:\/\/www.youtube.com\/channel\/UC338nW-lPEYmJQs4ZABQ1SQ\"]},{\"@type\":\"Person\",\"@id\":\"https:\/\/www.sonoraenequipo.com.mx\/#\/schema\/person\/50102df0fb23a8fa9e8effad8fa81386\",\"name\":\"enequipo\",\"image\":{\"@type\":\"ImageObject\",\"inLanguage\":\"es\",\"@id\":\"https:\/\/www.sonoraenequipo.com.mx\/#\/schema\/person\/image\/\",\"url\":\"https:\/\/secure.gravatar.com\/avatar\/049821681b589dabc0bc20695993ccebb09f5b5d4d790cd9251b97faac7c652b?s=96&d=blank&r=g\",\"contentUrl\":\"https:\/\/secure.gravatar.com\/avatar\/049821681b589dabc0bc20695993ccebb09f5b5d4d790cd9251b97faac7c652b?s=96&d=blank&r=g\",\"caption\":\"enequipo\"},\"sameAs\":[\"https:\/\/www.facebook.com\/SonoraEE\"]}]}<\/script>\n ","yoast_head_json":{"title":"Sonora en Equipo. Bannon, exasesor de Trump, es condenado a prisi\u00f3n por no apoyar investigaci\u00f3n sobre Capitolio MUNDO","description":"WASHINGTON, ESTADOS UNDOS. \u2014 Un tribunal federal de Washington conden\u00f3 este viernes a Steve Bannon, quien fue asesor del expresidente de Estados Unidos En Sonora en Equipo publicamos toda la informaci\u00f3n de Sonora, M\u00e9xico y el Mundo de manera oportuna y busca que la libertad de expresi\u00f3n sea real. Visita nuestro medio informativo publicado desde Hermosillo, Sonora. %","robots":{"index":"index","follow":"follow","max-snippet":"max-snippet:-1","max-image-preview":"max-image-preview:large","max-video-preview":"max-video-preview:-1"},"canonical":"https:\/\/www.sonoraenequipo.com.mx\/bannon-exasesor-de-trump-es-condenado-a-prision-por-no-apoyar-investigacion-sobre-capitolio\/","og_locale":"es_ES","og_type":"article","og_title":"Sonora en Equipo. Bannon, exasesor de Trump, es condenado a prisi\u00f3n por no apoyar investigaci\u00f3n sobre Capitolio MUNDO","og_description":"WASHINGTON, ESTADOS UNDOS. \u2014 Un tribunal federal de Washington conden\u00f3 este viernes a Steve Bannon, quien fue asesor del expresidente de Estados Unidos En Sonora en Equipo publicamos toda la informaci\u00f3n de Sonora, M\u00e9xico y el Mundo de manera oportuna y busca que la libertad de expresi\u00f3n sea real. Visita nuestro medio informativo publicado desde Hermosillo, Sonora. %","og_url":"https:\/\/www.sonoraenequipo.com.mx\/bannon-exasesor-de-trump-es-condenado-a-prision-por-no-apoyar-investigacion-sobre-capitolio\/","og_site_name":"Sonora en Equipo.","article_publisher":"https:\/\/www.facebook.com\/SonoraEE\/","article_author":"https:\/\/www.facebook.com\/SonoraEE","article_published_time":"2022-10-22T01:00:35+00:00","og_image":[{"width":900,"height":514,"url":"https:\/\/www.sonoraenequipo.com.mx\/storage\/2022\/10\/Bannon-ex-asesor-de-Trump-a-la-carcel.jpg","type":"image\/jpeg"}],"author":"enequipo","twitter_card":"summary_large_image","twitter_creator":"@sonoraenequipo","twitter_site":"@sonoraenequipo","twitter_misc":{"Escrito por":"enequipo","Tiempo de lectura":"2 minutos"},"schema":{"@context":"https:\/\/schema.org","@graph":[{"@type":"Article","@id":"https:\/\/www.sonoraenequipo.com.mx\/bannon-exasesor-de-trump-es-condenado-a-prision-por-no-apoyar-investigacion-sobre-capitolio\/#article","isPartOf":{"@id":"https:\/\/www.sonoraenequipo.com.mx\/bannon-exasesor-de-trump-es-condenado-a-prision-por-no-apoyar-investigacion-sobre-capitolio\/"},"author":{"name":"enequipo","@id":"https:\/\/www.sonoraenequipo.com.mx\/#\/schema\/person\/50102df0fb23a8fa9e8effad8fa81386"},"headline":"Bannon, exasesor de Trump, es condenado a prisi\u00f3n por no apoyar investigaci\u00f3n sobre Capitolio","datePublished":"2022-10-22T01:00:35+00:00","mainEntityOfPage":{"@id":"https:\/\/www.sonoraenequipo.com.mx\/bannon-exasesor-de-trump-es-condenado-a-prision-por-no-apoyar-investigacion-sobre-capitolio\/"},"wordCount":422,"commentCount":0,"publisher":{"@id":"https:\/\/www.sonoraenequipo.com.mx\/#organization"},"image":{"@id":"https:\/\/www.sonoraenequipo.com.mx\/bannon-exasesor-de-trump-es-condenado-a-prision-por-no-apoyar-investigacion-sobre-capitolio\/#primaryimage"},"thumbnailUrl":"https:\/\/www.sonoraenequipo.com.mx\/storage\/2022\/10\/Bannon-ex-asesor-de-Trump-a-la-carcel.jpg","articleSection":["MUNDO"],"inLanguage":"es","potentialAction":[{"@type":"CommentAction","name":"Comment","target":["https:\/\/www.sonoraenequipo.com.mx\/bannon-exasesor-de-trump-es-condenado-a-prision-por-no-apoyar-investigacion-sobre-capitolio\/#respond"]}]},{"@type":"WebPage","@id":"https:\/\/www.sonoraenequipo.com.mx\/bannon-exasesor-de-trump-es-condenado-a-prision-por-no-apoyar-investigacion-sobre-capitolio\/","url":"https:\/\/www.sonoraenequipo.com.mx\/bannon-exasesor-de-trump-es-condenado-a-prision-por-no-apoyar-investigacion-sobre-capitolio\/","name":"Sonora en Equipo. Bannon, exasesor de Trump, es condenado a prisi\u00f3n por no apoyar investigaci\u00f3n sobre Capitolio MUNDO","isPartOf":{"@id":"https:\/\/www.sonoraenequipo.com.mx\/#website"},"primaryImageOfPage":{"@id":"https:\/\/www.sonoraenequipo.com.mx\/bannon-exasesor-de-trump-es-condenado-a-prision-por-no-apoyar-investigacion-sobre-capitolio\/#primaryimage"},"image":{"@id":"https:\/\/www.sonoraenequipo.com.mx\/bannon-exasesor-de-trump-es-condenado-a-prision-por-no-apoyar-investigacion-sobre-capitolio\/#primaryimage"},"thumbnailUrl":"https:\/\/www.sonoraenequipo.com.mx\/storage\/2022\/10\/Bannon-ex-asesor-de-Trump-a-la-carcel.jpg","datePublished":"2022-10-22T01:00:35+00:00","description":"WASHINGTON, ESTADOS UNDOS. \u2014 Un tribunal federal de Washington conden\u00f3 este viernes a Steve Bannon, quien fue asesor del expresidente de Estados Unidos En Sonora en Equipo publicamos toda la informaci\u00f3n de Sonora, M\u00e9xico y el Mundo de manera oportuna y busca que la libertad de expresi\u00f3n sea real. Visita nuestro medio informativo publicado desde Hermosillo, Sonora. %","breadcrumb":{"@id":"https:\/\/www.sonoraenequipo.com.mx\/bannon-exasesor-de-trump-es-condenado-a-prision-por-no-apoyar-investigacion-sobre-capitolio\/#breadcrumb"},"inLanguage":"es","potentialAction":[{"@type":"ReadAction","target":["https:\/\/www.sonoraenequipo.com.mx\/bannon-exasesor-de-trump-es-condenado-a-prision-por-no-apoyar-investigacion-sobre-capitolio\/"]}]},{"@type":"ImageObject","inLanguage":"es","@id":"https:\/\/www.sonoraenequipo.com.mx\/bannon-exasesor-de-trump-es-condenado-a-prision-por-no-apoyar-investigacion-sobre-capitolio\/#primaryimage","url":"https:\/\/www.sonoraenequipo.com.mx\/storage\/2022\/10\/Bannon-ex-asesor-de-Trump-a-la-carcel.jpg","contentUrl":"https:\/\/www.sonoraenequipo.com.mx\/storage\/2022\/10\/Bannon-ex-asesor-de-Trump-a-la-carcel.jpg","width":900,"height":514},{"@type":"BreadcrumbList","@id":"https:\/\/www.sonoraenequipo.com.mx\/bannon-exasesor-de-trump-es-condenado-a-prision-por-no-apoyar-investigacion-sobre-capitolio\/#breadcrumb","itemListElement":[{"@type":"ListItem","position":1,"name":"Portada","item":"https:\/\/www.sonoraenequipo.com.mx\/"},{"@type":"ListItem","position":2,"name":"Bannon, exasesor de Trump, es condenado a prisi\u00f3n por no apoyar investigaci\u00f3n sobre Capitolio"}]},{"@type":"WebSite","@id":"https:\/\/www.sonoraenequipo.com.mx\/#website","url":"https:\/\/www.sonoraenequipo.com.mx\/","name":"Sonora en Equipo.","description":"Diario en l\u00ednea con Noticias desde Hermosillo, Sonora","publisher":{"@id":"https:\/\/www.sonoraenequipo.com.mx\/#organization"},"potentialAction":[{"@type":"SearchAction","target":{"@type":"EntryPoint","urlTemplate":"https:\/\/www.sonoraenequipo.com.mx\/?s={search_term_string}"},"query-input":{"@type":"PropertyValueSpecification","valueRequired":true,"valueName":"search_term_string"}}],"inLanguage":"es"},{"@type":"Organization","@id":"https:\/\/www.sonoraenequipo.com.mx\/#organization","name":"Sonoraenequipo.com.mx","url":"https:\/\/www.sonoraenequipo.com.mx\/","logo":{"@type":"ImageObject","inLanguage":"es","@id":"https:\/\/www.sonoraenequipo.com.mx\/#\/schema\/logo\/image\/","url":"https:\/\/www.sonoraenequipo.com.mx\/storage\/2019\/01\/sonoraenequipo_opt.png","contentUrl":"https:\/\/www.sonoraenequipo.com.mx\/storage\/2019\/01\/sonoraenequipo_opt.png","width":375,"height":125,"caption":"Sonoraenequipo.com.mx"},"image":{"@id":"https:\/\/www.sonoraenequipo.com.mx\/#\/schema\/logo\/image\/"},"sameAs":["https:\/\/www.facebook.com\/SonoraEE\/","https:\/\/x.com\/sonoraenequipo","https:\/\/www.youtube.com\/channel\/UC338nW-lPEYmJQs4ZABQ1SQ"]},{"@type":"Person","@id":"https:\/\/www.sonoraenequipo.com.mx\/#\/schema\/person\/50102df0fb23a8fa9e8effad8fa81386","name":"enequipo","image":{"@type":"ImageObject","inLanguage":"es","@id":"https:\/\/www.sonoraenequipo.com.mx\/#\/schema\/person\/image\/","url":"https:\/\/secure.gravatar.com\/avatar\/049821681b589dabc0bc20695993ccebb09f5b5d4d790cd9251b97faac7c652b?s=96&d=blank&r=g","contentUrl":"https:\/\/secure.gravatar.com\/avatar\/049821681b589dabc0bc20695993ccebb09f5b5d4d790cd9251b97faac7c652b?s=96&d=blank&r=g","caption":"enequipo"},"sameAs":["https:\/\/www.facebook.com\/SonoraEE"]}]}},"jetpack_featured_media_url":"https:\/\/www.sonoraenequipo.com.mx\/storage\/2022\/10\/Bannon-ex-asesor-de-Trump-a-la-carcel.jpg","_links":{"self":[{"href":"https:\/\/www.sonoraenequipo.com.mx\/api\/wp\/v2\/posts\/149915","targetHints":{"allow":["GET"]}}],"collection":[{"href":"https:\/\/www.sonoraenequipo.com.mx\/api\/wp\/v2\/posts"}],"about":[{"href":"https:\/\/www.sonoraenequipo.com.mx\/api\/wp\/v2\/types\/post"}],"author":[{"embeddable":true,"href":"https:\/\/www.sonoraenequipo.com.mx\/api\/wp\/v2\/users\/1"}],"replies":[{"embeddable":true,"href":"https:\/\/www.sonoraenequipo.com.mx\/api\/wp\/v2\/comments?post=149915"}],"version-history":[{"count":1,"href":"https:\/\/www.sonoraenequipo.com.mx\/api\/wp\/v2\/posts\/149915\/revisions"}],"predecessor-version":[{"id":149917,"href":"https:\/\/www.sonoraenequipo.com.mx\/api\/wp\/v2\/posts\/149915\/revisions\/149917"}],"wp:featuredmedia":[{"embeddable":true,"href":"https:\/\/www.sonoraenequipo.com.mx\/api\/wp\/v2\/media\/149916"}],"wp:attachment":[{"href":"https:\/\/www.sonoraenequipo.com.mx\/api\/wp\/v2\/media?parent=149915"}],"wp:term":[{"taxonomy":"category","embeddable":true,"href":"https:\/\/www.sonoraenequipo.com.mx\/api\/wp\/v2\/categories?post=149915"},{"taxonomy":"post_tag","embeddable":true,"href":"https:\/\/www.sonoraenequipo.com.mx\/api\/wp\/v2\/tags?post=149915"}],"curies":[{"name":"wp","href":"https:\/\/api.w.org\/{rel}","templated":true}]}}