{"id":149925,"date":"2022-10-21T23:50:46","date_gmt":"2022-10-22T06:50:46","guid":{"rendered":"https:\/\/www.sonoraenequipo.com.mx\/?p=149925"},"modified":"2022-10-21T18:30:55","modified_gmt":"2022-10-22T01:30:55","slug":"trabajaremos-con-la-industria-para-fortalecer-la-vocacion-minera-de-sonora-gobernador-alfonso-durazo","status":"publish","type":"post","link":"https:\/\/www.sonoraenequipo.com.mx\/trabajaremos-con-la-industria-para-fortalecer-la-vocacion-minera-de-sonora-gobernador-alfonso-durazo\/","title":{"rendered":"Trabajaremos con la industria para fortalecer la vocaci\u00f3n minera de Sonora: gobernador Alfonso Durazo"},"content":{"rendered":"<p><strong>HERMOSILLO, SONORA,MX.<\/strong><strong>\u2500\u2500<\/strong> El Gobierno de Sonora trabajar\u00e1 conjuntamente con las empresas para fortalecer la relevancia de la industria minera en el estado y que despliegue su potencial a plenitud, asegur\u00f3 el gobernador Alfonso Durazo Monta\u00f1o.<\/p>\n<p>&nbsp;<\/p>\n<p>En el marco de la junta de Consejo Directivo de la C\u00e1mara Minera de M\u00e9xico, en el marco del 14 Congreso Internacional Minero Sonora 2022, el mandatario estatal destac\u00f3 la fortaleza de esta industria, que representa un beneficio en materia de generaci\u00f3n de empleos.<\/p>\n<p>&nbsp;<\/p>\n<p>\u201cEsta expresi\u00f3n en la que ustedes han sintetizado la fortaleza de la industria minera en el estado y el potencial de ella en esta expresi\u00f3n, &#8216;Sonora: El Coraz\u00f3n Minero de M\u00e9xico&#8217;, quiero decirles a ustedes que me llena de orgullo, y quiero que trabajemos juntos para fortalecer la relevancia de la industria minera aqu\u00ed en el estado, y para que despleguemos a plenitud ese potencial minero\u201d, indic\u00f3.<\/p>\n<p>&nbsp;<\/p>\n<p>El gobernador Durazo Monta\u00f1o a\u00f1adi\u00f3 que como parte del Plan Sonora de Energ\u00edas Sostenibles se contempla la explotaci\u00f3n del litio en los yacimientos que se tienen detectados en la entidad, y donde podr\u00e1n participar las empresas interesadas, con la condici\u00f3n de que se establezcan en Sonora.<\/p>\n<p>&nbsp;<\/p>\n<p>El titular del Ejecutivo estatal se comprometi\u00f3 a seguir trabajando al lado de las empresas a trav\u00e9s de una gesti\u00f3n facilitadora, abriendo siempre las puertas a la soluci\u00f3n de cualquier problema que se presente de forma directa y transparente.<\/p>\n<p>&nbsp;<\/p>\n<p>Jos\u00e9 Jaime Guti\u00e9rrez N\u00fa\u00f1ez, presidente de la C\u00e1mara Minera de M\u00e9xico, anunci\u00f3 que para los pr\u00f3ximos dos a\u00f1os se generar\u00e1n inversiones en Sonora que representar\u00e1n un beneficio, tanto para las empresas como para la sociedad en general.<\/p>\n<p>&nbsp;<\/p>\n<p>\u201cNosotros, de existir las condiciones adecuadas, consideramos que se invertir\u00edan cerca de 11 mil millones de d\u00f3lares en los pr\u00f3ximos dos a\u00f1os\u201d, dijo.<\/p>\n<p><strong><u>Fecha de publicaci\u00f3n viernes 21 de octubre de 2022<\/u><\/strong><\/p>\n<p>&nbsp;<\/p>\n","protected":false},"excerpt":{"rendered":"<p>HERMOSILLO, SONORA,MX.\u2500\u2500 El Gobierno de Sonora trabajar\u00e1 conjuntamente con las empresas para fortalecer la relevancia&#8230;<\/p>\n","protected":false},"author":1,"featured_media":149928,"comment_status":"open","ping_status":"open","sticky":false,"template":"","format":"standard","meta":{"_monsterinsights_skip_tracking":false,"_monsterinsights_sitenote_active":false,"_monsterinsights_sitenote_note":"","_monsterinsights_sitenote_category":0,"footnotes":""},"categories":[22],"tags":[832,15],"class_list":["post"],"yoast_head":" \n<title>Sonora en Equipo. Trabajaremos con la industria para fortalecer la vocaci\u00f3n minera de Sonora: gobernador Alfonso Durazo Sonora<\/title>\n<meta name=\"description\" content=\"HERMOSILLO, SONORA,MX.\u2500\u2500 El Gobierno de Sonora trabajar\u00e1 conjuntamente con las empresas para fortalecer la relevancia de la industria minera en el estado En Sonora en Equipo publicamos toda la informaci\u00f3n de Sonora, M\u00e9xico y el Mundo de manera oportuna y busca que la libertad de expresi\u00f3n sea real. Visita nuestro medio informativo publicado desde Hermosillo, Sonora. %\" \/>\n<meta name=\"robots\" content=\"index, follow, max-snippet:-1, max-image-preview:large, max-video-preview:-1\" \/>\n<link rel=\"canonical\" href=\"https:\/\/www.sonoraenequipo.com.mx\/trabajaremos-con-la-industria-para-fortalecer-la-vocacion-minera-de-sonora-gobernador-alfonso-durazo\/\" \/>\n<meta property=\"og:locale\" content=\"es_ES\" \/>\n<meta property=\"og:type\" content=\"article\" \/>\n<meta property=\"og:title\" content=\"Sonora en Equipo. Trabajaremos con la industria para fortalecer la vocaci\u00f3n minera de Sonora: gobernador Alfonso Durazo Sonora\" \/>\n<meta property=\"og:description\" content=\"HERMOSILLO, SONORA,MX.\u2500\u2500 El Gobierno de Sonora trabajar\u00e1 conjuntamente con las empresas para fortalecer la relevancia de la industria minera en el estado En Sonora en Equipo publicamos toda la informaci\u00f3n de Sonora, M\u00e9xico y el Mundo de manera oportuna y busca que la libertad de expresi\u00f3n sea real. Visita nuestro medio informativo publicado desde Hermosillo, Sonora. %\" \/>\n<meta property=\"og:url\" content=\"https:\/\/www.sonoraenequipo.com.mx\/trabajaremos-con-la-industria-para-fortalecer-la-vocacion-minera-de-sonora-gobernador-alfonso-durazo\/\" \/>\n<meta property=\"og:site_name\" content=\"Sonora en Equipo.\" \/>\n<meta property=\"article:publisher\" content=\"https:\/\/www.facebook.com\/SonoraEE\/\" \/>\n<meta property=\"article:author\" content=\"https:\/\/www.facebook.com\/SonoraEE\" \/>\n<meta property=\"article:published_time\" content=\"2022-10-22T06:50:46+00:00\" \/>\n<meta property=\"og:image\" content=\"https:\/\/www.sonoraenequipo.com.mx\/storage\/2022\/10\/adm-mineria.jpg\" \/>\n\t<meta property=\"og:image:width\" content=\"700\" \/>\n\t<meta property=\"og:image:height\" content=\"465\" \/>\n\t<meta property=\"og:image:type\" content=\"image\/jpeg\" \/>\n<meta name=\"author\" content=\"enequipo\" \/>\n<meta name=\"twitter:card\" content=\"summary_large_image\" \/>\n<meta name=\"twitter:creator\" content=\"@sonoraenequipo\" \/>\n<meta name=\"twitter:site\" content=\"@sonoraenequipo\" \/>\n<meta name=\"twitter:label1\" content=\"Escrito por\" \/>\n\t<meta name=\"twitter:data1\" content=\"enequipo\" \/>\n\t<meta name=\"twitter:label2\" content=\"Tiempo de lectura\" \/>\n\t<meta name=\"twitter:data2\" content=\"2 minutos\" \/>\n<script type=\"application\/ld+json\" class=\"yoast-schema-graph\">{\"@context\":\"https:\/\/schema.org\",\"@graph\":[{\"@type\":\"Article\",\"@id\":\"https:\/\/www.sonoraenequipo.com.mx\/trabajaremos-con-la-industria-para-fortalecer-la-vocacion-minera-de-sonora-gobernador-alfonso-durazo\/#article\",\"isPartOf\":{\"@id\":\"https:\/\/www.sonoraenequipo.com.mx\/trabajaremos-con-la-industria-para-fortalecer-la-vocacion-minera-de-sonora-gobernador-alfonso-durazo\/\"},\"author\":{\"name\":\"enequipo\",\"@id\":\"https:\/\/www.sonoraenequipo.com.mx\/#\/schema\/person\/50102df0fb23a8fa9e8effad8fa81386\"},\"headline\":\"Trabajaremos con la industria para fortalecer la vocaci\u00f3n minera de Sonora: gobernador Alfonso Durazo\",\"datePublished\":\"2022-10-22T06:50:46+00:00\",\"mainEntityOfPage\":{\"@id\":\"https:\/\/www.sonoraenequipo.com.mx\/trabajaremos-con-la-industria-para-fortalecer-la-vocacion-minera-de-sonora-gobernador-alfonso-durazo\/\"},\"wordCount\":348,\"commentCount\":0,\"publisher\":{\"@id\":\"https:\/\/www.sonoraenequipo.com.mx\/#organization\"},\"image\":{\"@id\":\"https:\/\/www.sonoraenequipo.com.mx\/trabajaremos-con-la-industria-para-fortalecer-la-vocacion-minera-de-sonora-gobernador-alfonso-durazo\/#primaryimage\"},\"thumbnailUrl\":\"https:\/\/www.sonoraenequipo.com.mx\/storage\/2022\/10\/adm-mineria.jpg\",\"keywords\":[\"Mineria\",\"Sonora\"],\"articleSection\":[\"Sonora\"],\"inLanguage\":\"es\",\"potentialAction\":[{\"@type\":\"CommentAction\",\"name\":\"Comment\",\"target\":[\"https:\/\/www.sonoraenequipo.com.mx\/trabajaremos-con-la-industria-para-fortalecer-la-vocacion-minera-de-sonora-gobernador-alfonso-durazo\/#respond\"]}]},{\"@type\":\"WebPage\",\"@id\":\"https:\/\/www.sonoraenequipo.com.mx\/trabajaremos-con-la-industria-para-fortalecer-la-vocacion-minera-de-sonora-gobernador-alfonso-durazo\/\",\"url\":\"https:\/\/www.sonoraenequipo.com.mx\/trabajaremos-con-la-industria-para-fortalecer-la-vocacion-minera-de-sonora-gobernador-alfonso-durazo\/\",\"name\":\"Sonora en Equipo. Trabajaremos con la industria para fortalecer la vocaci\u00f3n minera de Sonora: gobernador Alfonso Durazo Sonora\",\"isPartOf\":{\"@id\":\"https:\/\/www.sonoraenequipo.com.mx\/#website\"},\"primaryImageOfPage\":{\"@id\":\"https:\/\/www.sonoraenequipo.com.mx\/trabajaremos-con-la-industria-para-fortalecer-la-vocacion-minera-de-sonora-gobernador-alfonso-durazo\/#primaryimage\"},\"image\":{\"@id\":\"https:\/\/www.sonoraenequipo.com.mx\/trabajaremos-con-la-industria-para-fortalecer-la-vocacion-minera-de-sonora-gobernador-alfonso-durazo\/#primaryimage\"},\"thumbnailUrl\":\"https:\/\/www.sonoraenequipo.com.mx\/storage\/2022\/10\/adm-mineria.jpg\",\"datePublished\":\"2022-10-22T06:50:46+00:00\",\"description\":\"HERMOSILLO, SONORA,MX.\u2500\u2500 El Gobierno de Sonora trabajar\u00e1 conjuntamente con las empresas para fortalecer la relevancia de la industria minera en el estado En Sonora en Equipo publicamos toda la informaci\u00f3n de Sonora, M\u00e9xico y el Mundo de manera oportuna y busca que la libertad de expresi\u00f3n sea real. Visita nuestro medio informativo publicado desde Hermosillo, Sonora. %\",\"breadcrumb\":{\"@id\":\"https:\/\/www.sonoraenequipo.com.mx\/trabajaremos-con-la-industria-para-fortalecer-la-vocacion-minera-de-sonora-gobernador-alfonso-durazo\/#breadcrumb\"},\"inLanguage\":\"es\",\"potentialAction\":[{\"@type\":\"ReadAction\",\"target\":[\"https:\/\/www.sonoraenequipo.com.mx\/trabajaremos-con-la-industria-para-fortalecer-la-vocacion-minera-de-sonora-gobernador-alfonso-durazo\/\"]}]},{\"@type\":\"ImageObject\",\"inLanguage\":\"es\",\"@id\":\"https:\/\/www.sonoraenequipo.com.mx\/trabajaremos-con-la-industria-para-fortalecer-la-vocacion-minera-de-sonora-gobernador-alfonso-durazo\/#primaryimage\",\"url\":\"https:\/\/www.sonoraenequipo.com.mx\/storage\/2022\/10\/adm-mineria.jpg\",\"contentUrl\":\"https:\/\/www.sonoraenequipo.com.mx\/storage\/2022\/10\/adm-mineria.jpg\",\"width\":700,\"height\":465},{\"@type\":\"BreadcrumbList\",\"@id\":\"https:\/\/www.sonoraenequipo.com.mx\/trabajaremos-con-la-industria-para-fortalecer-la-vocacion-minera-de-sonora-gobernador-alfonso-durazo\/#breadcrumb\",\"itemListElement\":[{\"@type\":\"ListItem\",\"position\":1,\"name\":\"Portada\",\"item\":\"https:\/\/www.sonoraenequipo.com.mx\/\"},{\"@type\":\"ListItem\",\"position\":2,\"name\":\"Trabajaremos con la industria para fortalecer la vocaci\u00f3n minera de Sonora: gobernador Alfonso Durazo\"}]},{\"@type\":\"WebSite\",\"@id\":\"https:\/\/www.sonoraenequipo.com.mx\/#website\",\"url\":\"https:\/\/www.sonoraenequipo.com.mx\/\",\"name\":\"Sonora en Equipo.\",\"description\":\"Diario en l\u00ednea con Noticias desde Hermosillo, Sonora\",\"publisher\":{\"@id\":\"https:\/\/www.sonoraenequipo.com.mx\/#organization\"},\"potentialAction\":[{\"@type\":\"SearchAction\",\"target\":{\"@type\":\"EntryPoint\",\"urlTemplate\":\"https:\/\/www.sonoraenequipo.com.mx\/?s={search_term_string}\"},\"query-input\":{\"@type\":\"PropertyValueSpecification\",\"valueRequired\":true,\"valueName\":\"search_term_string\"}}],\"inLanguage\":\"es\"},{\"@type\":\"Organization\",\"@id\":\"https:\/\/www.sonoraenequipo.com.mx\/#organization\",\"name\":\"Sonoraenequipo.com.mx\",\"url\":\"https:\/\/www.sonoraenequipo.com.mx\/\",\"logo\":{\"@type\":\"ImageObject\",\"inLanguage\":\"es\",\"@id\":\"https:\/\/www.sonoraenequipo.com.mx\/#\/schema\/logo\/image\/\",\"url\":\"https:\/\/www.sonoraenequipo.com.mx\/storage\/2019\/01\/sonoraenequipo_opt.png\",\"contentUrl\":\"https:\/\/www.sonoraenequipo.com.mx\/storage\/2019\/01\/sonoraenequipo_opt.png\",\"width\":375,\"height\":125,\"caption\":\"Sonoraenequipo.com.mx\"},\"image\":{\"@id\":\"https:\/\/www.sonoraenequipo.com.mx\/#\/schema\/logo\/image\/\"},\"sameAs\":[\"https:\/\/www.facebook.com\/SonoraEE\/\",\"https:\/\/x.com\/sonoraenequipo\",\"https:\/\/www.youtube.com\/channel\/UC338nW-lPEYmJQs4ZABQ1SQ\"]},{\"@type\":\"Person\",\"@id\":\"https:\/\/www.sonoraenequipo.com.mx\/#\/schema\/person\/50102df0fb23a8fa9e8effad8fa81386\",\"name\":\"enequipo\",\"image\":{\"@type\":\"ImageObject\",\"inLanguage\":\"es\",\"@id\":\"https:\/\/www.sonoraenequipo.com.mx\/#\/schema\/person\/image\/\",\"url\":\"https:\/\/secure.gravatar.com\/avatar\/049821681b589dabc0bc20695993ccebb09f5b5d4d790cd9251b97faac7c652b?s=96&d=blank&r=g\",\"contentUrl\":\"https:\/\/secure.gravatar.com\/avatar\/049821681b589dabc0bc20695993ccebb09f5b5d4d790cd9251b97faac7c652b?s=96&d=blank&r=g\",\"caption\":\"enequipo\"},\"sameAs\":[\"https:\/\/www.facebook.com\/SonoraEE\"]}]}<\/script>\n ","yoast_head_json":{"title":"Sonora en Equipo. Trabajaremos con la industria para fortalecer la vocaci\u00f3n minera de Sonora: gobernador Alfonso Durazo Sonora","description":"HERMOSILLO, SONORA,MX.\u2500\u2500 El Gobierno de Sonora trabajar\u00e1 conjuntamente con las empresas para fortalecer la relevancia de la industria minera en el estado En Sonora en Equipo publicamos toda la informaci\u00f3n de Sonora, M\u00e9xico y el Mundo de manera oportuna y busca que la libertad de expresi\u00f3n sea real. Visita nuestro medio informativo publicado desde Hermosillo, Sonora. %","robots":{"index":"index","follow":"follow","max-snippet":"max-snippet:-1","max-image-preview":"max-image-preview:large","max-video-preview":"max-video-preview:-1"},"canonical":"https:\/\/www.sonoraenequipo.com.mx\/trabajaremos-con-la-industria-para-fortalecer-la-vocacion-minera-de-sonora-gobernador-alfonso-durazo\/","og_locale":"es_ES","og_type":"article","og_title":"Sonora en Equipo. Trabajaremos con la industria para fortalecer la vocaci\u00f3n minera de Sonora: gobernador Alfonso Durazo Sonora","og_description":"HERMOSILLO, SONORA,MX.\u2500\u2500 El Gobierno de Sonora trabajar\u00e1 conjuntamente con las empresas para fortalecer la relevancia de la industria minera en el estado En Sonora en Equipo publicamos toda la informaci\u00f3n de Sonora, M\u00e9xico y el Mundo de manera oportuna y busca que la libertad de expresi\u00f3n sea real. Visita nuestro medio informativo publicado desde Hermosillo, Sonora. %","og_url":"https:\/\/www.sonoraenequipo.com.mx\/trabajaremos-con-la-industria-para-fortalecer-la-vocacion-minera-de-sonora-gobernador-alfonso-durazo\/","og_site_name":"Sonora en Equipo.","article_publisher":"https:\/\/www.facebook.com\/SonoraEE\/","article_author":"https:\/\/www.facebook.com\/SonoraEE","article_published_time":"2022-10-22T06:50:46+00:00","og_image":[{"width":700,"height":465,"url":"https:\/\/www.sonoraenequipo.com.mx\/storage\/2022\/10\/adm-mineria.jpg","type":"image\/jpeg"}],"author":"enequipo","twitter_card":"summary_large_image","twitter_creator":"@sonoraenequipo","twitter_site":"@sonoraenequipo","twitter_misc":{"Escrito por":"enequipo","Tiempo de lectura":"2 minutos"},"schema":{"@context":"https:\/\/schema.org","@graph":[{"@type":"Article","@id":"https:\/\/www.sonoraenequipo.com.mx\/trabajaremos-con-la-industria-para-fortalecer-la-vocacion-minera-de-sonora-gobernador-alfonso-durazo\/#article","isPartOf":{"@id":"https:\/\/www.sonoraenequipo.com.mx\/trabajaremos-con-la-industria-para-fortalecer-la-vocacion-minera-de-sonora-gobernador-alfonso-durazo\/"},"author":{"name":"enequipo","@id":"https:\/\/www.sonoraenequipo.com.mx\/#\/schema\/person\/50102df0fb23a8fa9e8effad8fa81386"},"headline":"Trabajaremos con la industria para fortalecer la vocaci\u00f3n minera de Sonora: gobernador Alfonso Durazo","datePublished":"2022-10-22T06:50:46+00:00","mainEntityOfPage":{"@id":"https:\/\/www.sonoraenequipo.com.mx\/trabajaremos-con-la-industria-para-fortalecer-la-vocacion-minera-de-sonora-gobernador-alfonso-durazo\/"},"wordCount":348,"commentCount":0,"publisher":{"@id":"https:\/\/www.sonoraenequipo.com.mx\/#organization"},"image":{"@id":"https:\/\/www.sonoraenequipo.com.mx\/trabajaremos-con-la-industria-para-fortalecer-la-vocacion-minera-de-sonora-gobernador-alfonso-durazo\/#primaryimage"},"thumbnailUrl":"https:\/\/www.sonoraenequipo.com.mx\/storage\/2022\/10\/adm-mineria.jpg","keywords":["Mineria","Sonora"],"articleSection":["Sonora"],"inLanguage":"es","potentialAction":[{"@type":"CommentAction","name":"Comment","target":["https:\/\/www.sonoraenequipo.com.mx\/trabajaremos-con-la-industria-para-fortalecer-la-vocacion-minera-de-sonora-gobernador-alfonso-durazo\/#respond"]}]},{"@type":"WebPage","@id":"https:\/\/www.sonoraenequipo.com.mx\/trabajaremos-con-la-industria-para-fortalecer-la-vocacion-minera-de-sonora-gobernador-alfonso-durazo\/","url":"https:\/\/www.sonoraenequipo.com.mx\/trabajaremos-con-la-industria-para-fortalecer-la-vocacion-minera-de-sonora-gobernador-alfonso-durazo\/","name":"Sonora en Equipo. Trabajaremos con la industria para fortalecer la vocaci\u00f3n minera de Sonora: gobernador Alfonso Durazo Sonora","isPartOf":{"@id":"https:\/\/www.sonoraenequipo.com.mx\/#website"},"primaryImageOfPage":{"@id":"https:\/\/www.sonoraenequipo.com.mx\/trabajaremos-con-la-industria-para-fortalecer-la-vocacion-minera-de-sonora-gobernador-alfonso-durazo\/#primaryimage"},"image":{"@id":"https:\/\/www.sonoraenequipo.com.mx\/trabajaremos-con-la-industria-para-fortalecer-la-vocacion-minera-de-sonora-gobernador-alfonso-durazo\/#primaryimage"},"thumbnailUrl":"https:\/\/www.sonoraenequipo.com.mx\/storage\/2022\/10\/adm-mineria.jpg","datePublished":"2022-10-22T06:50:46+00:00","description":"HERMOSILLO, SONORA,MX.\u2500\u2500 El Gobierno de Sonora trabajar\u00e1 conjuntamente con las empresas para fortalecer la relevancia de la industria minera en el estado En Sonora en Equipo publicamos toda la informaci\u00f3n de Sonora, M\u00e9xico y el Mundo de manera oportuna y busca que la libertad de expresi\u00f3n sea real. Visita nuestro medio informativo publicado desde Hermosillo, Sonora. %","breadcrumb":{"@id":"https:\/\/www.sonoraenequipo.com.mx\/trabajaremos-con-la-industria-para-fortalecer-la-vocacion-minera-de-sonora-gobernador-alfonso-durazo\/#breadcrumb"},"inLanguage":"es","potentialAction":[{"@type":"ReadAction","target":["https:\/\/www.sonoraenequipo.com.mx\/trabajaremos-con-la-industria-para-fortalecer-la-vocacion-minera-de-sonora-gobernador-alfonso-durazo\/"]}]},{"@type":"ImageObject","inLanguage":"es","@id":"https:\/\/www.sonoraenequipo.com.mx\/trabajaremos-con-la-industria-para-fortalecer-la-vocacion-minera-de-sonora-gobernador-alfonso-durazo\/#primaryimage","url":"https:\/\/www.sonoraenequipo.com.mx\/storage\/2022\/10\/adm-mineria.jpg","contentUrl":"https:\/\/www.sonoraenequipo.com.mx\/storage\/2022\/10\/adm-mineria.jpg","width":700,"height":465},{"@type":"BreadcrumbList","@id":"https:\/\/www.sonoraenequipo.com.mx\/trabajaremos-con-la-industria-para-fortalecer-la-vocacion-minera-de-sonora-gobernador-alfonso-durazo\/#breadcrumb","itemListElement":[{"@type":"ListItem","position":1,"name":"Portada","item":"https:\/\/www.sonoraenequipo.com.mx\/"},{"@type":"ListItem","position":2,"name":"Trabajaremos con la industria para fortalecer la vocaci\u00f3n minera de Sonora: gobernador Alfonso Durazo"}]},{"@type":"WebSite","@id":"https:\/\/www.sonoraenequipo.com.mx\/#website","url":"https:\/\/www.sonoraenequipo.com.mx\/","name":"Sonora en Equipo.","description":"Diario en l\u00ednea con Noticias desde Hermosillo, Sonora","publisher":{"@id":"https:\/\/www.sonoraenequipo.com.mx\/#organization"},"potentialAction":[{"@type":"SearchAction","target":{"@type":"EntryPoint","urlTemplate":"https:\/\/www.sonoraenequipo.com.mx\/?s={search_term_string}"},"query-input":{"@type":"PropertyValueSpecification","valueRequired":true,"valueName":"search_term_string"}}],"inLanguage":"es"},{"@type":"Organization","@id":"https:\/\/www.sonoraenequipo.com.mx\/#organization","name":"Sonoraenequipo.com.mx","url":"https:\/\/www.sonoraenequipo.com.mx\/","logo":{"@type":"ImageObject","inLanguage":"es","@id":"https:\/\/www.sonoraenequipo.com.mx\/#\/schema\/logo\/image\/","url":"https:\/\/www.sonoraenequipo.com.mx\/storage\/2019\/01\/sonoraenequipo_opt.png","contentUrl":"https:\/\/www.sonoraenequipo.com.mx\/storage\/2019\/01\/sonoraenequipo_opt.png","width":375,"height":125,"caption":"Sonoraenequipo.com.mx"},"image":{"@id":"https:\/\/www.sonoraenequipo.com.mx\/#\/schema\/logo\/image\/"},"sameAs":["https:\/\/www.facebook.com\/SonoraEE\/","https:\/\/x.com\/sonoraenequipo","https:\/\/www.youtube.com\/channel\/UC338nW-lPEYmJQs4ZABQ1SQ"]},{"@type":"Person","@id":"https:\/\/www.sonoraenequipo.com.mx\/#\/schema\/person\/50102df0fb23a8fa9e8effad8fa81386","name":"enequipo","image":{"@type":"ImageObject","inLanguage":"es","@id":"https:\/\/www.sonoraenequipo.com.mx\/#\/schema\/person\/image\/","url":"https:\/\/secure.gravatar.com\/avatar\/049821681b589dabc0bc20695993ccebb09f5b5d4d790cd9251b97faac7c652b?s=96&d=blank&r=g","contentUrl":"https:\/\/secure.gravatar.com\/avatar\/049821681b589dabc0bc20695993ccebb09f5b5d4d790cd9251b97faac7c652b?s=96&d=blank&r=g","caption":"enequipo"},"sameAs":["https:\/\/www.facebook.com\/SonoraEE"]}]}},"jetpack_featured_media_url":"https:\/\/www.sonoraenequipo.com.mx\/storage\/2022\/10\/adm-mineria.jpg","_links":{"self":[{"href":"https:\/\/www.sonoraenequipo.com.mx\/api\/wp\/v2\/posts\/149925","targetHints":{"allow":["GET"]}}],"collection":[{"href":"https:\/\/www.sonoraenequipo.com.mx\/api\/wp\/v2\/posts"}],"about":[{"href":"https:\/\/www.sonoraenequipo.com.mx\/api\/wp\/v2\/types\/post"}],"author":[{"embeddable":true,"href":"https:\/\/www.sonoraenequipo.com.mx\/api\/wp\/v2\/users\/1"}],"replies":[{"embeddable":true,"href":"https:\/\/www.sonoraenequipo.com.mx\/api\/wp\/v2\/comments?post=149925"}],"version-history":[{"count":1,"href":"https:\/\/www.sonoraenequipo.com.mx\/api\/wp\/v2\/posts\/149925\/revisions"}],"predecessor-version":[{"id":149929,"href":"https:\/\/www.sonoraenequipo.com.mx\/api\/wp\/v2\/posts\/149925\/revisions\/149929"}],"wp:featuredmedia":[{"embeddable":true,"href":"https:\/\/www.sonoraenequipo.com.mx\/api\/wp\/v2\/media\/149928"}],"wp:attachment":[{"href":"https:\/\/www.sonoraenequipo.com.mx\/api\/wp\/v2\/media?parent=149925"}],"wp:term":[{"taxonomy":"category","embeddable":true,"href":"https:\/\/www.sonoraenequipo.com.mx\/api\/wp\/v2\/categories?post=149925"},{"taxonomy":"post_tag","embeddable":true,"href":"https:\/\/www.sonoraenequipo.com.mx\/api\/wp\/v2\/tags?post=149925"}],"curies":[{"name":"wp","href":"https:\/\/api.w.org\/{rel}","templated":true}]}}