{"id":149933,"date":"2022-10-21T18:43:24","date_gmt":"2022-10-22T01:43:24","guid":{"rendered":"https:\/\/www.sonoraenequipo.com.mx\/?p=149933"},"modified":"2022-10-21T18:43:24","modified_gmt":"2022-10-22T01:43:24","slug":"directivos-y-personal-del-centro-de-conciliacion-laboral-del-estado-de-sonora-asisten-a-conferencia-magistral","status":"publish","type":"post","link":"https:\/\/www.sonoraenequipo.com.mx\/directivos-y-personal-del-centro-de-conciliacion-laboral-del-estado-de-sonora-asisten-a-conferencia-magistral\/","title":{"rendered":"Directivos y personal del Centro de Conciliaci\u00f3n Laboral del Estado de Sonora asisten a conferencia magistral"},"content":{"rendered":"<p><strong>HERMOSILLO, SONORA,MX.<\/strong><strong>\u2500\u2500<\/strong> El director general David Soto Alday y el personal del Centro de Conciliaci\u00f3n Laboral asistieron a la conferencia \u201cRetos y Perspectivas del Nuevo Sistema de Justicia Laboral\u201d. La conferencia, impartida de manera presencial y virtual el pasado 14 de octubre, busc\u00f3 resaltar la invaluable e importante actividad de diversas instituciones que trabajan para transformar los derechos sociales.<\/p>\n<p>&nbsp;<\/p>\n<p>Bajo la organizaci\u00f3n del Supremo Tribunal de Justicia, la ponencia corri\u00f3 a cargo de Sergio Javier Molina Mart\u00ednez, consejero de la Judicatura Federal y cont\u00f3 con la presencia de Olga Armida Grijalva, secretaria de Trabajo, quien se dijo agradecida por la presencia de legisladores, impartidores de justicia y funcionarios de gobierno de diferentes dependencias.<\/p>\n<p>&nbsp;<\/p>\n<p>La bienvenida al catedr\u00e1tico fue realizada por Rafael Acu\u00f1a Griego, presidente del Supremo Tribunal de Justicia del Estado de Sonora, quien enfatiz\u00f3 algunas de las caracter\u00edsticas de la nueva reforma en materia laboral, la cual se caracteriza por contar con procedimientos m\u00e1s \u00e1giles, transparentes y eficientes, sustentados en principios que buscan dar mayor seguridad jur\u00eddica a trabajadores y empleadores, para garantizar la paz laboral.<\/p>\n<p>&nbsp;<\/p>\n<p>Molina Mart\u00ednez invit\u00f3 a los presentes a transmitir a los operadores del nuevo sistema de justicia laboral que hay una nueva visi\u00f3n, \u201cun nuevo faro que debe guiar nuestras actuaciones para convertirnos en el referente del cambio\u201d.<\/p>\n<p>&nbsp;<\/p>\n<p>El pres\u00eddium estuvo conformado por Olga Armida Grijalva Otero, secretaria del Trabajo; Adolfo Salazar Razo, secretario de la Consejer\u00eda Jur\u00eddica del Ejecutivo Estatal; Rafael Acu\u00f1a Griego, presidente del Supremo Tribunal de Justicia del Estado de Sonora; Sebasti\u00e1n Ordu\u00f1o Fragoza, diputado presidente de la Comisi\u00f3n del Trabajo del Congreso del Estado y Luis Enrique Riojas Duarte, en representaci\u00f3n de Rita Plancarte, rectora de la Universidad de Sonora.<\/p>\n<p><strong><u>Fecha de publicaci\u00f3n viernes 21 de octubre de 2022<\/u><\/strong><\/p>\n<p>&nbsp;<\/p>\n","protected":false},"excerpt":{"rendered":"<p>HERMOSILLO, SONORA,MX.\u2500\u2500 El director general David Soto Alday y el personal del Centro de Conciliaci\u00f3n&#8230;<\/p>\n","protected":false},"author":1,"featured_media":149934,"comment_status":"open","ping_status":"open","sticky":false,"template":"","format":"standard","meta":{"_monsterinsights_skip_tracking":false,"_monsterinsights_sitenote_active":false,"_monsterinsights_sitenote_note":"","_monsterinsights_sitenote_category":0,"footnotes":""},"categories":[22],"tags":[3651,7265],"class_list":["post"],"yoast_head":" \n<title>Sonora en Equipo. Directivos y personal del Centro de Conciliaci\u00f3n Laboral del Estado de Sonora asisten a conferencia magistral Sonora<\/title>\n<meta name=\"description\" content=\"HERMOSILLO, SONORA,MX.\u2500\u2500 El director general David Soto Alday y el personal del Centro de Conciliaci\u00f3n Laboral asistieron a la conferencia \u201cRetos y En Sonora en Equipo publicamos toda la informaci\u00f3n de Sonora, M\u00e9xico y el Mundo de manera oportuna y busca que la libertad de expresi\u00f3n sea real. Visita nuestro medio informativo publicado desde Hermosillo, Sonora. %\" \/>\n<meta name=\"robots\" content=\"index, follow, max-snippet:-1, max-image-preview:large, max-video-preview:-1\" \/>\n<link rel=\"canonical\" href=\"https:\/\/www.sonoraenequipo.com.mx\/directivos-y-personal-del-centro-de-conciliacion-laboral-del-estado-de-sonora-asisten-a-conferencia-magistral\/\" \/>\n<meta property=\"og:locale\" content=\"es_ES\" \/>\n<meta property=\"og:type\" content=\"article\" \/>\n<meta property=\"og:title\" content=\"Sonora en Equipo. Directivos y personal del Centro de Conciliaci\u00f3n Laboral del Estado de Sonora asisten a conferencia magistral Sonora\" \/>\n<meta property=\"og:description\" content=\"HERMOSILLO, SONORA,MX.\u2500\u2500 El director general David Soto Alday y el personal del Centro de Conciliaci\u00f3n Laboral asistieron a la conferencia \u201cRetos y En Sonora en Equipo publicamos toda la informaci\u00f3n de Sonora, M\u00e9xico y el Mundo de manera oportuna y busca que la libertad de expresi\u00f3n sea real. Visita nuestro medio informativo publicado desde Hermosillo, Sonora. %\" \/>\n<meta property=\"og:url\" content=\"https:\/\/www.sonoraenequipo.com.mx\/directivos-y-personal-del-centro-de-conciliacion-laboral-del-estado-de-sonora-asisten-a-conferencia-magistral\/\" \/>\n<meta property=\"og:site_name\" content=\"Sonora en Equipo.\" \/>\n<meta property=\"article:publisher\" content=\"https:\/\/www.facebook.com\/SonoraEE\/\" \/>\n<meta property=\"article:author\" content=\"https:\/\/www.facebook.com\/SonoraEE\" \/>\n<meta property=\"article:published_time\" content=\"2022-10-22T01:43:24+00:00\" \/>\n<meta property=\"og:image\" content=\"https:\/\/www.sonoraenequipo.com.mx\/storage\/2022\/10\/st.jpg\" \/>\n\t<meta property=\"og:image:width\" content=\"700\" \/>\n\t<meta property=\"og:image:height\" content=\"500\" \/>\n\t<meta property=\"og:image:type\" content=\"image\/jpeg\" \/>\n<meta name=\"author\" content=\"enequipo\" \/>\n<meta name=\"twitter:card\" content=\"summary_large_image\" \/>\n<meta name=\"twitter:creator\" content=\"@sonoraenequipo\" \/>\n<meta name=\"twitter:site\" content=\"@sonoraenequipo\" \/>\n<meta name=\"twitter:label1\" content=\"Escrito por\" \/>\n\t<meta name=\"twitter:data1\" content=\"enequipo\" \/>\n\t<meta name=\"twitter:label2\" content=\"Tiempo de lectura\" \/>\n\t<meta name=\"twitter:data2\" content=\"2 minutos\" \/>\n<script type=\"application\/ld+json\" class=\"yoast-schema-graph\">{\"@context\":\"https:\/\/schema.org\",\"@graph\":[{\"@type\":\"Article\",\"@id\":\"https:\/\/www.sonoraenequipo.com.mx\/directivos-y-personal-del-centro-de-conciliacion-laboral-del-estado-de-sonora-asisten-a-conferencia-magistral\/#article\",\"isPartOf\":{\"@id\":\"https:\/\/www.sonoraenequipo.com.mx\/directivos-y-personal-del-centro-de-conciliacion-laboral-del-estado-de-sonora-asisten-a-conferencia-magistral\/\"},\"author\":{\"name\":\"enequipo\",\"@id\":\"https:\/\/www.sonoraenequipo.com.mx\/#\/schema\/person\/50102df0fb23a8fa9e8effad8fa81386\"},\"headline\":\"Directivos y personal del Centro de Conciliaci\u00f3n Laboral del Estado de Sonora asisten a conferencia magistral\",\"datePublished\":\"2022-10-22T01:43:24+00:00\",\"mainEntityOfPage\":{\"@id\":\"https:\/\/www.sonoraenequipo.com.mx\/directivos-y-personal-del-centro-de-conciliacion-laboral-del-estado-de-sonora-asisten-a-conferencia-magistral\/\"},\"wordCount\":328,\"commentCount\":0,\"publisher\":{\"@id\":\"https:\/\/www.sonoraenequipo.com.mx\/#organization\"},\"image\":{\"@id\":\"https:\/\/www.sonoraenequipo.com.mx\/directivos-y-personal-del-centro-de-conciliacion-laboral-del-estado-de-sonora-asisten-a-conferencia-magistral\/#primaryimage\"},\"thumbnailUrl\":\"https:\/\/www.sonoraenequipo.com.mx\/storage\/2022\/10\/st.jpg\",\"keywords\":[\"laboral\",\"sistema\"],\"articleSection\":[\"Sonora\"],\"inLanguage\":\"es\",\"potentialAction\":[{\"@type\":\"CommentAction\",\"name\":\"Comment\",\"target\":[\"https:\/\/www.sonoraenequipo.com.mx\/directivos-y-personal-del-centro-de-conciliacion-laboral-del-estado-de-sonora-asisten-a-conferencia-magistral\/#respond\"]}]},{\"@type\":\"WebPage\",\"@id\":\"https:\/\/www.sonoraenequipo.com.mx\/directivos-y-personal-del-centro-de-conciliacion-laboral-del-estado-de-sonora-asisten-a-conferencia-magistral\/\",\"url\":\"https:\/\/www.sonoraenequipo.com.mx\/directivos-y-personal-del-centro-de-conciliacion-laboral-del-estado-de-sonora-asisten-a-conferencia-magistral\/\",\"name\":\"Sonora en Equipo. Directivos y personal del Centro de Conciliaci\u00f3n Laboral del Estado de Sonora asisten a conferencia magistral Sonora\",\"isPartOf\":{\"@id\":\"https:\/\/www.sonoraenequipo.com.mx\/#website\"},\"primaryImageOfPage\":{\"@id\":\"https:\/\/www.sonoraenequipo.com.mx\/directivos-y-personal-del-centro-de-conciliacion-laboral-del-estado-de-sonora-asisten-a-conferencia-magistral\/#primaryimage\"},\"image\":{\"@id\":\"https:\/\/www.sonoraenequipo.com.mx\/directivos-y-personal-del-centro-de-conciliacion-laboral-del-estado-de-sonora-asisten-a-conferencia-magistral\/#primaryimage\"},\"thumbnailUrl\":\"https:\/\/www.sonoraenequipo.com.mx\/storage\/2022\/10\/st.jpg\",\"datePublished\":\"2022-10-22T01:43:24+00:00\",\"description\":\"HERMOSILLO, SONORA,MX.\u2500\u2500 El director general David Soto Alday y el personal del Centro de Conciliaci\u00f3n Laboral asistieron a la conferencia \u201cRetos y En Sonora en Equipo publicamos toda la informaci\u00f3n de Sonora, M\u00e9xico y el Mundo de manera oportuna y busca que la libertad de expresi\u00f3n sea real. Visita nuestro medio informativo publicado desde Hermosillo, Sonora. %\",\"breadcrumb\":{\"@id\":\"https:\/\/www.sonoraenequipo.com.mx\/directivos-y-personal-del-centro-de-conciliacion-laboral-del-estado-de-sonora-asisten-a-conferencia-magistral\/#breadcrumb\"},\"inLanguage\":\"es\",\"potentialAction\":[{\"@type\":\"ReadAction\",\"target\":[\"https:\/\/www.sonoraenequipo.com.mx\/directivos-y-personal-del-centro-de-conciliacion-laboral-del-estado-de-sonora-asisten-a-conferencia-magistral\/\"]}]},{\"@type\":\"ImageObject\",\"inLanguage\":\"es\",\"@id\":\"https:\/\/www.sonoraenequipo.com.mx\/directivos-y-personal-del-centro-de-conciliacion-laboral-del-estado-de-sonora-asisten-a-conferencia-magistral\/#primaryimage\",\"url\":\"https:\/\/www.sonoraenequipo.com.mx\/storage\/2022\/10\/st.jpg\",\"contentUrl\":\"https:\/\/www.sonoraenequipo.com.mx\/storage\/2022\/10\/st.jpg\",\"width\":700,\"height\":500},{\"@type\":\"BreadcrumbList\",\"@id\":\"https:\/\/www.sonoraenequipo.com.mx\/directivos-y-personal-del-centro-de-conciliacion-laboral-del-estado-de-sonora-asisten-a-conferencia-magistral\/#breadcrumb\",\"itemListElement\":[{\"@type\":\"ListItem\",\"position\":1,\"name\":\"Portada\",\"item\":\"https:\/\/www.sonoraenequipo.com.mx\/\"},{\"@type\":\"ListItem\",\"position\":2,\"name\":\"Directivos y personal del Centro de Conciliaci\u00f3n Laboral del Estado de Sonora asisten a conferencia magistral\"}]},{\"@type\":\"WebSite\",\"@id\":\"https:\/\/www.sonoraenequipo.com.mx\/#website\",\"url\":\"https:\/\/www.sonoraenequipo.com.mx\/\",\"name\":\"Sonora en Equipo.\",\"description\":\"Diario en l\u00ednea con Noticias desde Hermosillo, Sonora\",\"publisher\":{\"@id\":\"https:\/\/www.sonoraenequipo.com.mx\/#organization\"},\"potentialAction\":[{\"@type\":\"SearchAction\",\"target\":{\"@type\":\"EntryPoint\",\"urlTemplate\":\"https:\/\/www.sonoraenequipo.com.mx\/?s={search_term_string}\"},\"query-input\":{\"@type\":\"PropertyValueSpecification\",\"valueRequired\":true,\"valueName\":\"search_term_string\"}}],\"inLanguage\":\"es\"},{\"@type\":\"Organization\",\"@id\":\"https:\/\/www.sonoraenequipo.com.mx\/#organization\",\"name\":\"Sonoraenequipo.com.mx\",\"url\":\"https:\/\/www.sonoraenequipo.com.mx\/\",\"logo\":{\"@type\":\"ImageObject\",\"inLanguage\":\"es\",\"@id\":\"https:\/\/www.sonoraenequipo.com.mx\/#\/schema\/logo\/image\/\",\"url\":\"https:\/\/www.sonoraenequipo.com.mx\/storage\/2019\/01\/sonoraenequipo_opt.png\",\"contentUrl\":\"https:\/\/www.sonoraenequipo.com.mx\/storage\/2019\/01\/sonoraenequipo_opt.png\",\"width\":375,\"height\":125,\"caption\":\"Sonoraenequipo.com.mx\"},\"image\":{\"@id\":\"https:\/\/www.sonoraenequipo.com.mx\/#\/schema\/logo\/image\/\"},\"sameAs\":[\"https:\/\/www.facebook.com\/SonoraEE\/\",\"https:\/\/x.com\/sonoraenequipo\",\"https:\/\/www.youtube.com\/channel\/UC338nW-lPEYmJQs4ZABQ1SQ\"]},{\"@type\":\"Person\",\"@id\":\"https:\/\/www.sonoraenequipo.com.mx\/#\/schema\/person\/50102df0fb23a8fa9e8effad8fa81386\",\"name\":\"enequipo\",\"image\":{\"@type\":\"ImageObject\",\"inLanguage\":\"es\",\"@id\":\"https:\/\/www.sonoraenequipo.com.mx\/#\/schema\/person\/image\/\",\"url\":\"https:\/\/secure.gravatar.com\/avatar\/049821681b589dabc0bc20695993ccebb09f5b5d4d790cd9251b97faac7c652b?s=96&d=blank&r=g\",\"contentUrl\":\"https:\/\/secure.gravatar.com\/avatar\/049821681b589dabc0bc20695993ccebb09f5b5d4d790cd9251b97faac7c652b?s=96&d=blank&r=g\",\"caption\":\"enequipo\"},\"sameAs\":[\"https:\/\/www.facebook.com\/SonoraEE\"]}]}<\/script>\n ","yoast_head_json":{"title":"Sonora en Equipo. Directivos y personal del Centro de Conciliaci\u00f3n Laboral del Estado de Sonora asisten a conferencia magistral Sonora","description":"HERMOSILLO, SONORA,MX.\u2500\u2500 El director general David Soto Alday y el personal del Centro de Conciliaci\u00f3n Laboral asistieron a la conferencia \u201cRetos y En Sonora en Equipo publicamos toda la informaci\u00f3n de Sonora, M\u00e9xico y el Mundo de manera oportuna y busca que la libertad de expresi\u00f3n sea real. Visita nuestro medio informativo publicado desde Hermosillo, Sonora. %","robots":{"index":"index","follow":"follow","max-snippet":"max-snippet:-1","max-image-preview":"max-image-preview:large","max-video-preview":"max-video-preview:-1"},"canonical":"https:\/\/www.sonoraenequipo.com.mx\/directivos-y-personal-del-centro-de-conciliacion-laboral-del-estado-de-sonora-asisten-a-conferencia-magistral\/","og_locale":"es_ES","og_type":"article","og_title":"Sonora en Equipo. Directivos y personal del Centro de Conciliaci\u00f3n Laboral del Estado de Sonora asisten a conferencia magistral Sonora","og_description":"HERMOSILLO, SONORA,MX.\u2500\u2500 El director general David Soto Alday y el personal del Centro de Conciliaci\u00f3n Laboral asistieron a la conferencia \u201cRetos y En Sonora en Equipo publicamos toda la informaci\u00f3n de Sonora, M\u00e9xico y el Mundo de manera oportuna y busca que la libertad de expresi\u00f3n sea real. Visita nuestro medio informativo publicado desde Hermosillo, Sonora. %","og_url":"https:\/\/www.sonoraenequipo.com.mx\/directivos-y-personal-del-centro-de-conciliacion-laboral-del-estado-de-sonora-asisten-a-conferencia-magistral\/","og_site_name":"Sonora en Equipo.","article_publisher":"https:\/\/www.facebook.com\/SonoraEE\/","article_author":"https:\/\/www.facebook.com\/SonoraEE","article_published_time":"2022-10-22T01:43:24+00:00","og_image":[{"width":700,"height":500,"url":"https:\/\/www.sonoraenequipo.com.mx\/storage\/2022\/10\/st.jpg","type":"image\/jpeg"}],"author":"enequipo","twitter_card":"summary_large_image","twitter_creator":"@sonoraenequipo","twitter_site":"@sonoraenequipo","twitter_misc":{"Escrito por":"enequipo","Tiempo de lectura":"2 minutos"},"schema":{"@context":"https:\/\/schema.org","@graph":[{"@type":"Article","@id":"https:\/\/www.sonoraenequipo.com.mx\/directivos-y-personal-del-centro-de-conciliacion-laboral-del-estado-de-sonora-asisten-a-conferencia-magistral\/#article","isPartOf":{"@id":"https:\/\/www.sonoraenequipo.com.mx\/directivos-y-personal-del-centro-de-conciliacion-laboral-del-estado-de-sonora-asisten-a-conferencia-magistral\/"},"author":{"name":"enequipo","@id":"https:\/\/www.sonoraenequipo.com.mx\/#\/schema\/person\/50102df0fb23a8fa9e8effad8fa81386"},"headline":"Directivos y personal del Centro de Conciliaci\u00f3n Laboral del Estado de Sonora asisten a conferencia magistral","datePublished":"2022-10-22T01:43:24+00:00","mainEntityOfPage":{"@id":"https:\/\/www.sonoraenequipo.com.mx\/directivos-y-personal-del-centro-de-conciliacion-laboral-del-estado-de-sonora-asisten-a-conferencia-magistral\/"},"wordCount":328,"commentCount":0,"publisher":{"@id":"https:\/\/www.sonoraenequipo.com.mx\/#organization"},"image":{"@id":"https:\/\/www.sonoraenequipo.com.mx\/directivos-y-personal-del-centro-de-conciliacion-laboral-del-estado-de-sonora-asisten-a-conferencia-magistral\/#primaryimage"},"thumbnailUrl":"https:\/\/www.sonoraenequipo.com.mx\/storage\/2022\/10\/st.jpg","keywords":["laboral","sistema"],"articleSection":["Sonora"],"inLanguage":"es","potentialAction":[{"@type":"CommentAction","name":"Comment","target":["https:\/\/www.sonoraenequipo.com.mx\/directivos-y-personal-del-centro-de-conciliacion-laboral-del-estado-de-sonora-asisten-a-conferencia-magistral\/#respond"]}]},{"@type":"WebPage","@id":"https:\/\/www.sonoraenequipo.com.mx\/directivos-y-personal-del-centro-de-conciliacion-laboral-del-estado-de-sonora-asisten-a-conferencia-magistral\/","url":"https:\/\/www.sonoraenequipo.com.mx\/directivos-y-personal-del-centro-de-conciliacion-laboral-del-estado-de-sonora-asisten-a-conferencia-magistral\/","name":"Sonora en Equipo. Directivos y personal del Centro de Conciliaci\u00f3n Laboral del Estado de Sonora asisten a conferencia magistral Sonora","isPartOf":{"@id":"https:\/\/www.sonoraenequipo.com.mx\/#website"},"primaryImageOfPage":{"@id":"https:\/\/www.sonoraenequipo.com.mx\/directivos-y-personal-del-centro-de-conciliacion-laboral-del-estado-de-sonora-asisten-a-conferencia-magistral\/#primaryimage"},"image":{"@id":"https:\/\/www.sonoraenequipo.com.mx\/directivos-y-personal-del-centro-de-conciliacion-laboral-del-estado-de-sonora-asisten-a-conferencia-magistral\/#primaryimage"},"thumbnailUrl":"https:\/\/www.sonoraenequipo.com.mx\/storage\/2022\/10\/st.jpg","datePublished":"2022-10-22T01:43:24+00:00","description":"HERMOSILLO, SONORA,MX.\u2500\u2500 El director general David Soto Alday y el personal del Centro de Conciliaci\u00f3n Laboral asistieron a la conferencia \u201cRetos y En Sonora en Equipo publicamos toda la informaci\u00f3n de Sonora, M\u00e9xico y el Mundo de manera oportuna y busca que la libertad de expresi\u00f3n sea real. Visita nuestro medio informativo publicado desde Hermosillo, Sonora. %","breadcrumb":{"@id":"https:\/\/www.sonoraenequipo.com.mx\/directivos-y-personal-del-centro-de-conciliacion-laboral-del-estado-de-sonora-asisten-a-conferencia-magistral\/#breadcrumb"},"inLanguage":"es","potentialAction":[{"@type":"ReadAction","target":["https:\/\/www.sonoraenequipo.com.mx\/directivos-y-personal-del-centro-de-conciliacion-laboral-del-estado-de-sonora-asisten-a-conferencia-magistral\/"]}]},{"@type":"ImageObject","inLanguage":"es","@id":"https:\/\/www.sonoraenequipo.com.mx\/directivos-y-personal-del-centro-de-conciliacion-laboral-del-estado-de-sonora-asisten-a-conferencia-magistral\/#primaryimage","url":"https:\/\/www.sonoraenequipo.com.mx\/storage\/2022\/10\/st.jpg","contentUrl":"https:\/\/www.sonoraenequipo.com.mx\/storage\/2022\/10\/st.jpg","width":700,"height":500},{"@type":"BreadcrumbList","@id":"https:\/\/www.sonoraenequipo.com.mx\/directivos-y-personal-del-centro-de-conciliacion-laboral-del-estado-de-sonora-asisten-a-conferencia-magistral\/#breadcrumb","itemListElement":[{"@type":"ListItem","position":1,"name":"Portada","item":"https:\/\/www.sonoraenequipo.com.mx\/"},{"@type":"ListItem","position":2,"name":"Directivos y personal del Centro de Conciliaci\u00f3n Laboral del Estado de Sonora asisten a conferencia magistral"}]},{"@type":"WebSite","@id":"https:\/\/www.sonoraenequipo.com.mx\/#website","url":"https:\/\/www.sonoraenequipo.com.mx\/","name":"Sonora en Equipo.","description":"Diario en l\u00ednea con Noticias desde Hermosillo, Sonora","publisher":{"@id":"https:\/\/www.sonoraenequipo.com.mx\/#organization"},"potentialAction":[{"@type":"SearchAction","target":{"@type":"EntryPoint","urlTemplate":"https:\/\/www.sonoraenequipo.com.mx\/?s={search_term_string}"},"query-input":{"@type":"PropertyValueSpecification","valueRequired":true,"valueName":"search_term_string"}}],"inLanguage":"es"},{"@type":"Organization","@id":"https:\/\/www.sonoraenequipo.com.mx\/#organization","name":"Sonoraenequipo.com.mx","url":"https:\/\/www.sonoraenequipo.com.mx\/","logo":{"@type":"ImageObject","inLanguage":"es","@id":"https:\/\/www.sonoraenequipo.com.mx\/#\/schema\/logo\/image\/","url":"https:\/\/www.sonoraenequipo.com.mx\/storage\/2019\/01\/sonoraenequipo_opt.png","contentUrl":"https:\/\/www.sonoraenequipo.com.mx\/storage\/2019\/01\/sonoraenequipo_opt.png","width":375,"height":125,"caption":"Sonoraenequipo.com.mx"},"image":{"@id":"https:\/\/www.sonoraenequipo.com.mx\/#\/schema\/logo\/image\/"},"sameAs":["https:\/\/www.facebook.com\/SonoraEE\/","https:\/\/x.com\/sonoraenequipo","https:\/\/www.youtube.com\/channel\/UC338nW-lPEYmJQs4ZABQ1SQ"]},{"@type":"Person","@id":"https:\/\/www.sonoraenequipo.com.mx\/#\/schema\/person\/50102df0fb23a8fa9e8effad8fa81386","name":"enequipo","image":{"@type":"ImageObject","inLanguage":"es","@id":"https:\/\/www.sonoraenequipo.com.mx\/#\/schema\/person\/image\/","url":"https:\/\/secure.gravatar.com\/avatar\/049821681b589dabc0bc20695993ccebb09f5b5d4d790cd9251b97faac7c652b?s=96&d=blank&r=g","contentUrl":"https:\/\/secure.gravatar.com\/avatar\/049821681b589dabc0bc20695993ccebb09f5b5d4d790cd9251b97faac7c652b?s=96&d=blank&r=g","caption":"enequipo"},"sameAs":["https:\/\/www.facebook.com\/SonoraEE"]}]}},"jetpack_featured_media_url":"https:\/\/www.sonoraenequipo.com.mx\/storage\/2022\/10\/st.jpg","_links":{"self":[{"href":"https:\/\/www.sonoraenequipo.com.mx\/api\/wp\/v2\/posts\/149933","targetHints":{"allow":["GET"]}}],"collection":[{"href":"https:\/\/www.sonoraenequipo.com.mx\/api\/wp\/v2\/posts"}],"about":[{"href":"https:\/\/www.sonoraenequipo.com.mx\/api\/wp\/v2\/types\/post"}],"author":[{"embeddable":true,"href":"https:\/\/www.sonoraenequipo.com.mx\/api\/wp\/v2\/users\/1"}],"replies":[{"embeddable":true,"href":"https:\/\/www.sonoraenequipo.com.mx\/api\/wp\/v2\/comments?post=149933"}],"version-history":[{"count":1,"href":"https:\/\/www.sonoraenequipo.com.mx\/api\/wp\/v2\/posts\/149933\/revisions"}],"predecessor-version":[{"id":149935,"href":"https:\/\/www.sonoraenequipo.com.mx\/api\/wp\/v2\/posts\/149933\/revisions\/149935"}],"wp:featuredmedia":[{"embeddable":true,"href":"https:\/\/www.sonoraenequipo.com.mx\/api\/wp\/v2\/media\/149934"}],"wp:attachment":[{"href":"https:\/\/www.sonoraenequipo.com.mx\/api\/wp\/v2\/media?parent=149933"}],"wp:term":[{"taxonomy":"category","embeddable":true,"href":"https:\/\/www.sonoraenequipo.com.mx\/api\/wp\/v2\/categories?post=149933"},{"taxonomy":"post_tag","embeddable":true,"href":"https:\/\/www.sonoraenequipo.com.mx\/api\/wp\/v2\/tags?post=149933"}],"curies":[{"name":"wp","href":"https:\/\/api.w.org\/{rel}","templated":true}]}}