{"id":149936,"date":"2022-10-21T19:48:15","date_gmt":"2022-10-22T02:48:15","guid":{"rendered":"https:\/\/www.sonoraenequipo.com.mx\/?p=149936"},"modified":"2022-10-21T19:30:14","modified_gmt":"2022-10-22T02:30:14","slug":"celebran-jornada-de-matrimonios-colectivos-en-cereso-hermosillo-1","status":"publish","type":"post","link":"https:\/\/www.sonoraenequipo.com.mx\/celebran-jornada-de-matrimonios-colectivos-en-cereso-hermosillo-1\/","title":{"rendered":"Celebran jornada de matrimonios colectivos en Cereso Hermosillo 1"},"content":{"rendered":"<p><strong>HERMOSILLO, SONORA,MX.<\/strong><strong>\u2500\u2500<\/strong> Un total de 57 parejas legalizaron su situaci\u00f3n durante la Jornada de Matrimonios Colectivos que celebr\u00f3 la Direcci\u00f3n General del Registro Civil al interior del Centro de Reinserci\u00f3n Social (Cereso) Hermosillo 1, inform\u00f3 Nicollino Cangiamilla Enr\u00edquez.<\/p>\n<p>&nbsp;<\/p>\n<p>El coordinador del Sistema Estatal Penitenciario en Sonora, explic\u00f3 que, en aras de dignificar de manera integral la reintegraci\u00f3n de toda persona a la sociedad, se impulsan este tipo de tr\u00e1mites que son totalmente gratuitos y brindan certeza jur\u00eddica a las familias.<\/p>\n<p>&nbsp;<\/p>\n<p>Esta actividad se\u00f1al\u00f3, es coordinada por el \u00e1rea de Trabajo Social y personal del Registro Civil, a fin de beneficiar al mayor n\u00famero de personas del Cereso Hermosillo 1 con los procedimientos legales.<\/p>\n<p>&nbsp;<\/p>\n<p>Adicionalmente, para garantizar el inter\u00e9s superior a la ni\u00f1ez y su derecho a contar con nombre y apellido, se llevaron a cabo diez registros y tres reconocimientos de hijos, manifest\u00f3.<\/p>\n<p>&nbsp;<\/p>\n<p>Cangiamilla Enr\u00edquez reconoci\u00f3 el apoyo y compromiso de la direcci\u00f3n general del Registro Civil, entidad dependiente de la Secretar\u00eda de Gobierno, con la poblaci\u00f3n penitenciaria y sus respectivas familias.<\/p>\n<p>&nbsp;<\/p>\n<p>El acto simb\u00f3lico de matrimonios colectivos, registros y reconocimientos se realiz\u00f3 en la explanada del Cereso Hermosillo 1 y lo presidi\u00f3 Juan Ram\u00f3n Salas Ramos, oficial del Registro Civil.<\/p>\n<p><strong><u>Fecha de publicaci\u00f3n viernes 21 de octubre de 2022<\/u><\/strong><\/p>\n<p>&nbsp;<\/p>\n","protected":false},"excerpt":{"rendered":"<p>HERMOSILLO, SONORA,MX.\u2500\u2500 Un total de 57 parejas legalizaron su situaci\u00f3n durante la Jornada de Matrimonios&#8230;<\/p>\n","protected":false},"author":1,"featured_media":149937,"comment_status":"open","ping_status":"open","sticky":false,"template":"","format":"standard","meta":{"_monsterinsights_skip_tracking":false,"_monsterinsights_sitenote_active":false,"_monsterinsights_sitenote_note":"","_monsterinsights_sitenote_category":0,"footnotes":""},"categories":[4],"tags":[4496,6433,7681],"class_list":["post"],"yoast_head":" \n<title>Sonora en Equipo. Celebran jornada de matrimonios colectivos en Cereso Hermosillo 1 Municipios<\/title>\n<meta name=\"description\" content=\"HERMOSILLO, SONORA,MX.\u2500\u2500 Un total de 57 parejas legalizaron su situaci\u00f3n durante la Jornada de Matrimonios Colectivos que celebr\u00f3 la Direcci\u00f3n General del En Sonora en Equipo publicamos toda la informaci\u00f3n de Sonora, M\u00e9xico y el Mundo de manera oportuna y busca que la libertad de expresi\u00f3n sea real. Visita nuestro medio informativo publicado desde Hermosillo, Sonora. %\" \/>\n<meta name=\"robots\" content=\"index, follow, max-snippet:-1, max-image-preview:large, max-video-preview:-1\" \/>\n<link rel=\"canonical\" href=\"https:\/\/www.sonoraenequipo.com.mx\/celebran-jornada-de-matrimonios-colectivos-en-cereso-hermosillo-1\/\" \/>\n<meta property=\"og:locale\" content=\"es_ES\" \/>\n<meta property=\"og:type\" content=\"article\" \/>\n<meta property=\"og:title\" content=\"Sonora en Equipo. Celebran jornada de matrimonios colectivos en Cereso Hermosillo 1 Municipios\" \/>\n<meta property=\"og:description\" content=\"HERMOSILLO, SONORA,MX.\u2500\u2500 Un total de 57 parejas legalizaron su situaci\u00f3n durante la Jornada de Matrimonios Colectivos que celebr\u00f3 la Direcci\u00f3n General del En Sonora en Equipo publicamos toda la informaci\u00f3n de Sonora, M\u00e9xico y el Mundo de manera oportuna y busca que la libertad de expresi\u00f3n sea real. Visita nuestro medio informativo publicado desde Hermosillo, Sonora. %\" \/>\n<meta property=\"og:url\" content=\"https:\/\/www.sonoraenequipo.com.mx\/celebran-jornada-de-matrimonios-colectivos-en-cereso-hermosillo-1\/\" \/>\n<meta property=\"og:site_name\" content=\"Sonora en Equipo.\" \/>\n<meta property=\"article:publisher\" content=\"https:\/\/www.facebook.com\/SonoraEE\/\" \/>\n<meta property=\"article:author\" content=\"https:\/\/www.facebook.com\/SonoraEE\" \/>\n<meta property=\"article:published_time\" content=\"2022-10-22T02:48:15+00:00\" \/>\n<meta property=\"og:image\" content=\"https:\/\/www.sonoraenequipo.com.mx\/storage\/2022\/10\/matrimonios-cereso.jpg\" \/>\n\t<meta property=\"og:image:width\" content=\"700\" \/>\n\t<meta property=\"og:image:height\" content=\"466\" \/>\n\t<meta property=\"og:image:type\" content=\"image\/jpeg\" \/>\n<meta name=\"author\" content=\"enequipo\" \/>\n<meta name=\"twitter:card\" content=\"summary_large_image\" \/>\n<meta name=\"twitter:creator\" content=\"@sonoraenequipo\" \/>\n<meta name=\"twitter:site\" content=\"@sonoraenequipo\" \/>\n<meta name=\"twitter:label1\" content=\"Escrito por\" \/>\n\t<meta name=\"twitter:data1\" content=\"enequipo\" \/>\n\t<meta name=\"twitter:label2\" content=\"Tiempo de lectura\" \/>\n\t<meta name=\"twitter:data2\" content=\"1 minuto\" \/>\n<script type=\"application\/ld+json\" class=\"yoast-schema-graph\">{\"@context\":\"https:\/\/schema.org\",\"@graph\":[{\"@type\":\"Article\",\"@id\":\"https:\/\/www.sonoraenequipo.com.mx\/celebran-jornada-de-matrimonios-colectivos-en-cereso-hermosillo-1\/#article\",\"isPartOf\":{\"@id\":\"https:\/\/www.sonoraenequipo.com.mx\/celebran-jornada-de-matrimonios-colectivos-en-cereso-hermosillo-1\/\"},\"author\":{\"name\":\"enequipo\",\"@id\":\"https:\/\/www.sonoraenequipo.com.mx\/#\/schema\/person\/50102df0fb23a8fa9e8effad8fa81386\"},\"headline\":\"Celebran jornada de matrimonios colectivos en Cereso Hermosillo 1\",\"datePublished\":\"2022-10-22T02:48:15+00:00\",\"mainEntityOfPage\":{\"@id\":\"https:\/\/www.sonoraenequipo.com.mx\/celebran-jornada-de-matrimonios-colectivos-en-cereso-hermosillo-1\/\"},\"wordCount\":237,\"commentCount\":0,\"publisher\":{\"@id\":\"https:\/\/www.sonoraenequipo.com.mx\/#organization\"},\"image\":{\"@id\":\"https:\/\/www.sonoraenequipo.com.mx\/celebran-jornada-de-matrimonios-colectivos-en-cereso-hermosillo-1\/#primaryimage\"},\"thumbnailUrl\":\"https:\/\/www.sonoraenequipo.com.mx\/storage\/2022\/10\/matrimonios-cereso.jpg\",\"keywords\":[\"CERESO\",\"colectivos\",\"matrimonios\"],\"articleSection\":[\"Municipios\"],\"inLanguage\":\"es\",\"potentialAction\":[{\"@type\":\"CommentAction\",\"name\":\"Comment\",\"target\":[\"https:\/\/www.sonoraenequipo.com.mx\/celebran-jornada-de-matrimonios-colectivos-en-cereso-hermosillo-1\/#respond\"]}]},{\"@type\":\"WebPage\",\"@id\":\"https:\/\/www.sonoraenequipo.com.mx\/celebran-jornada-de-matrimonios-colectivos-en-cereso-hermosillo-1\/\",\"url\":\"https:\/\/www.sonoraenequipo.com.mx\/celebran-jornada-de-matrimonios-colectivos-en-cereso-hermosillo-1\/\",\"name\":\"Sonora en Equipo. Celebran jornada de matrimonios colectivos en Cereso Hermosillo 1 Municipios\",\"isPartOf\":{\"@id\":\"https:\/\/www.sonoraenequipo.com.mx\/#website\"},\"primaryImageOfPage\":{\"@id\":\"https:\/\/www.sonoraenequipo.com.mx\/celebran-jornada-de-matrimonios-colectivos-en-cereso-hermosillo-1\/#primaryimage\"},\"image\":{\"@id\":\"https:\/\/www.sonoraenequipo.com.mx\/celebran-jornada-de-matrimonios-colectivos-en-cereso-hermosillo-1\/#primaryimage\"},\"thumbnailUrl\":\"https:\/\/www.sonoraenequipo.com.mx\/storage\/2022\/10\/matrimonios-cereso.jpg\",\"datePublished\":\"2022-10-22T02:48:15+00:00\",\"description\":\"HERMOSILLO, SONORA,MX.\u2500\u2500 Un total de 57 parejas legalizaron su situaci\u00f3n durante la Jornada de Matrimonios Colectivos que celebr\u00f3 la Direcci\u00f3n General del En Sonora en Equipo publicamos toda la informaci\u00f3n de Sonora, M\u00e9xico y el Mundo de manera oportuna y busca que la libertad de expresi\u00f3n sea real. Visita nuestro medio informativo publicado desde Hermosillo, Sonora. %\",\"breadcrumb\":{\"@id\":\"https:\/\/www.sonoraenequipo.com.mx\/celebran-jornada-de-matrimonios-colectivos-en-cereso-hermosillo-1\/#breadcrumb\"},\"inLanguage\":\"es\",\"potentialAction\":[{\"@type\":\"ReadAction\",\"target\":[\"https:\/\/www.sonoraenequipo.com.mx\/celebran-jornada-de-matrimonios-colectivos-en-cereso-hermosillo-1\/\"]}]},{\"@type\":\"ImageObject\",\"inLanguage\":\"es\",\"@id\":\"https:\/\/www.sonoraenequipo.com.mx\/celebran-jornada-de-matrimonios-colectivos-en-cereso-hermosillo-1\/#primaryimage\",\"url\":\"https:\/\/www.sonoraenequipo.com.mx\/storage\/2022\/10\/matrimonios-cereso.jpg\",\"contentUrl\":\"https:\/\/www.sonoraenequipo.com.mx\/storage\/2022\/10\/matrimonios-cereso.jpg\",\"width\":700,\"height\":466},{\"@type\":\"BreadcrumbList\",\"@id\":\"https:\/\/www.sonoraenequipo.com.mx\/celebran-jornada-de-matrimonios-colectivos-en-cereso-hermosillo-1\/#breadcrumb\",\"itemListElement\":[{\"@type\":\"ListItem\",\"position\":1,\"name\":\"Portada\",\"item\":\"https:\/\/www.sonoraenequipo.com.mx\/\"},{\"@type\":\"ListItem\",\"position\":2,\"name\":\"Celebran jornada de matrimonios colectivos en Cereso Hermosillo 1\"}]},{\"@type\":\"WebSite\",\"@id\":\"https:\/\/www.sonoraenequipo.com.mx\/#website\",\"url\":\"https:\/\/www.sonoraenequipo.com.mx\/\",\"name\":\"Sonora en Equipo.\",\"description\":\"Diario en l\u00ednea con Noticias desde Hermosillo, Sonora\",\"publisher\":{\"@id\":\"https:\/\/www.sonoraenequipo.com.mx\/#organization\"},\"potentialAction\":[{\"@type\":\"SearchAction\",\"target\":{\"@type\":\"EntryPoint\",\"urlTemplate\":\"https:\/\/www.sonoraenequipo.com.mx\/?s={search_term_string}\"},\"query-input\":{\"@type\":\"PropertyValueSpecification\",\"valueRequired\":true,\"valueName\":\"search_term_string\"}}],\"inLanguage\":\"es\"},{\"@type\":\"Organization\",\"@id\":\"https:\/\/www.sonoraenequipo.com.mx\/#organization\",\"name\":\"Sonoraenequipo.com.mx\",\"url\":\"https:\/\/www.sonoraenequipo.com.mx\/\",\"logo\":{\"@type\":\"ImageObject\",\"inLanguage\":\"es\",\"@id\":\"https:\/\/www.sonoraenequipo.com.mx\/#\/schema\/logo\/image\/\",\"url\":\"https:\/\/www.sonoraenequipo.com.mx\/storage\/2019\/01\/sonoraenequipo_opt.png\",\"contentUrl\":\"https:\/\/www.sonoraenequipo.com.mx\/storage\/2019\/01\/sonoraenequipo_opt.png\",\"width\":375,\"height\":125,\"caption\":\"Sonoraenequipo.com.mx\"},\"image\":{\"@id\":\"https:\/\/www.sonoraenequipo.com.mx\/#\/schema\/logo\/image\/\"},\"sameAs\":[\"https:\/\/www.facebook.com\/SonoraEE\/\",\"https:\/\/x.com\/sonoraenequipo\",\"https:\/\/www.youtube.com\/channel\/UC338nW-lPEYmJQs4ZABQ1SQ\"]},{\"@type\":\"Person\",\"@id\":\"https:\/\/www.sonoraenequipo.com.mx\/#\/schema\/person\/50102df0fb23a8fa9e8effad8fa81386\",\"name\":\"enequipo\",\"image\":{\"@type\":\"ImageObject\",\"inLanguage\":\"es\",\"@id\":\"https:\/\/www.sonoraenequipo.com.mx\/#\/schema\/person\/image\/\",\"url\":\"https:\/\/secure.gravatar.com\/avatar\/049821681b589dabc0bc20695993ccebb09f5b5d4d790cd9251b97faac7c652b?s=96&d=blank&r=g\",\"contentUrl\":\"https:\/\/secure.gravatar.com\/avatar\/049821681b589dabc0bc20695993ccebb09f5b5d4d790cd9251b97faac7c652b?s=96&d=blank&r=g\",\"caption\":\"enequipo\"},\"sameAs\":[\"https:\/\/www.facebook.com\/SonoraEE\"]}]}<\/script>\n ","yoast_head_json":{"title":"Sonora en Equipo. Celebran jornada de matrimonios colectivos en Cereso Hermosillo 1 Municipios","description":"HERMOSILLO, SONORA,MX.\u2500\u2500 Un total de 57 parejas legalizaron su situaci\u00f3n durante la Jornada de Matrimonios Colectivos que celebr\u00f3 la Direcci\u00f3n General del En Sonora en Equipo publicamos toda la informaci\u00f3n de Sonora, M\u00e9xico y el Mundo de manera oportuna y busca que la libertad de expresi\u00f3n sea real. Visita nuestro medio informativo publicado desde Hermosillo, Sonora. %","robots":{"index":"index","follow":"follow","max-snippet":"max-snippet:-1","max-image-preview":"max-image-preview:large","max-video-preview":"max-video-preview:-1"},"canonical":"https:\/\/www.sonoraenequipo.com.mx\/celebran-jornada-de-matrimonios-colectivos-en-cereso-hermosillo-1\/","og_locale":"es_ES","og_type":"article","og_title":"Sonora en Equipo. Celebran jornada de matrimonios colectivos en Cereso Hermosillo 1 Municipios","og_description":"HERMOSILLO, SONORA,MX.\u2500\u2500 Un total de 57 parejas legalizaron su situaci\u00f3n durante la Jornada de Matrimonios Colectivos que celebr\u00f3 la Direcci\u00f3n General del En Sonora en Equipo publicamos toda la informaci\u00f3n de Sonora, M\u00e9xico y el Mundo de manera oportuna y busca que la libertad de expresi\u00f3n sea real. Visita nuestro medio informativo publicado desde Hermosillo, Sonora. %","og_url":"https:\/\/www.sonoraenequipo.com.mx\/celebran-jornada-de-matrimonios-colectivos-en-cereso-hermosillo-1\/","og_site_name":"Sonora en Equipo.","article_publisher":"https:\/\/www.facebook.com\/SonoraEE\/","article_author":"https:\/\/www.facebook.com\/SonoraEE","article_published_time":"2022-10-22T02:48:15+00:00","og_image":[{"width":700,"height":466,"url":"https:\/\/www.sonoraenequipo.com.mx\/storage\/2022\/10\/matrimonios-cereso.jpg","type":"image\/jpeg"}],"author":"enequipo","twitter_card":"summary_large_image","twitter_creator":"@sonoraenequipo","twitter_site":"@sonoraenequipo","twitter_misc":{"Escrito por":"enequipo","Tiempo de lectura":"1 minuto"},"schema":{"@context":"https:\/\/schema.org","@graph":[{"@type":"Article","@id":"https:\/\/www.sonoraenequipo.com.mx\/celebran-jornada-de-matrimonios-colectivos-en-cereso-hermosillo-1\/#article","isPartOf":{"@id":"https:\/\/www.sonoraenequipo.com.mx\/celebran-jornada-de-matrimonios-colectivos-en-cereso-hermosillo-1\/"},"author":{"name":"enequipo","@id":"https:\/\/www.sonoraenequipo.com.mx\/#\/schema\/person\/50102df0fb23a8fa9e8effad8fa81386"},"headline":"Celebran jornada de matrimonios colectivos en Cereso Hermosillo 1","datePublished":"2022-10-22T02:48:15+00:00","mainEntityOfPage":{"@id":"https:\/\/www.sonoraenequipo.com.mx\/celebran-jornada-de-matrimonios-colectivos-en-cereso-hermosillo-1\/"},"wordCount":237,"commentCount":0,"publisher":{"@id":"https:\/\/www.sonoraenequipo.com.mx\/#organization"},"image":{"@id":"https:\/\/www.sonoraenequipo.com.mx\/celebran-jornada-de-matrimonios-colectivos-en-cereso-hermosillo-1\/#primaryimage"},"thumbnailUrl":"https:\/\/www.sonoraenequipo.com.mx\/storage\/2022\/10\/matrimonios-cereso.jpg","keywords":["CERESO","colectivos","matrimonios"],"articleSection":["Municipios"],"inLanguage":"es","potentialAction":[{"@type":"CommentAction","name":"Comment","target":["https:\/\/www.sonoraenequipo.com.mx\/celebran-jornada-de-matrimonios-colectivos-en-cereso-hermosillo-1\/#respond"]}]},{"@type":"WebPage","@id":"https:\/\/www.sonoraenequipo.com.mx\/celebran-jornada-de-matrimonios-colectivos-en-cereso-hermosillo-1\/","url":"https:\/\/www.sonoraenequipo.com.mx\/celebran-jornada-de-matrimonios-colectivos-en-cereso-hermosillo-1\/","name":"Sonora en Equipo. Celebran jornada de matrimonios colectivos en Cereso Hermosillo 1 Municipios","isPartOf":{"@id":"https:\/\/www.sonoraenequipo.com.mx\/#website"},"primaryImageOfPage":{"@id":"https:\/\/www.sonoraenequipo.com.mx\/celebran-jornada-de-matrimonios-colectivos-en-cereso-hermosillo-1\/#primaryimage"},"image":{"@id":"https:\/\/www.sonoraenequipo.com.mx\/celebran-jornada-de-matrimonios-colectivos-en-cereso-hermosillo-1\/#primaryimage"},"thumbnailUrl":"https:\/\/www.sonoraenequipo.com.mx\/storage\/2022\/10\/matrimonios-cereso.jpg","datePublished":"2022-10-22T02:48:15+00:00","description":"HERMOSILLO, SONORA,MX.\u2500\u2500 Un total de 57 parejas legalizaron su situaci\u00f3n durante la Jornada de Matrimonios Colectivos que celebr\u00f3 la Direcci\u00f3n General del En Sonora en Equipo publicamos toda la informaci\u00f3n de Sonora, M\u00e9xico y el Mundo de manera oportuna y busca que la libertad de expresi\u00f3n sea real. Visita nuestro medio informativo publicado desde Hermosillo, Sonora. %","breadcrumb":{"@id":"https:\/\/www.sonoraenequipo.com.mx\/celebran-jornada-de-matrimonios-colectivos-en-cereso-hermosillo-1\/#breadcrumb"},"inLanguage":"es","potentialAction":[{"@type":"ReadAction","target":["https:\/\/www.sonoraenequipo.com.mx\/celebran-jornada-de-matrimonios-colectivos-en-cereso-hermosillo-1\/"]}]},{"@type":"ImageObject","inLanguage":"es","@id":"https:\/\/www.sonoraenequipo.com.mx\/celebran-jornada-de-matrimonios-colectivos-en-cereso-hermosillo-1\/#primaryimage","url":"https:\/\/www.sonoraenequipo.com.mx\/storage\/2022\/10\/matrimonios-cereso.jpg","contentUrl":"https:\/\/www.sonoraenequipo.com.mx\/storage\/2022\/10\/matrimonios-cereso.jpg","width":700,"height":466},{"@type":"BreadcrumbList","@id":"https:\/\/www.sonoraenequipo.com.mx\/celebran-jornada-de-matrimonios-colectivos-en-cereso-hermosillo-1\/#breadcrumb","itemListElement":[{"@type":"ListItem","position":1,"name":"Portada","item":"https:\/\/www.sonoraenequipo.com.mx\/"},{"@type":"ListItem","position":2,"name":"Celebran jornada de matrimonios colectivos en Cereso Hermosillo 1"}]},{"@type":"WebSite","@id":"https:\/\/www.sonoraenequipo.com.mx\/#website","url":"https:\/\/www.sonoraenequipo.com.mx\/","name":"Sonora en Equipo.","description":"Diario en l\u00ednea con Noticias desde Hermosillo, Sonora","publisher":{"@id":"https:\/\/www.sonoraenequipo.com.mx\/#organization"},"potentialAction":[{"@type":"SearchAction","target":{"@type":"EntryPoint","urlTemplate":"https:\/\/www.sonoraenequipo.com.mx\/?s={search_term_string}"},"query-input":{"@type":"PropertyValueSpecification","valueRequired":true,"valueName":"search_term_string"}}],"inLanguage":"es"},{"@type":"Organization","@id":"https:\/\/www.sonoraenequipo.com.mx\/#organization","name":"Sonoraenequipo.com.mx","url":"https:\/\/www.sonoraenequipo.com.mx\/","logo":{"@type":"ImageObject","inLanguage":"es","@id":"https:\/\/www.sonoraenequipo.com.mx\/#\/schema\/logo\/image\/","url":"https:\/\/www.sonoraenequipo.com.mx\/storage\/2019\/01\/sonoraenequipo_opt.png","contentUrl":"https:\/\/www.sonoraenequipo.com.mx\/storage\/2019\/01\/sonoraenequipo_opt.png","width":375,"height":125,"caption":"Sonoraenequipo.com.mx"},"image":{"@id":"https:\/\/www.sonoraenequipo.com.mx\/#\/schema\/logo\/image\/"},"sameAs":["https:\/\/www.facebook.com\/SonoraEE\/","https:\/\/x.com\/sonoraenequipo","https:\/\/www.youtube.com\/channel\/UC338nW-lPEYmJQs4ZABQ1SQ"]},{"@type":"Person","@id":"https:\/\/www.sonoraenequipo.com.mx\/#\/schema\/person\/50102df0fb23a8fa9e8effad8fa81386","name":"enequipo","image":{"@type":"ImageObject","inLanguage":"es","@id":"https:\/\/www.sonoraenequipo.com.mx\/#\/schema\/person\/image\/","url":"https:\/\/secure.gravatar.com\/avatar\/049821681b589dabc0bc20695993ccebb09f5b5d4d790cd9251b97faac7c652b?s=96&d=blank&r=g","contentUrl":"https:\/\/secure.gravatar.com\/avatar\/049821681b589dabc0bc20695993ccebb09f5b5d4d790cd9251b97faac7c652b?s=96&d=blank&r=g","caption":"enequipo"},"sameAs":["https:\/\/www.facebook.com\/SonoraEE"]}]}},"jetpack_featured_media_url":"https:\/\/www.sonoraenequipo.com.mx\/storage\/2022\/10\/matrimonios-cereso.jpg","_links":{"self":[{"href":"https:\/\/www.sonoraenequipo.com.mx\/api\/wp\/v2\/posts\/149936","targetHints":{"allow":["GET"]}}],"collection":[{"href":"https:\/\/www.sonoraenequipo.com.mx\/api\/wp\/v2\/posts"}],"about":[{"href":"https:\/\/www.sonoraenequipo.com.mx\/api\/wp\/v2\/types\/post"}],"author":[{"embeddable":true,"href":"https:\/\/www.sonoraenequipo.com.mx\/api\/wp\/v2\/users\/1"}],"replies":[{"embeddable":true,"href":"https:\/\/www.sonoraenequipo.com.mx\/api\/wp\/v2\/comments?post=149936"}],"version-history":[{"count":1,"href":"https:\/\/www.sonoraenequipo.com.mx\/api\/wp\/v2\/posts\/149936\/revisions"}],"predecessor-version":[{"id":149938,"href":"https:\/\/www.sonoraenequipo.com.mx\/api\/wp\/v2\/posts\/149936\/revisions\/149938"}],"wp:featuredmedia":[{"embeddable":true,"href":"https:\/\/www.sonoraenequipo.com.mx\/api\/wp\/v2\/media\/149937"}],"wp:attachment":[{"href":"https:\/\/www.sonoraenequipo.com.mx\/api\/wp\/v2\/media?parent=149936"}],"wp:term":[{"taxonomy":"category","embeddable":true,"href":"https:\/\/www.sonoraenequipo.com.mx\/api\/wp\/v2\/categories?post=149936"},{"taxonomy":"post_tag","embeddable":true,"href":"https:\/\/www.sonoraenequipo.com.mx\/api\/wp\/v2\/tags?post=149936"}],"curies":[{"name":"wp","href":"https:\/\/api.w.org\/{rel}","templated":true}]}}