{"id":149939,"date":"2022-10-21T19:53:42","date_gmt":"2022-10-22T02:53:42","guid":{"rendered":"https:\/\/www.sonoraenequipo.com.mx\/?p=149939"},"modified":"2022-10-21T19:30:33","modified_gmt":"2022-10-22T02:30:33","slug":"recuerdan-a-hector-espino-en-su-dia-y-festejan-50-aniversario-del-estadio","status":"publish","type":"post","link":"https:\/\/www.sonoraenequipo.com.mx\/recuerdan-a-hector-espino-en-su-dia-y-festejan-50-aniversario-del-estadio\/","title":{"rendered":"Recuerdan a H\u00e9ctor Espino en su d\u00eda y festejan 50 aniversario del estadio"},"content":{"rendered":"<p><strong>HERMOSILLO, SONORA,MX.<\/strong><strong>\u2500\u2500<\/strong> el estadio que lleva su nombre, el cual cumple 50 a\u00f1os de su inauguraci\u00f3n este a\u00f1o, se record\u00f3 al m\u00e1s grande bateador mexicano de todos los tiempos: H\u00e9ctor Espino, en el marco del \u201cD\u00eda del 21 Anaranjado\u201d.<\/p>\n<p>&nbsp;<\/p>\n<p>Al homenaje, que realizaron este jueves de manera conjunta los Naranjeros de Hermosillo y la Comisi\u00f3n del Deporte del Estado de Sonora (Codeson), acudieron peloteros actuales, exjugadores, coaches, directivos, autoridades deportivas, y representantes de medios de comunicaci\u00f3n.<\/p>\n<p>&nbsp;<\/p>\n<p>En el home plate del estadio, que fuera la casa de los Naranjeros de Hermosillo por 40 a\u00f1os, y hoy remodelado para albergar el BTED (Bachillerato Tecnol\u00f3gico de Educaci\u00f3n y Promoci\u00f3n Deportiva), luci\u00f3 una fotograf\u00eda de H\u00e9ctor Espino, escoltada por jugadores y cuerpo t\u00e9cnico, quienes hicieron una guardia de honor por las rayas de primera y tercera base.<\/p>\n<p>&nbsp;<\/p>\n<p>El otrora lanzador estelar de los Naranjeros de Hermosillo y hoy coach de la organizaci\u00f3n, Maximino Le\u00f3n, pitcher ganador del primer juego (5 de octubre de 1972) que se celebr\u00f3 en el estadio, bautizado cuatro a\u00f1os m\u00e1s tarde con el nombre de H\u00e9ctor Espino, dio unas emotivas palabras en memoria del \u201cSuperm\u00e1n de Chihuahua\u201d.<\/p>\n<p>&nbsp;<\/p>\n<p>El titular de la Codeson, Erubiel Durazo, quien inici\u00f3 su carrera como pelotero profesional con los Naranjeros, tambi\u00e9n estuvo presente, al lado del director general del Club de Hermosillo, Pablo de la Pe\u00f1a. Ambos, en su respectivo turno, hablaron sobre el legado y el aporte que dej\u00f3 H\u00e9ctor Espino.<\/p>\n<p>&nbsp;<\/p>\n<p>El festejo tambi\u00e9n habr\u00e1 de realizarse este jueves en el Estadio Sonora \u2013en donde los Naranjeros de Hermosillo enfrentar\u00e1n a \u00c1guilas de Mexicali- en el marco del \u201cD\u00eda de H\u00e9ctor Espino\u201d, que se celebra, desde hace varios a\u00f1os, cada 21 de octubre, para honrar al mejor bateador mexicano de la historia.<\/p>\n<p>&nbsp;<\/p>\n<p>Espino Gonz\u00e1lez jug\u00f3 24 campa\u00f1as en la LMP (1960-61 a la de 1984-85) todas con el equipo de sus amores, los Naranjeros de Hermosillo, con el que logr\u00f3 n\u00fameros impresionantes en todos los departamentos de bateo, estableciendo r\u00e9cords -de por vida y en una temporada- que a\u00fan prevalecen inquebrantables.<\/p>\n<p>&nbsp;<\/p>\n<p>Por sus haza\u00f1as ofensivas con los Naranjeros, desde el 25 de enero de 1976, el estadio de beisbol, llamado coloquialmente \u201cColoso del Choyal\u201d, fue nombrado oficialmente como \u201cH\u00e9ctor Espino\u201d rindiendo tributo a sus proezas con el bat que tanto disfrutaron y ovacionaron los aficionados al \u201crey de los deportes\u201d.<\/p>\n<p><strong><u>Fecha de publicaci\u00f3n viernes 21 de octubre de 2022<\/u><\/strong><\/p>\n","protected":false},"excerpt":{"rendered":"<p>HERMOSILLO, SONORA,MX.\u2500\u2500 el estadio que lleva su nombre, el cual cumple 50 a\u00f1os de su&#8230;<\/p>\n","protected":false},"author":1,"featured_media":149940,"comment_status":"open","ping_status":"open","sticky":false,"template":"","format":"standard","meta":{"_monsterinsights_skip_tracking":false,"_monsterinsights_sitenote_active":false,"_monsterinsights_sitenote_note":"","_monsterinsights_sitenote_category":0,"footnotes":""},"categories":[10],"tags":[4886,7682],"class_list":["post"],"yoast_head":" \n<title>Sonora en Equipo. Recuerdan a H\u00e9ctor Espino en su d\u00eda y festejan 50 aniversario del estadio Deportes<\/title>\n<meta name=\"description\" content=\"HERMOSILLO, SONORA,MX.\u2500\u2500 el estadio que lleva su nombre, el cual cumple 50 a\u00f1os de su inauguraci\u00f3n este a\u00f1o, se record\u00f3 al m\u00e1s grande bateador mexicano de En Sonora en Equipo publicamos toda la informaci\u00f3n de Sonora, M\u00e9xico y el Mundo de manera oportuna y busca que la libertad de expresi\u00f3n sea real. Visita nuestro medio informativo publicado desde Hermosillo, Sonora. %\" \/>\n<meta name=\"robots\" content=\"index, follow, max-snippet:-1, max-image-preview:large, max-video-preview:-1\" \/>\n<link rel=\"canonical\" href=\"https:\/\/www.sonoraenequipo.com.mx\/recuerdan-a-hector-espino-en-su-dia-y-festejan-50-aniversario-del-estadio\/\" \/>\n<meta property=\"og:locale\" content=\"es_ES\" \/>\n<meta property=\"og:type\" content=\"article\" \/>\n<meta property=\"og:title\" content=\"Sonora en Equipo. Recuerdan a H\u00e9ctor Espino en su d\u00eda y festejan 50 aniversario del estadio Deportes\" \/>\n<meta property=\"og:description\" content=\"HERMOSILLO, SONORA,MX.\u2500\u2500 el estadio que lleva su nombre, el cual cumple 50 a\u00f1os de su inauguraci\u00f3n este a\u00f1o, se record\u00f3 al m\u00e1s grande bateador mexicano de En Sonora en Equipo publicamos toda la informaci\u00f3n de Sonora, M\u00e9xico y el Mundo de manera oportuna y busca que la libertad de expresi\u00f3n sea real. Visita nuestro medio informativo publicado desde Hermosillo, Sonora. %\" \/>\n<meta property=\"og:url\" content=\"https:\/\/www.sonoraenequipo.com.mx\/recuerdan-a-hector-espino-en-su-dia-y-festejan-50-aniversario-del-estadio\/\" \/>\n<meta property=\"og:site_name\" content=\"Sonora en Equipo.\" \/>\n<meta property=\"article:publisher\" content=\"https:\/\/www.facebook.com\/SonoraEE\/\" \/>\n<meta property=\"article:author\" content=\"https:\/\/www.facebook.com\/SonoraEE\" \/>\n<meta property=\"article:published_time\" content=\"2022-10-22T02:53:42+00:00\" \/>\n<meta property=\"og:image\" content=\"https:\/\/www.sonoraenequipo.com.mx\/storage\/2022\/10\/espino.jpg\" \/>\n\t<meta property=\"og:image:width\" content=\"700\" \/>\n\t<meta property=\"og:image:height\" content=\"489\" \/>\n\t<meta property=\"og:image:type\" content=\"image\/jpeg\" \/>\n<meta name=\"author\" content=\"enequipo\" \/>\n<meta name=\"twitter:card\" content=\"summary_large_image\" \/>\n<meta name=\"twitter:creator\" content=\"@sonoraenequipo\" \/>\n<meta name=\"twitter:site\" content=\"@sonoraenequipo\" \/>\n<meta name=\"twitter:label1\" content=\"Escrito por\" \/>\n\t<meta name=\"twitter:data1\" content=\"enequipo\" \/>\n\t<meta name=\"twitter:label2\" content=\"Tiempo de lectura\" \/>\n\t<meta name=\"twitter:data2\" content=\"2 minutos\" \/>\n<script type=\"application\/ld+json\" class=\"yoast-schema-graph\">{\"@context\":\"https:\/\/schema.org\",\"@graph\":[{\"@type\":\"Article\",\"@id\":\"https:\/\/www.sonoraenequipo.com.mx\/recuerdan-a-hector-espino-en-su-dia-y-festejan-50-aniversario-del-estadio\/#article\",\"isPartOf\":{\"@id\":\"https:\/\/www.sonoraenequipo.com.mx\/recuerdan-a-hector-espino-en-su-dia-y-festejan-50-aniversario-del-estadio\/\"},\"author\":{\"name\":\"enequipo\",\"@id\":\"https:\/\/www.sonoraenequipo.com.mx\/#\/schema\/person\/50102df0fb23a8fa9e8effad8fa81386\"},\"headline\":\"Recuerdan a H\u00e9ctor Espino en su d\u00eda y festejan 50 aniversario del estadio\",\"datePublished\":\"2022-10-22T02:53:42+00:00\",\"mainEntityOfPage\":{\"@id\":\"https:\/\/www.sonoraenequipo.com.mx\/recuerdan-a-hector-espino-en-su-dia-y-festejan-50-aniversario-del-estadio\/\"},\"wordCount\":443,\"commentCount\":0,\"publisher\":{\"@id\":\"https:\/\/www.sonoraenequipo.com.mx\/#organization\"},\"image\":{\"@id\":\"https:\/\/www.sonoraenequipo.com.mx\/recuerdan-a-hector-espino-en-su-dia-y-festejan-50-aniversario-del-estadio\/#primaryimage\"},\"thumbnailUrl\":\"https:\/\/www.sonoraenequipo.com.mx\/storage\/2022\/10\/espino.jpg\",\"keywords\":[\"estadio\",\"hectorespino\"],\"articleSection\":[\"Deportes\"],\"inLanguage\":\"es\",\"potentialAction\":[{\"@type\":\"CommentAction\",\"name\":\"Comment\",\"target\":[\"https:\/\/www.sonoraenequipo.com.mx\/recuerdan-a-hector-espino-en-su-dia-y-festejan-50-aniversario-del-estadio\/#respond\"]}]},{\"@type\":\"WebPage\",\"@id\":\"https:\/\/www.sonoraenequipo.com.mx\/recuerdan-a-hector-espino-en-su-dia-y-festejan-50-aniversario-del-estadio\/\",\"url\":\"https:\/\/www.sonoraenequipo.com.mx\/recuerdan-a-hector-espino-en-su-dia-y-festejan-50-aniversario-del-estadio\/\",\"name\":\"Sonora en Equipo. Recuerdan a H\u00e9ctor Espino en su d\u00eda y festejan 50 aniversario del estadio Deportes\",\"isPartOf\":{\"@id\":\"https:\/\/www.sonoraenequipo.com.mx\/#website\"},\"primaryImageOfPage\":{\"@id\":\"https:\/\/www.sonoraenequipo.com.mx\/recuerdan-a-hector-espino-en-su-dia-y-festejan-50-aniversario-del-estadio\/#primaryimage\"},\"image\":{\"@id\":\"https:\/\/www.sonoraenequipo.com.mx\/recuerdan-a-hector-espino-en-su-dia-y-festejan-50-aniversario-del-estadio\/#primaryimage\"},\"thumbnailUrl\":\"https:\/\/www.sonoraenequipo.com.mx\/storage\/2022\/10\/espino.jpg\",\"datePublished\":\"2022-10-22T02:53:42+00:00\",\"description\":\"HERMOSILLO, SONORA,MX.\u2500\u2500 el estadio que lleva su nombre, el cual cumple 50 a\u00f1os de su inauguraci\u00f3n este a\u00f1o, se record\u00f3 al m\u00e1s grande bateador mexicano de En Sonora en Equipo publicamos toda la informaci\u00f3n de Sonora, M\u00e9xico y el Mundo de manera oportuna y busca que la libertad de expresi\u00f3n sea real. Visita nuestro medio informativo publicado desde Hermosillo, Sonora. %\",\"breadcrumb\":{\"@id\":\"https:\/\/www.sonoraenequipo.com.mx\/recuerdan-a-hector-espino-en-su-dia-y-festejan-50-aniversario-del-estadio\/#breadcrumb\"},\"inLanguage\":\"es\",\"potentialAction\":[{\"@type\":\"ReadAction\",\"target\":[\"https:\/\/www.sonoraenequipo.com.mx\/recuerdan-a-hector-espino-en-su-dia-y-festejan-50-aniversario-del-estadio\/\"]}]},{\"@type\":\"ImageObject\",\"inLanguage\":\"es\",\"@id\":\"https:\/\/www.sonoraenequipo.com.mx\/recuerdan-a-hector-espino-en-su-dia-y-festejan-50-aniversario-del-estadio\/#primaryimage\",\"url\":\"https:\/\/www.sonoraenequipo.com.mx\/storage\/2022\/10\/espino.jpg\",\"contentUrl\":\"https:\/\/www.sonoraenequipo.com.mx\/storage\/2022\/10\/espino.jpg\",\"width\":700,\"height\":489},{\"@type\":\"BreadcrumbList\",\"@id\":\"https:\/\/www.sonoraenequipo.com.mx\/recuerdan-a-hector-espino-en-su-dia-y-festejan-50-aniversario-del-estadio\/#breadcrumb\",\"itemListElement\":[{\"@type\":\"ListItem\",\"position\":1,\"name\":\"Portada\",\"item\":\"https:\/\/www.sonoraenequipo.com.mx\/\"},{\"@type\":\"ListItem\",\"position\":2,\"name\":\"Recuerdan a H\u00e9ctor Espino en su d\u00eda y festejan 50 aniversario del estadio\"}]},{\"@type\":\"WebSite\",\"@id\":\"https:\/\/www.sonoraenequipo.com.mx\/#website\",\"url\":\"https:\/\/www.sonoraenequipo.com.mx\/\",\"name\":\"Sonora en Equipo.\",\"description\":\"Diario en l\u00ednea con Noticias desde Hermosillo, Sonora\",\"publisher\":{\"@id\":\"https:\/\/www.sonoraenequipo.com.mx\/#organization\"},\"potentialAction\":[{\"@type\":\"SearchAction\",\"target\":{\"@type\":\"EntryPoint\",\"urlTemplate\":\"https:\/\/www.sonoraenequipo.com.mx\/?s={search_term_string}\"},\"query-input\":{\"@type\":\"PropertyValueSpecification\",\"valueRequired\":true,\"valueName\":\"search_term_string\"}}],\"inLanguage\":\"es\"},{\"@type\":\"Organization\",\"@id\":\"https:\/\/www.sonoraenequipo.com.mx\/#organization\",\"name\":\"Sonoraenequipo.com.mx\",\"url\":\"https:\/\/www.sonoraenequipo.com.mx\/\",\"logo\":{\"@type\":\"ImageObject\",\"inLanguage\":\"es\",\"@id\":\"https:\/\/www.sonoraenequipo.com.mx\/#\/schema\/logo\/image\/\",\"url\":\"https:\/\/www.sonoraenequipo.com.mx\/storage\/2019\/01\/sonoraenequipo_opt.png\",\"contentUrl\":\"https:\/\/www.sonoraenequipo.com.mx\/storage\/2019\/01\/sonoraenequipo_opt.png\",\"width\":375,\"height\":125,\"caption\":\"Sonoraenequipo.com.mx\"},\"image\":{\"@id\":\"https:\/\/www.sonoraenequipo.com.mx\/#\/schema\/logo\/image\/\"},\"sameAs\":[\"https:\/\/www.facebook.com\/SonoraEE\/\",\"https:\/\/x.com\/sonoraenequipo\",\"https:\/\/www.youtube.com\/channel\/UC338nW-lPEYmJQs4ZABQ1SQ\"]},{\"@type\":\"Person\",\"@id\":\"https:\/\/www.sonoraenequipo.com.mx\/#\/schema\/person\/50102df0fb23a8fa9e8effad8fa81386\",\"name\":\"enequipo\",\"image\":{\"@type\":\"ImageObject\",\"inLanguage\":\"es\",\"@id\":\"https:\/\/www.sonoraenequipo.com.mx\/#\/schema\/person\/image\/\",\"url\":\"https:\/\/secure.gravatar.com\/avatar\/049821681b589dabc0bc20695993ccebb09f5b5d4d790cd9251b97faac7c652b?s=96&d=blank&r=g\",\"contentUrl\":\"https:\/\/secure.gravatar.com\/avatar\/049821681b589dabc0bc20695993ccebb09f5b5d4d790cd9251b97faac7c652b?s=96&d=blank&r=g\",\"caption\":\"enequipo\"},\"sameAs\":[\"https:\/\/www.facebook.com\/SonoraEE\"]}]}<\/script>\n ","yoast_head_json":{"title":"Sonora en Equipo. Recuerdan a H\u00e9ctor Espino en su d\u00eda y festejan 50 aniversario del estadio Deportes","description":"HERMOSILLO, SONORA,MX.\u2500\u2500 el estadio que lleva su nombre, el cual cumple 50 a\u00f1os de su inauguraci\u00f3n este a\u00f1o, se record\u00f3 al m\u00e1s grande bateador mexicano de En Sonora en Equipo publicamos toda la informaci\u00f3n de Sonora, M\u00e9xico y el Mundo de manera oportuna y busca que la libertad de expresi\u00f3n sea real. Visita nuestro medio informativo publicado desde Hermosillo, Sonora. %","robots":{"index":"index","follow":"follow","max-snippet":"max-snippet:-1","max-image-preview":"max-image-preview:large","max-video-preview":"max-video-preview:-1"},"canonical":"https:\/\/www.sonoraenequipo.com.mx\/recuerdan-a-hector-espino-en-su-dia-y-festejan-50-aniversario-del-estadio\/","og_locale":"es_ES","og_type":"article","og_title":"Sonora en Equipo. Recuerdan a H\u00e9ctor Espino en su d\u00eda y festejan 50 aniversario del estadio Deportes","og_description":"HERMOSILLO, SONORA,MX.\u2500\u2500 el estadio que lleva su nombre, el cual cumple 50 a\u00f1os de su inauguraci\u00f3n este a\u00f1o, se record\u00f3 al m\u00e1s grande bateador mexicano de En Sonora en Equipo publicamos toda la informaci\u00f3n de Sonora, M\u00e9xico y el Mundo de manera oportuna y busca que la libertad de expresi\u00f3n sea real. Visita nuestro medio informativo publicado desde Hermosillo, Sonora. %","og_url":"https:\/\/www.sonoraenequipo.com.mx\/recuerdan-a-hector-espino-en-su-dia-y-festejan-50-aniversario-del-estadio\/","og_site_name":"Sonora en Equipo.","article_publisher":"https:\/\/www.facebook.com\/SonoraEE\/","article_author":"https:\/\/www.facebook.com\/SonoraEE","article_published_time":"2022-10-22T02:53:42+00:00","og_image":[{"width":700,"height":489,"url":"https:\/\/www.sonoraenequipo.com.mx\/storage\/2022\/10\/espino.jpg","type":"image\/jpeg"}],"author":"enequipo","twitter_card":"summary_large_image","twitter_creator":"@sonoraenequipo","twitter_site":"@sonoraenequipo","twitter_misc":{"Escrito por":"enequipo","Tiempo de lectura":"2 minutos"},"schema":{"@context":"https:\/\/schema.org","@graph":[{"@type":"Article","@id":"https:\/\/www.sonoraenequipo.com.mx\/recuerdan-a-hector-espino-en-su-dia-y-festejan-50-aniversario-del-estadio\/#article","isPartOf":{"@id":"https:\/\/www.sonoraenequipo.com.mx\/recuerdan-a-hector-espino-en-su-dia-y-festejan-50-aniversario-del-estadio\/"},"author":{"name":"enequipo","@id":"https:\/\/www.sonoraenequipo.com.mx\/#\/schema\/person\/50102df0fb23a8fa9e8effad8fa81386"},"headline":"Recuerdan a H\u00e9ctor Espino en su d\u00eda y festejan 50 aniversario del estadio","datePublished":"2022-10-22T02:53:42+00:00","mainEntityOfPage":{"@id":"https:\/\/www.sonoraenequipo.com.mx\/recuerdan-a-hector-espino-en-su-dia-y-festejan-50-aniversario-del-estadio\/"},"wordCount":443,"commentCount":0,"publisher":{"@id":"https:\/\/www.sonoraenequipo.com.mx\/#organization"},"image":{"@id":"https:\/\/www.sonoraenequipo.com.mx\/recuerdan-a-hector-espino-en-su-dia-y-festejan-50-aniversario-del-estadio\/#primaryimage"},"thumbnailUrl":"https:\/\/www.sonoraenequipo.com.mx\/storage\/2022\/10\/espino.jpg","keywords":["estadio","hectorespino"],"articleSection":["Deportes"],"inLanguage":"es","potentialAction":[{"@type":"CommentAction","name":"Comment","target":["https:\/\/www.sonoraenequipo.com.mx\/recuerdan-a-hector-espino-en-su-dia-y-festejan-50-aniversario-del-estadio\/#respond"]}]},{"@type":"WebPage","@id":"https:\/\/www.sonoraenequipo.com.mx\/recuerdan-a-hector-espino-en-su-dia-y-festejan-50-aniversario-del-estadio\/","url":"https:\/\/www.sonoraenequipo.com.mx\/recuerdan-a-hector-espino-en-su-dia-y-festejan-50-aniversario-del-estadio\/","name":"Sonora en Equipo. Recuerdan a H\u00e9ctor Espino en su d\u00eda y festejan 50 aniversario del estadio Deportes","isPartOf":{"@id":"https:\/\/www.sonoraenequipo.com.mx\/#website"},"primaryImageOfPage":{"@id":"https:\/\/www.sonoraenequipo.com.mx\/recuerdan-a-hector-espino-en-su-dia-y-festejan-50-aniversario-del-estadio\/#primaryimage"},"image":{"@id":"https:\/\/www.sonoraenequipo.com.mx\/recuerdan-a-hector-espino-en-su-dia-y-festejan-50-aniversario-del-estadio\/#primaryimage"},"thumbnailUrl":"https:\/\/www.sonoraenequipo.com.mx\/storage\/2022\/10\/espino.jpg","datePublished":"2022-10-22T02:53:42+00:00","description":"HERMOSILLO, SONORA,MX.\u2500\u2500 el estadio que lleva su nombre, el cual cumple 50 a\u00f1os de su inauguraci\u00f3n este a\u00f1o, se record\u00f3 al m\u00e1s grande bateador mexicano de En Sonora en Equipo publicamos toda la informaci\u00f3n de Sonora, M\u00e9xico y el Mundo de manera oportuna y busca que la libertad de expresi\u00f3n sea real. Visita nuestro medio informativo publicado desde Hermosillo, Sonora. %","breadcrumb":{"@id":"https:\/\/www.sonoraenequipo.com.mx\/recuerdan-a-hector-espino-en-su-dia-y-festejan-50-aniversario-del-estadio\/#breadcrumb"},"inLanguage":"es","potentialAction":[{"@type":"ReadAction","target":["https:\/\/www.sonoraenequipo.com.mx\/recuerdan-a-hector-espino-en-su-dia-y-festejan-50-aniversario-del-estadio\/"]}]},{"@type":"ImageObject","inLanguage":"es","@id":"https:\/\/www.sonoraenequipo.com.mx\/recuerdan-a-hector-espino-en-su-dia-y-festejan-50-aniversario-del-estadio\/#primaryimage","url":"https:\/\/www.sonoraenequipo.com.mx\/storage\/2022\/10\/espino.jpg","contentUrl":"https:\/\/www.sonoraenequipo.com.mx\/storage\/2022\/10\/espino.jpg","width":700,"height":489},{"@type":"BreadcrumbList","@id":"https:\/\/www.sonoraenequipo.com.mx\/recuerdan-a-hector-espino-en-su-dia-y-festejan-50-aniversario-del-estadio\/#breadcrumb","itemListElement":[{"@type":"ListItem","position":1,"name":"Portada","item":"https:\/\/www.sonoraenequipo.com.mx\/"},{"@type":"ListItem","position":2,"name":"Recuerdan a H\u00e9ctor Espino en su d\u00eda y festejan 50 aniversario del estadio"}]},{"@type":"WebSite","@id":"https:\/\/www.sonoraenequipo.com.mx\/#website","url":"https:\/\/www.sonoraenequipo.com.mx\/","name":"Sonora en Equipo.","description":"Diario en l\u00ednea con Noticias desde Hermosillo, Sonora","publisher":{"@id":"https:\/\/www.sonoraenequipo.com.mx\/#organization"},"potentialAction":[{"@type":"SearchAction","target":{"@type":"EntryPoint","urlTemplate":"https:\/\/www.sonoraenequipo.com.mx\/?s={search_term_string}"},"query-input":{"@type":"PropertyValueSpecification","valueRequired":true,"valueName":"search_term_string"}}],"inLanguage":"es"},{"@type":"Organization","@id":"https:\/\/www.sonoraenequipo.com.mx\/#organization","name":"Sonoraenequipo.com.mx","url":"https:\/\/www.sonoraenequipo.com.mx\/","logo":{"@type":"ImageObject","inLanguage":"es","@id":"https:\/\/www.sonoraenequipo.com.mx\/#\/schema\/logo\/image\/","url":"https:\/\/www.sonoraenequipo.com.mx\/storage\/2019\/01\/sonoraenequipo_opt.png","contentUrl":"https:\/\/www.sonoraenequipo.com.mx\/storage\/2019\/01\/sonoraenequipo_opt.png","width":375,"height":125,"caption":"Sonoraenequipo.com.mx"},"image":{"@id":"https:\/\/www.sonoraenequipo.com.mx\/#\/schema\/logo\/image\/"},"sameAs":["https:\/\/www.facebook.com\/SonoraEE\/","https:\/\/x.com\/sonoraenequipo","https:\/\/www.youtube.com\/channel\/UC338nW-lPEYmJQs4ZABQ1SQ"]},{"@type":"Person","@id":"https:\/\/www.sonoraenequipo.com.mx\/#\/schema\/person\/50102df0fb23a8fa9e8effad8fa81386","name":"enequipo","image":{"@type":"ImageObject","inLanguage":"es","@id":"https:\/\/www.sonoraenequipo.com.mx\/#\/schema\/person\/image\/","url":"https:\/\/secure.gravatar.com\/avatar\/049821681b589dabc0bc20695993ccebb09f5b5d4d790cd9251b97faac7c652b?s=96&d=blank&r=g","contentUrl":"https:\/\/secure.gravatar.com\/avatar\/049821681b589dabc0bc20695993ccebb09f5b5d4d790cd9251b97faac7c652b?s=96&d=blank&r=g","caption":"enequipo"},"sameAs":["https:\/\/www.facebook.com\/SonoraEE"]}]}},"jetpack_featured_media_url":"https:\/\/www.sonoraenequipo.com.mx\/storage\/2022\/10\/espino.jpg","_links":{"self":[{"href":"https:\/\/www.sonoraenequipo.com.mx\/api\/wp\/v2\/posts\/149939","targetHints":{"allow":["GET"]}}],"collection":[{"href":"https:\/\/www.sonoraenequipo.com.mx\/api\/wp\/v2\/posts"}],"about":[{"href":"https:\/\/www.sonoraenequipo.com.mx\/api\/wp\/v2\/types\/post"}],"author":[{"embeddable":true,"href":"https:\/\/www.sonoraenequipo.com.mx\/api\/wp\/v2\/users\/1"}],"replies":[{"embeddable":true,"href":"https:\/\/www.sonoraenequipo.com.mx\/api\/wp\/v2\/comments?post=149939"}],"version-history":[{"count":1,"href":"https:\/\/www.sonoraenequipo.com.mx\/api\/wp\/v2\/posts\/149939\/revisions"}],"predecessor-version":[{"id":149941,"href":"https:\/\/www.sonoraenequipo.com.mx\/api\/wp\/v2\/posts\/149939\/revisions\/149941"}],"wp:featuredmedia":[{"embeddable":true,"href":"https:\/\/www.sonoraenequipo.com.mx\/api\/wp\/v2\/media\/149940"}],"wp:attachment":[{"href":"https:\/\/www.sonoraenequipo.com.mx\/api\/wp\/v2\/media?parent=149939"}],"wp:term":[{"taxonomy":"category","embeddable":true,"href":"https:\/\/www.sonoraenequipo.com.mx\/api\/wp\/v2\/categories?post=149939"},{"taxonomy":"post_tag","embeddable":true,"href":"https:\/\/www.sonoraenequipo.com.mx\/api\/wp\/v2\/tags?post=149939"}],"curies":[{"name":"wp","href":"https:\/\/api.w.org\/{rel}","templated":true}]}}