{"id":149942,"date":"2022-10-21T21:00:49","date_gmt":"2022-10-22T04:00:49","guid":{"rendered":"https:\/\/www.sonoraenequipo.com.mx\/?p=149942"},"modified":"2022-10-23T17:47:18","modified_gmt":"2022-10-24T00:47:18","slug":"salinas-pliego-paga-y-reacciona-con-insultos-contra-cenadora-y-muertos-de-hambre","status":"publish","type":"post","link":"https:\/\/www.sonoraenequipo.com.mx\/salinas-pliego-paga-y-reacciona-con-insultos-contra-cenadora-y-muertos-de-hambre\/","title":{"rendered":"Salinas Pliego hace rabieta porque lo obligan a pagar impuestos"},"content":{"rendered":"<p><strong>CIUDAD DE M\u00c9XICO. MX.\u00a0 \u2014\u00a0<\/strong> El empresario Ricardo Salinas Pliego reaccion\u00f3 con insultos en sus redes sociales luego de que se diera a conocer que sus empresas pagaron una deuda millonaria de las varias que mantiene en litigio.<\/p>\n<p>&nbsp;<\/p>\n<p> <\/p>\n<p>&nbsp;<\/p>\n<p>Diversos usuarios en Twitter etiquetaron al due\u00f1o de Grupo Salinas cuestion\u00e1ndolo y critic\u00e1ndolo por haber tardado en pagar el adeudo de casi dos mil 800 millones de pesos que deb\u00eda en impuestos. Ante esto, el magnate no se mantuvo en silencio y contest\u00f3 a algunos de ellos.<\/p>\n<p>&nbsp;<\/p>\n<p>&nbsp;<\/p>\n<p><strong><em>\u201cSali\u00f3 para pagar con lo que gan\u00e9 ac\u00e1 en el black jack\u2026 pero los muertos de hambre #Gobiern\u00edcolas y paleros #comunistas en lugar de estar contentos porque les voy a dar de tragar unos a\u00f1os con esa lana, siguen llorando. \u00bfAhora con qu\u00e9 van a joder? Exijo que se pongan a dieta!\u201d,<\/em><\/strong> escribi\u00f3 Salinas en uno de sus tuits.<\/p>\n<p>&nbsp;<\/p>\n<blockquote class=\"twitter-tweet\" data-width=\"550\" data-dnt=\"true\">\n<p lang=\"es\" dir=\"ltr\">Yo cumpl\u00ed con mi palabra y mis empresas pagaron lo que dicen que deb\u00edan de impuestos\u2026 ahora que la cenadora se ponga a dieta, ahh y con esos 2,800 millones c\u00f3mprese un jab\u00f3n y b\u00e1\u00f1ese perro <a href=\"https:\/\/twitter.com\/hashtag\/Comunista?src=hash&amp;ref_src=twsrc%5Etfw\">#Comunista<\/a>. Agrad\u00e9zcame que va a tener para tragar croquetas otros 2 a\u00f1os. \ud83d\ude02 <a href=\"https:\/\/t.co\/jZMbX8SeZA\">https:\/\/t.co\/jZMbX8SeZA<\/a><\/p>\n<p>&mdash; Don Ricardo Salinas Pliego (@RicardoBSalinas) <a href=\"https:\/\/twitter.com\/RicardoBSalinas\/status\/1583459388685099013?ref_src=twsrc%5Etfw\">October 21, 2022<\/a><\/p><\/blockquote>\n<p><script async src=\"https:\/\/platform.twitter.com\/widgets.js\" charset=\"utf-8\"><\/script><\/p>\n<blockquote class=\"twitter-tweet\" data-width=\"550\" data-dnt=\"true\">\n<p lang=\"es\" dir=\"ltr\">$2,800,000,000 pagados sin pesta\u00f1ear, como cuando yo pago los chicles en la tiendita. <\/p>\n<p>Eso es lana Tio!!!<\/p>\n<p>Espero les den buen uso. (Ingenuo, yo). <\/p>\n<p>Buen d\u00eda. <\/p>\n<p>Saludos Tio Ricky<\/p>\n<p>&mdash; Paco (@PacoCDMX50) <a href=\"https:\/\/twitter.com\/PacoCDMX50\/status\/1583460493104074752?ref_src=twsrc%5Etfw\">October 21, 2022<\/a><\/p><\/blockquote>\n<p><script async src=\"https:\/\/platform.twitter.com\/widgets.js\" charset=\"utf-8\"><\/script><\/p>\n<p>Salinas Pliego coment\u00f3 que varios usuarios lo etiquetaban en una fotograf\u00eda subida por la Senadora con licencia Citlalli Hern\u00e1ndez, Secretaria General de Morena, hecho que tom\u00f3 con burla llam\u00e1ndola \u201ccenadora\u201d de forma despectiva por la complexi\u00f3n f\u00edsica de la legisladora.<\/p>\n<p>&nbsp;<\/p>\n<p><strong><em>\u201c\u00bfQu\u00e9 estar\u00eda pensando la cenadora que se le ve tan llena de vida y de cachetitos sonrosados?\u201d<\/em><\/strong>, dijo.<\/p>\n<p>&nbsp;<\/p>\n<p>Ante esto, la Senadora contest\u00f3 al tuit diciendo que, cuando le tomaron la foto, <em><strong>pensaba en c\u00f3mo se podr\u00eda fortalecer la pol\u00edtica social en M\u00e9xico si Salinas Pliego pagara sus impuestos que deb\u00eda.<\/strong><\/em><\/p>\n<p>&nbsp;<\/p>\n<p><strong>\u201c\u00a1H\u00edjole! Si te pones a dieta y la mitad de lo que te tragas se lo aportas a las arcas p\u00fablicas, seguro que sobra lana para programas sociales y hasta para el Tren Maya\u201d<\/strong>, le replic\u00f3.<\/p>\n<p>&nbsp;<\/p>\n<blockquote class=\"twitter-tweet\" data-width=\"550\" data-dnt=\"true\">\n<p lang=\"es\" dir=\"ltr\">Esto ya es de adrede, uno anda feliz y me etiquetan en estas fotos\u2026 \u00bfqu\u00e9 estar\u00eda pensando la cenadora que se le ve tan llena de vida y de cachetitos sonrosados? \ud83d\ude02 <a href=\"https:\/\/t.co\/mngKtZDlYe\">https:\/\/t.co\/mngKtZDlYe<\/a><\/p>\n<p>&mdash; Don Ricardo Salinas Pliego (@RicardoBSalinas) <a href=\"https:\/\/twitter.com\/RicardoBSalinas\/status\/1577781268082618368?ref_src=twsrc%5Etfw\">October 5, 2022<\/a><\/p><\/blockquote>\n<p><script async src=\"https:\/\/platform.twitter.com\/widgets.js\" charset=\"utf-8\"><\/script><\/p>\n<p>Dicho intercambio de tuits no fue suficiente, pues el empresario continu\u00f3 mencion\u00e1ndola en otras publicaciones a trav\u00e9s del apodo despectivo que le atribuy\u00f3.<\/p>\n<p>&nbsp;<\/p>\n<p><em><strong>\u201cAhora que la cenadora se ponga a dieta, ahh y con esos 2,800 millones c\u00f3mprese un jab\u00f3n y b\u00e1\u00f1ese perro #comunista. Agrad\u00e9zcame que va a tener para tragar croquetas otros dos a\u00f1os\u201d,<\/strong><\/em> le contest\u00f3 al fundador de la revista Polem\u00f3n, Jorge G\u00f3mez Naredo.<\/p>\n<p>&nbsp;<\/p>\n<p>&nbsp;<\/p>\n<p>En uno, le atribuy\u00f3 a la Senadora la causa del que hayan temblores en nuestro pa\u00eds, diciendo que afecta \u201cmucho a la infraestructura p\u00fablica\u201d.<\/p>\n<blockquote class=\"twitter-tweet\" data-width=\"550\" data-dnt=\"true\">\n<p lang=\"es\" dir=\"ltr\">Cambi\u00e9 de opini\u00f3n y le apost\u00e9 a la cenadora que yo pagaba y ella bajaba de peso\u2026 lo hago porque los temblores son horribles en M\u00e9xico y afectan mucho a la infraestructura p\u00fablica, luego vienen accidentes y terribles tragedias que no queremos que se repitan \ud83d\ude02. <a href=\"https:\/\/t.co\/sOOpQQmLCq\">https:\/\/t.co\/sOOpQQmLCq<\/a><\/p>\n<p>&mdash; Don Ricardo Salinas Pliego (@RicardoBSalinas) <a href=\"https:\/\/twitter.com\/RicardoBSalinas\/status\/1583475668486000640?ref_src=twsrc%5Etfw\">October 21, 2022<\/a><\/p><\/blockquote>\n<p><script async src=\"https:\/\/platform.twitter.com\/widgets.js\" charset=\"utf-8\"><\/script><\/p>\n<p>En otro tuit, le contest\u00f3 al presidente del Sistema P\u00fablico de Radiodifusi\u00f3n del Estado Mexicano (SPR), Jenaro Villamil, nuevamente haciendo menci\u00f3n a Citlalli Hern\u00e1ndez.<\/p>\n<blockquote class=\"twitter-tweet\" data-width=\"550\" data-dnt=\"true\">\n<p lang=\"es\" dir=\"ltr\">Ahora usted muestre en qu\u00e9 se gasto el dinero de las antenas fantasma y que la cenadora muestre el registro de su b\u00e1scula (sin foto por favor). <a href=\"https:\/\/twitter.com\/hashtag\/RicardoSalinasCumple?src=hash&amp;ref_src=twsrc%5Etfw\">#RicardoSalinasCumple<\/a> \ud83d\ude09\ud83d\ude02 <a href=\"https:\/\/t.co\/USgdEiGKMI\">https:\/\/t.co\/USgdEiGKMI<\/a><\/p>\n<p>&mdash; Don Ricardo Salinas Pliego (@RicardoBSalinas) <a href=\"https:\/\/twitter.com\/RicardoBSalinas\/status\/1583480993721176064?ref_src=twsrc%5Etfw\">October 21, 2022<\/a><\/p><\/blockquote>\n<p><script async src=\"https:\/\/platform.twitter.com\/widgets.js\" charset=\"utf-8\"><\/script><\/p>\n<p>Salinas Pliego pag\u00f3 por impuestos m\u00e1s de dos mil 772 millones de pesos esta semana que ten\u00eda pendientes desde hace varios a\u00f1os, luego de aceptar la resoluci\u00f3n de la Suprema Corte de Justicia de la Naci\u00f3n (SCJN), inform\u00f3 este viernes el Presidente Andr\u00e9s Manuel L\u00f3pez Obrador.<\/p>\n<p>&nbsp;<\/p>\n<p><em><strong>\u201cLas empresas de Ricardo Salinas Pliego pagaron un cr\u00e9dito fiscal de un poco m\u00e1s de dos mil 800 millones de pesos [\u2026] pagaron antier, vamos a dar a conocer los comprobantes de pago, s\u00ed hay otros juicios pero est\u00e1n en litigio, esto lo resolvi\u00f3 la Corte hace meses\u201d,<\/strong> <\/em>indic\u00f3 el mandatario mexicano.<\/p>\n<p>&nbsp;<\/p>\n<p>La cantidad exacta fue de de dos mil 772 millones 062 mil 800 pesos, mostr\u00f3 L\u00f3pez Obrador en la su conferencia matutina, al ense\u00f1ar el cheque que se entreg\u00f3 por parte de Grupo Salinas el jueves.<\/p>\n<p><iframe loading=\"lazy\" title=\"AMLO: Empresas de Salinas Pliego saldan impuestos por 2,772 millones, y a\u00fan les falta\" width=\"640\" height=\"360\" src=\"https:\/\/www.youtube.com\/embed\/LAqCB2kPteM?feature=oembed\" frameborder=\"0\" allow=\"accelerometer; autoplay; clipboard-write; encrypted-media; gyroscope; picture-in-picture; web-share\" referrerpolicy=\"strict-origin-when-cross-origin\" allowfullscreen><\/iframe><\/p>\n<p><em><strong>\u201cCelebro y agradezco que se cumpla con este mandato judicial, porque hubo voluntad para que se respetara la resoluci\u00f3n de la Corte. Se hab\u00edan interpuesto algunos amparos y se retiraron y se acepto como cosa juzgada la resoluci\u00f3n de la Corte. Hay otros procesos legales, pero van a ser las instancias correspondientes ls que van a decidir\u201d<\/strong><\/em>, detall\u00f3 L\u00f3pez Obrador.<\/p>\n<p>&nbsp;<\/p>\n<p>&nbsp;<\/p>\n<p>En enero, la la Suprema Corte de Justicia de la Naci\u00f3n (SCJN) determin\u00f3 que Grupo Elektra deb\u00eda pagar en ese momento dos mil 636 millones de pesos de un cr\u00e9dito fiscal derivado de deducciones ilegales en el Impuesto sobre la Renta (ISR), aplicadas en la declaraci\u00f3n del ejercicio de 2006.<\/p>\n<h3><\/h3>\n<h3>\n<strong>Ricardo Salinas Pliego es considerado como el tercer mexicano m\u00e1s rico. Foto: Facebook Ricardo Salinas Pliego<\/strong><\/h3>\n<p>&nbsp;<\/p>\n<p>&nbsp;<\/p>\n<p>El SAT ha estado luchando contra Grupo Elektra, del empresario Ricardo Salinas Pliego, en los tribunales durante m\u00e1s de una d\u00e9cada y si bien este es solo uno de los ocho casos que existen contra la empresa, la decisi\u00f3n de la SCJN podr\u00eda afectar todas las dem\u00e1s demandas.<\/p>\n<p>&nbsp;<\/p>\n<p>&nbsp;<\/p>\n<p>En febrero de 2021, Raquel Buenrostro, entonces titular del Servicio del SAT y ahora Secretaria de Econom\u00eda, confirm\u00f3 que la deuda por falta de pago de impuestos de las empresas de Ricardo Salinas Pliego podr\u00eda superar los 40 mil millones de pesos.<\/p>\n<p>&nbsp;<\/p>\n<p>&nbsp;<\/p>\n<p>PUBLICADO originalmente en la revista digital<a href=\"https:\/\/www.sinembargo.mx\/21-10-2022\/4272416\"><strong> SINEMBARGO.COM<\/strong><\/a> EL 21\/OCTUBRE DE 2022<\/p>\n","protected":false},"excerpt":{"rendered":"<p>CIUDAD DE M\u00c9XICO. MX.\u00a0 \u2014\u00a0 El empresario Ricardo Salinas Pliego reaccion\u00f3 con insultos en sus&#8230;<\/p>\n","protected":false},"author":1,"featured_media":149912,"comment_status":"open","ping_status":"open","sticky":false,"template":"","format":"standard","meta":{"_monsterinsights_skip_tracking":false,"_monsterinsights_sitenote_active":false,"_monsterinsights_sitenote_note":"","_monsterinsights_sitenote_category":0,"footnotes":""},"categories":[12,5],"tags":[],"class_list":["post"],"yoast_head":" \n<title>Sonora en Equipo. Salinas Pliego hace rabieta porque lo obligan a pagar impuestos Rep\u00fablica<\/title>\n<meta name=\"description\" content=\"CIUDAD DE M\u00c9XICO. MX.\u00a0 \u2014\u00a0 El empresario Ricardo Salinas Pliego reaccion\u00f3 con insultos en sus redes sociales luego de que se diera a conocer que sus En Sonora en Equipo publicamos toda la informaci\u00f3n de Sonora, M\u00e9xico y el Mundo de manera oportuna y busca que la libertad de expresi\u00f3n sea real. Visita nuestro medio informativo publicado desde Hermosillo, Sonora. %\" \/>\n<meta name=\"robots\" content=\"index, follow, max-snippet:-1, max-image-preview:large, max-video-preview:-1\" \/>\n<link rel=\"canonical\" href=\"https:\/\/www.sonoraenequipo.com.mx\/salinas-pliego-paga-y-reacciona-con-insultos-contra-cenadora-y-muertos-de-hambre\/\" \/>\n<meta property=\"og:locale\" content=\"es_ES\" \/>\n<meta property=\"og:type\" content=\"article\" \/>\n<meta property=\"og:title\" content=\"Sonora en Equipo. Salinas Pliego hace rabieta porque lo obligan a pagar impuestos Rep\u00fablica\" \/>\n<meta property=\"og:description\" content=\"CIUDAD DE M\u00c9XICO. MX.\u00a0 \u2014\u00a0 El empresario Ricardo Salinas Pliego reaccion\u00f3 con insultos en sus redes sociales luego de que se diera a conocer que sus En Sonora en Equipo publicamos toda la informaci\u00f3n de Sonora, M\u00e9xico y el Mundo de manera oportuna y busca que la libertad de expresi\u00f3n sea real. Visita nuestro medio informativo publicado desde Hermosillo, Sonora. %\" \/>\n<meta property=\"og:url\" content=\"https:\/\/www.sonoraenequipo.com.mx\/salinas-pliego-paga-y-reacciona-con-insultos-contra-cenadora-y-muertos-de-hambre\/\" \/>\n<meta property=\"og:site_name\" content=\"Sonora en Equipo.\" \/>\n<meta property=\"article:publisher\" content=\"https:\/\/www.facebook.com\/SonoraEE\/\" \/>\n<meta property=\"article:author\" content=\"https:\/\/www.facebook.com\/SonoraEE\" \/>\n<meta property=\"article:published_time\" content=\"2022-10-22T04:00:49+00:00\" \/>\n<meta property=\"article:modified_time\" content=\"2022-10-24T00:47:18+00:00\" \/>\n<meta property=\"og:image\" content=\"https:\/\/www.sonoraenequipo.com.mx\/storage\/2022\/10\/salinas-pliego.jpg\" \/>\n\t<meta property=\"og:image:width\" content=\"900\" \/>\n\t<meta property=\"og:image:height\" content=\"514\" \/>\n\t<meta property=\"og:image:type\" content=\"image\/jpeg\" \/>\n<meta name=\"author\" content=\"enequipo\" \/>\n<meta name=\"twitter:card\" content=\"summary_large_image\" \/>\n<meta name=\"twitter:creator\" content=\"@sonoraenequipo\" \/>\n<meta name=\"twitter:site\" content=\"@sonoraenequipo\" \/>\n<meta name=\"twitter:label1\" content=\"Escrito por\" \/>\n\t<meta name=\"twitter:data1\" content=\"enequipo\" \/>\n\t<meta name=\"twitter:label2\" content=\"Tiempo de lectura\" \/>\n\t<meta name=\"twitter:data2\" content=\"4 minutos\" \/>\n<script type=\"application\/ld+json\" class=\"yoast-schema-graph\">{\"@context\":\"https:\/\/schema.org\",\"@graph\":[{\"@type\":\"Article\",\"@id\":\"https:\/\/www.sonoraenequipo.com.mx\/salinas-pliego-paga-y-reacciona-con-insultos-contra-cenadora-y-muertos-de-hambre\/#article\",\"isPartOf\":{\"@id\":\"https:\/\/www.sonoraenequipo.com.mx\/salinas-pliego-paga-y-reacciona-con-insultos-contra-cenadora-y-muertos-de-hambre\/\"},\"author\":{\"name\":\"enequipo\",\"@id\":\"https:\/\/www.sonoraenequipo.com.mx\/#\/schema\/person\/50102df0fb23a8fa9e8effad8fa81386\"},\"headline\":\"Salinas Pliego hace rabieta porque lo obligan a pagar impuestos\",\"datePublished\":\"2022-10-22T04:00:49+00:00\",\"dateModified\":\"2022-10-24T00:47:18+00:00\",\"mainEntityOfPage\":{\"@id\":\"https:\/\/www.sonoraenequipo.com.mx\/salinas-pliego-paga-y-reacciona-con-insultos-contra-cenadora-y-muertos-de-hambre\/\"},\"wordCount\":861,\"commentCount\":0,\"publisher\":{\"@id\":\"https:\/\/www.sonoraenequipo.com.mx\/#organization\"},\"image\":{\"@id\":\"https:\/\/www.sonoraenequipo.com.mx\/salinas-pliego-paga-y-reacciona-con-insultos-contra-cenadora-y-muertos-de-hambre\/#primaryimage\"},\"thumbnailUrl\":\"https:\/\/www.sonoraenequipo.com.mx\/storage\/2022\/10\/salinas-pliego.jpg\",\"articleSection\":[\"Especiales\",\"Rep\u00fablica\"],\"inLanguage\":\"es\",\"potentialAction\":[{\"@type\":\"CommentAction\",\"name\":\"Comment\",\"target\":[\"https:\/\/www.sonoraenequipo.com.mx\/salinas-pliego-paga-y-reacciona-con-insultos-contra-cenadora-y-muertos-de-hambre\/#respond\"]}]},{\"@type\":\"WebPage\",\"@id\":\"https:\/\/www.sonoraenequipo.com.mx\/salinas-pliego-paga-y-reacciona-con-insultos-contra-cenadora-y-muertos-de-hambre\/\",\"url\":\"https:\/\/www.sonoraenequipo.com.mx\/salinas-pliego-paga-y-reacciona-con-insultos-contra-cenadora-y-muertos-de-hambre\/\",\"name\":\"Sonora en Equipo. Salinas Pliego hace rabieta porque lo obligan a pagar impuestos Rep\u00fablica\",\"isPartOf\":{\"@id\":\"https:\/\/www.sonoraenequipo.com.mx\/#website\"},\"primaryImageOfPage\":{\"@id\":\"https:\/\/www.sonoraenequipo.com.mx\/salinas-pliego-paga-y-reacciona-con-insultos-contra-cenadora-y-muertos-de-hambre\/#primaryimage\"},\"image\":{\"@id\":\"https:\/\/www.sonoraenequipo.com.mx\/salinas-pliego-paga-y-reacciona-con-insultos-contra-cenadora-y-muertos-de-hambre\/#primaryimage\"},\"thumbnailUrl\":\"https:\/\/www.sonoraenequipo.com.mx\/storage\/2022\/10\/salinas-pliego.jpg\",\"datePublished\":\"2022-10-22T04:00:49+00:00\",\"dateModified\":\"2022-10-24T00:47:18+00:00\",\"description\":\"CIUDAD DE M\u00c9XICO. MX.\u00a0 \u2014\u00a0 El empresario Ricardo Salinas Pliego reaccion\u00f3 con insultos en sus redes sociales luego de que se diera a conocer que sus En Sonora en Equipo publicamos toda la informaci\u00f3n de Sonora, M\u00e9xico y el Mundo de manera oportuna y busca que la libertad de expresi\u00f3n sea real. Visita nuestro medio informativo publicado desde Hermosillo, Sonora. %\",\"breadcrumb\":{\"@id\":\"https:\/\/www.sonoraenequipo.com.mx\/salinas-pliego-paga-y-reacciona-con-insultos-contra-cenadora-y-muertos-de-hambre\/#breadcrumb\"},\"inLanguage\":\"es\",\"potentialAction\":[{\"@type\":\"ReadAction\",\"target\":[\"https:\/\/www.sonoraenequipo.com.mx\/salinas-pliego-paga-y-reacciona-con-insultos-contra-cenadora-y-muertos-de-hambre\/\"]}]},{\"@type\":\"ImageObject\",\"inLanguage\":\"es\",\"@id\":\"https:\/\/www.sonoraenequipo.com.mx\/salinas-pliego-paga-y-reacciona-con-insultos-contra-cenadora-y-muertos-de-hambre\/#primaryimage\",\"url\":\"https:\/\/www.sonoraenequipo.com.mx\/storage\/2022\/10\/salinas-pliego.jpg\",\"contentUrl\":\"https:\/\/www.sonoraenequipo.com.mx\/storage\/2022\/10\/salinas-pliego.jpg\",\"width\":900,\"height\":514},{\"@type\":\"BreadcrumbList\",\"@id\":\"https:\/\/www.sonoraenequipo.com.mx\/salinas-pliego-paga-y-reacciona-con-insultos-contra-cenadora-y-muertos-de-hambre\/#breadcrumb\",\"itemListElement\":[{\"@type\":\"ListItem\",\"position\":1,\"name\":\"Portada\",\"item\":\"https:\/\/www.sonoraenequipo.com.mx\/\"},{\"@type\":\"ListItem\",\"position\":2,\"name\":\"Salinas Pliego hace rabieta porque lo obligan a pagar impuestos\"}]},{\"@type\":\"WebSite\",\"@id\":\"https:\/\/www.sonoraenequipo.com.mx\/#website\",\"url\":\"https:\/\/www.sonoraenequipo.com.mx\/\",\"name\":\"Sonora en Equipo.\",\"description\":\"Diario en l\u00ednea con Noticias desde Hermosillo, Sonora\",\"publisher\":{\"@id\":\"https:\/\/www.sonoraenequipo.com.mx\/#organization\"},\"potentialAction\":[{\"@type\":\"SearchAction\",\"target\":{\"@type\":\"EntryPoint\",\"urlTemplate\":\"https:\/\/www.sonoraenequipo.com.mx\/?s={search_term_string}\"},\"query-input\":{\"@type\":\"PropertyValueSpecification\",\"valueRequired\":true,\"valueName\":\"search_term_string\"}}],\"inLanguage\":\"es\"},{\"@type\":\"Organization\",\"@id\":\"https:\/\/www.sonoraenequipo.com.mx\/#organization\",\"name\":\"Sonoraenequipo.com.mx\",\"url\":\"https:\/\/www.sonoraenequipo.com.mx\/\",\"logo\":{\"@type\":\"ImageObject\",\"inLanguage\":\"es\",\"@id\":\"https:\/\/www.sonoraenequipo.com.mx\/#\/schema\/logo\/image\/\",\"url\":\"https:\/\/www.sonoraenequipo.com.mx\/storage\/2019\/01\/sonoraenequipo_opt.png\",\"contentUrl\":\"https:\/\/www.sonoraenequipo.com.mx\/storage\/2019\/01\/sonoraenequipo_opt.png\",\"width\":375,\"height\":125,\"caption\":\"Sonoraenequipo.com.mx\"},\"image\":{\"@id\":\"https:\/\/www.sonoraenequipo.com.mx\/#\/schema\/logo\/image\/\"},\"sameAs\":[\"https:\/\/www.facebook.com\/SonoraEE\/\",\"https:\/\/x.com\/sonoraenequipo\",\"https:\/\/www.youtube.com\/channel\/UC338nW-lPEYmJQs4ZABQ1SQ\"]},{\"@type\":\"Person\",\"@id\":\"https:\/\/www.sonoraenequipo.com.mx\/#\/schema\/person\/50102df0fb23a8fa9e8effad8fa81386\",\"name\":\"enequipo\",\"image\":{\"@type\":\"ImageObject\",\"inLanguage\":\"es\",\"@id\":\"https:\/\/www.sonoraenequipo.com.mx\/#\/schema\/person\/image\/\",\"url\":\"https:\/\/secure.gravatar.com\/avatar\/049821681b589dabc0bc20695993ccebb09f5b5d4d790cd9251b97faac7c652b?s=96&d=blank&r=g\",\"contentUrl\":\"https:\/\/secure.gravatar.com\/avatar\/049821681b589dabc0bc20695993ccebb09f5b5d4d790cd9251b97faac7c652b?s=96&d=blank&r=g\",\"caption\":\"enequipo\"},\"sameAs\":[\"https:\/\/www.facebook.com\/SonoraEE\"]}]}<\/script>\n ","yoast_head_json":{"title":"Sonora en Equipo. Salinas Pliego hace rabieta porque lo obligan a pagar impuestos Rep\u00fablica","description":"CIUDAD DE M\u00c9XICO. MX.\u00a0 \u2014\u00a0 El empresario Ricardo Salinas Pliego reaccion\u00f3 con insultos en sus redes sociales luego de que se diera a conocer que sus En Sonora en Equipo publicamos toda la informaci\u00f3n de Sonora, M\u00e9xico y el Mundo de manera oportuna y busca que la libertad de expresi\u00f3n sea real. Visita nuestro medio informativo publicado desde Hermosillo, Sonora. %","robots":{"index":"index","follow":"follow","max-snippet":"max-snippet:-1","max-image-preview":"max-image-preview:large","max-video-preview":"max-video-preview:-1"},"canonical":"https:\/\/www.sonoraenequipo.com.mx\/salinas-pliego-paga-y-reacciona-con-insultos-contra-cenadora-y-muertos-de-hambre\/","og_locale":"es_ES","og_type":"article","og_title":"Sonora en Equipo. Salinas Pliego hace rabieta porque lo obligan a pagar impuestos Rep\u00fablica","og_description":"CIUDAD DE M\u00c9XICO. MX.\u00a0 \u2014\u00a0 El empresario Ricardo Salinas Pliego reaccion\u00f3 con insultos en sus redes sociales luego de que se diera a conocer que sus En Sonora en Equipo publicamos toda la informaci\u00f3n de Sonora, M\u00e9xico y el Mundo de manera oportuna y busca que la libertad de expresi\u00f3n sea real. Visita nuestro medio informativo publicado desde Hermosillo, Sonora. %","og_url":"https:\/\/www.sonoraenequipo.com.mx\/salinas-pliego-paga-y-reacciona-con-insultos-contra-cenadora-y-muertos-de-hambre\/","og_site_name":"Sonora en Equipo.","article_publisher":"https:\/\/www.facebook.com\/SonoraEE\/","article_author":"https:\/\/www.facebook.com\/SonoraEE","article_published_time":"2022-10-22T04:00:49+00:00","article_modified_time":"2022-10-24T00:47:18+00:00","og_image":[{"width":900,"height":514,"url":"https:\/\/www.sonoraenequipo.com.mx\/storage\/2022\/10\/salinas-pliego.jpg","type":"image\/jpeg"}],"author":"enequipo","twitter_card":"summary_large_image","twitter_creator":"@sonoraenequipo","twitter_site":"@sonoraenequipo","twitter_misc":{"Escrito por":"enequipo","Tiempo de lectura":"4 minutos"},"schema":{"@context":"https:\/\/schema.org","@graph":[{"@type":"Article","@id":"https:\/\/www.sonoraenequipo.com.mx\/salinas-pliego-paga-y-reacciona-con-insultos-contra-cenadora-y-muertos-de-hambre\/#article","isPartOf":{"@id":"https:\/\/www.sonoraenequipo.com.mx\/salinas-pliego-paga-y-reacciona-con-insultos-contra-cenadora-y-muertos-de-hambre\/"},"author":{"name":"enequipo","@id":"https:\/\/www.sonoraenequipo.com.mx\/#\/schema\/person\/50102df0fb23a8fa9e8effad8fa81386"},"headline":"Salinas Pliego hace rabieta porque lo obligan a pagar impuestos","datePublished":"2022-10-22T04:00:49+00:00","dateModified":"2022-10-24T00:47:18+00:00","mainEntityOfPage":{"@id":"https:\/\/www.sonoraenequipo.com.mx\/salinas-pliego-paga-y-reacciona-con-insultos-contra-cenadora-y-muertos-de-hambre\/"},"wordCount":861,"commentCount":0,"publisher":{"@id":"https:\/\/www.sonoraenequipo.com.mx\/#organization"},"image":{"@id":"https:\/\/www.sonoraenequipo.com.mx\/salinas-pliego-paga-y-reacciona-con-insultos-contra-cenadora-y-muertos-de-hambre\/#primaryimage"},"thumbnailUrl":"https:\/\/www.sonoraenequipo.com.mx\/storage\/2022\/10\/salinas-pliego.jpg","articleSection":["Especiales","Rep\u00fablica"],"inLanguage":"es","potentialAction":[{"@type":"CommentAction","name":"Comment","target":["https:\/\/www.sonoraenequipo.com.mx\/salinas-pliego-paga-y-reacciona-con-insultos-contra-cenadora-y-muertos-de-hambre\/#respond"]}]},{"@type":"WebPage","@id":"https:\/\/www.sonoraenequipo.com.mx\/salinas-pliego-paga-y-reacciona-con-insultos-contra-cenadora-y-muertos-de-hambre\/","url":"https:\/\/www.sonoraenequipo.com.mx\/salinas-pliego-paga-y-reacciona-con-insultos-contra-cenadora-y-muertos-de-hambre\/","name":"Sonora en Equipo. Salinas Pliego hace rabieta porque lo obligan a pagar impuestos Rep\u00fablica","isPartOf":{"@id":"https:\/\/www.sonoraenequipo.com.mx\/#website"},"primaryImageOfPage":{"@id":"https:\/\/www.sonoraenequipo.com.mx\/salinas-pliego-paga-y-reacciona-con-insultos-contra-cenadora-y-muertos-de-hambre\/#primaryimage"},"image":{"@id":"https:\/\/www.sonoraenequipo.com.mx\/salinas-pliego-paga-y-reacciona-con-insultos-contra-cenadora-y-muertos-de-hambre\/#primaryimage"},"thumbnailUrl":"https:\/\/www.sonoraenequipo.com.mx\/storage\/2022\/10\/salinas-pliego.jpg","datePublished":"2022-10-22T04:00:49+00:00","dateModified":"2022-10-24T00:47:18+00:00","description":"CIUDAD DE M\u00c9XICO. MX.\u00a0 \u2014\u00a0 El empresario Ricardo Salinas Pliego reaccion\u00f3 con insultos en sus redes sociales luego de que se diera a conocer que sus En Sonora en Equipo publicamos toda la informaci\u00f3n de Sonora, M\u00e9xico y el Mundo de manera oportuna y busca que la libertad de expresi\u00f3n sea real. Visita nuestro medio informativo publicado desde Hermosillo, Sonora. %","breadcrumb":{"@id":"https:\/\/www.sonoraenequipo.com.mx\/salinas-pliego-paga-y-reacciona-con-insultos-contra-cenadora-y-muertos-de-hambre\/#breadcrumb"},"inLanguage":"es","potentialAction":[{"@type":"ReadAction","target":["https:\/\/www.sonoraenequipo.com.mx\/salinas-pliego-paga-y-reacciona-con-insultos-contra-cenadora-y-muertos-de-hambre\/"]}]},{"@type":"ImageObject","inLanguage":"es","@id":"https:\/\/www.sonoraenequipo.com.mx\/salinas-pliego-paga-y-reacciona-con-insultos-contra-cenadora-y-muertos-de-hambre\/#primaryimage","url":"https:\/\/www.sonoraenequipo.com.mx\/storage\/2022\/10\/salinas-pliego.jpg","contentUrl":"https:\/\/www.sonoraenequipo.com.mx\/storage\/2022\/10\/salinas-pliego.jpg","width":900,"height":514},{"@type":"BreadcrumbList","@id":"https:\/\/www.sonoraenequipo.com.mx\/salinas-pliego-paga-y-reacciona-con-insultos-contra-cenadora-y-muertos-de-hambre\/#breadcrumb","itemListElement":[{"@type":"ListItem","position":1,"name":"Portada","item":"https:\/\/www.sonoraenequipo.com.mx\/"},{"@type":"ListItem","position":2,"name":"Salinas Pliego hace rabieta porque lo obligan a pagar impuestos"}]},{"@type":"WebSite","@id":"https:\/\/www.sonoraenequipo.com.mx\/#website","url":"https:\/\/www.sonoraenequipo.com.mx\/","name":"Sonora en Equipo.","description":"Diario en l\u00ednea con Noticias desde Hermosillo, Sonora","publisher":{"@id":"https:\/\/www.sonoraenequipo.com.mx\/#organization"},"potentialAction":[{"@type":"SearchAction","target":{"@type":"EntryPoint","urlTemplate":"https:\/\/www.sonoraenequipo.com.mx\/?s={search_term_string}"},"query-input":{"@type":"PropertyValueSpecification","valueRequired":true,"valueName":"search_term_string"}}],"inLanguage":"es"},{"@type":"Organization","@id":"https:\/\/www.sonoraenequipo.com.mx\/#organization","name":"Sonoraenequipo.com.mx","url":"https:\/\/www.sonoraenequipo.com.mx\/","logo":{"@type":"ImageObject","inLanguage":"es","@id":"https:\/\/www.sonoraenequipo.com.mx\/#\/schema\/logo\/image\/","url":"https:\/\/www.sonoraenequipo.com.mx\/storage\/2019\/01\/sonoraenequipo_opt.png","contentUrl":"https:\/\/www.sonoraenequipo.com.mx\/storage\/2019\/01\/sonoraenequipo_opt.png","width":375,"height":125,"caption":"Sonoraenequipo.com.mx"},"image":{"@id":"https:\/\/www.sonoraenequipo.com.mx\/#\/schema\/logo\/image\/"},"sameAs":["https:\/\/www.facebook.com\/SonoraEE\/","https:\/\/x.com\/sonoraenequipo","https:\/\/www.youtube.com\/channel\/UC338nW-lPEYmJQs4ZABQ1SQ"]},{"@type":"Person","@id":"https:\/\/www.sonoraenequipo.com.mx\/#\/schema\/person\/50102df0fb23a8fa9e8effad8fa81386","name":"enequipo","image":{"@type":"ImageObject","inLanguage":"es","@id":"https:\/\/www.sonoraenequipo.com.mx\/#\/schema\/person\/image\/","url":"https:\/\/secure.gravatar.com\/avatar\/049821681b589dabc0bc20695993ccebb09f5b5d4d790cd9251b97faac7c652b?s=96&d=blank&r=g","contentUrl":"https:\/\/secure.gravatar.com\/avatar\/049821681b589dabc0bc20695993ccebb09f5b5d4d790cd9251b97faac7c652b?s=96&d=blank&r=g","caption":"enequipo"},"sameAs":["https:\/\/www.facebook.com\/SonoraEE"]}]}},"jetpack_featured_media_url":"https:\/\/www.sonoraenequipo.com.mx\/storage\/2022\/10\/salinas-pliego.jpg","_links":{"self":[{"href":"https:\/\/www.sonoraenequipo.com.mx\/api\/wp\/v2\/posts\/149942","targetHints":{"allow":["GET"]}}],"collection":[{"href":"https:\/\/www.sonoraenequipo.com.mx\/api\/wp\/v2\/posts"}],"about":[{"href":"https:\/\/www.sonoraenequipo.com.mx\/api\/wp\/v2\/types\/post"}],"author":[{"embeddable":true,"href":"https:\/\/www.sonoraenequipo.com.mx\/api\/wp\/v2\/users\/1"}],"replies":[{"embeddable":true,"href":"https:\/\/www.sonoraenequipo.com.mx\/api\/wp\/v2\/comments?post=149942"}],"version-history":[{"count":2,"href":"https:\/\/www.sonoraenequipo.com.mx\/api\/wp\/v2\/posts\/149942\/revisions"}],"predecessor-version":[{"id":150055,"href":"https:\/\/www.sonoraenequipo.com.mx\/api\/wp\/v2\/posts\/149942\/revisions\/150055"}],"wp:featuredmedia":[{"embeddable":true,"href":"https:\/\/www.sonoraenequipo.com.mx\/api\/wp\/v2\/media\/149912"}],"wp:attachment":[{"href":"https:\/\/www.sonoraenequipo.com.mx\/api\/wp\/v2\/media?parent=149942"}],"wp:term":[{"taxonomy":"category","embeddable":true,"href":"https:\/\/www.sonoraenequipo.com.mx\/api\/wp\/v2\/categories?post=149942"},{"taxonomy":"post_tag","embeddable":true,"href":"https:\/\/www.sonoraenequipo.com.mx\/api\/wp\/v2\/tags?post=149942"}],"curies":[{"name":"wp","href":"https:\/\/api.w.org\/{rel}","templated":true}]}}