{"id":149944,"date":"2022-10-21T20:00:10","date_gmt":"2022-10-22T03:00:10","guid":{"rendered":"https:\/\/www.sonoraenequipo.com.mx\/?p=149944"},"modified":"2022-10-21T19:59:40","modified_gmt":"2022-10-22T02:59:40","slug":"balacera-en-jalisco-desata-panico-hay-al-menos-tres-muertos","status":"publish","type":"post","link":"https:\/\/www.sonoraenequipo.com.mx\/balacera-en-jalisco-desata-panico-hay-al-menos-tres-muertos\/","title":{"rendered":"Balacera en Jalisco desata p\u00e1nico; hay al menos tres muertos"},"content":{"rendered":"<p><strong>GUADALAJARA, JALISCO. MX. \u2014<\/strong> Una balacera puso en alerta a los cuerpos policiales en Guadalajara, Jalisco. Ocurri\u00f3 en una zona de restaurantes de la colonia Providencia entre las calles Terranova y Florencia.<\/p>\n<p>&nbsp;<\/p>\n<p> <\/p>\n<h3>\nClientes tuvieron que escapar agachados durante la balacera<\/h3>\n<h3><\/h3>\n<p>Por aire y tierra se registr\u00f3 una fuerte movilizaci\u00f3n de los cuerpos de seguridad. Algunos comensales tuvieron que escapar agachados entre las mesas y otras personas se resguardaron en las azoteas.<\/p>\n<p>&nbsp;<\/p>\n<p>El gobernador de Jalisco, Enrique Alfaro, inform\u00f3 sobre la balacera en Providencia que las investigaciones est\u00e1n en curso y no hay riesgo para circular por la zona.<\/p>\n<p>&nbsp;<\/p>\n<p><strong><em>\u201cEsta tarde\u00a0 volvimos a enfrentar un acto de violencia en nuestra ciudad, una agresi\u00f3n directa en un restaurante en Providencia. La zona est\u00e1 resguardada por oficiales de los tres niveles de Gobierno, las investigaciones est\u00e1n en curso y no hay riesgo para circular por la zona\u201d,<\/em> <\/strong>asegur\u00f3 a trav\u00e9s de su cuenta de Twitter, Enrique Alfaro, gobernador de Jalisco.<\/p>\n<p>&nbsp;<\/p>\n<p>De forma preliminar se reportan tres muertos y cuatro heridos. Los agresores huyeron, pero dejaron \u201cponchallantas\u201d regados en el pavimento para evitar su detenci\u00f3n.<\/p>\n<p>&nbsp;<\/p>\n<p>PUBLICADO EL 21\/OCTUBRE DE 2022 Con informaci\u00f3n de N+ y SINEMBARGO)<\/p>\n","protected":false},"excerpt":{"rendered":"<p>GUADALAJARA, JALISCO. MX. \u2014 Una balacera puso en alerta a los cuerpos policiales en Guadalajara,&#8230;<\/p>\n","protected":false},"author":1,"featured_media":149945,"comment_status":"open","ping_status":"open","sticky":false,"template":"","format":"standard","meta":{"_monsterinsights_skip_tracking":false,"_monsterinsights_sitenote_active":false,"_monsterinsights_sitenote_note":"","_monsterinsights_sitenote_category":0,"footnotes":""},"categories":[5],"tags":[],"class_list":["post"],"yoast_head":" \n<title>Sonora en Equipo. Balacera en Jalisco desata p\u00e1nico; hay al menos tres muertos Rep\u00fablica<\/title>\n<meta name=\"description\" content=\"GUADALAJARA, JALISCO. MX. \u2014 Una balacera puso en alerta a los cuerpos policiales en Guadalajara, Jalisco. Ocurri\u00f3 en una zona de restaurantes de la En Sonora en Equipo publicamos toda la informaci\u00f3n de Sonora, M\u00e9xico y el Mundo de manera oportuna y busca que la libertad de expresi\u00f3n sea real. Visita nuestro medio informativo publicado desde Hermosillo, Sonora. %\" \/>\n<meta name=\"robots\" content=\"index, follow, max-snippet:-1, max-image-preview:large, max-video-preview:-1\" \/>\n<link rel=\"canonical\" href=\"https:\/\/www.sonoraenequipo.com.mx\/balacera-en-jalisco-desata-panico-hay-al-menos-tres-muertos\/\" \/>\n<meta property=\"og:locale\" content=\"es_ES\" \/>\n<meta property=\"og:type\" content=\"article\" \/>\n<meta property=\"og:title\" content=\"Sonora en Equipo. Balacera en Jalisco desata p\u00e1nico; hay al menos tres muertos Rep\u00fablica\" \/>\n<meta property=\"og:description\" content=\"GUADALAJARA, JALISCO. MX. \u2014 Una balacera puso en alerta a los cuerpos policiales en Guadalajara, Jalisco. Ocurri\u00f3 en una zona de restaurantes de la En Sonora en Equipo publicamos toda la informaci\u00f3n de Sonora, M\u00e9xico y el Mundo de manera oportuna y busca que la libertad de expresi\u00f3n sea real. Visita nuestro medio informativo publicado desde Hermosillo, Sonora. %\" \/>\n<meta property=\"og:url\" content=\"https:\/\/www.sonoraenequipo.com.mx\/balacera-en-jalisco-desata-panico-hay-al-menos-tres-muertos\/\" \/>\n<meta property=\"og:site_name\" content=\"Sonora en Equipo.\" \/>\n<meta property=\"article:publisher\" content=\"https:\/\/www.facebook.com\/SonoraEE\/\" \/>\n<meta property=\"article:author\" content=\"https:\/\/www.facebook.com\/SonoraEE\" \/>\n<meta property=\"article:published_time\" content=\"2022-10-22T03:00:10+00:00\" \/>\n<meta property=\"og:image\" content=\"https:\/\/www.sonoraenequipo.com.mx\/storage\/2022\/10\/balacera-en-guadalajara.webp\" \/>\n\t<meta property=\"og:image:width\" content=\"1100\" \/>\n\t<meta property=\"og:image:height\" content=\"580\" \/>\n\t<meta property=\"og:image:type\" content=\"image\/webp\" \/>\n<meta name=\"author\" content=\"enequipo\" \/>\n<meta name=\"twitter:card\" content=\"summary_large_image\" \/>\n<meta name=\"twitter:creator\" content=\"@sonoraenequipo\" \/>\n<meta name=\"twitter:site\" content=\"@sonoraenequipo\" \/>\n<meta name=\"twitter:label1\" content=\"Escrito por\" \/>\n\t<meta name=\"twitter:data1\" content=\"enequipo\" \/>\n\t<meta name=\"twitter:label2\" content=\"Tiempo de lectura\" \/>\n\t<meta name=\"twitter:data2\" content=\"1 minuto\" \/>\n<script type=\"application\/ld+json\" class=\"yoast-schema-graph\">{\"@context\":\"https:\/\/schema.org\",\"@graph\":[{\"@type\":\"Article\",\"@id\":\"https:\/\/www.sonoraenequipo.com.mx\/balacera-en-jalisco-desata-panico-hay-al-menos-tres-muertos\/#article\",\"isPartOf\":{\"@id\":\"https:\/\/www.sonoraenequipo.com.mx\/balacera-en-jalisco-desata-panico-hay-al-menos-tres-muertos\/\"},\"author\":{\"name\":\"enequipo\",\"@id\":\"https:\/\/www.sonoraenequipo.com.mx\/#\/schema\/person\/50102df0fb23a8fa9e8effad8fa81386\"},\"headline\":\"Balacera en Jalisco desata p\u00e1nico; hay al menos tres muertos\",\"datePublished\":\"2022-10-22T03:00:10+00:00\",\"mainEntityOfPage\":{\"@id\":\"https:\/\/www.sonoraenequipo.com.mx\/balacera-en-jalisco-desata-panico-hay-al-menos-tres-muertos\/\"},\"wordCount\":213,\"commentCount\":0,\"publisher\":{\"@id\":\"https:\/\/www.sonoraenequipo.com.mx\/#organization\"},\"image\":{\"@id\":\"https:\/\/www.sonoraenequipo.com.mx\/balacera-en-jalisco-desata-panico-hay-al-menos-tres-muertos\/#primaryimage\"},\"thumbnailUrl\":\"https:\/\/www.sonoraenequipo.com.mx\/storage\/2022\/10\/balacera-en-guadalajara.webp\",\"articleSection\":[\"Rep\u00fablica\"],\"inLanguage\":\"es\",\"potentialAction\":[{\"@type\":\"CommentAction\",\"name\":\"Comment\",\"target\":[\"https:\/\/www.sonoraenequipo.com.mx\/balacera-en-jalisco-desata-panico-hay-al-menos-tres-muertos\/#respond\"]}]},{\"@type\":\"WebPage\",\"@id\":\"https:\/\/www.sonoraenequipo.com.mx\/balacera-en-jalisco-desata-panico-hay-al-menos-tres-muertos\/\",\"url\":\"https:\/\/www.sonoraenequipo.com.mx\/balacera-en-jalisco-desata-panico-hay-al-menos-tres-muertos\/\",\"name\":\"Sonora en Equipo. Balacera en Jalisco desata p\u00e1nico; hay al menos tres muertos Rep\u00fablica\",\"isPartOf\":{\"@id\":\"https:\/\/www.sonoraenequipo.com.mx\/#website\"},\"primaryImageOfPage\":{\"@id\":\"https:\/\/www.sonoraenequipo.com.mx\/balacera-en-jalisco-desata-panico-hay-al-menos-tres-muertos\/#primaryimage\"},\"image\":{\"@id\":\"https:\/\/www.sonoraenequipo.com.mx\/balacera-en-jalisco-desata-panico-hay-al-menos-tres-muertos\/#primaryimage\"},\"thumbnailUrl\":\"https:\/\/www.sonoraenequipo.com.mx\/storage\/2022\/10\/balacera-en-guadalajara.webp\",\"datePublished\":\"2022-10-22T03:00:10+00:00\",\"description\":\"GUADALAJARA, JALISCO. MX. \u2014 Una balacera puso en alerta a los cuerpos policiales en Guadalajara, Jalisco. Ocurri\u00f3 en una zona de restaurantes de la En Sonora en Equipo publicamos toda la informaci\u00f3n de Sonora, M\u00e9xico y el Mundo de manera oportuna y busca que la libertad de expresi\u00f3n sea real. Visita nuestro medio informativo publicado desde Hermosillo, Sonora. %\",\"breadcrumb\":{\"@id\":\"https:\/\/www.sonoraenequipo.com.mx\/balacera-en-jalisco-desata-panico-hay-al-menos-tres-muertos\/#breadcrumb\"},\"inLanguage\":\"es\",\"potentialAction\":[{\"@type\":\"ReadAction\",\"target\":[\"https:\/\/www.sonoraenequipo.com.mx\/balacera-en-jalisco-desata-panico-hay-al-menos-tres-muertos\/\"]}]},{\"@type\":\"ImageObject\",\"inLanguage\":\"es\",\"@id\":\"https:\/\/www.sonoraenequipo.com.mx\/balacera-en-jalisco-desata-panico-hay-al-menos-tres-muertos\/#primaryimage\",\"url\":\"https:\/\/www.sonoraenequipo.com.mx\/storage\/2022\/10\/balacera-en-guadalajara.webp\",\"contentUrl\":\"https:\/\/www.sonoraenequipo.com.mx\/storage\/2022\/10\/balacera-en-guadalajara.webp\",\"width\":1100,\"height\":580},{\"@type\":\"BreadcrumbList\",\"@id\":\"https:\/\/www.sonoraenequipo.com.mx\/balacera-en-jalisco-desata-panico-hay-al-menos-tres-muertos\/#breadcrumb\",\"itemListElement\":[{\"@type\":\"ListItem\",\"position\":1,\"name\":\"Portada\",\"item\":\"https:\/\/www.sonoraenequipo.com.mx\/\"},{\"@type\":\"ListItem\",\"position\":2,\"name\":\"Balacera en Jalisco desata p\u00e1nico; hay al menos tres muertos\"}]},{\"@type\":\"WebSite\",\"@id\":\"https:\/\/www.sonoraenequipo.com.mx\/#website\",\"url\":\"https:\/\/www.sonoraenequipo.com.mx\/\",\"name\":\"Sonora en Equipo.\",\"description\":\"Diario en l\u00ednea con Noticias desde Hermosillo, Sonora\",\"publisher\":{\"@id\":\"https:\/\/www.sonoraenequipo.com.mx\/#organization\"},\"potentialAction\":[{\"@type\":\"SearchAction\",\"target\":{\"@type\":\"EntryPoint\",\"urlTemplate\":\"https:\/\/www.sonoraenequipo.com.mx\/?s={search_term_string}\"},\"query-input\":{\"@type\":\"PropertyValueSpecification\",\"valueRequired\":true,\"valueName\":\"search_term_string\"}}],\"inLanguage\":\"es\"},{\"@type\":\"Organization\",\"@id\":\"https:\/\/www.sonoraenequipo.com.mx\/#organization\",\"name\":\"Sonoraenequipo.com.mx\",\"url\":\"https:\/\/www.sonoraenequipo.com.mx\/\",\"logo\":{\"@type\":\"ImageObject\",\"inLanguage\":\"es\",\"@id\":\"https:\/\/www.sonoraenequipo.com.mx\/#\/schema\/logo\/image\/\",\"url\":\"https:\/\/www.sonoraenequipo.com.mx\/storage\/2019\/01\/sonoraenequipo_opt.png\",\"contentUrl\":\"https:\/\/www.sonoraenequipo.com.mx\/storage\/2019\/01\/sonoraenequipo_opt.png\",\"width\":375,\"height\":125,\"caption\":\"Sonoraenequipo.com.mx\"},\"image\":{\"@id\":\"https:\/\/www.sonoraenequipo.com.mx\/#\/schema\/logo\/image\/\"},\"sameAs\":[\"https:\/\/www.facebook.com\/SonoraEE\/\",\"https:\/\/x.com\/sonoraenequipo\",\"https:\/\/www.youtube.com\/channel\/UC338nW-lPEYmJQs4ZABQ1SQ\"]},{\"@type\":\"Person\",\"@id\":\"https:\/\/www.sonoraenequipo.com.mx\/#\/schema\/person\/50102df0fb23a8fa9e8effad8fa81386\",\"name\":\"enequipo\",\"image\":{\"@type\":\"ImageObject\",\"inLanguage\":\"es\",\"@id\":\"https:\/\/www.sonoraenequipo.com.mx\/#\/schema\/person\/image\/\",\"url\":\"https:\/\/secure.gravatar.com\/avatar\/049821681b589dabc0bc20695993ccebb09f5b5d4d790cd9251b97faac7c652b?s=96&d=blank&r=g\",\"contentUrl\":\"https:\/\/secure.gravatar.com\/avatar\/049821681b589dabc0bc20695993ccebb09f5b5d4d790cd9251b97faac7c652b?s=96&d=blank&r=g\",\"caption\":\"enequipo\"},\"sameAs\":[\"https:\/\/www.facebook.com\/SonoraEE\"]}]}<\/script>\n ","yoast_head_json":{"title":"Sonora en Equipo. Balacera en Jalisco desata p\u00e1nico; hay al menos tres muertos Rep\u00fablica","description":"GUADALAJARA, JALISCO. MX. \u2014 Una balacera puso en alerta a los cuerpos policiales en Guadalajara, Jalisco. Ocurri\u00f3 en una zona de restaurantes de la En Sonora en Equipo publicamos toda la informaci\u00f3n de Sonora, M\u00e9xico y el Mundo de manera oportuna y busca que la libertad de expresi\u00f3n sea real. Visita nuestro medio informativo publicado desde Hermosillo, Sonora. %","robots":{"index":"index","follow":"follow","max-snippet":"max-snippet:-1","max-image-preview":"max-image-preview:large","max-video-preview":"max-video-preview:-1"},"canonical":"https:\/\/www.sonoraenequipo.com.mx\/balacera-en-jalisco-desata-panico-hay-al-menos-tres-muertos\/","og_locale":"es_ES","og_type":"article","og_title":"Sonora en Equipo. Balacera en Jalisco desata p\u00e1nico; hay al menos tres muertos Rep\u00fablica","og_description":"GUADALAJARA, JALISCO. MX. \u2014 Una balacera puso en alerta a los cuerpos policiales en Guadalajara, Jalisco. Ocurri\u00f3 en una zona de restaurantes de la En Sonora en Equipo publicamos toda la informaci\u00f3n de Sonora, M\u00e9xico y el Mundo de manera oportuna y busca que la libertad de expresi\u00f3n sea real. Visita nuestro medio informativo publicado desde Hermosillo, Sonora. %","og_url":"https:\/\/www.sonoraenequipo.com.mx\/balacera-en-jalisco-desata-panico-hay-al-menos-tres-muertos\/","og_site_name":"Sonora en Equipo.","article_publisher":"https:\/\/www.facebook.com\/SonoraEE\/","article_author":"https:\/\/www.facebook.com\/SonoraEE","article_published_time":"2022-10-22T03:00:10+00:00","og_image":[{"width":1100,"height":580,"url":"https:\/\/www.sonoraenequipo.com.mx\/storage\/2022\/10\/balacera-en-guadalajara.webp","type":"image\/webp"}],"author":"enequipo","twitter_card":"summary_large_image","twitter_creator":"@sonoraenequipo","twitter_site":"@sonoraenequipo","twitter_misc":{"Escrito por":"enequipo","Tiempo de lectura":"1 minuto"},"schema":{"@context":"https:\/\/schema.org","@graph":[{"@type":"Article","@id":"https:\/\/www.sonoraenequipo.com.mx\/balacera-en-jalisco-desata-panico-hay-al-menos-tres-muertos\/#article","isPartOf":{"@id":"https:\/\/www.sonoraenequipo.com.mx\/balacera-en-jalisco-desata-panico-hay-al-menos-tres-muertos\/"},"author":{"name":"enequipo","@id":"https:\/\/www.sonoraenequipo.com.mx\/#\/schema\/person\/50102df0fb23a8fa9e8effad8fa81386"},"headline":"Balacera en Jalisco desata p\u00e1nico; hay al menos tres muertos","datePublished":"2022-10-22T03:00:10+00:00","mainEntityOfPage":{"@id":"https:\/\/www.sonoraenequipo.com.mx\/balacera-en-jalisco-desata-panico-hay-al-menos-tres-muertos\/"},"wordCount":213,"commentCount":0,"publisher":{"@id":"https:\/\/www.sonoraenequipo.com.mx\/#organization"},"image":{"@id":"https:\/\/www.sonoraenequipo.com.mx\/balacera-en-jalisco-desata-panico-hay-al-menos-tres-muertos\/#primaryimage"},"thumbnailUrl":"https:\/\/www.sonoraenequipo.com.mx\/storage\/2022\/10\/balacera-en-guadalajara.webp","articleSection":["Rep\u00fablica"],"inLanguage":"es","potentialAction":[{"@type":"CommentAction","name":"Comment","target":["https:\/\/www.sonoraenequipo.com.mx\/balacera-en-jalisco-desata-panico-hay-al-menos-tres-muertos\/#respond"]}]},{"@type":"WebPage","@id":"https:\/\/www.sonoraenequipo.com.mx\/balacera-en-jalisco-desata-panico-hay-al-menos-tres-muertos\/","url":"https:\/\/www.sonoraenequipo.com.mx\/balacera-en-jalisco-desata-panico-hay-al-menos-tres-muertos\/","name":"Sonora en Equipo. Balacera en Jalisco desata p\u00e1nico; hay al menos tres muertos Rep\u00fablica","isPartOf":{"@id":"https:\/\/www.sonoraenequipo.com.mx\/#website"},"primaryImageOfPage":{"@id":"https:\/\/www.sonoraenequipo.com.mx\/balacera-en-jalisco-desata-panico-hay-al-menos-tres-muertos\/#primaryimage"},"image":{"@id":"https:\/\/www.sonoraenequipo.com.mx\/balacera-en-jalisco-desata-panico-hay-al-menos-tres-muertos\/#primaryimage"},"thumbnailUrl":"https:\/\/www.sonoraenequipo.com.mx\/storage\/2022\/10\/balacera-en-guadalajara.webp","datePublished":"2022-10-22T03:00:10+00:00","description":"GUADALAJARA, JALISCO. MX. \u2014 Una balacera puso en alerta a los cuerpos policiales en Guadalajara, Jalisco. Ocurri\u00f3 en una zona de restaurantes de la En Sonora en Equipo publicamos toda la informaci\u00f3n de Sonora, M\u00e9xico y el Mundo de manera oportuna y busca que la libertad de expresi\u00f3n sea real. Visita nuestro medio informativo publicado desde Hermosillo, Sonora. %","breadcrumb":{"@id":"https:\/\/www.sonoraenequipo.com.mx\/balacera-en-jalisco-desata-panico-hay-al-menos-tres-muertos\/#breadcrumb"},"inLanguage":"es","potentialAction":[{"@type":"ReadAction","target":["https:\/\/www.sonoraenequipo.com.mx\/balacera-en-jalisco-desata-panico-hay-al-menos-tres-muertos\/"]}]},{"@type":"ImageObject","inLanguage":"es","@id":"https:\/\/www.sonoraenequipo.com.mx\/balacera-en-jalisco-desata-panico-hay-al-menos-tres-muertos\/#primaryimage","url":"https:\/\/www.sonoraenequipo.com.mx\/storage\/2022\/10\/balacera-en-guadalajara.webp","contentUrl":"https:\/\/www.sonoraenequipo.com.mx\/storage\/2022\/10\/balacera-en-guadalajara.webp","width":1100,"height":580},{"@type":"BreadcrumbList","@id":"https:\/\/www.sonoraenequipo.com.mx\/balacera-en-jalisco-desata-panico-hay-al-menos-tres-muertos\/#breadcrumb","itemListElement":[{"@type":"ListItem","position":1,"name":"Portada","item":"https:\/\/www.sonoraenequipo.com.mx\/"},{"@type":"ListItem","position":2,"name":"Balacera en Jalisco desata p\u00e1nico; hay al menos tres muertos"}]},{"@type":"WebSite","@id":"https:\/\/www.sonoraenequipo.com.mx\/#website","url":"https:\/\/www.sonoraenequipo.com.mx\/","name":"Sonora en Equipo.","description":"Diario en l\u00ednea con Noticias desde Hermosillo, Sonora","publisher":{"@id":"https:\/\/www.sonoraenequipo.com.mx\/#organization"},"potentialAction":[{"@type":"SearchAction","target":{"@type":"EntryPoint","urlTemplate":"https:\/\/www.sonoraenequipo.com.mx\/?s={search_term_string}"},"query-input":{"@type":"PropertyValueSpecification","valueRequired":true,"valueName":"search_term_string"}}],"inLanguage":"es"},{"@type":"Organization","@id":"https:\/\/www.sonoraenequipo.com.mx\/#organization","name":"Sonoraenequipo.com.mx","url":"https:\/\/www.sonoraenequipo.com.mx\/","logo":{"@type":"ImageObject","inLanguage":"es","@id":"https:\/\/www.sonoraenequipo.com.mx\/#\/schema\/logo\/image\/","url":"https:\/\/www.sonoraenequipo.com.mx\/storage\/2019\/01\/sonoraenequipo_opt.png","contentUrl":"https:\/\/www.sonoraenequipo.com.mx\/storage\/2019\/01\/sonoraenequipo_opt.png","width":375,"height":125,"caption":"Sonoraenequipo.com.mx"},"image":{"@id":"https:\/\/www.sonoraenequipo.com.mx\/#\/schema\/logo\/image\/"},"sameAs":["https:\/\/www.facebook.com\/SonoraEE\/","https:\/\/x.com\/sonoraenequipo","https:\/\/www.youtube.com\/channel\/UC338nW-lPEYmJQs4ZABQ1SQ"]},{"@type":"Person","@id":"https:\/\/www.sonoraenequipo.com.mx\/#\/schema\/person\/50102df0fb23a8fa9e8effad8fa81386","name":"enequipo","image":{"@type":"ImageObject","inLanguage":"es","@id":"https:\/\/www.sonoraenequipo.com.mx\/#\/schema\/person\/image\/","url":"https:\/\/secure.gravatar.com\/avatar\/049821681b589dabc0bc20695993ccebb09f5b5d4d790cd9251b97faac7c652b?s=96&d=blank&r=g","contentUrl":"https:\/\/secure.gravatar.com\/avatar\/049821681b589dabc0bc20695993ccebb09f5b5d4d790cd9251b97faac7c652b?s=96&d=blank&r=g","caption":"enequipo"},"sameAs":["https:\/\/www.facebook.com\/SonoraEE"]}]}},"jetpack_featured_media_url":"https:\/\/www.sonoraenequipo.com.mx\/storage\/2022\/10\/balacera-en-guadalajara.webp","_links":{"self":[{"href":"https:\/\/www.sonoraenequipo.com.mx\/api\/wp\/v2\/posts\/149944","targetHints":{"allow":["GET"]}}],"collection":[{"href":"https:\/\/www.sonoraenequipo.com.mx\/api\/wp\/v2\/posts"}],"about":[{"href":"https:\/\/www.sonoraenequipo.com.mx\/api\/wp\/v2\/types\/post"}],"author":[{"embeddable":true,"href":"https:\/\/www.sonoraenequipo.com.mx\/api\/wp\/v2\/users\/1"}],"replies":[{"embeddable":true,"href":"https:\/\/www.sonoraenequipo.com.mx\/api\/wp\/v2\/comments?post=149944"}],"version-history":[{"count":1,"href":"https:\/\/www.sonoraenequipo.com.mx\/api\/wp\/v2\/posts\/149944\/revisions"}],"predecessor-version":[{"id":149947,"href":"https:\/\/www.sonoraenequipo.com.mx\/api\/wp\/v2\/posts\/149944\/revisions\/149947"}],"wp:featuredmedia":[{"embeddable":true,"href":"https:\/\/www.sonoraenequipo.com.mx\/api\/wp\/v2\/media\/149945"}],"wp:attachment":[{"href":"https:\/\/www.sonoraenequipo.com.mx\/api\/wp\/v2\/media?parent=149944"}],"wp:term":[{"taxonomy":"category","embeddable":true,"href":"https:\/\/www.sonoraenequipo.com.mx\/api\/wp\/v2\/categories?post=149944"},{"taxonomy":"post_tag","embeddable":true,"href":"https:\/\/www.sonoraenequipo.com.mx\/api\/wp\/v2\/tags?post=149944"}],"curies":[{"name":"wp","href":"https:\/\/api.w.org\/{rel}","templated":true}]}}