{"id":149950,"date":"2022-10-21T22:45:55","date_gmt":"2022-10-22T05:45:55","guid":{"rendered":"https:\/\/www.sonoraenequipo.com.mx\/?p=149950"},"modified":"2022-10-22T13:03:43","modified_gmt":"2022-10-22T20:03:43","slug":"lleva-muy-positivos-beneficios-la-brigada-comunitaria-al-habitat-solidaridad","status":"publish","type":"post","link":"https:\/\/www.sonoraenequipo.com.mx\/lleva-muy-positivos-beneficios-la-brigada-comunitaria-al-habitat-solidaridad\/","title":{"rendered":"Lleva muy positivos beneficios la Brigada Comunitaria al H\u00e1bitat Solidaridad"},"content":{"rendered":"<p><strong>HERMOSILLO, SONORA. MX.\u2014<\/strong> Con pleno sentido de pertinencia, motivaci\u00f3n e identificaci\u00f3n social, la Universidad de Sonora desarroll\u00f3 este d\u00eda en el Centro H\u00e1bitat Solidaridad, ubicado en el sector norponiente de la ciudad, el Programa Universitario de Brigadas Comunitarias, acci\u00f3n en la que una vez m\u00e1s se tuvo la colaboraci\u00f3n de la Direcci\u00f3n de Participaci\u00f3n Ciudadana del Ayuntamiento de Hermosillo<\/p>\n<p>&nbsp;<\/p>\n<p> <\/p>\n<p>&nbsp;<\/p>\n<p>Los objetivos generales de la actividad que involucr\u00f3 una vez m\u00e1s a estudiantes y acad\u00e9micos de diversos departamentos acad\u00e9micos y \u00e1reas de servicios universitarios, as\u00ed como personal del ayuntamiento local, fue llevar un beneficio a los habitantes de ese sector, adem\u00e1s de buscar producir un cambio cualitativo en su vida comunitaria.<\/p>\n<p>&nbsp;<\/p>\n<p>&nbsp;<\/p>\n<p>Esta vez hicieron acto de presencia para solicitud de una diversidad de servicios familias de ese sector en las que se ubican alrededor de 20 colonias, entre ellas las m\u00e1s densas de poblaci\u00f3n, como Solidaridad, Norberto Ortega y Miguel Hidalgo.<\/p>\n<p>&nbsp;<\/p>\n<p>&nbsp;<\/p>\n<p>Cabe destacar que otro prop\u00f3sito del programa universitario es atender y priorizar los apoyos y servicios que se demandan en diversas \u00e1reas, especialmente en aquellas colonias desprotegidas, adem\u00e1s de enriquecer el v\u00ednculo con sus habitantes.<\/p>\n<p>&nbsp;<\/p>\n<p>Esta vez, en el H\u00e1bitat Solidaridad se activaron stands de servicios sobre medicina general, prevenci\u00f3n de c\u00e1ncer de mama y de piel, odontolog\u00eda, nutrici\u00f3n y enfermer\u00eda; detecciones de hipertensi\u00f3n, diabetes, salud bucal y medici\u00f3n del \u00edndice de masa corporal, entre otros, como pruebas de Papanicolau.<\/p>\n<p>&nbsp;<\/p>\n<p>Asimismo, se instalaron m\u00f3dulos de Tesorer\u00eda y Agua de Hermosillo y una cl\u00ednica m\u00f3vil de la Secretar\u00eda de Salud; Registro Civil, el programa municipal Creces que incentiva y organiza comit\u00e9s de participaci\u00f3n ciudadana en las colonias; y tambi\u00e9n por esta casa de estudios, el Planetario, Trabajo Social, Deporte B\u00faho, Bufete Jur\u00eddico Gratuito, Biolog\u00eda, Geolog\u00eda y Sustentabilidad, entre otras \u00e1reas universitarias.<\/p>\n<p>&nbsp;<\/p>\n<h3>Agradecen beneficios<\/h3>\n<p>Yolanda Lugo \u00cd\u00f1igo, coordinadora del Centro H\u00e1bitat Solidaridad agradeci\u00f3 el respaldo de la Universidad de Sonora y del Ayuntamiento de Hermosillo para que se cristalizara lo que calific\u00f3 un programa sumamente benefactor comunitario.<\/p>\n<p>&nbsp;<\/p>\n<p>Inform\u00f3 que en ese espacio normalmente atienden a diario entre 50-60 personas ofreci\u00e9ndoles diversos servicios, como de regularizaci\u00f3n de autos, cursos de carpinter\u00eda, est\u00e9tica, barber\u00eda, costura, cocina, reposter\u00eda, florister\u00eda, bisuter\u00eda, expedici\u00f3n de credenciales de Bienestar, ex\u00e1menes y pagos para los adultos mayores tenemos, entre otros.<\/p>\n<p>&nbsp;<\/p>\n<p>A su vez, Daniel Garc\u00eda Escalante, director de Participaci\u00f3n Ciudadana del Ayuntamiento de Hermosillo afirm\u00f3 que <strong><em>\u201clo m\u00e1s importante aqu\u00ed es que es que la gente aproveche estos servicios que estamos llevando en conjunto con la Universidad de Sonora\u201d.<\/em><\/strong><\/p>\n<p>&nbsp;<\/p>\n<p>Indic\u00f3 que la actividad tambi\u00e9n permite a los estudiantes universitarios de diversas disciplinas involucrarse en un v\u00ednculo y pr\u00e1cticas de orden social y human\u00edstico haciendo lo que aprenden las aulas y laboratorios y a lo que se dedicar\u00e1n al egresar de la universidad.<\/p>\n<p>&nbsp;<\/p>\n<p>Dijo que le da enorme gusto ver a estudiantes y profesores de los diversos departamentos de la Universidad de Sonora aportando sus conocimientos y fortaleciendo de esa manera su formaci\u00f3n acad\u00e9mica, teniendo mediante este tipo de programas, una experiencia m\u00e1s al acudir a brindar parte de sus conocimientos a la comunidad.<\/p>\n<p>&nbsp;<\/p>\n<p><em><strong>\u201cSiento adem\u00e1s que tambi\u00e9n en este v\u00ednculo arrojar\u00e1 m\u00faltiples beneficios a la gente de este sector, adem\u00e1s de que la motivamos a que se acerque para de esa forma darle la ayuda y orientaci\u00f3n que necesite<\/strong><\/em>\u201d, reiter\u00f3.<\/p>\n<p>&nbsp;<\/p>\n<p>&nbsp;<\/p>\n<p>PUBLICADO EL 21\/OCTUBRE DE 2022)<\/p>\n","protected":false},"excerpt":{"rendered":"<p>HERMOSILLO, SONORA. MX.\u2014 Con pleno sentido de pertinencia, motivaci\u00f3n e identificaci\u00f3n social, la Universidad de&#8230;<\/p>\n","protected":false},"author":1,"featured_media":149953,"comment_status":"open","ping_status":"open","sticky":false,"template":"","format":"standard","meta":{"_monsterinsights_skip_tracking":false,"_monsterinsights_sitenote_active":false,"_monsterinsights_sitenote_note":"","_monsterinsights_sitenote_category":0,"footnotes":""},"categories":[22],"tags":[],"class_list":["post"],"yoast_head":" \n<title>Sonora en Equipo. Lleva muy positivos beneficios la Brigada Comunitaria al H\u00e1bitat Solidaridad Sonora<\/title>\n<meta name=\"description\" content=\"HERMOSILLO, SONORA. MX.\u2014 Con pleno sentido de pertinencia, motivaci\u00f3n e identificaci\u00f3n social, la Universidad de Sonora desarroll\u00f3 este d\u00eda en el Centro En Sonora en Equipo publicamos toda la informaci\u00f3n de Sonora, M\u00e9xico y el Mundo de manera oportuna y busca que la libertad de expresi\u00f3n sea real. Visita nuestro medio informativo publicado desde Hermosillo, Sonora. %\" \/>\n<meta name=\"robots\" content=\"index, follow, max-snippet:-1, max-image-preview:large, max-video-preview:-1\" \/>\n<link rel=\"canonical\" href=\"https:\/\/www.sonoraenequipo.com.mx\/lleva-muy-positivos-beneficios-la-brigada-comunitaria-al-habitat-solidaridad\/\" \/>\n<meta property=\"og:locale\" content=\"es_ES\" \/>\n<meta property=\"og:type\" content=\"article\" \/>\n<meta property=\"og:title\" content=\"Sonora en Equipo. Lleva muy positivos beneficios la Brigada Comunitaria al H\u00e1bitat Solidaridad Sonora\" \/>\n<meta property=\"og:description\" content=\"HERMOSILLO, SONORA. MX.\u2014 Con pleno sentido de pertinencia, motivaci\u00f3n e identificaci\u00f3n social, la Universidad de Sonora desarroll\u00f3 este d\u00eda en el Centro En Sonora en Equipo publicamos toda la informaci\u00f3n de Sonora, M\u00e9xico y el Mundo de manera oportuna y busca que la libertad de expresi\u00f3n sea real. Visita nuestro medio informativo publicado desde Hermosillo, Sonora. %\" \/>\n<meta property=\"og:url\" content=\"https:\/\/www.sonoraenequipo.com.mx\/lleva-muy-positivos-beneficios-la-brigada-comunitaria-al-habitat-solidaridad\/\" \/>\n<meta property=\"og:site_name\" content=\"Sonora en Equipo.\" \/>\n<meta property=\"article:publisher\" content=\"https:\/\/www.facebook.com\/SonoraEE\/\" \/>\n<meta property=\"article:author\" content=\"https:\/\/www.facebook.com\/SonoraEE\" \/>\n<meta property=\"article:published_time\" content=\"2022-10-22T05:45:55+00:00\" \/>\n<meta property=\"article:modified_time\" content=\"2022-10-22T20:03:43+00:00\" \/>\n<meta property=\"og:image\" content=\"https:\/\/www.sonoraenequipo.com.mx\/storage\/2022\/10\/brigadas-comunitarias-unison.jpg\" \/>\n\t<meta property=\"og:image:width\" content=\"900\" \/>\n\t<meta property=\"og:image:height\" content=\"514\" \/>\n\t<meta property=\"og:image:type\" content=\"image\/jpeg\" \/>\n<meta name=\"author\" content=\"enequipo\" \/>\n<meta name=\"twitter:card\" content=\"summary_large_image\" \/>\n<meta name=\"twitter:creator\" content=\"@sonoraenequipo\" \/>\n<meta name=\"twitter:site\" content=\"@sonoraenequipo\" \/>\n<meta name=\"twitter:label1\" content=\"Escrito por\" \/>\n\t<meta name=\"twitter:data1\" content=\"enequipo\" \/>\n\t<meta name=\"twitter:label2\" content=\"Tiempo de lectura\" \/>\n\t<meta name=\"twitter:data2\" content=\"3 minutos\" \/>\n<script type=\"application\/ld+json\" class=\"yoast-schema-graph\">{\"@context\":\"https:\/\/schema.org\",\"@graph\":[{\"@type\":\"Article\",\"@id\":\"https:\/\/www.sonoraenequipo.com.mx\/lleva-muy-positivos-beneficios-la-brigada-comunitaria-al-habitat-solidaridad\/#article\",\"isPartOf\":{\"@id\":\"https:\/\/www.sonoraenequipo.com.mx\/lleva-muy-positivos-beneficios-la-brigada-comunitaria-al-habitat-solidaridad\/\"},\"author\":{\"name\":\"enequipo\",\"@id\":\"https:\/\/www.sonoraenequipo.com.mx\/#\/schema\/person\/50102df0fb23a8fa9e8effad8fa81386\"},\"headline\":\"Lleva muy positivos beneficios la Brigada Comunitaria al H\u00e1bitat Solidaridad\",\"datePublished\":\"2022-10-22T05:45:55+00:00\",\"dateModified\":\"2022-10-22T20:03:43+00:00\",\"mainEntityOfPage\":{\"@id\":\"https:\/\/www.sonoraenequipo.com.mx\/lleva-muy-positivos-beneficios-la-brigada-comunitaria-al-habitat-solidaridad\/\"},\"wordCount\":636,\"commentCount\":0,\"publisher\":{\"@id\":\"https:\/\/www.sonoraenequipo.com.mx\/#organization\"},\"image\":{\"@id\":\"https:\/\/www.sonoraenequipo.com.mx\/lleva-muy-positivos-beneficios-la-brigada-comunitaria-al-habitat-solidaridad\/#primaryimage\"},\"thumbnailUrl\":\"https:\/\/www.sonoraenequipo.com.mx\/storage\/2022\/10\/brigadas-comunitarias-unison.jpg\",\"articleSection\":[\"Sonora\"],\"inLanguage\":\"es\",\"potentialAction\":[{\"@type\":\"CommentAction\",\"name\":\"Comment\",\"target\":[\"https:\/\/www.sonoraenequipo.com.mx\/lleva-muy-positivos-beneficios-la-brigada-comunitaria-al-habitat-solidaridad\/#respond\"]}]},{\"@type\":\"WebPage\",\"@id\":\"https:\/\/www.sonoraenequipo.com.mx\/lleva-muy-positivos-beneficios-la-brigada-comunitaria-al-habitat-solidaridad\/\",\"url\":\"https:\/\/www.sonoraenequipo.com.mx\/lleva-muy-positivos-beneficios-la-brigada-comunitaria-al-habitat-solidaridad\/\",\"name\":\"Sonora en Equipo. Lleva muy positivos beneficios la Brigada Comunitaria al H\u00e1bitat Solidaridad Sonora\",\"isPartOf\":{\"@id\":\"https:\/\/www.sonoraenequipo.com.mx\/#website\"},\"primaryImageOfPage\":{\"@id\":\"https:\/\/www.sonoraenequipo.com.mx\/lleva-muy-positivos-beneficios-la-brigada-comunitaria-al-habitat-solidaridad\/#primaryimage\"},\"image\":{\"@id\":\"https:\/\/www.sonoraenequipo.com.mx\/lleva-muy-positivos-beneficios-la-brigada-comunitaria-al-habitat-solidaridad\/#primaryimage\"},\"thumbnailUrl\":\"https:\/\/www.sonoraenequipo.com.mx\/storage\/2022\/10\/brigadas-comunitarias-unison.jpg\",\"datePublished\":\"2022-10-22T05:45:55+00:00\",\"dateModified\":\"2022-10-22T20:03:43+00:00\",\"description\":\"HERMOSILLO, SONORA. MX.\u2014 Con pleno sentido de pertinencia, motivaci\u00f3n e identificaci\u00f3n social, la Universidad de Sonora desarroll\u00f3 este d\u00eda en el Centro En Sonora en Equipo publicamos toda la informaci\u00f3n de Sonora, M\u00e9xico y el Mundo de manera oportuna y busca que la libertad de expresi\u00f3n sea real. Visita nuestro medio informativo publicado desde Hermosillo, Sonora. %\",\"breadcrumb\":{\"@id\":\"https:\/\/www.sonoraenequipo.com.mx\/lleva-muy-positivos-beneficios-la-brigada-comunitaria-al-habitat-solidaridad\/#breadcrumb\"},\"inLanguage\":\"es\",\"potentialAction\":[{\"@type\":\"ReadAction\",\"target\":[\"https:\/\/www.sonoraenequipo.com.mx\/lleva-muy-positivos-beneficios-la-brigada-comunitaria-al-habitat-solidaridad\/\"]}]},{\"@type\":\"ImageObject\",\"inLanguage\":\"es\",\"@id\":\"https:\/\/www.sonoraenequipo.com.mx\/lleva-muy-positivos-beneficios-la-brigada-comunitaria-al-habitat-solidaridad\/#primaryimage\",\"url\":\"https:\/\/www.sonoraenequipo.com.mx\/storage\/2022\/10\/brigadas-comunitarias-unison.jpg\",\"contentUrl\":\"https:\/\/www.sonoraenequipo.com.mx\/storage\/2022\/10\/brigadas-comunitarias-unison.jpg\",\"width\":900,\"height\":514},{\"@type\":\"BreadcrumbList\",\"@id\":\"https:\/\/www.sonoraenequipo.com.mx\/lleva-muy-positivos-beneficios-la-brigada-comunitaria-al-habitat-solidaridad\/#breadcrumb\",\"itemListElement\":[{\"@type\":\"ListItem\",\"position\":1,\"name\":\"Portada\",\"item\":\"https:\/\/www.sonoraenequipo.com.mx\/\"},{\"@type\":\"ListItem\",\"position\":2,\"name\":\"Lleva muy positivos beneficios la Brigada Comunitaria al H\u00e1bitat Solidaridad\"}]},{\"@type\":\"WebSite\",\"@id\":\"https:\/\/www.sonoraenequipo.com.mx\/#website\",\"url\":\"https:\/\/www.sonoraenequipo.com.mx\/\",\"name\":\"Sonora en Equipo.\",\"description\":\"Diario en l\u00ednea con Noticias desde Hermosillo, Sonora\",\"publisher\":{\"@id\":\"https:\/\/www.sonoraenequipo.com.mx\/#organization\"},\"potentialAction\":[{\"@type\":\"SearchAction\",\"target\":{\"@type\":\"EntryPoint\",\"urlTemplate\":\"https:\/\/www.sonoraenequipo.com.mx\/?s={search_term_string}\"},\"query-input\":{\"@type\":\"PropertyValueSpecification\",\"valueRequired\":true,\"valueName\":\"search_term_string\"}}],\"inLanguage\":\"es\"},{\"@type\":\"Organization\",\"@id\":\"https:\/\/www.sonoraenequipo.com.mx\/#organization\",\"name\":\"Sonoraenequipo.com.mx\",\"url\":\"https:\/\/www.sonoraenequipo.com.mx\/\",\"logo\":{\"@type\":\"ImageObject\",\"inLanguage\":\"es\",\"@id\":\"https:\/\/www.sonoraenequipo.com.mx\/#\/schema\/logo\/image\/\",\"url\":\"https:\/\/www.sonoraenequipo.com.mx\/storage\/2019\/01\/sonoraenequipo_opt.png\",\"contentUrl\":\"https:\/\/www.sonoraenequipo.com.mx\/storage\/2019\/01\/sonoraenequipo_opt.png\",\"width\":375,\"height\":125,\"caption\":\"Sonoraenequipo.com.mx\"},\"image\":{\"@id\":\"https:\/\/www.sonoraenequipo.com.mx\/#\/schema\/logo\/image\/\"},\"sameAs\":[\"https:\/\/www.facebook.com\/SonoraEE\/\",\"https:\/\/x.com\/sonoraenequipo\",\"https:\/\/www.youtube.com\/channel\/UC338nW-lPEYmJQs4ZABQ1SQ\"]},{\"@type\":\"Person\",\"@id\":\"https:\/\/www.sonoraenequipo.com.mx\/#\/schema\/person\/50102df0fb23a8fa9e8effad8fa81386\",\"name\":\"enequipo\",\"image\":{\"@type\":\"ImageObject\",\"inLanguage\":\"es\",\"@id\":\"https:\/\/www.sonoraenequipo.com.mx\/#\/schema\/person\/image\/\",\"url\":\"https:\/\/secure.gravatar.com\/avatar\/049821681b589dabc0bc20695993ccebb09f5b5d4d790cd9251b97faac7c652b?s=96&d=blank&r=g\",\"contentUrl\":\"https:\/\/secure.gravatar.com\/avatar\/049821681b589dabc0bc20695993ccebb09f5b5d4d790cd9251b97faac7c652b?s=96&d=blank&r=g\",\"caption\":\"enequipo\"},\"sameAs\":[\"https:\/\/www.facebook.com\/SonoraEE\"]}]}<\/script>\n ","yoast_head_json":{"title":"Sonora en Equipo. Lleva muy positivos beneficios la Brigada Comunitaria al H\u00e1bitat Solidaridad Sonora","description":"HERMOSILLO, SONORA. MX.\u2014 Con pleno sentido de pertinencia, motivaci\u00f3n e identificaci\u00f3n social, la Universidad de Sonora desarroll\u00f3 este d\u00eda en el Centro En Sonora en Equipo publicamos toda la informaci\u00f3n de Sonora, M\u00e9xico y el Mundo de manera oportuna y busca que la libertad de expresi\u00f3n sea real. Visita nuestro medio informativo publicado desde Hermosillo, Sonora. %","robots":{"index":"index","follow":"follow","max-snippet":"max-snippet:-1","max-image-preview":"max-image-preview:large","max-video-preview":"max-video-preview:-1"},"canonical":"https:\/\/www.sonoraenequipo.com.mx\/lleva-muy-positivos-beneficios-la-brigada-comunitaria-al-habitat-solidaridad\/","og_locale":"es_ES","og_type":"article","og_title":"Sonora en Equipo. Lleva muy positivos beneficios la Brigada Comunitaria al H\u00e1bitat Solidaridad Sonora","og_description":"HERMOSILLO, SONORA. MX.\u2014 Con pleno sentido de pertinencia, motivaci\u00f3n e identificaci\u00f3n social, la Universidad de Sonora desarroll\u00f3 este d\u00eda en el Centro En Sonora en Equipo publicamos toda la informaci\u00f3n de Sonora, M\u00e9xico y el Mundo de manera oportuna y busca que la libertad de expresi\u00f3n sea real. Visita nuestro medio informativo publicado desde Hermosillo, Sonora. %","og_url":"https:\/\/www.sonoraenequipo.com.mx\/lleva-muy-positivos-beneficios-la-brigada-comunitaria-al-habitat-solidaridad\/","og_site_name":"Sonora en Equipo.","article_publisher":"https:\/\/www.facebook.com\/SonoraEE\/","article_author":"https:\/\/www.facebook.com\/SonoraEE","article_published_time":"2022-10-22T05:45:55+00:00","article_modified_time":"2022-10-22T20:03:43+00:00","og_image":[{"width":900,"height":514,"url":"https:\/\/www.sonoraenequipo.com.mx\/storage\/2022\/10\/brigadas-comunitarias-unison.jpg","type":"image\/jpeg"}],"author":"enequipo","twitter_card":"summary_large_image","twitter_creator":"@sonoraenequipo","twitter_site":"@sonoraenequipo","twitter_misc":{"Escrito por":"enequipo","Tiempo de lectura":"3 minutos"},"schema":{"@context":"https:\/\/schema.org","@graph":[{"@type":"Article","@id":"https:\/\/www.sonoraenequipo.com.mx\/lleva-muy-positivos-beneficios-la-brigada-comunitaria-al-habitat-solidaridad\/#article","isPartOf":{"@id":"https:\/\/www.sonoraenequipo.com.mx\/lleva-muy-positivos-beneficios-la-brigada-comunitaria-al-habitat-solidaridad\/"},"author":{"name":"enequipo","@id":"https:\/\/www.sonoraenequipo.com.mx\/#\/schema\/person\/50102df0fb23a8fa9e8effad8fa81386"},"headline":"Lleva muy positivos beneficios la Brigada Comunitaria al H\u00e1bitat Solidaridad","datePublished":"2022-10-22T05:45:55+00:00","dateModified":"2022-10-22T20:03:43+00:00","mainEntityOfPage":{"@id":"https:\/\/www.sonoraenequipo.com.mx\/lleva-muy-positivos-beneficios-la-brigada-comunitaria-al-habitat-solidaridad\/"},"wordCount":636,"commentCount":0,"publisher":{"@id":"https:\/\/www.sonoraenequipo.com.mx\/#organization"},"image":{"@id":"https:\/\/www.sonoraenequipo.com.mx\/lleva-muy-positivos-beneficios-la-brigada-comunitaria-al-habitat-solidaridad\/#primaryimage"},"thumbnailUrl":"https:\/\/www.sonoraenequipo.com.mx\/storage\/2022\/10\/brigadas-comunitarias-unison.jpg","articleSection":["Sonora"],"inLanguage":"es","potentialAction":[{"@type":"CommentAction","name":"Comment","target":["https:\/\/www.sonoraenequipo.com.mx\/lleva-muy-positivos-beneficios-la-brigada-comunitaria-al-habitat-solidaridad\/#respond"]}]},{"@type":"WebPage","@id":"https:\/\/www.sonoraenequipo.com.mx\/lleva-muy-positivos-beneficios-la-brigada-comunitaria-al-habitat-solidaridad\/","url":"https:\/\/www.sonoraenequipo.com.mx\/lleva-muy-positivos-beneficios-la-brigada-comunitaria-al-habitat-solidaridad\/","name":"Sonora en Equipo. Lleva muy positivos beneficios la Brigada Comunitaria al H\u00e1bitat Solidaridad Sonora","isPartOf":{"@id":"https:\/\/www.sonoraenequipo.com.mx\/#website"},"primaryImageOfPage":{"@id":"https:\/\/www.sonoraenequipo.com.mx\/lleva-muy-positivos-beneficios-la-brigada-comunitaria-al-habitat-solidaridad\/#primaryimage"},"image":{"@id":"https:\/\/www.sonoraenequipo.com.mx\/lleva-muy-positivos-beneficios-la-brigada-comunitaria-al-habitat-solidaridad\/#primaryimage"},"thumbnailUrl":"https:\/\/www.sonoraenequipo.com.mx\/storage\/2022\/10\/brigadas-comunitarias-unison.jpg","datePublished":"2022-10-22T05:45:55+00:00","dateModified":"2022-10-22T20:03:43+00:00","description":"HERMOSILLO, SONORA. MX.\u2014 Con pleno sentido de pertinencia, motivaci\u00f3n e identificaci\u00f3n social, la Universidad de Sonora desarroll\u00f3 este d\u00eda en el Centro En Sonora en Equipo publicamos toda la informaci\u00f3n de Sonora, M\u00e9xico y el Mundo de manera oportuna y busca que la libertad de expresi\u00f3n sea real. Visita nuestro medio informativo publicado desde Hermosillo, Sonora. %","breadcrumb":{"@id":"https:\/\/www.sonoraenequipo.com.mx\/lleva-muy-positivos-beneficios-la-brigada-comunitaria-al-habitat-solidaridad\/#breadcrumb"},"inLanguage":"es","potentialAction":[{"@type":"ReadAction","target":["https:\/\/www.sonoraenequipo.com.mx\/lleva-muy-positivos-beneficios-la-brigada-comunitaria-al-habitat-solidaridad\/"]}]},{"@type":"ImageObject","inLanguage":"es","@id":"https:\/\/www.sonoraenequipo.com.mx\/lleva-muy-positivos-beneficios-la-brigada-comunitaria-al-habitat-solidaridad\/#primaryimage","url":"https:\/\/www.sonoraenequipo.com.mx\/storage\/2022\/10\/brigadas-comunitarias-unison.jpg","contentUrl":"https:\/\/www.sonoraenequipo.com.mx\/storage\/2022\/10\/brigadas-comunitarias-unison.jpg","width":900,"height":514},{"@type":"BreadcrumbList","@id":"https:\/\/www.sonoraenequipo.com.mx\/lleva-muy-positivos-beneficios-la-brigada-comunitaria-al-habitat-solidaridad\/#breadcrumb","itemListElement":[{"@type":"ListItem","position":1,"name":"Portada","item":"https:\/\/www.sonoraenequipo.com.mx\/"},{"@type":"ListItem","position":2,"name":"Lleva muy positivos beneficios la Brigada Comunitaria al H\u00e1bitat Solidaridad"}]},{"@type":"WebSite","@id":"https:\/\/www.sonoraenequipo.com.mx\/#website","url":"https:\/\/www.sonoraenequipo.com.mx\/","name":"Sonora en Equipo.","description":"Diario en l\u00ednea con Noticias desde Hermosillo, Sonora","publisher":{"@id":"https:\/\/www.sonoraenequipo.com.mx\/#organization"},"potentialAction":[{"@type":"SearchAction","target":{"@type":"EntryPoint","urlTemplate":"https:\/\/www.sonoraenequipo.com.mx\/?s={search_term_string}"},"query-input":{"@type":"PropertyValueSpecification","valueRequired":true,"valueName":"search_term_string"}}],"inLanguage":"es"},{"@type":"Organization","@id":"https:\/\/www.sonoraenequipo.com.mx\/#organization","name":"Sonoraenequipo.com.mx","url":"https:\/\/www.sonoraenequipo.com.mx\/","logo":{"@type":"ImageObject","inLanguage":"es","@id":"https:\/\/www.sonoraenequipo.com.mx\/#\/schema\/logo\/image\/","url":"https:\/\/www.sonoraenequipo.com.mx\/storage\/2019\/01\/sonoraenequipo_opt.png","contentUrl":"https:\/\/www.sonoraenequipo.com.mx\/storage\/2019\/01\/sonoraenequipo_opt.png","width":375,"height":125,"caption":"Sonoraenequipo.com.mx"},"image":{"@id":"https:\/\/www.sonoraenequipo.com.mx\/#\/schema\/logo\/image\/"},"sameAs":["https:\/\/www.facebook.com\/SonoraEE\/","https:\/\/x.com\/sonoraenequipo","https:\/\/www.youtube.com\/channel\/UC338nW-lPEYmJQs4ZABQ1SQ"]},{"@type":"Person","@id":"https:\/\/www.sonoraenequipo.com.mx\/#\/schema\/person\/50102df0fb23a8fa9e8effad8fa81386","name":"enequipo","image":{"@type":"ImageObject","inLanguage":"es","@id":"https:\/\/www.sonoraenequipo.com.mx\/#\/schema\/person\/image\/","url":"https:\/\/secure.gravatar.com\/avatar\/049821681b589dabc0bc20695993ccebb09f5b5d4d790cd9251b97faac7c652b?s=96&d=blank&r=g","contentUrl":"https:\/\/secure.gravatar.com\/avatar\/049821681b589dabc0bc20695993ccebb09f5b5d4d790cd9251b97faac7c652b?s=96&d=blank&r=g","caption":"enequipo"},"sameAs":["https:\/\/www.facebook.com\/SonoraEE"]}]}},"jetpack_featured_media_url":"https:\/\/www.sonoraenequipo.com.mx\/storage\/2022\/10\/brigadas-comunitarias-unison.jpg","_links":{"self":[{"href":"https:\/\/www.sonoraenequipo.com.mx\/api\/wp\/v2\/posts\/149950","targetHints":{"allow":["GET"]}}],"collection":[{"href":"https:\/\/www.sonoraenequipo.com.mx\/api\/wp\/v2\/posts"}],"about":[{"href":"https:\/\/www.sonoraenequipo.com.mx\/api\/wp\/v2\/types\/post"}],"author":[{"embeddable":true,"href":"https:\/\/www.sonoraenequipo.com.mx\/api\/wp\/v2\/users\/1"}],"replies":[{"embeddable":true,"href":"https:\/\/www.sonoraenequipo.com.mx\/api\/wp\/v2\/comments?post=149950"}],"version-history":[{"count":2,"href":"https:\/\/www.sonoraenequipo.com.mx\/api\/wp\/v2\/posts\/149950\/revisions"}],"predecessor-version":[{"id":149955,"href":"https:\/\/www.sonoraenequipo.com.mx\/api\/wp\/v2\/posts\/149950\/revisions\/149955"}],"wp:featuredmedia":[{"embeddable":true,"href":"https:\/\/www.sonoraenequipo.com.mx\/api\/wp\/v2\/media\/149953"}],"wp:attachment":[{"href":"https:\/\/www.sonoraenequipo.com.mx\/api\/wp\/v2\/media?parent=149950"}],"wp:term":[{"taxonomy":"category","embeddable":true,"href":"https:\/\/www.sonoraenequipo.com.mx\/api\/wp\/v2\/categories?post=149950"},{"taxonomy":"post_tag","embeddable":true,"href":"https:\/\/www.sonoraenequipo.com.mx\/api\/wp\/v2\/tags?post=149950"}],"curies":[{"name":"wp","href":"https:\/\/api.w.org\/{rel}","templated":true}]}}