{"id":149956,"date":"2022-10-22T12:02:48","date_gmt":"2022-10-22T19:02:48","guid":{"rendered":"https:\/\/www.sonoraenequipo.com.mx\/?p=149956"},"modified":"2022-10-22T12:02:48","modified_gmt":"2022-10-22T19:02:48","slug":"incrementa-circulacion-de-unidades-en-hermosillo-instituto-de-movilidad-y-transporte","status":"publish","type":"post","link":"https:\/\/www.sonoraenequipo.com.mx\/incrementa-circulacion-de-unidades-en-hermosillo-instituto-de-movilidad-y-transporte\/","title":{"rendered":"Incrementa circulaci\u00f3n de unidades en Hermosillo: Instituto de Movilidad y Transporte"},"content":{"rendered":"<p><strong>HERMOSILLO, SONORA,MX.<\/strong><strong>\u2500\u2500<\/strong> Brindar alternativas de movilidad dignas a las y los sonorenses es la principal funci\u00f3n del Instituto de Movilidad y Transporte para el Estado de Sonora (IMTES); por lo cual desde el pasado 18 de octubre se increment\u00f3 el n\u00famero de unidades de transporte p\u00fablico en circulaci\u00f3n en la capital del estado, llegando a 315, inform\u00f3 Lirio Del Castillo Salazar.<\/p>\n<p>&nbsp;<\/p>\n<p>La titular del Imtes explic\u00f3 que a finales de este mes se espera la integraci\u00f3n de otras 15 unidades a la flota capitalina, hasta llegar a las 350; esto es posible por las acciones conjuntas entre el instituto y las empresas que operan el servicio en la ciudad, Administraci\u00f3n Corporativa y Movilidad Integral.<\/p>\n<p>&nbsp;<\/p>\n<p>En este sentido, destac\u00f3 que se han solventado las fallas en la aplicaci\u00f3n UNE Transporte, misma que ha recibido mejoras como un nuevo cat\u00e1logo de colores que ayuda a verificar la permanencia en ruta de las unidades y su disponibilidad.<\/p>\n<p>&nbsp;<\/p>\n<p>Del mismo modo, reiter\u00f3 que la seguridad de las personas usuarias es prioritaria, por lo que se busca homogenizar la imagen de los diversos sistemas de transporte regulados por el instituto, lo que permitir\u00e1 reconocer m\u00e1s f\u00e1cilmente a los prestadores de servicio en la entidad.<\/p>\n<p>&nbsp;<\/p>\n<p>La funcionaria estatal invit\u00f3 a las y los usuarios a utilizar la credencial de prepago para acceder a los beneficios del sistema, como descuentos para estudiantes, personas con discapacidad y de la tercera edad, as\u00ed como al transbordo gratuito que ya opera en Hermosillo y, pr\u00f3ximamente, entrar\u00e1 en operaci\u00f3n en Navojoa.<\/p>\n<p>&nbsp;<\/p>\n<p>Finalmente, Del Castillo insisti\u00f3 en la pol\u00edtica de cero tolerancia a los actos de acoso y violencia en el transporte p\u00fablico que incluye las acciones de los operadores del volante, por lo que se trabaja de la mano con empresas concesionarias para brindar capacitaciones al personal y ofrecer una atenci\u00f3n digna a las personas usuarias.<\/p>\n<p>&nbsp;<\/p>\n<p>Llam\u00f3 a la ciudadan\u00eda a reportar cualquier incidente a las l\u00edneas directas de atenci\u00f3n, en WhatsApp en el 6621 04 77 55 y a la l\u00ednea sin costo 800 71 71 110.<\/p>\n<p><strong><u>Fecha de publicaci\u00f3n s\u00e1bado 22 de octubre de 2022<\/u><\/strong><\/p>\n<p>&nbsp;<\/p>\n","protected":false},"excerpt":{"rendered":"<p>HERMOSILLO, SONORA,MX.\u2500\u2500 Brindar alternativas de movilidad dignas a las y los sonorenses es la principal&#8230;<\/p>\n","protected":false},"author":1,"featured_media":149957,"comment_status":"open","ping_status":"open","sticky":false,"template":"","format":"standard","meta":{"_monsterinsights_skip_tracking":false,"_monsterinsights_sitenote_active":false,"_monsterinsights_sitenote_note":"","_monsterinsights_sitenote_category":0,"footnotes":""},"categories":[22],"tags":[7683,74,15],"class_list":["post"],"yoast_head":" \n<title>Sonora en Equipo. Incrementa circulaci\u00f3n de unidades en Hermosillo: Instituto de Movilidad y Transporte Sonora<\/title>\n<meta name=\"description\" content=\"HERMOSILLO, SONORA,MX.\u2500\u2500 Brindar alternativas de movilidad dignas a las y los sonorenses es la principal funci\u00f3n del Instituto de Movilidad y Transporte En Sonora en Equipo publicamos toda la informaci\u00f3n de Sonora, M\u00e9xico y el Mundo de manera oportuna y busca que la libertad de expresi\u00f3n sea real. Visita nuestro medio informativo publicado desde Hermosillo, Sonora. %\" \/>\n<meta name=\"robots\" content=\"index, follow, max-snippet:-1, max-image-preview:large, max-video-preview:-1\" \/>\n<link rel=\"canonical\" href=\"https:\/\/www.sonoraenequipo.com.mx\/incrementa-circulacion-de-unidades-en-hermosillo-instituto-de-movilidad-y-transporte\/\" \/>\n<meta property=\"og:locale\" content=\"es_ES\" \/>\n<meta property=\"og:type\" content=\"article\" \/>\n<meta property=\"og:title\" content=\"Sonora en Equipo. Incrementa circulaci\u00f3n de unidades en Hermosillo: Instituto de Movilidad y Transporte Sonora\" \/>\n<meta property=\"og:description\" content=\"HERMOSILLO, SONORA,MX.\u2500\u2500 Brindar alternativas de movilidad dignas a las y los sonorenses es la principal funci\u00f3n del Instituto de Movilidad y Transporte En Sonora en Equipo publicamos toda la informaci\u00f3n de Sonora, M\u00e9xico y el Mundo de manera oportuna y busca que la libertad de expresi\u00f3n sea real. Visita nuestro medio informativo publicado desde Hermosillo, Sonora. %\" \/>\n<meta property=\"og:url\" content=\"https:\/\/www.sonoraenequipo.com.mx\/incrementa-circulacion-de-unidades-en-hermosillo-instituto-de-movilidad-y-transporte\/\" \/>\n<meta property=\"og:site_name\" content=\"Sonora en Equipo.\" \/>\n<meta property=\"article:publisher\" content=\"https:\/\/www.facebook.com\/SonoraEE\/\" \/>\n<meta property=\"article:author\" content=\"https:\/\/www.facebook.com\/SonoraEE\" \/>\n<meta property=\"article:published_time\" content=\"2022-10-22T19:02:48+00:00\" \/>\n<meta property=\"og:image\" content=\"https:\/\/www.sonoraenequipo.com.mx\/storage\/2022\/10\/camiones-hmo.jpg\" \/>\n\t<meta property=\"og:image:width\" content=\"700\" \/>\n\t<meta property=\"og:image:height\" content=\"525\" \/>\n\t<meta property=\"og:image:type\" content=\"image\/jpeg\" \/>\n<meta name=\"author\" content=\"enequipo\" \/>\n<meta name=\"twitter:card\" content=\"summary_large_image\" \/>\n<meta name=\"twitter:creator\" content=\"@sonoraenequipo\" \/>\n<meta name=\"twitter:site\" content=\"@sonoraenequipo\" \/>\n<meta name=\"twitter:label1\" content=\"Escrito por\" \/>\n\t<meta name=\"twitter:data1\" content=\"enequipo\" \/>\n\t<meta name=\"twitter:label2\" content=\"Tiempo de lectura\" \/>\n\t<meta name=\"twitter:data2\" content=\"2 minutos\" \/>\n<script type=\"application\/ld+json\" class=\"yoast-schema-graph\">{\"@context\":\"https:\/\/schema.org\",\"@graph\":[{\"@type\":\"Article\",\"@id\":\"https:\/\/www.sonoraenequipo.com.mx\/incrementa-circulacion-de-unidades-en-hermosillo-instituto-de-movilidad-y-transporte\/#article\",\"isPartOf\":{\"@id\":\"https:\/\/www.sonoraenequipo.com.mx\/incrementa-circulacion-de-unidades-en-hermosillo-instituto-de-movilidad-y-transporte\/\"},\"author\":{\"name\":\"enequipo\",\"@id\":\"https:\/\/www.sonoraenequipo.com.mx\/#\/schema\/person\/50102df0fb23a8fa9e8effad8fa81386\"},\"headline\":\"Incrementa circulaci\u00f3n de unidades en Hermosillo: Instituto de Movilidad y Transporte\",\"datePublished\":\"2022-10-22T19:02:48+00:00\",\"mainEntityOfPage\":{\"@id\":\"https:\/\/www.sonoraenequipo.com.mx\/incrementa-circulacion-de-unidades-en-hermosillo-instituto-de-movilidad-y-transporte\/\"},\"wordCount\":373,\"commentCount\":0,\"publisher\":{\"@id\":\"https:\/\/www.sonoraenequipo.com.mx\/#organization\"},\"image\":{\"@id\":\"https:\/\/www.sonoraenequipo.com.mx\/incrementa-circulacion-de-unidades-en-hermosillo-instituto-de-movilidad-y-transporte\/#primaryimage\"},\"thumbnailUrl\":\"https:\/\/www.sonoraenequipo.com.mx\/storage\/2022\/10\/camiones-hmo.jpg\",\"keywords\":[\"alergias\",\"salud\",\"Sonora\"],\"articleSection\":[\"Sonora\"],\"inLanguage\":\"es\",\"potentialAction\":[{\"@type\":\"CommentAction\",\"name\":\"Comment\",\"target\":[\"https:\/\/www.sonoraenequipo.com.mx\/incrementa-circulacion-de-unidades-en-hermosillo-instituto-de-movilidad-y-transporte\/#respond\"]}]},{\"@type\":\"WebPage\",\"@id\":\"https:\/\/www.sonoraenequipo.com.mx\/incrementa-circulacion-de-unidades-en-hermosillo-instituto-de-movilidad-y-transporte\/\",\"url\":\"https:\/\/www.sonoraenequipo.com.mx\/incrementa-circulacion-de-unidades-en-hermosillo-instituto-de-movilidad-y-transporte\/\",\"name\":\"Sonora en Equipo. Incrementa circulaci\u00f3n de unidades en Hermosillo: Instituto de Movilidad y Transporte Sonora\",\"isPartOf\":{\"@id\":\"https:\/\/www.sonoraenequipo.com.mx\/#website\"},\"primaryImageOfPage\":{\"@id\":\"https:\/\/www.sonoraenequipo.com.mx\/incrementa-circulacion-de-unidades-en-hermosillo-instituto-de-movilidad-y-transporte\/#primaryimage\"},\"image\":{\"@id\":\"https:\/\/www.sonoraenequipo.com.mx\/incrementa-circulacion-de-unidades-en-hermosillo-instituto-de-movilidad-y-transporte\/#primaryimage\"},\"thumbnailUrl\":\"https:\/\/www.sonoraenequipo.com.mx\/storage\/2022\/10\/camiones-hmo.jpg\",\"datePublished\":\"2022-10-22T19:02:48+00:00\",\"description\":\"HERMOSILLO, SONORA,MX.\u2500\u2500 Brindar alternativas de movilidad dignas a las y los sonorenses es la principal funci\u00f3n del Instituto de Movilidad y Transporte En Sonora en Equipo publicamos toda la informaci\u00f3n de Sonora, M\u00e9xico y el Mundo de manera oportuna y busca que la libertad de expresi\u00f3n sea real. Visita nuestro medio informativo publicado desde Hermosillo, Sonora. %\",\"breadcrumb\":{\"@id\":\"https:\/\/www.sonoraenequipo.com.mx\/incrementa-circulacion-de-unidades-en-hermosillo-instituto-de-movilidad-y-transporte\/#breadcrumb\"},\"inLanguage\":\"es\",\"potentialAction\":[{\"@type\":\"ReadAction\",\"target\":[\"https:\/\/www.sonoraenequipo.com.mx\/incrementa-circulacion-de-unidades-en-hermosillo-instituto-de-movilidad-y-transporte\/\"]}]},{\"@type\":\"ImageObject\",\"inLanguage\":\"es\",\"@id\":\"https:\/\/www.sonoraenequipo.com.mx\/incrementa-circulacion-de-unidades-en-hermosillo-instituto-de-movilidad-y-transporte\/#primaryimage\",\"url\":\"https:\/\/www.sonoraenequipo.com.mx\/storage\/2022\/10\/camiones-hmo.jpg\",\"contentUrl\":\"https:\/\/www.sonoraenequipo.com.mx\/storage\/2022\/10\/camiones-hmo.jpg\",\"width\":700,\"height\":525},{\"@type\":\"BreadcrumbList\",\"@id\":\"https:\/\/www.sonoraenequipo.com.mx\/incrementa-circulacion-de-unidades-en-hermosillo-instituto-de-movilidad-y-transporte\/#breadcrumb\",\"itemListElement\":[{\"@type\":\"ListItem\",\"position\":1,\"name\":\"Portada\",\"item\":\"https:\/\/www.sonoraenequipo.com.mx\/\"},{\"@type\":\"ListItem\",\"position\":2,\"name\":\"Incrementa circulaci\u00f3n de unidades en Hermosillo: Instituto de Movilidad y Transporte\"}]},{\"@type\":\"WebSite\",\"@id\":\"https:\/\/www.sonoraenequipo.com.mx\/#website\",\"url\":\"https:\/\/www.sonoraenequipo.com.mx\/\",\"name\":\"Sonora en Equipo.\",\"description\":\"Diario en l\u00ednea con Noticias desde Hermosillo, Sonora\",\"publisher\":{\"@id\":\"https:\/\/www.sonoraenequipo.com.mx\/#organization\"},\"potentialAction\":[{\"@type\":\"SearchAction\",\"target\":{\"@type\":\"EntryPoint\",\"urlTemplate\":\"https:\/\/www.sonoraenequipo.com.mx\/?s={search_term_string}\"},\"query-input\":{\"@type\":\"PropertyValueSpecification\",\"valueRequired\":true,\"valueName\":\"search_term_string\"}}],\"inLanguage\":\"es\"},{\"@type\":\"Organization\",\"@id\":\"https:\/\/www.sonoraenequipo.com.mx\/#organization\",\"name\":\"Sonoraenequipo.com.mx\",\"url\":\"https:\/\/www.sonoraenequipo.com.mx\/\",\"logo\":{\"@type\":\"ImageObject\",\"inLanguage\":\"es\",\"@id\":\"https:\/\/www.sonoraenequipo.com.mx\/#\/schema\/logo\/image\/\",\"url\":\"https:\/\/www.sonoraenequipo.com.mx\/storage\/2019\/01\/sonoraenequipo_opt.png\",\"contentUrl\":\"https:\/\/www.sonoraenequipo.com.mx\/storage\/2019\/01\/sonoraenequipo_opt.png\",\"width\":375,\"height\":125,\"caption\":\"Sonoraenequipo.com.mx\"},\"image\":{\"@id\":\"https:\/\/www.sonoraenequipo.com.mx\/#\/schema\/logo\/image\/\"},\"sameAs\":[\"https:\/\/www.facebook.com\/SonoraEE\/\",\"https:\/\/x.com\/sonoraenequipo\",\"https:\/\/www.youtube.com\/channel\/UC338nW-lPEYmJQs4ZABQ1SQ\"]},{\"@type\":\"Person\",\"@id\":\"https:\/\/www.sonoraenequipo.com.mx\/#\/schema\/person\/50102df0fb23a8fa9e8effad8fa81386\",\"name\":\"enequipo\",\"image\":{\"@type\":\"ImageObject\",\"inLanguage\":\"es\",\"@id\":\"https:\/\/www.sonoraenequipo.com.mx\/#\/schema\/person\/image\/\",\"url\":\"https:\/\/secure.gravatar.com\/avatar\/049821681b589dabc0bc20695993ccebb09f5b5d4d790cd9251b97faac7c652b?s=96&d=blank&r=g\",\"contentUrl\":\"https:\/\/secure.gravatar.com\/avatar\/049821681b589dabc0bc20695993ccebb09f5b5d4d790cd9251b97faac7c652b?s=96&d=blank&r=g\",\"caption\":\"enequipo\"},\"sameAs\":[\"https:\/\/www.facebook.com\/SonoraEE\"]}]}<\/script>\n ","yoast_head_json":{"title":"Sonora en Equipo. Incrementa circulaci\u00f3n de unidades en Hermosillo: Instituto de Movilidad y Transporte Sonora","description":"HERMOSILLO, SONORA,MX.\u2500\u2500 Brindar alternativas de movilidad dignas a las y los sonorenses es la principal funci\u00f3n del Instituto de Movilidad y Transporte En Sonora en Equipo publicamos toda la informaci\u00f3n de Sonora, M\u00e9xico y el Mundo de manera oportuna y busca que la libertad de expresi\u00f3n sea real. Visita nuestro medio informativo publicado desde Hermosillo, Sonora. %","robots":{"index":"index","follow":"follow","max-snippet":"max-snippet:-1","max-image-preview":"max-image-preview:large","max-video-preview":"max-video-preview:-1"},"canonical":"https:\/\/www.sonoraenequipo.com.mx\/incrementa-circulacion-de-unidades-en-hermosillo-instituto-de-movilidad-y-transporte\/","og_locale":"es_ES","og_type":"article","og_title":"Sonora en Equipo. Incrementa circulaci\u00f3n de unidades en Hermosillo: Instituto de Movilidad y Transporte Sonora","og_description":"HERMOSILLO, SONORA,MX.\u2500\u2500 Brindar alternativas de movilidad dignas a las y los sonorenses es la principal funci\u00f3n del Instituto de Movilidad y Transporte En Sonora en Equipo publicamos toda la informaci\u00f3n de Sonora, M\u00e9xico y el Mundo de manera oportuna y busca que la libertad de expresi\u00f3n sea real. Visita nuestro medio informativo publicado desde Hermosillo, Sonora. %","og_url":"https:\/\/www.sonoraenequipo.com.mx\/incrementa-circulacion-de-unidades-en-hermosillo-instituto-de-movilidad-y-transporte\/","og_site_name":"Sonora en Equipo.","article_publisher":"https:\/\/www.facebook.com\/SonoraEE\/","article_author":"https:\/\/www.facebook.com\/SonoraEE","article_published_time":"2022-10-22T19:02:48+00:00","og_image":[{"width":700,"height":525,"url":"https:\/\/www.sonoraenequipo.com.mx\/storage\/2022\/10\/camiones-hmo.jpg","type":"image\/jpeg"}],"author":"enequipo","twitter_card":"summary_large_image","twitter_creator":"@sonoraenequipo","twitter_site":"@sonoraenequipo","twitter_misc":{"Escrito por":"enequipo","Tiempo de lectura":"2 minutos"},"schema":{"@context":"https:\/\/schema.org","@graph":[{"@type":"Article","@id":"https:\/\/www.sonoraenequipo.com.mx\/incrementa-circulacion-de-unidades-en-hermosillo-instituto-de-movilidad-y-transporte\/#article","isPartOf":{"@id":"https:\/\/www.sonoraenequipo.com.mx\/incrementa-circulacion-de-unidades-en-hermosillo-instituto-de-movilidad-y-transporte\/"},"author":{"name":"enequipo","@id":"https:\/\/www.sonoraenequipo.com.mx\/#\/schema\/person\/50102df0fb23a8fa9e8effad8fa81386"},"headline":"Incrementa circulaci\u00f3n de unidades en Hermosillo: Instituto de Movilidad y Transporte","datePublished":"2022-10-22T19:02:48+00:00","mainEntityOfPage":{"@id":"https:\/\/www.sonoraenequipo.com.mx\/incrementa-circulacion-de-unidades-en-hermosillo-instituto-de-movilidad-y-transporte\/"},"wordCount":373,"commentCount":0,"publisher":{"@id":"https:\/\/www.sonoraenequipo.com.mx\/#organization"},"image":{"@id":"https:\/\/www.sonoraenequipo.com.mx\/incrementa-circulacion-de-unidades-en-hermosillo-instituto-de-movilidad-y-transporte\/#primaryimage"},"thumbnailUrl":"https:\/\/www.sonoraenequipo.com.mx\/storage\/2022\/10\/camiones-hmo.jpg","keywords":["alergias","salud","Sonora"],"articleSection":["Sonora"],"inLanguage":"es","potentialAction":[{"@type":"CommentAction","name":"Comment","target":["https:\/\/www.sonoraenequipo.com.mx\/incrementa-circulacion-de-unidades-en-hermosillo-instituto-de-movilidad-y-transporte\/#respond"]}]},{"@type":"WebPage","@id":"https:\/\/www.sonoraenequipo.com.mx\/incrementa-circulacion-de-unidades-en-hermosillo-instituto-de-movilidad-y-transporte\/","url":"https:\/\/www.sonoraenequipo.com.mx\/incrementa-circulacion-de-unidades-en-hermosillo-instituto-de-movilidad-y-transporte\/","name":"Sonora en Equipo. Incrementa circulaci\u00f3n de unidades en Hermosillo: Instituto de Movilidad y Transporte Sonora","isPartOf":{"@id":"https:\/\/www.sonoraenequipo.com.mx\/#website"},"primaryImageOfPage":{"@id":"https:\/\/www.sonoraenequipo.com.mx\/incrementa-circulacion-de-unidades-en-hermosillo-instituto-de-movilidad-y-transporte\/#primaryimage"},"image":{"@id":"https:\/\/www.sonoraenequipo.com.mx\/incrementa-circulacion-de-unidades-en-hermosillo-instituto-de-movilidad-y-transporte\/#primaryimage"},"thumbnailUrl":"https:\/\/www.sonoraenequipo.com.mx\/storage\/2022\/10\/camiones-hmo.jpg","datePublished":"2022-10-22T19:02:48+00:00","description":"HERMOSILLO, SONORA,MX.\u2500\u2500 Brindar alternativas de movilidad dignas a las y los sonorenses es la principal funci\u00f3n del Instituto de Movilidad y Transporte En Sonora en Equipo publicamos toda la informaci\u00f3n de Sonora, M\u00e9xico y el Mundo de manera oportuna y busca que la libertad de expresi\u00f3n sea real. Visita nuestro medio informativo publicado desde Hermosillo, Sonora. %","breadcrumb":{"@id":"https:\/\/www.sonoraenequipo.com.mx\/incrementa-circulacion-de-unidades-en-hermosillo-instituto-de-movilidad-y-transporte\/#breadcrumb"},"inLanguage":"es","potentialAction":[{"@type":"ReadAction","target":["https:\/\/www.sonoraenequipo.com.mx\/incrementa-circulacion-de-unidades-en-hermosillo-instituto-de-movilidad-y-transporte\/"]}]},{"@type":"ImageObject","inLanguage":"es","@id":"https:\/\/www.sonoraenequipo.com.mx\/incrementa-circulacion-de-unidades-en-hermosillo-instituto-de-movilidad-y-transporte\/#primaryimage","url":"https:\/\/www.sonoraenequipo.com.mx\/storage\/2022\/10\/camiones-hmo.jpg","contentUrl":"https:\/\/www.sonoraenequipo.com.mx\/storage\/2022\/10\/camiones-hmo.jpg","width":700,"height":525},{"@type":"BreadcrumbList","@id":"https:\/\/www.sonoraenequipo.com.mx\/incrementa-circulacion-de-unidades-en-hermosillo-instituto-de-movilidad-y-transporte\/#breadcrumb","itemListElement":[{"@type":"ListItem","position":1,"name":"Portada","item":"https:\/\/www.sonoraenequipo.com.mx\/"},{"@type":"ListItem","position":2,"name":"Incrementa circulaci\u00f3n de unidades en Hermosillo: Instituto de Movilidad y Transporte"}]},{"@type":"WebSite","@id":"https:\/\/www.sonoraenequipo.com.mx\/#website","url":"https:\/\/www.sonoraenequipo.com.mx\/","name":"Sonora en Equipo.","description":"Diario en l\u00ednea con Noticias desde Hermosillo, Sonora","publisher":{"@id":"https:\/\/www.sonoraenequipo.com.mx\/#organization"},"potentialAction":[{"@type":"SearchAction","target":{"@type":"EntryPoint","urlTemplate":"https:\/\/www.sonoraenequipo.com.mx\/?s={search_term_string}"},"query-input":{"@type":"PropertyValueSpecification","valueRequired":true,"valueName":"search_term_string"}}],"inLanguage":"es"},{"@type":"Organization","@id":"https:\/\/www.sonoraenequipo.com.mx\/#organization","name":"Sonoraenequipo.com.mx","url":"https:\/\/www.sonoraenequipo.com.mx\/","logo":{"@type":"ImageObject","inLanguage":"es","@id":"https:\/\/www.sonoraenequipo.com.mx\/#\/schema\/logo\/image\/","url":"https:\/\/www.sonoraenequipo.com.mx\/storage\/2019\/01\/sonoraenequipo_opt.png","contentUrl":"https:\/\/www.sonoraenequipo.com.mx\/storage\/2019\/01\/sonoraenequipo_opt.png","width":375,"height":125,"caption":"Sonoraenequipo.com.mx"},"image":{"@id":"https:\/\/www.sonoraenequipo.com.mx\/#\/schema\/logo\/image\/"},"sameAs":["https:\/\/www.facebook.com\/SonoraEE\/","https:\/\/x.com\/sonoraenequipo","https:\/\/www.youtube.com\/channel\/UC338nW-lPEYmJQs4ZABQ1SQ"]},{"@type":"Person","@id":"https:\/\/www.sonoraenequipo.com.mx\/#\/schema\/person\/50102df0fb23a8fa9e8effad8fa81386","name":"enequipo","image":{"@type":"ImageObject","inLanguage":"es","@id":"https:\/\/www.sonoraenequipo.com.mx\/#\/schema\/person\/image\/","url":"https:\/\/secure.gravatar.com\/avatar\/049821681b589dabc0bc20695993ccebb09f5b5d4d790cd9251b97faac7c652b?s=96&d=blank&r=g","contentUrl":"https:\/\/secure.gravatar.com\/avatar\/049821681b589dabc0bc20695993ccebb09f5b5d4d790cd9251b97faac7c652b?s=96&d=blank&r=g","caption":"enequipo"},"sameAs":["https:\/\/www.facebook.com\/SonoraEE"]}]}},"jetpack_featured_media_url":"https:\/\/www.sonoraenequipo.com.mx\/storage\/2022\/10\/camiones-hmo.jpg","_links":{"self":[{"href":"https:\/\/www.sonoraenequipo.com.mx\/api\/wp\/v2\/posts\/149956","targetHints":{"allow":["GET"]}}],"collection":[{"href":"https:\/\/www.sonoraenequipo.com.mx\/api\/wp\/v2\/posts"}],"about":[{"href":"https:\/\/www.sonoraenequipo.com.mx\/api\/wp\/v2\/types\/post"}],"author":[{"embeddable":true,"href":"https:\/\/www.sonoraenequipo.com.mx\/api\/wp\/v2\/users\/1"}],"replies":[{"embeddable":true,"href":"https:\/\/www.sonoraenequipo.com.mx\/api\/wp\/v2\/comments?post=149956"}],"version-history":[{"count":1,"href":"https:\/\/www.sonoraenequipo.com.mx\/api\/wp\/v2\/posts\/149956\/revisions"}],"predecessor-version":[{"id":149958,"href":"https:\/\/www.sonoraenequipo.com.mx\/api\/wp\/v2\/posts\/149956\/revisions\/149958"}],"wp:featuredmedia":[{"embeddable":true,"href":"https:\/\/www.sonoraenequipo.com.mx\/api\/wp\/v2\/media\/149957"}],"wp:attachment":[{"href":"https:\/\/www.sonoraenequipo.com.mx\/api\/wp\/v2\/media?parent=149956"}],"wp:term":[{"taxonomy":"category","embeddable":true,"href":"https:\/\/www.sonoraenequipo.com.mx\/api\/wp\/v2\/categories?post=149956"},{"taxonomy":"post_tag","embeddable":true,"href":"https:\/\/www.sonoraenequipo.com.mx\/api\/wp\/v2\/tags?post=149956"}],"curies":[{"name":"wp","href":"https:\/\/api.w.org\/{rel}","templated":true}]}}