{"id":149972,"date":"2022-10-22T11:05:23","date_gmt":"2022-10-22T18:05:23","guid":{"rendered":"https:\/\/www.sonoraenequipo.com.mx\/?p=149972"},"modified":"2022-10-22T13:46:41","modified_gmt":"2022-10-22T20:46:41","slug":"gobierno-de-jalisco-pide-extremar-precauciones-por-huracan-roslyn","status":"publish","type":"post","link":"https:\/\/www.sonoraenequipo.com.mx\/gobierno-de-jalisco-pide-extremar-precauciones-por-huracan-roslyn\/","title":{"rendered":"Gobierno de Jalisco pide extremar precauciones por hurac\u00e1n Roslyn."},"content":{"rendered":"<p><strong>GUADALAJARA, JALISCO. MX. \u2014<\/strong> Autoridades de los tres niveles de gobierno contin\u00faan en alerta y trabajando en acciones preventivas con el fin de salvaguardar el bienestar de la poblaci\u00f3n en las costas de Jalisco debido al paso del hurac\u00e1n Roslyn.<\/p>\n<p>&nbsp;<\/p>\n<p> <\/p>\n<p>El fen\u00f3meno meteorol\u00f3gico se mantiene en categor\u00eda 4, y hasta el \u00faltimo corte emitido por la Comisi\u00f3n Nacional del Agua (Conagua) se encontraba a 275 km al sur-suroeste de Cabo Corriente, Jal., con vientos sostenidos de 215 km\/h y rachas de 260 km\/h.<\/p>\n<p>&nbsp;<\/p>\n<p>La Unidad Estatal de Protecci\u00f3n Civil y Bomberos de Jalisco (UEPCBJ) ha evacuado a 270 personas del municipio de La Huerta; a 33 de estas, se les proporcion\u00f3 asistencia en albergues dentro de este municipio, el resto de la personas decidieron acudir con familiares cercanos.<\/p>\n<p>&nbsp;<\/p>\n<p>Hasta el momento DIF Jalisco tiene habilitados dos albergues en el Municipio de La Huerta y cinco en Puerto Vallarta, todos cuentan con los insumos necesarios para la estad\u00eda de quienes opten por permanecer en dichas instalaciones, seg\u00fan inform\u00f3 el Gobierno de Jalisco a trav\u00e9s de un comunicado.<\/p>\n<p>&nbsp;<\/p>\n<p>Asimismo informaron que se contin\u00faa con las acciones preventivas en toda la Costa, oficiales de la Comandancia Regional Puerto Vallarta, se desplegaron por tierra y por mar para acudir a las comunidades que solo tienen accesos mar\u00edtimos como Yelapa, Quimixto, Aquiles Serd\u00e1n, Chimo, Mayto y Pizota para iniciar con labores de evacuaci\u00f3n.<\/p>\n<p>&nbsp;<\/p>\n<p>Se estima que el centro de la tormenta est\u00e9 pasando frente a Puerto Vallarta durante la madrugada de este domingo por lo que para la poblaci\u00f3n que habita en los municipios de Atenguillo; Cabo Corrientes; Casimiro Castillo; Cihuatl\u00e1n; Cuautitl\u00e1n de Garc\u00eda Barrag\u00e1n; Guachinango; La Huerta; Mascota; Mixtl\u00e1n; Puerto Vallarta; San Sebasti\u00e1n del Oeste; Talpa de Allende; Tomatl\u00e1n; Villa Purificaci\u00f3n.<\/p>\n<p>&nbsp;<\/p>\n<p>Recordaron que es sumamente importante atender las medidas de seguridad emitidas por las autoridades de Protecci\u00f3n Civil tanto Estatales como municipales, tales como:<\/p>\n<p>&nbsp;<\/p>\n<p><em><strong>Permanecer en sus domicilios y solo salir en caso de emergencia.<\/strong><\/em><\/p>\n<p><em><strong>Evitar transitar durante las horas m\u00e1s cr\u00edticas por las carreteras de las regiones.<\/strong><\/em><\/p>\n<p><em><strong>A la poblaci\u00f3n con casas y edificaciones que se encuentren cerca o a los costados de los r\u00edos y arroyos, se pide mantenerse alerta a indicaciones de las autoridades para de ser necesario evacuar.<\/strong><\/em><\/p>\n<p>&nbsp;<\/p>\n<p>Aunado a lo anterior recordaron que las playas permanecer\u00e1n cerradas durante el d\u00eda de hoy, y de acuerdo a las condiciones climatol\u00f3gicas el d\u00eda domingo.<\/p>\n<p>&nbsp;<\/p>\n<p>Las actividades de monta\u00f1a como ciclismo, motos, cuatrimotor y razers, tambi\u00e9n se mantienen suspendidas durante el fin de semana.<\/p>\n<p>&nbsp;<\/p>\n<p>Para las y los turistas de las zonas costeras, recomendaron que se mantengan informados a trav\u00e9s de las Unidades internas de Protecci\u00f3n Civil de los complejos hoteleros y tambi\u00e9n a trav\u00e9s de las autoridades correspondientes.<\/p>\n<p>&nbsp;<\/p>\n<p>Las autoridades invitaron a la poblaci\u00f3n a extremar precauciones y mantenerse informada frente al paso de Roslyn a trav\u00e9s de canales oficiales, as\u00ed como evitar caer en la desinformaci\u00f3n y ante cualquier emergencia se marcar al 911 o a los tel\u00e9fonos de la Unidad de Protecci\u00f3n Civil y Bomberos de su municipio.<\/p>\n<p>&nbsp;<\/p>\n<p>PUBLICADO EL 22\/OCTUBRE DE 2022)<\/p>\n","protected":false},"excerpt":{"rendered":"<p>GUADALAJARA, JALISCO. MX. \u2014 Autoridades de los tres niveles de gobierno contin\u00faan en alerta y&#8230;<\/p>\n","protected":false},"author":1,"featured_media":149973,"comment_status":"open","ping_status":"open","sticky":false,"template":"","format":"standard","meta":{"_monsterinsights_skip_tracking":false,"_monsterinsights_sitenote_active":false,"_monsterinsights_sitenote_note":"","_monsterinsights_sitenote_category":0,"footnotes":""},"categories":[5],"tags":[],"class_list":["post"],"yoast_head":" \n<title>Sonora en Equipo. Gobierno de Jalisco pide extremar precauciones por hurac\u00e1n Roslyn. Rep\u00fablica<\/title>\n<meta name=\"description\" content=\"GUADALAJARA, JALISCO. MX. \u2014 Autoridades de los tres niveles de gobierno contin\u00faan en alerta y trabajando en acciones preventivas con el fin de En Sonora en Equipo publicamos toda la informaci\u00f3n de Sonora, M\u00e9xico y el Mundo de manera oportuna y busca que la libertad de expresi\u00f3n sea real. Visita nuestro medio informativo publicado desde Hermosillo, Sonora. %\" \/>\n<meta name=\"robots\" content=\"index, follow, max-snippet:-1, max-image-preview:large, max-video-preview:-1\" \/>\n<link rel=\"canonical\" href=\"https:\/\/www.sonoraenequipo.com.mx\/gobierno-de-jalisco-pide-extremar-precauciones-por-huracan-roslyn\/\" \/>\n<meta property=\"og:locale\" content=\"es_ES\" \/>\n<meta property=\"og:type\" content=\"article\" \/>\n<meta property=\"og:title\" content=\"Sonora en Equipo. Gobierno de Jalisco pide extremar precauciones por hurac\u00e1n Roslyn. Rep\u00fablica\" \/>\n<meta property=\"og:description\" content=\"GUADALAJARA, JALISCO. MX. \u2014 Autoridades de los tres niveles de gobierno contin\u00faan en alerta y trabajando en acciones preventivas con el fin de En Sonora en Equipo publicamos toda la informaci\u00f3n de Sonora, M\u00e9xico y el Mundo de manera oportuna y busca que la libertad de expresi\u00f3n sea real. Visita nuestro medio informativo publicado desde Hermosillo, Sonora. %\" \/>\n<meta property=\"og:url\" content=\"https:\/\/www.sonoraenequipo.com.mx\/gobierno-de-jalisco-pide-extremar-precauciones-por-huracan-roslyn\/\" \/>\n<meta property=\"og:site_name\" content=\"Sonora en Equipo.\" \/>\n<meta property=\"article:publisher\" content=\"https:\/\/www.facebook.com\/SonoraEE\/\" \/>\n<meta property=\"article:author\" content=\"https:\/\/www.facebook.com\/SonoraEE\" \/>\n<meta property=\"article:published_time\" content=\"2022-10-22T18:05:23+00:00\" \/>\n<meta property=\"article:modified_time\" content=\"2022-10-22T20:46:41+00:00\" \/>\n<meta property=\"og:image\" content=\"https:\/\/www.sonoraenequipo.com.mx\/storage\/2022\/10\/huracan-en-jalisco1.jpg\" \/>\n\t<meta property=\"og:image:width\" content=\"900\" \/>\n\t<meta property=\"og:image:height\" content=\"519\" \/>\n\t<meta property=\"og:image:type\" content=\"image\/jpeg\" \/>\n<meta name=\"author\" content=\"enequipo\" \/>\n<meta name=\"twitter:card\" content=\"summary_large_image\" \/>\n<meta name=\"twitter:creator\" content=\"@sonoraenequipo\" \/>\n<meta name=\"twitter:site\" content=\"@sonoraenequipo\" \/>\n<meta name=\"twitter:label1\" content=\"Escrito por\" \/>\n\t<meta name=\"twitter:data1\" content=\"enequipo\" \/>\n\t<meta name=\"twitter:label2\" content=\"Tiempo de lectura\" \/>\n\t<meta name=\"twitter:data2\" content=\"3 minutos\" \/>\n<script type=\"application\/ld+json\" class=\"yoast-schema-graph\">{\"@context\":\"https:\/\/schema.org\",\"@graph\":[{\"@type\":\"Article\",\"@id\":\"https:\/\/www.sonoraenequipo.com.mx\/gobierno-de-jalisco-pide-extremar-precauciones-por-huracan-roslyn\/#article\",\"isPartOf\":{\"@id\":\"https:\/\/www.sonoraenequipo.com.mx\/gobierno-de-jalisco-pide-extremar-precauciones-por-huracan-roslyn\/\"},\"author\":{\"name\":\"enequipo\",\"@id\":\"https:\/\/www.sonoraenequipo.com.mx\/#\/schema\/person\/50102df0fb23a8fa9e8effad8fa81386\"},\"headline\":\"Gobierno de Jalisco pide extremar precauciones por hurac\u00e1n Roslyn.\",\"datePublished\":\"2022-10-22T18:05:23+00:00\",\"dateModified\":\"2022-10-22T20:46:41+00:00\",\"mainEntityOfPage\":{\"@id\":\"https:\/\/www.sonoraenequipo.com.mx\/gobierno-de-jalisco-pide-extremar-precauciones-por-huracan-roslyn\/\"},\"wordCount\":563,\"commentCount\":0,\"publisher\":{\"@id\":\"https:\/\/www.sonoraenequipo.com.mx\/#organization\"},\"image\":{\"@id\":\"https:\/\/www.sonoraenequipo.com.mx\/gobierno-de-jalisco-pide-extremar-precauciones-por-huracan-roslyn\/#primaryimage\"},\"thumbnailUrl\":\"https:\/\/www.sonoraenequipo.com.mx\/storage\/2022\/10\/huracan-en-jalisco1.jpg\",\"articleSection\":[\"Rep\u00fablica\"],\"inLanguage\":\"es\",\"potentialAction\":[{\"@type\":\"CommentAction\",\"name\":\"Comment\",\"target\":[\"https:\/\/www.sonoraenequipo.com.mx\/gobierno-de-jalisco-pide-extremar-precauciones-por-huracan-roslyn\/#respond\"]}]},{\"@type\":\"WebPage\",\"@id\":\"https:\/\/www.sonoraenequipo.com.mx\/gobierno-de-jalisco-pide-extremar-precauciones-por-huracan-roslyn\/\",\"url\":\"https:\/\/www.sonoraenequipo.com.mx\/gobierno-de-jalisco-pide-extremar-precauciones-por-huracan-roslyn\/\",\"name\":\"Sonora en Equipo. Gobierno de Jalisco pide extremar precauciones por hurac\u00e1n Roslyn. Rep\u00fablica\",\"isPartOf\":{\"@id\":\"https:\/\/www.sonoraenequipo.com.mx\/#website\"},\"primaryImageOfPage\":{\"@id\":\"https:\/\/www.sonoraenequipo.com.mx\/gobierno-de-jalisco-pide-extremar-precauciones-por-huracan-roslyn\/#primaryimage\"},\"image\":{\"@id\":\"https:\/\/www.sonoraenequipo.com.mx\/gobierno-de-jalisco-pide-extremar-precauciones-por-huracan-roslyn\/#primaryimage\"},\"thumbnailUrl\":\"https:\/\/www.sonoraenequipo.com.mx\/storage\/2022\/10\/huracan-en-jalisco1.jpg\",\"datePublished\":\"2022-10-22T18:05:23+00:00\",\"dateModified\":\"2022-10-22T20:46:41+00:00\",\"description\":\"GUADALAJARA, JALISCO. MX. \u2014 Autoridades de los tres niveles de gobierno contin\u00faan en alerta y trabajando en acciones preventivas con el fin de En Sonora en Equipo publicamos toda la informaci\u00f3n de Sonora, M\u00e9xico y el Mundo de manera oportuna y busca que la libertad de expresi\u00f3n sea real. Visita nuestro medio informativo publicado desde Hermosillo, Sonora. %\",\"breadcrumb\":{\"@id\":\"https:\/\/www.sonoraenequipo.com.mx\/gobierno-de-jalisco-pide-extremar-precauciones-por-huracan-roslyn\/#breadcrumb\"},\"inLanguage\":\"es\",\"potentialAction\":[{\"@type\":\"ReadAction\",\"target\":[\"https:\/\/www.sonoraenequipo.com.mx\/gobierno-de-jalisco-pide-extremar-precauciones-por-huracan-roslyn\/\"]}]},{\"@type\":\"ImageObject\",\"inLanguage\":\"es\",\"@id\":\"https:\/\/www.sonoraenequipo.com.mx\/gobierno-de-jalisco-pide-extremar-precauciones-por-huracan-roslyn\/#primaryimage\",\"url\":\"https:\/\/www.sonoraenequipo.com.mx\/storage\/2022\/10\/huracan-en-jalisco1.jpg\",\"contentUrl\":\"https:\/\/www.sonoraenequipo.com.mx\/storage\/2022\/10\/huracan-en-jalisco1.jpg\",\"width\":900,\"height\":519},{\"@type\":\"BreadcrumbList\",\"@id\":\"https:\/\/www.sonoraenequipo.com.mx\/gobierno-de-jalisco-pide-extremar-precauciones-por-huracan-roslyn\/#breadcrumb\",\"itemListElement\":[{\"@type\":\"ListItem\",\"position\":1,\"name\":\"Portada\",\"item\":\"https:\/\/www.sonoraenequipo.com.mx\/\"},{\"@type\":\"ListItem\",\"position\":2,\"name\":\"Gobierno de Jalisco pide extremar precauciones por hurac\u00e1n Roslyn.\"}]},{\"@type\":\"WebSite\",\"@id\":\"https:\/\/www.sonoraenequipo.com.mx\/#website\",\"url\":\"https:\/\/www.sonoraenequipo.com.mx\/\",\"name\":\"Sonora en Equipo.\",\"description\":\"Diario en l\u00ednea con Noticias desde Hermosillo, Sonora\",\"publisher\":{\"@id\":\"https:\/\/www.sonoraenequipo.com.mx\/#organization\"},\"potentialAction\":[{\"@type\":\"SearchAction\",\"target\":{\"@type\":\"EntryPoint\",\"urlTemplate\":\"https:\/\/www.sonoraenequipo.com.mx\/?s={search_term_string}\"},\"query-input\":{\"@type\":\"PropertyValueSpecification\",\"valueRequired\":true,\"valueName\":\"search_term_string\"}}],\"inLanguage\":\"es\"},{\"@type\":\"Organization\",\"@id\":\"https:\/\/www.sonoraenequipo.com.mx\/#organization\",\"name\":\"Sonoraenequipo.com.mx\",\"url\":\"https:\/\/www.sonoraenequipo.com.mx\/\",\"logo\":{\"@type\":\"ImageObject\",\"inLanguage\":\"es\",\"@id\":\"https:\/\/www.sonoraenequipo.com.mx\/#\/schema\/logo\/image\/\",\"url\":\"https:\/\/www.sonoraenequipo.com.mx\/storage\/2019\/01\/sonoraenequipo_opt.png\",\"contentUrl\":\"https:\/\/www.sonoraenequipo.com.mx\/storage\/2019\/01\/sonoraenequipo_opt.png\",\"width\":375,\"height\":125,\"caption\":\"Sonoraenequipo.com.mx\"},\"image\":{\"@id\":\"https:\/\/www.sonoraenequipo.com.mx\/#\/schema\/logo\/image\/\"},\"sameAs\":[\"https:\/\/www.facebook.com\/SonoraEE\/\",\"https:\/\/x.com\/sonoraenequipo\",\"https:\/\/www.youtube.com\/channel\/UC338nW-lPEYmJQs4ZABQ1SQ\"]},{\"@type\":\"Person\",\"@id\":\"https:\/\/www.sonoraenequipo.com.mx\/#\/schema\/person\/50102df0fb23a8fa9e8effad8fa81386\",\"name\":\"enequipo\",\"image\":{\"@type\":\"ImageObject\",\"inLanguage\":\"es\",\"@id\":\"https:\/\/www.sonoraenequipo.com.mx\/#\/schema\/person\/image\/\",\"url\":\"https:\/\/secure.gravatar.com\/avatar\/049821681b589dabc0bc20695993ccebb09f5b5d4d790cd9251b97faac7c652b?s=96&d=blank&r=g\",\"contentUrl\":\"https:\/\/secure.gravatar.com\/avatar\/049821681b589dabc0bc20695993ccebb09f5b5d4d790cd9251b97faac7c652b?s=96&d=blank&r=g\",\"caption\":\"enequipo\"},\"sameAs\":[\"https:\/\/www.facebook.com\/SonoraEE\"]}]}<\/script>\n ","yoast_head_json":{"title":"Sonora en Equipo. Gobierno de Jalisco pide extremar precauciones por hurac\u00e1n Roslyn. Rep\u00fablica","description":"GUADALAJARA, JALISCO. MX. \u2014 Autoridades de los tres niveles de gobierno contin\u00faan en alerta y trabajando en acciones preventivas con el fin de En Sonora en Equipo publicamos toda la informaci\u00f3n de Sonora, M\u00e9xico y el Mundo de manera oportuna y busca que la libertad de expresi\u00f3n sea real. Visita nuestro medio informativo publicado desde Hermosillo, Sonora. %","robots":{"index":"index","follow":"follow","max-snippet":"max-snippet:-1","max-image-preview":"max-image-preview:large","max-video-preview":"max-video-preview:-1"},"canonical":"https:\/\/www.sonoraenequipo.com.mx\/gobierno-de-jalisco-pide-extremar-precauciones-por-huracan-roslyn\/","og_locale":"es_ES","og_type":"article","og_title":"Sonora en Equipo. Gobierno de Jalisco pide extremar precauciones por hurac\u00e1n Roslyn. Rep\u00fablica","og_description":"GUADALAJARA, JALISCO. MX. \u2014 Autoridades de los tres niveles de gobierno contin\u00faan en alerta y trabajando en acciones preventivas con el fin de En Sonora en Equipo publicamos toda la informaci\u00f3n de Sonora, M\u00e9xico y el Mundo de manera oportuna y busca que la libertad de expresi\u00f3n sea real. Visita nuestro medio informativo publicado desde Hermosillo, Sonora. %","og_url":"https:\/\/www.sonoraenequipo.com.mx\/gobierno-de-jalisco-pide-extremar-precauciones-por-huracan-roslyn\/","og_site_name":"Sonora en Equipo.","article_publisher":"https:\/\/www.facebook.com\/SonoraEE\/","article_author":"https:\/\/www.facebook.com\/SonoraEE","article_published_time":"2022-10-22T18:05:23+00:00","article_modified_time":"2022-10-22T20:46:41+00:00","og_image":[{"width":900,"height":519,"url":"https:\/\/www.sonoraenequipo.com.mx\/storage\/2022\/10\/huracan-en-jalisco1.jpg","type":"image\/jpeg"}],"author":"enequipo","twitter_card":"summary_large_image","twitter_creator":"@sonoraenequipo","twitter_site":"@sonoraenequipo","twitter_misc":{"Escrito por":"enequipo","Tiempo de lectura":"3 minutos"},"schema":{"@context":"https:\/\/schema.org","@graph":[{"@type":"Article","@id":"https:\/\/www.sonoraenequipo.com.mx\/gobierno-de-jalisco-pide-extremar-precauciones-por-huracan-roslyn\/#article","isPartOf":{"@id":"https:\/\/www.sonoraenequipo.com.mx\/gobierno-de-jalisco-pide-extremar-precauciones-por-huracan-roslyn\/"},"author":{"name":"enequipo","@id":"https:\/\/www.sonoraenequipo.com.mx\/#\/schema\/person\/50102df0fb23a8fa9e8effad8fa81386"},"headline":"Gobierno de Jalisco pide extremar precauciones por hurac\u00e1n Roslyn.","datePublished":"2022-10-22T18:05:23+00:00","dateModified":"2022-10-22T20:46:41+00:00","mainEntityOfPage":{"@id":"https:\/\/www.sonoraenequipo.com.mx\/gobierno-de-jalisco-pide-extremar-precauciones-por-huracan-roslyn\/"},"wordCount":563,"commentCount":0,"publisher":{"@id":"https:\/\/www.sonoraenequipo.com.mx\/#organization"},"image":{"@id":"https:\/\/www.sonoraenequipo.com.mx\/gobierno-de-jalisco-pide-extremar-precauciones-por-huracan-roslyn\/#primaryimage"},"thumbnailUrl":"https:\/\/www.sonoraenequipo.com.mx\/storage\/2022\/10\/huracan-en-jalisco1.jpg","articleSection":["Rep\u00fablica"],"inLanguage":"es","potentialAction":[{"@type":"CommentAction","name":"Comment","target":["https:\/\/www.sonoraenequipo.com.mx\/gobierno-de-jalisco-pide-extremar-precauciones-por-huracan-roslyn\/#respond"]}]},{"@type":"WebPage","@id":"https:\/\/www.sonoraenequipo.com.mx\/gobierno-de-jalisco-pide-extremar-precauciones-por-huracan-roslyn\/","url":"https:\/\/www.sonoraenequipo.com.mx\/gobierno-de-jalisco-pide-extremar-precauciones-por-huracan-roslyn\/","name":"Sonora en Equipo. Gobierno de Jalisco pide extremar precauciones por hurac\u00e1n Roslyn. Rep\u00fablica","isPartOf":{"@id":"https:\/\/www.sonoraenequipo.com.mx\/#website"},"primaryImageOfPage":{"@id":"https:\/\/www.sonoraenequipo.com.mx\/gobierno-de-jalisco-pide-extremar-precauciones-por-huracan-roslyn\/#primaryimage"},"image":{"@id":"https:\/\/www.sonoraenequipo.com.mx\/gobierno-de-jalisco-pide-extremar-precauciones-por-huracan-roslyn\/#primaryimage"},"thumbnailUrl":"https:\/\/www.sonoraenequipo.com.mx\/storage\/2022\/10\/huracan-en-jalisco1.jpg","datePublished":"2022-10-22T18:05:23+00:00","dateModified":"2022-10-22T20:46:41+00:00","description":"GUADALAJARA, JALISCO. MX. \u2014 Autoridades de los tres niveles de gobierno contin\u00faan en alerta y trabajando en acciones preventivas con el fin de En Sonora en Equipo publicamos toda la informaci\u00f3n de Sonora, M\u00e9xico y el Mundo de manera oportuna y busca que la libertad de expresi\u00f3n sea real. Visita nuestro medio informativo publicado desde Hermosillo, Sonora. %","breadcrumb":{"@id":"https:\/\/www.sonoraenequipo.com.mx\/gobierno-de-jalisco-pide-extremar-precauciones-por-huracan-roslyn\/#breadcrumb"},"inLanguage":"es","potentialAction":[{"@type":"ReadAction","target":["https:\/\/www.sonoraenequipo.com.mx\/gobierno-de-jalisco-pide-extremar-precauciones-por-huracan-roslyn\/"]}]},{"@type":"ImageObject","inLanguage":"es","@id":"https:\/\/www.sonoraenequipo.com.mx\/gobierno-de-jalisco-pide-extremar-precauciones-por-huracan-roslyn\/#primaryimage","url":"https:\/\/www.sonoraenequipo.com.mx\/storage\/2022\/10\/huracan-en-jalisco1.jpg","contentUrl":"https:\/\/www.sonoraenequipo.com.mx\/storage\/2022\/10\/huracan-en-jalisco1.jpg","width":900,"height":519},{"@type":"BreadcrumbList","@id":"https:\/\/www.sonoraenequipo.com.mx\/gobierno-de-jalisco-pide-extremar-precauciones-por-huracan-roslyn\/#breadcrumb","itemListElement":[{"@type":"ListItem","position":1,"name":"Portada","item":"https:\/\/www.sonoraenequipo.com.mx\/"},{"@type":"ListItem","position":2,"name":"Gobierno de Jalisco pide extremar precauciones por hurac\u00e1n Roslyn."}]},{"@type":"WebSite","@id":"https:\/\/www.sonoraenequipo.com.mx\/#website","url":"https:\/\/www.sonoraenequipo.com.mx\/","name":"Sonora en Equipo.","description":"Diario en l\u00ednea con Noticias desde Hermosillo, Sonora","publisher":{"@id":"https:\/\/www.sonoraenequipo.com.mx\/#organization"},"potentialAction":[{"@type":"SearchAction","target":{"@type":"EntryPoint","urlTemplate":"https:\/\/www.sonoraenequipo.com.mx\/?s={search_term_string}"},"query-input":{"@type":"PropertyValueSpecification","valueRequired":true,"valueName":"search_term_string"}}],"inLanguage":"es"},{"@type":"Organization","@id":"https:\/\/www.sonoraenequipo.com.mx\/#organization","name":"Sonoraenequipo.com.mx","url":"https:\/\/www.sonoraenequipo.com.mx\/","logo":{"@type":"ImageObject","inLanguage":"es","@id":"https:\/\/www.sonoraenequipo.com.mx\/#\/schema\/logo\/image\/","url":"https:\/\/www.sonoraenequipo.com.mx\/storage\/2019\/01\/sonoraenequipo_opt.png","contentUrl":"https:\/\/www.sonoraenequipo.com.mx\/storage\/2019\/01\/sonoraenequipo_opt.png","width":375,"height":125,"caption":"Sonoraenequipo.com.mx"},"image":{"@id":"https:\/\/www.sonoraenequipo.com.mx\/#\/schema\/logo\/image\/"},"sameAs":["https:\/\/www.facebook.com\/SonoraEE\/","https:\/\/x.com\/sonoraenequipo","https:\/\/www.youtube.com\/channel\/UC338nW-lPEYmJQs4ZABQ1SQ"]},{"@type":"Person","@id":"https:\/\/www.sonoraenequipo.com.mx\/#\/schema\/person\/50102df0fb23a8fa9e8effad8fa81386","name":"enequipo","image":{"@type":"ImageObject","inLanguage":"es","@id":"https:\/\/www.sonoraenequipo.com.mx\/#\/schema\/person\/image\/","url":"https:\/\/secure.gravatar.com\/avatar\/049821681b589dabc0bc20695993ccebb09f5b5d4d790cd9251b97faac7c652b?s=96&d=blank&r=g","contentUrl":"https:\/\/secure.gravatar.com\/avatar\/049821681b589dabc0bc20695993ccebb09f5b5d4d790cd9251b97faac7c652b?s=96&d=blank&r=g","caption":"enequipo"},"sameAs":["https:\/\/www.facebook.com\/SonoraEE"]}]}},"jetpack_featured_media_url":"https:\/\/www.sonoraenequipo.com.mx\/storage\/2022\/10\/huracan-en-jalisco1.jpg","_links":{"self":[{"href":"https:\/\/www.sonoraenequipo.com.mx\/api\/wp\/v2\/posts\/149972","targetHints":{"allow":["GET"]}}],"collection":[{"href":"https:\/\/www.sonoraenequipo.com.mx\/api\/wp\/v2\/posts"}],"about":[{"href":"https:\/\/www.sonoraenequipo.com.mx\/api\/wp\/v2\/types\/post"}],"author":[{"embeddable":true,"href":"https:\/\/www.sonoraenequipo.com.mx\/api\/wp\/v2\/users\/1"}],"replies":[{"embeddable":true,"href":"https:\/\/www.sonoraenequipo.com.mx\/api\/wp\/v2\/comments?post=149972"}],"version-history":[{"count":1,"href":"https:\/\/www.sonoraenequipo.com.mx\/api\/wp\/v2\/posts\/149972\/revisions"}],"predecessor-version":[{"id":149974,"href":"https:\/\/www.sonoraenequipo.com.mx\/api\/wp\/v2\/posts\/149972\/revisions\/149974"}],"wp:featuredmedia":[{"embeddable":true,"href":"https:\/\/www.sonoraenequipo.com.mx\/api\/wp\/v2\/media\/149973"}],"wp:attachment":[{"href":"https:\/\/www.sonoraenequipo.com.mx\/api\/wp\/v2\/media?parent=149972"}],"wp:term":[{"taxonomy":"category","embeddable":true,"href":"https:\/\/www.sonoraenequipo.com.mx\/api\/wp\/v2\/categories?post=149972"},{"taxonomy":"post_tag","embeddable":true,"href":"https:\/\/www.sonoraenequipo.com.mx\/api\/wp\/v2\/tags?post=149972"}],"curies":[{"name":"wp","href":"https:\/\/api.w.org\/{rel}","templated":true}]}}