{"id":149995,"date":"2022-10-22T15:00:13","date_gmt":"2022-10-22T22:00:13","guid":{"rendered":"https:\/\/www.sonoraenequipo.com.mx\/?p=149995"},"modified":"2022-10-22T18:36:12","modified_gmt":"2022-10-23T01:36:12","slug":"secretaria-de-agricultura-inicia-proyecto-de-cooperativas-de-mujeres-en-el-sur-de-sonora","status":"publish","type":"post","link":"https:\/\/www.sonoraenequipo.com.mx\/secretaria-de-agricultura-inicia-proyecto-de-cooperativas-de-mujeres-en-el-sur-de-sonora\/","title":{"rendered":"Secretar\u00eda de Agricultura inicia proyecto de cooperativas de mujeres en el sur de Sonora"},"content":{"rendered":"<p><strong>TESLA, NAVOJOA, SONORA. MX.<\/strong> \u2014 El desarrollo de zonas estrat\u00e9gicas del estado es una realidad con la entrega de los viveros para cooperativas de mujeres, los cuales empezaron a operar en la zona del r\u00edo Sonora, la sierra y, ahora, en el sur de la entidad con la entrega de un invernadero por parte de la secretaria de Agricultura, F\u00e1tima Yolanda Rodr\u00edguez Mendoza, a la cooperativa Sewua Tesia, en Navojoa.<\/p>\n<p>&nbsp;<\/p>\n<p> <\/p>\n<p>&nbsp;<\/p>\n<p>Debido a la aceptaci\u00f3n de las y los productores para organizarse en cooperativas, el coordinador del Consejo Estatal de Concertaci\u00f3n de la Obra P\u00fablica (Cecop), Carlos Ernesto Zatarain Gonz\u00e1lez, anunci\u00f3 que, para el 2023, se incrementar\u00e1n los recursos para contar con m\u00e1s viveros.<\/p>\n<p>&nbsp;<\/p>\n<p>&nbsp;<\/p>\n<p>El vocal ejecutivo del Centro Estatal de Desarrollo Municipal (Cedemun), Tadeo Amavizca, destac\u00f3 los esfuerzos de la titular de la Secretar\u00eda de Agricultura, Ganader\u00eda, Recurso Hidr\u00e1ulicos, Pesca y Acuacultura (Sagarhpa) para presentar el proyecto de los viveros para cooperativas de mujeres<\/p>\n<p>&nbsp;<\/p>\n<p>&nbsp;<\/p>\n<p>Ana Lilia Campas G\u00fcicosa, presidenta de la cooperativa Sewua Tesia, la cual cuenta con 17 socias, se\u00f1al\u00f3 que este tipo de proyectos son las oportunidades que necesitaban para salir adelante en su trabajo.<\/p>\n<p>&nbsp;<\/p>\n<p>&nbsp;<\/p>\n<p><strong><em><img loading=\"lazy\" decoding=\"async\" class=\"size-medium  x-left\" src=\"https:\/\/www.sonoraenequipo.com.mx\/storage\/2022\/10\/1022202hinicia-proyecto-de-cooperativas-de-mujeres-ensur-Sonora6-638x365.jpg\" alt=\"\" width=\"638\" height=\"365\" \/>\u201cEstoy segura de que, con el arranque de esta cooperativa, nos dar\u00e1 un futuro mejor para nosotras y nuestras familias. Como mujeres trabajadoras tenemos planeado producir hortalizas, higos, cilantro, tub\u00e9rculos, chiltep\u00edn, para apoyar a la econom\u00eda local y a nuestras familias. Le doy las gracias al gobernador, Alfonso Durazo y al alcalde, Mario Mart\u00ednez. Es el primer paso y gracias por voltear a vernos\u201d,<\/em> <\/strong>destac\u00f3 la beneficiaria.<\/p>\n<p>&nbsp;<\/p>\n<p>&nbsp;<\/p>\n<p>El alcalde Navojoa agradeci\u00f3 que el Gobierno de Sonora y el mandatario estatal respalden a su administraci\u00f3n y a los sectores productivos de esta regi\u00f3n de la entidad.<\/p>\n<p>&nbsp;<\/p>\n<p>&nbsp;<\/p>\n<p>La secretaria de Agricultura en estatal inform\u00f3 que se ech\u00f3 a andar el proyecto de los invernaderos en el que se invirtieron cinco millones 200 mil pesos para el suministro e instalaci\u00f3n de diez viveros equipados con sistema de riego fotovoltaico; as\u00ed como la integraci\u00f3n y constituci\u00f3n legal de diez cooperativas, cuyas integrantes recibir\u00e1n capacitaci\u00f3n, asistencia t\u00e9cnica organizativa y t\u00e9cnico-productiva para el buen funcionamiento del proyecto.<\/p>\n<p>&nbsp;<\/p>\n<p>&nbsp;<\/p>\n<p>En una primera etapa estos viveros comunitarios y cooperativas de mujeres se desarrollan en regiones estrat\u00e9gicas para fomentar la organizaci\u00f3n y producir y transformar productos con potencial econ\u00f3mico como agave, higo, lim\u00f3n, nopal, flores y hortalizas entre otros.<\/p>\n<p>&nbsp;<\/p>\n<p>&nbsp;<\/p>\n<p><strong><em>\u201cUstedes no est\u00e1n solas. Est\u00e1n arropadas por el gobierno del Alfonso Durazo y de Andr\u00e9s Manuel L\u00f3pez Obrador, porque nosotros aqu\u00ed estaremos hasta la producci\u00f3n, pero si ustedes quieren hacer la conversi\u00f3n a industrializar sus productos, entonces entramos con otra dependencia como gestoras\u201d,<\/em><\/strong> asever\u00f3 la titular de Sagarhpa.<\/p>\n<p>&nbsp;<\/p>\n<p>&nbsp;<\/p>\n<p>PUBLICADO EL 22\/OCTUBRE DE 2022 con informaci\u00f3n de GOBSON 1022-202)<\/p>\n","protected":false},"excerpt":{"rendered":"<p>TESLA, NAVOJOA, SONORA. MX. \u2014 El desarrollo de zonas estrat\u00e9gicas del estado es una realidad&#8230;<\/p>\n","protected":false},"author":1,"featured_media":149998,"comment_status":"open","ping_status":"open","sticky":false,"template":"","format":"standard","meta":{"_monsterinsights_skip_tracking":false,"_monsterinsights_sitenote_active":false,"_monsterinsights_sitenote_note":"","_monsterinsights_sitenote_category":0,"footnotes":""},"categories":[22],"tags":[],"class_list":["post"],"yoast_head":" \n<title>Sonora en Equipo. Secretar\u00eda de Agricultura inicia proyecto de cooperativas de mujeres en el sur de Sonora Sonora<\/title>\n<meta name=\"description\" content=\"TESLA, NAVOJOA, SONORA. MX. \u2014 El desarrollo de zonas estrat\u00e9gicas del estado es una realidad con la entrega de los viveros para cooperativas de mujeres, En Sonora en Equipo publicamos toda la informaci\u00f3n de Sonora, M\u00e9xico y el Mundo de manera oportuna y busca que la libertad de expresi\u00f3n sea real. Visita nuestro medio informativo publicado desde Hermosillo, Sonora. %\" \/>\n<meta name=\"robots\" content=\"index, follow, max-snippet:-1, max-image-preview:large, max-video-preview:-1\" \/>\n<link rel=\"canonical\" href=\"https:\/\/www.sonoraenequipo.com.mx\/secretaria-de-agricultura-inicia-proyecto-de-cooperativas-de-mujeres-en-el-sur-de-sonora\/\" \/>\n<meta property=\"og:locale\" content=\"es_ES\" \/>\n<meta property=\"og:type\" content=\"article\" \/>\n<meta property=\"og:title\" content=\"Sonora en Equipo. Secretar\u00eda de Agricultura inicia proyecto de cooperativas de mujeres en el sur de Sonora Sonora\" \/>\n<meta property=\"og:description\" content=\"TESLA, NAVOJOA, SONORA. MX. \u2014 El desarrollo de zonas estrat\u00e9gicas del estado es una realidad con la entrega de los viveros para cooperativas de mujeres, En Sonora en Equipo publicamos toda la informaci\u00f3n de Sonora, M\u00e9xico y el Mundo de manera oportuna y busca que la libertad de expresi\u00f3n sea real. Visita nuestro medio informativo publicado desde Hermosillo, Sonora. %\" \/>\n<meta property=\"og:url\" content=\"https:\/\/www.sonoraenequipo.com.mx\/secretaria-de-agricultura-inicia-proyecto-de-cooperativas-de-mujeres-en-el-sur-de-sonora\/\" \/>\n<meta property=\"og:site_name\" content=\"Sonora en Equipo.\" \/>\n<meta property=\"article:publisher\" content=\"https:\/\/www.facebook.com\/SonoraEE\/\" \/>\n<meta property=\"article:author\" content=\"https:\/\/www.facebook.com\/SonoraEE\" \/>\n<meta property=\"article:published_time\" content=\"2022-10-22T22:00:13+00:00\" \/>\n<meta property=\"article:modified_time\" content=\"2022-10-23T01:36:12+00:00\" \/>\n<meta property=\"og:image\" content=\"https:\/\/www.sonoraenequipo.com.mx\/storage\/2022\/10\/1022202hinicia-proyecto-de-cooperativas-de-mujeres-ensur-Sonora6.jpg\" \/>\n\t<meta property=\"og:image:width\" content=\"900\" \/>\n\t<meta property=\"og:image:height\" content=\"515\" \/>\n\t<meta property=\"og:image:type\" content=\"image\/jpeg\" \/>\n<meta name=\"author\" content=\"enequipo\" \/>\n<meta name=\"twitter:card\" content=\"summary_large_image\" \/>\n<meta name=\"twitter:creator\" content=\"@sonoraenequipo\" \/>\n<meta name=\"twitter:site\" content=\"@sonoraenequipo\" \/>\n<meta name=\"twitter:label1\" content=\"Escrito por\" \/>\n\t<meta name=\"twitter:data1\" content=\"enequipo\" \/>\n\t<meta name=\"twitter:label2\" content=\"Tiempo de lectura\" \/>\n\t<meta name=\"twitter:data2\" content=\"2 minutos\" \/>\n<script type=\"application\/ld+json\" class=\"yoast-schema-graph\">{\"@context\":\"https:\/\/schema.org\",\"@graph\":[{\"@type\":\"Article\",\"@id\":\"https:\/\/www.sonoraenequipo.com.mx\/secretaria-de-agricultura-inicia-proyecto-de-cooperativas-de-mujeres-en-el-sur-de-sonora\/#article\",\"isPartOf\":{\"@id\":\"https:\/\/www.sonoraenequipo.com.mx\/secretaria-de-agricultura-inicia-proyecto-de-cooperativas-de-mujeres-en-el-sur-de-sonora\/\"},\"author\":{\"name\":\"enequipo\",\"@id\":\"https:\/\/www.sonoraenequipo.com.mx\/#\/schema\/person\/50102df0fb23a8fa9e8effad8fa81386\"},\"headline\":\"Secretar\u00eda de Agricultura inicia proyecto de cooperativas de mujeres en el sur de Sonora\",\"datePublished\":\"2022-10-22T22:00:13+00:00\",\"dateModified\":\"2022-10-23T01:36:12+00:00\",\"mainEntityOfPage\":{\"@id\":\"https:\/\/www.sonoraenequipo.com.mx\/secretaria-de-agricultura-inicia-proyecto-de-cooperativas-de-mujeres-en-el-sur-de-sonora\/\"},\"wordCount\":511,\"commentCount\":0,\"publisher\":{\"@id\":\"https:\/\/www.sonoraenequipo.com.mx\/#organization\"},\"image\":{\"@id\":\"https:\/\/www.sonoraenequipo.com.mx\/secretaria-de-agricultura-inicia-proyecto-de-cooperativas-de-mujeres-en-el-sur-de-sonora\/#primaryimage\"},\"thumbnailUrl\":\"https:\/\/www.sonoraenequipo.com.mx\/storage\/2022\/10\/1022202hinicia-proyecto-de-cooperativas-de-mujeres-ensur-Sonora6.jpg\",\"articleSection\":[\"Sonora\"],\"inLanguage\":\"es\",\"potentialAction\":[{\"@type\":\"CommentAction\",\"name\":\"Comment\",\"target\":[\"https:\/\/www.sonoraenequipo.com.mx\/secretaria-de-agricultura-inicia-proyecto-de-cooperativas-de-mujeres-en-el-sur-de-sonora\/#respond\"]}]},{\"@type\":\"WebPage\",\"@id\":\"https:\/\/www.sonoraenequipo.com.mx\/secretaria-de-agricultura-inicia-proyecto-de-cooperativas-de-mujeres-en-el-sur-de-sonora\/\",\"url\":\"https:\/\/www.sonoraenequipo.com.mx\/secretaria-de-agricultura-inicia-proyecto-de-cooperativas-de-mujeres-en-el-sur-de-sonora\/\",\"name\":\"Sonora en Equipo. Secretar\u00eda de Agricultura inicia proyecto de cooperativas de mujeres en el sur de Sonora Sonora\",\"isPartOf\":{\"@id\":\"https:\/\/www.sonoraenequipo.com.mx\/#website\"},\"primaryImageOfPage\":{\"@id\":\"https:\/\/www.sonoraenequipo.com.mx\/secretaria-de-agricultura-inicia-proyecto-de-cooperativas-de-mujeres-en-el-sur-de-sonora\/#primaryimage\"},\"image\":{\"@id\":\"https:\/\/www.sonoraenequipo.com.mx\/secretaria-de-agricultura-inicia-proyecto-de-cooperativas-de-mujeres-en-el-sur-de-sonora\/#primaryimage\"},\"thumbnailUrl\":\"https:\/\/www.sonoraenequipo.com.mx\/storage\/2022\/10\/1022202hinicia-proyecto-de-cooperativas-de-mujeres-ensur-Sonora6.jpg\",\"datePublished\":\"2022-10-22T22:00:13+00:00\",\"dateModified\":\"2022-10-23T01:36:12+00:00\",\"description\":\"TESLA, NAVOJOA, SONORA. MX. \u2014 El desarrollo de zonas estrat\u00e9gicas del estado es una realidad con la entrega de los viveros para cooperativas de mujeres, En Sonora en Equipo publicamos toda la informaci\u00f3n de Sonora, M\u00e9xico y el Mundo de manera oportuna y busca que la libertad de expresi\u00f3n sea real. Visita nuestro medio informativo publicado desde Hermosillo, Sonora. %\",\"breadcrumb\":{\"@id\":\"https:\/\/www.sonoraenequipo.com.mx\/secretaria-de-agricultura-inicia-proyecto-de-cooperativas-de-mujeres-en-el-sur-de-sonora\/#breadcrumb\"},\"inLanguage\":\"es\",\"potentialAction\":[{\"@type\":\"ReadAction\",\"target\":[\"https:\/\/www.sonoraenequipo.com.mx\/secretaria-de-agricultura-inicia-proyecto-de-cooperativas-de-mujeres-en-el-sur-de-sonora\/\"]}]},{\"@type\":\"ImageObject\",\"inLanguage\":\"es\",\"@id\":\"https:\/\/www.sonoraenequipo.com.mx\/secretaria-de-agricultura-inicia-proyecto-de-cooperativas-de-mujeres-en-el-sur-de-sonora\/#primaryimage\",\"url\":\"https:\/\/www.sonoraenequipo.com.mx\/storage\/2022\/10\/1022202hinicia-proyecto-de-cooperativas-de-mujeres-ensur-Sonora6.jpg\",\"contentUrl\":\"https:\/\/www.sonoraenequipo.com.mx\/storage\/2022\/10\/1022202hinicia-proyecto-de-cooperativas-de-mujeres-ensur-Sonora6.jpg\",\"width\":900,\"height\":515},{\"@type\":\"BreadcrumbList\",\"@id\":\"https:\/\/www.sonoraenequipo.com.mx\/secretaria-de-agricultura-inicia-proyecto-de-cooperativas-de-mujeres-en-el-sur-de-sonora\/#breadcrumb\",\"itemListElement\":[{\"@type\":\"ListItem\",\"position\":1,\"name\":\"Portada\",\"item\":\"https:\/\/www.sonoraenequipo.com.mx\/\"},{\"@type\":\"ListItem\",\"position\":2,\"name\":\"Secretar\u00eda de Agricultura inicia proyecto de cooperativas de mujeres en el sur de Sonora\"}]},{\"@type\":\"WebSite\",\"@id\":\"https:\/\/www.sonoraenequipo.com.mx\/#website\",\"url\":\"https:\/\/www.sonoraenequipo.com.mx\/\",\"name\":\"Sonora en Equipo.\",\"description\":\"Diario en l\u00ednea con Noticias desde Hermosillo, Sonora\",\"publisher\":{\"@id\":\"https:\/\/www.sonoraenequipo.com.mx\/#organization\"},\"potentialAction\":[{\"@type\":\"SearchAction\",\"target\":{\"@type\":\"EntryPoint\",\"urlTemplate\":\"https:\/\/www.sonoraenequipo.com.mx\/?s={search_term_string}\"},\"query-input\":{\"@type\":\"PropertyValueSpecification\",\"valueRequired\":true,\"valueName\":\"search_term_string\"}}],\"inLanguage\":\"es\"},{\"@type\":\"Organization\",\"@id\":\"https:\/\/www.sonoraenequipo.com.mx\/#organization\",\"name\":\"Sonoraenequipo.com.mx\",\"url\":\"https:\/\/www.sonoraenequipo.com.mx\/\",\"logo\":{\"@type\":\"ImageObject\",\"inLanguage\":\"es\",\"@id\":\"https:\/\/www.sonoraenequipo.com.mx\/#\/schema\/logo\/image\/\",\"url\":\"https:\/\/www.sonoraenequipo.com.mx\/storage\/2019\/01\/sonoraenequipo_opt.png\",\"contentUrl\":\"https:\/\/www.sonoraenequipo.com.mx\/storage\/2019\/01\/sonoraenequipo_opt.png\",\"width\":375,\"height\":125,\"caption\":\"Sonoraenequipo.com.mx\"},\"image\":{\"@id\":\"https:\/\/www.sonoraenequipo.com.mx\/#\/schema\/logo\/image\/\"},\"sameAs\":[\"https:\/\/www.facebook.com\/SonoraEE\/\",\"https:\/\/x.com\/sonoraenequipo\",\"https:\/\/www.youtube.com\/channel\/UC338nW-lPEYmJQs4ZABQ1SQ\"]},{\"@type\":\"Person\",\"@id\":\"https:\/\/www.sonoraenequipo.com.mx\/#\/schema\/person\/50102df0fb23a8fa9e8effad8fa81386\",\"name\":\"enequipo\",\"image\":{\"@type\":\"ImageObject\",\"inLanguage\":\"es\",\"@id\":\"https:\/\/www.sonoraenequipo.com.mx\/#\/schema\/person\/image\/\",\"url\":\"https:\/\/secure.gravatar.com\/avatar\/049821681b589dabc0bc20695993ccebb09f5b5d4d790cd9251b97faac7c652b?s=96&d=blank&r=g\",\"contentUrl\":\"https:\/\/secure.gravatar.com\/avatar\/049821681b589dabc0bc20695993ccebb09f5b5d4d790cd9251b97faac7c652b?s=96&d=blank&r=g\",\"caption\":\"enequipo\"},\"sameAs\":[\"https:\/\/www.facebook.com\/SonoraEE\"]}]}<\/script>\n ","yoast_head_json":{"title":"Sonora en Equipo. Secretar\u00eda de Agricultura inicia proyecto de cooperativas de mujeres en el sur de Sonora Sonora","description":"TESLA, NAVOJOA, SONORA. MX. \u2014 El desarrollo de zonas estrat\u00e9gicas del estado es una realidad con la entrega de los viveros para cooperativas de mujeres, En Sonora en Equipo publicamos toda la informaci\u00f3n de Sonora, M\u00e9xico y el Mundo de manera oportuna y busca que la libertad de expresi\u00f3n sea real. Visita nuestro medio informativo publicado desde Hermosillo, Sonora. %","robots":{"index":"index","follow":"follow","max-snippet":"max-snippet:-1","max-image-preview":"max-image-preview:large","max-video-preview":"max-video-preview:-1"},"canonical":"https:\/\/www.sonoraenequipo.com.mx\/secretaria-de-agricultura-inicia-proyecto-de-cooperativas-de-mujeres-en-el-sur-de-sonora\/","og_locale":"es_ES","og_type":"article","og_title":"Sonora en Equipo. Secretar\u00eda de Agricultura inicia proyecto de cooperativas de mujeres en el sur de Sonora Sonora","og_description":"TESLA, NAVOJOA, SONORA. MX. \u2014 El desarrollo de zonas estrat\u00e9gicas del estado es una realidad con la entrega de los viveros para cooperativas de mujeres, En Sonora en Equipo publicamos toda la informaci\u00f3n de Sonora, M\u00e9xico y el Mundo de manera oportuna y busca que la libertad de expresi\u00f3n sea real. Visita nuestro medio informativo publicado desde Hermosillo, Sonora. %","og_url":"https:\/\/www.sonoraenequipo.com.mx\/secretaria-de-agricultura-inicia-proyecto-de-cooperativas-de-mujeres-en-el-sur-de-sonora\/","og_site_name":"Sonora en Equipo.","article_publisher":"https:\/\/www.facebook.com\/SonoraEE\/","article_author":"https:\/\/www.facebook.com\/SonoraEE","article_published_time":"2022-10-22T22:00:13+00:00","article_modified_time":"2022-10-23T01:36:12+00:00","og_image":[{"width":900,"height":515,"url":"https:\/\/www.sonoraenequipo.com.mx\/storage\/2022\/10\/1022202hinicia-proyecto-de-cooperativas-de-mujeres-ensur-Sonora6.jpg","type":"image\/jpeg"}],"author":"enequipo","twitter_card":"summary_large_image","twitter_creator":"@sonoraenequipo","twitter_site":"@sonoraenequipo","twitter_misc":{"Escrito por":"enequipo","Tiempo de lectura":"2 minutos"},"schema":{"@context":"https:\/\/schema.org","@graph":[{"@type":"Article","@id":"https:\/\/www.sonoraenequipo.com.mx\/secretaria-de-agricultura-inicia-proyecto-de-cooperativas-de-mujeres-en-el-sur-de-sonora\/#article","isPartOf":{"@id":"https:\/\/www.sonoraenequipo.com.mx\/secretaria-de-agricultura-inicia-proyecto-de-cooperativas-de-mujeres-en-el-sur-de-sonora\/"},"author":{"name":"enequipo","@id":"https:\/\/www.sonoraenequipo.com.mx\/#\/schema\/person\/50102df0fb23a8fa9e8effad8fa81386"},"headline":"Secretar\u00eda de Agricultura inicia proyecto de cooperativas de mujeres en el sur de Sonora","datePublished":"2022-10-22T22:00:13+00:00","dateModified":"2022-10-23T01:36:12+00:00","mainEntityOfPage":{"@id":"https:\/\/www.sonoraenequipo.com.mx\/secretaria-de-agricultura-inicia-proyecto-de-cooperativas-de-mujeres-en-el-sur-de-sonora\/"},"wordCount":511,"commentCount":0,"publisher":{"@id":"https:\/\/www.sonoraenequipo.com.mx\/#organization"},"image":{"@id":"https:\/\/www.sonoraenequipo.com.mx\/secretaria-de-agricultura-inicia-proyecto-de-cooperativas-de-mujeres-en-el-sur-de-sonora\/#primaryimage"},"thumbnailUrl":"https:\/\/www.sonoraenequipo.com.mx\/storage\/2022\/10\/1022202hinicia-proyecto-de-cooperativas-de-mujeres-ensur-Sonora6.jpg","articleSection":["Sonora"],"inLanguage":"es","potentialAction":[{"@type":"CommentAction","name":"Comment","target":["https:\/\/www.sonoraenequipo.com.mx\/secretaria-de-agricultura-inicia-proyecto-de-cooperativas-de-mujeres-en-el-sur-de-sonora\/#respond"]}]},{"@type":"WebPage","@id":"https:\/\/www.sonoraenequipo.com.mx\/secretaria-de-agricultura-inicia-proyecto-de-cooperativas-de-mujeres-en-el-sur-de-sonora\/","url":"https:\/\/www.sonoraenequipo.com.mx\/secretaria-de-agricultura-inicia-proyecto-de-cooperativas-de-mujeres-en-el-sur-de-sonora\/","name":"Sonora en Equipo. Secretar\u00eda de Agricultura inicia proyecto de cooperativas de mujeres en el sur de Sonora Sonora","isPartOf":{"@id":"https:\/\/www.sonoraenequipo.com.mx\/#website"},"primaryImageOfPage":{"@id":"https:\/\/www.sonoraenequipo.com.mx\/secretaria-de-agricultura-inicia-proyecto-de-cooperativas-de-mujeres-en-el-sur-de-sonora\/#primaryimage"},"image":{"@id":"https:\/\/www.sonoraenequipo.com.mx\/secretaria-de-agricultura-inicia-proyecto-de-cooperativas-de-mujeres-en-el-sur-de-sonora\/#primaryimage"},"thumbnailUrl":"https:\/\/www.sonoraenequipo.com.mx\/storage\/2022\/10\/1022202hinicia-proyecto-de-cooperativas-de-mujeres-ensur-Sonora6.jpg","datePublished":"2022-10-22T22:00:13+00:00","dateModified":"2022-10-23T01:36:12+00:00","description":"TESLA, NAVOJOA, SONORA. MX. \u2014 El desarrollo de zonas estrat\u00e9gicas del estado es una realidad con la entrega de los viveros para cooperativas de mujeres, En Sonora en Equipo publicamos toda la informaci\u00f3n de Sonora, M\u00e9xico y el Mundo de manera oportuna y busca que la libertad de expresi\u00f3n sea real. Visita nuestro medio informativo publicado desde Hermosillo, Sonora. %","breadcrumb":{"@id":"https:\/\/www.sonoraenequipo.com.mx\/secretaria-de-agricultura-inicia-proyecto-de-cooperativas-de-mujeres-en-el-sur-de-sonora\/#breadcrumb"},"inLanguage":"es","potentialAction":[{"@type":"ReadAction","target":["https:\/\/www.sonoraenequipo.com.mx\/secretaria-de-agricultura-inicia-proyecto-de-cooperativas-de-mujeres-en-el-sur-de-sonora\/"]}]},{"@type":"ImageObject","inLanguage":"es","@id":"https:\/\/www.sonoraenequipo.com.mx\/secretaria-de-agricultura-inicia-proyecto-de-cooperativas-de-mujeres-en-el-sur-de-sonora\/#primaryimage","url":"https:\/\/www.sonoraenequipo.com.mx\/storage\/2022\/10\/1022202hinicia-proyecto-de-cooperativas-de-mujeres-ensur-Sonora6.jpg","contentUrl":"https:\/\/www.sonoraenequipo.com.mx\/storage\/2022\/10\/1022202hinicia-proyecto-de-cooperativas-de-mujeres-ensur-Sonora6.jpg","width":900,"height":515},{"@type":"BreadcrumbList","@id":"https:\/\/www.sonoraenequipo.com.mx\/secretaria-de-agricultura-inicia-proyecto-de-cooperativas-de-mujeres-en-el-sur-de-sonora\/#breadcrumb","itemListElement":[{"@type":"ListItem","position":1,"name":"Portada","item":"https:\/\/www.sonoraenequipo.com.mx\/"},{"@type":"ListItem","position":2,"name":"Secretar\u00eda de Agricultura inicia proyecto de cooperativas de mujeres en el sur de Sonora"}]},{"@type":"WebSite","@id":"https:\/\/www.sonoraenequipo.com.mx\/#website","url":"https:\/\/www.sonoraenequipo.com.mx\/","name":"Sonora en Equipo.","description":"Diario en l\u00ednea con Noticias desde Hermosillo, Sonora","publisher":{"@id":"https:\/\/www.sonoraenequipo.com.mx\/#organization"},"potentialAction":[{"@type":"SearchAction","target":{"@type":"EntryPoint","urlTemplate":"https:\/\/www.sonoraenequipo.com.mx\/?s={search_term_string}"},"query-input":{"@type":"PropertyValueSpecification","valueRequired":true,"valueName":"search_term_string"}}],"inLanguage":"es"},{"@type":"Organization","@id":"https:\/\/www.sonoraenequipo.com.mx\/#organization","name":"Sonoraenequipo.com.mx","url":"https:\/\/www.sonoraenequipo.com.mx\/","logo":{"@type":"ImageObject","inLanguage":"es","@id":"https:\/\/www.sonoraenequipo.com.mx\/#\/schema\/logo\/image\/","url":"https:\/\/www.sonoraenequipo.com.mx\/storage\/2019\/01\/sonoraenequipo_opt.png","contentUrl":"https:\/\/www.sonoraenequipo.com.mx\/storage\/2019\/01\/sonoraenequipo_opt.png","width":375,"height":125,"caption":"Sonoraenequipo.com.mx"},"image":{"@id":"https:\/\/www.sonoraenequipo.com.mx\/#\/schema\/logo\/image\/"},"sameAs":["https:\/\/www.facebook.com\/SonoraEE\/","https:\/\/x.com\/sonoraenequipo","https:\/\/www.youtube.com\/channel\/UC338nW-lPEYmJQs4ZABQ1SQ"]},{"@type":"Person","@id":"https:\/\/www.sonoraenequipo.com.mx\/#\/schema\/person\/50102df0fb23a8fa9e8effad8fa81386","name":"enequipo","image":{"@type":"ImageObject","inLanguage":"es","@id":"https:\/\/www.sonoraenequipo.com.mx\/#\/schema\/person\/image\/","url":"https:\/\/secure.gravatar.com\/avatar\/049821681b589dabc0bc20695993ccebb09f5b5d4d790cd9251b97faac7c652b?s=96&d=blank&r=g","contentUrl":"https:\/\/secure.gravatar.com\/avatar\/049821681b589dabc0bc20695993ccebb09f5b5d4d790cd9251b97faac7c652b?s=96&d=blank&r=g","caption":"enequipo"},"sameAs":["https:\/\/www.facebook.com\/SonoraEE"]}]}},"jetpack_featured_media_url":"https:\/\/www.sonoraenequipo.com.mx\/storage\/2022\/10\/1022202hinicia-proyecto-de-cooperativas-de-mujeres-ensur-Sonora6.jpg","_links":{"self":[{"href":"https:\/\/www.sonoraenequipo.com.mx\/api\/wp\/v2\/posts\/149995","targetHints":{"allow":["GET"]}}],"collection":[{"href":"https:\/\/www.sonoraenequipo.com.mx\/api\/wp\/v2\/posts"}],"about":[{"href":"https:\/\/www.sonoraenequipo.com.mx\/api\/wp\/v2\/types\/post"}],"author":[{"embeddable":true,"href":"https:\/\/www.sonoraenequipo.com.mx\/api\/wp\/v2\/users\/1"}],"replies":[{"embeddable":true,"href":"https:\/\/www.sonoraenequipo.com.mx\/api\/wp\/v2\/comments?post=149995"}],"version-history":[{"count":1,"href":"https:\/\/www.sonoraenequipo.com.mx\/api\/wp\/v2\/posts\/149995\/revisions"}],"predecessor-version":[{"id":149999,"href":"https:\/\/www.sonoraenequipo.com.mx\/api\/wp\/v2\/posts\/149995\/revisions\/149999"}],"wp:featuredmedia":[{"embeddable":true,"href":"https:\/\/www.sonoraenequipo.com.mx\/api\/wp\/v2\/media\/149998"}],"wp:attachment":[{"href":"https:\/\/www.sonoraenequipo.com.mx\/api\/wp\/v2\/media?parent=149995"}],"wp:term":[{"taxonomy":"category","embeddable":true,"href":"https:\/\/www.sonoraenequipo.com.mx\/api\/wp\/v2\/categories?post=149995"},{"taxonomy":"post_tag","embeddable":true,"href":"https:\/\/www.sonoraenequipo.com.mx\/api\/wp\/v2\/tags?post=149995"}],"curies":[{"name":"wp","href":"https:\/\/api.w.org\/{rel}","templated":true}]}}