{"id":150000,"date":"2022-10-22T17:50:57","date_gmt":"2022-10-23T00:50:57","guid":{"rendered":"https:\/\/www.sonoraenequipo.com.mx\/?p=150000"},"modified":"2022-10-22T18:57:04","modified_gmt":"2022-10-23T01:57:04","slug":"carretera-agua-prieta-bavispe-tendra-un-alto-impacto-en-el-sonora-profundo-gobernador-alfonso-durazo","status":"publish","type":"post","link":"https:\/\/www.sonoraenequipo.com.mx\/carretera-agua-prieta-bavispe-tendra-un-alto-impacto-en-el-sonora-profundo-gobernador-alfonso-durazo\/","title":{"rendered":"Carretera Agua Prieta &#8211; Bavispe tendr\u00e1 un alto impacto en el Sonora profundo: gobernador Alfonso Durazo"},"content":{"rendered":"<p><strong>HERMOSILLO, SONORA. MX.<\/strong> \u2014 La conclusi\u00f3n de la carretera Agua Prieta &#8211; Bavispe, en los \u00faltimos d\u00edas del presente a\u00f1o, tendr\u00e1 un alto impacto en las comunidades de la sierra, en el Sonora profundo, ya que permitir\u00e1 un mayor flujo de visitantes, principalmente de aquellos que residen en Estados Unidos y quienes tendr\u00e1n una v\u00eda de acceso m\u00e1s r\u00e1pida y segura a la entidad, asegur\u00f3 el gobernador Alfonso Durazo Monta\u00f1o.<\/p>\n<p>&nbsp;<\/p>\n<p> <\/p>\n<p>&nbsp;<\/p>\n<p>El mandatario estatal explic\u00f3 que se tiene estipulado que esta carretera quede concluida para el 31 de diciembre, misma que facilitar\u00e1 el tr\u00e1fico entre municipios de la sierra e incrementar\u00e1 el dinamismo de la econom\u00eda regional.<\/p>\n<p>&nbsp;<\/p>\n<p><strong><em>\u201cVa a tener un alto impacto en el Sonora profundo, porque va a cerrar el circuito carretero que une a todos los municipios de la sierra y, obviamente, va a haber un flujo tur\u00edstico muy importante, particularmente de paisanos que son de los pueblos de la sierra. \u00bfD\u00f3nde est\u00e1 la gente de Bavispe? Est\u00e1 en Tucson, est\u00e1 en Phoenix, est\u00e1 en Utah\u2026 Los \u00c1ngeles\u201d<\/em><\/strong>, indic\u00f3.<\/p>\n<p>&nbsp;<\/p>\n<p>&nbsp;<\/p>\n<p>El gobernador Durazo Monta\u00f1o a\u00f1adi\u00f3 que se est\u00e1 trabajando conjuntamente con las y los presidentes municipales de la sierra para la definici\u00f3n de eventos como fiestas emblem\u00e1ticas para incentivar el turismo y el esparcimiento en la regi\u00f3n.<\/p>\n<p>&nbsp;<\/p>\n<p>PUBLICADO EL 22\/OCTUBRE DE 2022 \/Con informaci\u00f3n de GOBSON 1022-203)<\/p>\n","protected":false},"excerpt":{"rendered":"<p>HERMOSILLO, SONORA. MX. \u2014 La conclusi\u00f3n de la carretera Agua Prieta &#8211; Bavispe, en los&#8230;<\/p>\n","protected":false},"author":1,"featured_media":150001,"comment_status":"open","ping_status":"open","sticky":false,"template":"","format":"standard","meta":{"_monsterinsights_skip_tracking":false,"_monsterinsights_sitenote_active":false,"_monsterinsights_sitenote_note":"","_monsterinsights_sitenote_category":0,"footnotes":""},"categories":[5],"tags":[],"class_list":["post"],"yoast_head":" \n<title>Sonora en Equipo. Carretera Agua Prieta - Bavispe tendr\u00e1 un alto impacto en el Sonora profundo: gobernador Alfonso Durazo Rep\u00fablica<\/title>\n<meta name=\"description\" content=\"HERMOSILLO, SONORA. MX. \u2014 La conclusi\u00f3n de la carretera Agua Prieta - Bavispe, en los \u00faltimos d\u00edas del presente a\u00f1o, tendr\u00e1 un alto impacto en las En Sonora en Equipo publicamos toda la informaci\u00f3n de Sonora, M\u00e9xico y el Mundo de manera oportuna y busca que la libertad de expresi\u00f3n sea real. Visita nuestro medio informativo publicado desde Hermosillo, Sonora. %\" \/>\n<meta name=\"robots\" content=\"index, follow, max-snippet:-1, max-image-preview:large, max-video-preview:-1\" \/>\n<link rel=\"canonical\" href=\"https:\/\/www.sonoraenequipo.com.mx\/carretera-agua-prieta-bavispe-tendra-un-alto-impacto-en-el-sonora-profundo-gobernador-alfonso-durazo\/\" \/>\n<meta property=\"og:locale\" content=\"es_ES\" \/>\n<meta property=\"og:type\" content=\"article\" \/>\n<meta property=\"og:title\" content=\"Sonora en Equipo. Carretera Agua Prieta - Bavispe tendr\u00e1 un alto impacto en el Sonora profundo: gobernador Alfonso Durazo Rep\u00fablica\" \/>\n<meta property=\"og:description\" content=\"HERMOSILLO, SONORA. MX. \u2014 La conclusi\u00f3n de la carretera Agua Prieta - Bavispe, en los \u00faltimos d\u00edas del presente a\u00f1o, tendr\u00e1 un alto impacto en las En Sonora en Equipo publicamos toda la informaci\u00f3n de Sonora, M\u00e9xico y el Mundo de manera oportuna y busca que la libertad de expresi\u00f3n sea real. Visita nuestro medio informativo publicado desde Hermosillo, Sonora. %\" \/>\n<meta property=\"og:url\" content=\"https:\/\/www.sonoraenequipo.com.mx\/carretera-agua-prieta-bavispe-tendra-un-alto-impacto-en-el-sonora-profundo-gobernador-alfonso-durazo\/\" \/>\n<meta property=\"og:site_name\" content=\"Sonora en Equipo.\" \/>\n<meta property=\"article:publisher\" content=\"https:\/\/www.facebook.com\/SonoraEE\/\" \/>\n<meta property=\"article:author\" content=\"https:\/\/www.facebook.com\/SonoraEE\" \/>\n<meta property=\"article:published_time\" content=\"2022-10-23T00:50:57+00:00\" \/>\n<meta property=\"article:modified_time\" content=\"2022-10-23T01:57:04+00:00\" \/>\n<meta property=\"og:image\" content=\"https:\/\/www.sonoraenequipo.com.mx\/storage\/2022\/10\/Alfonso-Durazo-2210.jpg\" \/>\n\t<meta property=\"og:image:width\" content=\"900\" \/>\n\t<meta property=\"og:image:height\" content=\"515\" \/>\n\t<meta property=\"og:image:type\" content=\"image\/jpeg\" \/>\n<meta name=\"author\" content=\"enequipo\" \/>\n<meta name=\"twitter:card\" content=\"summary_large_image\" \/>\n<meta name=\"twitter:creator\" content=\"@sonoraenequipo\" \/>\n<meta name=\"twitter:site\" content=\"@sonoraenequipo\" \/>\n<meta name=\"twitter:label1\" content=\"Escrito por\" \/>\n\t<meta name=\"twitter:data1\" content=\"enequipo\" \/>\n\t<meta name=\"twitter:label2\" content=\"Tiempo de lectura\" \/>\n\t<meta name=\"twitter:data2\" content=\"1 minuto\" \/>\n<script type=\"application\/ld+json\" class=\"yoast-schema-graph\">{\"@context\":\"https:\/\/schema.org\",\"@graph\":[{\"@type\":\"Article\",\"@id\":\"https:\/\/www.sonoraenequipo.com.mx\/carretera-agua-prieta-bavispe-tendra-un-alto-impacto-en-el-sonora-profundo-gobernador-alfonso-durazo\/#article\",\"isPartOf\":{\"@id\":\"https:\/\/www.sonoraenequipo.com.mx\/carretera-agua-prieta-bavispe-tendra-un-alto-impacto-en-el-sonora-profundo-gobernador-alfonso-durazo\/\"},\"author\":{\"name\":\"enequipo\",\"@id\":\"https:\/\/www.sonoraenequipo.com.mx\/#\/schema\/person\/50102df0fb23a8fa9e8effad8fa81386\"},\"headline\":\"Carretera Agua Prieta &#8211; Bavispe tendr\u00e1 un alto impacto en el Sonora profundo: gobernador Alfonso Durazo\",\"datePublished\":\"2022-10-23T00:50:57+00:00\",\"dateModified\":\"2022-10-23T01:57:04+00:00\",\"mainEntityOfPage\":{\"@id\":\"https:\/\/www.sonoraenequipo.com.mx\/carretera-agua-prieta-bavispe-tendra-un-alto-impacto-en-el-sonora-profundo-gobernador-alfonso-durazo\/\"},\"wordCount\":255,\"commentCount\":0,\"publisher\":{\"@id\":\"https:\/\/www.sonoraenequipo.com.mx\/#organization\"},\"image\":{\"@id\":\"https:\/\/www.sonoraenequipo.com.mx\/carretera-agua-prieta-bavispe-tendra-un-alto-impacto-en-el-sonora-profundo-gobernador-alfonso-durazo\/#primaryimage\"},\"thumbnailUrl\":\"https:\/\/www.sonoraenequipo.com.mx\/storage\/2022\/10\/Alfonso-Durazo-2210.jpg\",\"articleSection\":[\"Rep\u00fablica\"],\"inLanguage\":\"es\",\"potentialAction\":[{\"@type\":\"CommentAction\",\"name\":\"Comment\",\"target\":[\"https:\/\/www.sonoraenequipo.com.mx\/carretera-agua-prieta-bavispe-tendra-un-alto-impacto-en-el-sonora-profundo-gobernador-alfonso-durazo\/#respond\"]}]},{\"@type\":\"WebPage\",\"@id\":\"https:\/\/www.sonoraenequipo.com.mx\/carretera-agua-prieta-bavispe-tendra-un-alto-impacto-en-el-sonora-profundo-gobernador-alfonso-durazo\/\",\"url\":\"https:\/\/www.sonoraenequipo.com.mx\/carretera-agua-prieta-bavispe-tendra-un-alto-impacto-en-el-sonora-profundo-gobernador-alfonso-durazo\/\",\"name\":\"Sonora en Equipo. Carretera Agua Prieta - Bavispe tendr\u00e1 un alto impacto en el Sonora profundo: gobernador Alfonso Durazo Rep\u00fablica\",\"isPartOf\":{\"@id\":\"https:\/\/www.sonoraenequipo.com.mx\/#website\"},\"primaryImageOfPage\":{\"@id\":\"https:\/\/www.sonoraenequipo.com.mx\/carretera-agua-prieta-bavispe-tendra-un-alto-impacto-en-el-sonora-profundo-gobernador-alfonso-durazo\/#primaryimage\"},\"image\":{\"@id\":\"https:\/\/www.sonoraenequipo.com.mx\/carretera-agua-prieta-bavispe-tendra-un-alto-impacto-en-el-sonora-profundo-gobernador-alfonso-durazo\/#primaryimage\"},\"thumbnailUrl\":\"https:\/\/www.sonoraenequipo.com.mx\/storage\/2022\/10\/Alfonso-Durazo-2210.jpg\",\"datePublished\":\"2022-10-23T00:50:57+00:00\",\"dateModified\":\"2022-10-23T01:57:04+00:00\",\"description\":\"HERMOSILLO, SONORA. MX. \u2014 La conclusi\u00f3n de la carretera Agua Prieta - Bavispe, en los \u00faltimos d\u00edas del presente a\u00f1o, tendr\u00e1 un alto impacto en las En Sonora en Equipo publicamos toda la informaci\u00f3n de Sonora, M\u00e9xico y el Mundo de manera oportuna y busca que la libertad de expresi\u00f3n sea real. Visita nuestro medio informativo publicado desde Hermosillo, Sonora. %\",\"breadcrumb\":{\"@id\":\"https:\/\/www.sonoraenequipo.com.mx\/carretera-agua-prieta-bavispe-tendra-un-alto-impacto-en-el-sonora-profundo-gobernador-alfonso-durazo\/#breadcrumb\"},\"inLanguage\":\"es\",\"potentialAction\":[{\"@type\":\"ReadAction\",\"target\":[\"https:\/\/www.sonoraenequipo.com.mx\/carretera-agua-prieta-bavispe-tendra-un-alto-impacto-en-el-sonora-profundo-gobernador-alfonso-durazo\/\"]}]},{\"@type\":\"ImageObject\",\"inLanguage\":\"es\",\"@id\":\"https:\/\/www.sonoraenequipo.com.mx\/carretera-agua-prieta-bavispe-tendra-un-alto-impacto-en-el-sonora-profundo-gobernador-alfonso-durazo\/#primaryimage\",\"url\":\"https:\/\/www.sonoraenequipo.com.mx\/storage\/2022\/10\/Alfonso-Durazo-2210.jpg\",\"contentUrl\":\"https:\/\/www.sonoraenequipo.com.mx\/storage\/2022\/10\/Alfonso-Durazo-2210.jpg\",\"width\":900,\"height\":515},{\"@type\":\"BreadcrumbList\",\"@id\":\"https:\/\/www.sonoraenequipo.com.mx\/carretera-agua-prieta-bavispe-tendra-un-alto-impacto-en-el-sonora-profundo-gobernador-alfonso-durazo\/#breadcrumb\",\"itemListElement\":[{\"@type\":\"ListItem\",\"position\":1,\"name\":\"Portada\",\"item\":\"https:\/\/www.sonoraenequipo.com.mx\/\"},{\"@type\":\"ListItem\",\"position\":2,\"name\":\"Carretera Agua Prieta &#8211; Bavispe tendr\u00e1 un alto impacto en el Sonora profundo: gobernador Alfonso Durazo\"}]},{\"@type\":\"WebSite\",\"@id\":\"https:\/\/www.sonoraenequipo.com.mx\/#website\",\"url\":\"https:\/\/www.sonoraenequipo.com.mx\/\",\"name\":\"Sonora en Equipo.\",\"description\":\"Diario en l\u00ednea con Noticias desde Hermosillo, Sonora\",\"publisher\":{\"@id\":\"https:\/\/www.sonoraenequipo.com.mx\/#organization\"},\"potentialAction\":[{\"@type\":\"SearchAction\",\"target\":{\"@type\":\"EntryPoint\",\"urlTemplate\":\"https:\/\/www.sonoraenequipo.com.mx\/?s={search_term_string}\"},\"query-input\":{\"@type\":\"PropertyValueSpecification\",\"valueRequired\":true,\"valueName\":\"search_term_string\"}}],\"inLanguage\":\"es\"},{\"@type\":\"Organization\",\"@id\":\"https:\/\/www.sonoraenequipo.com.mx\/#organization\",\"name\":\"Sonoraenequipo.com.mx\",\"url\":\"https:\/\/www.sonoraenequipo.com.mx\/\",\"logo\":{\"@type\":\"ImageObject\",\"inLanguage\":\"es\",\"@id\":\"https:\/\/www.sonoraenequipo.com.mx\/#\/schema\/logo\/image\/\",\"url\":\"https:\/\/www.sonoraenequipo.com.mx\/storage\/2019\/01\/sonoraenequipo_opt.png\",\"contentUrl\":\"https:\/\/www.sonoraenequipo.com.mx\/storage\/2019\/01\/sonoraenequipo_opt.png\",\"width\":375,\"height\":125,\"caption\":\"Sonoraenequipo.com.mx\"},\"image\":{\"@id\":\"https:\/\/www.sonoraenequipo.com.mx\/#\/schema\/logo\/image\/\"},\"sameAs\":[\"https:\/\/www.facebook.com\/SonoraEE\/\",\"https:\/\/x.com\/sonoraenequipo\",\"https:\/\/www.youtube.com\/channel\/UC338nW-lPEYmJQs4ZABQ1SQ\"]},{\"@type\":\"Person\",\"@id\":\"https:\/\/www.sonoraenequipo.com.mx\/#\/schema\/person\/50102df0fb23a8fa9e8effad8fa81386\",\"name\":\"enequipo\",\"image\":{\"@type\":\"ImageObject\",\"inLanguage\":\"es\",\"@id\":\"https:\/\/www.sonoraenequipo.com.mx\/#\/schema\/person\/image\/\",\"url\":\"https:\/\/secure.gravatar.com\/avatar\/049821681b589dabc0bc20695993ccebb09f5b5d4d790cd9251b97faac7c652b?s=96&d=blank&r=g\",\"contentUrl\":\"https:\/\/secure.gravatar.com\/avatar\/049821681b589dabc0bc20695993ccebb09f5b5d4d790cd9251b97faac7c652b?s=96&d=blank&r=g\",\"caption\":\"enequipo\"},\"sameAs\":[\"https:\/\/www.facebook.com\/SonoraEE\"]}]}<\/script>\n ","yoast_head_json":{"title":"Sonora en Equipo. Carretera Agua Prieta - Bavispe tendr\u00e1 un alto impacto en el Sonora profundo: gobernador Alfonso Durazo Rep\u00fablica","description":"HERMOSILLO, SONORA. MX. \u2014 La conclusi\u00f3n de la carretera Agua Prieta - Bavispe, en los \u00faltimos d\u00edas del presente a\u00f1o, tendr\u00e1 un alto impacto en las En Sonora en Equipo publicamos toda la informaci\u00f3n de Sonora, M\u00e9xico y el Mundo de manera oportuna y busca que la libertad de expresi\u00f3n sea real. Visita nuestro medio informativo publicado desde Hermosillo, Sonora. %","robots":{"index":"index","follow":"follow","max-snippet":"max-snippet:-1","max-image-preview":"max-image-preview:large","max-video-preview":"max-video-preview:-1"},"canonical":"https:\/\/www.sonoraenequipo.com.mx\/carretera-agua-prieta-bavispe-tendra-un-alto-impacto-en-el-sonora-profundo-gobernador-alfonso-durazo\/","og_locale":"es_ES","og_type":"article","og_title":"Sonora en Equipo. Carretera Agua Prieta - Bavispe tendr\u00e1 un alto impacto en el Sonora profundo: gobernador Alfonso Durazo Rep\u00fablica","og_description":"HERMOSILLO, SONORA. MX. \u2014 La conclusi\u00f3n de la carretera Agua Prieta - Bavispe, en los \u00faltimos d\u00edas del presente a\u00f1o, tendr\u00e1 un alto impacto en las En Sonora en Equipo publicamos toda la informaci\u00f3n de Sonora, M\u00e9xico y el Mundo de manera oportuna y busca que la libertad de expresi\u00f3n sea real. Visita nuestro medio informativo publicado desde Hermosillo, Sonora. %","og_url":"https:\/\/www.sonoraenequipo.com.mx\/carretera-agua-prieta-bavispe-tendra-un-alto-impacto-en-el-sonora-profundo-gobernador-alfonso-durazo\/","og_site_name":"Sonora en Equipo.","article_publisher":"https:\/\/www.facebook.com\/SonoraEE\/","article_author":"https:\/\/www.facebook.com\/SonoraEE","article_published_time":"2022-10-23T00:50:57+00:00","article_modified_time":"2022-10-23T01:57:04+00:00","og_image":[{"width":900,"height":515,"url":"https:\/\/www.sonoraenequipo.com.mx\/storage\/2022\/10\/Alfonso-Durazo-2210.jpg","type":"image\/jpeg"}],"author":"enequipo","twitter_card":"summary_large_image","twitter_creator":"@sonoraenequipo","twitter_site":"@sonoraenequipo","twitter_misc":{"Escrito por":"enequipo","Tiempo de lectura":"1 minuto"},"schema":{"@context":"https:\/\/schema.org","@graph":[{"@type":"Article","@id":"https:\/\/www.sonoraenequipo.com.mx\/carretera-agua-prieta-bavispe-tendra-un-alto-impacto-en-el-sonora-profundo-gobernador-alfonso-durazo\/#article","isPartOf":{"@id":"https:\/\/www.sonoraenequipo.com.mx\/carretera-agua-prieta-bavispe-tendra-un-alto-impacto-en-el-sonora-profundo-gobernador-alfonso-durazo\/"},"author":{"name":"enequipo","@id":"https:\/\/www.sonoraenequipo.com.mx\/#\/schema\/person\/50102df0fb23a8fa9e8effad8fa81386"},"headline":"Carretera Agua Prieta &#8211; Bavispe tendr\u00e1 un alto impacto en el Sonora profundo: gobernador Alfonso Durazo","datePublished":"2022-10-23T00:50:57+00:00","dateModified":"2022-10-23T01:57:04+00:00","mainEntityOfPage":{"@id":"https:\/\/www.sonoraenequipo.com.mx\/carretera-agua-prieta-bavispe-tendra-un-alto-impacto-en-el-sonora-profundo-gobernador-alfonso-durazo\/"},"wordCount":255,"commentCount":0,"publisher":{"@id":"https:\/\/www.sonoraenequipo.com.mx\/#organization"},"image":{"@id":"https:\/\/www.sonoraenequipo.com.mx\/carretera-agua-prieta-bavispe-tendra-un-alto-impacto-en-el-sonora-profundo-gobernador-alfonso-durazo\/#primaryimage"},"thumbnailUrl":"https:\/\/www.sonoraenequipo.com.mx\/storage\/2022\/10\/Alfonso-Durazo-2210.jpg","articleSection":["Rep\u00fablica"],"inLanguage":"es","potentialAction":[{"@type":"CommentAction","name":"Comment","target":["https:\/\/www.sonoraenequipo.com.mx\/carretera-agua-prieta-bavispe-tendra-un-alto-impacto-en-el-sonora-profundo-gobernador-alfonso-durazo\/#respond"]}]},{"@type":"WebPage","@id":"https:\/\/www.sonoraenequipo.com.mx\/carretera-agua-prieta-bavispe-tendra-un-alto-impacto-en-el-sonora-profundo-gobernador-alfonso-durazo\/","url":"https:\/\/www.sonoraenequipo.com.mx\/carretera-agua-prieta-bavispe-tendra-un-alto-impacto-en-el-sonora-profundo-gobernador-alfonso-durazo\/","name":"Sonora en Equipo. Carretera Agua Prieta - Bavispe tendr\u00e1 un alto impacto en el Sonora profundo: gobernador Alfonso Durazo Rep\u00fablica","isPartOf":{"@id":"https:\/\/www.sonoraenequipo.com.mx\/#website"},"primaryImageOfPage":{"@id":"https:\/\/www.sonoraenequipo.com.mx\/carretera-agua-prieta-bavispe-tendra-un-alto-impacto-en-el-sonora-profundo-gobernador-alfonso-durazo\/#primaryimage"},"image":{"@id":"https:\/\/www.sonoraenequipo.com.mx\/carretera-agua-prieta-bavispe-tendra-un-alto-impacto-en-el-sonora-profundo-gobernador-alfonso-durazo\/#primaryimage"},"thumbnailUrl":"https:\/\/www.sonoraenequipo.com.mx\/storage\/2022\/10\/Alfonso-Durazo-2210.jpg","datePublished":"2022-10-23T00:50:57+00:00","dateModified":"2022-10-23T01:57:04+00:00","description":"HERMOSILLO, SONORA. MX. \u2014 La conclusi\u00f3n de la carretera Agua Prieta - Bavispe, en los \u00faltimos d\u00edas del presente a\u00f1o, tendr\u00e1 un alto impacto en las En Sonora en Equipo publicamos toda la informaci\u00f3n de Sonora, M\u00e9xico y el Mundo de manera oportuna y busca que la libertad de expresi\u00f3n sea real. Visita nuestro medio informativo publicado desde Hermosillo, Sonora. %","breadcrumb":{"@id":"https:\/\/www.sonoraenequipo.com.mx\/carretera-agua-prieta-bavispe-tendra-un-alto-impacto-en-el-sonora-profundo-gobernador-alfonso-durazo\/#breadcrumb"},"inLanguage":"es","potentialAction":[{"@type":"ReadAction","target":["https:\/\/www.sonoraenequipo.com.mx\/carretera-agua-prieta-bavispe-tendra-un-alto-impacto-en-el-sonora-profundo-gobernador-alfonso-durazo\/"]}]},{"@type":"ImageObject","inLanguage":"es","@id":"https:\/\/www.sonoraenequipo.com.mx\/carretera-agua-prieta-bavispe-tendra-un-alto-impacto-en-el-sonora-profundo-gobernador-alfonso-durazo\/#primaryimage","url":"https:\/\/www.sonoraenequipo.com.mx\/storage\/2022\/10\/Alfonso-Durazo-2210.jpg","contentUrl":"https:\/\/www.sonoraenequipo.com.mx\/storage\/2022\/10\/Alfonso-Durazo-2210.jpg","width":900,"height":515},{"@type":"BreadcrumbList","@id":"https:\/\/www.sonoraenequipo.com.mx\/carretera-agua-prieta-bavispe-tendra-un-alto-impacto-en-el-sonora-profundo-gobernador-alfonso-durazo\/#breadcrumb","itemListElement":[{"@type":"ListItem","position":1,"name":"Portada","item":"https:\/\/www.sonoraenequipo.com.mx\/"},{"@type":"ListItem","position":2,"name":"Carretera Agua Prieta &#8211; Bavispe tendr\u00e1 un alto impacto en el Sonora profundo: gobernador Alfonso Durazo"}]},{"@type":"WebSite","@id":"https:\/\/www.sonoraenequipo.com.mx\/#website","url":"https:\/\/www.sonoraenequipo.com.mx\/","name":"Sonora en Equipo.","description":"Diario en l\u00ednea con Noticias desde Hermosillo, Sonora","publisher":{"@id":"https:\/\/www.sonoraenequipo.com.mx\/#organization"},"potentialAction":[{"@type":"SearchAction","target":{"@type":"EntryPoint","urlTemplate":"https:\/\/www.sonoraenequipo.com.mx\/?s={search_term_string}"},"query-input":{"@type":"PropertyValueSpecification","valueRequired":true,"valueName":"search_term_string"}}],"inLanguage":"es"},{"@type":"Organization","@id":"https:\/\/www.sonoraenequipo.com.mx\/#organization","name":"Sonoraenequipo.com.mx","url":"https:\/\/www.sonoraenequipo.com.mx\/","logo":{"@type":"ImageObject","inLanguage":"es","@id":"https:\/\/www.sonoraenequipo.com.mx\/#\/schema\/logo\/image\/","url":"https:\/\/www.sonoraenequipo.com.mx\/storage\/2019\/01\/sonoraenequipo_opt.png","contentUrl":"https:\/\/www.sonoraenequipo.com.mx\/storage\/2019\/01\/sonoraenequipo_opt.png","width":375,"height":125,"caption":"Sonoraenequipo.com.mx"},"image":{"@id":"https:\/\/www.sonoraenequipo.com.mx\/#\/schema\/logo\/image\/"},"sameAs":["https:\/\/www.facebook.com\/SonoraEE\/","https:\/\/x.com\/sonoraenequipo","https:\/\/www.youtube.com\/channel\/UC338nW-lPEYmJQs4ZABQ1SQ"]},{"@type":"Person","@id":"https:\/\/www.sonoraenequipo.com.mx\/#\/schema\/person\/50102df0fb23a8fa9e8effad8fa81386","name":"enequipo","image":{"@type":"ImageObject","inLanguage":"es","@id":"https:\/\/www.sonoraenequipo.com.mx\/#\/schema\/person\/image\/","url":"https:\/\/secure.gravatar.com\/avatar\/049821681b589dabc0bc20695993ccebb09f5b5d4d790cd9251b97faac7c652b?s=96&d=blank&r=g","contentUrl":"https:\/\/secure.gravatar.com\/avatar\/049821681b589dabc0bc20695993ccebb09f5b5d4d790cd9251b97faac7c652b?s=96&d=blank&r=g","caption":"enequipo"},"sameAs":["https:\/\/www.facebook.com\/SonoraEE"]}]}},"jetpack_featured_media_url":"https:\/\/www.sonoraenequipo.com.mx\/storage\/2022\/10\/Alfonso-Durazo-2210.jpg","_links":{"self":[{"href":"https:\/\/www.sonoraenequipo.com.mx\/api\/wp\/v2\/posts\/150000","targetHints":{"allow":["GET"]}}],"collection":[{"href":"https:\/\/www.sonoraenequipo.com.mx\/api\/wp\/v2\/posts"}],"about":[{"href":"https:\/\/www.sonoraenequipo.com.mx\/api\/wp\/v2\/types\/post"}],"author":[{"embeddable":true,"href":"https:\/\/www.sonoraenequipo.com.mx\/api\/wp\/v2\/users\/1"}],"replies":[{"embeddable":true,"href":"https:\/\/www.sonoraenequipo.com.mx\/api\/wp\/v2\/comments?post=150000"}],"version-history":[{"count":1,"href":"https:\/\/www.sonoraenequipo.com.mx\/api\/wp\/v2\/posts\/150000\/revisions"}],"predecessor-version":[{"id":150003,"href":"https:\/\/www.sonoraenequipo.com.mx\/api\/wp\/v2\/posts\/150000\/revisions\/150003"}],"wp:featuredmedia":[{"embeddable":true,"href":"https:\/\/www.sonoraenequipo.com.mx\/api\/wp\/v2\/media\/150001"}],"wp:attachment":[{"href":"https:\/\/www.sonoraenequipo.com.mx\/api\/wp\/v2\/media?parent=150000"}],"wp:term":[{"taxonomy":"category","embeddable":true,"href":"https:\/\/www.sonoraenequipo.com.mx\/api\/wp\/v2\/categories?post=150000"},{"taxonomy":"post_tag","embeddable":true,"href":"https:\/\/www.sonoraenequipo.com.mx\/api\/wp\/v2\/tags?post=150000"}],"curies":[{"name":"wp","href":"https:\/\/api.w.org\/{rel}","templated":true}]}}