{"id":150071,"date":"2022-10-23T21:36:02","date_gmt":"2022-10-24T04:36:02","guid":{"rendered":"https:\/\/www.sonoraenequipo.com.mx\/?p=150071"},"modified":"2022-10-23T21:24:53","modified_gmt":"2022-10-24T04:24:53","slug":"huracan-roslyn-causa-al-menos-2-muertos-y-severos-danos-en-nayarit","status":"publish","type":"post","link":"https:\/\/www.sonoraenequipo.com.mx\/huracan-roslyn-causa-al-menos-2-muertos-y-severos-danos-en-nayarit\/","title":{"rendered":"Hurac\u00e1n Roslyn causa al menos 2 muertos y severos da\u00f1os en Nayarit"},"content":{"rendered":"<p><strong>TEPIC, NAYARIT.MX.<\/strong> \u2014 Al menos dos personas fallecidas, viviendas y comercios da\u00f1ados, deslaves en carreteras, inundaciones y ca\u00edda de \u00e1rboles y postes dej\u00f3 este domingo el paso del hurac\u00e1n Roslyn, ya degradado a depresi\u00f3n tropical, en el estado de Nayarit.<\/p>\n<p>&nbsp;<\/p>\n<p> <\/p>\n<p><strong>H\u00e9ctor Pedro N\u00fa\u00f1ez Bueno,<\/strong> director general de Protecci\u00f3n Ciudadana y Bomberos de Nayarit, confirm\u00f3 en entrevista en FOROtv que dos personas murieron por el paso del hurac\u00e1n Roslyn en el estado, adem\u00e1s, dijo que el meteoro caus\u00f3 da\u00f1os importantes.<\/p>\n<p>&nbsp;<\/p>\n<p>Seg\u00fan el \u00faltimo reporte del Centro Nacional de Huracanes (NHC) de Estados Unidos, Roslyn se degrad\u00f3 a depresi\u00f3n tropical al internarse en el norte de M\u00e9xico.<\/p>\n<p>&nbsp;<\/p>\n<p>El meteoro se encontraba a 95 kil\u00f3metros de la ciudad norte\u00f1a de Torre\u00f3n, registraba vientos sostenidos de 55 kil\u00f3metros por hora y se pronostica que sus remanentes se disipar\u00e1n por la noche.<\/p>\n<p>&nbsp;<\/p>\n<p>Roslyn alcanz\u00f3 fuerza de hurac\u00e1n el viernes y de manera inesperada en unas horas lleg\u00f3 a la categor\u00eda 4 de la escala de Saffir-Simpson (de 5), el primero que llega a esa fuerza esta temporada en el Pac\u00edfico.<\/p>\n<p>&nbsp;<\/p>\n<p>Toc\u00f3 tierra alrededor de las 06:20 horas de este domingo con nivel 3 en las cercan\u00edas de Santa Cruz, en el estado de Nayarit, localidad de unos 1,200 habitantes que se dedican fundamentalmente a la pesca y la agricultura.<\/p>\n<p>&nbsp;<\/p>\n<p>Las autoridades de Protecci\u00f3n Civil de los estados de Nayarit y Jalisco , los m\u00e1s afectados por el fen\u00f3meno, reportaron algunos da\u00f1os materiales, inundaciones puntuales, ca\u00edda de \u00e1rboles y deslaves que han interrumpido el tr\u00e1fico en algunas carreteras.<\/p>\n<p>&nbsp;<\/p>\n<p><em><strong>\u201cTenemos inundaciones pero no representan un riesgo como tal\u201d<\/strong><\/em>, dijo a FOROtv Pedro N\u00fa\u00f1ez, director de Protecci\u00f3n Civil de Nayarit.<\/p>\n<h3>Recuento de da\u00f1os<\/h3>\n<p>&nbsp;<\/p>\n<p><strong>Puerto Vallarta, en Jalisco<\/strong>, de unos 220,000 habitantes y de las mayores localidades en la zona afectada por el hurac\u00e1n, empez\u00f3 el recuento de los da\u00f1os tras el paso de la lluvia y el viento.<\/p>\n<p>&nbsp;<\/p>\n<p><em><strong>\u201cFue un poco aterrador. El agua empez\u00f3 entrar en nuestra casa, tuvimos que sacar a nuestros hijos y ponerlos en un lugar alto (\u2026) estuvimos afuera bajo la lluvia como 3 horas, mi casa qued\u00f3 destruida\u201d,<\/strong><\/em> dijo a la AFP Erik Newcomer, un estadounidense que hace tres meses se instal\u00f3 en este balneario.<\/p>\n<p>&nbsp;<\/p>\n<p>En este destino tur\u00edstico abundan los visitantes y lo habitantes extranjeros, como Mitch Rom\u00e1n, de California, quien lleg\u00f3 hace 17 a\u00f1os.<\/p>\n<p>&nbsp;<\/p>\n<p><em><strong>\u201cLos vientos estuvieron fuertes, la lluvia no fue tan mala como se esperaba, pero hay muchos \u00e1rboles ca\u00eddos (\u2026) nunca hab\u00eda visto esta \u00e1rea as\u00ed\u201d,<\/strong><\/em> coment\u00f3 el estadounidense.<\/p>\n<p>&nbsp;<\/p>\n<p><strong>En Sayulita, en Nayarit,<\/strong> algunos sectores resultaron afectados por la crecida de un arroyo, que dej\u00f3 enterradas viviendas. En cuanto el clima lo permiti\u00f3, los pobladores intentaban rescatar sus pertenencias del fango.<\/p>\n<p>&nbsp;<\/p>\n<p><em><strong>\u201cTenemos un negocio de artesan\u00edas mexicanas, hubo mercanc\u00eda que se moj\u00f3, probablemente se da\u00f1\u00f3, pero hay personas que perdieron m\u00e1s\u201d<\/strong><\/em>, dijo Esperanza Mares, de 30 a\u00f1os, comerciante y agente inmobiliaria.<\/p>\n<p>&nbsp;<\/p>\n<p>En un recorrido desde <strong>Puerto Vallarta<\/strong> hacia la zona de impacto en Nayarit, la AFP observ\u00f3 un deslave carretero que dej\u00f3 pr\u00e1cticamente sepultado un tr\u00e1iler, provocando el cierre de la carretera.<\/p>\n<p>&nbsp;<\/p>\n<p><strong>En Bucer\u00edas, tambi\u00e9n en Nayarit,<\/strong> algunas calles se convirtieron en r\u00edos con fuertes corrientes que bajan de un cerro cercano.<\/p>\n<p>&nbsp;<\/p>\n<p>M\u00e1s de mil personas en zona de riesgo dejaron sus viviendas para trasladarse a refugios o casas de familiares.<\/p>\n<p>&nbsp;<\/p>\n<p>Asimismo, el fen\u00f3meno oblig\u00f3 a aplazar un partido semifinal del Abierto de Tenis de Guadalajara, la capital de Jalisco, afectada por precipitaciones el s\u00e1bado.<\/p>\n<p>&nbsp;<\/p>\n<p><strong>Un hurac\u00e1n superior a la categor\u00eda 3 se considera un fen\u00f3meno \u201cmayor\u201d potencialmente catastr\u00f3fico.<\/strong><\/p>\n<p>&nbsp;<\/p>\n<p><strong>Hace justo dos d\u00e9cadas<\/strong>, Kenna impact\u00f3 las costas de Jalisco como categor\u00eda 4 dejando cuatro muertos y p\u00e9rdidas millonarias.<\/p>\n<p>&nbsp;<\/p>\n<p><strong>A finales de mayo,<\/strong> Agatha, el primer fen\u00f3meno de la temporada en el Pac\u00edfico, impact\u00f3 en las costas del estado de Oaxaca (sur), donde las lluvias en localidades monta\u00f1osas dejaron once fallecidos.<\/p>\n<p>&nbsp;<\/p>\n<p><strong>El 3 de octubre,<\/strong> Orlene toc\u00f3 tierra en el estado de Sinaloa como categor\u00eda 1, dejando principalmente da\u00f1os materiales.<\/p>\n<p>&nbsp;<\/p>\n<p><strong>El 8 de septiembre<\/strong>, Kay, tambi\u00e9n categor\u00eda 1, alcanz\u00f3 el sur de la pen\u00ednsula de Baja California provocando afectaciones menores.<\/p>\n<p>&nbsp;<\/p>\n<p><strong>En octubre de 1997,<\/strong> Paulina arras\u00f3 como categor\u00eda 4 la costa sur del Pac\u00edfico mexicano dejando m\u00e1s de 200 muertos.<\/p>\n<p>&nbsp;<\/p>\n<p>&nbsp;<\/p>\n<p>PUBLICADO EL 23\/OCTUBRE DE 2022 \/ Con informaci\u00f3n de AFP \/N+)<\/p>\n","protected":false},"excerpt":{"rendered":"<p>TEPIC, NAYARIT.MX. \u2014 Al menos dos personas fallecidas, viviendas y comercios da\u00f1ados, deslaves en carreteras,&#8230;<\/p>\n","protected":false},"author":1,"featured_media":150072,"comment_status":"open","ping_status":"open","sticky":false,"template":"","format":"standard","meta":{"_monsterinsights_skip_tracking":false,"_monsterinsights_sitenote_active":false,"_monsterinsights_sitenote_note":"","_monsterinsights_sitenote_category":0,"footnotes":""},"categories":[5],"tags":[],"class_list":["post"],"yoast_head":" \n<title>Sonora en Equipo. Hurac\u00e1n Roslyn causa al menos 2 muertos y severos da\u00f1os en Nayarit Rep\u00fablica<\/title>\n<meta name=\"description\" content=\"TEPIC, NAYARIT.MX. \u2014 Al menos dos personas fallecidas, viviendas y comercios da\u00f1ados, deslaves en carreteras, inundaciones y ca\u00edda de \u00e1rboles y postes En Sonora en Equipo publicamos toda la informaci\u00f3n de Sonora, M\u00e9xico y el Mundo de manera oportuna y busca que la libertad de expresi\u00f3n sea real. Visita nuestro medio informativo publicado desde Hermosillo, Sonora. %\" \/>\n<meta name=\"robots\" content=\"index, follow, max-snippet:-1, max-image-preview:large, max-video-preview:-1\" \/>\n<link rel=\"canonical\" href=\"https:\/\/www.sonoraenequipo.com.mx\/huracan-roslyn-causa-al-menos-2-muertos-y-severos-danos-en-nayarit\/\" \/>\n<meta property=\"og:locale\" content=\"es_ES\" \/>\n<meta property=\"og:type\" content=\"article\" \/>\n<meta property=\"og:title\" content=\"Sonora en Equipo. Hurac\u00e1n Roslyn causa al menos 2 muertos y severos da\u00f1os en Nayarit Rep\u00fablica\" \/>\n<meta property=\"og:description\" content=\"TEPIC, NAYARIT.MX. \u2014 Al menos dos personas fallecidas, viviendas y comercios da\u00f1ados, deslaves en carreteras, inundaciones y ca\u00edda de \u00e1rboles y postes En Sonora en Equipo publicamos toda la informaci\u00f3n de Sonora, M\u00e9xico y el Mundo de manera oportuna y busca que la libertad de expresi\u00f3n sea real. Visita nuestro medio informativo publicado desde Hermosillo, Sonora. %\" \/>\n<meta property=\"og:url\" content=\"https:\/\/www.sonoraenequipo.com.mx\/huracan-roslyn-causa-al-menos-2-muertos-y-severos-danos-en-nayarit\/\" \/>\n<meta property=\"og:site_name\" content=\"Sonora en Equipo.\" \/>\n<meta property=\"article:publisher\" content=\"https:\/\/www.facebook.com\/SonoraEE\/\" \/>\n<meta property=\"article:author\" content=\"https:\/\/www.facebook.com\/SonoraEE\" \/>\n<meta property=\"article:published_time\" content=\"2022-10-24T04:36:02+00:00\" \/>\n<meta property=\"og:image\" content=\"https:\/\/www.sonoraenequipo.com.mx\/storage\/2022\/10\/danos-huracan-roslyn-nayarit-reuters.webp\" \/>\n\t<meta property=\"og:image:width\" content=\"1280\" \/>\n\t<meta property=\"og:image:height\" content=\"720\" \/>\n\t<meta property=\"og:image:type\" content=\"image\/webp\" \/>\n<meta name=\"author\" content=\"enequipo\" \/>\n<meta name=\"twitter:card\" content=\"summary_large_image\" \/>\n<meta name=\"twitter:creator\" content=\"@sonoraenequipo\" \/>\n<meta name=\"twitter:site\" content=\"@sonoraenequipo\" \/>\n<meta name=\"twitter:label1\" content=\"Escrito por\" \/>\n\t<meta name=\"twitter:data1\" content=\"enequipo\" \/>\n\t<meta name=\"twitter:label2\" content=\"Tiempo de lectura\" \/>\n\t<meta name=\"twitter:data2\" content=\"4 minutos\" \/>\n<script type=\"application\/ld+json\" class=\"yoast-schema-graph\">{\"@context\":\"https:\/\/schema.org\",\"@graph\":[{\"@type\":\"Article\",\"@id\":\"https:\/\/www.sonoraenequipo.com.mx\/huracan-roslyn-causa-al-menos-2-muertos-y-severos-danos-en-nayarit\/#article\",\"isPartOf\":{\"@id\":\"https:\/\/www.sonoraenequipo.com.mx\/huracan-roslyn-causa-al-menos-2-muertos-y-severos-danos-en-nayarit\/\"},\"author\":{\"name\":\"enequipo\",\"@id\":\"https:\/\/www.sonoraenequipo.com.mx\/#\/schema\/person\/50102df0fb23a8fa9e8effad8fa81386\"},\"headline\":\"Hurac\u00e1n Roslyn causa al menos 2 muertos y severos da\u00f1os en Nayarit\",\"datePublished\":\"2022-10-24T04:36:02+00:00\",\"mainEntityOfPage\":{\"@id\":\"https:\/\/www.sonoraenequipo.com.mx\/huracan-roslyn-causa-al-menos-2-muertos-y-severos-danos-en-nayarit\/\"},\"wordCount\":785,\"commentCount\":0,\"publisher\":{\"@id\":\"https:\/\/www.sonoraenequipo.com.mx\/#organization\"},\"image\":{\"@id\":\"https:\/\/www.sonoraenequipo.com.mx\/huracan-roslyn-causa-al-menos-2-muertos-y-severos-danos-en-nayarit\/#primaryimage\"},\"thumbnailUrl\":\"https:\/\/www.sonoraenequipo.com.mx\/storage\/2022\/10\/danos-huracan-roslyn-nayarit-reuters.webp\",\"articleSection\":[\"Rep\u00fablica\"],\"inLanguage\":\"es\",\"potentialAction\":[{\"@type\":\"CommentAction\",\"name\":\"Comment\",\"target\":[\"https:\/\/www.sonoraenequipo.com.mx\/huracan-roslyn-causa-al-menos-2-muertos-y-severos-danos-en-nayarit\/#respond\"]}]},{\"@type\":\"WebPage\",\"@id\":\"https:\/\/www.sonoraenequipo.com.mx\/huracan-roslyn-causa-al-menos-2-muertos-y-severos-danos-en-nayarit\/\",\"url\":\"https:\/\/www.sonoraenequipo.com.mx\/huracan-roslyn-causa-al-menos-2-muertos-y-severos-danos-en-nayarit\/\",\"name\":\"Sonora en Equipo. Hurac\u00e1n Roslyn causa al menos 2 muertos y severos da\u00f1os en Nayarit Rep\u00fablica\",\"isPartOf\":{\"@id\":\"https:\/\/www.sonoraenequipo.com.mx\/#website\"},\"primaryImageOfPage\":{\"@id\":\"https:\/\/www.sonoraenequipo.com.mx\/huracan-roslyn-causa-al-menos-2-muertos-y-severos-danos-en-nayarit\/#primaryimage\"},\"image\":{\"@id\":\"https:\/\/www.sonoraenequipo.com.mx\/huracan-roslyn-causa-al-menos-2-muertos-y-severos-danos-en-nayarit\/#primaryimage\"},\"thumbnailUrl\":\"https:\/\/www.sonoraenequipo.com.mx\/storage\/2022\/10\/danos-huracan-roslyn-nayarit-reuters.webp\",\"datePublished\":\"2022-10-24T04:36:02+00:00\",\"description\":\"TEPIC, NAYARIT.MX. \u2014 Al menos dos personas fallecidas, viviendas y comercios da\u00f1ados, deslaves en carreteras, inundaciones y ca\u00edda de \u00e1rboles y postes En Sonora en Equipo publicamos toda la informaci\u00f3n de Sonora, M\u00e9xico y el Mundo de manera oportuna y busca que la libertad de expresi\u00f3n sea real. Visita nuestro medio informativo publicado desde Hermosillo, Sonora. %\",\"breadcrumb\":{\"@id\":\"https:\/\/www.sonoraenequipo.com.mx\/huracan-roslyn-causa-al-menos-2-muertos-y-severos-danos-en-nayarit\/#breadcrumb\"},\"inLanguage\":\"es\",\"potentialAction\":[{\"@type\":\"ReadAction\",\"target\":[\"https:\/\/www.sonoraenequipo.com.mx\/huracan-roslyn-causa-al-menos-2-muertos-y-severos-danos-en-nayarit\/\"]}]},{\"@type\":\"ImageObject\",\"inLanguage\":\"es\",\"@id\":\"https:\/\/www.sonoraenequipo.com.mx\/huracan-roslyn-causa-al-menos-2-muertos-y-severos-danos-en-nayarit\/#primaryimage\",\"url\":\"https:\/\/www.sonoraenequipo.com.mx\/storage\/2022\/10\/danos-huracan-roslyn-nayarit-reuters.webp\",\"contentUrl\":\"https:\/\/www.sonoraenequipo.com.mx\/storage\/2022\/10\/danos-huracan-roslyn-nayarit-reuters.webp\",\"width\":1280,\"height\":720},{\"@type\":\"BreadcrumbList\",\"@id\":\"https:\/\/www.sonoraenequipo.com.mx\/huracan-roslyn-causa-al-menos-2-muertos-y-severos-danos-en-nayarit\/#breadcrumb\",\"itemListElement\":[{\"@type\":\"ListItem\",\"position\":1,\"name\":\"Portada\",\"item\":\"https:\/\/www.sonoraenequipo.com.mx\/\"},{\"@type\":\"ListItem\",\"position\":2,\"name\":\"Hurac\u00e1n Roslyn causa al menos 2 muertos y severos da\u00f1os en Nayarit\"}]},{\"@type\":\"WebSite\",\"@id\":\"https:\/\/www.sonoraenequipo.com.mx\/#website\",\"url\":\"https:\/\/www.sonoraenequipo.com.mx\/\",\"name\":\"Sonora en Equipo.\",\"description\":\"Diario en l\u00ednea con Noticias desde Hermosillo, Sonora\",\"publisher\":{\"@id\":\"https:\/\/www.sonoraenequipo.com.mx\/#organization\"},\"potentialAction\":[{\"@type\":\"SearchAction\",\"target\":{\"@type\":\"EntryPoint\",\"urlTemplate\":\"https:\/\/www.sonoraenequipo.com.mx\/?s={search_term_string}\"},\"query-input\":{\"@type\":\"PropertyValueSpecification\",\"valueRequired\":true,\"valueName\":\"search_term_string\"}}],\"inLanguage\":\"es\"},{\"@type\":\"Organization\",\"@id\":\"https:\/\/www.sonoraenequipo.com.mx\/#organization\",\"name\":\"Sonoraenequipo.com.mx\",\"url\":\"https:\/\/www.sonoraenequipo.com.mx\/\",\"logo\":{\"@type\":\"ImageObject\",\"inLanguage\":\"es\",\"@id\":\"https:\/\/www.sonoraenequipo.com.mx\/#\/schema\/logo\/image\/\",\"url\":\"https:\/\/www.sonoraenequipo.com.mx\/storage\/2019\/01\/sonoraenequipo_opt.png\",\"contentUrl\":\"https:\/\/www.sonoraenequipo.com.mx\/storage\/2019\/01\/sonoraenequipo_opt.png\",\"width\":375,\"height\":125,\"caption\":\"Sonoraenequipo.com.mx\"},\"image\":{\"@id\":\"https:\/\/www.sonoraenequipo.com.mx\/#\/schema\/logo\/image\/\"},\"sameAs\":[\"https:\/\/www.facebook.com\/SonoraEE\/\",\"https:\/\/x.com\/sonoraenequipo\",\"https:\/\/www.youtube.com\/channel\/UC338nW-lPEYmJQs4ZABQ1SQ\"]},{\"@type\":\"Person\",\"@id\":\"https:\/\/www.sonoraenequipo.com.mx\/#\/schema\/person\/50102df0fb23a8fa9e8effad8fa81386\",\"name\":\"enequipo\",\"image\":{\"@type\":\"ImageObject\",\"inLanguage\":\"es\",\"@id\":\"https:\/\/www.sonoraenequipo.com.mx\/#\/schema\/person\/image\/\",\"url\":\"https:\/\/secure.gravatar.com\/avatar\/049821681b589dabc0bc20695993ccebb09f5b5d4d790cd9251b97faac7c652b?s=96&d=blank&r=g\",\"contentUrl\":\"https:\/\/secure.gravatar.com\/avatar\/049821681b589dabc0bc20695993ccebb09f5b5d4d790cd9251b97faac7c652b?s=96&d=blank&r=g\",\"caption\":\"enequipo\"},\"sameAs\":[\"https:\/\/www.facebook.com\/SonoraEE\"]}]}<\/script>\n ","yoast_head_json":{"title":"Sonora en Equipo. Hurac\u00e1n Roslyn causa al menos 2 muertos y severos da\u00f1os en Nayarit Rep\u00fablica","description":"TEPIC, NAYARIT.MX. \u2014 Al menos dos personas fallecidas, viviendas y comercios da\u00f1ados, deslaves en carreteras, inundaciones y ca\u00edda de \u00e1rboles y postes En Sonora en Equipo publicamos toda la informaci\u00f3n de Sonora, M\u00e9xico y el Mundo de manera oportuna y busca que la libertad de expresi\u00f3n sea real. Visita nuestro medio informativo publicado desde Hermosillo, Sonora. %","robots":{"index":"index","follow":"follow","max-snippet":"max-snippet:-1","max-image-preview":"max-image-preview:large","max-video-preview":"max-video-preview:-1"},"canonical":"https:\/\/www.sonoraenequipo.com.mx\/huracan-roslyn-causa-al-menos-2-muertos-y-severos-danos-en-nayarit\/","og_locale":"es_ES","og_type":"article","og_title":"Sonora en Equipo. Hurac\u00e1n Roslyn causa al menos 2 muertos y severos da\u00f1os en Nayarit Rep\u00fablica","og_description":"TEPIC, NAYARIT.MX. \u2014 Al menos dos personas fallecidas, viviendas y comercios da\u00f1ados, deslaves en carreteras, inundaciones y ca\u00edda de \u00e1rboles y postes En Sonora en Equipo publicamos toda la informaci\u00f3n de Sonora, M\u00e9xico y el Mundo de manera oportuna y busca que la libertad de expresi\u00f3n sea real. Visita nuestro medio informativo publicado desde Hermosillo, Sonora. %","og_url":"https:\/\/www.sonoraenequipo.com.mx\/huracan-roslyn-causa-al-menos-2-muertos-y-severos-danos-en-nayarit\/","og_site_name":"Sonora en Equipo.","article_publisher":"https:\/\/www.facebook.com\/SonoraEE\/","article_author":"https:\/\/www.facebook.com\/SonoraEE","article_published_time":"2022-10-24T04:36:02+00:00","og_image":[{"width":1280,"height":720,"url":"https:\/\/www.sonoraenequipo.com.mx\/storage\/2022\/10\/danos-huracan-roslyn-nayarit-reuters.webp","type":"image\/webp"}],"author":"enequipo","twitter_card":"summary_large_image","twitter_creator":"@sonoraenequipo","twitter_site":"@sonoraenequipo","twitter_misc":{"Escrito por":"enequipo","Tiempo de lectura":"4 minutos"},"schema":{"@context":"https:\/\/schema.org","@graph":[{"@type":"Article","@id":"https:\/\/www.sonoraenequipo.com.mx\/huracan-roslyn-causa-al-menos-2-muertos-y-severos-danos-en-nayarit\/#article","isPartOf":{"@id":"https:\/\/www.sonoraenequipo.com.mx\/huracan-roslyn-causa-al-menos-2-muertos-y-severos-danos-en-nayarit\/"},"author":{"name":"enequipo","@id":"https:\/\/www.sonoraenequipo.com.mx\/#\/schema\/person\/50102df0fb23a8fa9e8effad8fa81386"},"headline":"Hurac\u00e1n Roslyn causa al menos 2 muertos y severos da\u00f1os en Nayarit","datePublished":"2022-10-24T04:36:02+00:00","mainEntityOfPage":{"@id":"https:\/\/www.sonoraenequipo.com.mx\/huracan-roslyn-causa-al-menos-2-muertos-y-severos-danos-en-nayarit\/"},"wordCount":785,"commentCount":0,"publisher":{"@id":"https:\/\/www.sonoraenequipo.com.mx\/#organization"},"image":{"@id":"https:\/\/www.sonoraenequipo.com.mx\/huracan-roslyn-causa-al-menos-2-muertos-y-severos-danos-en-nayarit\/#primaryimage"},"thumbnailUrl":"https:\/\/www.sonoraenequipo.com.mx\/storage\/2022\/10\/danos-huracan-roslyn-nayarit-reuters.webp","articleSection":["Rep\u00fablica"],"inLanguage":"es","potentialAction":[{"@type":"CommentAction","name":"Comment","target":["https:\/\/www.sonoraenequipo.com.mx\/huracan-roslyn-causa-al-menos-2-muertos-y-severos-danos-en-nayarit\/#respond"]}]},{"@type":"WebPage","@id":"https:\/\/www.sonoraenequipo.com.mx\/huracan-roslyn-causa-al-menos-2-muertos-y-severos-danos-en-nayarit\/","url":"https:\/\/www.sonoraenequipo.com.mx\/huracan-roslyn-causa-al-menos-2-muertos-y-severos-danos-en-nayarit\/","name":"Sonora en Equipo. Hurac\u00e1n Roslyn causa al menos 2 muertos y severos da\u00f1os en Nayarit Rep\u00fablica","isPartOf":{"@id":"https:\/\/www.sonoraenequipo.com.mx\/#website"},"primaryImageOfPage":{"@id":"https:\/\/www.sonoraenequipo.com.mx\/huracan-roslyn-causa-al-menos-2-muertos-y-severos-danos-en-nayarit\/#primaryimage"},"image":{"@id":"https:\/\/www.sonoraenequipo.com.mx\/huracan-roslyn-causa-al-menos-2-muertos-y-severos-danos-en-nayarit\/#primaryimage"},"thumbnailUrl":"https:\/\/www.sonoraenequipo.com.mx\/storage\/2022\/10\/danos-huracan-roslyn-nayarit-reuters.webp","datePublished":"2022-10-24T04:36:02+00:00","description":"TEPIC, NAYARIT.MX. \u2014 Al menos dos personas fallecidas, viviendas y comercios da\u00f1ados, deslaves en carreteras, inundaciones y ca\u00edda de \u00e1rboles y postes En Sonora en Equipo publicamos toda la informaci\u00f3n de Sonora, M\u00e9xico y el Mundo de manera oportuna y busca que la libertad de expresi\u00f3n sea real. Visita nuestro medio informativo publicado desde Hermosillo, Sonora. %","breadcrumb":{"@id":"https:\/\/www.sonoraenequipo.com.mx\/huracan-roslyn-causa-al-menos-2-muertos-y-severos-danos-en-nayarit\/#breadcrumb"},"inLanguage":"es","potentialAction":[{"@type":"ReadAction","target":["https:\/\/www.sonoraenequipo.com.mx\/huracan-roslyn-causa-al-menos-2-muertos-y-severos-danos-en-nayarit\/"]}]},{"@type":"ImageObject","inLanguage":"es","@id":"https:\/\/www.sonoraenequipo.com.mx\/huracan-roslyn-causa-al-menos-2-muertos-y-severos-danos-en-nayarit\/#primaryimage","url":"https:\/\/www.sonoraenequipo.com.mx\/storage\/2022\/10\/danos-huracan-roslyn-nayarit-reuters.webp","contentUrl":"https:\/\/www.sonoraenequipo.com.mx\/storage\/2022\/10\/danos-huracan-roslyn-nayarit-reuters.webp","width":1280,"height":720},{"@type":"BreadcrumbList","@id":"https:\/\/www.sonoraenequipo.com.mx\/huracan-roslyn-causa-al-menos-2-muertos-y-severos-danos-en-nayarit\/#breadcrumb","itemListElement":[{"@type":"ListItem","position":1,"name":"Portada","item":"https:\/\/www.sonoraenequipo.com.mx\/"},{"@type":"ListItem","position":2,"name":"Hurac\u00e1n Roslyn causa al menos 2 muertos y severos da\u00f1os en Nayarit"}]},{"@type":"WebSite","@id":"https:\/\/www.sonoraenequipo.com.mx\/#website","url":"https:\/\/www.sonoraenequipo.com.mx\/","name":"Sonora en Equipo.","description":"Diario en l\u00ednea con Noticias desde Hermosillo, Sonora","publisher":{"@id":"https:\/\/www.sonoraenequipo.com.mx\/#organization"},"potentialAction":[{"@type":"SearchAction","target":{"@type":"EntryPoint","urlTemplate":"https:\/\/www.sonoraenequipo.com.mx\/?s={search_term_string}"},"query-input":{"@type":"PropertyValueSpecification","valueRequired":true,"valueName":"search_term_string"}}],"inLanguage":"es"},{"@type":"Organization","@id":"https:\/\/www.sonoraenequipo.com.mx\/#organization","name":"Sonoraenequipo.com.mx","url":"https:\/\/www.sonoraenequipo.com.mx\/","logo":{"@type":"ImageObject","inLanguage":"es","@id":"https:\/\/www.sonoraenequipo.com.mx\/#\/schema\/logo\/image\/","url":"https:\/\/www.sonoraenequipo.com.mx\/storage\/2019\/01\/sonoraenequipo_opt.png","contentUrl":"https:\/\/www.sonoraenequipo.com.mx\/storage\/2019\/01\/sonoraenequipo_opt.png","width":375,"height":125,"caption":"Sonoraenequipo.com.mx"},"image":{"@id":"https:\/\/www.sonoraenequipo.com.mx\/#\/schema\/logo\/image\/"},"sameAs":["https:\/\/www.facebook.com\/SonoraEE\/","https:\/\/x.com\/sonoraenequipo","https:\/\/www.youtube.com\/channel\/UC338nW-lPEYmJQs4ZABQ1SQ"]},{"@type":"Person","@id":"https:\/\/www.sonoraenequipo.com.mx\/#\/schema\/person\/50102df0fb23a8fa9e8effad8fa81386","name":"enequipo","image":{"@type":"ImageObject","inLanguage":"es","@id":"https:\/\/www.sonoraenequipo.com.mx\/#\/schema\/person\/image\/","url":"https:\/\/secure.gravatar.com\/avatar\/049821681b589dabc0bc20695993ccebb09f5b5d4d790cd9251b97faac7c652b?s=96&d=blank&r=g","contentUrl":"https:\/\/secure.gravatar.com\/avatar\/049821681b589dabc0bc20695993ccebb09f5b5d4d790cd9251b97faac7c652b?s=96&d=blank&r=g","caption":"enequipo"},"sameAs":["https:\/\/www.facebook.com\/SonoraEE"]}]}},"jetpack_featured_media_url":"https:\/\/www.sonoraenequipo.com.mx\/storage\/2022\/10\/danos-huracan-roslyn-nayarit-reuters.webp","_links":{"self":[{"href":"https:\/\/www.sonoraenequipo.com.mx\/api\/wp\/v2\/posts\/150071","targetHints":{"allow":["GET"]}}],"collection":[{"href":"https:\/\/www.sonoraenequipo.com.mx\/api\/wp\/v2\/posts"}],"about":[{"href":"https:\/\/www.sonoraenequipo.com.mx\/api\/wp\/v2\/types\/post"}],"author":[{"embeddable":true,"href":"https:\/\/www.sonoraenequipo.com.mx\/api\/wp\/v2\/users\/1"}],"replies":[{"embeddable":true,"href":"https:\/\/www.sonoraenequipo.com.mx\/api\/wp\/v2\/comments?post=150071"}],"version-history":[{"count":2,"href":"https:\/\/www.sonoraenequipo.com.mx\/api\/wp\/v2\/posts\/150071\/revisions"}],"predecessor-version":[{"id":150074,"href":"https:\/\/www.sonoraenequipo.com.mx\/api\/wp\/v2\/posts\/150071\/revisions\/150074"}],"wp:featuredmedia":[{"embeddable":true,"href":"https:\/\/www.sonoraenequipo.com.mx\/api\/wp\/v2\/media\/150072"}],"wp:attachment":[{"href":"https:\/\/www.sonoraenequipo.com.mx\/api\/wp\/v2\/media?parent=150071"}],"wp:term":[{"taxonomy":"category","embeddable":true,"href":"https:\/\/www.sonoraenequipo.com.mx\/api\/wp\/v2\/categories?post=150071"},{"taxonomy":"post_tag","embeddable":true,"href":"https:\/\/www.sonoraenequipo.com.mx\/api\/wp\/v2\/tags?post=150071"}],"curies":[{"name":"wp","href":"https:\/\/api.w.org\/{rel}","templated":true}]}}