{"id":150089,"date":"2022-10-23T06:00:34","date_gmt":"2022-10-23T13:00:34","guid":{"rendered":"https:\/\/www.sonoraenequipo.com.mx\/?p=150089"},"modified":"2022-10-24T07:28:04","modified_gmt":"2022-10-24T14:28:04","slug":"encuentran-restos-del-avion-donde-viajaba-el-empresario-rainer-schaller-y-su-familia","status":"publish","type":"post","link":"https:\/\/www.sonoraenequipo.com.mx\/encuentran-restos-del-avion-donde-viajaba-el-empresario-rainer-schaller-y-su-familia\/","title":{"rendered":"Encuentran restos del avi\u00f3n donde viajaba el empresario Rainer Schaller y su familia"},"content":{"rendered":"<p><strong>SAN JOS\u00c9, COSTA RICA.\u2014<\/strong> El due\u00f1o de un gimnasio multimillonario y su familia se encontraban a bordo de un avi\u00f3n que cay\u00f3 en el oc\u00e9ano de la costa de Costa Rica, seg\u00fan informaron las autoridades este domingo.<\/p>\n<p>&nbsp;<\/p>\n<p>&nbsp;<\/p>\n<p> <\/p>\n<p>&nbsp;<\/p>\n<p>El propietario del famoso gimnasio <strong>Gold&#8217;s gym<\/strong> de 53 a\u00f1os, su novia Christiane Schikorsky, de 44 a\u00f1os de edad y sus dos hijos, Aaron Schaller y Finja Sghikorsky, se encontraban entre los pasajeros del avi\u00f3n el pasado viernes, seg\u00fan recort\u00f3 el Ministerio P\u00fablico de Costa Rica, seg\u00fan report\u00f3 AFP.<\/p>\n<p>&nbsp;<\/p>\n<p>Este comunicado confirm\u00f3 el anuncio previo por parte de la compa\u00f1\u00eda Schaller, el cual hab\u00eda notificado que la familia se encontraba en el avi\u00f3n, junto al entrenador personal Marcus Kurreck, de 40 a\u00f1os de edad.<\/p>\n<p>&nbsp;<\/p>\n<p>El avi\u00f3n hab\u00eda sido conducido por un piloto sueco de 66 a\u00f1os de edad, cuando la unidad desapareci\u00f3 repentinamente el viernes por la tarde antes de que las partes del avi\u00f3n fueran encontradas en el oc\u00e9ano el s\u00e1bado.<\/p>\n<p>&nbsp;<\/p>\n<p>La prensa costarricense dio a conocer que el avi\u00f3n privado tipo jet sali\u00f3 del aeropuerto de Chiapas.<\/p>\n<p>&nbsp;<\/p>\n<h3>\u00bfQui\u00e9nes son los tripulantes que viajaban en la aeronave?<\/h3>\n<p>&nbsp;<\/p>\n<p>De acuerdo con la AFP, los tripulantes fueron identificados como:<\/p>\n<p>&nbsp;<\/p>\n<p><strong>Lips de 66 a\u00f1os, piloto de Suiza.<\/strong><\/p>\n<p><strong>Schaller, hombre de 53 a\u00f1os.<\/strong><\/p>\n<p><strong>Schikorsky, mujer de 44 a\u00f1os.<\/strong><\/p>\n<p><strong>Kurreck, hombre de 40 a\u00f1os.<\/strong><\/p>\n<p><strong>Dos menores de edad.<\/strong><\/p>\n<p>&nbsp;<\/p>\n<p>Los reportes indican que todos ellos menos el piloto son de nacionalidad alemana.<\/p>\n<p>&nbsp;<\/p>\n<h3>\u00bfQui\u00e9n es el multimillonario que habr\u00eda fallecido en el accidente?<\/h3>\n<p>&nbsp;<\/p>\n<p>La agencia indica que Rainer Schaller, de 53 a\u00f1os, es due\u00f1o de los gimnasios <strong>McFit y Gold\u2019s Gym,<\/strong> y entre sus socios comerciales destaca <strong>Sergio Ramos, actual jugador del PSG.<\/strong><\/p>\n<p>&nbsp;<\/p>\n<p>Schaller es muy conocido en su pa\u00eds por organizar eventos masivos, entre ellos el Love Parade, un festival y desfile de m\u00fasica electr\u00f3nica que inici\u00f3 en Alemania.<\/p>\n<p>&nbsp;<\/p>\n<p>La cadena <strong>McFit<\/strong> fue fundada en 1996 y actualmente cuenta con m\u00e1s de 250 gimnasios en toda Europa.<\/p>\n<p>&nbsp;<\/p>\n<p>&nbsp;<\/p>\n<p>&nbsp;<\/p>\n<h3>Solo se han encontrado 2 de 6 cuerpos<\/h3>\n<p>&nbsp;<\/p>\n<p>Las autoridades recuperaron los cuerpos de un adulto y un ni\u00f1o, cerca del \u00e1rea donde sucedi\u00f3 el accidente, a 20 millas del aeropuerto <strong>&#8216;Limon&#8217;,<\/strong> donde el avi\u00f3n deb\u00eda aterrizar.<\/p>\n<p>&nbsp;<\/p>\n<p>&nbsp;<\/p>\n<p>Las identidades de las v\u00edctimas no han sido reveladas, mientras que las otras cuatro personas que se encontraban a bordo de la unidad a\u00fan no han sido encontradas y se asume que est\u00e9n muertas tambi\u00e9n.<\/p>\n<p>&nbsp;<\/p>\n<p>&nbsp;<\/p>\n<p>El avi\u00f3n perdi\u00f3 comunicaci\u00f3n cerca de Barra de Parismina, lugar que se sit\u00faa cerca de Limon.<\/p>\n<p>&nbsp;<\/p>\n<p>&nbsp;<\/p>\n<p>Un poco despu\u00e9s, las autoridades de Costa Rica alertaron que el avi\u00f3n se encontraba desaparecido, de acuerdo a Jorge Torres, el Ministro de Seguridad.<\/p>\n<p>&nbsp;<\/p>\n<p><strong>Torres, adem\u00e1s, declar\u00f3:<\/strong><\/p>\n<p>&nbsp;<\/p>\n<p>Alrededor de las seis de la tarde, recibimos una alerta de un vuelo que volaba desde M\u00e9xico al aeropuerto de Limon, el cual transportaba a cinco pasajeros alemanes\u00bb<\/p>\n<p>&nbsp;<\/p>\n<p>El avi\u00f3n se encontraba volando aproximadamente a 275 millas por hora y se encontraba cerca de 230 pies en el aire cuando perdi\u00f3 comunicaci\u00f3n.<\/p>\n<p>&nbsp;<\/p>\n<p>Se desconoce la raz\u00f3n que caus\u00f3 el accidente a\u00e9reo.<\/p>\n<p>&nbsp;<\/p>\n<p>El vuelo estaba programado para aterrizar en el aeropuerto de Juan Santamaria antes de las 7pm.<\/p>\n<p>&nbsp;<\/p>\n<p>La b\u00fasqueda comenz\u00f3 inmediatamente pero se cancel\u00f3 debido al mal clima. Posteriormente, se reanud\u00f3 el s\u00e1bado.<\/p>\n<p>&nbsp;<\/p>\n<p>Las autoridades de Costa Rica informaron que algunas piezas del avi\u00f3n fueron encontradas en el oc\u00e9ano el pasado s\u00e1bado, despu\u00e9s de que desapareciera el viernes.<\/p>\n<p>&nbsp;<\/p>\n<p>&nbsp;<\/p>\n<p>PUBLICADO EL 23\/OCTUBRE DE 2022)<\/p>\n","protected":false},"excerpt":{"rendered":"<p>SAN JOS\u00c9, COSTA RICA.\u2014 El due\u00f1o de un gimnasio multimillonario y su familia se encontraban&#8230;<\/p>\n","protected":false},"author":1,"featured_media":150090,"comment_status":"open","ping_status":"open","sticky":false,"template":"","format":"standard","meta":{"_monsterinsights_skip_tracking":false,"_monsterinsights_sitenote_active":false,"_monsterinsights_sitenote_note":"","_monsterinsights_sitenote_category":0,"footnotes":""},"categories":[3],"tags":[],"class_list":["post"],"yoast_head":" \n<title>Sonora en Equipo. Encuentran restos del avi\u00f3n donde viajaba el empresario Rainer Schaller y su familia MUNDO<\/title>\n<meta name=\"description\" content=\"SAN JOS\u00c9, COSTA RICA.\u2014 El due\u00f1o de un gimnasio multimillonario y su familia se encontraban a bordo de un avi\u00f3n que cay\u00f3 en el oc\u00e9ano de la costa de Costa En Sonora en Equipo publicamos toda la informaci\u00f3n de Sonora, M\u00e9xico y el Mundo de manera oportuna y busca que la libertad de expresi\u00f3n sea real. Visita nuestro medio informativo publicado desde Hermosillo, Sonora. %\" \/>\n<meta name=\"robots\" content=\"index, follow, max-snippet:-1, max-image-preview:large, max-video-preview:-1\" \/>\n<link rel=\"canonical\" href=\"https:\/\/www.sonoraenequipo.com.mx\/encuentran-restos-del-avion-donde-viajaba-el-empresario-rainer-schaller-y-su-familia\/\" \/>\n<meta property=\"og:locale\" content=\"es_ES\" \/>\n<meta property=\"og:type\" content=\"article\" \/>\n<meta property=\"og:title\" content=\"Sonora en Equipo. Encuentran restos del avi\u00f3n donde viajaba el empresario Rainer Schaller y su familia MUNDO\" \/>\n<meta property=\"og:description\" content=\"SAN JOS\u00c9, COSTA RICA.\u2014 El due\u00f1o de un gimnasio multimillonario y su familia se encontraban a bordo de un avi\u00f3n que cay\u00f3 en el oc\u00e9ano de la costa de Costa En Sonora en Equipo publicamos toda la informaci\u00f3n de Sonora, M\u00e9xico y el Mundo de manera oportuna y busca que la libertad de expresi\u00f3n sea real. Visita nuestro medio informativo publicado desde Hermosillo, Sonora. %\" \/>\n<meta property=\"og:url\" content=\"https:\/\/www.sonoraenequipo.com.mx\/encuentran-restos-del-avion-donde-viajaba-el-empresario-rainer-schaller-y-su-familia\/\" \/>\n<meta property=\"og:site_name\" content=\"Sonora en Equipo.\" \/>\n<meta property=\"article:publisher\" content=\"https:\/\/www.facebook.com\/SonoraEE\/\" \/>\n<meta property=\"article:author\" content=\"https:\/\/www.facebook.com\/SonoraEE\" \/>\n<meta property=\"article:published_time\" content=\"2022-10-23T13:00:34+00:00\" \/>\n<meta property=\"article:modified_time\" content=\"2022-10-24T14:28:04+00:00\" \/>\n<meta property=\"og:image\" content=\"https:\/\/www.sonoraenequipo.com.mx\/storage\/2022\/10\/muere-familia-en-accidente-avion.-Dueno-de-Golds-Gym.jpg\" \/>\n\t<meta property=\"og:image:width\" content=\"830\" \/>\n\t<meta property=\"og:image:height\" content=\"471\" \/>\n\t<meta property=\"og:image:type\" content=\"image\/jpeg\" \/>\n<meta name=\"author\" content=\"enequipo\" \/>\n<meta name=\"twitter:card\" content=\"summary_large_image\" \/>\n<meta name=\"twitter:creator\" content=\"@sonoraenequipo\" \/>\n<meta name=\"twitter:site\" content=\"@sonoraenequipo\" \/>\n<meta name=\"twitter:label1\" content=\"Escrito por\" \/>\n\t<meta name=\"twitter:data1\" content=\"enequipo\" \/>\n\t<meta name=\"twitter:label2\" content=\"Tiempo de lectura\" \/>\n\t<meta name=\"twitter:data2\" content=\"3 minutos\" \/>\n<script type=\"application\/ld+json\" class=\"yoast-schema-graph\">{\"@context\":\"https:\/\/schema.org\",\"@graph\":[{\"@type\":\"Article\",\"@id\":\"https:\/\/www.sonoraenequipo.com.mx\/encuentran-restos-del-avion-donde-viajaba-el-empresario-rainer-schaller-y-su-familia\/#article\",\"isPartOf\":{\"@id\":\"https:\/\/www.sonoraenequipo.com.mx\/encuentran-restos-del-avion-donde-viajaba-el-empresario-rainer-schaller-y-su-familia\/\"},\"author\":{\"name\":\"enequipo\",\"@id\":\"https:\/\/www.sonoraenequipo.com.mx\/#\/schema\/person\/50102df0fb23a8fa9e8effad8fa81386\"},\"headline\":\"Encuentran restos del avi\u00f3n donde viajaba el empresario Rainer Schaller y su familia\",\"datePublished\":\"2022-10-23T13:00:34+00:00\",\"dateModified\":\"2022-10-24T14:28:04+00:00\",\"mainEntityOfPage\":{\"@id\":\"https:\/\/www.sonoraenequipo.com.mx\/encuentran-restos-del-avion-donde-viajaba-el-empresario-rainer-schaller-y-su-familia\/\"},\"wordCount\":647,\"commentCount\":0,\"publisher\":{\"@id\":\"https:\/\/www.sonoraenequipo.com.mx\/#organization\"},\"image\":{\"@id\":\"https:\/\/www.sonoraenequipo.com.mx\/encuentran-restos-del-avion-donde-viajaba-el-empresario-rainer-schaller-y-su-familia\/#primaryimage\"},\"thumbnailUrl\":\"https:\/\/www.sonoraenequipo.com.mx\/storage\/2022\/10\/muere-familia-en-accidente-avion.-Dueno-de-Golds-Gym.jpg\",\"articleSection\":[\"MUNDO\"],\"inLanguage\":\"es\",\"potentialAction\":[{\"@type\":\"CommentAction\",\"name\":\"Comment\",\"target\":[\"https:\/\/www.sonoraenequipo.com.mx\/encuentran-restos-del-avion-donde-viajaba-el-empresario-rainer-schaller-y-su-familia\/#respond\"]}]},{\"@type\":\"WebPage\",\"@id\":\"https:\/\/www.sonoraenequipo.com.mx\/encuentran-restos-del-avion-donde-viajaba-el-empresario-rainer-schaller-y-su-familia\/\",\"url\":\"https:\/\/www.sonoraenequipo.com.mx\/encuentran-restos-del-avion-donde-viajaba-el-empresario-rainer-schaller-y-su-familia\/\",\"name\":\"Sonora en Equipo. Encuentran restos del avi\u00f3n donde viajaba el empresario Rainer Schaller y su familia MUNDO\",\"isPartOf\":{\"@id\":\"https:\/\/www.sonoraenequipo.com.mx\/#website\"},\"primaryImageOfPage\":{\"@id\":\"https:\/\/www.sonoraenequipo.com.mx\/encuentran-restos-del-avion-donde-viajaba-el-empresario-rainer-schaller-y-su-familia\/#primaryimage\"},\"image\":{\"@id\":\"https:\/\/www.sonoraenequipo.com.mx\/encuentran-restos-del-avion-donde-viajaba-el-empresario-rainer-schaller-y-su-familia\/#primaryimage\"},\"thumbnailUrl\":\"https:\/\/www.sonoraenequipo.com.mx\/storage\/2022\/10\/muere-familia-en-accidente-avion.-Dueno-de-Golds-Gym.jpg\",\"datePublished\":\"2022-10-23T13:00:34+00:00\",\"dateModified\":\"2022-10-24T14:28:04+00:00\",\"description\":\"SAN JOS\u00c9, COSTA RICA.\u2014 El due\u00f1o de un gimnasio multimillonario y su familia se encontraban a bordo de un avi\u00f3n que cay\u00f3 en el oc\u00e9ano de la costa de Costa En Sonora en Equipo publicamos toda la informaci\u00f3n de Sonora, M\u00e9xico y el Mundo de manera oportuna y busca que la libertad de expresi\u00f3n sea real. Visita nuestro medio informativo publicado desde Hermosillo, Sonora. %\",\"breadcrumb\":{\"@id\":\"https:\/\/www.sonoraenequipo.com.mx\/encuentran-restos-del-avion-donde-viajaba-el-empresario-rainer-schaller-y-su-familia\/#breadcrumb\"},\"inLanguage\":\"es\",\"potentialAction\":[{\"@type\":\"ReadAction\",\"target\":[\"https:\/\/www.sonoraenequipo.com.mx\/encuentran-restos-del-avion-donde-viajaba-el-empresario-rainer-schaller-y-su-familia\/\"]}]},{\"@type\":\"ImageObject\",\"inLanguage\":\"es\",\"@id\":\"https:\/\/www.sonoraenequipo.com.mx\/encuentran-restos-del-avion-donde-viajaba-el-empresario-rainer-schaller-y-su-familia\/#primaryimage\",\"url\":\"https:\/\/www.sonoraenequipo.com.mx\/storage\/2022\/10\/muere-familia-en-accidente-avion.-Dueno-de-Golds-Gym.jpg\",\"contentUrl\":\"https:\/\/www.sonoraenequipo.com.mx\/storage\/2022\/10\/muere-familia-en-accidente-avion.-Dueno-de-Golds-Gym.jpg\",\"width\":830,\"height\":471},{\"@type\":\"BreadcrumbList\",\"@id\":\"https:\/\/www.sonoraenequipo.com.mx\/encuentran-restos-del-avion-donde-viajaba-el-empresario-rainer-schaller-y-su-familia\/#breadcrumb\",\"itemListElement\":[{\"@type\":\"ListItem\",\"position\":1,\"name\":\"Portada\",\"item\":\"https:\/\/www.sonoraenequipo.com.mx\/\"},{\"@type\":\"ListItem\",\"position\":2,\"name\":\"Encuentran restos del avi\u00f3n donde viajaba el empresario Rainer Schaller y su familia\"}]},{\"@type\":\"WebSite\",\"@id\":\"https:\/\/www.sonoraenequipo.com.mx\/#website\",\"url\":\"https:\/\/www.sonoraenequipo.com.mx\/\",\"name\":\"Sonora en Equipo.\",\"description\":\"Diario en l\u00ednea con Noticias desde Hermosillo, Sonora\",\"publisher\":{\"@id\":\"https:\/\/www.sonoraenequipo.com.mx\/#organization\"},\"potentialAction\":[{\"@type\":\"SearchAction\",\"target\":{\"@type\":\"EntryPoint\",\"urlTemplate\":\"https:\/\/www.sonoraenequipo.com.mx\/?s={search_term_string}\"},\"query-input\":{\"@type\":\"PropertyValueSpecification\",\"valueRequired\":true,\"valueName\":\"search_term_string\"}}],\"inLanguage\":\"es\"},{\"@type\":\"Organization\",\"@id\":\"https:\/\/www.sonoraenequipo.com.mx\/#organization\",\"name\":\"Sonoraenequipo.com.mx\",\"url\":\"https:\/\/www.sonoraenequipo.com.mx\/\",\"logo\":{\"@type\":\"ImageObject\",\"inLanguage\":\"es\",\"@id\":\"https:\/\/www.sonoraenequipo.com.mx\/#\/schema\/logo\/image\/\",\"url\":\"https:\/\/www.sonoraenequipo.com.mx\/storage\/2019\/01\/sonoraenequipo_opt.png\",\"contentUrl\":\"https:\/\/www.sonoraenequipo.com.mx\/storage\/2019\/01\/sonoraenequipo_opt.png\",\"width\":375,\"height\":125,\"caption\":\"Sonoraenequipo.com.mx\"},\"image\":{\"@id\":\"https:\/\/www.sonoraenequipo.com.mx\/#\/schema\/logo\/image\/\"},\"sameAs\":[\"https:\/\/www.facebook.com\/SonoraEE\/\",\"https:\/\/x.com\/sonoraenequipo\",\"https:\/\/www.youtube.com\/channel\/UC338nW-lPEYmJQs4ZABQ1SQ\"]},{\"@type\":\"Person\",\"@id\":\"https:\/\/www.sonoraenequipo.com.mx\/#\/schema\/person\/50102df0fb23a8fa9e8effad8fa81386\",\"name\":\"enequipo\",\"image\":{\"@type\":\"ImageObject\",\"inLanguage\":\"es\",\"@id\":\"https:\/\/www.sonoraenequipo.com.mx\/#\/schema\/person\/image\/\",\"url\":\"https:\/\/secure.gravatar.com\/avatar\/049821681b589dabc0bc20695993ccebb09f5b5d4d790cd9251b97faac7c652b?s=96&d=blank&r=g\",\"contentUrl\":\"https:\/\/secure.gravatar.com\/avatar\/049821681b589dabc0bc20695993ccebb09f5b5d4d790cd9251b97faac7c652b?s=96&d=blank&r=g\",\"caption\":\"enequipo\"},\"sameAs\":[\"https:\/\/www.facebook.com\/SonoraEE\"]}]}<\/script>\n ","yoast_head_json":{"title":"Sonora en Equipo. Encuentran restos del avi\u00f3n donde viajaba el empresario Rainer Schaller y su familia MUNDO","description":"SAN JOS\u00c9, COSTA RICA.\u2014 El due\u00f1o de un gimnasio multimillonario y su familia se encontraban a bordo de un avi\u00f3n que cay\u00f3 en el oc\u00e9ano de la costa de Costa En Sonora en Equipo publicamos toda la informaci\u00f3n de Sonora, M\u00e9xico y el Mundo de manera oportuna y busca que la libertad de expresi\u00f3n sea real. Visita nuestro medio informativo publicado desde Hermosillo, Sonora. %","robots":{"index":"index","follow":"follow","max-snippet":"max-snippet:-1","max-image-preview":"max-image-preview:large","max-video-preview":"max-video-preview:-1"},"canonical":"https:\/\/www.sonoraenequipo.com.mx\/encuentran-restos-del-avion-donde-viajaba-el-empresario-rainer-schaller-y-su-familia\/","og_locale":"es_ES","og_type":"article","og_title":"Sonora en Equipo. Encuentran restos del avi\u00f3n donde viajaba el empresario Rainer Schaller y su familia MUNDO","og_description":"SAN JOS\u00c9, COSTA RICA.\u2014 El due\u00f1o de un gimnasio multimillonario y su familia se encontraban a bordo de un avi\u00f3n que cay\u00f3 en el oc\u00e9ano de la costa de Costa En Sonora en Equipo publicamos toda la informaci\u00f3n de Sonora, M\u00e9xico y el Mundo de manera oportuna y busca que la libertad de expresi\u00f3n sea real. Visita nuestro medio informativo publicado desde Hermosillo, Sonora. %","og_url":"https:\/\/www.sonoraenequipo.com.mx\/encuentran-restos-del-avion-donde-viajaba-el-empresario-rainer-schaller-y-su-familia\/","og_site_name":"Sonora en Equipo.","article_publisher":"https:\/\/www.facebook.com\/SonoraEE\/","article_author":"https:\/\/www.facebook.com\/SonoraEE","article_published_time":"2022-10-23T13:00:34+00:00","article_modified_time":"2022-10-24T14:28:04+00:00","og_image":[{"width":830,"height":471,"url":"https:\/\/www.sonoraenequipo.com.mx\/storage\/2022\/10\/muere-familia-en-accidente-avion.-Dueno-de-Golds-Gym.jpg","type":"image\/jpeg"}],"author":"enequipo","twitter_card":"summary_large_image","twitter_creator":"@sonoraenequipo","twitter_site":"@sonoraenequipo","twitter_misc":{"Escrito por":"enequipo","Tiempo de lectura":"3 minutos"},"schema":{"@context":"https:\/\/schema.org","@graph":[{"@type":"Article","@id":"https:\/\/www.sonoraenequipo.com.mx\/encuentran-restos-del-avion-donde-viajaba-el-empresario-rainer-schaller-y-su-familia\/#article","isPartOf":{"@id":"https:\/\/www.sonoraenequipo.com.mx\/encuentran-restos-del-avion-donde-viajaba-el-empresario-rainer-schaller-y-su-familia\/"},"author":{"name":"enequipo","@id":"https:\/\/www.sonoraenequipo.com.mx\/#\/schema\/person\/50102df0fb23a8fa9e8effad8fa81386"},"headline":"Encuentran restos del avi\u00f3n donde viajaba el empresario Rainer Schaller y su familia","datePublished":"2022-10-23T13:00:34+00:00","dateModified":"2022-10-24T14:28:04+00:00","mainEntityOfPage":{"@id":"https:\/\/www.sonoraenequipo.com.mx\/encuentran-restos-del-avion-donde-viajaba-el-empresario-rainer-schaller-y-su-familia\/"},"wordCount":647,"commentCount":0,"publisher":{"@id":"https:\/\/www.sonoraenequipo.com.mx\/#organization"},"image":{"@id":"https:\/\/www.sonoraenequipo.com.mx\/encuentran-restos-del-avion-donde-viajaba-el-empresario-rainer-schaller-y-su-familia\/#primaryimage"},"thumbnailUrl":"https:\/\/www.sonoraenequipo.com.mx\/storage\/2022\/10\/muere-familia-en-accidente-avion.-Dueno-de-Golds-Gym.jpg","articleSection":["MUNDO"],"inLanguage":"es","potentialAction":[{"@type":"CommentAction","name":"Comment","target":["https:\/\/www.sonoraenequipo.com.mx\/encuentran-restos-del-avion-donde-viajaba-el-empresario-rainer-schaller-y-su-familia\/#respond"]}]},{"@type":"WebPage","@id":"https:\/\/www.sonoraenequipo.com.mx\/encuentran-restos-del-avion-donde-viajaba-el-empresario-rainer-schaller-y-su-familia\/","url":"https:\/\/www.sonoraenequipo.com.mx\/encuentran-restos-del-avion-donde-viajaba-el-empresario-rainer-schaller-y-su-familia\/","name":"Sonora en Equipo. Encuentran restos del avi\u00f3n donde viajaba el empresario Rainer Schaller y su familia MUNDO","isPartOf":{"@id":"https:\/\/www.sonoraenequipo.com.mx\/#website"},"primaryImageOfPage":{"@id":"https:\/\/www.sonoraenequipo.com.mx\/encuentran-restos-del-avion-donde-viajaba-el-empresario-rainer-schaller-y-su-familia\/#primaryimage"},"image":{"@id":"https:\/\/www.sonoraenequipo.com.mx\/encuentran-restos-del-avion-donde-viajaba-el-empresario-rainer-schaller-y-su-familia\/#primaryimage"},"thumbnailUrl":"https:\/\/www.sonoraenequipo.com.mx\/storage\/2022\/10\/muere-familia-en-accidente-avion.-Dueno-de-Golds-Gym.jpg","datePublished":"2022-10-23T13:00:34+00:00","dateModified":"2022-10-24T14:28:04+00:00","description":"SAN JOS\u00c9, COSTA RICA.\u2014 El due\u00f1o de un gimnasio multimillonario y su familia se encontraban a bordo de un avi\u00f3n que cay\u00f3 en el oc\u00e9ano de la costa de Costa En Sonora en Equipo publicamos toda la informaci\u00f3n de Sonora, M\u00e9xico y el Mundo de manera oportuna y busca que la libertad de expresi\u00f3n sea real. Visita nuestro medio informativo publicado desde Hermosillo, Sonora. %","breadcrumb":{"@id":"https:\/\/www.sonoraenequipo.com.mx\/encuentran-restos-del-avion-donde-viajaba-el-empresario-rainer-schaller-y-su-familia\/#breadcrumb"},"inLanguage":"es","potentialAction":[{"@type":"ReadAction","target":["https:\/\/www.sonoraenequipo.com.mx\/encuentran-restos-del-avion-donde-viajaba-el-empresario-rainer-schaller-y-su-familia\/"]}]},{"@type":"ImageObject","inLanguage":"es","@id":"https:\/\/www.sonoraenequipo.com.mx\/encuentran-restos-del-avion-donde-viajaba-el-empresario-rainer-schaller-y-su-familia\/#primaryimage","url":"https:\/\/www.sonoraenequipo.com.mx\/storage\/2022\/10\/muere-familia-en-accidente-avion.-Dueno-de-Golds-Gym.jpg","contentUrl":"https:\/\/www.sonoraenequipo.com.mx\/storage\/2022\/10\/muere-familia-en-accidente-avion.-Dueno-de-Golds-Gym.jpg","width":830,"height":471},{"@type":"BreadcrumbList","@id":"https:\/\/www.sonoraenequipo.com.mx\/encuentran-restos-del-avion-donde-viajaba-el-empresario-rainer-schaller-y-su-familia\/#breadcrumb","itemListElement":[{"@type":"ListItem","position":1,"name":"Portada","item":"https:\/\/www.sonoraenequipo.com.mx\/"},{"@type":"ListItem","position":2,"name":"Encuentran restos del avi\u00f3n donde viajaba el empresario Rainer Schaller y su familia"}]},{"@type":"WebSite","@id":"https:\/\/www.sonoraenequipo.com.mx\/#website","url":"https:\/\/www.sonoraenequipo.com.mx\/","name":"Sonora en Equipo.","description":"Diario en l\u00ednea con Noticias desde Hermosillo, Sonora","publisher":{"@id":"https:\/\/www.sonoraenequipo.com.mx\/#organization"},"potentialAction":[{"@type":"SearchAction","target":{"@type":"EntryPoint","urlTemplate":"https:\/\/www.sonoraenequipo.com.mx\/?s={search_term_string}"},"query-input":{"@type":"PropertyValueSpecification","valueRequired":true,"valueName":"search_term_string"}}],"inLanguage":"es"},{"@type":"Organization","@id":"https:\/\/www.sonoraenequipo.com.mx\/#organization","name":"Sonoraenequipo.com.mx","url":"https:\/\/www.sonoraenequipo.com.mx\/","logo":{"@type":"ImageObject","inLanguage":"es","@id":"https:\/\/www.sonoraenequipo.com.mx\/#\/schema\/logo\/image\/","url":"https:\/\/www.sonoraenequipo.com.mx\/storage\/2019\/01\/sonoraenequipo_opt.png","contentUrl":"https:\/\/www.sonoraenequipo.com.mx\/storage\/2019\/01\/sonoraenequipo_opt.png","width":375,"height":125,"caption":"Sonoraenequipo.com.mx"},"image":{"@id":"https:\/\/www.sonoraenequipo.com.mx\/#\/schema\/logo\/image\/"},"sameAs":["https:\/\/www.facebook.com\/SonoraEE\/","https:\/\/x.com\/sonoraenequipo","https:\/\/www.youtube.com\/channel\/UC338nW-lPEYmJQs4ZABQ1SQ"]},{"@type":"Person","@id":"https:\/\/www.sonoraenequipo.com.mx\/#\/schema\/person\/50102df0fb23a8fa9e8effad8fa81386","name":"enequipo","image":{"@type":"ImageObject","inLanguage":"es","@id":"https:\/\/www.sonoraenequipo.com.mx\/#\/schema\/person\/image\/","url":"https:\/\/secure.gravatar.com\/avatar\/049821681b589dabc0bc20695993ccebb09f5b5d4d790cd9251b97faac7c652b?s=96&d=blank&r=g","contentUrl":"https:\/\/secure.gravatar.com\/avatar\/049821681b589dabc0bc20695993ccebb09f5b5d4d790cd9251b97faac7c652b?s=96&d=blank&r=g","caption":"enequipo"},"sameAs":["https:\/\/www.facebook.com\/SonoraEE"]}]}},"jetpack_featured_media_url":"https:\/\/www.sonoraenequipo.com.mx\/storage\/2022\/10\/muere-familia-en-accidente-avion.-Dueno-de-Golds-Gym.jpg","_links":{"self":[{"href":"https:\/\/www.sonoraenequipo.com.mx\/api\/wp\/v2\/posts\/150089","targetHints":{"allow":["GET"]}}],"collection":[{"href":"https:\/\/www.sonoraenequipo.com.mx\/api\/wp\/v2\/posts"}],"about":[{"href":"https:\/\/www.sonoraenequipo.com.mx\/api\/wp\/v2\/types\/post"}],"author":[{"embeddable":true,"href":"https:\/\/www.sonoraenequipo.com.mx\/api\/wp\/v2\/users\/1"}],"replies":[{"embeddable":true,"href":"https:\/\/www.sonoraenequipo.com.mx\/api\/wp\/v2\/comments?post=150089"}],"version-history":[{"count":4,"href":"https:\/\/www.sonoraenequipo.com.mx\/api\/wp\/v2\/posts\/150089\/revisions"}],"predecessor-version":[{"id":150094,"href":"https:\/\/www.sonoraenequipo.com.mx\/api\/wp\/v2\/posts\/150089\/revisions\/150094"}],"wp:featuredmedia":[{"embeddable":true,"href":"https:\/\/www.sonoraenequipo.com.mx\/api\/wp\/v2\/media\/150090"}],"wp:attachment":[{"href":"https:\/\/www.sonoraenequipo.com.mx\/api\/wp\/v2\/media?parent=150089"}],"wp:term":[{"taxonomy":"category","embeddable":true,"href":"https:\/\/www.sonoraenequipo.com.mx\/api\/wp\/v2\/categories?post=150089"},{"taxonomy":"post_tag","embeddable":true,"href":"https:\/\/www.sonoraenequipo.com.mx\/api\/wp\/v2\/tags?post=150089"}],"curies":[{"name":"wp","href":"https:\/\/api.w.org\/{rel}","templated":true}]}}