{"id":150102,"date":"2022-10-23T20:25:26","date_gmt":"2022-10-24T03:25:26","guid":{"rendered":"https:\/\/www.sonoraenequipo.com.mx\/?p=150102"},"modified":"2022-10-24T08:40:43","modified_gmt":"2022-10-24T15:40:43","slug":"mas-de-200-000-migrantes-irregulares-cruzaron-el-darien-rumbo-a-eeuu-este-ano","status":"publish","type":"post","link":"https:\/\/www.sonoraenequipo.com.mx\/mas-de-200-000-migrantes-irregulares-cruzaron-el-darien-rumbo-a-eeuu-este-ano\/","title":{"rendered":"M\u00e1s de 200.000 migrantes irregulares cruzaron el Dari\u00e9n rumbo a EEUU este a\u00f1o"},"content":{"rendered":"<p><strong>CIUDAD DE MPANAM\u00c1, PANAM\u00c1. \u2014<\/strong> Un total de 204.986 migrantes irregulares con rumbo a EE.UU. han cruzado en lo que va de a\u00f1o la selva del Dari\u00e9n, la peligrosa frontera entre Colombia y Panam\u00e1, en una crisis humanitaria sin precedentes en la regi\u00f3n, seg\u00fan las estad\u00edsticas de las autoridades de Panam\u00e1 facilitadas a EFE este domingo.<\/p>\n<p>&nbsp;<\/p>\n<p> <\/p>\n<p>&nbsp;<\/p>\n<p>Se trata de una cifra in\u00e9dita, muy superior a la de 133.726 de 2021, que marc\u00f3 r\u00e9cord en su momento al ser m\u00e1s alta que todos cruces de la d\u00e9cada anterior por la selva, una arriesgada ruta migratoria irregular usada desde hace d\u00e9cadas por personas procedentes de todo el mundo.<\/p>\n<p>&nbsp;<\/p>\n<p>De acuerdo con los datos del Servicio Nacional de Migraci\u00f3n (SNM) de Panam\u00e1, de las 204.986 personas que han cruzado el Dari\u00e9n entre el 1 de enero y el 22 de octubre de este a\u00f1o, el 71,8 % o 147.203, son venezolanos. El resto son nacionales de una treintena de pa\u00edses americanos, africanos y asi\u00e1ticos.<\/p>\n<p>&nbsp;<\/p>\n<p>Solo entre el 1 y el 22 de octubre se contabilizaron 53.404 migrantes irregulares (39.834 venezolanos) un n\u00famero sin precedentes que deja atr\u00e1s los 48.204 de septiembre, los 31.104 de agosto, los 22.822 de julio, los 15.633 de junio y los 13.894 de mayo pasado.<\/p>\n<p>&nbsp;<\/p>\n<p>Fue a partir de mayo pasado que se vio un salto en el n\u00famero de viajeros irregulares cruzando la selva este a\u00f1o: fueron 4.702 en enero; 4.262 en febrero, 4.827 en marzo y 6.134 en abril.<\/p>\n<p>&nbsp;<\/p>\n<p>En esta ola migratoria hay familias enteras con ni\u00f1os e incluso beb\u00e9s. Muchos de los venezolanos y haitianos proceden de segundos o terceros pa\u00edses, como Colombia, Ecuador, Per\u00fa, Chile o Brasil, en los que ya se hab\u00edan establecido o al menos lo hab\u00edan intentando.<\/p>\n<p>&nbsp;<\/p>\n<p><strong>Bajan las llegadas tras anuncio de Estados Unidos<br \/>\n<\/strong><\/p>\n<p>&nbsp;<\/p>\n<p>Panam\u00e1 recibe a los viajeros irregulares en estaciones de recepci\u00f3n migratoria (ERM) situadas en la frontera con Colombia y con Costa Rica, donde toman sus datos biom\u00e9tricos y reciben alimentaci\u00f3n y atenci\u00f3n m\u00e9dica.<\/p>\n<p>&nbsp;<\/p>\n<p>En medio de esta crisis se han contabilizado \u00faltimamente m\u00e1s de 2.500 arribos diarios, una cifra que comenz\u00f3 a bajar luego de que el pasado 12 de octubre Estados Unidos anunci\u00f3 una nueva pol\u00edtica para los migrantes venezolanos: todo el que llegue al pa\u00eds tras haber cruzado irregularmente la frontera de Panam\u00e1 o de M\u00e9xico ser\u00e1 expulsado de inmediato a territorio mexicano.<\/p>\n<p>&nbsp;<\/p>\n<p>Pero este s\u00e1bado llegaron a los albergues del Dari\u00e9n 1.223 migrantes irregulares, precis\u00f3 este domingo el SNM a EFE.<\/p>\n<p>&nbsp;<\/p>\n<p>La canciller de Panam\u00e1, Janaina Tewaney, dijo el pasado viernes que hac\u00eda \u201c<em><strong>tres d\u00edas el cruce<\/strong><\/em>\u201d de migrantes irregulares \u201c<strong><em>fue de 2.665, un d\u00eda despu\u00e9s de 1.522 y ayer (jueves) 1.213. Pareciera que fuera a la baja\u201d<\/em> <\/strong>el flujo de viajeros.<\/p>\n<p>&nbsp;<\/p>\n<p>Sostuvo la premisa de Panam\u00e1 de que la crisis humanitaria derivada de este elevado flujo migratorio debe ser abordada desde la perspectiva de la <em><strong>\u201cresponsabilidad compartida\u201d,<\/strong> <\/em>y que por ello promueve pr\u00f3ximos encuentros bilaterales y multilaterales en busca de acciones regionales <strong>\u201cconcretas\u201d.<\/strong><\/p>\n<p>&nbsp;<\/p>\n<p><strong>Venezolanos buscan un boleto de avi\u00f3n para regresar a su pa\u00eds<\/strong><\/p>\n<p>&nbsp;<\/p>\n<p>Varios centenares de migrantes venezolanos que quieren regresar a su pa\u00eds se encuentran en un <strong><em>\u201calbergue temporal\u201d<\/em> <\/strong>habilitado por la Embajada de Venezuela en la capital paname\u00f1a, mientras se les otorga un salvoconducto y\/o un apoyo econ\u00f3mico para que regresen a su pa\u00eds por v\u00eda a\u00e9rea.<\/p>\n<p>&nbsp;<\/p>\n<p>Muchos de ellos se aglomeraron el s\u00e1bado en el principal aeropuerto paname\u00f1o, Tocumen, en busca de un boleto, pero fueron retirados del lugar en autobuses hacia el \u201calbergue temporal\u201d. Algunos denunciaron un alza desmedida del costo del pasaje a\u00e9reo.<\/p>\n<p>&nbsp;<\/p>\n<p>La canciller Tewaney dijo el viernes que \u201c<strong><em>el retorno voluntario\u201d<\/em> <\/strong>de estos migrantes irregulares <strong><em>\u201cse est\u00e1 coordinado por medio de Canciller\u00eda, Migraci\u00f3n y la Misi\u00f3n de Venezuela en Panam\u00e1, que ha tomado la responsabilidad\u201d<\/em> <\/strong>del asunto y varios centenares ya hab\u00eda regresado a su pa\u00eds en vuelos ch\u00e1rter.<\/p>\n<p>&nbsp;<\/p>\n<p>PUBLICADO EL 23\/OCTUBRE DE 2022 Con informaci\u00f3n de EFE\/HOLA NEWS)<\/p>\n","protected":false},"excerpt":{"rendered":"<p>CIUDAD DE MPANAM\u00c1, PANAM\u00c1. \u2014 Un total de 204.986 migrantes irregulares con rumbo a EE.UU&#8230;.<\/p>\n","protected":false},"author":1,"featured_media":150076,"comment_status":"open","ping_status":"open","sticky":false,"template":"","format":"standard","meta":{"_monsterinsights_skip_tracking":false,"_monsterinsights_sitenote_active":false,"_monsterinsights_sitenote_note":"","_monsterinsights_sitenote_category":0,"footnotes":""},"categories":[3],"tags":[],"class_list":["post"],"yoast_head":" \n<title>Sonora en Equipo. M\u00e1s de 200.000 migrantes irregulares cruzaron el Dari\u00e9n rumbo a EEUU este a\u00f1o MUNDO<\/title>\n<meta name=\"description\" content=\"CIUDAD DE MPANAM\u00c1, PANAM\u00c1. \u2014 Un total de 204.986 migrantes irregulares con rumbo a EE.UU. han cruzado en lo que va de a\u00f1o la selva del Dari\u00e9n, la En Sonora en Equipo publicamos toda la informaci\u00f3n de Sonora, M\u00e9xico y el Mundo de manera oportuna y busca que la libertad de expresi\u00f3n sea real. Visita nuestro medio informativo publicado desde Hermosillo, Sonora. %\" \/>\n<meta name=\"robots\" content=\"index, follow, max-snippet:-1, max-image-preview:large, max-video-preview:-1\" \/>\n<link rel=\"canonical\" href=\"https:\/\/www.sonoraenequipo.com.mx\/mas-de-200-000-migrantes-irregulares-cruzaron-el-darien-rumbo-a-eeuu-este-ano\/\" \/>\n<meta property=\"og:locale\" content=\"es_ES\" \/>\n<meta property=\"og:type\" content=\"article\" \/>\n<meta property=\"og:title\" content=\"Sonora en Equipo. M\u00e1s de 200.000 migrantes irregulares cruzaron el Dari\u00e9n rumbo a EEUU este a\u00f1o MUNDO\" \/>\n<meta property=\"og:description\" content=\"CIUDAD DE MPANAM\u00c1, PANAM\u00c1. \u2014 Un total de 204.986 migrantes irregulares con rumbo a EE.UU. han cruzado en lo que va de a\u00f1o la selva del Dari\u00e9n, la En Sonora en Equipo publicamos toda la informaci\u00f3n de Sonora, M\u00e9xico y el Mundo de manera oportuna y busca que la libertad de expresi\u00f3n sea real. Visita nuestro medio informativo publicado desde Hermosillo, Sonora. %\" \/>\n<meta property=\"og:url\" content=\"https:\/\/www.sonoraenequipo.com.mx\/mas-de-200-000-migrantes-irregulares-cruzaron-el-darien-rumbo-a-eeuu-este-ano\/\" \/>\n<meta property=\"og:site_name\" content=\"Sonora en Equipo.\" \/>\n<meta property=\"article:publisher\" content=\"https:\/\/www.facebook.com\/SonoraEE\/\" \/>\n<meta property=\"article:author\" content=\"https:\/\/www.facebook.com\/SonoraEE\" \/>\n<meta property=\"article:published_time\" content=\"2022-10-24T03:25:26+00:00\" \/>\n<meta property=\"article:modified_time\" content=\"2022-10-24T15:40:43+00:00\" \/>\n<meta property=\"og:image\" content=\"https:\/\/www.sonoraenequipo.com.mx\/storage\/2022\/10\/inmigrante-en-eua.jpg\" \/>\n\t<meta property=\"og:image:width\" content=\"900\" \/>\n\t<meta property=\"og:image:height\" content=\"514\" \/>\n\t<meta property=\"og:image:type\" content=\"image\/jpeg\" \/>\n<meta name=\"author\" content=\"enequipo\" \/>\n<meta name=\"twitter:card\" content=\"summary_large_image\" \/>\n<meta name=\"twitter:creator\" content=\"@sonoraenequipo\" \/>\n<meta name=\"twitter:site\" content=\"@sonoraenequipo\" \/>\n<meta name=\"twitter:label1\" content=\"Escrito por\" \/>\n\t<meta name=\"twitter:data1\" content=\"enequipo\" \/>\n\t<meta name=\"twitter:label2\" content=\"Tiempo de lectura\" \/>\n\t<meta name=\"twitter:data2\" content=\"3 minutos\" \/>\n<script type=\"application\/ld+json\" class=\"yoast-schema-graph\">{\"@context\":\"https:\/\/schema.org\",\"@graph\":[{\"@type\":\"Article\",\"@id\":\"https:\/\/www.sonoraenequipo.com.mx\/mas-de-200-000-migrantes-irregulares-cruzaron-el-darien-rumbo-a-eeuu-este-ano\/#article\",\"isPartOf\":{\"@id\":\"https:\/\/www.sonoraenequipo.com.mx\/mas-de-200-000-migrantes-irregulares-cruzaron-el-darien-rumbo-a-eeuu-este-ano\/\"},\"author\":{\"name\":\"enequipo\",\"@id\":\"https:\/\/www.sonoraenequipo.com.mx\/#\/schema\/person\/50102df0fb23a8fa9e8effad8fa81386\"},\"headline\":\"M\u00e1s de 200.000 migrantes irregulares cruzaron el Dari\u00e9n rumbo a EEUU este a\u00f1o\",\"datePublished\":\"2022-10-24T03:25:26+00:00\",\"dateModified\":\"2022-10-24T15:40:43+00:00\",\"mainEntityOfPage\":{\"@id\":\"https:\/\/www.sonoraenequipo.com.mx\/mas-de-200-000-migrantes-irregulares-cruzaron-el-darien-rumbo-a-eeuu-este-ano\/\"},\"wordCount\":708,\"commentCount\":0,\"publisher\":{\"@id\":\"https:\/\/www.sonoraenequipo.com.mx\/#organization\"},\"image\":{\"@id\":\"https:\/\/www.sonoraenequipo.com.mx\/mas-de-200-000-migrantes-irregulares-cruzaron-el-darien-rumbo-a-eeuu-este-ano\/#primaryimage\"},\"thumbnailUrl\":\"https:\/\/www.sonoraenequipo.com.mx\/storage\/2022\/10\/inmigrante-en-eua.jpg\",\"articleSection\":[\"MUNDO\"],\"inLanguage\":\"es\",\"potentialAction\":[{\"@type\":\"CommentAction\",\"name\":\"Comment\",\"target\":[\"https:\/\/www.sonoraenequipo.com.mx\/mas-de-200-000-migrantes-irregulares-cruzaron-el-darien-rumbo-a-eeuu-este-ano\/#respond\"]}]},{\"@type\":\"WebPage\",\"@id\":\"https:\/\/www.sonoraenequipo.com.mx\/mas-de-200-000-migrantes-irregulares-cruzaron-el-darien-rumbo-a-eeuu-este-ano\/\",\"url\":\"https:\/\/www.sonoraenequipo.com.mx\/mas-de-200-000-migrantes-irregulares-cruzaron-el-darien-rumbo-a-eeuu-este-ano\/\",\"name\":\"Sonora en Equipo. M\u00e1s de 200.000 migrantes irregulares cruzaron el Dari\u00e9n rumbo a EEUU este a\u00f1o MUNDO\",\"isPartOf\":{\"@id\":\"https:\/\/www.sonoraenequipo.com.mx\/#website\"},\"primaryImageOfPage\":{\"@id\":\"https:\/\/www.sonoraenequipo.com.mx\/mas-de-200-000-migrantes-irregulares-cruzaron-el-darien-rumbo-a-eeuu-este-ano\/#primaryimage\"},\"image\":{\"@id\":\"https:\/\/www.sonoraenequipo.com.mx\/mas-de-200-000-migrantes-irregulares-cruzaron-el-darien-rumbo-a-eeuu-este-ano\/#primaryimage\"},\"thumbnailUrl\":\"https:\/\/www.sonoraenequipo.com.mx\/storage\/2022\/10\/inmigrante-en-eua.jpg\",\"datePublished\":\"2022-10-24T03:25:26+00:00\",\"dateModified\":\"2022-10-24T15:40:43+00:00\",\"description\":\"CIUDAD DE MPANAM\u00c1, PANAM\u00c1. \u2014 Un total de 204.986 migrantes irregulares con rumbo a EE.UU. han cruzado en lo que va de a\u00f1o la selva del Dari\u00e9n, la En Sonora en Equipo publicamos toda la informaci\u00f3n de Sonora, M\u00e9xico y el Mundo de manera oportuna y busca que la libertad de expresi\u00f3n sea real. Visita nuestro medio informativo publicado desde Hermosillo, Sonora. %\",\"breadcrumb\":{\"@id\":\"https:\/\/www.sonoraenequipo.com.mx\/mas-de-200-000-migrantes-irregulares-cruzaron-el-darien-rumbo-a-eeuu-este-ano\/#breadcrumb\"},\"inLanguage\":\"es\",\"potentialAction\":[{\"@type\":\"ReadAction\",\"target\":[\"https:\/\/www.sonoraenequipo.com.mx\/mas-de-200-000-migrantes-irregulares-cruzaron-el-darien-rumbo-a-eeuu-este-ano\/\"]}]},{\"@type\":\"ImageObject\",\"inLanguage\":\"es\",\"@id\":\"https:\/\/www.sonoraenequipo.com.mx\/mas-de-200-000-migrantes-irregulares-cruzaron-el-darien-rumbo-a-eeuu-este-ano\/#primaryimage\",\"url\":\"https:\/\/www.sonoraenequipo.com.mx\/storage\/2022\/10\/inmigrante-en-eua.jpg\",\"contentUrl\":\"https:\/\/www.sonoraenequipo.com.mx\/storage\/2022\/10\/inmigrante-en-eua.jpg\",\"width\":900,\"height\":514},{\"@type\":\"BreadcrumbList\",\"@id\":\"https:\/\/www.sonoraenequipo.com.mx\/mas-de-200-000-migrantes-irregulares-cruzaron-el-darien-rumbo-a-eeuu-este-ano\/#breadcrumb\",\"itemListElement\":[{\"@type\":\"ListItem\",\"position\":1,\"name\":\"Portada\",\"item\":\"https:\/\/www.sonoraenequipo.com.mx\/\"},{\"@type\":\"ListItem\",\"position\":2,\"name\":\"M\u00e1s de 200.000 migrantes irregulares cruzaron el Dari\u00e9n rumbo a EEUU este a\u00f1o\"}]},{\"@type\":\"WebSite\",\"@id\":\"https:\/\/www.sonoraenequipo.com.mx\/#website\",\"url\":\"https:\/\/www.sonoraenequipo.com.mx\/\",\"name\":\"Sonora en Equipo.\",\"description\":\"Diario en l\u00ednea con Noticias desde Hermosillo, Sonora\",\"publisher\":{\"@id\":\"https:\/\/www.sonoraenequipo.com.mx\/#organization\"},\"potentialAction\":[{\"@type\":\"SearchAction\",\"target\":{\"@type\":\"EntryPoint\",\"urlTemplate\":\"https:\/\/www.sonoraenequipo.com.mx\/?s={search_term_string}\"},\"query-input\":{\"@type\":\"PropertyValueSpecification\",\"valueRequired\":true,\"valueName\":\"search_term_string\"}}],\"inLanguage\":\"es\"},{\"@type\":\"Organization\",\"@id\":\"https:\/\/www.sonoraenequipo.com.mx\/#organization\",\"name\":\"Sonoraenequipo.com.mx\",\"url\":\"https:\/\/www.sonoraenequipo.com.mx\/\",\"logo\":{\"@type\":\"ImageObject\",\"inLanguage\":\"es\",\"@id\":\"https:\/\/www.sonoraenequipo.com.mx\/#\/schema\/logo\/image\/\",\"url\":\"https:\/\/www.sonoraenequipo.com.mx\/storage\/2019\/01\/sonoraenequipo_opt.png\",\"contentUrl\":\"https:\/\/www.sonoraenequipo.com.mx\/storage\/2019\/01\/sonoraenequipo_opt.png\",\"width\":375,\"height\":125,\"caption\":\"Sonoraenequipo.com.mx\"},\"image\":{\"@id\":\"https:\/\/www.sonoraenequipo.com.mx\/#\/schema\/logo\/image\/\"},\"sameAs\":[\"https:\/\/www.facebook.com\/SonoraEE\/\",\"https:\/\/x.com\/sonoraenequipo\",\"https:\/\/www.youtube.com\/channel\/UC338nW-lPEYmJQs4ZABQ1SQ\"]},{\"@type\":\"Person\",\"@id\":\"https:\/\/www.sonoraenequipo.com.mx\/#\/schema\/person\/50102df0fb23a8fa9e8effad8fa81386\",\"name\":\"enequipo\",\"image\":{\"@type\":\"ImageObject\",\"inLanguage\":\"es\",\"@id\":\"https:\/\/www.sonoraenequipo.com.mx\/#\/schema\/person\/image\/\",\"url\":\"https:\/\/secure.gravatar.com\/avatar\/049821681b589dabc0bc20695993ccebb09f5b5d4d790cd9251b97faac7c652b?s=96&d=blank&r=g\",\"contentUrl\":\"https:\/\/secure.gravatar.com\/avatar\/049821681b589dabc0bc20695993ccebb09f5b5d4d790cd9251b97faac7c652b?s=96&d=blank&r=g\",\"caption\":\"enequipo\"},\"sameAs\":[\"https:\/\/www.facebook.com\/SonoraEE\"]}]}<\/script>\n ","yoast_head_json":{"title":"Sonora en Equipo. M\u00e1s de 200.000 migrantes irregulares cruzaron el Dari\u00e9n rumbo a EEUU este a\u00f1o MUNDO","description":"CIUDAD DE MPANAM\u00c1, PANAM\u00c1. \u2014 Un total de 204.986 migrantes irregulares con rumbo a EE.UU. han cruzado en lo que va de a\u00f1o la selva del Dari\u00e9n, la En Sonora en Equipo publicamos toda la informaci\u00f3n de Sonora, M\u00e9xico y el Mundo de manera oportuna y busca que la libertad de expresi\u00f3n sea real. Visita nuestro medio informativo publicado desde Hermosillo, Sonora. %","robots":{"index":"index","follow":"follow","max-snippet":"max-snippet:-1","max-image-preview":"max-image-preview:large","max-video-preview":"max-video-preview:-1"},"canonical":"https:\/\/www.sonoraenequipo.com.mx\/mas-de-200-000-migrantes-irregulares-cruzaron-el-darien-rumbo-a-eeuu-este-ano\/","og_locale":"es_ES","og_type":"article","og_title":"Sonora en Equipo. M\u00e1s de 200.000 migrantes irregulares cruzaron el Dari\u00e9n rumbo a EEUU este a\u00f1o MUNDO","og_description":"CIUDAD DE MPANAM\u00c1, PANAM\u00c1. \u2014 Un total de 204.986 migrantes irregulares con rumbo a EE.UU. han cruzado en lo que va de a\u00f1o la selva del Dari\u00e9n, la En Sonora en Equipo publicamos toda la informaci\u00f3n de Sonora, M\u00e9xico y el Mundo de manera oportuna y busca que la libertad de expresi\u00f3n sea real. Visita nuestro medio informativo publicado desde Hermosillo, Sonora. %","og_url":"https:\/\/www.sonoraenequipo.com.mx\/mas-de-200-000-migrantes-irregulares-cruzaron-el-darien-rumbo-a-eeuu-este-ano\/","og_site_name":"Sonora en Equipo.","article_publisher":"https:\/\/www.facebook.com\/SonoraEE\/","article_author":"https:\/\/www.facebook.com\/SonoraEE","article_published_time":"2022-10-24T03:25:26+00:00","article_modified_time":"2022-10-24T15:40:43+00:00","og_image":[{"width":900,"height":514,"url":"https:\/\/www.sonoraenequipo.com.mx\/storage\/2022\/10\/inmigrante-en-eua.jpg","type":"image\/jpeg"}],"author":"enequipo","twitter_card":"summary_large_image","twitter_creator":"@sonoraenequipo","twitter_site":"@sonoraenequipo","twitter_misc":{"Escrito por":"enequipo","Tiempo de lectura":"3 minutos"},"schema":{"@context":"https:\/\/schema.org","@graph":[{"@type":"Article","@id":"https:\/\/www.sonoraenequipo.com.mx\/mas-de-200-000-migrantes-irregulares-cruzaron-el-darien-rumbo-a-eeuu-este-ano\/#article","isPartOf":{"@id":"https:\/\/www.sonoraenequipo.com.mx\/mas-de-200-000-migrantes-irregulares-cruzaron-el-darien-rumbo-a-eeuu-este-ano\/"},"author":{"name":"enequipo","@id":"https:\/\/www.sonoraenequipo.com.mx\/#\/schema\/person\/50102df0fb23a8fa9e8effad8fa81386"},"headline":"M\u00e1s de 200.000 migrantes irregulares cruzaron el Dari\u00e9n rumbo a EEUU este a\u00f1o","datePublished":"2022-10-24T03:25:26+00:00","dateModified":"2022-10-24T15:40:43+00:00","mainEntityOfPage":{"@id":"https:\/\/www.sonoraenequipo.com.mx\/mas-de-200-000-migrantes-irregulares-cruzaron-el-darien-rumbo-a-eeuu-este-ano\/"},"wordCount":708,"commentCount":0,"publisher":{"@id":"https:\/\/www.sonoraenequipo.com.mx\/#organization"},"image":{"@id":"https:\/\/www.sonoraenequipo.com.mx\/mas-de-200-000-migrantes-irregulares-cruzaron-el-darien-rumbo-a-eeuu-este-ano\/#primaryimage"},"thumbnailUrl":"https:\/\/www.sonoraenequipo.com.mx\/storage\/2022\/10\/inmigrante-en-eua.jpg","articleSection":["MUNDO"],"inLanguage":"es","potentialAction":[{"@type":"CommentAction","name":"Comment","target":["https:\/\/www.sonoraenequipo.com.mx\/mas-de-200-000-migrantes-irregulares-cruzaron-el-darien-rumbo-a-eeuu-este-ano\/#respond"]}]},{"@type":"WebPage","@id":"https:\/\/www.sonoraenequipo.com.mx\/mas-de-200-000-migrantes-irregulares-cruzaron-el-darien-rumbo-a-eeuu-este-ano\/","url":"https:\/\/www.sonoraenequipo.com.mx\/mas-de-200-000-migrantes-irregulares-cruzaron-el-darien-rumbo-a-eeuu-este-ano\/","name":"Sonora en Equipo. M\u00e1s de 200.000 migrantes irregulares cruzaron el Dari\u00e9n rumbo a EEUU este a\u00f1o MUNDO","isPartOf":{"@id":"https:\/\/www.sonoraenequipo.com.mx\/#website"},"primaryImageOfPage":{"@id":"https:\/\/www.sonoraenequipo.com.mx\/mas-de-200-000-migrantes-irregulares-cruzaron-el-darien-rumbo-a-eeuu-este-ano\/#primaryimage"},"image":{"@id":"https:\/\/www.sonoraenequipo.com.mx\/mas-de-200-000-migrantes-irregulares-cruzaron-el-darien-rumbo-a-eeuu-este-ano\/#primaryimage"},"thumbnailUrl":"https:\/\/www.sonoraenequipo.com.mx\/storage\/2022\/10\/inmigrante-en-eua.jpg","datePublished":"2022-10-24T03:25:26+00:00","dateModified":"2022-10-24T15:40:43+00:00","description":"CIUDAD DE MPANAM\u00c1, PANAM\u00c1. \u2014 Un total de 204.986 migrantes irregulares con rumbo a EE.UU. han cruzado en lo que va de a\u00f1o la selva del Dari\u00e9n, la En Sonora en Equipo publicamos toda la informaci\u00f3n de Sonora, M\u00e9xico y el Mundo de manera oportuna y busca que la libertad de expresi\u00f3n sea real. Visita nuestro medio informativo publicado desde Hermosillo, Sonora. %","breadcrumb":{"@id":"https:\/\/www.sonoraenequipo.com.mx\/mas-de-200-000-migrantes-irregulares-cruzaron-el-darien-rumbo-a-eeuu-este-ano\/#breadcrumb"},"inLanguage":"es","potentialAction":[{"@type":"ReadAction","target":["https:\/\/www.sonoraenequipo.com.mx\/mas-de-200-000-migrantes-irregulares-cruzaron-el-darien-rumbo-a-eeuu-este-ano\/"]}]},{"@type":"ImageObject","inLanguage":"es","@id":"https:\/\/www.sonoraenequipo.com.mx\/mas-de-200-000-migrantes-irregulares-cruzaron-el-darien-rumbo-a-eeuu-este-ano\/#primaryimage","url":"https:\/\/www.sonoraenequipo.com.mx\/storage\/2022\/10\/inmigrante-en-eua.jpg","contentUrl":"https:\/\/www.sonoraenequipo.com.mx\/storage\/2022\/10\/inmigrante-en-eua.jpg","width":900,"height":514},{"@type":"BreadcrumbList","@id":"https:\/\/www.sonoraenequipo.com.mx\/mas-de-200-000-migrantes-irregulares-cruzaron-el-darien-rumbo-a-eeuu-este-ano\/#breadcrumb","itemListElement":[{"@type":"ListItem","position":1,"name":"Portada","item":"https:\/\/www.sonoraenequipo.com.mx\/"},{"@type":"ListItem","position":2,"name":"M\u00e1s de 200.000 migrantes irregulares cruzaron el Dari\u00e9n rumbo a EEUU este a\u00f1o"}]},{"@type":"WebSite","@id":"https:\/\/www.sonoraenequipo.com.mx\/#website","url":"https:\/\/www.sonoraenequipo.com.mx\/","name":"Sonora en Equipo.","description":"Diario en l\u00ednea con Noticias desde Hermosillo, Sonora","publisher":{"@id":"https:\/\/www.sonoraenequipo.com.mx\/#organization"},"potentialAction":[{"@type":"SearchAction","target":{"@type":"EntryPoint","urlTemplate":"https:\/\/www.sonoraenequipo.com.mx\/?s={search_term_string}"},"query-input":{"@type":"PropertyValueSpecification","valueRequired":true,"valueName":"search_term_string"}}],"inLanguage":"es"},{"@type":"Organization","@id":"https:\/\/www.sonoraenequipo.com.mx\/#organization","name":"Sonoraenequipo.com.mx","url":"https:\/\/www.sonoraenequipo.com.mx\/","logo":{"@type":"ImageObject","inLanguage":"es","@id":"https:\/\/www.sonoraenequipo.com.mx\/#\/schema\/logo\/image\/","url":"https:\/\/www.sonoraenequipo.com.mx\/storage\/2019\/01\/sonoraenequipo_opt.png","contentUrl":"https:\/\/www.sonoraenequipo.com.mx\/storage\/2019\/01\/sonoraenequipo_opt.png","width":375,"height":125,"caption":"Sonoraenequipo.com.mx"},"image":{"@id":"https:\/\/www.sonoraenequipo.com.mx\/#\/schema\/logo\/image\/"},"sameAs":["https:\/\/www.facebook.com\/SonoraEE\/","https:\/\/x.com\/sonoraenequipo","https:\/\/www.youtube.com\/channel\/UC338nW-lPEYmJQs4ZABQ1SQ"]},{"@type":"Person","@id":"https:\/\/www.sonoraenequipo.com.mx\/#\/schema\/person\/50102df0fb23a8fa9e8effad8fa81386","name":"enequipo","image":{"@type":"ImageObject","inLanguage":"es","@id":"https:\/\/www.sonoraenequipo.com.mx\/#\/schema\/person\/image\/","url":"https:\/\/secure.gravatar.com\/avatar\/049821681b589dabc0bc20695993ccebb09f5b5d4d790cd9251b97faac7c652b?s=96&d=blank&r=g","contentUrl":"https:\/\/secure.gravatar.com\/avatar\/049821681b589dabc0bc20695993ccebb09f5b5d4d790cd9251b97faac7c652b?s=96&d=blank&r=g","caption":"enequipo"},"sameAs":["https:\/\/www.facebook.com\/SonoraEE"]}]}},"jetpack_featured_media_url":"https:\/\/www.sonoraenequipo.com.mx\/storage\/2022\/10\/inmigrante-en-eua.jpg","_links":{"self":[{"href":"https:\/\/www.sonoraenequipo.com.mx\/api\/wp\/v2\/posts\/150102","targetHints":{"allow":["GET"]}}],"collection":[{"href":"https:\/\/www.sonoraenequipo.com.mx\/api\/wp\/v2\/posts"}],"about":[{"href":"https:\/\/www.sonoraenequipo.com.mx\/api\/wp\/v2\/types\/post"}],"author":[{"embeddable":true,"href":"https:\/\/www.sonoraenequipo.com.mx\/api\/wp\/v2\/users\/1"}],"replies":[{"embeddable":true,"href":"https:\/\/www.sonoraenequipo.com.mx\/api\/wp\/v2\/comments?post=150102"}],"version-history":[{"count":1,"href":"https:\/\/www.sonoraenequipo.com.mx\/api\/wp\/v2\/posts\/150102\/revisions"}],"predecessor-version":[{"id":150103,"href":"https:\/\/www.sonoraenequipo.com.mx\/api\/wp\/v2\/posts\/150102\/revisions\/150103"}],"wp:featuredmedia":[{"embeddable":true,"href":"https:\/\/www.sonoraenequipo.com.mx\/api\/wp\/v2\/media\/150076"}],"wp:attachment":[{"href":"https:\/\/www.sonoraenequipo.com.mx\/api\/wp\/v2\/media?parent=150102"}],"wp:term":[{"taxonomy":"category","embeddable":true,"href":"https:\/\/www.sonoraenequipo.com.mx\/api\/wp\/v2\/categories?post=150102"},{"taxonomy":"post_tag","embeddable":true,"href":"https:\/\/www.sonoraenequipo.com.mx\/api\/wp\/v2\/tags?post=150102"}],"curies":[{"name":"wp","href":"https:\/\/api.w.org\/{rel}","templated":true}]}}