{"id":150104,"date":"2022-10-23T07:10:09","date_gmt":"2022-10-23T14:10:09","guid":{"rendered":"https:\/\/www.sonoraenequipo.com.mx\/?p=150104"},"modified":"2022-10-24T08:48:21","modified_gmt":"2022-10-24T15:48:21","slug":"asesinato-en-boda-en-caborca-revelan-nombre-del-novio-asesinado","status":"publish","type":"post","link":"https:\/\/www.sonoraenequipo.com.mx\/asesinato-en-boda-en-caborca-revelan-nombre-del-novio-asesinado\/","title":{"rendered":"Asesinato en boda en Caborca: Revelan nombre del novio asesinado"},"content":{"rendered":"<p><strong>CABORCA, SONORA. MX. \u2014<\/strong> La Fiscal\u00eda de Sonora dijo que no se descarta ninguna l\u00ednea de investigaci\u00f3n incluyendo aquellas que son citadas en fuentes abiertas por redes sociales, sobre el asesinato de un hombre al salir de su propia boda en la iglesia Nuestra Se\u00f1ora de La Candelaria en Caborca.<\/p>\n<p>&nbsp;<\/p>\n<p> <\/p>\n<p>&nbsp;<\/p>\n<p>Marco Antonio Rosales Contreras, de 32 a\u00f1os de edad, originario de Durango pero con residencia en Guadalajara, lleg\u00f3 con sus padres y hermana, por la ma\u00f1ana del s\u00e1bado 22 octubre, a la ciudad, para celebrar su enlace matrimonial horas despu\u00e9s.<\/p>\n<p>&nbsp;<\/p>\n<p>Alrededor de las 17:00 horas, al salir del templo, ubicado por la calzada 6 de Abril de la colonia Centro, fue agredido y alcanzado por varios impactos de bala, que seg\u00fan testigos fueron hechos por un solo hombre.<br \/>\nHieren a hermana<\/p>\n<p>Su hermana Michelle Adriana R.C. de 23 a\u00f1os tambi\u00e9n result\u00f3 con una herida con proyectil de arma de fuego en la espalda.<\/p>\n<blockquote class=\"twitter-tweet\" data-width=\"550\" data-dnt=\"true\">\n<p lang=\"es\" dir=\"ltr\">De ser el d\u00eda m\u00e1s feliz de su vida pas\u00f3 a ser el m\u00e1s tr\u00e1gico\ud83e\udd7a. As\u00ed termin\u00f3 el vestido de una novia luego de que asesinaran a su reci\u00e9n esposo afuera de una iglesia en <a href=\"https:\/\/twitter.com\/hashtag\/Caborca?src=hash&amp;ref_src=twsrc%5Etfw\">#Caborca<\/a>. \u00a1Incre\u00edble y lamentable! <a href=\"https:\/\/t.co\/8USjOM911e\">pic.twitter.com\/8USjOM911e<\/a><\/p>\n<p>&mdash; Rosa Lilia Torres- Noticias (@rosaliliatorrs) <a href=\"https:\/\/twitter.com\/rosaliliatorrs\/status\/1584055542216990720?ref_src=twsrc%5Etfw\">October 23, 2022<\/a><\/p><\/blockquote>\n<p><script async src=\"https:\/\/platform.twitter.com\/widgets.js\" charset=\"utf-8\"><\/script><\/p>\n<p>Familiares e invitados de la boda en forma desesperada intentaban dar Reanimaci\u00f3n CardioPulmonar (RCP), a las dos personas lesionadas mientras llegaban los param\u00e9dicos de la Cruz Roja.<\/p>\n<p>&nbsp;<\/p>\n<p>La tragedia alcanz\u00f3 a la novia quien result\u00f3 ilesa. Inmersa en una crisis nerviosa, con su vestido blanco manchado de sangre, fue retirada del lugar por sus familiares.<\/p>\n<p>&nbsp;<\/p>\n<p>En tanto el joven, un ingeniero en Sistemas Computacionales que laboraba en una empresa en el estado de Jalisco, falleci\u00f3 cuando era trasladado a bordo de una ambulancia de la Cruz Roja.<\/p>\n<p>&nbsp;<\/p>\n<p>No logr\u00f3 llegar con vida al hospital, mientras su hermana horas despu\u00e9s fue declarada fuera de peligro.<\/p>\n<blockquote class=\"twitter-tweet\" data-width=\"550\" data-dnt=\"true\">\n<p lang=\"es\" dir=\"ltr\"><a href=\"https:\/\/twitter.com\/hashtag\/CABORCA?src=hash&amp;ref_src=twsrc%5Etfw\">#CABORCA<\/a>| <a href=\"https:\/\/twitter.com\/hashtag\/URGENTE?src=hash&amp;ref_src=twsrc%5Etfw\">#URGENTE<\/a>| Identifican al hombre ejecutado al salir de su boda en las puertas del templo de La Candelaria.<\/p>\n<p> Se trata de Marco Antonio  de 32 a\u00f1os originario de Durango pero con residencia en <a href=\"https:\/\/twitter.com\/hashtag\/Guadalajara?src=hash&amp;ref_src=twsrc%5Etfw\">#Guadalajara<\/a>, el cu\u00e1l recibi\u00f3 cuatro impactos de Bala. <a href=\"https:\/\/t.co\/QBR7hH7P2f\">pic.twitter.com\/QBR7hH7P2f<\/a><\/p>\n<p>&mdash; RAMIRO ESCOTO DIGITAL (RED) (@Ramiro_Escoto) <a href=\"https:\/\/twitter.com\/Ramiro_Escoto\/status\/1584033004736851968?ref_src=twsrc%5Etfw\">October 23, 2022<\/a><\/p><\/blockquote>\n<p><script async src=\"https:\/\/platform.twitter.com\/widgets.js\" charset=\"utf-8\"><\/script><\/p>\n<p>&nbsp;<\/p>\n<p>&nbsp;<\/p>\n<p>&nbsp;<\/p>\n<p>PUBLICADO EL 23\/OCTUBRE DE 2022)<\/p>\n","protected":false},"excerpt":{"rendered":"<p>CABORCA, SONORA. MX. \u2014 La Fiscal\u00eda de Sonora dijo que no se descarta ninguna l\u00ednea&#8230;<\/p>\n","protected":false},"author":1,"featured_media":150105,"comment_status":"open","ping_status":"open","sticky":false,"template":"","format":"standard","meta":{"_monsterinsights_skip_tracking":false,"_monsterinsights_sitenote_active":false,"_monsterinsights_sitenote_note":"","_monsterinsights_sitenote_category":0,"footnotes":""},"categories":[3144],"tags":[],"class_list":["post"],"yoast_head":" \n<title>Sonora en Equipo. Asesinato en boda en Caborca: Revelan nombre del novio asesinado Polic\u00edaca<\/title>\n<meta name=\"description\" content=\"CABORCA, SONORA. MX. \u2014 La Fiscal\u00eda de Sonora dijo que no se descarta ninguna l\u00ednea de investigaci\u00f3n incluyendo aquellas que son citadas en fuentes En Sonora en Equipo publicamos toda la informaci\u00f3n de Sonora, M\u00e9xico y el Mundo de manera oportuna y busca que la libertad de expresi\u00f3n sea real. Visita nuestro medio informativo publicado desde Hermosillo, Sonora. %\" \/>\n<meta name=\"robots\" content=\"index, follow, max-snippet:-1, max-image-preview:large, max-video-preview:-1\" \/>\n<link rel=\"canonical\" href=\"https:\/\/www.sonoraenequipo.com.mx\/asesinato-en-boda-en-caborca-revelan-nombre-del-novio-asesinado\/\" \/>\n<meta property=\"og:locale\" content=\"es_ES\" \/>\n<meta property=\"og:type\" content=\"article\" \/>\n<meta property=\"og:title\" content=\"Sonora en Equipo. Asesinato en boda en Caborca: Revelan nombre del novio asesinado Polic\u00edaca\" \/>\n<meta property=\"og:description\" content=\"CABORCA, SONORA. MX. \u2014 La Fiscal\u00eda de Sonora dijo que no se descarta ninguna l\u00ednea de investigaci\u00f3n incluyendo aquellas que son citadas en fuentes En Sonora en Equipo publicamos toda la informaci\u00f3n de Sonora, M\u00e9xico y el Mundo de manera oportuna y busca que la libertad de expresi\u00f3n sea real. Visita nuestro medio informativo publicado desde Hermosillo, Sonora. %\" \/>\n<meta property=\"og:url\" content=\"https:\/\/www.sonoraenequipo.com.mx\/asesinato-en-boda-en-caborca-revelan-nombre-del-novio-asesinado\/\" \/>\n<meta property=\"og:site_name\" content=\"Sonora en Equipo.\" \/>\n<meta property=\"article:publisher\" content=\"https:\/\/www.facebook.com\/SonoraEE\/\" \/>\n<meta property=\"article:author\" content=\"https:\/\/www.facebook.com\/SonoraEE\" \/>\n<meta property=\"article:published_time\" content=\"2022-10-23T14:10:09+00:00\" \/>\n<meta property=\"article:modified_time\" content=\"2022-10-24T15:48:21+00:00\" \/>\n<meta property=\"og:image\" content=\"https:\/\/www.sonoraenequipo.com.mx\/storage\/2022\/10\/ejecutado-e-plena-boda.jpg\" \/>\n\t<meta property=\"og:image:width\" content=\"798\" \/>\n\t<meta property=\"og:image:height\" content=\"456\" \/>\n\t<meta property=\"og:image:type\" content=\"image\/jpeg\" \/>\n<meta name=\"author\" content=\"enequipo\" \/>\n<meta name=\"twitter:card\" content=\"summary_large_image\" \/>\n<meta name=\"twitter:creator\" content=\"@sonoraenequipo\" \/>\n<meta name=\"twitter:site\" content=\"@sonoraenequipo\" \/>\n<meta name=\"twitter:label1\" content=\"Escrito por\" \/>\n\t<meta name=\"twitter:data1\" content=\"enequipo\" \/>\n\t<meta name=\"twitter:label2\" content=\"Tiempo de lectura\" \/>\n\t<meta name=\"twitter:data2\" content=\"1 minuto\" \/>\n<script type=\"application\/ld+json\" class=\"yoast-schema-graph\">{\"@context\":\"https:\/\/schema.org\",\"@graph\":[{\"@type\":\"Article\",\"@id\":\"https:\/\/www.sonoraenequipo.com.mx\/asesinato-en-boda-en-caborca-revelan-nombre-del-novio-asesinado\/#article\",\"isPartOf\":{\"@id\":\"https:\/\/www.sonoraenequipo.com.mx\/asesinato-en-boda-en-caborca-revelan-nombre-del-novio-asesinado\/\"},\"author\":{\"name\":\"enequipo\",\"@id\":\"https:\/\/www.sonoraenequipo.com.mx\/#\/schema\/person\/50102df0fb23a8fa9e8effad8fa81386\"},\"headline\":\"Asesinato en boda en Caborca: Revelan nombre del novio asesinado\",\"datePublished\":\"2022-10-23T14:10:09+00:00\",\"dateModified\":\"2022-10-24T15:48:21+00:00\",\"mainEntityOfPage\":{\"@id\":\"https:\/\/www.sonoraenequipo.com.mx\/asesinato-en-boda-en-caborca-revelan-nombre-del-novio-asesinado\/\"},\"wordCount\":300,\"commentCount\":0,\"publisher\":{\"@id\":\"https:\/\/www.sonoraenequipo.com.mx\/#organization\"},\"image\":{\"@id\":\"https:\/\/www.sonoraenequipo.com.mx\/asesinato-en-boda-en-caborca-revelan-nombre-del-novio-asesinado\/#primaryimage\"},\"thumbnailUrl\":\"https:\/\/www.sonoraenequipo.com.mx\/storage\/2022\/10\/ejecutado-e-plena-boda.jpg\",\"articleSection\":[\"Polic\u00edaca\"],\"inLanguage\":\"es\",\"potentialAction\":[{\"@type\":\"CommentAction\",\"name\":\"Comment\",\"target\":[\"https:\/\/www.sonoraenequipo.com.mx\/asesinato-en-boda-en-caborca-revelan-nombre-del-novio-asesinado\/#respond\"]}]},{\"@type\":\"WebPage\",\"@id\":\"https:\/\/www.sonoraenequipo.com.mx\/asesinato-en-boda-en-caborca-revelan-nombre-del-novio-asesinado\/\",\"url\":\"https:\/\/www.sonoraenequipo.com.mx\/asesinato-en-boda-en-caborca-revelan-nombre-del-novio-asesinado\/\",\"name\":\"Sonora en Equipo. Asesinato en boda en Caborca: Revelan nombre del novio asesinado Polic\u00edaca\",\"isPartOf\":{\"@id\":\"https:\/\/www.sonoraenequipo.com.mx\/#website\"},\"primaryImageOfPage\":{\"@id\":\"https:\/\/www.sonoraenequipo.com.mx\/asesinato-en-boda-en-caborca-revelan-nombre-del-novio-asesinado\/#primaryimage\"},\"image\":{\"@id\":\"https:\/\/www.sonoraenequipo.com.mx\/asesinato-en-boda-en-caborca-revelan-nombre-del-novio-asesinado\/#primaryimage\"},\"thumbnailUrl\":\"https:\/\/www.sonoraenequipo.com.mx\/storage\/2022\/10\/ejecutado-e-plena-boda.jpg\",\"datePublished\":\"2022-10-23T14:10:09+00:00\",\"dateModified\":\"2022-10-24T15:48:21+00:00\",\"description\":\"CABORCA, SONORA. MX. \u2014 La Fiscal\u00eda de Sonora dijo que no se descarta ninguna l\u00ednea de investigaci\u00f3n incluyendo aquellas que son citadas en fuentes En Sonora en Equipo publicamos toda la informaci\u00f3n de Sonora, M\u00e9xico y el Mundo de manera oportuna y busca que la libertad de expresi\u00f3n sea real. Visita nuestro medio informativo publicado desde Hermosillo, Sonora. %\",\"breadcrumb\":{\"@id\":\"https:\/\/www.sonoraenequipo.com.mx\/asesinato-en-boda-en-caborca-revelan-nombre-del-novio-asesinado\/#breadcrumb\"},\"inLanguage\":\"es\",\"potentialAction\":[{\"@type\":\"ReadAction\",\"target\":[\"https:\/\/www.sonoraenequipo.com.mx\/asesinato-en-boda-en-caborca-revelan-nombre-del-novio-asesinado\/\"]}]},{\"@type\":\"ImageObject\",\"inLanguage\":\"es\",\"@id\":\"https:\/\/www.sonoraenequipo.com.mx\/asesinato-en-boda-en-caborca-revelan-nombre-del-novio-asesinado\/#primaryimage\",\"url\":\"https:\/\/www.sonoraenequipo.com.mx\/storage\/2022\/10\/ejecutado-e-plena-boda.jpg\",\"contentUrl\":\"https:\/\/www.sonoraenequipo.com.mx\/storage\/2022\/10\/ejecutado-e-plena-boda.jpg\",\"width\":798,\"height\":456},{\"@type\":\"BreadcrumbList\",\"@id\":\"https:\/\/www.sonoraenequipo.com.mx\/asesinato-en-boda-en-caborca-revelan-nombre-del-novio-asesinado\/#breadcrumb\",\"itemListElement\":[{\"@type\":\"ListItem\",\"position\":1,\"name\":\"Portada\",\"item\":\"https:\/\/www.sonoraenequipo.com.mx\/\"},{\"@type\":\"ListItem\",\"position\":2,\"name\":\"Asesinato en boda en Caborca: Revelan nombre del novio asesinado\"}]},{\"@type\":\"WebSite\",\"@id\":\"https:\/\/www.sonoraenequipo.com.mx\/#website\",\"url\":\"https:\/\/www.sonoraenequipo.com.mx\/\",\"name\":\"Sonora en Equipo.\",\"description\":\"Diario en l\u00ednea con Noticias desde Hermosillo, Sonora\",\"publisher\":{\"@id\":\"https:\/\/www.sonoraenequipo.com.mx\/#organization\"},\"potentialAction\":[{\"@type\":\"SearchAction\",\"target\":{\"@type\":\"EntryPoint\",\"urlTemplate\":\"https:\/\/www.sonoraenequipo.com.mx\/?s={search_term_string}\"},\"query-input\":{\"@type\":\"PropertyValueSpecification\",\"valueRequired\":true,\"valueName\":\"search_term_string\"}}],\"inLanguage\":\"es\"},{\"@type\":\"Organization\",\"@id\":\"https:\/\/www.sonoraenequipo.com.mx\/#organization\",\"name\":\"Sonoraenequipo.com.mx\",\"url\":\"https:\/\/www.sonoraenequipo.com.mx\/\",\"logo\":{\"@type\":\"ImageObject\",\"inLanguage\":\"es\",\"@id\":\"https:\/\/www.sonoraenequipo.com.mx\/#\/schema\/logo\/image\/\",\"url\":\"https:\/\/www.sonoraenequipo.com.mx\/storage\/2019\/01\/sonoraenequipo_opt.png\",\"contentUrl\":\"https:\/\/www.sonoraenequipo.com.mx\/storage\/2019\/01\/sonoraenequipo_opt.png\",\"width\":375,\"height\":125,\"caption\":\"Sonoraenequipo.com.mx\"},\"image\":{\"@id\":\"https:\/\/www.sonoraenequipo.com.mx\/#\/schema\/logo\/image\/\"},\"sameAs\":[\"https:\/\/www.facebook.com\/SonoraEE\/\",\"https:\/\/x.com\/sonoraenequipo\",\"https:\/\/www.youtube.com\/channel\/UC338nW-lPEYmJQs4ZABQ1SQ\"]},{\"@type\":\"Person\",\"@id\":\"https:\/\/www.sonoraenequipo.com.mx\/#\/schema\/person\/50102df0fb23a8fa9e8effad8fa81386\",\"name\":\"enequipo\",\"image\":{\"@type\":\"ImageObject\",\"inLanguage\":\"es\",\"@id\":\"https:\/\/www.sonoraenequipo.com.mx\/#\/schema\/person\/image\/\",\"url\":\"https:\/\/secure.gravatar.com\/avatar\/049821681b589dabc0bc20695993ccebb09f5b5d4d790cd9251b97faac7c652b?s=96&d=blank&r=g\",\"contentUrl\":\"https:\/\/secure.gravatar.com\/avatar\/049821681b589dabc0bc20695993ccebb09f5b5d4d790cd9251b97faac7c652b?s=96&d=blank&r=g\",\"caption\":\"enequipo\"},\"sameAs\":[\"https:\/\/www.facebook.com\/SonoraEE\"]}]}<\/script>\n ","yoast_head_json":{"title":"Sonora en Equipo. Asesinato en boda en Caborca: Revelan nombre del novio asesinado Polic\u00edaca","description":"CABORCA, SONORA. MX. \u2014 La Fiscal\u00eda de Sonora dijo que no se descarta ninguna l\u00ednea de investigaci\u00f3n incluyendo aquellas que son citadas en fuentes En Sonora en Equipo publicamos toda la informaci\u00f3n de Sonora, M\u00e9xico y el Mundo de manera oportuna y busca que la libertad de expresi\u00f3n sea real. Visita nuestro medio informativo publicado desde Hermosillo, Sonora. %","robots":{"index":"index","follow":"follow","max-snippet":"max-snippet:-1","max-image-preview":"max-image-preview:large","max-video-preview":"max-video-preview:-1"},"canonical":"https:\/\/www.sonoraenequipo.com.mx\/asesinato-en-boda-en-caborca-revelan-nombre-del-novio-asesinado\/","og_locale":"es_ES","og_type":"article","og_title":"Sonora en Equipo. Asesinato en boda en Caborca: Revelan nombre del novio asesinado Polic\u00edaca","og_description":"CABORCA, SONORA. MX. \u2014 La Fiscal\u00eda de Sonora dijo que no se descarta ninguna l\u00ednea de investigaci\u00f3n incluyendo aquellas que son citadas en fuentes En Sonora en Equipo publicamos toda la informaci\u00f3n de Sonora, M\u00e9xico y el Mundo de manera oportuna y busca que la libertad de expresi\u00f3n sea real. Visita nuestro medio informativo publicado desde Hermosillo, Sonora. %","og_url":"https:\/\/www.sonoraenequipo.com.mx\/asesinato-en-boda-en-caborca-revelan-nombre-del-novio-asesinado\/","og_site_name":"Sonora en Equipo.","article_publisher":"https:\/\/www.facebook.com\/SonoraEE\/","article_author":"https:\/\/www.facebook.com\/SonoraEE","article_published_time":"2022-10-23T14:10:09+00:00","article_modified_time":"2022-10-24T15:48:21+00:00","og_image":[{"width":798,"height":456,"url":"https:\/\/www.sonoraenequipo.com.mx\/storage\/2022\/10\/ejecutado-e-plena-boda.jpg","type":"image\/jpeg"}],"author":"enequipo","twitter_card":"summary_large_image","twitter_creator":"@sonoraenequipo","twitter_site":"@sonoraenequipo","twitter_misc":{"Escrito por":"enequipo","Tiempo de lectura":"1 minuto"},"schema":{"@context":"https:\/\/schema.org","@graph":[{"@type":"Article","@id":"https:\/\/www.sonoraenequipo.com.mx\/asesinato-en-boda-en-caborca-revelan-nombre-del-novio-asesinado\/#article","isPartOf":{"@id":"https:\/\/www.sonoraenequipo.com.mx\/asesinato-en-boda-en-caborca-revelan-nombre-del-novio-asesinado\/"},"author":{"name":"enequipo","@id":"https:\/\/www.sonoraenequipo.com.mx\/#\/schema\/person\/50102df0fb23a8fa9e8effad8fa81386"},"headline":"Asesinato en boda en Caborca: Revelan nombre del novio asesinado","datePublished":"2022-10-23T14:10:09+00:00","dateModified":"2022-10-24T15:48:21+00:00","mainEntityOfPage":{"@id":"https:\/\/www.sonoraenequipo.com.mx\/asesinato-en-boda-en-caborca-revelan-nombre-del-novio-asesinado\/"},"wordCount":300,"commentCount":0,"publisher":{"@id":"https:\/\/www.sonoraenequipo.com.mx\/#organization"},"image":{"@id":"https:\/\/www.sonoraenequipo.com.mx\/asesinato-en-boda-en-caborca-revelan-nombre-del-novio-asesinado\/#primaryimage"},"thumbnailUrl":"https:\/\/www.sonoraenequipo.com.mx\/storage\/2022\/10\/ejecutado-e-plena-boda.jpg","articleSection":["Polic\u00edaca"],"inLanguage":"es","potentialAction":[{"@type":"CommentAction","name":"Comment","target":["https:\/\/www.sonoraenequipo.com.mx\/asesinato-en-boda-en-caborca-revelan-nombre-del-novio-asesinado\/#respond"]}]},{"@type":"WebPage","@id":"https:\/\/www.sonoraenequipo.com.mx\/asesinato-en-boda-en-caborca-revelan-nombre-del-novio-asesinado\/","url":"https:\/\/www.sonoraenequipo.com.mx\/asesinato-en-boda-en-caborca-revelan-nombre-del-novio-asesinado\/","name":"Sonora en Equipo. Asesinato en boda en Caborca: Revelan nombre del novio asesinado Polic\u00edaca","isPartOf":{"@id":"https:\/\/www.sonoraenequipo.com.mx\/#website"},"primaryImageOfPage":{"@id":"https:\/\/www.sonoraenequipo.com.mx\/asesinato-en-boda-en-caborca-revelan-nombre-del-novio-asesinado\/#primaryimage"},"image":{"@id":"https:\/\/www.sonoraenequipo.com.mx\/asesinato-en-boda-en-caborca-revelan-nombre-del-novio-asesinado\/#primaryimage"},"thumbnailUrl":"https:\/\/www.sonoraenequipo.com.mx\/storage\/2022\/10\/ejecutado-e-plena-boda.jpg","datePublished":"2022-10-23T14:10:09+00:00","dateModified":"2022-10-24T15:48:21+00:00","description":"CABORCA, SONORA. MX. \u2014 La Fiscal\u00eda de Sonora dijo que no se descarta ninguna l\u00ednea de investigaci\u00f3n incluyendo aquellas que son citadas en fuentes En Sonora en Equipo publicamos toda la informaci\u00f3n de Sonora, M\u00e9xico y el Mundo de manera oportuna y busca que la libertad de expresi\u00f3n sea real. Visita nuestro medio informativo publicado desde Hermosillo, Sonora. %","breadcrumb":{"@id":"https:\/\/www.sonoraenequipo.com.mx\/asesinato-en-boda-en-caborca-revelan-nombre-del-novio-asesinado\/#breadcrumb"},"inLanguage":"es","potentialAction":[{"@type":"ReadAction","target":["https:\/\/www.sonoraenequipo.com.mx\/asesinato-en-boda-en-caborca-revelan-nombre-del-novio-asesinado\/"]}]},{"@type":"ImageObject","inLanguage":"es","@id":"https:\/\/www.sonoraenequipo.com.mx\/asesinato-en-boda-en-caborca-revelan-nombre-del-novio-asesinado\/#primaryimage","url":"https:\/\/www.sonoraenequipo.com.mx\/storage\/2022\/10\/ejecutado-e-plena-boda.jpg","contentUrl":"https:\/\/www.sonoraenequipo.com.mx\/storage\/2022\/10\/ejecutado-e-plena-boda.jpg","width":798,"height":456},{"@type":"BreadcrumbList","@id":"https:\/\/www.sonoraenequipo.com.mx\/asesinato-en-boda-en-caborca-revelan-nombre-del-novio-asesinado\/#breadcrumb","itemListElement":[{"@type":"ListItem","position":1,"name":"Portada","item":"https:\/\/www.sonoraenequipo.com.mx\/"},{"@type":"ListItem","position":2,"name":"Asesinato en boda en Caborca: Revelan nombre del novio asesinado"}]},{"@type":"WebSite","@id":"https:\/\/www.sonoraenequipo.com.mx\/#website","url":"https:\/\/www.sonoraenequipo.com.mx\/","name":"Sonora en Equipo.","description":"Diario en l\u00ednea con Noticias desde Hermosillo, Sonora","publisher":{"@id":"https:\/\/www.sonoraenequipo.com.mx\/#organization"},"potentialAction":[{"@type":"SearchAction","target":{"@type":"EntryPoint","urlTemplate":"https:\/\/www.sonoraenequipo.com.mx\/?s={search_term_string}"},"query-input":{"@type":"PropertyValueSpecification","valueRequired":true,"valueName":"search_term_string"}}],"inLanguage":"es"},{"@type":"Organization","@id":"https:\/\/www.sonoraenequipo.com.mx\/#organization","name":"Sonoraenequipo.com.mx","url":"https:\/\/www.sonoraenequipo.com.mx\/","logo":{"@type":"ImageObject","inLanguage":"es","@id":"https:\/\/www.sonoraenequipo.com.mx\/#\/schema\/logo\/image\/","url":"https:\/\/www.sonoraenequipo.com.mx\/storage\/2019\/01\/sonoraenequipo_opt.png","contentUrl":"https:\/\/www.sonoraenequipo.com.mx\/storage\/2019\/01\/sonoraenequipo_opt.png","width":375,"height":125,"caption":"Sonoraenequipo.com.mx"},"image":{"@id":"https:\/\/www.sonoraenequipo.com.mx\/#\/schema\/logo\/image\/"},"sameAs":["https:\/\/www.facebook.com\/SonoraEE\/","https:\/\/x.com\/sonoraenequipo","https:\/\/www.youtube.com\/channel\/UC338nW-lPEYmJQs4ZABQ1SQ"]},{"@type":"Person","@id":"https:\/\/www.sonoraenequipo.com.mx\/#\/schema\/person\/50102df0fb23a8fa9e8effad8fa81386","name":"enequipo","image":{"@type":"ImageObject","inLanguage":"es","@id":"https:\/\/www.sonoraenequipo.com.mx\/#\/schema\/person\/image\/","url":"https:\/\/secure.gravatar.com\/avatar\/049821681b589dabc0bc20695993ccebb09f5b5d4d790cd9251b97faac7c652b?s=96&d=blank&r=g","contentUrl":"https:\/\/secure.gravatar.com\/avatar\/049821681b589dabc0bc20695993ccebb09f5b5d4d790cd9251b97faac7c652b?s=96&d=blank&r=g","caption":"enequipo"},"sameAs":["https:\/\/www.facebook.com\/SonoraEE"]}]}},"jetpack_featured_media_url":"https:\/\/www.sonoraenequipo.com.mx\/storage\/2022\/10\/ejecutado-e-plena-boda.jpg","_links":{"self":[{"href":"https:\/\/www.sonoraenequipo.com.mx\/api\/wp\/v2\/posts\/150104","targetHints":{"allow":["GET"]}}],"collection":[{"href":"https:\/\/www.sonoraenequipo.com.mx\/api\/wp\/v2\/posts"}],"about":[{"href":"https:\/\/www.sonoraenequipo.com.mx\/api\/wp\/v2\/types\/post"}],"author":[{"embeddable":true,"href":"https:\/\/www.sonoraenequipo.com.mx\/api\/wp\/v2\/users\/1"}],"replies":[{"embeddable":true,"href":"https:\/\/www.sonoraenequipo.com.mx\/api\/wp\/v2\/comments?post=150104"}],"version-history":[{"count":1,"href":"https:\/\/www.sonoraenequipo.com.mx\/api\/wp\/v2\/posts\/150104\/revisions"}],"predecessor-version":[{"id":150106,"href":"https:\/\/www.sonoraenequipo.com.mx\/api\/wp\/v2\/posts\/150104\/revisions\/150106"}],"wp:featuredmedia":[{"embeddable":true,"href":"https:\/\/www.sonoraenequipo.com.mx\/api\/wp\/v2\/media\/150105"}],"wp:attachment":[{"href":"https:\/\/www.sonoraenequipo.com.mx\/api\/wp\/v2\/media?parent=150104"}],"wp:term":[{"taxonomy":"category","embeddable":true,"href":"https:\/\/www.sonoraenequipo.com.mx\/api\/wp\/v2\/categories?post=150104"},{"taxonomy":"post_tag","embeddable":true,"href":"https:\/\/www.sonoraenequipo.com.mx\/api\/wp\/v2\/tags?post=150104"}],"curies":[{"name":"wp","href":"https:\/\/api.w.org\/{rel}","templated":true}]}}