{"id":150704,"date":"2022-10-31T15:05:24","date_gmt":"2022-10-31T22:05:24","guid":{"rendered":"https:\/\/www.sonoraenequipo.com.mx\/?p=150704"},"modified":"2022-10-31T18:49:17","modified_gmt":"2022-11-01T01:49:17","slug":"twitter-y-musk-solicitan-el-cierre-del-proceso-judicial-que-los-enfrentaba","status":"publish","type":"post","link":"https:\/\/www.sonoraenequipo.com.mx\/twitter-y-musk-solicitan-el-cierre-del-proceso-judicial-que-los-enfrentaba\/","title":{"rendered":"Twitter y Musk solicitan el cierre del proceso judicial que los enfrentaba"},"content":{"rendered":"<p><strong>ESTADOS UNIDOS.<\/strong> \u2014 Luego de concretarse la compra de Twitter por parte del millonario Elon Musk, las dos partes pidieron oficialmente la suspensi\u00f3n del proceso judicial que las enfrentaba, en el que la red social buscaba forzar la adquisici\u00f3n, que finalmente se anunci\u00f3 la semana pasada, seg\u00fan documentos oficiales.<\/p>\n<p>&nbsp;<\/p>\n<p> <\/p>\n<p>&nbsp;<\/p>\n<p>El abogado del hombre m\u00e1s rico del mundo envi\u00f3 una carta fechada el viernes a la jueza encargada del caso en Delaware, se\u00f1alando que Musk concret\u00f3 la compra seg\u00fan los t\u00e9rminos del acuerdo de abril..<\/p>\n<p>&nbsp;<\/p>\n<p><em><strong>\u201cA la luz de este desarrollo, los acusados y Twitter aceptaron retirar sus querellas y contrademandas\u201d<\/strong><\/em> y proponen finalizar el proceso, se\u00f1ala el documento.<\/p>\n<p>&nbsp;<\/p>\n<p>La jueza Kathaleen McCormick debe aprobar esta demanda para que el caso quede oficialmente cerrado.<\/p>\n<p>&nbsp;<\/p>\n<p>La operaci\u00f3n tuvo varias idas y venidas desde abril, cuando las partes acordaron la compra por 44 mil millones de d\u00f3lares, incluso con un intento de Musk de abandonar el proceso alegando que los directivos de la red social no le dieron informaci\u00f3n exacta sobre la proporci\u00f3n de cuentas falsas en la plataforma.<\/p>\n<p>&nbsp;<\/p>\n<p>&nbsp;<\/p>\n<p>El millonario ten\u00eda, por determinaci\u00f3n judicial, plazo hasta el 28 de octubre para concluir la compra, en cuyo defecto hubiera comenzado el juicio.<\/p>\n<p>&nbsp;<\/p>\n<blockquote class=\"twitter-tweet\" data-width=\"550\" data-dnt=\"true\">\n<p lang=\"en\" dir=\"ltr\">Just received this email from Twitter. This is an actual, real email that was autogenerated \ud83e\udd23\ud83e\udd23 <a href=\"https:\/\/t.co\/7DQp4sNINX\">pic.twitter.com\/7DQp4sNINX<\/a><\/p>\n<p>&mdash; Elon Musk (@elonmusk) <a href=\"https:\/\/twitter.com\/elonmusk\/status\/1586680643831836677?ref_src=twsrc%5Etfw\">October 30, 2022<\/a><\/p><\/blockquote>\n<p><script async src=\"https:\/\/platform.twitter.com\/widgets.js\" charset=\"utf-8\"><\/script><\/p>\n<p>&nbsp;<\/p>\n<p>PUBLICADO EL 31\/OCTUBRE DE 2022 \/Con informaci\u00f3n de AFP)<\/p>\n","protected":false},"excerpt":{"rendered":"<p>ESTADOS UNIDOS. \u2014 Luego de concretarse la compra de Twitter por parte del millonario Elon&#8230;<\/p>\n","protected":false},"author":1,"featured_media":150705,"comment_status":"open","ping_status":"open","sticky":false,"template":"","format":"standard","meta":{"_monsterinsights_skip_tracking":false,"_monsterinsights_sitenote_active":false,"_monsterinsights_sitenote_note":"","_monsterinsights_sitenote_category":0,"footnotes":""},"categories":[3],"tags":[],"class_list":["post"],"yoast_head":" \n<title>Sonora en Equipo. Twitter y Musk solicitan el cierre del proceso judicial que los enfrentaba MUNDO<\/title>\n<meta name=\"description\" content=\"ESTADOS UNIDOS. \u2014 Luego de concretarse la compra de Twitter por parte del millonario Elon Musk, las dos partes pidieron oficialmente la suspensi\u00f3n del En Sonora en Equipo publicamos toda la informaci\u00f3n de Sonora, M\u00e9xico y el Mundo de manera oportuna y busca que la libertad de expresi\u00f3n sea real. Visita nuestro medio informativo publicado desde Hermosillo, Sonora. %\" \/>\n<meta name=\"robots\" content=\"index, follow, max-snippet:-1, max-image-preview:large, max-video-preview:-1\" \/>\n<link rel=\"canonical\" href=\"https:\/\/www.sonoraenequipo.com.mx\/twitter-y-musk-solicitan-el-cierre-del-proceso-judicial-que-los-enfrentaba\/\" \/>\n<meta property=\"og:locale\" content=\"es_ES\" \/>\n<meta property=\"og:type\" content=\"article\" \/>\n<meta property=\"og:title\" content=\"Sonora en Equipo. Twitter y Musk solicitan el cierre del proceso judicial que los enfrentaba MUNDO\" \/>\n<meta property=\"og:description\" content=\"ESTADOS UNIDOS. \u2014 Luego de concretarse la compra de Twitter por parte del millonario Elon Musk, las dos partes pidieron oficialmente la suspensi\u00f3n del En Sonora en Equipo publicamos toda la informaci\u00f3n de Sonora, M\u00e9xico y el Mundo de manera oportuna y busca que la libertad de expresi\u00f3n sea real. Visita nuestro medio informativo publicado desde Hermosillo, Sonora. %\" \/>\n<meta property=\"og:url\" content=\"https:\/\/www.sonoraenequipo.com.mx\/twitter-y-musk-solicitan-el-cierre-del-proceso-judicial-que-los-enfrentaba\/\" \/>\n<meta property=\"og:site_name\" content=\"Sonora en Equipo.\" \/>\n<meta property=\"article:publisher\" content=\"https:\/\/www.facebook.com\/SonoraEE\/\" \/>\n<meta property=\"article:author\" content=\"https:\/\/www.facebook.com\/SonoraEE\" \/>\n<meta property=\"article:published_time\" content=\"2022-10-31T22:05:24+00:00\" \/>\n<meta property=\"article:modified_time\" content=\"2022-11-01T01:49:17+00:00\" \/>\n<meta property=\"og:image\" content=\"https:\/\/www.sonoraenequipo.com.mx\/storage\/2022\/10\/desechan-demanda.jpg\" \/>\n\t<meta property=\"og:image:width\" content=\"900\" \/>\n\t<meta property=\"og:image:height\" content=\"514\" \/>\n\t<meta property=\"og:image:type\" content=\"image\/jpeg\" \/>\n<meta name=\"author\" content=\"enequipo\" \/>\n<meta name=\"twitter:card\" content=\"summary_large_image\" \/>\n<meta name=\"twitter:creator\" content=\"@sonoraenequipo\" \/>\n<meta name=\"twitter:site\" content=\"@sonoraenequipo\" \/>\n<meta name=\"twitter:label1\" content=\"Escrito por\" \/>\n\t<meta name=\"twitter:data1\" content=\"enequipo\" \/>\n\t<meta name=\"twitter:label2\" content=\"Tiempo de lectura\" \/>\n\t<meta name=\"twitter:data2\" content=\"1 minuto\" \/>\n<script type=\"application\/ld+json\" class=\"yoast-schema-graph\">{\"@context\":\"https:\/\/schema.org\",\"@graph\":[{\"@type\":\"Article\",\"@id\":\"https:\/\/www.sonoraenequipo.com.mx\/twitter-y-musk-solicitan-el-cierre-del-proceso-judicial-que-los-enfrentaba\/#article\",\"isPartOf\":{\"@id\":\"https:\/\/www.sonoraenequipo.com.mx\/twitter-y-musk-solicitan-el-cierre-del-proceso-judicial-que-los-enfrentaba\/\"},\"author\":{\"name\":\"enequipo\",\"@id\":\"https:\/\/www.sonoraenequipo.com.mx\/#\/schema\/person\/50102df0fb23a8fa9e8effad8fa81386\"},\"headline\":\"Twitter y Musk solicitan el cierre del proceso judicial que los enfrentaba\",\"datePublished\":\"2022-10-31T22:05:24+00:00\",\"dateModified\":\"2022-11-01T01:49:17+00:00\",\"mainEntityOfPage\":{\"@id\":\"https:\/\/www.sonoraenequipo.com.mx\/twitter-y-musk-solicitan-el-cierre-del-proceso-judicial-que-los-enfrentaba\/\"},\"wordCount\":245,\"commentCount\":0,\"publisher\":{\"@id\":\"https:\/\/www.sonoraenequipo.com.mx\/#organization\"},\"image\":{\"@id\":\"https:\/\/www.sonoraenequipo.com.mx\/twitter-y-musk-solicitan-el-cierre-del-proceso-judicial-que-los-enfrentaba\/#primaryimage\"},\"thumbnailUrl\":\"https:\/\/www.sonoraenequipo.com.mx\/storage\/2022\/10\/desechan-demanda.jpg\",\"articleSection\":[\"MUNDO\"],\"inLanguage\":\"es\",\"potentialAction\":[{\"@type\":\"CommentAction\",\"name\":\"Comment\",\"target\":[\"https:\/\/www.sonoraenequipo.com.mx\/twitter-y-musk-solicitan-el-cierre-del-proceso-judicial-que-los-enfrentaba\/#respond\"]}]},{\"@type\":\"WebPage\",\"@id\":\"https:\/\/www.sonoraenequipo.com.mx\/twitter-y-musk-solicitan-el-cierre-del-proceso-judicial-que-los-enfrentaba\/\",\"url\":\"https:\/\/www.sonoraenequipo.com.mx\/twitter-y-musk-solicitan-el-cierre-del-proceso-judicial-que-los-enfrentaba\/\",\"name\":\"Sonora en Equipo. Twitter y Musk solicitan el cierre del proceso judicial que los enfrentaba MUNDO\",\"isPartOf\":{\"@id\":\"https:\/\/www.sonoraenequipo.com.mx\/#website\"},\"primaryImageOfPage\":{\"@id\":\"https:\/\/www.sonoraenequipo.com.mx\/twitter-y-musk-solicitan-el-cierre-del-proceso-judicial-que-los-enfrentaba\/#primaryimage\"},\"image\":{\"@id\":\"https:\/\/www.sonoraenequipo.com.mx\/twitter-y-musk-solicitan-el-cierre-del-proceso-judicial-que-los-enfrentaba\/#primaryimage\"},\"thumbnailUrl\":\"https:\/\/www.sonoraenequipo.com.mx\/storage\/2022\/10\/desechan-demanda.jpg\",\"datePublished\":\"2022-10-31T22:05:24+00:00\",\"dateModified\":\"2022-11-01T01:49:17+00:00\",\"description\":\"ESTADOS UNIDOS. \u2014 Luego de concretarse la compra de Twitter por parte del millonario Elon Musk, las dos partes pidieron oficialmente la suspensi\u00f3n del En Sonora en Equipo publicamos toda la informaci\u00f3n de Sonora, M\u00e9xico y el Mundo de manera oportuna y busca que la libertad de expresi\u00f3n sea real. Visita nuestro medio informativo publicado desde Hermosillo, Sonora. %\",\"breadcrumb\":{\"@id\":\"https:\/\/www.sonoraenequipo.com.mx\/twitter-y-musk-solicitan-el-cierre-del-proceso-judicial-que-los-enfrentaba\/#breadcrumb\"},\"inLanguage\":\"es\",\"potentialAction\":[{\"@type\":\"ReadAction\",\"target\":[\"https:\/\/www.sonoraenequipo.com.mx\/twitter-y-musk-solicitan-el-cierre-del-proceso-judicial-que-los-enfrentaba\/\"]}]},{\"@type\":\"ImageObject\",\"inLanguage\":\"es\",\"@id\":\"https:\/\/www.sonoraenequipo.com.mx\/twitter-y-musk-solicitan-el-cierre-del-proceso-judicial-que-los-enfrentaba\/#primaryimage\",\"url\":\"https:\/\/www.sonoraenequipo.com.mx\/storage\/2022\/10\/desechan-demanda.jpg\",\"contentUrl\":\"https:\/\/www.sonoraenequipo.com.mx\/storage\/2022\/10\/desechan-demanda.jpg\",\"width\":900,\"height\":514},{\"@type\":\"BreadcrumbList\",\"@id\":\"https:\/\/www.sonoraenequipo.com.mx\/twitter-y-musk-solicitan-el-cierre-del-proceso-judicial-que-los-enfrentaba\/#breadcrumb\",\"itemListElement\":[{\"@type\":\"ListItem\",\"position\":1,\"name\":\"Portada\",\"item\":\"https:\/\/www.sonoraenequipo.com.mx\/\"},{\"@type\":\"ListItem\",\"position\":2,\"name\":\"Twitter y Musk solicitan el cierre del proceso judicial que los enfrentaba\"}]},{\"@type\":\"WebSite\",\"@id\":\"https:\/\/www.sonoraenequipo.com.mx\/#website\",\"url\":\"https:\/\/www.sonoraenequipo.com.mx\/\",\"name\":\"Sonora en Equipo.\",\"description\":\"Diario en l\u00ednea con Noticias desde Hermosillo, Sonora\",\"publisher\":{\"@id\":\"https:\/\/www.sonoraenequipo.com.mx\/#organization\"},\"potentialAction\":[{\"@type\":\"SearchAction\",\"target\":{\"@type\":\"EntryPoint\",\"urlTemplate\":\"https:\/\/www.sonoraenequipo.com.mx\/?s={search_term_string}\"},\"query-input\":{\"@type\":\"PropertyValueSpecification\",\"valueRequired\":true,\"valueName\":\"search_term_string\"}}],\"inLanguage\":\"es\"},{\"@type\":\"Organization\",\"@id\":\"https:\/\/www.sonoraenequipo.com.mx\/#organization\",\"name\":\"Sonoraenequipo.com.mx\",\"url\":\"https:\/\/www.sonoraenequipo.com.mx\/\",\"logo\":{\"@type\":\"ImageObject\",\"inLanguage\":\"es\",\"@id\":\"https:\/\/www.sonoraenequipo.com.mx\/#\/schema\/logo\/image\/\",\"url\":\"https:\/\/www.sonoraenequipo.com.mx\/storage\/2019\/01\/sonoraenequipo_opt.png\",\"contentUrl\":\"https:\/\/www.sonoraenequipo.com.mx\/storage\/2019\/01\/sonoraenequipo_opt.png\",\"width\":375,\"height\":125,\"caption\":\"Sonoraenequipo.com.mx\"},\"image\":{\"@id\":\"https:\/\/www.sonoraenequipo.com.mx\/#\/schema\/logo\/image\/\"},\"sameAs\":[\"https:\/\/www.facebook.com\/SonoraEE\/\",\"https:\/\/x.com\/sonoraenequipo\",\"https:\/\/www.youtube.com\/channel\/UC338nW-lPEYmJQs4ZABQ1SQ\"]},{\"@type\":\"Person\",\"@id\":\"https:\/\/www.sonoraenequipo.com.mx\/#\/schema\/person\/50102df0fb23a8fa9e8effad8fa81386\",\"name\":\"enequipo\",\"image\":{\"@type\":\"ImageObject\",\"inLanguage\":\"es\",\"@id\":\"https:\/\/www.sonoraenequipo.com.mx\/#\/schema\/person\/image\/\",\"url\":\"https:\/\/secure.gravatar.com\/avatar\/049821681b589dabc0bc20695993ccebb09f5b5d4d790cd9251b97faac7c652b?s=96&d=blank&r=g\",\"contentUrl\":\"https:\/\/secure.gravatar.com\/avatar\/049821681b589dabc0bc20695993ccebb09f5b5d4d790cd9251b97faac7c652b?s=96&d=blank&r=g\",\"caption\":\"enequipo\"},\"sameAs\":[\"https:\/\/www.facebook.com\/SonoraEE\"]}]}<\/script>\n ","yoast_head_json":{"title":"Sonora en Equipo. Twitter y Musk solicitan el cierre del proceso judicial que los enfrentaba MUNDO","description":"ESTADOS UNIDOS. \u2014 Luego de concretarse la compra de Twitter por parte del millonario Elon Musk, las dos partes pidieron oficialmente la suspensi\u00f3n del En Sonora en Equipo publicamos toda la informaci\u00f3n de Sonora, M\u00e9xico y el Mundo de manera oportuna y busca que la libertad de expresi\u00f3n sea real. Visita nuestro medio informativo publicado desde Hermosillo, Sonora. %","robots":{"index":"index","follow":"follow","max-snippet":"max-snippet:-1","max-image-preview":"max-image-preview:large","max-video-preview":"max-video-preview:-1"},"canonical":"https:\/\/www.sonoraenequipo.com.mx\/twitter-y-musk-solicitan-el-cierre-del-proceso-judicial-que-los-enfrentaba\/","og_locale":"es_ES","og_type":"article","og_title":"Sonora en Equipo. Twitter y Musk solicitan el cierre del proceso judicial que los enfrentaba MUNDO","og_description":"ESTADOS UNIDOS. \u2014 Luego de concretarse la compra de Twitter por parte del millonario Elon Musk, las dos partes pidieron oficialmente la suspensi\u00f3n del En Sonora en Equipo publicamos toda la informaci\u00f3n de Sonora, M\u00e9xico y el Mundo de manera oportuna y busca que la libertad de expresi\u00f3n sea real. Visita nuestro medio informativo publicado desde Hermosillo, Sonora. %","og_url":"https:\/\/www.sonoraenequipo.com.mx\/twitter-y-musk-solicitan-el-cierre-del-proceso-judicial-que-los-enfrentaba\/","og_site_name":"Sonora en Equipo.","article_publisher":"https:\/\/www.facebook.com\/SonoraEE\/","article_author":"https:\/\/www.facebook.com\/SonoraEE","article_published_time":"2022-10-31T22:05:24+00:00","article_modified_time":"2022-11-01T01:49:17+00:00","og_image":[{"width":900,"height":514,"url":"https:\/\/www.sonoraenequipo.com.mx\/storage\/2022\/10\/desechan-demanda.jpg","type":"image\/jpeg"}],"author":"enequipo","twitter_card":"summary_large_image","twitter_creator":"@sonoraenequipo","twitter_site":"@sonoraenequipo","twitter_misc":{"Escrito por":"enequipo","Tiempo de lectura":"1 minuto"},"schema":{"@context":"https:\/\/schema.org","@graph":[{"@type":"Article","@id":"https:\/\/www.sonoraenequipo.com.mx\/twitter-y-musk-solicitan-el-cierre-del-proceso-judicial-que-los-enfrentaba\/#article","isPartOf":{"@id":"https:\/\/www.sonoraenequipo.com.mx\/twitter-y-musk-solicitan-el-cierre-del-proceso-judicial-que-los-enfrentaba\/"},"author":{"name":"enequipo","@id":"https:\/\/www.sonoraenequipo.com.mx\/#\/schema\/person\/50102df0fb23a8fa9e8effad8fa81386"},"headline":"Twitter y Musk solicitan el cierre del proceso judicial que los enfrentaba","datePublished":"2022-10-31T22:05:24+00:00","dateModified":"2022-11-01T01:49:17+00:00","mainEntityOfPage":{"@id":"https:\/\/www.sonoraenequipo.com.mx\/twitter-y-musk-solicitan-el-cierre-del-proceso-judicial-que-los-enfrentaba\/"},"wordCount":245,"commentCount":0,"publisher":{"@id":"https:\/\/www.sonoraenequipo.com.mx\/#organization"},"image":{"@id":"https:\/\/www.sonoraenequipo.com.mx\/twitter-y-musk-solicitan-el-cierre-del-proceso-judicial-que-los-enfrentaba\/#primaryimage"},"thumbnailUrl":"https:\/\/www.sonoraenequipo.com.mx\/storage\/2022\/10\/desechan-demanda.jpg","articleSection":["MUNDO"],"inLanguage":"es","potentialAction":[{"@type":"CommentAction","name":"Comment","target":["https:\/\/www.sonoraenequipo.com.mx\/twitter-y-musk-solicitan-el-cierre-del-proceso-judicial-que-los-enfrentaba\/#respond"]}]},{"@type":"WebPage","@id":"https:\/\/www.sonoraenequipo.com.mx\/twitter-y-musk-solicitan-el-cierre-del-proceso-judicial-que-los-enfrentaba\/","url":"https:\/\/www.sonoraenequipo.com.mx\/twitter-y-musk-solicitan-el-cierre-del-proceso-judicial-que-los-enfrentaba\/","name":"Sonora en Equipo. Twitter y Musk solicitan el cierre del proceso judicial que los enfrentaba MUNDO","isPartOf":{"@id":"https:\/\/www.sonoraenequipo.com.mx\/#website"},"primaryImageOfPage":{"@id":"https:\/\/www.sonoraenequipo.com.mx\/twitter-y-musk-solicitan-el-cierre-del-proceso-judicial-que-los-enfrentaba\/#primaryimage"},"image":{"@id":"https:\/\/www.sonoraenequipo.com.mx\/twitter-y-musk-solicitan-el-cierre-del-proceso-judicial-que-los-enfrentaba\/#primaryimage"},"thumbnailUrl":"https:\/\/www.sonoraenequipo.com.mx\/storage\/2022\/10\/desechan-demanda.jpg","datePublished":"2022-10-31T22:05:24+00:00","dateModified":"2022-11-01T01:49:17+00:00","description":"ESTADOS UNIDOS. \u2014 Luego de concretarse la compra de Twitter por parte del millonario Elon Musk, las dos partes pidieron oficialmente la suspensi\u00f3n del En Sonora en Equipo publicamos toda la informaci\u00f3n de Sonora, M\u00e9xico y el Mundo de manera oportuna y busca que la libertad de expresi\u00f3n sea real. Visita nuestro medio informativo publicado desde Hermosillo, Sonora. %","breadcrumb":{"@id":"https:\/\/www.sonoraenequipo.com.mx\/twitter-y-musk-solicitan-el-cierre-del-proceso-judicial-que-los-enfrentaba\/#breadcrumb"},"inLanguage":"es","potentialAction":[{"@type":"ReadAction","target":["https:\/\/www.sonoraenequipo.com.mx\/twitter-y-musk-solicitan-el-cierre-del-proceso-judicial-que-los-enfrentaba\/"]}]},{"@type":"ImageObject","inLanguage":"es","@id":"https:\/\/www.sonoraenequipo.com.mx\/twitter-y-musk-solicitan-el-cierre-del-proceso-judicial-que-los-enfrentaba\/#primaryimage","url":"https:\/\/www.sonoraenequipo.com.mx\/storage\/2022\/10\/desechan-demanda.jpg","contentUrl":"https:\/\/www.sonoraenequipo.com.mx\/storage\/2022\/10\/desechan-demanda.jpg","width":900,"height":514},{"@type":"BreadcrumbList","@id":"https:\/\/www.sonoraenequipo.com.mx\/twitter-y-musk-solicitan-el-cierre-del-proceso-judicial-que-los-enfrentaba\/#breadcrumb","itemListElement":[{"@type":"ListItem","position":1,"name":"Portada","item":"https:\/\/www.sonoraenequipo.com.mx\/"},{"@type":"ListItem","position":2,"name":"Twitter y Musk solicitan el cierre del proceso judicial que los enfrentaba"}]},{"@type":"WebSite","@id":"https:\/\/www.sonoraenequipo.com.mx\/#website","url":"https:\/\/www.sonoraenequipo.com.mx\/","name":"Sonora en Equipo.","description":"Diario en l\u00ednea con Noticias desde Hermosillo, Sonora","publisher":{"@id":"https:\/\/www.sonoraenequipo.com.mx\/#organization"},"potentialAction":[{"@type":"SearchAction","target":{"@type":"EntryPoint","urlTemplate":"https:\/\/www.sonoraenequipo.com.mx\/?s={search_term_string}"},"query-input":{"@type":"PropertyValueSpecification","valueRequired":true,"valueName":"search_term_string"}}],"inLanguage":"es"},{"@type":"Organization","@id":"https:\/\/www.sonoraenequipo.com.mx\/#organization","name":"Sonoraenequipo.com.mx","url":"https:\/\/www.sonoraenequipo.com.mx\/","logo":{"@type":"ImageObject","inLanguage":"es","@id":"https:\/\/www.sonoraenequipo.com.mx\/#\/schema\/logo\/image\/","url":"https:\/\/www.sonoraenequipo.com.mx\/storage\/2019\/01\/sonoraenequipo_opt.png","contentUrl":"https:\/\/www.sonoraenequipo.com.mx\/storage\/2019\/01\/sonoraenequipo_opt.png","width":375,"height":125,"caption":"Sonoraenequipo.com.mx"},"image":{"@id":"https:\/\/www.sonoraenequipo.com.mx\/#\/schema\/logo\/image\/"},"sameAs":["https:\/\/www.facebook.com\/SonoraEE\/","https:\/\/x.com\/sonoraenequipo","https:\/\/www.youtube.com\/channel\/UC338nW-lPEYmJQs4ZABQ1SQ"]},{"@type":"Person","@id":"https:\/\/www.sonoraenequipo.com.mx\/#\/schema\/person\/50102df0fb23a8fa9e8effad8fa81386","name":"enequipo","image":{"@type":"ImageObject","inLanguage":"es","@id":"https:\/\/www.sonoraenequipo.com.mx\/#\/schema\/person\/image\/","url":"https:\/\/secure.gravatar.com\/avatar\/049821681b589dabc0bc20695993ccebb09f5b5d4d790cd9251b97faac7c652b?s=96&d=blank&r=g","contentUrl":"https:\/\/secure.gravatar.com\/avatar\/049821681b589dabc0bc20695993ccebb09f5b5d4d790cd9251b97faac7c652b?s=96&d=blank&r=g","caption":"enequipo"},"sameAs":["https:\/\/www.facebook.com\/SonoraEE"]}]}},"jetpack_featured_media_url":"https:\/\/www.sonoraenequipo.com.mx\/storage\/2022\/10\/desechan-demanda.jpg","_links":{"self":[{"href":"https:\/\/www.sonoraenequipo.com.mx\/api\/wp\/v2\/posts\/150704","targetHints":{"allow":["GET"]}}],"collection":[{"href":"https:\/\/www.sonoraenequipo.com.mx\/api\/wp\/v2\/posts"}],"about":[{"href":"https:\/\/www.sonoraenequipo.com.mx\/api\/wp\/v2\/types\/post"}],"author":[{"embeddable":true,"href":"https:\/\/www.sonoraenequipo.com.mx\/api\/wp\/v2\/users\/1"}],"replies":[{"embeddable":true,"href":"https:\/\/www.sonoraenequipo.com.mx\/api\/wp\/v2\/comments?post=150704"}],"version-history":[{"count":2,"href":"https:\/\/www.sonoraenequipo.com.mx\/api\/wp\/v2\/posts\/150704\/revisions"}],"predecessor-version":[{"id":150707,"href":"https:\/\/www.sonoraenequipo.com.mx\/api\/wp\/v2\/posts\/150704\/revisions\/150707"}],"wp:featuredmedia":[{"embeddable":true,"href":"https:\/\/www.sonoraenequipo.com.mx\/api\/wp\/v2\/media\/150705"}],"wp:attachment":[{"href":"https:\/\/www.sonoraenequipo.com.mx\/api\/wp\/v2\/media?parent=150704"}],"wp:term":[{"taxonomy":"category","embeddable":true,"href":"https:\/\/www.sonoraenequipo.com.mx\/api\/wp\/v2\/categories?post=150704"},{"taxonomy":"post_tag","embeddable":true,"href":"https:\/\/www.sonoraenequipo.com.mx\/api\/wp\/v2\/tags?post=150704"}],"curies":[{"name":"wp","href":"https:\/\/api.w.org\/{rel}","templated":true}]}}