{"id":150758,"date":"2022-10-31T15:46:36","date_gmt":"2022-10-31T22:46:36","guid":{"rendered":"https:\/\/www.sonoraenequipo.com.mx\/?p=150758"},"modified":"2022-11-01T10:07:28","modified_gmt":"2022-11-01T17:07:28","slug":"adan-augusto-confirma-denuncia-vs-felipe-calderon-en-la-haya-por-delitos-de-lesa-humanidad","status":"publish","type":"post","link":"https:\/\/www.sonoraenequipo.com.mx\/adan-augusto-confirma-denuncia-vs-felipe-calderon-en-la-haya-por-delitos-de-lesa-humanidad\/","title":{"rendered":"Ad\u00e1n Augusto confirma denuncia vs Felipe Calder\u00f3n en La Haya por delitos de lesa humanidad"},"content":{"rendered":"<p><strong>OAXACA. MX. \u2014<\/strong> El secretario de Gobernaci\u00f3n Ad\u00e1n Augusto L\u00f3pez confirm\u00f3 que hay una denuncia ante la Corte Penal Internacional en La Haya, en los Pa\u00edses Bajos, contra el expresidente Felipe Calder\u00f3n por cr\u00edmenes de lesa humanidad.<\/p>\n<p>&nbsp;<\/p>\n<p> <\/p>\n<p>Al visitar la ciudad de Oaxaca y asistir un foro sobre la incorporaci\u00f3n de las Fuerzas Armadas en temas de seguridad, se\u00f1al\u00f3 que la denuncia es por el operativo \u2018R\u00e1pido y Furioso.<\/p>\n<p>&nbsp;<\/p>\n<p>Este operativo permiti\u00f3 la entrada ilegal de m\u00e1s de 2 mil armas largas de Estados Unidos a M\u00e9xico para ser utilizadas por los diversos grupos delincuenciales que operan en el pa\u00eds.<\/p>\n<p>&nbsp;<\/p>\n<p>Las armas contaban con chips de geolocalizaci\u00f3n, esto para saber la ubicaci\u00f3n de los grupos criminales; sin embargo, fueron vendidas sin el chip de geolocalizaci\u00f3n.<\/p>\n<p>&nbsp;<\/p>\n<p><em><strong>\u201cNo hay que soltar a Calder\u00f3n, a ese criminal, hasta que lo agarren\u201d<\/strong><\/em>, se\u00f1al\u00f3 el secretario de Gobernaci\u00f3n.<\/p>\n<p>&nbsp;<\/p>\n<p>Por este situaci\u00f3n, expuso<em><strong> \u201cGenaro Garc\u00eda Luna est\u00e1 detenido en los Estados Unidos y llevan el proceso penal\u201d.<\/strong><\/em><\/p>\n<p>&nbsp;<\/p>\n<p>Asimismo. expres\u00f3 que \u201c<em><strong>el brazo de la justicia tarda en llegar, pero llegar\u00e1, y quienes la hicieron tengan la seguridad que la van a pagar. La denuncia tiene que llegar hasta sus \u00faltimas consecuencias\u201d.<\/strong><\/em><\/p>\n<p>&nbsp;<\/p>\n<p>&nbsp;<\/p>\n<p>Despu\u00e9s de que el titular de Segob, Ad\u00e1n Augusto L\u00f3pez, dijera que hay una investigaci\u00f3n internacional en contra de Felipe Calder\u00f3n, el expresidente de M\u00e9xico reaccion\u00f3 en sus redes sociales y asegur\u00f3 que solo se busaca \u201c<em><strong>desviar la atenci\u00f3n\u201d.<\/strong><\/em><\/p>\n<p>&nbsp;<\/p>\n<p>En su cuenta de Twitter, el panista remarc\u00f3 que el funcionario federal \u201cest\u00e1 muy perdido\u201d y afirm\u00f3 que el \u00fanico objetivo es desviar la atenci\u00f3n de dos temas.<\/p>\n<p>&nbsp;<\/p>\n<p>&nbsp;<\/p>\n<p><em><strong>\u201cAhora s\u00ed el secretario anda muy perdido: no hay ninguna investigaci\u00f3n internacional, ninguna, sobre \u2018tr\u00e1fico de armas\u2019 en mi contra. Es una fuga hacia adelante para distraer la atenci\u00f3n. Quienes deben estar preocupados por investigaciones internacionales son ellos\u201d<\/strong><\/em>, reafirm\u00f3.<\/p>\n<p>&nbsp;<\/p>\n<p>&nbsp;<\/p>\n<p>PUBLICADO EL 31\/OCTUBRE DE 2022)<\/p>\n","protected":false},"excerpt":{"rendered":"<p>OAXACA. MX. \u2014 El secretario de Gobernaci\u00f3n Ad\u00e1n Augusto L\u00f3pez confirm\u00f3 que hay una denuncia&#8230;<\/p>\n","protected":false},"author":1,"featured_media":150759,"comment_status":"open","ping_status":"open","sticky":false,"template":"","format":"standard","meta":{"_monsterinsights_skip_tracking":false,"_monsterinsights_sitenote_active":false,"_monsterinsights_sitenote_note":"","_monsterinsights_sitenote_category":0,"footnotes":""},"categories":[5],"tags":[],"class_list":["post"],"yoast_head":" \n<title>Sonora en Equipo. Ad\u00e1n Augusto confirma denuncia vs Felipe Calder\u00f3n en La Haya por delitos de lesa humanidad Rep\u00fablica<\/title>\n<meta name=\"description\" content=\"OAXACA. MX. \u2014 El secretario de Gobernaci\u00f3n Ad\u00e1n Augusto L\u00f3pez confirm\u00f3 que hay una denuncia ante la Corte Penal Internacional en La Haya, en los Pa\u00edses En Sonora en Equipo publicamos toda la informaci\u00f3n de Sonora, M\u00e9xico y el Mundo de manera oportuna y busca que la libertad de expresi\u00f3n sea real. Visita nuestro medio informativo publicado desde Hermosillo, Sonora. %\" \/>\n<meta name=\"robots\" content=\"index, follow, max-snippet:-1, max-image-preview:large, max-video-preview:-1\" \/>\n<link rel=\"canonical\" href=\"https:\/\/www.sonoraenequipo.com.mx\/adan-augusto-confirma-denuncia-vs-felipe-calderon-en-la-haya-por-delitos-de-lesa-humanidad\/\" \/>\n<meta property=\"og:locale\" content=\"es_ES\" \/>\n<meta property=\"og:type\" content=\"article\" \/>\n<meta property=\"og:title\" content=\"Sonora en Equipo. Ad\u00e1n Augusto confirma denuncia vs Felipe Calder\u00f3n en La Haya por delitos de lesa humanidad Rep\u00fablica\" \/>\n<meta property=\"og:description\" content=\"OAXACA. MX. \u2014 El secretario de Gobernaci\u00f3n Ad\u00e1n Augusto L\u00f3pez confirm\u00f3 que hay una denuncia ante la Corte Penal Internacional en La Haya, en los Pa\u00edses En Sonora en Equipo publicamos toda la informaci\u00f3n de Sonora, M\u00e9xico y el Mundo de manera oportuna y busca que la libertad de expresi\u00f3n sea real. Visita nuestro medio informativo publicado desde Hermosillo, Sonora. %\" \/>\n<meta property=\"og:url\" content=\"https:\/\/www.sonoraenequipo.com.mx\/adan-augusto-confirma-denuncia-vs-felipe-calderon-en-la-haya-por-delitos-de-lesa-humanidad\/\" \/>\n<meta property=\"og:site_name\" content=\"Sonora en Equipo.\" \/>\n<meta property=\"article:publisher\" content=\"https:\/\/www.facebook.com\/SonoraEE\/\" \/>\n<meta property=\"article:author\" content=\"https:\/\/www.facebook.com\/SonoraEE\" \/>\n<meta property=\"article:published_time\" content=\"2022-10-31T22:46:36+00:00\" \/>\n<meta property=\"article:modified_time\" content=\"2022-11-01T17:07:28+00:00\" \/>\n<meta property=\"og:image\" content=\"https:\/\/www.sonoraenequipo.com.mx\/storage\/2022\/11\/calderon.jpg\" \/>\n\t<meta property=\"og:image:width\" content=\"800\" \/>\n\t<meta property=\"og:image:height\" content=\"457\" \/>\n\t<meta property=\"og:image:type\" content=\"image\/jpeg\" \/>\n<meta name=\"author\" content=\"enequipo\" \/>\n<meta name=\"twitter:card\" content=\"summary_large_image\" \/>\n<meta name=\"twitter:creator\" content=\"@sonoraenequipo\" \/>\n<meta name=\"twitter:site\" content=\"@sonoraenequipo\" \/>\n<meta name=\"twitter:label1\" content=\"Escrito por\" \/>\n\t<meta name=\"twitter:data1\" content=\"enequipo\" \/>\n\t<meta name=\"twitter:label2\" content=\"Tiempo de lectura\" \/>\n\t<meta name=\"twitter:data2\" content=\"2 minutos\" \/>\n<script type=\"application\/ld+json\" class=\"yoast-schema-graph\">{\"@context\":\"https:\/\/schema.org\",\"@graph\":[{\"@type\":\"Article\",\"@id\":\"https:\/\/www.sonoraenequipo.com.mx\/adan-augusto-confirma-denuncia-vs-felipe-calderon-en-la-haya-por-delitos-de-lesa-humanidad\/#article\",\"isPartOf\":{\"@id\":\"https:\/\/www.sonoraenequipo.com.mx\/adan-augusto-confirma-denuncia-vs-felipe-calderon-en-la-haya-por-delitos-de-lesa-humanidad\/\"},\"author\":{\"name\":\"enequipo\",\"@id\":\"https:\/\/www.sonoraenequipo.com.mx\/#\/schema\/person\/50102df0fb23a8fa9e8effad8fa81386\"},\"headline\":\"Ad\u00e1n Augusto confirma denuncia vs Felipe Calder\u00f3n en La Haya por delitos de lesa humanidad\",\"datePublished\":\"2022-10-31T22:46:36+00:00\",\"dateModified\":\"2022-11-01T17:07:28+00:00\",\"mainEntityOfPage\":{\"@id\":\"https:\/\/www.sonoraenequipo.com.mx\/adan-augusto-confirma-denuncia-vs-felipe-calderon-en-la-haya-por-delitos-de-lesa-humanidad\/\"},\"wordCount\":364,\"commentCount\":0,\"publisher\":{\"@id\":\"https:\/\/www.sonoraenequipo.com.mx\/#organization\"},\"image\":{\"@id\":\"https:\/\/www.sonoraenequipo.com.mx\/adan-augusto-confirma-denuncia-vs-felipe-calderon-en-la-haya-por-delitos-de-lesa-humanidad\/#primaryimage\"},\"thumbnailUrl\":\"https:\/\/www.sonoraenequipo.com.mx\/storage\/2022\/11\/calderon.jpg\",\"articleSection\":[\"Rep\u00fablica\"],\"inLanguage\":\"es\",\"potentialAction\":[{\"@type\":\"CommentAction\",\"name\":\"Comment\",\"target\":[\"https:\/\/www.sonoraenequipo.com.mx\/adan-augusto-confirma-denuncia-vs-felipe-calderon-en-la-haya-por-delitos-de-lesa-humanidad\/#respond\"]}]},{\"@type\":\"WebPage\",\"@id\":\"https:\/\/www.sonoraenequipo.com.mx\/adan-augusto-confirma-denuncia-vs-felipe-calderon-en-la-haya-por-delitos-de-lesa-humanidad\/\",\"url\":\"https:\/\/www.sonoraenequipo.com.mx\/adan-augusto-confirma-denuncia-vs-felipe-calderon-en-la-haya-por-delitos-de-lesa-humanidad\/\",\"name\":\"Sonora en Equipo. Ad\u00e1n Augusto confirma denuncia vs Felipe Calder\u00f3n en La Haya por delitos de lesa humanidad Rep\u00fablica\",\"isPartOf\":{\"@id\":\"https:\/\/www.sonoraenequipo.com.mx\/#website\"},\"primaryImageOfPage\":{\"@id\":\"https:\/\/www.sonoraenequipo.com.mx\/adan-augusto-confirma-denuncia-vs-felipe-calderon-en-la-haya-por-delitos-de-lesa-humanidad\/#primaryimage\"},\"image\":{\"@id\":\"https:\/\/www.sonoraenequipo.com.mx\/adan-augusto-confirma-denuncia-vs-felipe-calderon-en-la-haya-por-delitos-de-lesa-humanidad\/#primaryimage\"},\"thumbnailUrl\":\"https:\/\/www.sonoraenequipo.com.mx\/storage\/2022\/11\/calderon.jpg\",\"datePublished\":\"2022-10-31T22:46:36+00:00\",\"dateModified\":\"2022-11-01T17:07:28+00:00\",\"description\":\"OAXACA. MX. \u2014 El secretario de Gobernaci\u00f3n Ad\u00e1n Augusto L\u00f3pez confirm\u00f3 que hay una denuncia ante la Corte Penal Internacional en La Haya, en los Pa\u00edses En Sonora en Equipo publicamos toda la informaci\u00f3n de Sonora, M\u00e9xico y el Mundo de manera oportuna y busca que la libertad de expresi\u00f3n sea real. Visita nuestro medio informativo publicado desde Hermosillo, Sonora. %\",\"breadcrumb\":{\"@id\":\"https:\/\/www.sonoraenequipo.com.mx\/adan-augusto-confirma-denuncia-vs-felipe-calderon-en-la-haya-por-delitos-de-lesa-humanidad\/#breadcrumb\"},\"inLanguage\":\"es\",\"potentialAction\":[{\"@type\":\"ReadAction\",\"target\":[\"https:\/\/www.sonoraenequipo.com.mx\/adan-augusto-confirma-denuncia-vs-felipe-calderon-en-la-haya-por-delitos-de-lesa-humanidad\/\"]}]},{\"@type\":\"ImageObject\",\"inLanguage\":\"es\",\"@id\":\"https:\/\/www.sonoraenequipo.com.mx\/adan-augusto-confirma-denuncia-vs-felipe-calderon-en-la-haya-por-delitos-de-lesa-humanidad\/#primaryimage\",\"url\":\"https:\/\/www.sonoraenequipo.com.mx\/storage\/2022\/11\/calderon.jpg\",\"contentUrl\":\"https:\/\/www.sonoraenequipo.com.mx\/storage\/2022\/11\/calderon.jpg\",\"width\":800,\"height\":457},{\"@type\":\"BreadcrumbList\",\"@id\":\"https:\/\/www.sonoraenequipo.com.mx\/adan-augusto-confirma-denuncia-vs-felipe-calderon-en-la-haya-por-delitos-de-lesa-humanidad\/#breadcrumb\",\"itemListElement\":[{\"@type\":\"ListItem\",\"position\":1,\"name\":\"Portada\",\"item\":\"https:\/\/www.sonoraenequipo.com.mx\/\"},{\"@type\":\"ListItem\",\"position\":2,\"name\":\"Ad\u00e1n Augusto confirma denuncia vs Felipe Calder\u00f3n en La Haya por delitos de lesa humanidad\"}]},{\"@type\":\"WebSite\",\"@id\":\"https:\/\/www.sonoraenequipo.com.mx\/#website\",\"url\":\"https:\/\/www.sonoraenequipo.com.mx\/\",\"name\":\"Sonora en Equipo.\",\"description\":\"Diario en l\u00ednea con Noticias desde Hermosillo, Sonora\",\"publisher\":{\"@id\":\"https:\/\/www.sonoraenequipo.com.mx\/#organization\"},\"potentialAction\":[{\"@type\":\"SearchAction\",\"target\":{\"@type\":\"EntryPoint\",\"urlTemplate\":\"https:\/\/www.sonoraenequipo.com.mx\/?s={search_term_string}\"},\"query-input\":{\"@type\":\"PropertyValueSpecification\",\"valueRequired\":true,\"valueName\":\"search_term_string\"}}],\"inLanguage\":\"es\"},{\"@type\":\"Organization\",\"@id\":\"https:\/\/www.sonoraenequipo.com.mx\/#organization\",\"name\":\"Sonoraenequipo.com.mx\",\"url\":\"https:\/\/www.sonoraenequipo.com.mx\/\",\"logo\":{\"@type\":\"ImageObject\",\"inLanguage\":\"es\",\"@id\":\"https:\/\/www.sonoraenequipo.com.mx\/#\/schema\/logo\/image\/\",\"url\":\"https:\/\/www.sonoraenequipo.com.mx\/storage\/2019\/01\/sonoraenequipo_opt.png\",\"contentUrl\":\"https:\/\/www.sonoraenequipo.com.mx\/storage\/2019\/01\/sonoraenequipo_opt.png\",\"width\":375,\"height\":125,\"caption\":\"Sonoraenequipo.com.mx\"},\"image\":{\"@id\":\"https:\/\/www.sonoraenequipo.com.mx\/#\/schema\/logo\/image\/\"},\"sameAs\":[\"https:\/\/www.facebook.com\/SonoraEE\/\",\"https:\/\/x.com\/sonoraenequipo\",\"https:\/\/www.youtube.com\/channel\/UC338nW-lPEYmJQs4ZABQ1SQ\"]},{\"@type\":\"Person\",\"@id\":\"https:\/\/www.sonoraenequipo.com.mx\/#\/schema\/person\/50102df0fb23a8fa9e8effad8fa81386\",\"name\":\"enequipo\",\"image\":{\"@type\":\"ImageObject\",\"inLanguage\":\"es\",\"@id\":\"https:\/\/www.sonoraenequipo.com.mx\/#\/schema\/person\/image\/\",\"url\":\"https:\/\/secure.gravatar.com\/avatar\/049821681b589dabc0bc20695993ccebb09f5b5d4d790cd9251b97faac7c652b?s=96&d=blank&r=g\",\"contentUrl\":\"https:\/\/secure.gravatar.com\/avatar\/049821681b589dabc0bc20695993ccebb09f5b5d4d790cd9251b97faac7c652b?s=96&d=blank&r=g\",\"caption\":\"enequipo\"},\"sameAs\":[\"https:\/\/www.facebook.com\/SonoraEE\"]}]}<\/script>\n ","yoast_head_json":{"title":"Sonora en Equipo. Ad\u00e1n Augusto confirma denuncia vs Felipe Calder\u00f3n en La Haya por delitos de lesa humanidad Rep\u00fablica","description":"OAXACA. MX. \u2014 El secretario de Gobernaci\u00f3n Ad\u00e1n Augusto L\u00f3pez confirm\u00f3 que hay una denuncia ante la Corte Penal Internacional en La Haya, en los Pa\u00edses En Sonora en Equipo publicamos toda la informaci\u00f3n de Sonora, M\u00e9xico y el Mundo de manera oportuna y busca que la libertad de expresi\u00f3n sea real. Visita nuestro medio informativo publicado desde Hermosillo, Sonora. %","robots":{"index":"index","follow":"follow","max-snippet":"max-snippet:-1","max-image-preview":"max-image-preview:large","max-video-preview":"max-video-preview:-1"},"canonical":"https:\/\/www.sonoraenequipo.com.mx\/adan-augusto-confirma-denuncia-vs-felipe-calderon-en-la-haya-por-delitos-de-lesa-humanidad\/","og_locale":"es_ES","og_type":"article","og_title":"Sonora en Equipo. Ad\u00e1n Augusto confirma denuncia vs Felipe Calder\u00f3n en La Haya por delitos de lesa humanidad Rep\u00fablica","og_description":"OAXACA. MX. \u2014 El secretario de Gobernaci\u00f3n Ad\u00e1n Augusto L\u00f3pez confirm\u00f3 que hay una denuncia ante la Corte Penal Internacional en La Haya, en los Pa\u00edses En Sonora en Equipo publicamos toda la informaci\u00f3n de Sonora, M\u00e9xico y el Mundo de manera oportuna y busca que la libertad de expresi\u00f3n sea real. Visita nuestro medio informativo publicado desde Hermosillo, Sonora. %","og_url":"https:\/\/www.sonoraenequipo.com.mx\/adan-augusto-confirma-denuncia-vs-felipe-calderon-en-la-haya-por-delitos-de-lesa-humanidad\/","og_site_name":"Sonora en Equipo.","article_publisher":"https:\/\/www.facebook.com\/SonoraEE\/","article_author":"https:\/\/www.facebook.com\/SonoraEE","article_published_time":"2022-10-31T22:46:36+00:00","article_modified_time":"2022-11-01T17:07:28+00:00","og_image":[{"width":800,"height":457,"url":"https:\/\/www.sonoraenequipo.com.mx\/storage\/2022\/11\/calderon.jpg","type":"image\/jpeg"}],"author":"enequipo","twitter_card":"summary_large_image","twitter_creator":"@sonoraenequipo","twitter_site":"@sonoraenequipo","twitter_misc":{"Escrito por":"enequipo","Tiempo de lectura":"2 minutos"},"schema":{"@context":"https:\/\/schema.org","@graph":[{"@type":"Article","@id":"https:\/\/www.sonoraenequipo.com.mx\/adan-augusto-confirma-denuncia-vs-felipe-calderon-en-la-haya-por-delitos-de-lesa-humanidad\/#article","isPartOf":{"@id":"https:\/\/www.sonoraenequipo.com.mx\/adan-augusto-confirma-denuncia-vs-felipe-calderon-en-la-haya-por-delitos-de-lesa-humanidad\/"},"author":{"name":"enequipo","@id":"https:\/\/www.sonoraenequipo.com.mx\/#\/schema\/person\/50102df0fb23a8fa9e8effad8fa81386"},"headline":"Ad\u00e1n Augusto confirma denuncia vs Felipe Calder\u00f3n en La Haya por delitos de lesa humanidad","datePublished":"2022-10-31T22:46:36+00:00","dateModified":"2022-11-01T17:07:28+00:00","mainEntityOfPage":{"@id":"https:\/\/www.sonoraenequipo.com.mx\/adan-augusto-confirma-denuncia-vs-felipe-calderon-en-la-haya-por-delitos-de-lesa-humanidad\/"},"wordCount":364,"commentCount":0,"publisher":{"@id":"https:\/\/www.sonoraenequipo.com.mx\/#organization"},"image":{"@id":"https:\/\/www.sonoraenequipo.com.mx\/adan-augusto-confirma-denuncia-vs-felipe-calderon-en-la-haya-por-delitos-de-lesa-humanidad\/#primaryimage"},"thumbnailUrl":"https:\/\/www.sonoraenequipo.com.mx\/storage\/2022\/11\/calderon.jpg","articleSection":["Rep\u00fablica"],"inLanguage":"es","potentialAction":[{"@type":"CommentAction","name":"Comment","target":["https:\/\/www.sonoraenequipo.com.mx\/adan-augusto-confirma-denuncia-vs-felipe-calderon-en-la-haya-por-delitos-de-lesa-humanidad\/#respond"]}]},{"@type":"WebPage","@id":"https:\/\/www.sonoraenequipo.com.mx\/adan-augusto-confirma-denuncia-vs-felipe-calderon-en-la-haya-por-delitos-de-lesa-humanidad\/","url":"https:\/\/www.sonoraenequipo.com.mx\/adan-augusto-confirma-denuncia-vs-felipe-calderon-en-la-haya-por-delitos-de-lesa-humanidad\/","name":"Sonora en Equipo. Ad\u00e1n Augusto confirma denuncia vs Felipe Calder\u00f3n en La Haya por delitos de lesa humanidad Rep\u00fablica","isPartOf":{"@id":"https:\/\/www.sonoraenequipo.com.mx\/#website"},"primaryImageOfPage":{"@id":"https:\/\/www.sonoraenequipo.com.mx\/adan-augusto-confirma-denuncia-vs-felipe-calderon-en-la-haya-por-delitos-de-lesa-humanidad\/#primaryimage"},"image":{"@id":"https:\/\/www.sonoraenequipo.com.mx\/adan-augusto-confirma-denuncia-vs-felipe-calderon-en-la-haya-por-delitos-de-lesa-humanidad\/#primaryimage"},"thumbnailUrl":"https:\/\/www.sonoraenequipo.com.mx\/storage\/2022\/11\/calderon.jpg","datePublished":"2022-10-31T22:46:36+00:00","dateModified":"2022-11-01T17:07:28+00:00","description":"OAXACA. MX. \u2014 El secretario de Gobernaci\u00f3n Ad\u00e1n Augusto L\u00f3pez confirm\u00f3 que hay una denuncia ante la Corte Penal Internacional en La Haya, en los Pa\u00edses En Sonora en Equipo publicamos toda la informaci\u00f3n de Sonora, M\u00e9xico y el Mundo de manera oportuna y busca que la libertad de expresi\u00f3n sea real. Visita nuestro medio informativo publicado desde Hermosillo, Sonora. %","breadcrumb":{"@id":"https:\/\/www.sonoraenequipo.com.mx\/adan-augusto-confirma-denuncia-vs-felipe-calderon-en-la-haya-por-delitos-de-lesa-humanidad\/#breadcrumb"},"inLanguage":"es","potentialAction":[{"@type":"ReadAction","target":["https:\/\/www.sonoraenequipo.com.mx\/adan-augusto-confirma-denuncia-vs-felipe-calderon-en-la-haya-por-delitos-de-lesa-humanidad\/"]}]},{"@type":"ImageObject","inLanguage":"es","@id":"https:\/\/www.sonoraenequipo.com.mx\/adan-augusto-confirma-denuncia-vs-felipe-calderon-en-la-haya-por-delitos-de-lesa-humanidad\/#primaryimage","url":"https:\/\/www.sonoraenequipo.com.mx\/storage\/2022\/11\/calderon.jpg","contentUrl":"https:\/\/www.sonoraenequipo.com.mx\/storage\/2022\/11\/calderon.jpg","width":800,"height":457},{"@type":"BreadcrumbList","@id":"https:\/\/www.sonoraenequipo.com.mx\/adan-augusto-confirma-denuncia-vs-felipe-calderon-en-la-haya-por-delitos-de-lesa-humanidad\/#breadcrumb","itemListElement":[{"@type":"ListItem","position":1,"name":"Portada","item":"https:\/\/www.sonoraenequipo.com.mx\/"},{"@type":"ListItem","position":2,"name":"Ad\u00e1n Augusto confirma denuncia vs Felipe Calder\u00f3n en La Haya por delitos de lesa humanidad"}]},{"@type":"WebSite","@id":"https:\/\/www.sonoraenequipo.com.mx\/#website","url":"https:\/\/www.sonoraenequipo.com.mx\/","name":"Sonora en Equipo.","description":"Diario en l\u00ednea con Noticias desde Hermosillo, Sonora","publisher":{"@id":"https:\/\/www.sonoraenequipo.com.mx\/#organization"},"potentialAction":[{"@type":"SearchAction","target":{"@type":"EntryPoint","urlTemplate":"https:\/\/www.sonoraenequipo.com.mx\/?s={search_term_string}"},"query-input":{"@type":"PropertyValueSpecification","valueRequired":true,"valueName":"search_term_string"}}],"inLanguage":"es"},{"@type":"Organization","@id":"https:\/\/www.sonoraenequipo.com.mx\/#organization","name":"Sonoraenequipo.com.mx","url":"https:\/\/www.sonoraenequipo.com.mx\/","logo":{"@type":"ImageObject","inLanguage":"es","@id":"https:\/\/www.sonoraenequipo.com.mx\/#\/schema\/logo\/image\/","url":"https:\/\/www.sonoraenequipo.com.mx\/storage\/2019\/01\/sonoraenequipo_opt.png","contentUrl":"https:\/\/www.sonoraenequipo.com.mx\/storage\/2019\/01\/sonoraenequipo_opt.png","width":375,"height":125,"caption":"Sonoraenequipo.com.mx"},"image":{"@id":"https:\/\/www.sonoraenequipo.com.mx\/#\/schema\/logo\/image\/"},"sameAs":["https:\/\/www.facebook.com\/SonoraEE\/","https:\/\/x.com\/sonoraenequipo","https:\/\/www.youtube.com\/channel\/UC338nW-lPEYmJQs4ZABQ1SQ"]},{"@type":"Person","@id":"https:\/\/www.sonoraenequipo.com.mx\/#\/schema\/person\/50102df0fb23a8fa9e8effad8fa81386","name":"enequipo","image":{"@type":"ImageObject","inLanguage":"es","@id":"https:\/\/www.sonoraenequipo.com.mx\/#\/schema\/person\/image\/","url":"https:\/\/secure.gravatar.com\/avatar\/049821681b589dabc0bc20695993ccebb09f5b5d4d790cd9251b97faac7c652b?s=96&d=blank&r=g","contentUrl":"https:\/\/secure.gravatar.com\/avatar\/049821681b589dabc0bc20695993ccebb09f5b5d4d790cd9251b97faac7c652b?s=96&d=blank&r=g","caption":"enequipo"},"sameAs":["https:\/\/www.facebook.com\/SonoraEE"]}]}},"jetpack_featured_media_url":"https:\/\/www.sonoraenequipo.com.mx\/storage\/2022\/11\/calderon.jpg","_links":{"self":[{"href":"https:\/\/www.sonoraenequipo.com.mx\/api\/wp\/v2\/posts\/150758","targetHints":{"allow":["GET"]}}],"collection":[{"href":"https:\/\/www.sonoraenequipo.com.mx\/api\/wp\/v2\/posts"}],"about":[{"href":"https:\/\/www.sonoraenequipo.com.mx\/api\/wp\/v2\/types\/post"}],"author":[{"embeddable":true,"href":"https:\/\/www.sonoraenequipo.com.mx\/api\/wp\/v2\/users\/1"}],"replies":[{"embeddable":true,"href":"https:\/\/www.sonoraenequipo.com.mx\/api\/wp\/v2\/comments?post=150758"}],"version-history":[{"count":3,"href":"https:\/\/www.sonoraenequipo.com.mx\/api\/wp\/v2\/posts\/150758\/revisions"}],"predecessor-version":[{"id":150762,"href":"https:\/\/www.sonoraenequipo.com.mx\/api\/wp\/v2\/posts\/150758\/revisions\/150762"}],"wp:featuredmedia":[{"embeddable":true,"href":"https:\/\/www.sonoraenequipo.com.mx\/api\/wp\/v2\/media\/150759"}],"wp:attachment":[{"href":"https:\/\/www.sonoraenequipo.com.mx\/api\/wp\/v2\/media?parent=150758"}],"wp:term":[{"taxonomy":"category","embeddable":true,"href":"https:\/\/www.sonoraenequipo.com.mx\/api\/wp\/v2\/categories?post=150758"},{"taxonomy":"post_tag","embeddable":true,"href":"https:\/\/www.sonoraenequipo.com.mx\/api\/wp\/v2\/tags?post=150758"}],"curies":[{"name":"wp","href":"https:\/\/api.w.org\/{rel}","templated":true}]}}