{"id":150872,"date":"2022-11-02T09:49:13","date_gmt":"2022-11-02T16:49:13","guid":{"rendered":"https:\/\/www.sonoraenequipo.com.mx\/?p=150872"},"modified":"2022-11-02T10:46:42","modified_gmt":"2022-11-02T17:46:42","slug":"ucrania-reanuda-sus-exportaciones-de-cereales-tras-regreso-de-rusia-al-acuerdo","status":"publish","type":"post","link":"https:\/\/www.sonoraenequipo.com.mx\/ucrania-reanuda-sus-exportaciones-de-cereales-tras-regreso-de-rusia-al-acuerdo\/","title":{"rendered":"Ucrania reanuda sus exportaciones de cereales tras regreso de Rusia al acuerdo"},"content":{"rendered":"<p><strong>UCRANIA.\u00a0 \u2014<\/strong> Las exportaciones de cereales ucranianos se reanudaron este mi\u00e9rcoles (02.11.2022) despu\u00e9s de que Rusia reintegrara el acuerdo, mediado por la ONU y Turqu\u00eda, para establecer un corredor mar\u00edtimo seguro en el mar Negro.<\/p>\n<p>&nbsp;<\/p>\n<p> <\/p>\n<p>&nbsp;<\/p>\n<p>El presidente de Turqu\u00eda, Recep Tayyip Erdogan, dijo ante el Parlamento turco que \u201clos env\u00edos de granos continuar\u00e1n a partir de las 12H00 horas de hoy, como estaba previsto\u201d, tras una llamada telef\u00f3nica entre los ministros de Defensa turco y ruso.<\/p>\n<p>&nbsp;<\/p>\n<p>El ministerio de Defensa ruso confirm\u00f3 su regreso al acuerdo tras haber recibido \u201cgarant\u00edas escritas\u201d de Ucrania sobre la desmilitarizaci\u00f3n del corredor utilizado para el transporte de granos.<\/p>\n<p>&nbsp;<\/p>\n<p><em><strong>\u201cRusia considera que las garant\u00edas que recibi\u00f3 hasta ahora parecen suficientes y reanuda la aplicaci\u00f3n del acuerdo\u201d,<\/strong><\/em> asegur\u00f3 el Ministerio en un comunicado.<\/p>\n<p>&nbsp;<\/p>\n<p>&nbsp;<\/p>\n<p>PUBLICADO EL 02\/NOVIEMBRE\/DE 2022)<\/p>\n","protected":false},"excerpt":{"rendered":"<p>UCRANIA.\u00a0 \u2014 Las exportaciones de cereales ucranianos se reanudaron este mi\u00e9rcoles (02.11.2022) despu\u00e9s de que&#8230;<\/p>\n","protected":false},"author":1,"featured_media":150874,"comment_status":"open","ping_status":"open","sticky":false,"template":"","format":"standard","meta":{"_monsterinsights_skip_tracking":false,"_monsterinsights_sitenote_active":false,"_monsterinsights_sitenote_note":"","_monsterinsights_sitenote_category":0,"footnotes":""},"categories":[3],"tags":[],"class_list":["post"],"yoast_head":" \n<title>Sonora en Equipo. Ucrania reanuda sus exportaciones de cereales tras regreso de Rusia al acuerdo MUNDO<\/title>\n<meta name=\"description\" content=\"UCRANIA.\u00a0 \u2014 Las exportaciones de cereales ucranianos se reanudaron este mi\u00e9rcoles (02.11.2022) despu\u00e9s de que Rusia reintegrara el acuerdo, mediado por la En Sonora en Equipo publicamos toda la informaci\u00f3n de Sonora, M\u00e9xico y el Mundo de manera oportuna y busca que la libertad de expresi\u00f3n sea real. Visita nuestro medio informativo publicado desde Hermosillo, Sonora. %\" \/>\n<meta name=\"robots\" content=\"index, follow, max-snippet:-1, max-image-preview:large, max-video-preview:-1\" \/>\n<link rel=\"canonical\" href=\"https:\/\/www.sonoraenequipo.com.mx\/ucrania-reanuda-sus-exportaciones-de-cereales-tras-regreso-de-rusia-al-acuerdo\/\" \/>\n<meta property=\"og:locale\" content=\"es_ES\" \/>\n<meta property=\"og:type\" content=\"article\" \/>\n<meta property=\"og:title\" content=\"Sonora en Equipo. Ucrania reanuda sus exportaciones de cereales tras regreso de Rusia al acuerdo MUNDO\" \/>\n<meta property=\"og:description\" content=\"UCRANIA.\u00a0 \u2014 Las exportaciones de cereales ucranianos se reanudaron este mi\u00e9rcoles (02.11.2022) despu\u00e9s de que Rusia reintegrara el acuerdo, mediado por la En Sonora en Equipo publicamos toda la informaci\u00f3n de Sonora, M\u00e9xico y el Mundo de manera oportuna y busca que la libertad de expresi\u00f3n sea real. Visita nuestro medio informativo publicado desde Hermosillo, Sonora. %\" \/>\n<meta property=\"og:url\" content=\"https:\/\/www.sonoraenequipo.com.mx\/ucrania-reanuda-sus-exportaciones-de-cereales-tras-regreso-de-rusia-al-acuerdo\/\" \/>\n<meta property=\"og:site_name\" content=\"Sonora en Equipo.\" \/>\n<meta property=\"article:publisher\" content=\"https:\/\/www.facebook.com\/SonoraEE\/\" \/>\n<meta property=\"article:author\" content=\"https:\/\/www.facebook.com\/SonoraEE\" \/>\n<meta property=\"article:published_time\" content=\"2022-11-02T16:49:13+00:00\" \/>\n<meta property=\"article:modified_time\" content=\"2022-11-02T17:46:42+00:00\" \/>\n<meta property=\"og:image\" content=\"https:\/\/www.sonoraenequipo.com.mx\/storage\/2022\/11\/siembras-ucrania.jpg\" \/>\n\t<meta property=\"og:image:width\" content=\"900\" \/>\n\t<meta property=\"og:image:height\" content=\"514\" \/>\n\t<meta property=\"og:image:type\" content=\"image\/jpeg\" \/>\n<meta name=\"author\" content=\"enequipo\" \/>\n<meta name=\"twitter:card\" content=\"summary_large_image\" \/>\n<meta name=\"twitter:creator\" content=\"@sonoraenequipo\" \/>\n<meta name=\"twitter:site\" content=\"@sonoraenequipo\" \/>\n<meta name=\"twitter:label1\" content=\"Escrito por\" \/>\n\t<meta name=\"twitter:data1\" content=\"enequipo\" \/>\n\t<meta name=\"twitter:label2\" content=\"Tiempo de lectura\" \/>\n\t<meta name=\"twitter:data2\" content=\"1 minuto\" \/>\n<script type=\"application\/ld+json\" class=\"yoast-schema-graph\">{\"@context\":\"https:\/\/schema.org\",\"@graph\":[{\"@type\":\"Article\",\"@id\":\"https:\/\/www.sonoraenequipo.com.mx\/ucrania-reanuda-sus-exportaciones-de-cereales-tras-regreso-de-rusia-al-acuerdo\/#article\",\"isPartOf\":{\"@id\":\"https:\/\/www.sonoraenequipo.com.mx\/ucrania-reanuda-sus-exportaciones-de-cereales-tras-regreso-de-rusia-al-acuerdo\/\"},\"author\":{\"name\":\"enequipo\",\"@id\":\"https:\/\/www.sonoraenequipo.com.mx\/#\/schema\/person\/50102df0fb23a8fa9e8effad8fa81386\"},\"headline\":\"Ucrania reanuda sus exportaciones de cereales tras regreso de Rusia al acuerdo\",\"datePublished\":\"2022-11-02T16:49:13+00:00\",\"dateModified\":\"2022-11-02T17:46:42+00:00\",\"mainEntityOfPage\":{\"@id\":\"https:\/\/www.sonoraenequipo.com.mx\/ucrania-reanuda-sus-exportaciones-de-cereales-tras-regreso-de-rusia-al-acuerdo\/\"},\"wordCount\":159,\"commentCount\":0,\"publisher\":{\"@id\":\"https:\/\/www.sonoraenequipo.com.mx\/#organization\"},\"image\":{\"@id\":\"https:\/\/www.sonoraenequipo.com.mx\/ucrania-reanuda-sus-exportaciones-de-cereales-tras-regreso-de-rusia-al-acuerdo\/#primaryimage\"},\"thumbnailUrl\":\"https:\/\/www.sonoraenequipo.com.mx\/storage\/2022\/11\/siembras-ucrania.jpg\",\"articleSection\":[\"MUNDO\"],\"inLanguage\":\"es\",\"potentialAction\":[{\"@type\":\"CommentAction\",\"name\":\"Comment\",\"target\":[\"https:\/\/www.sonoraenequipo.com.mx\/ucrania-reanuda-sus-exportaciones-de-cereales-tras-regreso-de-rusia-al-acuerdo\/#respond\"]}]},{\"@type\":\"WebPage\",\"@id\":\"https:\/\/www.sonoraenequipo.com.mx\/ucrania-reanuda-sus-exportaciones-de-cereales-tras-regreso-de-rusia-al-acuerdo\/\",\"url\":\"https:\/\/www.sonoraenequipo.com.mx\/ucrania-reanuda-sus-exportaciones-de-cereales-tras-regreso-de-rusia-al-acuerdo\/\",\"name\":\"Sonora en Equipo. Ucrania reanuda sus exportaciones de cereales tras regreso de Rusia al acuerdo MUNDO\",\"isPartOf\":{\"@id\":\"https:\/\/www.sonoraenequipo.com.mx\/#website\"},\"primaryImageOfPage\":{\"@id\":\"https:\/\/www.sonoraenequipo.com.mx\/ucrania-reanuda-sus-exportaciones-de-cereales-tras-regreso-de-rusia-al-acuerdo\/#primaryimage\"},\"image\":{\"@id\":\"https:\/\/www.sonoraenequipo.com.mx\/ucrania-reanuda-sus-exportaciones-de-cereales-tras-regreso-de-rusia-al-acuerdo\/#primaryimage\"},\"thumbnailUrl\":\"https:\/\/www.sonoraenequipo.com.mx\/storage\/2022\/11\/siembras-ucrania.jpg\",\"datePublished\":\"2022-11-02T16:49:13+00:00\",\"dateModified\":\"2022-11-02T17:46:42+00:00\",\"description\":\"UCRANIA.\u00a0 \u2014 Las exportaciones de cereales ucranianos se reanudaron este mi\u00e9rcoles (02.11.2022) despu\u00e9s de que Rusia reintegrara el acuerdo, mediado por la En Sonora en Equipo publicamos toda la informaci\u00f3n de Sonora, M\u00e9xico y el Mundo de manera oportuna y busca que la libertad de expresi\u00f3n sea real. Visita nuestro medio informativo publicado desde Hermosillo, Sonora. %\",\"breadcrumb\":{\"@id\":\"https:\/\/www.sonoraenequipo.com.mx\/ucrania-reanuda-sus-exportaciones-de-cereales-tras-regreso-de-rusia-al-acuerdo\/#breadcrumb\"},\"inLanguage\":\"es\",\"potentialAction\":[{\"@type\":\"ReadAction\",\"target\":[\"https:\/\/www.sonoraenequipo.com.mx\/ucrania-reanuda-sus-exportaciones-de-cereales-tras-regreso-de-rusia-al-acuerdo\/\"]}]},{\"@type\":\"ImageObject\",\"inLanguage\":\"es\",\"@id\":\"https:\/\/www.sonoraenequipo.com.mx\/ucrania-reanuda-sus-exportaciones-de-cereales-tras-regreso-de-rusia-al-acuerdo\/#primaryimage\",\"url\":\"https:\/\/www.sonoraenequipo.com.mx\/storage\/2022\/11\/siembras-ucrania.jpg\",\"contentUrl\":\"https:\/\/www.sonoraenequipo.com.mx\/storage\/2022\/11\/siembras-ucrania.jpg\",\"width\":900,\"height\":514},{\"@type\":\"BreadcrumbList\",\"@id\":\"https:\/\/www.sonoraenequipo.com.mx\/ucrania-reanuda-sus-exportaciones-de-cereales-tras-regreso-de-rusia-al-acuerdo\/#breadcrumb\",\"itemListElement\":[{\"@type\":\"ListItem\",\"position\":1,\"name\":\"Portada\",\"item\":\"https:\/\/www.sonoraenequipo.com.mx\/\"},{\"@type\":\"ListItem\",\"position\":2,\"name\":\"Ucrania reanuda sus exportaciones de cereales tras regreso de Rusia al acuerdo\"}]},{\"@type\":\"WebSite\",\"@id\":\"https:\/\/www.sonoraenequipo.com.mx\/#website\",\"url\":\"https:\/\/www.sonoraenequipo.com.mx\/\",\"name\":\"Sonora en Equipo.\",\"description\":\"Diario en l\u00ednea con Noticias desde Hermosillo, Sonora\",\"publisher\":{\"@id\":\"https:\/\/www.sonoraenequipo.com.mx\/#organization\"},\"potentialAction\":[{\"@type\":\"SearchAction\",\"target\":{\"@type\":\"EntryPoint\",\"urlTemplate\":\"https:\/\/www.sonoraenequipo.com.mx\/?s={search_term_string}\"},\"query-input\":{\"@type\":\"PropertyValueSpecification\",\"valueRequired\":true,\"valueName\":\"search_term_string\"}}],\"inLanguage\":\"es\"},{\"@type\":\"Organization\",\"@id\":\"https:\/\/www.sonoraenequipo.com.mx\/#organization\",\"name\":\"Sonoraenequipo.com.mx\",\"url\":\"https:\/\/www.sonoraenequipo.com.mx\/\",\"logo\":{\"@type\":\"ImageObject\",\"inLanguage\":\"es\",\"@id\":\"https:\/\/www.sonoraenequipo.com.mx\/#\/schema\/logo\/image\/\",\"url\":\"https:\/\/www.sonoraenequipo.com.mx\/storage\/2019\/01\/sonoraenequipo_opt.png\",\"contentUrl\":\"https:\/\/www.sonoraenequipo.com.mx\/storage\/2019\/01\/sonoraenequipo_opt.png\",\"width\":375,\"height\":125,\"caption\":\"Sonoraenequipo.com.mx\"},\"image\":{\"@id\":\"https:\/\/www.sonoraenequipo.com.mx\/#\/schema\/logo\/image\/\"},\"sameAs\":[\"https:\/\/www.facebook.com\/SonoraEE\/\",\"https:\/\/x.com\/sonoraenequipo\",\"https:\/\/www.youtube.com\/channel\/UC338nW-lPEYmJQs4ZABQ1SQ\"]},{\"@type\":\"Person\",\"@id\":\"https:\/\/www.sonoraenequipo.com.mx\/#\/schema\/person\/50102df0fb23a8fa9e8effad8fa81386\",\"name\":\"enequipo\",\"image\":{\"@type\":\"ImageObject\",\"inLanguage\":\"es\",\"@id\":\"https:\/\/www.sonoraenequipo.com.mx\/#\/schema\/person\/image\/\",\"url\":\"https:\/\/secure.gravatar.com\/avatar\/049821681b589dabc0bc20695993ccebb09f5b5d4d790cd9251b97faac7c652b?s=96&d=blank&r=g\",\"contentUrl\":\"https:\/\/secure.gravatar.com\/avatar\/049821681b589dabc0bc20695993ccebb09f5b5d4d790cd9251b97faac7c652b?s=96&d=blank&r=g\",\"caption\":\"enequipo\"},\"sameAs\":[\"https:\/\/www.facebook.com\/SonoraEE\"]}]}<\/script>\n ","yoast_head_json":{"title":"Sonora en Equipo. Ucrania reanuda sus exportaciones de cereales tras regreso de Rusia al acuerdo MUNDO","description":"UCRANIA.\u00a0 \u2014 Las exportaciones de cereales ucranianos se reanudaron este mi\u00e9rcoles (02.11.2022) despu\u00e9s de que Rusia reintegrara el acuerdo, mediado por la En Sonora en Equipo publicamos toda la informaci\u00f3n de Sonora, M\u00e9xico y el Mundo de manera oportuna y busca que la libertad de expresi\u00f3n sea real. Visita nuestro medio informativo publicado desde Hermosillo, Sonora. %","robots":{"index":"index","follow":"follow","max-snippet":"max-snippet:-1","max-image-preview":"max-image-preview:large","max-video-preview":"max-video-preview:-1"},"canonical":"https:\/\/www.sonoraenequipo.com.mx\/ucrania-reanuda-sus-exportaciones-de-cereales-tras-regreso-de-rusia-al-acuerdo\/","og_locale":"es_ES","og_type":"article","og_title":"Sonora en Equipo. Ucrania reanuda sus exportaciones de cereales tras regreso de Rusia al acuerdo MUNDO","og_description":"UCRANIA.\u00a0 \u2014 Las exportaciones de cereales ucranianos se reanudaron este mi\u00e9rcoles (02.11.2022) despu\u00e9s de que Rusia reintegrara el acuerdo, mediado por la En Sonora en Equipo publicamos toda la informaci\u00f3n de Sonora, M\u00e9xico y el Mundo de manera oportuna y busca que la libertad de expresi\u00f3n sea real. Visita nuestro medio informativo publicado desde Hermosillo, Sonora. %","og_url":"https:\/\/www.sonoraenequipo.com.mx\/ucrania-reanuda-sus-exportaciones-de-cereales-tras-regreso-de-rusia-al-acuerdo\/","og_site_name":"Sonora en Equipo.","article_publisher":"https:\/\/www.facebook.com\/SonoraEE\/","article_author":"https:\/\/www.facebook.com\/SonoraEE","article_published_time":"2022-11-02T16:49:13+00:00","article_modified_time":"2022-11-02T17:46:42+00:00","og_image":[{"width":900,"height":514,"url":"https:\/\/www.sonoraenequipo.com.mx\/storage\/2022\/11\/siembras-ucrania.jpg","type":"image\/jpeg"}],"author":"enequipo","twitter_card":"summary_large_image","twitter_creator":"@sonoraenequipo","twitter_site":"@sonoraenequipo","twitter_misc":{"Escrito por":"enequipo","Tiempo de lectura":"1 minuto"},"schema":{"@context":"https:\/\/schema.org","@graph":[{"@type":"Article","@id":"https:\/\/www.sonoraenequipo.com.mx\/ucrania-reanuda-sus-exportaciones-de-cereales-tras-regreso-de-rusia-al-acuerdo\/#article","isPartOf":{"@id":"https:\/\/www.sonoraenequipo.com.mx\/ucrania-reanuda-sus-exportaciones-de-cereales-tras-regreso-de-rusia-al-acuerdo\/"},"author":{"name":"enequipo","@id":"https:\/\/www.sonoraenequipo.com.mx\/#\/schema\/person\/50102df0fb23a8fa9e8effad8fa81386"},"headline":"Ucrania reanuda sus exportaciones de cereales tras regreso de Rusia al acuerdo","datePublished":"2022-11-02T16:49:13+00:00","dateModified":"2022-11-02T17:46:42+00:00","mainEntityOfPage":{"@id":"https:\/\/www.sonoraenequipo.com.mx\/ucrania-reanuda-sus-exportaciones-de-cereales-tras-regreso-de-rusia-al-acuerdo\/"},"wordCount":159,"commentCount":0,"publisher":{"@id":"https:\/\/www.sonoraenequipo.com.mx\/#organization"},"image":{"@id":"https:\/\/www.sonoraenequipo.com.mx\/ucrania-reanuda-sus-exportaciones-de-cereales-tras-regreso-de-rusia-al-acuerdo\/#primaryimage"},"thumbnailUrl":"https:\/\/www.sonoraenequipo.com.mx\/storage\/2022\/11\/siembras-ucrania.jpg","articleSection":["MUNDO"],"inLanguage":"es","potentialAction":[{"@type":"CommentAction","name":"Comment","target":["https:\/\/www.sonoraenequipo.com.mx\/ucrania-reanuda-sus-exportaciones-de-cereales-tras-regreso-de-rusia-al-acuerdo\/#respond"]}]},{"@type":"WebPage","@id":"https:\/\/www.sonoraenequipo.com.mx\/ucrania-reanuda-sus-exportaciones-de-cereales-tras-regreso-de-rusia-al-acuerdo\/","url":"https:\/\/www.sonoraenequipo.com.mx\/ucrania-reanuda-sus-exportaciones-de-cereales-tras-regreso-de-rusia-al-acuerdo\/","name":"Sonora en Equipo. Ucrania reanuda sus exportaciones de cereales tras regreso de Rusia al acuerdo MUNDO","isPartOf":{"@id":"https:\/\/www.sonoraenequipo.com.mx\/#website"},"primaryImageOfPage":{"@id":"https:\/\/www.sonoraenequipo.com.mx\/ucrania-reanuda-sus-exportaciones-de-cereales-tras-regreso-de-rusia-al-acuerdo\/#primaryimage"},"image":{"@id":"https:\/\/www.sonoraenequipo.com.mx\/ucrania-reanuda-sus-exportaciones-de-cereales-tras-regreso-de-rusia-al-acuerdo\/#primaryimage"},"thumbnailUrl":"https:\/\/www.sonoraenequipo.com.mx\/storage\/2022\/11\/siembras-ucrania.jpg","datePublished":"2022-11-02T16:49:13+00:00","dateModified":"2022-11-02T17:46:42+00:00","description":"UCRANIA.\u00a0 \u2014 Las exportaciones de cereales ucranianos se reanudaron este mi\u00e9rcoles (02.11.2022) despu\u00e9s de que Rusia reintegrara el acuerdo, mediado por la En Sonora en Equipo publicamos toda la informaci\u00f3n de Sonora, M\u00e9xico y el Mundo de manera oportuna y busca que la libertad de expresi\u00f3n sea real. Visita nuestro medio informativo publicado desde Hermosillo, Sonora. %","breadcrumb":{"@id":"https:\/\/www.sonoraenequipo.com.mx\/ucrania-reanuda-sus-exportaciones-de-cereales-tras-regreso-de-rusia-al-acuerdo\/#breadcrumb"},"inLanguage":"es","potentialAction":[{"@type":"ReadAction","target":["https:\/\/www.sonoraenequipo.com.mx\/ucrania-reanuda-sus-exportaciones-de-cereales-tras-regreso-de-rusia-al-acuerdo\/"]}]},{"@type":"ImageObject","inLanguage":"es","@id":"https:\/\/www.sonoraenequipo.com.mx\/ucrania-reanuda-sus-exportaciones-de-cereales-tras-regreso-de-rusia-al-acuerdo\/#primaryimage","url":"https:\/\/www.sonoraenequipo.com.mx\/storage\/2022\/11\/siembras-ucrania.jpg","contentUrl":"https:\/\/www.sonoraenequipo.com.mx\/storage\/2022\/11\/siembras-ucrania.jpg","width":900,"height":514},{"@type":"BreadcrumbList","@id":"https:\/\/www.sonoraenequipo.com.mx\/ucrania-reanuda-sus-exportaciones-de-cereales-tras-regreso-de-rusia-al-acuerdo\/#breadcrumb","itemListElement":[{"@type":"ListItem","position":1,"name":"Portada","item":"https:\/\/www.sonoraenequipo.com.mx\/"},{"@type":"ListItem","position":2,"name":"Ucrania reanuda sus exportaciones de cereales tras regreso de Rusia al acuerdo"}]},{"@type":"WebSite","@id":"https:\/\/www.sonoraenequipo.com.mx\/#website","url":"https:\/\/www.sonoraenequipo.com.mx\/","name":"Sonora en Equipo.","description":"Diario en l\u00ednea con Noticias desde Hermosillo, Sonora","publisher":{"@id":"https:\/\/www.sonoraenequipo.com.mx\/#organization"},"potentialAction":[{"@type":"SearchAction","target":{"@type":"EntryPoint","urlTemplate":"https:\/\/www.sonoraenequipo.com.mx\/?s={search_term_string}"},"query-input":{"@type":"PropertyValueSpecification","valueRequired":true,"valueName":"search_term_string"}}],"inLanguage":"es"},{"@type":"Organization","@id":"https:\/\/www.sonoraenequipo.com.mx\/#organization","name":"Sonoraenequipo.com.mx","url":"https:\/\/www.sonoraenequipo.com.mx\/","logo":{"@type":"ImageObject","inLanguage":"es","@id":"https:\/\/www.sonoraenequipo.com.mx\/#\/schema\/logo\/image\/","url":"https:\/\/www.sonoraenequipo.com.mx\/storage\/2019\/01\/sonoraenequipo_opt.png","contentUrl":"https:\/\/www.sonoraenequipo.com.mx\/storage\/2019\/01\/sonoraenequipo_opt.png","width":375,"height":125,"caption":"Sonoraenequipo.com.mx"},"image":{"@id":"https:\/\/www.sonoraenequipo.com.mx\/#\/schema\/logo\/image\/"},"sameAs":["https:\/\/www.facebook.com\/SonoraEE\/","https:\/\/x.com\/sonoraenequipo","https:\/\/www.youtube.com\/channel\/UC338nW-lPEYmJQs4ZABQ1SQ"]},{"@type":"Person","@id":"https:\/\/www.sonoraenequipo.com.mx\/#\/schema\/person\/50102df0fb23a8fa9e8effad8fa81386","name":"enequipo","image":{"@type":"ImageObject","inLanguage":"es","@id":"https:\/\/www.sonoraenequipo.com.mx\/#\/schema\/person\/image\/","url":"https:\/\/secure.gravatar.com\/avatar\/049821681b589dabc0bc20695993ccebb09f5b5d4d790cd9251b97faac7c652b?s=96&d=blank&r=g","contentUrl":"https:\/\/secure.gravatar.com\/avatar\/049821681b589dabc0bc20695993ccebb09f5b5d4d790cd9251b97faac7c652b?s=96&d=blank&r=g","caption":"enequipo"},"sameAs":["https:\/\/www.facebook.com\/SonoraEE"]}]}},"jetpack_featured_media_url":"https:\/\/www.sonoraenequipo.com.mx\/storage\/2022\/11\/siembras-ucrania.jpg","_links":{"self":[{"href":"https:\/\/www.sonoraenequipo.com.mx\/api\/wp\/v2\/posts\/150872","targetHints":{"allow":["GET"]}}],"collection":[{"href":"https:\/\/www.sonoraenequipo.com.mx\/api\/wp\/v2\/posts"}],"about":[{"href":"https:\/\/www.sonoraenequipo.com.mx\/api\/wp\/v2\/types\/post"}],"author":[{"embeddable":true,"href":"https:\/\/www.sonoraenequipo.com.mx\/api\/wp\/v2\/users\/1"}],"replies":[{"embeddable":true,"href":"https:\/\/www.sonoraenequipo.com.mx\/api\/wp\/v2\/comments?post=150872"}],"version-history":[{"count":3,"href":"https:\/\/www.sonoraenequipo.com.mx\/api\/wp\/v2\/posts\/150872\/revisions"}],"predecessor-version":[{"id":150877,"href":"https:\/\/www.sonoraenequipo.com.mx\/api\/wp\/v2\/posts\/150872\/revisions\/150877"}],"wp:featuredmedia":[{"embeddable":true,"href":"https:\/\/www.sonoraenequipo.com.mx\/api\/wp\/v2\/media\/150874"}],"wp:attachment":[{"href":"https:\/\/www.sonoraenequipo.com.mx\/api\/wp\/v2\/media?parent=150872"}],"wp:term":[{"taxonomy":"category","embeddable":true,"href":"https:\/\/www.sonoraenequipo.com.mx\/api\/wp\/v2\/categories?post=150872"},{"taxonomy":"post_tag","embeddable":true,"href":"https:\/\/www.sonoraenequipo.com.mx\/api\/wp\/v2\/tags?post=150872"}],"curies":[{"name":"wp","href":"https:\/\/api.w.org\/{rel}","templated":true}]}}