{"id":150873,"date":"2022-11-02T10:49:34","date_gmt":"2022-11-02T17:49:34","guid":{"rendered":"https:\/\/www.sonoraenequipo.com.mx\/?p=150873"},"modified":"2022-11-02T11:38:12","modified_gmt":"2022-11-02T18:38:12","slug":"150873-2","status":"publish","type":"post","link":"https:\/\/www.sonoraenequipo.com.mx\/150873-2\/","title":{"rendered":"Presentar\u00e1n plan Sonora de energ\u00edas renovables ante la COP 27: Gobernador Alfonso Durazo"},"content":{"rendered":"<p>\u25baDesigna nuevos\u00a0 titulares en Isssteson y Secretar\u00eda del trabajo<\/p>\n<p>&nbsp;<\/p>\n<p><strong>CIUDAD DE M\u00c9XICO.&#8211;<\/strong> En el marco de la Conferencia de las Naciones Unidas sobre el Cambio Clim\u00e1tico (COP27), a celebrarse del 6 al 18 de noviembre pr\u00f3ximos, el Gobierno de M\u00e9xico expondr\u00e1 el Plan Sonora de Energ\u00eda Sostenible en la ciudad de Sharm El-Sheikh en Egipto, lo cual colocar\u00e1 al estado a la vanguardia mundial en el combate al cambio clim\u00e1tico, inform\u00f3 el gobernador Alfonso Durazo Monta\u00f1o.<\/p>\n<p>&nbsp;<\/p>\n<p>El mandatario estatal\u00a0 explic\u00f3 que se reuni\u00f3 este martes con el presidente Andr\u00e9s Manuel L\u00f3pez Obrador y con los titulares de las dependencias involucradas en este plan para conocer los avances concretados en materia de producci\u00f3n de energ\u00edas limpias, mismos ser\u00e1n dados a conocer ante los ojos del mundo.<\/p>\n<p>&nbsp;<\/p>\n<p>\u201cEl presidente me coment\u00f3 que nos convocar\u00eda en el transcurso de la semana\u00a0 al secretario de Relaciones, a la secretaria de Energ\u00eda, a Pemex, CFE, un servidor, obviamente a la Secretar\u00eda de Hacienda, para definir qu\u00e9 es espec\u00edficamente lo que se va hacer, lo que se va a presentar en la reuni\u00f3n sobre medio ambiente que se llevar\u00e1 a cabo en un mes en Egipto, que va a ser, precisamente, el Plan Sonora de Energ\u00eda Sostenible. Es lo que se va a presentar en Egipto a nombre de nuestro pa\u00eds. Es una cosa excepcional para nuestro estado en t\u00e9rminos de imagen, pero tambi\u00e9n en t\u00e9rminos econ\u00f3micos\u201d, indic\u00f3.<\/p>\n<p>&nbsp;<\/p>\n<p>El gobernador\u00a0 Durazo Monta\u00f1o record\u00f3 que en su pasada visita a Sonora se le present\u00f3 a John Kerry, enviado presidencial especial de los Estados Unidos para el Clima, el Plan Sonora de Energ\u00eda Sostenible, el cual lo calific\u00f3 positivamente.<\/p>\n<p>&nbsp;<\/p>\n<p>\u201cEn lo que respecta al estado se le presentaron los avances del Plan Sonora de Energ\u00eda Sostenible. Qued\u00f3 gratamente impresionado con ese plan. Una de las l\u00edneas es fortalecer la capacidad de nuestro estado para generar energ\u00eda el\u00e9ctrica a partir de la energ\u00eda solar&#8230; El Plan Sonora de Energ\u00eda, como lo est\u00e1 dimensionando el presidente L\u00f3pez Obrador, va a representar un antes y un despu\u00e9s en la econom\u00eda de nuestro estado\u201d, se\u00f1al\u00f3.<\/p>\n<p>&nbsp;<\/p>\n<p><strong>Nombran a nuevos titulares de la Secretar\u00eda del Trabajo e Isssteson<\/strong><\/p>\n<p>&nbsp;<\/p>\n<p>El gobernador Alfonso Durazo Monta\u00f1o dio a conocer el nombramiento de\u00a0 Francisco V\u00e1zquez Valencia, como nuevo\u00a0 secretario del Trabajo, y Froyl\u00e1n G\u00e1mez Gamboa, como director del Isssteson, a quienes instruy\u00f3 a desempe\u00f1arse con honestidad, profesionalismo y eficacia en el encargo, velando en todo momento por el inter\u00e9s de las y los sonorenses. Al mismo tiempo, agradeci\u00f3 a los funcionarios salientes por su desempe\u00f1o y trabajo comprometido en el servicio p\u00fablico.<\/p>\n<p><strong><u>Fecha de publicaci\u00f3n\u00a0\u00a0 mi\u00e9rcoles 2\u00a0 de noviembre de 2022<\/u><\/strong><\/p>\n","protected":false},"excerpt":{"rendered":"<p>\u25baDesigna nuevos\u00a0 titulares en Isssteson y Secretar\u00eda del trabajo &nbsp; CIUDAD DE M\u00c9XICO.&#8211; En el&#8230;<\/p>\n","protected":false},"author":1,"featured_media":150903,"comment_status":"open","ping_status":"open","sticky":false,"template":"","format":"standard","meta":{"_monsterinsights_skip_tracking":false,"_monsterinsights_sitenote_active":false,"_monsterinsights_sitenote_note":"","_monsterinsights_sitenote_category":0,"footnotes":""},"categories":[22],"tags":[7738],"class_list":["post"],"yoast_head":" \n<title>Sonora en Equipo. Presentar\u00e1n plan Sonora de energ\u00edas renovables ante la COP 27: Gobernador Alfonso Durazo Sonora<\/title>\n<meta name=\"description\" content=\"\u25baDesigna nuevos\u00a0 titulares en Isssteson y Secretar\u00eda del trabajo &nbsp; CIUDAD DE M\u00c9XICO.-- En el marco de la Conferencia de las Naciones Unidas sobre el En Sonora en Equipo publicamos toda la informaci\u00f3n de Sonora, M\u00e9xico y el Mundo de manera oportuna y busca que la libertad de expresi\u00f3n sea real. Visita nuestro medio informativo publicado desde Hermosillo, Sonora. %\" \/>\n<meta name=\"robots\" content=\"index, follow, max-snippet:-1, max-image-preview:large, max-video-preview:-1\" \/>\n<link rel=\"canonical\" href=\"https:\/\/www.sonoraenequipo.com.mx\/150873-2\/\" \/>\n<meta property=\"og:locale\" content=\"es_ES\" \/>\n<meta property=\"og:type\" content=\"article\" \/>\n<meta property=\"og:title\" content=\"Sonora en Equipo. Presentar\u00e1n plan Sonora de energ\u00edas renovables ante la COP 27: Gobernador Alfonso Durazo Sonora\" \/>\n<meta property=\"og:description\" content=\"\u25baDesigna nuevos\u00a0 titulares en Isssteson y Secretar\u00eda del trabajo &nbsp; CIUDAD DE M\u00c9XICO.-- En el marco de la Conferencia de las Naciones Unidas sobre el En Sonora en Equipo publicamos toda la informaci\u00f3n de Sonora, M\u00e9xico y el Mundo de manera oportuna y busca que la libertad de expresi\u00f3n sea real. Visita nuestro medio informativo publicado desde Hermosillo, Sonora. %\" \/>\n<meta property=\"og:url\" content=\"https:\/\/www.sonoraenequipo.com.mx\/150873-2\/\" \/>\n<meta property=\"og:site_name\" content=\"Sonora en Equipo.\" \/>\n<meta property=\"article:publisher\" content=\"https:\/\/www.facebook.com\/SonoraEE\/\" \/>\n<meta property=\"article:author\" content=\"https:\/\/www.facebook.com\/SonoraEE\" \/>\n<meta property=\"article:published_time\" content=\"2022-11-02T17:49:34+00:00\" \/>\n<meta property=\"article:modified_time\" content=\"2022-11-02T18:38:12+00:00\" \/>\n<meta property=\"og:image\" content=\"https:\/\/www.sonoraenequipo.com.mx\/storage\/2022\/11\/adm-cop.jpg\" \/>\n\t<meta property=\"og:image:width\" content=\"800\" \/>\n\t<meta property=\"og:image:height\" content=\"533\" \/>\n\t<meta property=\"og:image:type\" content=\"image\/jpeg\" \/>\n<meta name=\"author\" content=\"enequipo\" \/>\n<meta name=\"twitter:card\" content=\"summary_large_image\" \/>\n<meta name=\"twitter:creator\" content=\"@sonoraenequipo\" \/>\n<meta name=\"twitter:site\" content=\"@sonoraenequipo\" \/>\n<meta name=\"twitter:label1\" content=\"Escrito por\" \/>\n\t<meta name=\"twitter:data1\" content=\"enequipo\" \/>\n\t<meta name=\"twitter:label2\" content=\"Tiempo de lectura\" \/>\n\t<meta name=\"twitter:data2\" content=\"2 minutos\" \/>\n<script type=\"application\/ld+json\" class=\"yoast-schema-graph\">{\"@context\":\"https:\/\/schema.org\",\"@graph\":[{\"@type\":\"Article\",\"@id\":\"https:\/\/www.sonoraenequipo.com.mx\/150873-2\/#article\",\"isPartOf\":{\"@id\":\"https:\/\/www.sonoraenequipo.com.mx\/150873-2\/\"},\"author\":{\"name\":\"enequipo\",\"@id\":\"https:\/\/www.sonoraenequipo.com.mx\/#\/schema\/person\/50102df0fb23a8fa9e8effad8fa81386\"},\"headline\":\"Presentar\u00e1n plan Sonora de energ\u00edas renovables ante la COP 27: Gobernador Alfonso Durazo\",\"datePublished\":\"2022-11-02T17:49:34+00:00\",\"dateModified\":\"2022-11-02T18:38:12+00:00\",\"mainEntityOfPage\":{\"@id\":\"https:\/\/www.sonoraenequipo.com.mx\/150873-2\/\"},\"wordCount\":498,\"commentCount\":0,\"publisher\":{\"@id\":\"https:\/\/www.sonoraenequipo.com.mx\/#organization\"},\"image\":{\"@id\":\"https:\/\/www.sonoraenequipo.com.mx\/150873-2\/#primaryimage\"},\"thumbnailUrl\":\"https:\/\/www.sonoraenequipo.com.mx\/storage\/2022\/11\/adm-cop.jpg\",\"keywords\":[\"COP27.PLANSONORA DE ENERGIAS\"],\"articleSection\":[\"Sonora\"],\"inLanguage\":\"es\",\"potentialAction\":[{\"@type\":\"CommentAction\",\"name\":\"Comment\",\"target\":[\"https:\/\/www.sonoraenequipo.com.mx\/150873-2\/#respond\"]}]},{\"@type\":\"WebPage\",\"@id\":\"https:\/\/www.sonoraenequipo.com.mx\/150873-2\/\",\"url\":\"https:\/\/www.sonoraenequipo.com.mx\/150873-2\/\",\"name\":\"Sonora en Equipo. Presentar\u00e1n plan Sonora de energ\u00edas renovables ante la COP 27: Gobernador Alfonso Durazo Sonora\",\"isPartOf\":{\"@id\":\"https:\/\/www.sonoraenequipo.com.mx\/#website\"},\"primaryImageOfPage\":{\"@id\":\"https:\/\/www.sonoraenequipo.com.mx\/150873-2\/#primaryimage\"},\"image\":{\"@id\":\"https:\/\/www.sonoraenequipo.com.mx\/150873-2\/#primaryimage\"},\"thumbnailUrl\":\"https:\/\/www.sonoraenequipo.com.mx\/storage\/2022\/11\/adm-cop.jpg\",\"datePublished\":\"2022-11-02T17:49:34+00:00\",\"dateModified\":\"2022-11-02T18:38:12+00:00\",\"description\":\"\u25baDesigna nuevos\u00a0 titulares en Isssteson y Secretar\u00eda del trabajo &nbsp; CIUDAD DE M\u00c9XICO.-- En el marco de la Conferencia de las Naciones Unidas sobre el En Sonora en Equipo publicamos toda la informaci\u00f3n de Sonora, M\u00e9xico y el Mundo de manera oportuna y busca que la libertad de expresi\u00f3n sea real. Visita nuestro medio informativo publicado desde Hermosillo, Sonora. %\",\"breadcrumb\":{\"@id\":\"https:\/\/www.sonoraenequipo.com.mx\/150873-2\/#breadcrumb\"},\"inLanguage\":\"es\",\"potentialAction\":[{\"@type\":\"ReadAction\",\"target\":[\"https:\/\/www.sonoraenequipo.com.mx\/150873-2\/\"]}]},{\"@type\":\"ImageObject\",\"inLanguage\":\"es\",\"@id\":\"https:\/\/www.sonoraenequipo.com.mx\/150873-2\/#primaryimage\",\"url\":\"https:\/\/www.sonoraenequipo.com.mx\/storage\/2022\/11\/adm-cop.jpg\",\"contentUrl\":\"https:\/\/www.sonoraenequipo.com.mx\/storage\/2022\/11\/adm-cop.jpg\",\"width\":800,\"height\":533},{\"@type\":\"BreadcrumbList\",\"@id\":\"https:\/\/www.sonoraenequipo.com.mx\/150873-2\/#breadcrumb\",\"itemListElement\":[{\"@type\":\"ListItem\",\"position\":1,\"name\":\"Portada\",\"item\":\"https:\/\/www.sonoraenequipo.com.mx\/\"},{\"@type\":\"ListItem\",\"position\":2,\"name\":\"Presentar\u00e1n plan Sonora de energ\u00edas renovables ante la COP 27: Gobernador Alfonso Durazo\"}]},{\"@type\":\"WebSite\",\"@id\":\"https:\/\/www.sonoraenequipo.com.mx\/#website\",\"url\":\"https:\/\/www.sonoraenequipo.com.mx\/\",\"name\":\"Sonora en Equipo.\",\"description\":\"Diario en l\u00ednea con Noticias desde Hermosillo, Sonora\",\"publisher\":{\"@id\":\"https:\/\/www.sonoraenequipo.com.mx\/#organization\"},\"potentialAction\":[{\"@type\":\"SearchAction\",\"target\":{\"@type\":\"EntryPoint\",\"urlTemplate\":\"https:\/\/www.sonoraenequipo.com.mx\/?s={search_term_string}\"},\"query-input\":{\"@type\":\"PropertyValueSpecification\",\"valueRequired\":true,\"valueName\":\"search_term_string\"}}],\"inLanguage\":\"es\"},{\"@type\":\"Organization\",\"@id\":\"https:\/\/www.sonoraenequipo.com.mx\/#organization\",\"name\":\"Sonoraenequipo.com.mx\",\"url\":\"https:\/\/www.sonoraenequipo.com.mx\/\",\"logo\":{\"@type\":\"ImageObject\",\"inLanguage\":\"es\",\"@id\":\"https:\/\/www.sonoraenequipo.com.mx\/#\/schema\/logo\/image\/\",\"url\":\"https:\/\/www.sonoraenequipo.com.mx\/storage\/2019\/01\/sonoraenequipo_opt.png\",\"contentUrl\":\"https:\/\/www.sonoraenequipo.com.mx\/storage\/2019\/01\/sonoraenequipo_opt.png\",\"width\":375,\"height\":125,\"caption\":\"Sonoraenequipo.com.mx\"},\"image\":{\"@id\":\"https:\/\/www.sonoraenequipo.com.mx\/#\/schema\/logo\/image\/\"},\"sameAs\":[\"https:\/\/www.facebook.com\/SonoraEE\/\",\"https:\/\/x.com\/sonoraenequipo\",\"https:\/\/www.youtube.com\/channel\/UC338nW-lPEYmJQs4ZABQ1SQ\"]},{\"@type\":\"Person\",\"@id\":\"https:\/\/www.sonoraenequipo.com.mx\/#\/schema\/person\/50102df0fb23a8fa9e8effad8fa81386\",\"name\":\"enequipo\",\"image\":{\"@type\":\"ImageObject\",\"inLanguage\":\"es\",\"@id\":\"https:\/\/www.sonoraenequipo.com.mx\/#\/schema\/person\/image\/\",\"url\":\"https:\/\/secure.gravatar.com\/avatar\/049821681b589dabc0bc20695993ccebb09f5b5d4d790cd9251b97faac7c652b?s=96&d=blank&r=g\",\"contentUrl\":\"https:\/\/secure.gravatar.com\/avatar\/049821681b589dabc0bc20695993ccebb09f5b5d4d790cd9251b97faac7c652b?s=96&d=blank&r=g\",\"caption\":\"enequipo\"},\"sameAs\":[\"https:\/\/www.facebook.com\/SonoraEE\"]}]}<\/script>\n ","yoast_head_json":{"title":"Sonora en Equipo. Presentar\u00e1n plan Sonora de energ\u00edas renovables ante la COP 27: Gobernador Alfonso Durazo Sonora","description":"\u25baDesigna nuevos\u00a0 titulares en Isssteson y Secretar\u00eda del trabajo &nbsp; CIUDAD DE M\u00c9XICO.-- En el marco de la Conferencia de las Naciones Unidas sobre el En Sonora en Equipo publicamos toda la informaci\u00f3n de Sonora, M\u00e9xico y el Mundo de manera oportuna y busca que la libertad de expresi\u00f3n sea real. Visita nuestro medio informativo publicado desde Hermosillo, Sonora. %","robots":{"index":"index","follow":"follow","max-snippet":"max-snippet:-1","max-image-preview":"max-image-preview:large","max-video-preview":"max-video-preview:-1"},"canonical":"https:\/\/www.sonoraenequipo.com.mx\/150873-2\/","og_locale":"es_ES","og_type":"article","og_title":"Sonora en Equipo. Presentar\u00e1n plan Sonora de energ\u00edas renovables ante la COP 27: Gobernador Alfonso Durazo Sonora","og_description":"\u25baDesigna nuevos\u00a0 titulares en Isssteson y Secretar\u00eda del trabajo &nbsp; CIUDAD DE M\u00c9XICO.-- En el marco de la Conferencia de las Naciones Unidas sobre el En Sonora en Equipo publicamos toda la informaci\u00f3n de Sonora, M\u00e9xico y el Mundo de manera oportuna y busca que la libertad de expresi\u00f3n sea real. Visita nuestro medio informativo publicado desde Hermosillo, Sonora. %","og_url":"https:\/\/www.sonoraenequipo.com.mx\/150873-2\/","og_site_name":"Sonora en Equipo.","article_publisher":"https:\/\/www.facebook.com\/SonoraEE\/","article_author":"https:\/\/www.facebook.com\/SonoraEE","article_published_time":"2022-11-02T17:49:34+00:00","article_modified_time":"2022-11-02T18:38:12+00:00","og_image":[{"width":800,"height":533,"url":"https:\/\/www.sonoraenequipo.com.mx\/storage\/2022\/11\/adm-cop.jpg","type":"image\/jpeg"}],"author":"enequipo","twitter_card":"summary_large_image","twitter_creator":"@sonoraenequipo","twitter_site":"@sonoraenequipo","twitter_misc":{"Escrito por":"enequipo","Tiempo de lectura":"2 minutos"},"schema":{"@context":"https:\/\/schema.org","@graph":[{"@type":"Article","@id":"https:\/\/www.sonoraenequipo.com.mx\/150873-2\/#article","isPartOf":{"@id":"https:\/\/www.sonoraenequipo.com.mx\/150873-2\/"},"author":{"name":"enequipo","@id":"https:\/\/www.sonoraenequipo.com.mx\/#\/schema\/person\/50102df0fb23a8fa9e8effad8fa81386"},"headline":"Presentar\u00e1n plan Sonora de energ\u00edas renovables ante la COP 27: Gobernador Alfonso Durazo","datePublished":"2022-11-02T17:49:34+00:00","dateModified":"2022-11-02T18:38:12+00:00","mainEntityOfPage":{"@id":"https:\/\/www.sonoraenequipo.com.mx\/150873-2\/"},"wordCount":498,"commentCount":0,"publisher":{"@id":"https:\/\/www.sonoraenequipo.com.mx\/#organization"},"image":{"@id":"https:\/\/www.sonoraenequipo.com.mx\/150873-2\/#primaryimage"},"thumbnailUrl":"https:\/\/www.sonoraenequipo.com.mx\/storage\/2022\/11\/adm-cop.jpg","keywords":["COP27.PLANSONORA DE ENERGIAS"],"articleSection":["Sonora"],"inLanguage":"es","potentialAction":[{"@type":"CommentAction","name":"Comment","target":["https:\/\/www.sonoraenequipo.com.mx\/150873-2\/#respond"]}]},{"@type":"WebPage","@id":"https:\/\/www.sonoraenequipo.com.mx\/150873-2\/","url":"https:\/\/www.sonoraenequipo.com.mx\/150873-2\/","name":"Sonora en Equipo. Presentar\u00e1n plan Sonora de energ\u00edas renovables ante la COP 27: Gobernador Alfonso Durazo Sonora","isPartOf":{"@id":"https:\/\/www.sonoraenequipo.com.mx\/#website"},"primaryImageOfPage":{"@id":"https:\/\/www.sonoraenequipo.com.mx\/150873-2\/#primaryimage"},"image":{"@id":"https:\/\/www.sonoraenequipo.com.mx\/150873-2\/#primaryimage"},"thumbnailUrl":"https:\/\/www.sonoraenequipo.com.mx\/storage\/2022\/11\/adm-cop.jpg","datePublished":"2022-11-02T17:49:34+00:00","dateModified":"2022-11-02T18:38:12+00:00","description":"\u25baDesigna nuevos\u00a0 titulares en Isssteson y Secretar\u00eda del trabajo &nbsp; CIUDAD DE M\u00c9XICO.-- En el marco de la Conferencia de las Naciones Unidas sobre el En Sonora en Equipo publicamos toda la informaci\u00f3n de Sonora, M\u00e9xico y el Mundo de manera oportuna y busca que la libertad de expresi\u00f3n sea real. Visita nuestro medio informativo publicado desde Hermosillo, Sonora. %","breadcrumb":{"@id":"https:\/\/www.sonoraenequipo.com.mx\/150873-2\/#breadcrumb"},"inLanguage":"es","potentialAction":[{"@type":"ReadAction","target":["https:\/\/www.sonoraenequipo.com.mx\/150873-2\/"]}]},{"@type":"ImageObject","inLanguage":"es","@id":"https:\/\/www.sonoraenequipo.com.mx\/150873-2\/#primaryimage","url":"https:\/\/www.sonoraenequipo.com.mx\/storage\/2022\/11\/adm-cop.jpg","contentUrl":"https:\/\/www.sonoraenequipo.com.mx\/storage\/2022\/11\/adm-cop.jpg","width":800,"height":533},{"@type":"BreadcrumbList","@id":"https:\/\/www.sonoraenequipo.com.mx\/150873-2\/#breadcrumb","itemListElement":[{"@type":"ListItem","position":1,"name":"Portada","item":"https:\/\/www.sonoraenequipo.com.mx\/"},{"@type":"ListItem","position":2,"name":"Presentar\u00e1n plan Sonora de energ\u00edas renovables ante la COP 27: Gobernador Alfonso Durazo"}]},{"@type":"WebSite","@id":"https:\/\/www.sonoraenequipo.com.mx\/#website","url":"https:\/\/www.sonoraenequipo.com.mx\/","name":"Sonora en Equipo.","description":"Diario en l\u00ednea con Noticias desde Hermosillo, Sonora","publisher":{"@id":"https:\/\/www.sonoraenequipo.com.mx\/#organization"},"potentialAction":[{"@type":"SearchAction","target":{"@type":"EntryPoint","urlTemplate":"https:\/\/www.sonoraenequipo.com.mx\/?s={search_term_string}"},"query-input":{"@type":"PropertyValueSpecification","valueRequired":true,"valueName":"search_term_string"}}],"inLanguage":"es"},{"@type":"Organization","@id":"https:\/\/www.sonoraenequipo.com.mx\/#organization","name":"Sonoraenequipo.com.mx","url":"https:\/\/www.sonoraenequipo.com.mx\/","logo":{"@type":"ImageObject","inLanguage":"es","@id":"https:\/\/www.sonoraenequipo.com.mx\/#\/schema\/logo\/image\/","url":"https:\/\/www.sonoraenequipo.com.mx\/storage\/2019\/01\/sonoraenequipo_opt.png","contentUrl":"https:\/\/www.sonoraenequipo.com.mx\/storage\/2019\/01\/sonoraenequipo_opt.png","width":375,"height":125,"caption":"Sonoraenequipo.com.mx"},"image":{"@id":"https:\/\/www.sonoraenequipo.com.mx\/#\/schema\/logo\/image\/"},"sameAs":["https:\/\/www.facebook.com\/SonoraEE\/","https:\/\/x.com\/sonoraenequipo","https:\/\/www.youtube.com\/channel\/UC338nW-lPEYmJQs4ZABQ1SQ"]},{"@type":"Person","@id":"https:\/\/www.sonoraenequipo.com.mx\/#\/schema\/person\/50102df0fb23a8fa9e8effad8fa81386","name":"enequipo","image":{"@type":"ImageObject","inLanguage":"es","@id":"https:\/\/www.sonoraenequipo.com.mx\/#\/schema\/person\/image\/","url":"https:\/\/secure.gravatar.com\/avatar\/049821681b589dabc0bc20695993ccebb09f5b5d4d790cd9251b97faac7c652b?s=96&d=blank&r=g","contentUrl":"https:\/\/secure.gravatar.com\/avatar\/049821681b589dabc0bc20695993ccebb09f5b5d4d790cd9251b97faac7c652b?s=96&d=blank&r=g","caption":"enequipo"},"sameAs":["https:\/\/www.facebook.com\/SonoraEE"]}]}},"jetpack_featured_media_url":"https:\/\/www.sonoraenequipo.com.mx\/storage\/2022\/11\/adm-cop.jpg","_links":{"self":[{"href":"https:\/\/www.sonoraenequipo.com.mx\/api\/wp\/v2\/posts\/150873","targetHints":{"allow":["GET"]}}],"collection":[{"href":"https:\/\/www.sonoraenequipo.com.mx\/api\/wp\/v2\/posts"}],"about":[{"href":"https:\/\/www.sonoraenequipo.com.mx\/api\/wp\/v2\/types\/post"}],"author":[{"embeddable":true,"href":"https:\/\/www.sonoraenequipo.com.mx\/api\/wp\/v2\/users\/1"}],"replies":[{"embeddable":true,"href":"https:\/\/www.sonoraenequipo.com.mx\/api\/wp\/v2\/comments?post=150873"}],"version-history":[{"count":3,"href":"https:\/\/www.sonoraenequipo.com.mx\/api\/wp\/v2\/posts\/150873\/revisions"}],"predecessor-version":[{"id":150904,"href":"https:\/\/www.sonoraenequipo.com.mx\/api\/wp\/v2\/posts\/150873\/revisions\/150904"}],"wp:featuredmedia":[{"embeddable":true,"href":"https:\/\/www.sonoraenequipo.com.mx\/api\/wp\/v2\/media\/150903"}],"wp:attachment":[{"href":"https:\/\/www.sonoraenequipo.com.mx\/api\/wp\/v2\/media?parent=150873"}],"wp:term":[{"taxonomy":"category","embeddable":true,"href":"https:\/\/www.sonoraenequipo.com.mx\/api\/wp\/v2\/categories?post=150873"},{"taxonomy":"post_tag","embeddable":true,"href":"https:\/\/www.sonoraenequipo.com.mx\/api\/wp\/v2\/tags?post=150873"}],"curies":[{"name":"wp","href":"https:\/\/api.w.org\/{rel}","templated":true}]}}