{"id":150879,"date":"2022-11-02T06:20:35","date_gmt":"2022-11-02T13:20:35","guid":{"rendered":"https:\/\/www.sonoraenequipo.com.mx\/?p=150879"},"modified":"2022-11-02T10:57:55","modified_gmt":"2022-11-02T17:57:55","slug":"neuer-revela-que-ha-sido-operado-tres-veces-de-cancer-en-la-piel","status":"publish","type":"post","link":"https:\/\/www.sonoraenequipo.com.mx\/neuer-revela-que-ha-sido-operado-tres-veces-de-cancer-en-la-piel\/","title":{"rendered":"Neuer revela que ha sido operado tres veces de c\u00e1ncer en la piel"},"content":{"rendered":"<p><strong>ALEMANIA.\u00a0 \u2014<\/strong> El meta y capit\u00e1n del Bayern M\u00fanich y de la selecci\u00f3n alemana, Manuel Neuer, revel\u00f3 que ha sido operado tres veces de c\u00e1ncer en la piel lo que lo ha motivado para lanzar una crema de protecci\u00f3n solar junto con la tenista Angelique Kerber.<\/p>\n<p>&nbsp;<\/p>\n<p> <\/p>\n<p>&nbsp;<\/p>\n<p><em><strong>\u201cLos dos tenemos una historia personal con respecto a las enfermedades de la piel. Angelique ha tenido una hiperpigmentaci\u00f3n relacionada con el sol y yo c\u00e1ncer en la piel en el rostro por lo que he tenido que ser operado tres veces\u201d<\/strong><\/em>, dijo Neuer en un comunicado de prensa.<\/p>\n<p>&nbsp;<\/p>\n<p><em><strong>\u201cPor ello no hacemos concesiones en cuanto a la protecci\u00f3n solar, adem\u00e1s entrenamos al aire libre y nos gusta tambi\u00e9n pasar el tiempo libre al aire libre\u201d,<\/strong><\/em> agreg\u00f3.<\/p>\n<p>&nbsp;<\/p>\n<blockquote class=\"twitter-tweet\" data-width=\"550\" data-dnt=\"true\">\n<p lang=\"en\" dir=\"ltr\">Manuel Neuer reveals that he had skin cancer on his face and that he was operated three times. <\/p>\n<p>&quot;In my case it&#39;s skin cancer on my face, which has required three surgeries&quot;, Neuer revealed on Instagram <a href=\"https:\/\/t.co\/d1RIpxll3J\">pic.twitter.com\/d1RIpxll3J<\/a><\/p>\n<p>&mdash; Bayern &amp; Germany (@iMiaSanMia) <a href=\"https:\/\/twitter.com\/iMiaSanMia\/status\/1587753899271884802?ref_src=twsrc%5Etfw\">November 2, 2022<\/a><\/p><\/blockquote>\n<p><script async src=\"https:\/\/platform.twitter.com\/widgets.js\" charset=\"utf-8\"><\/script><\/p>\n<p>&nbsp;<\/p>\n<p>PUBLICADO EL 02\/NOVIEMBRE\/DE 2022)<\/p>\n","protected":false},"excerpt":{"rendered":"<p>ALEMANIA.\u00a0 \u2014 El meta y capit\u00e1n del Bayern M\u00fanich y de la selecci\u00f3n alemana, Manuel&#8230;<\/p>\n","protected":false},"author":1,"featured_media":150880,"comment_status":"open","ping_status":"open","sticky":false,"template":"","format":"standard","meta":{"_monsterinsights_skip_tracking":false,"_monsterinsights_sitenote_active":false,"_monsterinsights_sitenote_note":"","_monsterinsights_sitenote_category":0,"footnotes":""},"categories":[10],"tags":[],"class_list":["post"],"yoast_head":" \n<title>Sonora en Equipo. Neuer revela que ha sido operado tres veces de c\u00e1ncer en la piel Deportes<\/title>\n<meta name=\"description\" content=\"ALEMANIA.\u00a0 \u2014 El meta y capit\u00e1n del Bayern M\u00fanich y de la selecci\u00f3n alemana, Manuel Neuer, revel\u00f3 que ha sido operado tres veces de c\u00e1ncer en la piel lo En Sonora en Equipo publicamos toda la informaci\u00f3n de Sonora, M\u00e9xico y el Mundo de manera oportuna y busca que la libertad de expresi\u00f3n sea real. Visita nuestro medio informativo publicado desde Hermosillo, Sonora. %\" \/>\n<meta name=\"robots\" content=\"index, follow, max-snippet:-1, max-image-preview:large, max-video-preview:-1\" \/>\n<link rel=\"canonical\" href=\"https:\/\/www.sonoraenequipo.com.mx\/neuer-revela-que-ha-sido-operado-tres-veces-de-cancer-en-la-piel\/\" \/>\n<meta property=\"og:locale\" content=\"es_ES\" \/>\n<meta property=\"og:type\" content=\"article\" \/>\n<meta property=\"og:title\" content=\"Sonora en Equipo. Neuer revela que ha sido operado tres veces de c\u00e1ncer en la piel Deportes\" \/>\n<meta property=\"og:description\" content=\"ALEMANIA.\u00a0 \u2014 El meta y capit\u00e1n del Bayern M\u00fanich y de la selecci\u00f3n alemana, Manuel Neuer, revel\u00f3 que ha sido operado tres veces de c\u00e1ncer en la piel lo En Sonora en Equipo publicamos toda la informaci\u00f3n de Sonora, M\u00e9xico y el Mundo de manera oportuna y busca que la libertad de expresi\u00f3n sea real. Visita nuestro medio informativo publicado desde Hermosillo, Sonora. %\" \/>\n<meta property=\"og:url\" content=\"https:\/\/www.sonoraenequipo.com.mx\/neuer-revela-que-ha-sido-operado-tres-veces-de-cancer-en-la-piel\/\" \/>\n<meta property=\"og:site_name\" content=\"Sonora en Equipo.\" \/>\n<meta property=\"article:publisher\" content=\"https:\/\/www.facebook.com\/SonoraEE\/\" \/>\n<meta property=\"article:author\" content=\"https:\/\/www.facebook.com\/SonoraEE\" \/>\n<meta property=\"article:published_time\" content=\"2022-11-02T13:20:35+00:00\" \/>\n<meta property=\"article:modified_time\" content=\"2022-11-02T17:57:55+00:00\" \/>\n<meta property=\"og:image\" content=\"https:\/\/www.sonoraenequipo.com.mx\/storage\/2022\/11\/manuel-neuber.jpg\" \/>\n\t<meta property=\"og:image:width\" content=\"900\" \/>\n\t<meta property=\"og:image:height\" content=\"515\" \/>\n\t<meta property=\"og:image:type\" content=\"image\/jpeg\" \/>\n<meta name=\"author\" content=\"enequipo\" \/>\n<meta name=\"twitter:card\" content=\"summary_large_image\" \/>\n<meta name=\"twitter:creator\" content=\"@sonoraenequipo\" \/>\n<meta name=\"twitter:site\" content=\"@sonoraenequipo\" \/>\n<meta name=\"twitter:label1\" content=\"Escrito por\" \/>\n\t<meta name=\"twitter:data1\" content=\"enequipo\" \/>\n\t<meta name=\"twitter:label2\" content=\"Tiempo de lectura\" \/>\n\t<meta name=\"twitter:data2\" content=\"1 minuto\" \/>\n<script type=\"application\/ld+json\" class=\"yoast-schema-graph\">{\"@context\":\"https:\/\/schema.org\",\"@graph\":[{\"@type\":\"Article\",\"@id\":\"https:\/\/www.sonoraenequipo.com.mx\/neuer-revela-que-ha-sido-operado-tres-veces-de-cancer-en-la-piel\/#article\",\"isPartOf\":{\"@id\":\"https:\/\/www.sonoraenequipo.com.mx\/neuer-revela-que-ha-sido-operado-tres-veces-de-cancer-en-la-piel\/\"},\"author\":{\"name\":\"enequipo\",\"@id\":\"https:\/\/www.sonoraenequipo.com.mx\/#\/schema\/person\/50102df0fb23a8fa9e8effad8fa81386\"},\"headline\":\"Neuer revela que ha sido operado tres veces de c\u00e1ncer en la piel\",\"datePublished\":\"2022-11-02T13:20:35+00:00\",\"dateModified\":\"2022-11-02T17:57:55+00:00\",\"mainEntityOfPage\":{\"@id\":\"https:\/\/www.sonoraenequipo.com.mx\/neuer-revela-que-ha-sido-operado-tres-veces-de-cancer-en-la-piel\/\"},\"wordCount\":160,\"commentCount\":0,\"publisher\":{\"@id\":\"https:\/\/www.sonoraenequipo.com.mx\/#organization\"},\"image\":{\"@id\":\"https:\/\/www.sonoraenequipo.com.mx\/neuer-revela-que-ha-sido-operado-tres-veces-de-cancer-en-la-piel\/#primaryimage\"},\"thumbnailUrl\":\"https:\/\/www.sonoraenequipo.com.mx\/storage\/2022\/11\/manuel-neuber.jpg\",\"articleSection\":[\"Deportes\"],\"inLanguage\":\"es\",\"potentialAction\":[{\"@type\":\"CommentAction\",\"name\":\"Comment\",\"target\":[\"https:\/\/www.sonoraenequipo.com.mx\/neuer-revela-que-ha-sido-operado-tres-veces-de-cancer-en-la-piel\/#respond\"]}]},{\"@type\":\"WebPage\",\"@id\":\"https:\/\/www.sonoraenequipo.com.mx\/neuer-revela-que-ha-sido-operado-tres-veces-de-cancer-en-la-piel\/\",\"url\":\"https:\/\/www.sonoraenequipo.com.mx\/neuer-revela-que-ha-sido-operado-tres-veces-de-cancer-en-la-piel\/\",\"name\":\"Sonora en Equipo. Neuer revela que ha sido operado tres veces de c\u00e1ncer en la piel Deportes\",\"isPartOf\":{\"@id\":\"https:\/\/www.sonoraenequipo.com.mx\/#website\"},\"primaryImageOfPage\":{\"@id\":\"https:\/\/www.sonoraenequipo.com.mx\/neuer-revela-que-ha-sido-operado-tres-veces-de-cancer-en-la-piel\/#primaryimage\"},\"image\":{\"@id\":\"https:\/\/www.sonoraenequipo.com.mx\/neuer-revela-que-ha-sido-operado-tres-veces-de-cancer-en-la-piel\/#primaryimage\"},\"thumbnailUrl\":\"https:\/\/www.sonoraenequipo.com.mx\/storage\/2022\/11\/manuel-neuber.jpg\",\"datePublished\":\"2022-11-02T13:20:35+00:00\",\"dateModified\":\"2022-11-02T17:57:55+00:00\",\"description\":\"ALEMANIA.\u00a0 \u2014 El meta y capit\u00e1n del Bayern M\u00fanich y de la selecci\u00f3n alemana, Manuel Neuer, revel\u00f3 que ha sido operado tres veces de c\u00e1ncer en la piel lo En Sonora en Equipo publicamos toda la informaci\u00f3n de Sonora, M\u00e9xico y el Mundo de manera oportuna y busca que la libertad de expresi\u00f3n sea real. Visita nuestro medio informativo publicado desde Hermosillo, Sonora. %\",\"breadcrumb\":{\"@id\":\"https:\/\/www.sonoraenequipo.com.mx\/neuer-revela-que-ha-sido-operado-tres-veces-de-cancer-en-la-piel\/#breadcrumb\"},\"inLanguage\":\"es\",\"potentialAction\":[{\"@type\":\"ReadAction\",\"target\":[\"https:\/\/www.sonoraenequipo.com.mx\/neuer-revela-que-ha-sido-operado-tres-veces-de-cancer-en-la-piel\/\"]}]},{\"@type\":\"ImageObject\",\"inLanguage\":\"es\",\"@id\":\"https:\/\/www.sonoraenequipo.com.mx\/neuer-revela-que-ha-sido-operado-tres-veces-de-cancer-en-la-piel\/#primaryimage\",\"url\":\"https:\/\/www.sonoraenequipo.com.mx\/storage\/2022\/11\/manuel-neuber.jpg\",\"contentUrl\":\"https:\/\/www.sonoraenequipo.com.mx\/storage\/2022\/11\/manuel-neuber.jpg\",\"width\":900,\"height\":515},{\"@type\":\"BreadcrumbList\",\"@id\":\"https:\/\/www.sonoraenequipo.com.mx\/neuer-revela-que-ha-sido-operado-tres-veces-de-cancer-en-la-piel\/#breadcrumb\",\"itemListElement\":[{\"@type\":\"ListItem\",\"position\":1,\"name\":\"Portada\",\"item\":\"https:\/\/www.sonoraenequipo.com.mx\/\"},{\"@type\":\"ListItem\",\"position\":2,\"name\":\"Neuer revela que ha sido operado tres veces de c\u00e1ncer en la piel\"}]},{\"@type\":\"WebSite\",\"@id\":\"https:\/\/www.sonoraenequipo.com.mx\/#website\",\"url\":\"https:\/\/www.sonoraenequipo.com.mx\/\",\"name\":\"Sonora en Equipo.\",\"description\":\"Diario en l\u00ednea con Noticias desde Hermosillo, Sonora\",\"publisher\":{\"@id\":\"https:\/\/www.sonoraenequipo.com.mx\/#organization\"},\"potentialAction\":[{\"@type\":\"SearchAction\",\"target\":{\"@type\":\"EntryPoint\",\"urlTemplate\":\"https:\/\/www.sonoraenequipo.com.mx\/?s={search_term_string}\"},\"query-input\":{\"@type\":\"PropertyValueSpecification\",\"valueRequired\":true,\"valueName\":\"search_term_string\"}}],\"inLanguage\":\"es\"},{\"@type\":\"Organization\",\"@id\":\"https:\/\/www.sonoraenequipo.com.mx\/#organization\",\"name\":\"Sonoraenequipo.com.mx\",\"url\":\"https:\/\/www.sonoraenequipo.com.mx\/\",\"logo\":{\"@type\":\"ImageObject\",\"inLanguage\":\"es\",\"@id\":\"https:\/\/www.sonoraenequipo.com.mx\/#\/schema\/logo\/image\/\",\"url\":\"https:\/\/www.sonoraenequipo.com.mx\/storage\/2019\/01\/sonoraenequipo_opt.png\",\"contentUrl\":\"https:\/\/www.sonoraenequipo.com.mx\/storage\/2019\/01\/sonoraenequipo_opt.png\",\"width\":375,\"height\":125,\"caption\":\"Sonoraenequipo.com.mx\"},\"image\":{\"@id\":\"https:\/\/www.sonoraenequipo.com.mx\/#\/schema\/logo\/image\/\"},\"sameAs\":[\"https:\/\/www.facebook.com\/SonoraEE\/\",\"https:\/\/x.com\/sonoraenequipo\",\"https:\/\/www.youtube.com\/channel\/UC338nW-lPEYmJQs4ZABQ1SQ\"]},{\"@type\":\"Person\",\"@id\":\"https:\/\/www.sonoraenequipo.com.mx\/#\/schema\/person\/50102df0fb23a8fa9e8effad8fa81386\",\"name\":\"enequipo\",\"image\":{\"@type\":\"ImageObject\",\"inLanguage\":\"es\",\"@id\":\"https:\/\/www.sonoraenequipo.com.mx\/#\/schema\/person\/image\/\",\"url\":\"https:\/\/secure.gravatar.com\/avatar\/049821681b589dabc0bc20695993ccebb09f5b5d4d790cd9251b97faac7c652b?s=96&d=blank&r=g\",\"contentUrl\":\"https:\/\/secure.gravatar.com\/avatar\/049821681b589dabc0bc20695993ccebb09f5b5d4d790cd9251b97faac7c652b?s=96&d=blank&r=g\",\"caption\":\"enequipo\"},\"sameAs\":[\"https:\/\/www.facebook.com\/SonoraEE\"]}]}<\/script>\n ","yoast_head_json":{"title":"Sonora en Equipo. Neuer revela que ha sido operado tres veces de c\u00e1ncer en la piel Deportes","description":"ALEMANIA.\u00a0 \u2014 El meta y capit\u00e1n del Bayern M\u00fanich y de la selecci\u00f3n alemana, Manuel Neuer, revel\u00f3 que ha sido operado tres veces de c\u00e1ncer en la piel lo En Sonora en Equipo publicamos toda la informaci\u00f3n de Sonora, M\u00e9xico y el Mundo de manera oportuna y busca que la libertad de expresi\u00f3n sea real. Visita nuestro medio informativo publicado desde Hermosillo, Sonora. %","robots":{"index":"index","follow":"follow","max-snippet":"max-snippet:-1","max-image-preview":"max-image-preview:large","max-video-preview":"max-video-preview:-1"},"canonical":"https:\/\/www.sonoraenequipo.com.mx\/neuer-revela-que-ha-sido-operado-tres-veces-de-cancer-en-la-piel\/","og_locale":"es_ES","og_type":"article","og_title":"Sonora en Equipo. Neuer revela que ha sido operado tres veces de c\u00e1ncer en la piel Deportes","og_description":"ALEMANIA.\u00a0 \u2014 El meta y capit\u00e1n del Bayern M\u00fanich y de la selecci\u00f3n alemana, Manuel Neuer, revel\u00f3 que ha sido operado tres veces de c\u00e1ncer en la piel lo En Sonora en Equipo publicamos toda la informaci\u00f3n de Sonora, M\u00e9xico y el Mundo de manera oportuna y busca que la libertad de expresi\u00f3n sea real. Visita nuestro medio informativo publicado desde Hermosillo, Sonora. %","og_url":"https:\/\/www.sonoraenequipo.com.mx\/neuer-revela-que-ha-sido-operado-tres-veces-de-cancer-en-la-piel\/","og_site_name":"Sonora en Equipo.","article_publisher":"https:\/\/www.facebook.com\/SonoraEE\/","article_author":"https:\/\/www.facebook.com\/SonoraEE","article_published_time":"2022-11-02T13:20:35+00:00","article_modified_time":"2022-11-02T17:57:55+00:00","og_image":[{"width":900,"height":515,"url":"https:\/\/www.sonoraenequipo.com.mx\/storage\/2022\/11\/manuel-neuber.jpg","type":"image\/jpeg"}],"author":"enequipo","twitter_card":"summary_large_image","twitter_creator":"@sonoraenequipo","twitter_site":"@sonoraenequipo","twitter_misc":{"Escrito por":"enequipo","Tiempo de lectura":"1 minuto"},"schema":{"@context":"https:\/\/schema.org","@graph":[{"@type":"Article","@id":"https:\/\/www.sonoraenequipo.com.mx\/neuer-revela-que-ha-sido-operado-tres-veces-de-cancer-en-la-piel\/#article","isPartOf":{"@id":"https:\/\/www.sonoraenequipo.com.mx\/neuer-revela-que-ha-sido-operado-tres-veces-de-cancer-en-la-piel\/"},"author":{"name":"enequipo","@id":"https:\/\/www.sonoraenequipo.com.mx\/#\/schema\/person\/50102df0fb23a8fa9e8effad8fa81386"},"headline":"Neuer revela que ha sido operado tres veces de c\u00e1ncer en la piel","datePublished":"2022-11-02T13:20:35+00:00","dateModified":"2022-11-02T17:57:55+00:00","mainEntityOfPage":{"@id":"https:\/\/www.sonoraenequipo.com.mx\/neuer-revela-que-ha-sido-operado-tres-veces-de-cancer-en-la-piel\/"},"wordCount":160,"commentCount":0,"publisher":{"@id":"https:\/\/www.sonoraenequipo.com.mx\/#organization"},"image":{"@id":"https:\/\/www.sonoraenequipo.com.mx\/neuer-revela-que-ha-sido-operado-tres-veces-de-cancer-en-la-piel\/#primaryimage"},"thumbnailUrl":"https:\/\/www.sonoraenequipo.com.mx\/storage\/2022\/11\/manuel-neuber.jpg","articleSection":["Deportes"],"inLanguage":"es","potentialAction":[{"@type":"CommentAction","name":"Comment","target":["https:\/\/www.sonoraenequipo.com.mx\/neuer-revela-que-ha-sido-operado-tres-veces-de-cancer-en-la-piel\/#respond"]}]},{"@type":"WebPage","@id":"https:\/\/www.sonoraenequipo.com.mx\/neuer-revela-que-ha-sido-operado-tres-veces-de-cancer-en-la-piel\/","url":"https:\/\/www.sonoraenequipo.com.mx\/neuer-revela-que-ha-sido-operado-tres-veces-de-cancer-en-la-piel\/","name":"Sonora en Equipo. Neuer revela que ha sido operado tres veces de c\u00e1ncer en la piel Deportes","isPartOf":{"@id":"https:\/\/www.sonoraenequipo.com.mx\/#website"},"primaryImageOfPage":{"@id":"https:\/\/www.sonoraenequipo.com.mx\/neuer-revela-que-ha-sido-operado-tres-veces-de-cancer-en-la-piel\/#primaryimage"},"image":{"@id":"https:\/\/www.sonoraenequipo.com.mx\/neuer-revela-que-ha-sido-operado-tres-veces-de-cancer-en-la-piel\/#primaryimage"},"thumbnailUrl":"https:\/\/www.sonoraenequipo.com.mx\/storage\/2022\/11\/manuel-neuber.jpg","datePublished":"2022-11-02T13:20:35+00:00","dateModified":"2022-11-02T17:57:55+00:00","description":"ALEMANIA.\u00a0 \u2014 El meta y capit\u00e1n del Bayern M\u00fanich y de la selecci\u00f3n alemana, Manuel Neuer, revel\u00f3 que ha sido operado tres veces de c\u00e1ncer en la piel lo En Sonora en Equipo publicamos toda la informaci\u00f3n de Sonora, M\u00e9xico y el Mundo de manera oportuna y busca que la libertad de expresi\u00f3n sea real. Visita nuestro medio informativo publicado desde Hermosillo, Sonora. %","breadcrumb":{"@id":"https:\/\/www.sonoraenequipo.com.mx\/neuer-revela-que-ha-sido-operado-tres-veces-de-cancer-en-la-piel\/#breadcrumb"},"inLanguage":"es","potentialAction":[{"@type":"ReadAction","target":["https:\/\/www.sonoraenequipo.com.mx\/neuer-revela-que-ha-sido-operado-tres-veces-de-cancer-en-la-piel\/"]}]},{"@type":"ImageObject","inLanguage":"es","@id":"https:\/\/www.sonoraenequipo.com.mx\/neuer-revela-que-ha-sido-operado-tres-veces-de-cancer-en-la-piel\/#primaryimage","url":"https:\/\/www.sonoraenequipo.com.mx\/storage\/2022\/11\/manuel-neuber.jpg","contentUrl":"https:\/\/www.sonoraenequipo.com.mx\/storage\/2022\/11\/manuel-neuber.jpg","width":900,"height":515},{"@type":"BreadcrumbList","@id":"https:\/\/www.sonoraenequipo.com.mx\/neuer-revela-que-ha-sido-operado-tres-veces-de-cancer-en-la-piel\/#breadcrumb","itemListElement":[{"@type":"ListItem","position":1,"name":"Portada","item":"https:\/\/www.sonoraenequipo.com.mx\/"},{"@type":"ListItem","position":2,"name":"Neuer revela que ha sido operado tres veces de c\u00e1ncer en la piel"}]},{"@type":"WebSite","@id":"https:\/\/www.sonoraenequipo.com.mx\/#website","url":"https:\/\/www.sonoraenequipo.com.mx\/","name":"Sonora en Equipo.","description":"Diario en l\u00ednea con Noticias desde Hermosillo, Sonora","publisher":{"@id":"https:\/\/www.sonoraenequipo.com.mx\/#organization"},"potentialAction":[{"@type":"SearchAction","target":{"@type":"EntryPoint","urlTemplate":"https:\/\/www.sonoraenequipo.com.mx\/?s={search_term_string}"},"query-input":{"@type":"PropertyValueSpecification","valueRequired":true,"valueName":"search_term_string"}}],"inLanguage":"es"},{"@type":"Organization","@id":"https:\/\/www.sonoraenequipo.com.mx\/#organization","name":"Sonoraenequipo.com.mx","url":"https:\/\/www.sonoraenequipo.com.mx\/","logo":{"@type":"ImageObject","inLanguage":"es","@id":"https:\/\/www.sonoraenequipo.com.mx\/#\/schema\/logo\/image\/","url":"https:\/\/www.sonoraenequipo.com.mx\/storage\/2019\/01\/sonoraenequipo_opt.png","contentUrl":"https:\/\/www.sonoraenequipo.com.mx\/storage\/2019\/01\/sonoraenequipo_opt.png","width":375,"height":125,"caption":"Sonoraenequipo.com.mx"},"image":{"@id":"https:\/\/www.sonoraenequipo.com.mx\/#\/schema\/logo\/image\/"},"sameAs":["https:\/\/www.facebook.com\/SonoraEE\/","https:\/\/x.com\/sonoraenequipo","https:\/\/www.youtube.com\/channel\/UC338nW-lPEYmJQs4ZABQ1SQ"]},{"@type":"Person","@id":"https:\/\/www.sonoraenequipo.com.mx\/#\/schema\/person\/50102df0fb23a8fa9e8effad8fa81386","name":"enequipo","image":{"@type":"ImageObject","inLanguage":"es","@id":"https:\/\/www.sonoraenequipo.com.mx\/#\/schema\/person\/image\/","url":"https:\/\/secure.gravatar.com\/avatar\/049821681b589dabc0bc20695993ccebb09f5b5d4d790cd9251b97faac7c652b?s=96&d=blank&r=g","contentUrl":"https:\/\/secure.gravatar.com\/avatar\/049821681b589dabc0bc20695993ccebb09f5b5d4d790cd9251b97faac7c652b?s=96&d=blank&r=g","caption":"enequipo"},"sameAs":["https:\/\/www.facebook.com\/SonoraEE"]}]}},"jetpack_featured_media_url":"https:\/\/www.sonoraenequipo.com.mx\/storage\/2022\/11\/manuel-neuber.jpg","_links":{"self":[{"href":"https:\/\/www.sonoraenequipo.com.mx\/api\/wp\/v2\/posts\/150879","targetHints":{"allow":["GET"]}}],"collection":[{"href":"https:\/\/www.sonoraenequipo.com.mx\/api\/wp\/v2\/posts"}],"about":[{"href":"https:\/\/www.sonoraenequipo.com.mx\/api\/wp\/v2\/types\/post"}],"author":[{"embeddable":true,"href":"https:\/\/www.sonoraenequipo.com.mx\/api\/wp\/v2\/users\/1"}],"replies":[{"embeddable":true,"href":"https:\/\/www.sonoraenequipo.com.mx\/api\/wp\/v2\/comments?post=150879"}],"version-history":[{"count":1,"href":"https:\/\/www.sonoraenequipo.com.mx\/api\/wp\/v2\/posts\/150879\/revisions"}],"predecessor-version":[{"id":150881,"href":"https:\/\/www.sonoraenequipo.com.mx\/api\/wp\/v2\/posts\/150879\/revisions\/150881"}],"wp:featuredmedia":[{"embeddable":true,"href":"https:\/\/www.sonoraenequipo.com.mx\/api\/wp\/v2\/media\/150880"}],"wp:attachment":[{"href":"https:\/\/www.sonoraenequipo.com.mx\/api\/wp\/v2\/media?parent=150879"}],"wp:term":[{"taxonomy":"category","embeddable":true,"href":"https:\/\/www.sonoraenequipo.com.mx\/api\/wp\/v2\/categories?post=150879"},{"taxonomy":"post_tag","embeddable":true,"href":"https:\/\/www.sonoraenequipo.com.mx\/api\/wp\/v2\/tags?post=150879"}],"curies":[{"name":"wp","href":"https:\/\/api.w.org\/{rel}","templated":true}]}}