{"id":150889,"date":"2022-11-02T08:05:15","date_gmt":"2022-11-02T15:05:15","guid":{"rendered":"https:\/\/www.sonoraenequipo.com.mx\/?p=150889"},"modified":"2022-11-02T11:17:22","modified_gmt":"2022-11-02T18:17:22","slug":"lisa-se-convierte-en-huracan-categoria-1-avanza-hacia-belice","status":"publish","type":"post","link":"https:\/\/www.sonoraenequipo.com.mx\/lisa-se-convierte-en-huracan-categoria-1-avanza-hacia-belice\/","title":{"rendered":"Lisa se convierte en hurac\u00e1n categor\u00eda 1 avanza hacia Belice"},"content":{"rendered":"<p><strong>ESTADOS UNIDOS. \u2014<\/strong>\u00a0 La tormenta tropical Lisa se transform\u00f3 este mi\u00e9rcoles (02.11.2022) en un hurac\u00e1n de categor\u00eda 1 camino de <strong>Belice,<\/strong> mientras que <strong>Martin<\/strong> se fortalece en medio del Atl\u00e1ntico norte y tambi\u00e9n llegar\u00e1 a ser hurac\u00e1n, inform\u00f3 el Centro Nacional de Huracanes (NHC) de Estados Unidos.<\/p>\n<p>&nbsp;<\/p>\n<p> <\/p>\n<p>&nbsp;<\/p>\n<p>A las 08.00 horas (12.00 GMT), Lisa se encontraba a 60 millas (100 km) al noreste de la isla de Roat\u00e1n (Honduras) y unas 100 millas (165 km) al este de Ciudad de Belice.<\/p>\n<p>&nbsp;<\/p>\n<p>Los vientos m\u00e1ximos sostenidos alcanzan las 75 millas por hora (1250 km\/h), con r\u00e1fagas mayores.<\/p>\n<p>&nbsp;<\/p>\n<p>La costa belice\u00f1a, las islas de la Bah\u00eda de Honduras y una franja de la costa del sureste de M\u00e9xico, desde Chetumal hasta Puerto Costa Maya, est\u00e1n bajo alerta de hurac\u00e1n.<\/p>\n<p>&nbsp;<\/p>\n<p>Seg\u00fan el patr\u00f3n de trayectoria trazado por el NHC, el centro de Lisa se desplazar\u00e1 cerca o al norte de las<strong> Islas de la Bah\u00eda,<\/strong> tocar\u00e1 tierra en <strong>Belice<\/strong> y cruzar\u00e1 el norte de <strong>Guatemala<\/strong> para adentrarse en el <strong>sureste de M\u00e9xico el jueves.<\/strong><\/p>\n<p>&nbsp;<\/p>\n<p>&nbsp;<\/p>\n<p>Los vientos con fuerza de tormenta tropical de Lisa se extienden desde su centro hasta 70 millas (110 km).<\/p>\n<p>&nbsp;<\/p>\n<p>&nbsp;<\/p>\n<p>Adem\u00e1s de viento, Lisa producir\u00e1 lluvias en \u00e1reas de Honduras, Belice, M\u00e9xico y Guatemala, con riesgo de inundaciones repentinas, y una marejada cicl\u00f3nica que puede elevar el nivel del mar en toda la zona afectada, hasta un m\u00e1ximo de 7 pies (2,1 metros) donde toque tierra.<\/p>\n<p>&nbsp;<\/p>\n<p>&nbsp;<\/p>\n<p>Las corrientes generadas por Lisa afectar\u00e1n a Jamaica, las islas Caim\u00e1n y partes de Centroam\u00e9rica durante un par de d\u00edas.<\/p>\n<p>&nbsp;<\/p>\n<p>Se espera que la tormenta se fortaleza y se concierta en hurac\u00e1n este mi\u00e9rcoles antes de pasar a ser una onda extratropical muy poderosa el jueves.<\/p>\n<p>&nbsp;<\/p>\n<p>PUBLICADO EL 02\/NOVIEMBRE\/DE 2022)<\/p>\n","protected":false},"excerpt":{"rendered":"<p>ESTADOS UNIDOS. \u2014\u00a0 La tormenta tropical Lisa se transform\u00f3 este mi\u00e9rcoles (02.11.2022) en un hurac\u00e1n&#8230;<\/p>\n","protected":false},"author":1,"featured_media":150890,"comment_status":"open","ping_status":"open","sticky":false,"template":"","format":"standard","meta":{"_monsterinsights_skip_tracking":false,"_monsterinsights_sitenote_active":false,"_monsterinsights_sitenote_note":"","_monsterinsights_sitenote_category":0,"footnotes":""},"categories":[3],"tags":[],"class_list":["post"],"yoast_head":" \n<title>Sonora en Equipo. Lisa se convierte en hurac\u00e1n categor\u00eda 1 avanza hacia Belice MUNDO<\/title>\n<meta name=\"description\" content=\"ESTADOS UNIDOS. \u2014\u00a0 La tormenta tropical Lisa se transform\u00f3 este mi\u00e9rcoles (02.11.2022) en un hurac\u00e1n de categor\u00eda 1 camino de Belice, mientras que Martin En Sonora en Equipo publicamos toda la informaci\u00f3n de Sonora, M\u00e9xico y el Mundo de manera oportuna y busca que la libertad de expresi\u00f3n sea real. Visita nuestro medio informativo publicado desde Hermosillo, Sonora. %\" \/>\n<meta name=\"robots\" content=\"index, follow, max-snippet:-1, max-image-preview:large, max-video-preview:-1\" \/>\n<link rel=\"canonical\" href=\"https:\/\/www.sonoraenequipo.com.mx\/lisa-se-convierte-en-huracan-categoria-1-avanza-hacia-belice\/\" \/>\n<meta property=\"og:locale\" content=\"es_ES\" \/>\n<meta property=\"og:type\" content=\"article\" \/>\n<meta property=\"og:title\" content=\"Sonora en Equipo. Lisa se convierte en hurac\u00e1n categor\u00eda 1 avanza hacia Belice MUNDO\" \/>\n<meta property=\"og:description\" content=\"ESTADOS UNIDOS. \u2014\u00a0 La tormenta tropical Lisa se transform\u00f3 este mi\u00e9rcoles (02.11.2022) en un hurac\u00e1n de categor\u00eda 1 camino de Belice, mientras que Martin En Sonora en Equipo publicamos toda la informaci\u00f3n de Sonora, M\u00e9xico y el Mundo de manera oportuna y busca que la libertad de expresi\u00f3n sea real. Visita nuestro medio informativo publicado desde Hermosillo, Sonora. %\" \/>\n<meta property=\"og:url\" content=\"https:\/\/www.sonoraenequipo.com.mx\/lisa-se-convierte-en-huracan-categoria-1-avanza-hacia-belice\/\" \/>\n<meta property=\"og:site_name\" content=\"Sonora en Equipo.\" \/>\n<meta property=\"article:publisher\" content=\"https:\/\/www.facebook.com\/SonoraEE\/\" \/>\n<meta property=\"article:author\" content=\"https:\/\/www.facebook.com\/SonoraEE\" \/>\n<meta property=\"article:published_time\" content=\"2022-11-02T15:05:15+00:00\" \/>\n<meta property=\"article:modified_time\" content=\"2022-11-02T18:17:22+00:00\" \/>\n<meta property=\"og:image\" content=\"https:\/\/www.sonoraenequipo.com.mx\/storage\/2022\/11\/Huracan-Lisa.jpg\" \/>\n\t<meta property=\"og:image:width\" content=\"900\" \/>\n\t<meta property=\"og:image:height\" content=\"514\" \/>\n\t<meta property=\"og:image:type\" content=\"image\/jpeg\" \/>\n<meta name=\"author\" content=\"enequipo\" \/>\n<meta name=\"twitter:card\" content=\"summary_large_image\" \/>\n<meta name=\"twitter:creator\" content=\"@sonoraenequipo\" \/>\n<meta name=\"twitter:site\" content=\"@sonoraenequipo\" \/>\n<meta name=\"twitter:label1\" content=\"Escrito por\" \/>\n\t<meta name=\"twitter:data1\" content=\"enequipo\" \/>\n\t<meta name=\"twitter:label2\" content=\"Tiempo de lectura\" \/>\n\t<meta name=\"twitter:data2\" content=\"2 minutos\" \/>\n<script type=\"application\/ld+json\" class=\"yoast-schema-graph\">{\"@context\":\"https:\/\/schema.org\",\"@graph\":[{\"@type\":\"Article\",\"@id\":\"https:\/\/www.sonoraenequipo.com.mx\/lisa-se-convierte-en-huracan-categoria-1-avanza-hacia-belice\/#article\",\"isPartOf\":{\"@id\":\"https:\/\/www.sonoraenequipo.com.mx\/lisa-se-convierte-en-huracan-categoria-1-avanza-hacia-belice\/\"},\"author\":{\"name\":\"enequipo\",\"@id\":\"https:\/\/www.sonoraenequipo.com.mx\/#\/schema\/person\/50102df0fb23a8fa9e8effad8fa81386\"},\"headline\":\"Lisa se convierte en hurac\u00e1n categor\u00eda 1 avanza hacia Belice\",\"datePublished\":\"2022-11-02T15:05:15+00:00\",\"dateModified\":\"2022-11-02T18:17:22+00:00\",\"mainEntityOfPage\":{\"@id\":\"https:\/\/www.sonoraenequipo.com.mx\/lisa-se-convierte-en-huracan-categoria-1-avanza-hacia-belice\/\"},\"wordCount\":324,\"commentCount\":0,\"publisher\":{\"@id\":\"https:\/\/www.sonoraenequipo.com.mx\/#organization\"},\"image\":{\"@id\":\"https:\/\/www.sonoraenequipo.com.mx\/lisa-se-convierte-en-huracan-categoria-1-avanza-hacia-belice\/#primaryimage\"},\"thumbnailUrl\":\"https:\/\/www.sonoraenequipo.com.mx\/storage\/2022\/11\/Huracan-Lisa.jpg\",\"articleSection\":[\"MUNDO\"],\"inLanguage\":\"es\",\"potentialAction\":[{\"@type\":\"CommentAction\",\"name\":\"Comment\",\"target\":[\"https:\/\/www.sonoraenequipo.com.mx\/lisa-se-convierte-en-huracan-categoria-1-avanza-hacia-belice\/#respond\"]}]},{\"@type\":\"WebPage\",\"@id\":\"https:\/\/www.sonoraenequipo.com.mx\/lisa-se-convierte-en-huracan-categoria-1-avanza-hacia-belice\/\",\"url\":\"https:\/\/www.sonoraenequipo.com.mx\/lisa-se-convierte-en-huracan-categoria-1-avanza-hacia-belice\/\",\"name\":\"Sonora en Equipo. Lisa se convierte en hurac\u00e1n categor\u00eda 1 avanza hacia Belice MUNDO\",\"isPartOf\":{\"@id\":\"https:\/\/www.sonoraenequipo.com.mx\/#website\"},\"primaryImageOfPage\":{\"@id\":\"https:\/\/www.sonoraenequipo.com.mx\/lisa-se-convierte-en-huracan-categoria-1-avanza-hacia-belice\/#primaryimage\"},\"image\":{\"@id\":\"https:\/\/www.sonoraenequipo.com.mx\/lisa-se-convierte-en-huracan-categoria-1-avanza-hacia-belice\/#primaryimage\"},\"thumbnailUrl\":\"https:\/\/www.sonoraenequipo.com.mx\/storage\/2022\/11\/Huracan-Lisa.jpg\",\"datePublished\":\"2022-11-02T15:05:15+00:00\",\"dateModified\":\"2022-11-02T18:17:22+00:00\",\"description\":\"ESTADOS UNIDOS. \u2014\u00a0 La tormenta tropical Lisa se transform\u00f3 este mi\u00e9rcoles (02.11.2022) en un hurac\u00e1n de categor\u00eda 1 camino de Belice, mientras que Martin En Sonora en Equipo publicamos toda la informaci\u00f3n de Sonora, M\u00e9xico y el Mundo de manera oportuna y busca que la libertad de expresi\u00f3n sea real. Visita nuestro medio informativo publicado desde Hermosillo, Sonora. %\",\"breadcrumb\":{\"@id\":\"https:\/\/www.sonoraenequipo.com.mx\/lisa-se-convierte-en-huracan-categoria-1-avanza-hacia-belice\/#breadcrumb\"},\"inLanguage\":\"es\",\"potentialAction\":[{\"@type\":\"ReadAction\",\"target\":[\"https:\/\/www.sonoraenequipo.com.mx\/lisa-se-convierte-en-huracan-categoria-1-avanza-hacia-belice\/\"]}]},{\"@type\":\"ImageObject\",\"inLanguage\":\"es\",\"@id\":\"https:\/\/www.sonoraenequipo.com.mx\/lisa-se-convierte-en-huracan-categoria-1-avanza-hacia-belice\/#primaryimage\",\"url\":\"https:\/\/www.sonoraenequipo.com.mx\/storage\/2022\/11\/Huracan-Lisa.jpg\",\"contentUrl\":\"https:\/\/www.sonoraenequipo.com.mx\/storage\/2022\/11\/Huracan-Lisa.jpg\",\"width\":900,\"height\":514},{\"@type\":\"BreadcrumbList\",\"@id\":\"https:\/\/www.sonoraenequipo.com.mx\/lisa-se-convierte-en-huracan-categoria-1-avanza-hacia-belice\/#breadcrumb\",\"itemListElement\":[{\"@type\":\"ListItem\",\"position\":1,\"name\":\"Portada\",\"item\":\"https:\/\/www.sonoraenequipo.com.mx\/\"},{\"@type\":\"ListItem\",\"position\":2,\"name\":\"Lisa se convierte en hurac\u00e1n categor\u00eda 1 avanza hacia Belice\"}]},{\"@type\":\"WebSite\",\"@id\":\"https:\/\/www.sonoraenequipo.com.mx\/#website\",\"url\":\"https:\/\/www.sonoraenequipo.com.mx\/\",\"name\":\"Sonora en Equipo.\",\"description\":\"Diario en l\u00ednea con Noticias desde Hermosillo, Sonora\",\"publisher\":{\"@id\":\"https:\/\/www.sonoraenequipo.com.mx\/#organization\"},\"potentialAction\":[{\"@type\":\"SearchAction\",\"target\":{\"@type\":\"EntryPoint\",\"urlTemplate\":\"https:\/\/www.sonoraenequipo.com.mx\/?s={search_term_string}\"},\"query-input\":{\"@type\":\"PropertyValueSpecification\",\"valueRequired\":true,\"valueName\":\"search_term_string\"}}],\"inLanguage\":\"es\"},{\"@type\":\"Organization\",\"@id\":\"https:\/\/www.sonoraenequipo.com.mx\/#organization\",\"name\":\"Sonoraenequipo.com.mx\",\"url\":\"https:\/\/www.sonoraenequipo.com.mx\/\",\"logo\":{\"@type\":\"ImageObject\",\"inLanguage\":\"es\",\"@id\":\"https:\/\/www.sonoraenequipo.com.mx\/#\/schema\/logo\/image\/\",\"url\":\"https:\/\/www.sonoraenequipo.com.mx\/storage\/2019\/01\/sonoraenequipo_opt.png\",\"contentUrl\":\"https:\/\/www.sonoraenequipo.com.mx\/storage\/2019\/01\/sonoraenequipo_opt.png\",\"width\":375,\"height\":125,\"caption\":\"Sonoraenequipo.com.mx\"},\"image\":{\"@id\":\"https:\/\/www.sonoraenequipo.com.mx\/#\/schema\/logo\/image\/\"},\"sameAs\":[\"https:\/\/www.facebook.com\/SonoraEE\/\",\"https:\/\/x.com\/sonoraenequipo\",\"https:\/\/www.youtube.com\/channel\/UC338nW-lPEYmJQs4ZABQ1SQ\"]},{\"@type\":\"Person\",\"@id\":\"https:\/\/www.sonoraenequipo.com.mx\/#\/schema\/person\/50102df0fb23a8fa9e8effad8fa81386\",\"name\":\"enequipo\",\"image\":{\"@type\":\"ImageObject\",\"inLanguage\":\"es\",\"@id\":\"https:\/\/www.sonoraenequipo.com.mx\/#\/schema\/person\/image\/\",\"url\":\"https:\/\/secure.gravatar.com\/avatar\/049821681b589dabc0bc20695993ccebb09f5b5d4d790cd9251b97faac7c652b?s=96&d=blank&r=g\",\"contentUrl\":\"https:\/\/secure.gravatar.com\/avatar\/049821681b589dabc0bc20695993ccebb09f5b5d4d790cd9251b97faac7c652b?s=96&d=blank&r=g\",\"caption\":\"enequipo\"},\"sameAs\":[\"https:\/\/www.facebook.com\/SonoraEE\"]}]}<\/script>\n ","yoast_head_json":{"title":"Sonora en Equipo. Lisa se convierte en hurac\u00e1n categor\u00eda 1 avanza hacia Belice MUNDO","description":"ESTADOS UNIDOS. \u2014\u00a0 La tormenta tropical Lisa se transform\u00f3 este mi\u00e9rcoles (02.11.2022) en un hurac\u00e1n de categor\u00eda 1 camino de Belice, mientras que Martin En Sonora en Equipo publicamos toda la informaci\u00f3n de Sonora, M\u00e9xico y el Mundo de manera oportuna y busca que la libertad de expresi\u00f3n sea real. Visita nuestro medio informativo publicado desde Hermosillo, Sonora. %","robots":{"index":"index","follow":"follow","max-snippet":"max-snippet:-1","max-image-preview":"max-image-preview:large","max-video-preview":"max-video-preview:-1"},"canonical":"https:\/\/www.sonoraenequipo.com.mx\/lisa-se-convierte-en-huracan-categoria-1-avanza-hacia-belice\/","og_locale":"es_ES","og_type":"article","og_title":"Sonora en Equipo. Lisa se convierte en hurac\u00e1n categor\u00eda 1 avanza hacia Belice MUNDO","og_description":"ESTADOS UNIDOS. \u2014\u00a0 La tormenta tropical Lisa se transform\u00f3 este mi\u00e9rcoles (02.11.2022) en un hurac\u00e1n de categor\u00eda 1 camino de Belice, mientras que Martin En Sonora en Equipo publicamos toda la informaci\u00f3n de Sonora, M\u00e9xico y el Mundo de manera oportuna y busca que la libertad de expresi\u00f3n sea real. Visita nuestro medio informativo publicado desde Hermosillo, Sonora. %","og_url":"https:\/\/www.sonoraenequipo.com.mx\/lisa-se-convierte-en-huracan-categoria-1-avanza-hacia-belice\/","og_site_name":"Sonora en Equipo.","article_publisher":"https:\/\/www.facebook.com\/SonoraEE\/","article_author":"https:\/\/www.facebook.com\/SonoraEE","article_published_time":"2022-11-02T15:05:15+00:00","article_modified_time":"2022-11-02T18:17:22+00:00","og_image":[{"width":900,"height":514,"url":"https:\/\/www.sonoraenequipo.com.mx\/storage\/2022\/11\/Huracan-Lisa.jpg","type":"image\/jpeg"}],"author":"enequipo","twitter_card":"summary_large_image","twitter_creator":"@sonoraenequipo","twitter_site":"@sonoraenequipo","twitter_misc":{"Escrito por":"enequipo","Tiempo de lectura":"2 minutos"},"schema":{"@context":"https:\/\/schema.org","@graph":[{"@type":"Article","@id":"https:\/\/www.sonoraenequipo.com.mx\/lisa-se-convierte-en-huracan-categoria-1-avanza-hacia-belice\/#article","isPartOf":{"@id":"https:\/\/www.sonoraenequipo.com.mx\/lisa-se-convierte-en-huracan-categoria-1-avanza-hacia-belice\/"},"author":{"name":"enequipo","@id":"https:\/\/www.sonoraenequipo.com.mx\/#\/schema\/person\/50102df0fb23a8fa9e8effad8fa81386"},"headline":"Lisa se convierte en hurac\u00e1n categor\u00eda 1 avanza hacia Belice","datePublished":"2022-11-02T15:05:15+00:00","dateModified":"2022-11-02T18:17:22+00:00","mainEntityOfPage":{"@id":"https:\/\/www.sonoraenequipo.com.mx\/lisa-se-convierte-en-huracan-categoria-1-avanza-hacia-belice\/"},"wordCount":324,"commentCount":0,"publisher":{"@id":"https:\/\/www.sonoraenequipo.com.mx\/#organization"},"image":{"@id":"https:\/\/www.sonoraenequipo.com.mx\/lisa-se-convierte-en-huracan-categoria-1-avanza-hacia-belice\/#primaryimage"},"thumbnailUrl":"https:\/\/www.sonoraenequipo.com.mx\/storage\/2022\/11\/Huracan-Lisa.jpg","articleSection":["MUNDO"],"inLanguage":"es","potentialAction":[{"@type":"CommentAction","name":"Comment","target":["https:\/\/www.sonoraenequipo.com.mx\/lisa-se-convierte-en-huracan-categoria-1-avanza-hacia-belice\/#respond"]}]},{"@type":"WebPage","@id":"https:\/\/www.sonoraenequipo.com.mx\/lisa-se-convierte-en-huracan-categoria-1-avanza-hacia-belice\/","url":"https:\/\/www.sonoraenequipo.com.mx\/lisa-se-convierte-en-huracan-categoria-1-avanza-hacia-belice\/","name":"Sonora en Equipo. Lisa se convierte en hurac\u00e1n categor\u00eda 1 avanza hacia Belice MUNDO","isPartOf":{"@id":"https:\/\/www.sonoraenequipo.com.mx\/#website"},"primaryImageOfPage":{"@id":"https:\/\/www.sonoraenequipo.com.mx\/lisa-se-convierte-en-huracan-categoria-1-avanza-hacia-belice\/#primaryimage"},"image":{"@id":"https:\/\/www.sonoraenequipo.com.mx\/lisa-se-convierte-en-huracan-categoria-1-avanza-hacia-belice\/#primaryimage"},"thumbnailUrl":"https:\/\/www.sonoraenequipo.com.mx\/storage\/2022\/11\/Huracan-Lisa.jpg","datePublished":"2022-11-02T15:05:15+00:00","dateModified":"2022-11-02T18:17:22+00:00","description":"ESTADOS UNIDOS. \u2014\u00a0 La tormenta tropical Lisa se transform\u00f3 este mi\u00e9rcoles (02.11.2022) en un hurac\u00e1n de categor\u00eda 1 camino de Belice, mientras que Martin En Sonora en Equipo publicamos toda la informaci\u00f3n de Sonora, M\u00e9xico y el Mundo de manera oportuna y busca que la libertad de expresi\u00f3n sea real. Visita nuestro medio informativo publicado desde Hermosillo, Sonora. %","breadcrumb":{"@id":"https:\/\/www.sonoraenequipo.com.mx\/lisa-se-convierte-en-huracan-categoria-1-avanza-hacia-belice\/#breadcrumb"},"inLanguage":"es","potentialAction":[{"@type":"ReadAction","target":["https:\/\/www.sonoraenequipo.com.mx\/lisa-se-convierte-en-huracan-categoria-1-avanza-hacia-belice\/"]}]},{"@type":"ImageObject","inLanguage":"es","@id":"https:\/\/www.sonoraenequipo.com.mx\/lisa-se-convierte-en-huracan-categoria-1-avanza-hacia-belice\/#primaryimage","url":"https:\/\/www.sonoraenequipo.com.mx\/storage\/2022\/11\/Huracan-Lisa.jpg","contentUrl":"https:\/\/www.sonoraenequipo.com.mx\/storage\/2022\/11\/Huracan-Lisa.jpg","width":900,"height":514},{"@type":"BreadcrumbList","@id":"https:\/\/www.sonoraenequipo.com.mx\/lisa-se-convierte-en-huracan-categoria-1-avanza-hacia-belice\/#breadcrumb","itemListElement":[{"@type":"ListItem","position":1,"name":"Portada","item":"https:\/\/www.sonoraenequipo.com.mx\/"},{"@type":"ListItem","position":2,"name":"Lisa se convierte en hurac\u00e1n categor\u00eda 1 avanza hacia Belice"}]},{"@type":"WebSite","@id":"https:\/\/www.sonoraenequipo.com.mx\/#website","url":"https:\/\/www.sonoraenequipo.com.mx\/","name":"Sonora en Equipo.","description":"Diario en l\u00ednea con Noticias desde Hermosillo, Sonora","publisher":{"@id":"https:\/\/www.sonoraenequipo.com.mx\/#organization"},"potentialAction":[{"@type":"SearchAction","target":{"@type":"EntryPoint","urlTemplate":"https:\/\/www.sonoraenequipo.com.mx\/?s={search_term_string}"},"query-input":{"@type":"PropertyValueSpecification","valueRequired":true,"valueName":"search_term_string"}}],"inLanguage":"es"},{"@type":"Organization","@id":"https:\/\/www.sonoraenequipo.com.mx\/#organization","name":"Sonoraenequipo.com.mx","url":"https:\/\/www.sonoraenequipo.com.mx\/","logo":{"@type":"ImageObject","inLanguage":"es","@id":"https:\/\/www.sonoraenequipo.com.mx\/#\/schema\/logo\/image\/","url":"https:\/\/www.sonoraenequipo.com.mx\/storage\/2019\/01\/sonoraenequipo_opt.png","contentUrl":"https:\/\/www.sonoraenequipo.com.mx\/storage\/2019\/01\/sonoraenequipo_opt.png","width":375,"height":125,"caption":"Sonoraenequipo.com.mx"},"image":{"@id":"https:\/\/www.sonoraenequipo.com.mx\/#\/schema\/logo\/image\/"},"sameAs":["https:\/\/www.facebook.com\/SonoraEE\/","https:\/\/x.com\/sonoraenequipo","https:\/\/www.youtube.com\/channel\/UC338nW-lPEYmJQs4ZABQ1SQ"]},{"@type":"Person","@id":"https:\/\/www.sonoraenequipo.com.mx\/#\/schema\/person\/50102df0fb23a8fa9e8effad8fa81386","name":"enequipo","image":{"@type":"ImageObject","inLanguage":"es","@id":"https:\/\/www.sonoraenequipo.com.mx\/#\/schema\/person\/image\/","url":"https:\/\/secure.gravatar.com\/avatar\/049821681b589dabc0bc20695993ccebb09f5b5d4d790cd9251b97faac7c652b?s=96&d=blank&r=g","contentUrl":"https:\/\/secure.gravatar.com\/avatar\/049821681b589dabc0bc20695993ccebb09f5b5d4d790cd9251b97faac7c652b?s=96&d=blank&r=g","caption":"enequipo"},"sameAs":["https:\/\/www.facebook.com\/SonoraEE"]}]}},"jetpack_featured_media_url":"https:\/\/www.sonoraenequipo.com.mx\/storage\/2022\/11\/Huracan-Lisa.jpg","_links":{"self":[{"href":"https:\/\/www.sonoraenequipo.com.mx\/api\/wp\/v2\/posts\/150889","targetHints":{"allow":["GET"]}}],"collection":[{"href":"https:\/\/www.sonoraenequipo.com.mx\/api\/wp\/v2\/posts"}],"about":[{"href":"https:\/\/www.sonoraenequipo.com.mx\/api\/wp\/v2\/types\/post"}],"author":[{"embeddable":true,"href":"https:\/\/www.sonoraenequipo.com.mx\/api\/wp\/v2\/users\/1"}],"replies":[{"embeddable":true,"href":"https:\/\/www.sonoraenequipo.com.mx\/api\/wp\/v2\/comments?post=150889"}],"version-history":[{"count":1,"href":"https:\/\/www.sonoraenequipo.com.mx\/api\/wp\/v2\/posts\/150889\/revisions"}],"predecessor-version":[{"id":150891,"href":"https:\/\/www.sonoraenequipo.com.mx\/api\/wp\/v2\/posts\/150889\/revisions\/150891"}],"wp:featuredmedia":[{"embeddable":true,"href":"https:\/\/www.sonoraenequipo.com.mx\/api\/wp\/v2\/media\/150890"}],"wp:attachment":[{"href":"https:\/\/www.sonoraenequipo.com.mx\/api\/wp\/v2\/media?parent=150889"}],"wp:term":[{"taxonomy":"category","embeddable":true,"href":"https:\/\/www.sonoraenequipo.com.mx\/api\/wp\/v2\/categories?post=150889"},{"taxonomy":"post_tag","embeddable":true,"href":"https:\/\/www.sonoraenequipo.com.mx\/api\/wp\/v2\/tags?post=150889"}],"curies":[{"name":"wp","href":"https:\/\/api.w.org\/{rel}","templated":true}]}}