{"id":150899,"date":"2022-11-02T07:48:07","date_gmt":"2022-11-02T14:48:07","guid":{"rendered":"https:\/\/www.sonoraenequipo.com.mx\/?p=150899"},"modified":"2022-11-02T11:39:18","modified_gmt":"2022-11-02T18:39:18","slug":"el-calentamiento-avanza-en-europa-dos-veces-mas-rapido-que-la-media-mundial","status":"publish","type":"post","link":"https:\/\/www.sonoraenequipo.com.mx\/el-calentamiento-avanza-en-europa-dos-veces-mas-rapido-que-la-media-mundial\/","title":{"rendered":"El calentamiento avanza en Europa dos veces m\u00e1s r\u00e1pido que la media mundial"},"content":{"rendered":"<p><strong>UNI\u00d3N EUROPEA. \u2014<\/strong> El aumento de temperaturas observado en Europa en los \u00faltimos 30 a\u00f1os, de alrededor de medio grado por d\u00e9cada, duplica el incremento medio mundial, advierte hoy un informe de la Organizaci\u00f3n Meteorol\u00f3gica Mundial (OMM) y el servicio Copernicus de la Uni\u00f3n Europea.<\/p>\n<p>&nbsp;<\/p>\n<p> <\/p>\n<p>&nbsp;<\/p>\n<p>Como resultado de este aumento de temperaturas medido entre 1991 y 2021, los glaciares alpinos perdieron 30 metros de espesor y el hielo de Groenlandia se est\u00e1 derritiendo, lo que contribuye a la aceleraci\u00f3n de la subida del nivel del mar, se\u00f1ala el primer informe relativo a Europa emitido conjuntamente por la OMM y la UE.<\/p>\n<p>&nbsp;<\/p>\n<p>El estudio advierte que con independencia de las medidas tomadas para frenar el cambio clim\u00e1tico, y pese a que la UE ha logrado reducir las emisiones de gases de efecto invernadero un 31 % en tres d\u00e9cadas, \u201clas temperaturas aumentar\u00e1n en todas las zonas europeas a un ritmo superior al mundial\u201d y con ello subir\u00e1n los fen\u00f3menos extremos tales como las olas de calor.<\/p>\n<p>&nbsp;<\/p>\n<p>\u201cSociedades, econom\u00edas y ecosistemas se ver\u00e1n afectados por episodios de calor excepcionales, incendios forestales y crecidas, as\u00ed como por otros efectos del cambio clim\u00e1tico\u201d, advierten la agencia de Naciones Unidas y el programa investigador de la UE.<\/p>\n<blockquote class=\"twitter-tweet\" data-width=\"550\" data-dnt=\"true\">\n<p lang=\"en\" dir=\"ltr\">A new joint report highlights the <a href=\"https:\/\/twitter.com\/hashtag\/StateOfClimate?src=hash&amp;ref_src=twsrc%5Etfw\">#StateOfClimate<\/a> in Europe, where temperatures increased more than on any other continent. It&#39;s not all bad news. Several European countries cut greenhouse gas emissions. Let&#39;s keep the momentum going for <a href=\"https:\/\/twitter.com\/hashtag\/ClimateAction?src=hash&amp;ref_src=twsrc%5Etfw\">#ClimateAction<\/a> at <a href=\"https:\/\/twitter.com\/hashtag\/COP7?src=hash&amp;ref_src=twsrc%5Etfw\">#COP7<\/a>\ud83e\udd1d<a href=\"https:\/\/twitter.com\/CopernicusECMWF?ref_src=twsrc%5Etfw\">@CopernicusECMWF<\/a> <a href=\"https:\/\/t.co\/6RBD0RGjEt\">pic.twitter.com\/6RBD0RGjEt<\/a><\/p>\n<p>&mdash; World Meteorological Organization (@WMO) <a href=\"https:\/\/twitter.com\/WMO\/status\/1587808125754769409?ref_src=twsrc%5Etfw\">November 2, 2022<\/a><\/p><\/blockquote>\n<p><script async src=\"https:\/\/platform.twitter.com\/widgets.js\" charset=\"utf-8\"><\/script><\/p>\n<p>&nbsp;<\/p>\n<p>A new joint report highlights the #StateOfClimate in Europe, where temperatures increased more than on any other continent. It&#8217;s not all bad news. Several European countries cut greenhouse gas emissions. Let&#8217;s keep the momentum going for #ClimateAction at #COP7\ud83e\udd1d@CopernicusECMWF pic.twitter.com\/6RBD0RGjEt<\/p>\n<p>\u2014 World Meteorological Organization (@WMO) November 2, 2022<\/p>\n<p>&nbsp;<\/p>\n<p>PUBLICADO EL 02\/NOVIEMBRE\/DE 2022)<\/p>\n","protected":false},"excerpt":{"rendered":"<p>UNI\u00d3N EUROPEA. \u2014 El aumento de temperaturas observado en Europa en los \u00faltimos 30 a\u00f1os,&#8230;<\/p>\n","protected":false},"author":1,"featured_media":150905,"comment_status":"open","ping_status":"open","sticky":false,"template":"","format":"standard","meta":{"_monsterinsights_skip_tracking":false,"_monsterinsights_sitenote_active":false,"_monsterinsights_sitenote_note":"","_monsterinsights_sitenote_category":0,"footnotes":""},"categories":[3],"tags":[],"class_list":["post"],"yoast_head":" \n<title>Sonora en Equipo. El calentamiento avanza en Europa dos veces m\u00e1s r\u00e1pido que la media mundial MUNDO<\/title>\n<meta name=\"description\" content=\"UNI\u00d3N EUROPEA. \u2014 El aumento de temperaturas observado en Europa en los \u00faltimos 30 a\u00f1os, de alrededor de medio grado por d\u00e9cada, duplica el incremento En Sonora en Equipo publicamos toda la informaci\u00f3n de Sonora, M\u00e9xico y el Mundo de manera oportuna y busca que la libertad de expresi\u00f3n sea real. Visita nuestro medio informativo publicado desde Hermosillo, Sonora. %\" \/>\n<meta name=\"robots\" content=\"index, follow, max-snippet:-1, max-image-preview:large, max-video-preview:-1\" \/>\n<link rel=\"canonical\" href=\"https:\/\/www.sonoraenequipo.com.mx\/el-calentamiento-avanza-en-europa-dos-veces-mas-rapido-que-la-media-mundial\/\" \/>\n<meta property=\"og:locale\" content=\"es_ES\" \/>\n<meta property=\"og:type\" content=\"article\" \/>\n<meta property=\"og:title\" content=\"Sonora en Equipo. El calentamiento avanza en Europa dos veces m\u00e1s r\u00e1pido que la media mundial MUNDO\" \/>\n<meta property=\"og:description\" content=\"UNI\u00d3N EUROPEA. \u2014 El aumento de temperaturas observado en Europa en los \u00faltimos 30 a\u00f1os, de alrededor de medio grado por d\u00e9cada, duplica el incremento En Sonora en Equipo publicamos toda la informaci\u00f3n de Sonora, M\u00e9xico y el Mundo de manera oportuna y busca que la libertad de expresi\u00f3n sea real. Visita nuestro medio informativo publicado desde Hermosillo, Sonora. %\" \/>\n<meta property=\"og:url\" content=\"https:\/\/www.sonoraenequipo.com.mx\/el-calentamiento-avanza-en-europa-dos-veces-mas-rapido-que-la-media-mundial\/\" \/>\n<meta property=\"og:site_name\" content=\"Sonora en Equipo.\" \/>\n<meta property=\"article:publisher\" content=\"https:\/\/www.facebook.com\/SonoraEE\/\" \/>\n<meta property=\"article:author\" content=\"https:\/\/www.facebook.com\/SonoraEE\" \/>\n<meta property=\"article:published_time\" content=\"2022-11-02T14:48:07+00:00\" \/>\n<meta property=\"article:modified_time\" content=\"2022-11-02T18:39:18+00:00\" \/>\n<meta property=\"og:image\" content=\"https:\/\/www.sonoraenequipo.com.mx\/storage\/2022\/11\/Londres..jpg\" \/>\n\t<meta property=\"og:image:width\" content=\"900\" \/>\n\t<meta property=\"og:image:height\" content=\"514\" \/>\n\t<meta property=\"og:image:type\" content=\"image\/jpeg\" \/>\n<meta name=\"author\" content=\"enequipo\" \/>\n<meta name=\"twitter:card\" content=\"summary_large_image\" \/>\n<meta name=\"twitter:creator\" content=\"@sonoraenequipo\" \/>\n<meta name=\"twitter:site\" content=\"@sonoraenequipo\" \/>\n<meta name=\"twitter:label1\" content=\"Escrito por\" \/>\n\t<meta name=\"twitter:data1\" content=\"enequipo\" \/>\n\t<meta name=\"twitter:label2\" content=\"Tiempo de lectura\" \/>\n\t<meta name=\"twitter:data2\" content=\"1 minuto\" \/>\n<script type=\"application\/ld+json\" class=\"yoast-schema-graph\">{\"@context\":\"https:\/\/schema.org\",\"@graph\":[{\"@type\":\"Article\",\"@id\":\"https:\/\/www.sonoraenequipo.com.mx\/el-calentamiento-avanza-en-europa-dos-veces-mas-rapido-que-la-media-mundial\/#article\",\"isPartOf\":{\"@id\":\"https:\/\/www.sonoraenequipo.com.mx\/el-calentamiento-avanza-en-europa-dos-veces-mas-rapido-que-la-media-mundial\/\"},\"author\":{\"name\":\"enequipo\",\"@id\":\"https:\/\/www.sonoraenequipo.com.mx\/#\/schema\/person\/50102df0fb23a8fa9e8effad8fa81386\"},\"headline\":\"El calentamiento avanza en Europa dos veces m\u00e1s r\u00e1pido que la media mundial\",\"datePublished\":\"2022-11-02T14:48:07+00:00\",\"dateModified\":\"2022-11-02T18:39:18+00:00\",\"mainEntityOfPage\":{\"@id\":\"https:\/\/www.sonoraenequipo.com.mx\/el-calentamiento-avanza-en-europa-dos-veces-mas-rapido-que-la-media-mundial\/\"},\"wordCount\":293,\"commentCount\":0,\"publisher\":{\"@id\":\"https:\/\/www.sonoraenequipo.com.mx\/#organization\"},\"image\":{\"@id\":\"https:\/\/www.sonoraenequipo.com.mx\/el-calentamiento-avanza-en-europa-dos-veces-mas-rapido-que-la-media-mundial\/#primaryimage\"},\"thumbnailUrl\":\"https:\/\/www.sonoraenequipo.com.mx\/storage\/2022\/11\/Londres..jpg\",\"articleSection\":[\"MUNDO\"],\"inLanguage\":\"es\",\"potentialAction\":[{\"@type\":\"CommentAction\",\"name\":\"Comment\",\"target\":[\"https:\/\/www.sonoraenequipo.com.mx\/el-calentamiento-avanza-en-europa-dos-veces-mas-rapido-que-la-media-mundial\/#respond\"]}]},{\"@type\":\"WebPage\",\"@id\":\"https:\/\/www.sonoraenequipo.com.mx\/el-calentamiento-avanza-en-europa-dos-veces-mas-rapido-que-la-media-mundial\/\",\"url\":\"https:\/\/www.sonoraenequipo.com.mx\/el-calentamiento-avanza-en-europa-dos-veces-mas-rapido-que-la-media-mundial\/\",\"name\":\"Sonora en Equipo. El calentamiento avanza en Europa dos veces m\u00e1s r\u00e1pido que la media mundial MUNDO\",\"isPartOf\":{\"@id\":\"https:\/\/www.sonoraenequipo.com.mx\/#website\"},\"primaryImageOfPage\":{\"@id\":\"https:\/\/www.sonoraenequipo.com.mx\/el-calentamiento-avanza-en-europa-dos-veces-mas-rapido-que-la-media-mundial\/#primaryimage\"},\"image\":{\"@id\":\"https:\/\/www.sonoraenequipo.com.mx\/el-calentamiento-avanza-en-europa-dos-veces-mas-rapido-que-la-media-mundial\/#primaryimage\"},\"thumbnailUrl\":\"https:\/\/www.sonoraenequipo.com.mx\/storage\/2022\/11\/Londres..jpg\",\"datePublished\":\"2022-11-02T14:48:07+00:00\",\"dateModified\":\"2022-11-02T18:39:18+00:00\",\"description\":\"UNI\u00d3N EUROPEA. \u2014 El aumento de temperaturas observado en Europa en los \u00faltimos 30 a\u00f1os, de alrededor de medio grado por d\u00e9cada, duplica el incremento En Sonora en Equipo publicamos toda la informaci\u00f3n de Sonora, M\u00e9xico y el Mundo de manera oportuna y busca que la libertad de expresi\u00f3n sea real. Visita nuestro medio informativo publicado desde Hermosillo, Sonora. %\",\"breadcrumb\":{\"@id\":\"https:\/\/www.sonoraenequipo.com.mx\/el-calentamiento-avanza-en-europa-dos-veces-mas-rapido-que-la-media-mundial\/#breadcrumb\"},\"inLanguage\":\"es\",\"potentialAction\":[{\"@type\":\"ReadAction\",\"target\":[\"https:\/\/www.sonoraenequipo.com.mx\/el-calentamiento-avanza-en-europa-dos-veces-mas-rapido-que-la-media-mundial\/\"]}]},{\"@type\":\"ImageObject\",\"inLanguage\":\"es\",\"@id\":\"https:\/\/www.sonoraenequipo.com.mx\/el-calentamiento-avanza-en-europa-dos-veces-mas-rapido-que-la-media-mundial\/#primaryimage\",\"url\":\"https:\/\/www.sonoraenequipo.com.mx\/storage\/2022\/11\/Londres..jpg\",\"contentUrl\":\"https:\/\/www.sonoraenequipo.com.mx\/storage\/2022\/11\/Londres..jpg\",\"width\":900,\"height\":514},{\"@type\":\"BreadcrumbList\",\"@id\":\"https:\/\/www.sonoraenequipo.com.mx\/el-calentamiento-avanza-en-europa-dos-veces-mas-rapido-que-la-media-mundial\/#breadcrumb\",\"itemListElement\":[{\"@type\":\"ListItem\",\"position\":1,\"name\":\"Portada\",\"item\":\"https:\/\/www.sonoraenequipo.com.mx\/\"},{\"@type\":\"ListItem\",\"position\":2,\"name\":\"El calentamiento avanza en Europa dos veces m\u00e1s r\u00e1pido que la media mundial\"}]},{\"@type\":\"WebSite\",\"@id\":\"https:\/\/www.sonoraenequipo.com.mx\/#website\",\"url\":\"https:\/\/www.sonoraenequipo.com.mx\/\",\"name\":\"Sonora en Equipo.\",\"description\":\"Diario en l\u00ednea con Noticias desde Hermosillo, Sonora\",\"publisher\":{\"@id\":\"https:\/\/www.sonoraenequipo.com.mx\/#organization\"},\"potentialAction\":[{\"@type\":\"SearchAction\",\"target\":{\"@type\":\"EntryPoint\",\"urlTemplate\":\"https:\/\/www.sonoraenequipo.com.mx\/?s={search_term_string}\"},\"query-input\":{\"@type\":\"PropertyValueSpecification\",\"valueRequired\":true,\"valueName\":\"search_term_string\"}}],\"inLanguage\":\"es\"},{\"@type\":\"Organization\",\"@id\":\"https:\/\/www.sonoraenequipo.com.mx\/#organization\",\"name\":\"Sonoraenequipo.com.mx\",\"url\":\"https:\/\/www.sonoraenequipo.com.mx\/\",\"logo\":{\"@type\":\"ImageObject\",\"inLanguage\":\"es\",\"@id\":\"https:\/\/www.sonoraenequipo.com.mx\/#\/schema\/logo\/image\/\",\"url\":\"https:\/\/www.sonoraenequipo.com.mx\/storage\/2019\/01\/sonoraenequipo_opt.png\",\"contentUrl\":\"https:\/\/www.sonoraenequipo.com.mx\/storage\/2019\/01\/sonoraenequipo_opt.png\",\"width\":375,\"height\":125,\"caption\":\"Sonoraenequipo.com.mx\"},\"image\":{\"@id\":\"https:\/\/www.sonoraenequipo.com.mx\/#\/schema\/logo\/image\/\"},\"sameAs\":[\"https:\/\/www.facebook.com\/SonoraEE\/\",\"https:\/\/x.com\/sonoraenequipo\",\"https:\/\/www.youtube.com\/channel\/UC338nW-lPEYmJQs4ZABQ1SQ\"]},{\"@type\":\"Person\",\"@id\":\"https:\/\/www.sonoraenequipo.com.mx\/#\/schema\/person\/50102df0fb23a8fa9e8effad8fa81386\",\"name\":\"enequipo\",\"image\":{\"@type\":\"ImageObject\",\"inLanguage\":\"es\",\"@id\":\"https:\/\/www.sonoraenequipo.com.mx\/#\/schema\/person\/image\/\",\"url\":\"https:\/\/secure.gravatar.com\/avatar\/049821681b589dabc0bc20695993ccebb09f5b5d4d790cd9251b97faac7c652b?s=96&d=blank&r=g\",\"contentUrl\":\"https:\/\/secure.gravatar.com\/avatar\/049821681b589dabc0bc20695993ccebb09f5b5d4d790cd9251b97faac7c652b?s=96&d=blank&r=g\",\"caption\":\"enequipo\"},\"sameAs\":[\"https:\/\/www.facebook.com\/SonoraEE\"]}]}<\/script>\n ","yoast_head_json":{"title":"Sonora en Equipo. El calentamiento avanza en Europa dos veces m\u00e1s r\u00e1pido que la media mundial MUNDO","description":"UNI\u00d3N EUROPEA. \u2014 El aumento de temperaturas observado en Europa en los \u00faltimos 30 a\u00f1os, de alrededor de medio grado por d\u00e9cada, duplica el incremento En Sonora en Equipo publicamos toda la informaci\u00f3n de Sonora, M\u00e9xico y el Mundo de manera oportuna y busca que la libertad de expresi\u00f3n sea real. Visita nuestro medio informativo publicado desde Hermosillo, Sonora. %","robots":{"index":"index","follow":"follow","max-snippet":"max-snippet:-1","max-image-preview":"max-image-preview:large","max-video-preview":"max-video-preview:-1"},"canonical":"https:\/\/www.sonoraenequipo.com.mx\/el-calentamiento-avanza-en-europa-dos-veces-mas-rapido-que-la-media-mundial\/","og_locale":"es_ES","og_type":"article","og_title":"Sonora en Equipo. El calentamiento avanza en Europa dos veces m\u00e1s r\u00e1pido que la media mundial MUNDO","og_description":"UNI\u00d3N EUROPEA. \u2014 El aumento de temperaturas observado en Europa en los \u00faltimos 30 a\u00f1os, de alrededor de medio grado por d\u00e9cada, duplica el incremento En Sonora en Equipo publicamos toda la informaci\u00f3n de Sonora, M\u00e9xico y el Mundo de manera oportuna y busca que la libertad de expresi\u00f3n sea real. Visita nuestro medio informativo publicado desde Hermosillo, Sonora. %","og_url":"https:\/\/www.sonoraenequipo.com.mx\/el-calentamiento-avanza-en-europa-dos-veces-mas-rapido-que-la-media-mundial\/","og_site_name":"Sonora en Equipo.","article_publisher":"https:\/\/www.facebook.com\/SonoraEE\/","article_author":"https:\/\/www.facebook.com\/SonoraEE","article_published_time":"2022-11-02T14:48:07+00:00","article_modified_time":"2022-11-02T18:39:18+00:00","og_image":[{"width":900,"height":514,"url":"https:\/\/www.sonoraenequipo.com.mx\/storage\/2022\/11\/Londres..jpg","type":"image\/jpeg"}],"author":"enequipo","twitter_card":"summary_large_image","twitter_creator":"@sonoraenequipo","twitter_site":"@sonoraenequipo","twitter_misc":{"Escrito por":"enequipo","Tiempo de lectura":"1 minuto"},"schema":{"@context":"https:\/\/schema.org","@graph":[{"@type":"Article","@id":"https:\/\/www.sonoraenequipo.com.mx\/el-calentamiento-avanza-en-europa-dos-veces-mas-rapido-que-la-media-mundial\/#article","isPartOf":{"@id":"https:\/\/www.sonoraenequipo.com.mx\/el-calentamiento-avanza-en-europa-dos-veces-mas-rapido-que-la-media-mundial\/"},"author":{"name":"enequipo","@id":"https:\/\/www.sonoraenequipo.com.mx\/#\/schema\/person\/50102df0fb23a8fa9e8effad8fa81386"},"headline":"El calentamiento avanza en Europa dos veces m\u00e1s r\u00e1pido que la media mundial","datePublished":"2022-11-02T14:48:07+00:00","dateModified":"2022-11-02T18:39:18+00:00","mainEntityOfPage":{"@id":"https:\/\/www.sonoraenequipo.com.mx\/el-calentamiento-avanza-en-europa-dos-veces-mas-rapido-que-la-media-mundial\/"},"wordCount":293,"commentCount":0,"publisher":{"@id":"https:\/\/www.sonoraenequipo.com.mx\/#organization"},"image":{"@id":"https:\/\/www.sonoraenequipo.com.mx\/el-calentamiento-avanza-en-europa-dos-veces-mas-rapido-que-la-media-mundial\/#primaryimage"},"thumbnailUrl":"https:\/\/www.sonoraenequipo.com.mx\/storage\/2022\/11\/Londres..jpg","articleSection":["MUNDO"],"inLanguage":"es","potentialAction":[{"@type":"CommentAction","name":"Comment","target":["https:\/\/www.sonoraenequipo.com.mx\/el-calentamiento-avanza-en-europa-dos-veces-mas-rapido-que-la-media-mundial\/#respond"]}]},{"@type":"WebPage","@id":"https:\/\/www.sonoraenequipo.com.mx\/el-calentamiento-avanza-en-europa-dos-veces-mas-rapido-que-la-media-mundial\/","url":"https:\/\/www.sonoraenequipo.com.mx\/el-calentamiento-avanza-en-europa-dos-veces-mas-rapido-que-la-media-mundial\/","name":"Sonora en Equipo. El calentamiento avanza en Europa dos veces m\u00e1s r\u00e1pido que la media mundial MUNDO","isPartOf":{"@id":"https:\/\/www.sonoraenequipo.com.mx\/#website"},"primaryImageOfPage":{"@id":"https:\/\/www.sonoraenequipo.com.mx\/el-calentamiento-avanza-en-europa-dos-veces-mas-rapido-que-la-media-mundial\/#primaryimage"},"image":{"@id":"https:\/\/www.sonoraenequipo.com.mx\/el-calentamiento-avanza-en-europa-dos-veces-mas-rapido-que-la-media-mundial\/#primaryimage"},"thumbnailUrl":"https:\/\/www.sonoraenequipo.com.mx\/storage\/2022\/11\/Londres..jpg","datePublished":"2022-11-02T14:48:07+00:00","dateModified":"2022-11-02T18:39:18+00:00","description":"UNI\u00d3N EUROPEA. \u2014 El aumento de temperaturas observado en Europa en los \u00faltimos 30 a\u00f1os, de alrededor de medio grado por d\u00e9cada, duplica el incremento En Sonora en Equipo publicamos toda la informaci\u00f3n de Sonora, M\u00e9xico y el Mundo de manera oportuna y busca que la libertad de expresi\u00f3n sea real. Visita nuestro medio informativo publicado desde Hermosillo, Sonora. %","breadcrumb":{"@id":"https:\/\/www.sonoraenequipo.com.mx\/el-calentamiento-avanza-en-europa-dos-veces-mas-rapido-que-la-media-mundial\/#breadcrumb"},"inLanguage":"es","potentialAction":[{"@type":"ReadAction","target":["https:\/\/www.sonoraenequipo.com.mx\/el-calentamiento-avanza-en-europa-dos-veces-mas-rapido-que-la-media-mundial\/"]}]},{"@type":"ImageObject","inLanguage":"es","@id":"https:\/\/www.sonoraenequipo.com.mx\/el-calentamiento-avanza-en-europa-dos-veces-mas-rapido-que-la-media-mundial\/#primaryimage","url":"https:\/\/www.sonoraenequipo.com.mx\/storage\/2022\/11\/Londres..jpg","contentUrl":"https:\/\/www.sonoraenequipo.com.mx\/storage\/2022\/11\/Londres..jpg","width":900,"height":514},{"@type":"BreadcrumbList","@id":"https:\/\/www.sonoraenequipo.com.mx\/el-calentamiento-avanza-en-europa-dos-veces-mas-rapido-que-la-media-mundial\/#breadcrumb","itemListElement":[{"@type":"ListItem","position":1,"name":"Portada","item":"https:\/\/www.sonoraenequipo.com.mx\/"},{"@type":"ListItem","position":2,"name":"El calentamiento avanza en Europa dos veces m\u00e1s r\u00e1pido que la media mundial"}]},{"@type":"WebSite","@id":"https:\/\/www.sonoraenequipo.com.mx\/#website","url":"https:\/\/www.sonoraenequipo.com.mx\/","name":"Sonora en Equipo.","description":"Diario en l\u00ednea con Noticias desde Hermosillo, Sonora","publisher":{"@id":"https:\/\/www.sonoraenequipo.com.mx\/#organization"},"potentialAction":[{"@type":"SearchAction","target":{"@type":"EntryPoint","urlTemplate":"https:\/\/www.sonoraenequipo.com.mx\/?s={search_term_string}"},"query-input":{"@type":"PropertyValueSpecification","valueRequired":true,"valueName":"search_term_string"}}],"inLanguage":"es"},{"@type":"Organization","@id":"https:\/\/www.sonoraenequipo.com.mx\/#organization","name":"Sonoraenequipo.com.mx","url":"https:\/\/www.sonoraenequipo.com.mx\/","logo":{"@type":"ImageObject","inLanguage":"es","@id":"https:\/\/www.sonoraenequipo.com.mx\/#\/schema\/logo\/image\/","url":"https:\/\/www.sonoraenequipo.com.mx\/storage\/2019\/01\/sonoraenequipo_opt.png","contentUrl":"https:\/\/www.sonoraenequipo.com.mx\/storage\/2019\/01\/sonoraenequipo_opt.png","width":375,"height":125,"caption":"Sonoraenequipo.com.mx"},"image":{"@id":"https:\/\/www.sonoraenequipo.com.mx\/#\/schema\/logo\/image\/"},"sameAs":["https:\/\/www.facebook.com\/SonoraEE\/","https:\/\/x.com\/sonoraenequipo","https:\/\/www.youtube.com\/channel\/UC338nW-lPEYmJQs4ZABQ1SQ"]},{"@type":"Person","@id":"https:\/\/www.sonoraenequipo.com.mx\/#\/schema\/person\/50102df0fb23a8fa9e8effad8fa81386","name":"enequipo","image":{"@type":"ImageObject","inLanguage":"es","@id":"https:\/\/www.sonoraenequipo.com.mx\/#\/schema\/person\/image\/","url":"https:\/\/secure.gravatar.com\/avatar\/049821681b589dabc0bc20695993ccebb09f5b5d4d790cd9251b97faac7c652b?s=96&d=blank&r=g","contentUrl":"https:\/\/secure.gravatar.com\/avatar\/049821681b589dabc0bc20695993ccebb09f5b5d4d790cd9251b97faac7c652b?s=96&d=blank&r=g","caption":"enequipo"},"sameAs":["https:\/\/www.facebook.com\/SonoraEE"]}]}},"jetpack_featured_media_url":"https:\/\/www.sonoraenequipo.com.mx\/storage\/2022\/11\/Londres..jpg","_links":{"self":[{"href":"https:\/\/www.sonoraenequipo.com.mx\/api\/wp\/v2\/posts\/150899","targetHints":{"allow":["GET"]}}],"collection":[{"href":"https:\/\/www.sonoraenequipo.com.mx\/api\/wp\/v2\/posts"}],"about":[{"href":"https:\/\/www.sonoraenequipo.com.mx\/api\/wp\/v2\/types\/post"}],"author":[{"embeddable":true,"href":"https:\/\/www.sonoraenequipo.com.mx\/api\/wp\/v2\/users\/1"}],"replies":[{"embeddable":true,"href":"https:\/\/www.sonoraenequipo.com.mx\/api\/wp\/v2\/comments?post=150899"}],"version-history":[{"count":1,"href":"https:\/\/www.sonoraenequipo.com.mx\/api\/wp\/v2\/posts\/150899\/revisions"}],"predecessor-version":[{"id":150906,"href":"https:\/\/www.sonoraenequipo.com.mx\/api\/wp\/v2\/posts\/150899\/revisions\/150906"}],"wp:featuredmedia":[{"embeddable":true,"href":"https:\/\/www.sonoraenequipo.com.mx\/api\/wp\/v2\/media\/150905"}],"wp:attachment":[{"href":"https:\/\/www.sonoraenequipo.com.mx\/api\/wp\/v2\/media?parent=150899"}],"wp:term":[{"taxonomy":"category","embeddable":true,"href":"https:\/\/www.sonoraenequipo.com.mx\/api\/wp\/v2\/categories?post=150899"},{"taxonomy":"post_tag","embeddable":true,"href":"https:\/\/www.sonoraenequipo.com.mx\/api\/wp\/v2\/tags?post=150899"}],"curies":[{"name":"wp","href":"https:\/\/api.w.org\/{rel}","templated":true}]}}