{"id":151386,"date":"2022-11-07T22:45:57","date_gmt":"2022-11-08T05:45:57","guid":{"rendered":"https:\/\/www.sonoraenequipo.com.mx\/?p=151386"},"modified":"2022-11-07T21:11:34","modified_gmt":"2022-11-08T04:11:34","slug":"con-trastorno-mental-13-por-ciento-de-los-jovenes-del-mundo-unicef","status":"publish","type":"post","link":"https:\/\/www.sonoraenequipo.com.mx\/con-trastorno-mental-13-por-ciento-de-los-jovenes-del-mundo-unicef\/","title":{"rendered":"Con trastorno mental, 13 por ciento de los j\u00f3venes del mundo: Unicef"},"content":{"rendered":"<p><strong>MONTEVIDEO, URUGUAY.\u2014<\/strong> La salud mental en adolescentes se convirti\u00f3 en <strong><em>\u00abun problema de suma importancia y una prioridad\u00bb<\/em> <\/strong>para el Fondo de las Naciones Unidas para la Infancia (Unicef), que asegura que 13 por ciento de los j\u00f3venes a nivel global han sido diagnosticados formalmente con trastornos de este tipo.<\/p>\n<p>&nbsp;<\/p>\n<p> <\/p>\n<p>&nbsp;<\/p>\n<p>As\u00ed lo indic\u00f3 este lunes su representante en Uruguay, Francisco Benavides, quien particip\u00f3 del seminario internacional \u00ab<strong><em>Salud Mental Adolescente: aportes a la estrategia nacional\u00bb,<\/em><\/strong> organizado por la Agencia Uruguaya de Cooperaci\u00f3n Internacional y Unicef.<\/p>\n<p>&nbsp;<\/p>\n<p><strong><em>\u00abSabemos que 13 por ciento de los adolescentes a nivel global han sido diagnosticados formalmente con un trastorno de salud mental. 40 por ciento de esos adolescentes tienen problemas de ansiedad o depresi\u00f3n\u00bb,<\/em><\/strong> detall\u00f3.<\/p>\n<p>&nbsp;<\/p>\n<p>Asimismo, indic\u00f3 que la situaci\u00f3n en Uruguay es coherente con lo que sucede en el resto del mundo, al tiempo que revel\u00f3 que ese pa\u00eds es el segundo de la regi\u00f3n con m\u00e1s casos de suicidio en adolescentes.<\/p>\n<p>&nbsp;<\/p>\n<p>Por su parte, el ministro de Desarrollo Social de Uruguay, Mart\u00edn Lema, detall\u00f3 que una encuesta llevada a cabo en 2018 detall\u00f3 que en ese pa\u00eds el 14.2 por ciento de los j\u00f3venes<strong><em> \u00abse sintieron por m\u00e1s de dos semanas tristes o desesperados al punto de interrumpir sus actividades cotidianas\u00bb.<\/em><\/strong><\/p>\n<p>&nbsp;<\/p>\n<p>Tambi\u00e9n que 3.5 por ciento de los adolescentes encuestados<strong><em> \u00aben alg\u00fan momento pens\u00f3 en quitarse la vida\u00bb.<\/em><\/strong><\/p>\n<p>&nbsp;<\/p>\n<p><strong><em>\u00abSon situaciones dram\u00e1ticas que requieren una respuesta. Esto trasciende fronteras, son causas humanas que la cooperaci\u00f3n entre expertos de diferentes pa\u00edses compartiendo experiencias, indicadores, datos y llevando a la reflexi\u00f3n nos puede permitir reforzar la l\u00ednea de acci\u00f3n a los efectos de buscar revertir este tipo de situaciones que todos lamentamos\u00bb,<\/em><\/strong> agreg\u00f3 Lema.<\/p>\n<p>&nbsp;<\/p>\n<p>Al mismo tiempo, el ministro detall\u00f3 que en Uruguay se hicieron 420 talleres que apuntaron a dialogar sobre estos asuntos en los que participaron 12 mil 500 j\u00f3venes y en los que se capacitaron mil 100 adultos \u00ab<strong><em>a los efectos de implementar una cantidad de lineamientos\u00bb.<\/em><\/strong><\/p>\n<p>&nbsp;<\/p>\n<p>El seminario internacional celebrado este lunes en el edificio anexo a la Torre Ejecutiva de Montevideo cuenta con la presencia de expertos que representan a institutos y fundaciones de diferentes pa\u00edses.<\/p>\n<p>&nbsp;<\/p>\n<p>&nbsp;<\/p>\n<p>PUBLICADO EL 07\/NOVIEMBRE\/DE 2022)<\/p>\n","protected":false},"excerpt":{"rendered":"<p>MONTEVIDEO, URUGUAY.\u2014 La salud mental en adolescentes se convirti\u00f3 en \u00abun problema de suma importancia&#8230;<\/p>\n","protected":false},"author":1,"featured_media":151388,"comment_status":"open","ping_status":"open","sticky":false,"template":"","format":"standard","meta":{"_monsterinsights_skip_tracking":false,"_monsterinsights_sitenote_active":false,"_monsterinsights_sitenote_note":"","_monsterinsights_sitenote_category":0,"footnotes":""},"categories":[2216],"tags":[],"class_list":["post"],"yoast_head":" \n<title>Sonora en Equipo. Con trastorno mental, 13 por ciento de los j\u00f3venes del mundo: Unicef Ciencia y Tecnolog\u00eda<\/title>\n<meta name=\"description\" content=\"MONTEVIDEO, URUGUAY.\u2014 La salud mental en adolescentes se convirti\u00f3 en &quot;un problema de suma importancia y una prioridad&quot; para el Fondo de las Naciones En Sonora en Equipo publicamos toda la informaci\u00f3n de Sonora, M\u00e9xico y el Mundo de manera oportuna y busca que la libertad de expresi\u00f3n sea real. Visita nuestro medio informativo publicado desde Hermosillo, Sonora. %\" \/>\n<meta name=\"robots\" content=\"index, follow, max-snippet:-1, max-image-preview:large, max-video-preview:-1\" \/>\n<link rel=\"canonical\" href=\"https:\/\/www.sonoraenequipo.com.mx\/con-trastorno-mental-13-por-ciento-de-los-jovenes-del-mundo-unicef\/\" \/>\n<meta property=\"og:locale\" content=\"es_ES\" \/>\n<meta property=\"og:type\" content=\"article\" \/>\n<meta property=\"og:title\" content=\"Sonora en Equipo. Con trastorno mental, 13 por ciento de los j\u00f3venes del mundo: Unicef Ciencia y Tecnolog\u00eda\" \/>\n<meta property=\"og:description\" content=\"MONTEVIDEO, URUGUAY.\u2014 La salud mental en adolescentes se convirti\u00f3 en &quot;un problema de suma importancia y una prioridad&quot; para el Fondo de las Naciones En Sonora en Equipo publicamos toda la informaci\u00f3n de Sonora, M\u00e9xico y el Mundo de manera oportuna y busca que la libertad de expresi\u00f3n sea real. Visita nuestro medio informativo publicado desde Hermosillo, Sonora. %\" \/>\n<meta property=\"og:url\" content=\"https:\/\/www.sonoraenequipo.com.mx\/con-trastorno-mental-13-por-ciento-de-los-jovenes-del-mundo-unicef\/\" \/>\n<meta property=\"og:site_name\" content=\"Sonora en Equipo.\" \/>\n<meta property=\"article:publisher\" content=\"https:\/\/www.facebook.com\/SonoraEE\/\" \/>\n<meta property=\"article:author\" content=\"https:\/\/www.facebook.com\/SonoraEE\" \/>\n<meta property=\"article:published_time\" content=\"2022-11-08T05:45:57+00:00\" \/>\n<meta property=\"og:image\" content=\"https:\/\/www.sonoraenequipo.com.mx\/storage\/2022\/11\/depresion-en-jovenes.jpg\" \/>\n\t<meta property=\"og:image:width\" content=\"900\" \/>\n\t<meta property=\"og:image:height\" content=\"513\" \/>\n\t<meta property=\"og:image:type\" content=\"image\/jpeg\" \/>\n<meta name=\"author\" content=\"enequipo\" \/>\n<meta name=\"twitter:card\" content=\"summary_large_image\" \/>\n<meta name=\"twitter:creator\" content=\"@sonoraenequipo\" \/>\n<meta name=\"twitter:site\" content=\"@sonoraenequipo\" \/>\n<meta name=\"twitter:label1\" content=\"Escrito por\" \/>\n\t<meta name=\"twitter:data1\" content=\"enequipo\" \/>\n\t<meta name=\"twitter:label2\" content=\"Tiempo de lectura\" \/>\n\t<meta name=\"twitter:data2\" content=\"2 minutos\" \/>\n<script type=\"application\/ld+json\" class=\"yoast-schema-graph\">{\"@context\":\"https:\/\/schema.org\",\"@graph\":[{\"@type\":\"Article\",\"@id\":\"https:\/\/www.sonoraenequipo.com.mx\/con-trastorno-mental-13-por-ciento-de-los-jovenes-del-mundo-unicef\/#article\",\"isPartOf\":{\"@id\":\"https:\/\/www.sonoraenequipo.com.mx\/con-trastorno-mental-13-por-ciento-de-los-jovenes-del-mundo-unicef\/\"},\"author\":{\"name\":\"enequipo\",\"@id\":\"https:\/\/www.sonoraenequipo.com.mx\/#\/schema\/person\/50102df0fb23a8fa9e8effad8fa81386\"},\"headline\":\"Con trastorno mental, 13 por ciento de los j\u00f3venes del mundo: Unicef\",\"datePublished\":\"2022-11-08T05:45:57+00:00\",\"mainEntityOfPage\":{\"@id\":\"https:\/\/www.sonoraenequipo.com.mx\/con-trastorno-mental-13-por-ciento-de-los-jovenes-del-mundo-unicef\/\"},\"wordCount\":391,\"commentCount\":0,\"publisher\":{\"@id\":\"https:\/\/www.sonoraenequipo.com.mx\/#organization\"},\"image\":{\"@id\":\"https:\/\/www.sonoraenequipo.com.mx\/con-trastorno-mental-13-por-ciento-de-los-jovenes-del-mundo-unicef\/#primaryimage\"},\"thumbnailUrl\":\"https:\/\/www.sonoraenequipo.com.mx\/storage\/2022\/11\/depresion-en-jovenes.jpg\",\"articleSection\":[\"Ciencia y Tecnolog\u00eda\"],\"inLanguage\":\"es\",\"potentialAction\":[{\"@type\":\"CommentAction\",\"name\":\"Comment\",\"target\":[\"https:\/\/www.sonoraenequipo.com.mx\/con-trastorno-mental-13-por-ciento-de-los-jovenes-del-mundo-unicef\/#respond\"]}]},{\"@type\":\"WebPage\",\"@id\":\"https:\/\/www.sonoraenequipo.com.mx\/con-trastorno-mental-13-por-ciento-de-los-jovenes-del-mundo-unicef\/\",\"url\":\"https:\/\/www.sonoraenequipo.com.mx\/con-trastorno-mental-13-por-ciento-de-los-jovenes-del-mundo-unicef\/\",\"name\":\"Sonora en Equipo. Con trastorno mental, 13 por ciento de los j\u00f3venes del mundo: Unicef Ciencia y Tecnolog\u00eda\",\"isPartOf\":{\"@id\":\"https:\/\/www.sonoraenequipo.com.mx\/#website\"},\"primaryImageOfPage\":{\"@id\":\"https:\/\/www.sonoraenequipo.com.mx\/con-trastorno-mental-13-por-ciento-de-los-jovenes-del-mundo-unicef\/#primaryimage\"},\"image\":{\"@id\":\"https:\/\/www.sonoraenequipo.com.mx\/con-trastorno-mental-13-por-ciento-de-los-jovenes-del-mundo-unicef\/#primaryimage\"},\"thumbnailUrl\":\"https:\/\/www.sonoraenequipo.com.mx\/storage\/2022\/11\/depresion-en-jovenes.jpg\",\"datePublished\":\"2022-11-08T05:45:57+00:00\",\"description\":\"MONTEVIDEO, URUGUAY.\u2014 La salud mental en adolescentes se convirti\u00f3 en \\\"un problema de suma importancia y una prioridad\\\" para el Fondo de las Naciones En Sonora en Equipo publicamos toda la informaci\u00f3n de Sonora, M\u00e9xico y el Mundo de manera oportuna y busca que la libertad de expresi\u00f3n sea real. Visita nuestro medio informativo publicado desde Hermosillo, Sonora. %\",\"breadcrumb\":{\"@id\":\"https:\/\/www.sonoraenequipo.com.mx\/con-trastorno-mental-13-por-ciento-de-los-jovenes-del-mundo-unicef\/#breadcrumb\"},\"inLanguage\":\"es\",\"potentialAction\":[{\"@type\":\"ReadAction\",\"target\":[\"https:\/\/www.sonoraenequipo.com.mx\/con-trastorno-mental-13-por-ciento-de-los-jovenes-del-mundo-unicef\/\"]}]},{\"@type\":\"ImageObject\",\"inLanguage\":\"es\",\"@id\":\"https:\/\/www.sonoraenequipo.com.mx\/con-trastorno-mental-13-por-ciento-de-los-jovenes-del-mundo-unicef\/#primaryimage\",\"url\":\"https:\/\/www.sonoraenequipo.com.mx\/storage\/2022\/11\/depresion-en-jovenes.jpg\",\"contentUrl\":\"https:\/\/www.sonoraenequipo.com.mx\/storage\/2022\/11\/depresion-en-jovenes.jpg\",\"width\":900,\"height\":513},{\"@type\":\"BreadcrumbList\",\"@id\":\"https:\/\/www.sonoraenequipo.com.mx\/con-trastorno-mental-13-por-ciento-de-los-jovenes-del-mundo-unicef\/#breadcrumb\",\"itemListElement\":[{\"@type\":\"ListItem\",\"position\":1,\"name\":\"Portada\",\"item\":\"https:\/\/www.sonoraenequipo.com.mx\/\"},{\"@type\":\"ListItem\",\"position\":2,\"name\":\"Con trastorno mental, 13 por ciento de los j\u00f3venes del mundo: Unicef\"}]},{\"@type\":\"WebSite\",\"@id\":\"https:\/\/www.sonoraenequipo.com.mx\/#website\",\"url\":\"https:\/\/www.sonoraenequipo.com.mx\/\",\"name\":\"Sonora en Equipo.\",\"description\":\"Diario en l\u00ednea con Noticias desde Hermosillo, Sonora\",\"publisher\":{\"@id\":\"https:\/\/www.sonoraenequipo.com.mx\/#organization\"},\"potentialAction\":[{\"@type\":\"SearchAction\",\"target\":{\"@type\":\"EntryPoint\",\"urlTemplate\":\"https:\/\/www.sonoraenequipo.com.mx\/?s={search_term_string}\"},\"query-input\":{\"@type\":\"PropertyValueSpecification\",\"valueRequired\":true,\"valueName\":\"search_term_string\"}}],\"inLanguage\":\"es\"},{\"@type\":\"Organization\",\"@id\":\"https:\/\/www.sonoraenequipo.com.mx\/#organization\",\"name\":\"Sonoraenequipo.com.mx\",\"url\":\"https:\/\/www.sonoraenequipo.com.mx\/\",\"logo\":{\"@type\":\"ImageObject\",\"inLanguage\":\"es\",\"@id\":\"https:\/\/www.sonoraenequipo.com.mx\/#\/schema\/logo\/image\/\",\"url\":\"https:\/\/www.sonoraenequipo.com.mx\/storage\/2019\/01\/sonoraenequipo_opt.png\",\"contentUrl\":\"https:\/\/www.sonoraenequipo.com.mx\/storage\/2019\/01\/sonoraenequipo_opt.png\",\"width\":375,\"height\":125,\"caption\":\"Sonoraenequipo.com.mx\"},\"image\":{\"@id\":\"https:\/\/www.sonoraenequipo.com.mx\/#\/schema\/logo\/image\/\"},\"sameAs\":[\"https:\/\/www.facebook.com\/SonoraEE\/\",\"https:\/\/x.com\/sonoraenequipo\",\"https:\/\/www.youtube.com\/channel\/UC338nW-lPEYmJQs4ZABQ1SQ\"]},{\"@type\":\"Person\",\"@id\":\"https:\/\/www.sonoraenequipo.com.mx\/#\/schema\/person\/50102df0fb23a8fa9e8effad8fa81386\",\"name\":\"enequipo\",\"image\":{\"@type\":\"ImageObject\",\"inLanguage\":\"es\",\"@id\":\"https:\/\/www.sonoraenequipo.com.mx\/#\/schema\/person\/image\/\",\"url\":\"https:\/\/secure.gravatar.com\/avatar\/049821681b589dabc0bc20695993ccebb09f5b5d4d790cd9251b97faac7c652b?s=96&d=blank&r=g\",\"contentUrl\":\"https:\/\/secure.gravatar.com\/avatar\/049821681b589dabc0bc20695993ccebb09f5b5d4d790cd9251b97faac7c652b?s=96&d=blank&r=g\",\"caption\":\"enequipo\"},\"sameAs\":[\"https:\/\/www.facebook.com\/SonoraEE\"]}]}<\/script>\n ","yoast_head_json":{"title":"Sonora en Equipo. Con trastorno mental, 13 por ciento de los j\u00f3venes del mundo: Unicef Ciencia y Tecnolog\u00eda","description":"MONTEVIDEO, URUGUAY.\u2014 La salud mental en adolescentes se convirti\u00f3 en \"un problema de suma importancia y una prioridad\" para el Fondo de las Naciones En Sonora en Equipo publicamos toda la informaci\u00f3n de Sonora, M\u00e9xico y el Mundo de manera oportuna y busca que la libertad de expresi\u00f3n sea real. Visita nuestro medio informativo publicado desde Hermosillo, Sonora. %","robots":{"index":"index","follow":"follow","max-snippet":"max-snippet:-1","max-image-preview":"max-image-preview:large","max-video-preview":"max-video-preview:-1"},"canonical":"https:\/\/www.sonoraenequipo.com.mx\/con-trastorno-mental-13-por-ciento-de-los-jovenes-del-mundo-unicef\/","og_locale":"es_ES","og_type":"article","og_title":"Sonora en Equipo. Con trastorno mental, 13 por ciento de los j\u00f3venes del mundo: Unicef Ciencia y Tecnolog\u00eda","og_description":"MONTEVIDEO, URUGUAY.\u2014 La salud mental en adolescentes se convirti\u00f3 en \"un problema de suma importancia y una prioridad\" para el Fondo de las Naciones En Sonora en Equipo publicamos toda la informaci\u00f3n de Sonora, M\u00e9xico y el Mundo de manera oportuna y busca que la libertad de expresi\u00f3n sea real. Visita nuestro medio informativo publicado desde Hermosillo, Sonora. %","og_url":"https:\/\/www.sonoraenequipo.com.mx\/con-trastorno-mental-13-por-ciento-de-los-jovenes-del-mundo-unicef\/","og_site_name":"Sonora en Equipo.","article_publisher":"https:\/\/www.facebook.com\/SonoraEE\/","article_author":"https:\/\/www.facebook.com\/SonoraEE","article_published_time":"2022-11-08T05:45:57+00:00","og_image":[{"width":900,"height":513,"url":"https:\/\/www.sonoraenequipo.com.mx\/storage\/2022\/11\/depresion-en-jovenes.jpg","type":"image\/jpeg"}],"author":"enequipo","twitter_card":"summary_large_image","twitter_creator":"@sonoraenequipo","twitter_site":"@sonoraenequipo","twitter_misc":{"Escrito por":"enequipo","Tiempo de lectura":"2 minutos"},"schema":{"@context":"https:\/\/schema.org","@graph":[{"@type":"Article","@id":"https:\/\/www.sonoraenequipo.com.mx\/con-trastorno-mental-13-por-ciento-de-los-jovenes-del-mundo-unicef\/#article","isPartOf":{"@id":"https:\/\/www.sonoraenequipo.com.mx\/con-trastorno-mental-13-por-ciento-de-los-jovenes-del-mundo-unicef\/"},"author":{"name":"enequipo","@id":"https:\/\/www.sonoraenequipo.com.mx\/#\/schema\/person\/50102df0fb23a8fa9e8effad8fa81386"},"headline":"Con trastorno mental, 13 por ciento de los j\u00f3venes del mundo: Unicef","datePublished":"2022-11-08T05:45:57+00:00","mainEntityOfPage":{"@id":"https:\/\/www.sonoraenequipo.com.mx\/con-trastorno-mental-13-por-ciento-de-los-jovenes-del-mundo-unicef\/"},"wordCount":391,"commentCount":0,"publisher":{"@id":"https:\/\/www.sonoraenequipo.com.mx\/#organization"},"image":{"@id":"https:\/\/www.sonoraenequipo.com.mx\/con-trastorno-mental-13-por-ciento-de-los-jovenes-del-mundo-unicef\/#primaryimage"},"thumbnailUrl":"https:\/\/www.sonoraenequipo.com.mx\/storage\/2022\/11\/depresion-en-jovenes.jpg","articleSection":["Ciencia y Tecnolog\u00eda"],"inLanguage":"es","potentialAction":[{"@type":"CommentAction","name":"Comment","target":["https:\/\/www.sonoraenequipo.com.mx\/con-trastorno-mental-13-por-ciento-de-los-jovenes-del-mundo-unicef\/#respond"]}]},{"@type":"WebPage","@id":"https:\/\/www.sonoraenequipo.com.mx\/con-trastorno-mental-13-por-ciento-de-los-jovenes-del-mundo-unicef\/","url":"https:\/\/www.sonoraenequipo.com.mx\/con-trastorno-mental-13-por-ciento-de-los-jovenes-del-mundo-unicef\/","name":"Sonora en Equipo. Con trastorno mental, 13 por ciento de los j\u00f3venes del mundo: Unicef Ciencia y Tecnolog\u00eda","isPartOf":{"@id":"https:\/\/www.sonoraenequipo.com.mx\/#website"},"primaryImageOfPage":{"@id":"https:\/\/www.sonoraenequipo.com.mx\/con-trastorno-mental-13-por-ciento-de-los-jovenes-del-mundo-unicef\/#primaryimage"},"image":{"@id":"https:\/\/www.sonoraenequipo.com.mx\/con-trastorno-mental-13-por-ciento-de-los-jovenes-del-mundo-unicef\/#primaryimage"},"thumbnailUrl":"https:\/\/www.sonoraenequipo.com.mx\/storage\/2022\/11\/depresion-en-jovenes.jpg","datePublished":"2022-11-08T05:45:57+00:00","description":"MONTEVIDEO, URUGUAY.\u2014 La salud mental en adolescentes se convirti\u00f3 en \"un problema de suma importancia y una prioridad\" para el Fondo de las Naciones En Sonora en Equipo publicamos toda la informaci\u00f3n de Sonora, M\u00e9xico y el Mundo de manera oportuna y busca que la libertad de expresi\u00f3n sea real. Visita nuestro medio informativo publicado desde Hermosillo, Sonora. %","breadcrumb":{"@id":"https:\/\/www.sonoraenequipo.com.mx\/con-trastorno-mental-13-por-ciento-de-los-jovenes-del-mundo-unicef\/#breadcrumb"},"inLanguage":"es","potentialAction":[{"@type":"ReadAction","target":["https:\/\/www.sonoraenequipo.com.mx\/con-trastorno-mental-13-por-ciento-de-los-jovenes-del-mundo-unicef\/"]}]},{"@type":"ImageObject","inLanguage":"es","@id":"https:\/\/www.sonoraenequipo.com.mx\/con-trastorno-mental-13-por-ciento-de-los-jovenes-del-mundo-unicef\/#primaryimage","url":"https:\/\/www.sonoraenequipo.com.mx\/storage\/2022\/11\/depresion-en-jovenes.jpg","contentUrl":"https:\/\/www.sonoraenequipo.com.mx\/storage\/2022\/11\/depresion-en-jovenes.jpg","width":900,"height":513},{"@type":"BreadcrumbList","@id":"https:\/\/www.sonoraenequipo.com.mx\/con-trastorno-mental-13-por-ciento-de-los-jovenes-del-mundo-unicef\/#breadcrumb","itemListElement":[{"@type":"ListItem","position":1,"name":"Portada","item":"https:\/\/www.sonoraenequipo.com.mx\/"},{"@type":"ListItem","position":2,"name":"Con trastorno mental, 13 por ciento de los j\u00f3venes del mundo: Unicef"}]},{"@type":"WebSite","@id":"https:\/\/www.sonoraenequipo.com.mx\/#website","url":"https:\/\/www.sonoraenequipo.com.mx\/","name":"Sonora en Equipo.","description":"Diario en l\u00ednea con Noticias desde Hermosillo, Sonora","publisher":{"@id":"https:\/\/www.sonoraenequipo.com.mx\/#organization"},"potentialAction":[{"@type":"SearchAction","target":{"@type":"EntryPoint","urlTemplate":"https:\/\/www.sonoraenequipo.com.mx\/?s={search_term_string}"},"query-input":{"@type":"PropertyValueSpecification","valueRequired":true,"valueName":"search_term_string"}}],"inLanguage":"es"},{"@type":"Organization","@id":"https:\/\/www.sonoraenequipo.com.mx\/#organization","name":"Sonoraenequipo.com.mx","url":"https:\/\/www.sonoraenequipo.com.mx\/","logo":{"@type":"ImageObject","inLanguage":"es","@id":"https:\/\/www.sonoraenequipo.com.mx\/#\/schema\/logo\/image\/","url":"https:\/\/www.sonoraenequipo.com.mx\/storage\/2019\/01\/sonoraenequipo_opt.png","contentUrl":"https:\/\/www.sonoraenequipo.com.mx\/storage\/2019\/01\/sonoraenequipo_opt.png","width":375,"height":125,"caption":"Sonoraenequipo.com.mx"},"image":{"@id":"https:\/\/www.sonoraenequipo.com.mx\/#\/schema\/logo\/image\/"},"sameAs":["https:\/\/www.facebook.com\/SonoraEE\/","https:\/\/x.com\/sonoraenequipo","https:\/\/www.youtube.com\/channel\/UC338nW-lPEYmJQs4ZABQ1SQ"]},{"@type":"Person","@id":"https:\/\/www.sonoraenequipo.com.mx\/#\/schema\/person\/50102df0fb23a8fa9e8effad8fa81386","name":"enequipo","image":{"@type":"ImageObject","inLanguage":"es","@id":"https:\/\/www.sonoraenequipo.com.mx\/#\/schema\/person\/image\/","url":"https:\/\/secure.gravatar.com\/avatar\/049821681b589dabc0bc20695993ccebb09f5b5d4d790cd9251b97faac7c652b?s=96&d=blank&r=g","contentUrl":"https:\/\/secure.gravatar.com\/avatar\/049821681b589dabc0bc20695993ccebb09f5b5d4d790cd9251b97faac7c652b?s=96&d=blank&r=g","caption":"enequipo"},"sameAs":["https:\/\/www.facebook.com\/SonoraEE"]}]}},"jetpack_featured_media_url":"https:\/\/www.sonoraenequipo.com.mx\/storage\/2022\/11\/depresion-en-jovenes.jpg","_links":{"self":[{"href":"https:\/\/www.sonoraenequipo.com.mx\/api\/wp\/v2\/posts\/151386","targetHints":{"allow":["GET"]}}],"collection":[{"href":"https:\/\/www.sonoraenequipo.com.mx\/api\/wp\/v2\/posts"}],"about":[{"href":"https:\/\/www.sonoraenequipo.com.mx\/api\/wp\/v2\/types\/post"}],"author":[{"embeddable":true,"href":"https:\/\/www.sonoraenequipo.com.mx\/api\/wp\/v2\/users\/1"}],"replies":[{"embeddable":true,"href":"https:\/\/www.sonoraenequipo.com.mx\/api\/wp\/v2\/comments?post=151386"}],"version-history":[{"count":1,"href":"https:\/\/www.sonoraenequipo.com.mx\/api\/wp\/v2\/posts\/151386\/revisions"}],"predecessor-version":[{"id":151389,"href":"https:\/\/www.sonoraenequipo.com.mx\/api\/wp\/v2\/posts\/151386\/revisions\/151389"}],"wp:featuredmedia":[{"embeddable":true,"href":"https:\/\/www.sonoraenequipo.com.mx\/api\/wp\/v2\/media\/151388"}],"wp:attachment":[{"href":"https:\/\/www.sonoraenequipo.com.mx\/api\/wp\/v2\/media?parent=151386"}],"wp:term":[{"taxonomy":"category","embeddable":true,"href":"https:\/\/www.sonoraenequipo.com.mx\/api\/wp\/v2\/categories?post=151386"},{"taxonomy":"post_tag","embeddable":true,"href":"https:\/\/www.sonoraenequipo.com.mx\/api\/wp\/v2\/tags?post=151386"}],"curies":[{"name":"wp","href":"https:\/\/api.w.org\/{rel}","templated":true}]}}