{"id":151399,"date":"2022-11-07T22:27:20","date_gmt":"2022-11-08T05:27:20","guid":{"rendered":"https:\/\/www.sonoraenequipo.com.mx\/?p=151399"},"modified":"2022-11-07T22:27:20","modified_gmt":"2022-11-08T05:27:20","slug":"llama-secretario-aaron-grageda-a-estructura-educativa-a-construir-juntos-un-sonora-de-oportunidades-para-los-estudiantes","status":"publish","type":"post","link":"https:\/\/www.sonoraenequipo.com.mx\/llama-secretario-aaron-grageda-a-estructura-educativa-a-construir-juntos-un-sonora-de-oportunidades-para-los-estudiantes\/","title":{"rendered":"Llama secretario Aaron Grageda a estructura educativa a construir juntos un Sonora de oportunidades para los estudiantes"},"content":{"rendered":"<p>&nbsp;<\/p>\n<p>&nbsp;<\/p>\n<p><strong>SAN LUIS R\u00cdO COLORADO, SONORA,MX.<\/strong><strong>\u2500\u2500<\/strong> El Sonora de oportunidades que construye el gobernador Alfonso Durazo, incluye un modelo donde la escuela, como territorio com\u00fan, tiene un valor central para que docentes, madres y padres de familias ampl\u00eden las posibilidades de desarrollo de ni\u00f1as, ni\u00f1os y adolescentes, destac\u00f3 Aar\u00f3n Grageda Bustamante.<\/p>\n<p>&nbsp;<\/p>\n<p>Durante el encuentro regional con la estructura educativa de nivel b\u00e1sico en San Luis R\u00edo Colorado, el secretario de Educaci\u00f3n y Cultura enfatiz\u00f3 que, como resultado de la estrategia implementada por el mandatario estatal, fue posible destinar m\u00e1s de 500 millones de pesos a becas y cerca de 465 millones de pesos para la adquisici\u00f3n de uniformes escolares gratuitos.<\/p>\n<p>&nbsp;<\/p>\n<p>\u00abQueremos que Sonora vuelva a ser semillero de alumnos y deportistas exitosos, teniendo a la educaci\u00f3n como el eje de transformaci\u00f3n para restaurar el tejido social y trabajar por una sociedad m\u00e1s din\u00e1mica\u00bb, abund\u00f3.<\/p>\n<p>&nbsp;<\/p>\n<p>Grageda Bustamante a\u00f1adi\u00f3 que adem\u00e1s de los beneficios ya obtenidos, el Gobierno de Sonora realiza los ajustes necesarios para otorgar nuevamente el seguro escolar y desarrollar proyectos estrat\u00e9gicos como el fortalecimiento de la educaci\u00f3n ambiental, reactivaci\u00f3n de los campeonatos deportivos estatales y entrega de \u00fatiles escolares.<\/p>\n<p>&nbsp;<\/p>\n<p>Mencion\u00f3 que lo anterior se suma a diversas acciones federales de apoyo al sistema educativo como La Escuela Es Nuestra (LEEN) y la Nueva Escuela Mexicana (NEM).<\/p>\n<p>&nbsp;<\/p>\n<p>Ante jefes de sector, supervisores escolares y directivos de planteles de educaci\u00f3n elemental, primaria y secundaria, el funcionario estatal refrend\u00f3 el compromiso de las autoridades educativas y de gobierno de mejorar los procesos administrativos que impactan en su desempe\u00f1o profesional.<\/p>\n<p>&nbsp;<\/p>\n<p>Adem\u00e1s, asegur\u00f3 que continuar\u00e1 el trabajo a ras de suelo, cercano a los colectivos docentes, para escuchar los planteamientos de mejora y atenci\u00f3n de las necesidades de la comunidad escolar en cada una de las regiones de la entidad.<\/p>\n<p>&nbsp;<\/p>\n<p>En representaci\u00f3n de la secretaria de Seguridad P\u00fablica, Mar\u00eda Dolores Del R\u00edo S\u00e1nchez, el coordinador estatal del Centro de Prevenci\u00f3n del Delito y Participaci\u00f3n Ciudadana de la SSP, Francisco Javier Zavala Segura, habl\u00f3 del inter\u00e9s de la dependencia de trabajar en equipo con la estructura educativa.<\/p>\n<p>&nbsp;<\/p>\n<p>Alent\u00f3 a los participantes a conjuntar esfuerzos para garantizar entornos preventivos y seguros al interior y exterior de los planteles escolares, mediante una coordinaci\u00f3n interinstitucional, ya que se requiere la participaci\u00f3n ciudadana, como la que representan los padres de familia.<\/p>\n<p>&nbsp;<\/p>\n<p>En el evento tambi\u00e9n intervino el alcalde de San Luis R\u00edo Colorado, Santos Gonz\u00e1lez Yescas, quien agradeci\u00f3 al acercamiento de las autoridades estatales, adem\u00e1s se refrendar la disposici\u00f3n del ayuntamiento a su cargo para acercar beneficios a las escuelas de la regi\u00f3n.<\/p>\n<p><strong><u>Fecha de publicaci\u00f3n\u00a0 lunes 7 de noviembre de 2022<\/u><\/strong><\/p>\n<p>&nbsp;<\/p>\n","protected":false},"excerpt":{"rendered":"<p>&nbsp; &nbsp; SAN LUIS R\u00cdO COLORADO, SONORA,MX.\u2500\u2500 El Sonora de oportunidades que construye el gobernador&#8230;<\/p>\n","protected":false},"author":1,"featured_media":151400,"comment_status":"open","ping_status":"open","sticky":false,"template":"","format":"standard","meta":{"_monsterinsights_skip_tracking":false,"_monsterinsights_sitenote_active":false,"_monsterinsights_sitenote_note":"","_monsterinsights_sitenote_category":0,"footnotes":""},"categories":[22],"tags":[47,170,15],"class_list":["post"],"yoast_head":" \n<title>Sonora en Equipo. Llama secretario Aaron Grageda a estructura educativa a construir juntos un Sonora de oportunidades para los estudiantes Sonora<\/title>\n<meta name=\"description\" content=\"&nbsp; &nbsp; SAN LUIS R\u00cdO COLORADO, SONORA,MX.\u2500\u2500 El Sonora de oportunidades que construye el gobernador Alfonso Durazo, incluye un modelo donde la En Sonora en Equipo publicamos toda la informaci\u00f3n de Sonora, M\u00e9xico y el Mundo de manera oportuna y busca que la libertad de expresi\u00f3n sea real. Visita nuestro medio informativo publicado desde Hermosillo, Sonora. %\" \/>\n<meta name=\"robots\" content=\"index, follow, max-snippet:-1, max-image-preview:large, max-video-preview:-1\" \/>\n<link rel=\"canonical\" href=\"https:\/\/www.sonoraenequipo.com.mx\/llama-secretario-aaron-grageda-a-estructura-educativa-a-construir-juntos-un-sonora-de-oportunidades-para-los-estudiantes\/\" \/>\n<meta property=\"og:locale\" content=\"es_ES\" \/>\n<meta property=\"og:type\" content=\"article\" \/>\n<meta property=\"og:title\" content=\"Sonora en Equipo. Llama secretario Aaron Grageda a estructura educativa a construir juntos un Sonora de oportunidades para los estudiantes Sonora\" \/>\n<meta property=\"og:description\" content=\"&nbsp; &nbsp; SAN LUIS R\u00cdO COLORADO, SONORA,MX.\u2500\u2500 El Sonora de oportunidades que construye el gobernador Alfonso Durazo, incluye un modelo donde la En Sonora en Equipo publicamos toda la informaci\u00f3n de Sonora, M\u00e9xico y el Mundo de manera oportuna y busca que la libertad de expresi\u00f3n sea real. Visita nuestro medio informativo publicado desde Hermosillo, Sonora. %\" \/>\n<meta property=\"og:url\" content=\"https:\/\/www.sonoraenequipo.com.mx\/llama-secretario-aaron-grageda-a-estructura-educativa-a-construir-juntos-un-sonora-de-oportunidades-para-los-estudiantes\/\" \/>\n<meta property=\"og:site_name\" content=\"Sonora en Equipo.\" \/>\n<meta property=\"article:publisher\" content=\"https:\/\/www.facebook.com\/SonoraEE\/\" \/>\n<meta property=\"article:author\" content=\"https:\/\/www.facebook.com\/SonoraEE\" \/>\n<meta property=\"article:published_time\" content=\"2022-11-08T05:27:20+00:00\" \/>\n<meta property=\"og:image\" content=\"https:\/\/www.sonoraenequipo.com.mx\/storage\/2022\/11\/secslrc.jpg\" \/>\n\t<meta property=\"og:image:width\" content=\"800\" \/>\n\t<meta property=\"og:image:height\" content=\"563\" \/>\n\t<meta property=\"og:image:type\" content=\"image\/jpeg\" \/>\n<meta name=\"author\" content=\"enequipo\" \/>\n<meta name=\"twitter:card\" content=\"summary_large_image\" \/>\n<meta name=\"twitter:creator\" content=\"@sonoraenequipo\" \/>\n<meta name=\"twitter:site\" content=\"@sonoraenequipo\" \/>\n<meta name=\"twitter:label1\" content=\"Escrito por\" \/>\n\t<meta name=\"twitter:data1\" content=\"enequipo\" \/>\n\t<meta name=\"twitter:label2\" content=\"Tiempo de lectura\" \/>\n\t<meta name=\"twitter:data2\" content=\"2 minutos\" \/>\n<script type=\"application\/ld+json\" class=\"yoast-schema-graph\">{\"@context\":\"https:\/\/schema.org\",\"@graph\":[{\"@type\":\"Article\",\"@id\":\"https:\/\/www.sonoraenequipo.com.mx\/llama-secretario-aaron-grageda-a-estructura-educativa-a-construir-juntos-un-sonora-de-oportunidades-para-los-estudiantes\/#article\",\"isPartOf\":{\"@id\":\"https:\/\/www.sonoraenequipo.com.mx\/llama-secretario-aaron-grageda-a-estructura-educativa-a-construir-juntos-un-sonora-de-oportunidades-para-los-estudiantes\/\"},\"author\":{\"name\":\"enequipo\",\"@id\":\"https:\/\/www.sonoraenequipo.com.mx\/#\/schema\/person\/50102df0fb23a8fa9e8effad8fa81386\"},\"headline\":\"Llama secretario Aaron Grageda a estructura educativa a construir juntos un Sonora de oportunidades para los estudiantes\",\"datePublished\":\"2022-11-08T05:27:20+00:00\",\"mainEntityOfPage\":{\"@id\":\"https:\/\/www.sonoraenequipo.com.mx\/llama-secretario-aaron-grageda-a-estructura-educativa-a-construir-juntos-un-sonora-de-oportunidades-para-los-estudiantes\/\"},\"wordCount\":499,\"commentCount\":0,\"publisher\":{\"@id\":\"https:\/\/www.sonoraenequipo.com.mx\/#organization\"},\"image\":{\"@id\":\"https:\/\/www.sonoraenequipo.com.mx\/llama-secretario-aaron-grageda-a-estructura-educativa-a-construir-juntos-un-sonora-de-oportunidades-para-los-estudiantes\/#primaryimage\"},\"thumbnailUrl\":\"https:\/\/www.sonoraenequipo.com.mx\/storage\/2022\/11\/secslrc.jpg\",\"keywords\":[\"educaci\u00f3n\",\"Seguridad\",\"Sonora\"],\"articleSection\":[\"Sonora\"],\"inLanguage\":\"es\",\"potentialAction\":[{\"@type\":\"CommentAction\",\"name\":\"Comment\",\"target\":[\"https:\/\/www.sonoraenequipo.com.mx\/llama-secretario-aaron-grageda-a-estructura-educativa-a-construir-juntos-un-sonora-de-oportunidades-para-los-estudiantes\/#respond\"]}]},{\"@type\":\"WebPage\",\"@id\":\"https:\/\/www.sonoraenequipo.com.mx\/llama-secretario-aaron-grageda-a-estructura-educativa-a-construir-juntos-un-sonora-de-oportunidades-para-los-estudiantes\/\",\"url\":\"https:\/\/www.sonoraenequipo.com.mx\/llama-secretario-aaron-grageda-a-estructura-educativa-a-construir-juntos-un-sonora-de-oportunidades-para-los-estudiantes\/\",\"name\":\"Sonora en Equipo. Llama secretario Aaron Grageda a estructura educativa a construir juntos un Sonora de oportunidades para los estudiantes Sonora\",\"isPartOf\":{\"@id\":\"https:\/\/www.sonoraenequipo.com.mx\/#website\"},\"primaryImageOfPage\":{\"@id\":\"https:\/\/www.sonoraenequipo.com.mx\/llama-secretario-aaron-grageda-a-estructura-educativa-a-construir-juntos-un-sonora-de-oportunidades-para-los-estudiantes\/#primaryimage\"},\"image\":{\"@id\":\"https:\/\/www.sonoraenequipo.com.mx\/llama-secretario-aaron-grageda-a-estructura-educativa-a-construir-juntos-un-sonora-de-oportunidades-para-los-estudiantes\/#primaryimage\"},\"thumbnailUrl\":\"https:\/\/www.sonoraenequipo.com.mx\/storage\/2022\/11\/secslrc.jpg\",\"datePublished\":\"2022-11-08T05:27:20+00:00\",\"description\":\"&nbsp; &nbsp; SAN LUIS R\u00cdO COLORADO, SONORA,MX.\u2500\u2500 El Sonora de oportunidades que construye el gobernador Alfonso Durazo, incluye un modelo donde la En Sonora en Equipo publicamos toda la informaci\u00f3n de Sonora, M\u00e9xico y el Mundo de manera oportuna y busca que la libertad de expresi\u00f3n sea real. Visita nuestro medio informativo publicado desde Hermosillo, Sonora. %\",\"breadcrumb\":{\"@id\":\"https:\/\/www.sonoraenequipo.com.mx\/llama-secretario-aaron-grageda-a-estructura-educativa-a-construir-juntos-un-sonora-de-oportunidades-para-los-estudiantes\/#breadcrumb\"},\"inLanguage\":\"es\",\"potentialAction\":[{\"@type\":\"ReadAction\",\"target\":[\"https:\/\/www.sonoraenequipo.com.mx\/llama-secretario-aaron-grageda-a-estructura-educativa-a-construir-juntos-un-sonora-de-oportunidades-para-los-estudiantes\/\"]}]},{\"@type\":\"ImageObject\",\"inLanguage\":\"es\",\"@id\":\"https:\/\/www.sonoraenequipo.com.mx\/llama-secretario-aaron-grageda-a-estructura-educativa-a-construir-juntos-un-sonora-de-oportunidades-para-los-estudiantes\/#primaryimage\",\"url\":\"https:\/\/www.sonoraenequipo.com.mx\/storage\/2022\/11\/secslrc.jpg\",\"contentUrl\":\"https:\/\/www.sonoraenequipo.com.mx\/storage\/2022\/11\/secslrc.jpg\",\"width\":800,\"height\":563},{\"@type\":\"BreadcrumbList\",\"@id\":\"https:\/\/www.sonoraenequipo.com.mx\/llama-secretario-aaron-grageda-a-estructura-educativa-a-construir-juntos-un-sonora-de-oportunidades-para-los-estudiantes\/#breadcrumb\",\"itemListElement\":[{\"@type\":\"ListItem\",\"position\":1,\"name\":\"Portada\",\"item\":\"https:\/\/www.sonoraenequipo.com.mx\/\"},{\"@type\":\"ListItem\",\"position\":2,\"name\":\"Llama secretario Aaron Grageda a estructura educativa a construir juntos un Sonora de oportunidades para los estudiantes\"}]},{\"@type\":\"WebSite\",\"@id\":\"https:\/\/www.sonoraenequipo.com.mx\/#website\",\"url\":\"https:\/\/www.sonoraenequipo.com.mx\/\",\"name\":\"Sonora en Equipo.\",\"description\":\"Diario en l\u00ednea con Noticias desde Hermosillo, Sonora\",\"publisher\":{\"@id\":\"https:\/\/www.sonoraenequipo.com.mx\/#organization\"},\"potentialAction\":[{\"@type\":\"SearchAction\",\"target\":{\"@type\":\"EntryPoint\",\"urlTemplate\":\"https:\/\/www.sonoraenequipo.com.mx\/?s={search_term_string}\"},\"query-input\":{\"@type\":\"PropertyValueSpecification\",\"valueRequired\":true,\"valueName\":\"search_term_string\"}}],\"inLanguage\":\"es\"},{\"@type\":\"Organization\",\"@id\":\"https:\/\/www.sonoraenequipo.com.mx\/#organization\",\"name\":\"Sonoraenequipo.com.mx\",\"url\":\"https:\/\/www.sonoraenequipo.com.mx\/\",\"logo\":{\"@type\":\"ImageObject\",\"inLanguage\":\"es\",\"@id\":\"https:\/\/www.sonoraenequipo.com.mx\/#\/schema\/logo\/image\/\",\"url\":\"https:\/\/www.sonoraenequipo.com.mx\/storage\/2019\/01\/sonoraenequipo_opt.png\",\"contentUrl\":\"https:\/\/www.sonoraenequipo.com.mx\/storage\/2019\/01\/sonoraenequipo_opt.png\",\"width\":375,\"height\":125,\"caption\":\"Sonoraenequipo.com.mx\"},\"image\":{\"@id\":\"https:\/\/www.sonoraenequipo.com.mx\/#\/schema\/logo\/image\/\"},\"sameAs\":[\"https:\/\/www.facebook.com\/SonoraEE\/\",\"https:\/\/x.com\/sonoraenequipo\",\"https:\/\/www.youtube.com\/channel\/UC338nW-lPEYmJQs4ZABQ1SQ\"]},{\"@type\":\"Person\",\"@id\":\"https:\/\/www.sonoraenequipo.com.mx\/#\/schema\/person\/50102df0fb23a8fa9e8effad8fa81386\",\"name\":\"enequipo\",\"image\":{\"@type\":\"ImageObject\",\"inLanguage\":\"es\",\"@id\":\"https:\/\/www.sonoraenequipo.com.mx\/#\/schema\/person\/image\/\",\"url\":\"https:\/\/secure.gravatar.com\/avatar\/049821681b589dabc0bc20695993ccebb09f5b5d4d790cd9251b97faac7c652b?s=96&d=blank&r=g\",\"contentUrl\":\"https:\/\/secure.gravatar.com\/avatar\/049821681b589dabc0bc20695993ccebb09f5b5d4d790cd9251b97faac7c652b?s=96&d=blank&r=g\",\"caption\":\"enequipo\"},\"sameAs\":[\"https:\/\/www.facebook.com\/SonoraEE\"]}]}<\/script>\n ","yoast_head_json":{"title":"Sonora en Equipo. Llama secretario Aaron Grageda a estructura educativa a construir juntos un Sonora de oportunidades para los estudiantes Sonora","description":"&nbsp; &nbsp; SAN LUIS R\u00cdO COLORADO, SONORA,MX.\u2500\u2500 El Sonora de oportunidades que construye el gobernador Alfonso Durazo, incluye un modelo donde la En Sonora en Equipo publicamos toda la informaci\u00f3n de Sonora, M\u00e9xico y el Mundo de manera oportuna y busca que la libertad de expresi\u00f3n sea real. Visita nuestro medio informativo publicado desde Hermosillo, Sonora. %","robots":{"index":"index","follow":"follow","max-snippet":"max-snippet:-1","max-image-preview":"max-image-preview:large","max-video-preview":"max-video-preview:-1"},"canonical":"https:\/\/www.sonoraenequipo.com.mx\/llama-secretario-aaron-grageda-a-estructura-educativa-a-construir-juntos-un-sonora-de-oportunidades-para-los-estudiantes\/","og_locale":"es_ES","og_type":"article","og_title":"Sonora en Equipo. Llama secretario Aaron Grageda a estructura educativa a construir juntos un Sonora de oportunidades para los estudiantes Sonora","og_description":"&nbsp; &nbsp; SAN LUIS R\u00cdO COLORADO, SONORA,MX.\u2500\u2500 El Sonora de oportunidades que construye el gobernador Alfonso Durazo, incluye un modelo donde la En Sonora en Equipo publicamos toda la informaci\u00f3n de Sonora, M\u00e9xico y el Mundo de manera oportuna y busca que la libertad de expresi\u00f3n sea real. Visita nuestro medio informativo publicado desde Hermosillo, Sonora. %","og_url":"https:\/\/www.sonoraenequipo.com.mx\/llama-secretario-aaron-grageda-a-estructura-educativa-a-construir-juntos-un-sonora-de-oportunidades-para-los-estudiantes\/","og_site_name":"Sonora en Equipo.","article_publisher":"https:\/\/www.facebook.com\/SonoraEE\/","article_author":"https:\/\/www.facebook.com\/SonoraEE","article_published_time":"2022-11-08T05:27:20+00:00","og_image":[{"width":800,"height":563,"url":"https:\/\/www.sonoraenequipo.com.mx\/storage\/2022\/11\/secslrc.jpg","type":"image\/jpeg"}],"author":"enequipo","twitter_card":"summary_large_image","twitter_creator":"@sonoraenequipo","twitter_site":"@sonoraenequipo","twitter_misc":{"Escrito por":"enequipo","Tiempo de lectura":"2 minutos"},"schema":{"@context":"https:\/\/schema.org","@graph":[{"@type":"Article","@id":"https:\/\/www.sonoraenequipo.com.mx\/llama-secretario-aaron-grageda-a-estructura-educativa-a-construir-juntos-un-sonora-de-oportunidades-para-los-estudiantes\/#article","isPartOf":{"@id":"https:\/\/www.sonoraenequipo.com.mx\/llama-secretario-aaron-grageda-a-estructura-educativa-a-construir-juntos-un-sonora-de-oportunidades-para-los-estudiantes\/"},"author":{"name":"enequipo","@id":"https:\/\/www.sonoraenequipo.com.mx\/#\/schema\/person\/50102df0fb23a8fa9e8effad8fa81386"},"headline":"Llama secretario Aaron Grageda a estructura educativa a construir juntos un Sonora de oportunidades para los estudiantes","datePublished":"2022-11-08T05:27:20+00:00","mainEntityOfPage":{"@id":"https:\/\/www.sonoraenequipo.com.mx\/llama-secretario-aaron-grageda-a-estructura-educativa-a-construir-juntos-un-sonora-de-oportunidades-para-los-estudiantes\/"},"wordCount":499,"commentCount":0,"publisher":{"@id":"https:\/\/www.sonoraenequipo.com.mx\/#organization"},"image":{"@id":"https:\/\/www.sonoraenequipo.com.mx\/llama-secretario-aaron-grageda-a-estructura-educativa-a-construir-juntos-un-sonora-de-oportunidades-para-los-estudiantes\/#primaryimage"},"thumbnailUrl":"https:\/\/www.sonoraenequipo.com.mx\/storage\/2022\/11\/secslrc.jpg","keywords":["educaci\u00f3n","Seguridad","Sonora"],"articleSection":["Sonora"],"inLanguage":"es","potentialAction":[{"@type":"CommentAction","name":"Comment","target":["https:\/\/www.sonoraenequipo.com.mx\/llama-secretario-aaron-grageda-a-estructura-educativa-a-construir-juntos-un-sonora-de-oportunidades-para-los-estudiantes\/#respond"]}]},{"@type":"WebPage","@id":"https:\/\/www.sonoraenequipo.com.mx\/llama-secretario-aaron-grageda-a-estructura-educativa-a-construir-juntos-un-sonora-de-oportunidades-para-los-estudiantes\/","url":"https:\/\/www.sonoraenequipo.com.mx\/llama-secretario-aaron-grageda-a-estructura-educativa-a-construir-juntos-un-sonora-de-oportunidades-para-los-estudiantes\/","name":"Sonora en Equipo. Llama secretario Aaron Grageda a estructura educativa a construir juntos un Sonora de oportunidades para los estudiantes Sonora","isPartOf":{"@id":"https:\/\/www.sonoraenequipo.com.mx\/#website"},"primaryImageOfPage":{"@id":"https:\/\/www.sonoraenequipo.com.mx\/llama-secretario-aaron-grageda-a-estructura-educativa-a-construir-juntos-un-sonora-de-oportunidades-para-los-estudiantes\/#primaryimage"},"image":{"@id":"https:\/\/www.sonoraenequipo.com.mx\/llama-secretario-aaron-grageda-a-estructura-educativa-a-construir-juntos-un-sonora-de-oportunidades-para-los-estudiantes\/#primaryimage"},"thumbnailUrl":"https:\/\/www.sonoraenequipo.com.mx\/storage\/2022\/11\/secslrc.jpg","datePublished":"2022-11-08T05:27:20+00:00","description":"&nbsp; &nbsp; SAN LUIS R\u00cdO COLORADO, SONORA,MX.\u2500\u2500 El Sonora de oportunidades que construye el gobernador Alfonso Durazo, incluye un modelo donde la En Sonora en Equipo publicamos toda la informaci\u00f3n de Sonora, M\u00e9xico y el Mundo de manera oportuna y busca que la libertad de expresi\u00f3n sea real. Visita nuestro medio informativo publicado desde Hermosillo, Sonora. %","breadcrumb":{"@id":"https:\/\/www.sonoraenequipo.com.mx\/llama-secretario-aaron-grageda-a-estructura-educativa-a-construir-juntos-un-sonora-de-oportunidades-para-los-estudiantes\/#breadcrumb"},"inLanguage":"es","potentialAction":[{"@type":"ReadAction","target":["https:\/\/www.sonoraenequipo.com.mx\/llama-secretario-aaron-grageda-a-estructura-educativa-a-construir-juntos-un-sonora-de-oportunidades-para-los-estudiantes\/"]}]},{"@type":"ImageObject","inLanguage":"es","@id":"https:\/\/www.sonoraenequipo.com.mx\/llama-secretario-aaron-grageda-a-estructura-educativa-a-construir-juntos-un-sonora-de-oportunidades-para-los-estudiantes\/#primaryimage","url":"https:\/\/www.sonoraenequipo.com.mx\/storage\/2022\/11\/secslrc.jpg","contentUrl":"https:\/\/www.sonoraenequipo.com.mx\/storage\/2022\/11\/secslrc.jpg","width":800,"height":563},{"@type":"BreadcrumbList","@id":"https:\/\/www.sonoraenequipo.com.mx\/llama-secretario-aaron-grageda-a-estructura-educativa-a-construir-juntos-un-sonora-de-oportunidades-para-los-estudiantes\/#breadcrumb","itemListElement":[{"@type":"ListItem","position":1,"name":"Portada","item":"https:\/\/www.sonoraenequipo.com.mx\/"},{"@type":"ListItem","position":2,"name":"Llama secretario Aaron Grageda a estructura educativa a construir juntos un Sonora de oportunidades para los estudiantes"}]},{"@type":"WebSite","@id":"https:\/\/www.sonoraenequipo.com.mx\/#website","url":"https:\/\/www.sonoraenequipo.com.mx\/","name":"Sonora en Equipo.","description":"Diario en l\u00ednea con Noticias desde Hermosillo, Sonora","publisher":{"@id":"https:\/\/www.sonoraenequipo.com.mx\/#organization"},"potentialAction":[{"@type":"SearchAction","target":{"@type":"EntryPoint","urlTemplate":"https:\/\/www.sonoraenequipo.com.mx\/?s={search_term_string}"},"query-input":{"@type":"PropertyValueSpecification","valueRequired":true,"valueName":"search_term_string"}}],"inLanguage":"es"},{"@type":"Organization","@id":"https:\/\/www.sonoraenequipo.com.mx\/#organization","name":"Sonoraenequipo.com.mx","url":"https:\/\/www.sonoraenequipo.com.mx\/","logo":{"@type":"ImageObject","inLanguage":"es","@id":"https:\/\/www.sonoraenequipo.com.mx\/#\/schema\/logo\/image\/","url":"https:\/\/www.sonoraenequipo.com.mx\/storage\/2019\/01\/sonoraenequipo_opt.png","contentUrl":"https:\/\/www.sonoraenequipo.com.mx\/storage\/2019\/01\/sonoraenequipo_opt.png","width":375,"height":125,"caption":"Sonoraenequipo.com.mx"},"image":{"@id":"https:\/\/www.sonoraenequipo.com.mx\/#\/schema\/logo\/image\/"},"sameAs":["https:\/\/www.facebook.com\/SonoraEE\/","https:\/\/x.com\/sonoraenequipo","https:\/\/www.youtube.com\/channel\/UC338nW-lPEYmJQs4ZABQ1SQ"]},{"@type":"Person","@id":"https:\/\/www.sonoraenequipo.com.mx\/#\/schema\/person\/50102df0fb23a8fa9e8effad8fa81386","name":"enequipo","image":{"@type":"ImageObject","inLanguage":"es","@id":"https:\/\/www.sonoraenequipo.com.mx\/#\/schema\/person\/image\/","url":"https:\/\/secure.gravatar.com\/avatar\/049821681b589dabc0bc20695993ccebb09f5b5d4d790cd9251b97faac7c652b?s=96&d=blank&r=g","contentUrl":"https:\/\/secure.gravatar.com\/avatar\/049821681b589dabc0bc20695993ccebb09f5b5d4d790cd9251b97faac7c652b?s=96&d=blank&r=g","caption":"enequipo"},"sameAs":["https:\/\/www.facebook.com\/SonoraEE"]}]}},"jetpack_featured_media_url":"https:\/\/www.sonoraenequipo.com.mx\/storage\/2022\/11\/secslrc.jpg","_links":{"self":[{"href":"https:\/\/www.sonoraenequipo.com.mx\/api\/wp\/v2\/posts\/151399","targetHints":{"allow":["GET"]}}],"collection":[{"href":"https:\/\/www.sonoraenequipo.com.mx\/api\/wp\/v2\/posts"}],"about":[{"href":"https:\/\/www.sonoraenequipo.com.mx\/api\/wp\/v2\/types\/post"}],"author":[{"embeddable":true,"href":"https:\/\/www.sonoraenequipo.com.mx\/api\/wp\/v2\/users\/1"}],"replies":[{"embeddable":true,"href":"https:\/\/www.sonoraenequipo.com.mx\/api\/wp\/v2\/comments?post=151399"}],"version-history":[{"count":1,"href":"https:\/\/www.sonoraenequipo.com.mx\/api\/wp\/v2\/posts\/151399\/revisions"}],"predecessor-version":[{"id":151401,"href":"https:\/\/www.sonoraenequipo.com.mx\/api\/wp\/v2\/posts\/151399\/revisions\/151401"}],"wp:featuredmedia":[{"embeddable":true,"href":"https:\/\/www.sonoraenequipo.com.mx\/api\/wp\/v2\/media\/151400"}],"wp:attachment":[{"href":"https:\/\/www.sonoraenequipo.com.mx\/api\/wp\/v2\/media?parent=151399"}],"wp:term":[{"taxonomy":"category","embeddable":true,"href":"https:\/\/www.sonoraenequipo.com.mx\/api\/wp\/v2\/categories?post=151399"},{"taxonomy":"post_tag","embeddable":true,"href":"https:\/\/www.sonoraenequipo.com.mx\/api\/wp\/v2\/tags?post=151399"}],"curies":[{"name":"wp","href":"https:\/\/api.w.org\/{rel}","templated":true}]}}