{"id":151402,"date":"2022-11-07T22:38:47","date_gmt":"2022-11-08T05:38:47","guid":{"rendered":"https:\/\/www.sonoraenequipo.com.mx\/?p=151402"},"modified":"2022-11-07T22:38:47","modified_gmt":"2022-11-08T05:38:47","slug":"lleva-sedesson-programas-sociales-a-comunidades-del-sur-del-estado","status":"publish","type":"post","link":"https:\/\/www.sonoraenequipo.com.mx\/lleva-sedesson-programas-sociales-a-comunidades-del-sur-del-estado\/","title":{"rendered":"Lleva Sedesson programas sociales a comunidades del sur del estado"},"content":{"rendered":"<p><strong>HERMOSILLO, SONORA,MX.<\/strong><strong>\u2500\u2500<\/strong> A trav\u00e9s de una labor interinstitucional de coordinaci\u00f3n entre diversos \u00f3rganos de los tres \u00f3rdenes de gobierno, la Secretar\u00eda de Desarrollo Social en Sonora (Sedesson) llev\u00f3 a cabo una intensa gira de trabajo por cinco localidades de Huatabampo y \u00c1lamos, donde llegaron los programas Las Jefas Autogestoras de la Transformaci\u00f3n Social, Habitaci\u00f3n Propia, Barrio Vivo, adem\u00e1s de la Jornada para el Bienestar y Justicia Social.<\/p>\n<p>&nbsp;<\/p>\n<p>Wendy Brice\u00f1o Zuloaga, titular de Sedesson, inici\u00f3 la jornada de trabajo en la localidad de Sirebampo, municipio de Huatabampo, donde dialog\u00f3 con m\u00e1s de 20 mujeres de la comunidad sobre las posibilidades del programa Las Jefas Autogestoras de la Transformaci\u00f3n Social y otras iniciativas del Gobierno de Sonora.<\/p>\n<p>&nbsp;<\/p>\n<p>En las localidades de La Providencia y Los Chinos, en \u00c1lamos, la funcionaria entreg\u00f3 obras concluidas de infraestructura hidr\u00e1ulica como parte del programa Barrio Vivo, con lo que se benefici\u00f3 a 200 habitantes. Adem\u00e1s, atestigu\u00f3 el arranque de siete trabajos de edificaci\u00f3n, dentro de un total de veinticinco proyectos del programa Habitaci\u00f3n Propia.<\/p>\n<p>&nbsp;<\/p>\n<p>En este municipio, en el que 600 familias forman parte del padr\u00f3n de programas sociales, la Secretar\u00eda de Desarrollo Social en Sonora aplic\u00f3 48 acciones de vivienda en localidades como Basiroa, Los Estrados, Guarajay, la cabecera municipal, as\u00ed como ampliaci\u00f3n de la red de distribuci\u00f3n de agua potable.<\/p>\n<p>&nbsp;<\/p>\n<p>A\u00f1adi\u00f3 que la instrucci\u00f3n del gobernador Alfonso Durazo Monta\u00f1o es llegar a quienes menos tienen y atender a las personas que, durante mucho tiempo, hab\u00edan padecido de una marginaci\u00f3n sistem\u00e1tica. As\u00ed mismo, resalt\u00f3 las labores que se est\u00e1n llevando a cabo como parte del Plan de Justicia del Pueblo Mayo, que coordina la Sedesson junto al Instituto Nacional de los Pueblos Ind\u00edgenas (INPI).<\/p>\n<p>&nbsp;<\/p>\n<p>\u201cCon labores como estas, el Gobierno de Sonora, por conducto de la Sedesson, acorta la brecha de la desigualdad entre las personas que habitan en la entidad, procurando que la justicia social llegue a todas y todos, principalmente a quienes m\u00e1s lo necesitan\u201d, indic\u00f3.<\/p>\n<p>&nbsp;<\/p>\n<p>Con la presencia de m\u00e1s de 70 personas servidoras p\u00fablicas, en la comunidad de Loma de Etchoropo, municipio de Huatabampo, se prestaron a 624 personas m\u00e1s de tres mil 304 servicios de salud, Registro Civil, vivienda, entre otros, a trav\u00e9s de la Jornada para el Bienestar y Justicia Social.<\/p>\n<p>&nbsp;<\/p>\n<p>Finalmente, la secretaria entreg\u00f3 50 acciones de vivienda en favor de las familias m\u00e1s vulnerables de Huatabampo, donde 800 familias est\u00e1n inscritas en los padrones de los diversos programas sociales.<\/p>\n<p><strong><u>Fecha de publicaci\u00f3n\u00a0 lunes 7 de noviembre de 2022<\/u><\/strong><\/p>\n<p>&nbsp;<\/p>\n","protected":false},"excerpt":{"rendered":"<p>HERMOSILLO, SONORA,MX.\u2500\u2500 A trav\u00e9s de una labor interinstitucional de coordinaci\u00f3n entre diversos \u00f3rganos de los&#8230;<\/p>\n","protected":false},"author":1,"featured_media":151403,"comment_status":"open","ping_status":"open","sticky":false,"template":"","format":"standard","meta":{"_monsterinsights_skip_tracking":false,"_monsterinsights_sitenote_active":false,"_monsterinsights_sitenote_note":"","_monsterinsights_sitenote_category":0,"footnotes":""},"categories":[22],"tags":[2124,15,5524],"class_list":["post"],"yoast_head":" \n<title>Sonora en Equipo. Lleva Sedesson programas sociales a comunidades del sur del estado Sonora<\/title>\n<meta name=\"description\" content=\"HERMOSILLO, SONORA,MX.\u2500\u2500 A trav\u00e9s de una labor interinstitucional de coordinaci\u00f3n entre diversos \u00f3rganos de los tres \u00f3rdenes de gobierno, la Secretar\u00eda de En Sonora en Equipo publicamos toda la informaci\u00f3n de Sonora, M\u00e9xico y el Mundo de manera oportuna y busca que la libertad de expresi\u00f3n sea real. Visita nuestro medio informativo publicado desde Hermosillo, Sonora. %\" \/>\n<meta name=\"robots\" content=\"index, follow, max-snippet:-1, max-image-preview:large, max-video-preview:-1\" \/>\n<link rel=\"canonical\" href=\"https:\/\/www.sonoraenequipo.com.mx\/lleva-sedesson-programas-sociales-a-comunidades-del-sur-del-estado\/\" \/>\n<meta property=\"og:locale\" content=\"es_ES\" \/>\n<meta property=\"og:type\" content=\"article\" \/>\n<meta property=\"og:title\" content=\"Sonora en Equipo. Lleva Sedesson programas sociales a comunidades del sur del estado Sonora\" \/>\n<meta property=\"og:description\" content=\"HERMOSILLO, SONORA,MX.\u2500\u2500 A trav\u00e9s de una labor interinstitucional de coordinaci\u00f3n entre diversos \u00f3rganos de los tres \u00f3rdenes de gobierno, la Secretar\u00eda de En Sonora en Equipo publicamos toda la informaci\u00f3n de Sonora, M\u00e9xico y el Mundo de manera oportuna y busca que la libertad de expresi\u00f3n sea real. Visita nuestro medio informativo publicado desde Hermosillo, Sonora. %\" \/>\n<meta property=\"og:url\" content=\"https:\/\/www.sonoraenequipo.com.mx\/lleva-sedesson-programas-sociales-a-comunidades-del-sur-del-estado\/\" \/>\n<meta property=\"og:site_name\" content=\"Sonora en Equipo.\" \/>\n<meta property=\"article:publisher\" content=\"https:\/\/www.facebook.com\/SonoraEE\/\" \/>\n<meta property=\"article:author\" content=\"https:\/\/www.facebook.com\/SonoraEE\" \/>\n<meta property=\"article:published_time\" content=\"2022-11-08T05:38:47+00:00\" \/>\n<meta property=\"og:image\" content=\"https:\/\/www.sonoraenequipo.com.mx\/storage\/2022\/11\/sedesson-sur-edo.jpg\" \/>\n\t<meta property=\"og:image:width\" content=\"800\" \/>\n\t<meta property=\"og:image:height\" content=\"533\" \/>\n\t<meta property=\"og:image:type\" content=\"image\/jpeg\" \/>\n<meta name=\"author\" content=\"enequipo\" \/>\n<meta name=\"twitter:card\" content=\"summary_large_image\" \/>\n<meta name=\"twitter:creator\" content=\"@sonoraenequipo\" \/>\n<meta name=\"twitter:site\" content=\"@sonoraenequipo\" \/>\n<meta name=\"twitter:label1\" content=\"Escrito por\" \/>\n\t<meta name=\"twitter:data1\" content=\"enequipo\" \/>\n\t<meta name=\"twitter:label2\" content=\"Tiempo de lectura\" \/>\n\t<meta name=\"twitter:data2\" content=\"2 minutos\" \/>\n<script type=\"application\/ld+json\" class=\"yoast-schema-graph\">{\"@context\":\"https:\/\/schema.org\",\"@graph\":[{\"@type\":\"Article\",\"@id\":\"https:\/\/www.sonoraenequipo.com.mx\/lleva-sedesson-programas-sociales-a-comunidades-del-sur-del-estado\/#article\",\"isPartOf\":{\"@id\":\"https:\/\/www.sonoraenequipo.com.mx\/lleva-sedesson-programas-sociales-a-comunidades-del-sur-del-estado\/\"},\"author\":{\"name\":\"enequipo\",\"@id\":\"https:\/\/www.sonoraenequipo.com.mx\/#\/schema\/person\/50102df0fb23a8fa9e8effad8fa81386\"},\"headline\":\"Lleva Sedesson programas sociales a comunidades del sur del estado\",\"datePublished\":\"2022-11-08T05:38:47+00:00\",\"mainEntityOfPage\":{\"@id\":\"https:\/\/www.sonoraenequipo.com.mx\/lleva-sedesson-programas-sociales-a-comunidades-del-sur-del-estado\/\"},\"wordCount\":452,\"commentCount\":0,\"publisher\":{\"@id\":\"https:\/\/www.sonoraenequipo.com.mx\/#organization\"},\"image\":{\"@id\":\"https:\/\/www.sonoraenequipo.com.mx\/lleva-sedesson-programas-sociales-a-comunidades-del-sur-del-estado\/#primaryimage\"},\"thumbnailUrl\":\"https:\/\/www.sonoraenequipo.com.mx\/storage\/2022\/11\/sedesson-sur-edo.jpg\",\"keywords\":[\"Sedesson\",\"Sonora\",\"sur\"],\"articleSection\":[\"Sonora\"],\"inLanguage\":\"es\",\"potentialAction\":[{\"@type\":\"CommentAction\",\"name\":\"Comment\",\"target\":[\"https:\/\/www.sonoraenequipo.com.mx\/lleva-sedesson-programas-sociales-a-comunidades-del-sur-del-estado\/#respond\"]}]},{\"@type\":\"WebPage\",\"@id\":\"https:\/\/www.sonoraenequipo.com.mx\/lleva-sedesson-programas-sociales-a-comunidades-del-sur-del-estado\/\",\"url\":\"https:\/\/www.sonoraenequipo.com.mx\/lleva-sedesson-programas-sociales-a-comunidades-del-sur-del-estado\/\",\"name\":\"Sonora en Equipo. Lleva Sedesson programas sociales a comunidades del sur del estado Sonora\",\"isPartOf\":{\"@id\":\"https:\/\/www.sonoraenequipo.com.mx\/#website\"},\"primaryImageOfPage\":{\"@id\":\"https:\/\/www.sonoraenequipo.com.mx\/lleva-sedesson-programas-sociales-a-comunidades-del-sur-del-estado\/#primaryimage\"},\"image\":{\"@id\":\"https:\/\/www.sonoraenequipo.com.mx\/lleva-sedesson-programas-sociales-a-comunidades-del-sur-del-estado\/#primaryimage\"},\"thumbnailUrl\":\"https:\/\/www.sonoraenequipo.com.mx\/storage\/2022\/11\/sedesson-sur-edo.jpg\",\"datePublished\":\"2022-11-08T05:38:47+00:00\",\"description\":\"HERMOSILLO, SONORA,MX.\u2500\u2500 A trav\u00e9s de una labor interinstitucional de coordinaci\u00f3n entre diversos \u00f3rganos de los tres \u00f3rdenes de gobierno, la Secretar\u00eda de En Sonora en Equipo publicamos toda la informaci\u00f3n de Sonora, M\u00e9xico y el Mundo de manera oportuna y busca que la libertad de expresi\u00f3n sea real. Visita nuestro medio informativo publicado desde Hermosillo, Sonora. %\",\"breadcrumb\":{\"@id\":\"https:\/\/www.sonoraenequipo.com.mx\/lleva-sedesson-programas-sociales-a-comunidades-del-sur-del-estado\/#breadcrumb\"},\"inLanguage\":\"es\",\"potentialAction\":[{\"@type\":\"ReadAction\",\"target\":[\"https:\/\/www.sonoraenequipo.com.mx\/lleva-sedesson-programas-sociales-a-comunidades-del-sur-del-estado\/\"]}]},{\"@type\":\"ImageObject\",\"inLanguage\":\"es\",\"@id\":\"https:\/\/www.sonoraenequipo.com.mx\/lleva-sedesson-programas-sociales-a-comunidades-del-sur-del-estado\/#primaryimage\",\"url\":\"https:\/\/www.sonoraenequipo.com.mx\/storage\/2022\/11\/sedesson-sur-edo.jpg\",\"contentUrl\":\"https:\/\/www.sonoraenequipo.com.mx\/storage\/2022\/11\/sedesson-sur-edo.jpg\",\"width\":800,\"height\":533},{\"@type\":\"BreadcrumbList\",\"@id\":\"https:\/\/www.sonoraenequipo.com.mx\/lleva-sedesson-programas-sociales-a-comunidades-del-sur-del-estado\/#breadcrumb\",\"itemListElement\":[{\"@type\":\"ListItem\",\"position\":1,\"name\":\"Portada\",\"item\":\"https:\/\/www.sonoraenequipo.com.mx\/\"},{\"@type\":\"ListItem\",\"position\":2,\"name\":\"Lleva Sedesson programas sociales a comunidades del sur del estado\"}]},{\"@type\":\"WebSite\",\"@id\":\"https:\/\/www.sonoraenequipo.com.mx\/#website\",\"url\":\"https:\/\/www.sonoraenequipo.com.mx\/\",\"name\":\"Sonora en Equipo.\",\"description\":\"Diario en l\u00ednea con Noticias desde Hermosillo, Sonora\",\"publisher\":{\"@id\":\"https:\/\/www.sonoraenequipo.com.mx\/#organization\"},\"potentialAction\":[{\"@type\":\"SearchAction\",\"target\":{\"@type\":\"EntryPoint\",\"urlTemplate\":\"https:\/\/www.sonoraenequipo.com.mx\/?s={search_term_string}\"},\"query-input\":{\"@type\":\"PropertyValueSpecification\",\"valueRequired\":true,\"valueName\":\"search_term_string\"}}],\"inLanguage\":\"es\"},{\"@type\":\"Organization\",\"@id\":\"https:\/\/www.sonoraenequipo.com.mx\/#organization\",\"name\":\"Sonoraenequipo.com.mx\",\"url\":\"https:\/\/www.sonoraenequipo.com.mx\/\",\"logo\":{\"@type\":\"ImageObject\",\"inLanguage\":\"es\",\"@id\":\"https:\/\/www.sonoraenequipo.com.mx\/#\/schema\/logo\/image\/\",\"url\":\"https:\/\/www.sonoraenequipo.com.mx\/storage\/2019\/01\/sonoraenequipo_opt.png\",\"contentUrl\":\"https:\/\/www.sonoraenequipo.com.mx\/storage\/2019\/01\/sonoraenequipo_opt.png\",\"width\":375,\"height\":125,\"caption\":\"Sonoraenequipo.com.mx\"},\"image\":{\"@id\":\"https:\/\/www.sonoraenequipo.com.mx\/#\/schema\/logo\/image\/\"},\"sameAs\":[\"https:\/\/www.facebook.com\/SonoraEE\/\",\"https:\/\/x.com\/sonoraenequipo\",\"https:\/\/www.youtube.com\/channel\/UC338nW-lPEYmJQs4ZABQ1SQ\"]},{\"@type\":\"Person\",\"@id\":\"https:\/\/www.sonoraenequipo.com.mx\/#\/schema\/person\/50102df0fb23a8fa9e8effad8fa81386\",\"name\":\"enequipo\",\"image\":{\"@type\":\"ImageObject\",\"inLanguage\":\"es\",\"@id\":\"https:\/\/www.sonoraenequipo.com.mx\/#\/schema\/person\/image\/\",\"url\":\"https:\/\/secure.gravatar.com\/avatar\/049821681b589dabc0bc20695993ccebb09f5b5d4d790cd9251b97faac7c652b?s=96&d=blank&r=g\",\"contentUrl\":\"https:\/\/secure.gravatar.com\/avatar\/049821681b589dabc0bc20695993ccebb09f5b5d4d790cd9251b97faac7c652b?s=96&d=blank&r=g\",\"caption\":\"enequipo\"},\"sameAs\":[\"https:\/\/www.facebook.com\/SonoraEE\"]}]}<\/script>\n ","yoast_head_json":{"title":"Sonora en Equipo. Lleva Sedesson programas sociales a comunidades del sur del estado Sonora","description":"HERMOSILLO, SONORA,MX.\u2500\u2500 A trav\u00e9s de una labor interinstitucional de coordinaci\u00f3n entre diversos \u00f3rganos de los tres \u00f3rdenes de gobierno, la Secretar\u00eda de En Sonora en Equipo publicamos toda la informaci\u00f3n de Sonora, M\u00e9xico y el Mundo de manera oportuna y busca que la libertad de expresi\u00f3n sea real. Visita nuestro medio informativo publicado desde Hermosillo, Sonora. %","robots":{"index":"index","follow":"follow","max-snippet":"max-snippet:-1","max-image-preview":"max-image-preview:large","max-video-preview":"max-video-preview:-1"},"canonical":"https:\/\/www.sonoraenequipo.com.mx\/lleva-sedesson-programas-sociales-a-comunidades-del-sur-del-estado\/","og_locale":"es_ES","og_type":"article","og_title":"Sonora en Equipo. Lleva Sedesson programas sociales a comunidades del sur del estado Sonora","og_description":"HERMOSILLO, SONORA,MX.\u2500\u2500 A trav\u00e9s de una labor interinstitucional de coordinaci\u00f3n entre diversos \u00f3rganos de los tres \u00f3rdenes de gobierno, la Secretar\u00eda de En Sonora en Equipo publicamos toda la informaci\u00f3n de Sonora, M\u00e9xico y el Mundo de manera oportuna y busca que la libertad de expresi\u00f3n sea real. Visita nuestro medio informativo publicado desde Hermosillo, Sonora. %","og_url":"https:\/\/www.sonoraenequipo.com.mx\/lleva-sedesson-programas-sociales-a-comunidades-del-sur-del-estado\/","og_site_name":"Sonora en Equipo.","article_publisher":"https:\/\/www.facebook.com\/SonoraEE\/","article_author":"https:\/\/www.facebook.com\/SonoraEE","article_published_time":"2022-11-08T05:38:47+00:00","og_image":[{"width":800,"height":533,"url":"https:\/\/www.sonoraenequipo.com.mx\/storage\/2022\/11\/sedesson-sur-edo.jpg","type":"image\/jpeg"}],"author":"enequipo","twitter_card":"summary_large_image","twitter_creator":"@sonoraenequipo","twitter_site":"@sonoraenequipo","twitter_misc":{"Escrito por":"enequipo","Tiempo de lectura":"2 minutos"},"schema":{"@context":"https:\/\/schema.org","@graph":[{"@type":"Article","@id":"https:\/\/www.sonoraenequipo.com.mx\/lleva-sedesson-programas-sociales-a-comunidades-del-sur-del-estado\/#article","isPartOf":{"@id":"https:\/\/www.sonoraenequipo.com.mx\/lleva-sedesson-programas-sociales-a-comunidades-del-sur-del-estado\/"},"author":{"name":"enequipo","@id":"https:\/\/www.sonoraenequipo.com.mx\/#\/schema\/person\/50102df0fb23a8fa9e8effad8fa81386"},"headline":"Lleva Sedesson programas sociales a comunidades del sur del estado","datePublished":"2022-11-08T05:38:47+00:00","mainEntityOfPage":{"@id":"https:\/\/www.sonoraenequipo.com.mx\/lleva-sedesson-programas-sociales-a-comunidades-del-sur-del-estado\/"},"wordCount":452,"commentCount":0,"publisher":{"@id":"https:\/\/www.sonoraenequipo.com.mx\/#organization"},"image":{"@id":"https:\/\/www.sonoraenequipo.com.mx\/lleva-sedesson-programas-sociales-a-comunidades-del-sur-del-estado\/#primaryimage"},"thumbnailUrl":"https:\/\/www.sonoraenequipo.com.mx\/storage\/2022\/11\/sedesson-sur-edo.jpg","keywords":["Sedesson","Sonora","sur"],"articleSection":["Sonora"],"inLanguage":"es","potentialAction":[{"@type":"CommentAction","name":"Comment","target":["https:\/\/www.sonoraenequipo.com.mx\/lleva-sedesson-programas-sociales-a-comunidades-del-sur-del-estado\/#respond"]}]},{"@type":"WebPage","@id":"https:\/\/www.sonoraenequipo.com.mx\/lleva-sedesson-programas-sociales-a-comunidades-del-sur-del-estado\/","url":"https:\/\/www.sonoraenequipo.com.mx\/lleva-sedesson-programas-sociales-a-comunidades-del-sur-del-estado\/","name":"Sonora en Equipo. Lleva Sedesson programas sociales a comunidades del sur del estado Sonora","isPartOf":{"@id":"https:\/\/www.sonoraenequipo.com.mx\/#website"},"primaryImageOfPage":{"@id":"https:\/\/www.sonoraenequipo.com.mx\/lleva-sedesson-programas-sociales-a-comunidades-del-sur-del-estado\/#primaryimage"},"image":{"@id":"https:\/\/www.sonoraenequipo.com.mx\/lleva-sedesson-programas-sociales-a-comunidades-del-sur-del-estado\/#primaryimage"},"thumbnailUrl":"https:\/\/www.sonoraenequipo.com.mx\/storage\/2022\/11\/sedesson-sur-edo.jpg","datePublished":"2022-11-08T05:38:47+00:00","description":"HERMOSILLO, SONORA,MX.\u2500\u2500 A trav\u00e9s de una labor interinstitucional de coordinaci\u00f3n entre diversos \u00f3rganos de los tres \u00f3rdenes de gobierno, la Secretar\u00eda de En Sonora en Equipo publicamos toda la informaci\u00f3n de Sonora, M\u00e9xico y el Mundo de manera oportuna y busca que la libertad de expresi\u00f3n sea real. Visita nuestro medio informativo publicado desde Hermosillo, Sonora. %","breadcrumb":{"@id":"https:\/\/www.sonoraenequipo.com.mx\/lleva-sedesson-programas-sociales-a-comunidades-del-sur-del-estado\/#breadcrumb"},"inLanguage":"es","potentialAction":[{"@type":"ReadAction","target":["https:\/\/www.sonoraenequipo.com.mx\/lleva-sedesson-programas-sociales-a-comunidades-del-sur-del-estado\/"]}]},{"@type":"ImageObject","inLanguage":"es","@id":"https:\/\/www.sonoraenequipo.com.mx\/lleva-sedesson-programas-sociales-a-comunidades-del-sur-del-estado\/#primaryimage","url":"https:\/\/www.sonoraenequipo.com.mx\/storage\/2022\/11\/sedesson-sur-edo.jpg","contentUrl":"https:\/\/www.sonoraenequipo.com.mx\/storage\/2022\/11\/sedesson-sur-edo.jpg","width":800,"height":533},{"@type":"BreadcrumbList","@id":"https:\/\/www.sonoraenequipo.com.mx\/lleva-sedesson-programas-sociales-a-comunidades-del-sur-del-estado\/#breadcrumb","itemListElement":[{"@type":"ListItem","position":1,"name":"Portada","item":"https:\/\/www.sonoraenequipo.com.mx\/"},{"@type":"ListItem","position":2,"name":"Lleva Sedesson programas sociales a comunidades del sur del estado"}]},{"@type":"WebSite","@id":"https:\/\/www.sonoraenequipo.com.mx\/#website","url":"https:\/\/www.sonoraenequipo.com.mx\/","name":"Sonora en Equipo.","description":"Diario en l\u00ednea con Noticias desde Hermosillo, Sonora","publisher":{"@id":"https:\/\/www.sonoraenequipo.com.mx\/#organization"},"potentialAction":[{"@type":"SearchAction","target":{"@type":"EntryPoint","urlTemplate":"https:\/\/www.sonoraenequipo.com.mx\/?s={search_term_string}"},"query-input":{"@type":"PropertyValueSpecification","valueRequired":true,"valueName":"search_term_string"}}],"inLanguage":"es"},{"@type":"Organization","@id":"https:\/\/www.sonoraenequipo.com.mx\/#organization","name":"Sonoraenequipo.com.mx","url":"https:\/\/www.sonoraenequipo.com.mx\/","logo":{"@type":"ImageObject","inLanguage":"es","@id":"https:\/\/www.sonoraenequipo.com.mx\/#\/schema\/logo\/image\/","url":"https:\/\/www.sonoraenequipo.com.mx\/storage\/2019\/01\/sonoraenequipo_opt.png","contentUrl":"https:\/\/www.sonoraenequipo.com.mx\/storage\/2019\/01\/sonoraenequipo_opt.png","width":375,"height":125,"caption":"Sonoraenequipo.com.mx"},"image":{"@id":"https:\/\/www.sonoraenequipo.com.mx\/#\/schema\/logo\/image\/"},"sameAs":["https:\/\/www.facebook.com\/SonoraEE\/","https:\/\/x.com\/sonoraenequipo","https:\/\/www.youtube.com\/channel\/UC338nW-lPEYmJQs4ZABQ1SQ"]},{"@type":"Person","@id":"https:\/\/www.sonoraenequipo.com.mx\/#\/schema\/person\/50102df0fb23a8fa9e8effad8fa81386","name":"enequipo","image":{"@type":"ImageObject","inLanguage":"es","@id":"https:\/\/www.sonoraenequipo.com.mx\/#\/schema\/person\/image\/","url":"https:\/\/secure.gravatar.com\/avatar\/049821681b589dabc0bc20695993ccebb09f5b5d4d790cd9251b97faac7c652b?s=96&d=blank&r=g","contentUrl":"https:\/\/secure.gravatar.com\/avatar\/049821681b589dabc0bc20695993ccebb09f5b5d4d790cd9251b97faac7c652b?s=96&d=blank&r=g","caption":"enequipo"},"sameAs":["https:\/\/www.facebook.com\/SonoraEE"]}]}},"jetpack_featured_media_url":"https:\/\/www.sonoraenequipo.com.mx\/storage\/2022\/11\/sedesson-sur-edo.jpg","_links":{"self":[{"href":"https:\/\/www.sonoraenequipo.com.mx\/api\/wp\/v2\/posts\/151402","targetHints":{"allow":["GET"]}}],"collection":[{"href":"https:\/\/www.sonoraenequipo.com.mx\/api\/wp\/v2\/posts"}],"about":[{"href":"https:\/\/www.sonoraenequipo.com.mx\/api\/wp\/v2\/types\/post"}],"author":[{"embeddable":true,"href":"https:\/\/www.sonoraenequipo.com.mx\/api\/wp\/v2\/users\/1"}],"replies":[{"embeddable":true,"href":"https:\/\/www.sonoraenequipo.com.mx\/api\/wp\/v2\/comments?post=151402"}],"version-history":[{"count":1,"href":"https:\/\/www.sonoraenequipo.com.mx\/api\/wp\/v2\/posts\/151402\/revisions"}],"predecessor-version":[{"id":151404,"href":"https:\/\/www.sonoraenequipo.com.mx\/api\/wp\/v2\/posts\/151402\/revisions\/151404"}],"wp:featuredmedia":[{"embeddable":true,"href":"https:\/\/www.sonoraenequipo.com.mx\/api\/wp\/v2\/media\/151403"}],"wp:attachment":[{"href":"https:\/\/www.sonoraenequipo.com.mx\/api\/wp\/v2\/media?parent=151402"}],"wp:term":[{"taxonomy":"category","embeddable":true,"href":"https:\/\/www.sonoraenequipo.com.mx\/api\/wp\/v2\/categories?post=151402"},{"taxonomy":"post_tag","embeddable":true,"href":"https:\/\/www.sonoraenequipo.com.mx\/api\/wp\/v2\/tags?post=151402"}],"curies":[{"name":"wp","href":"https:\/\/api.w.org\/{rel}","templated":true}]}}